{"id":68408,"date":"2025-06-03T22:19:31","date_gmt":"2025-06-03T21:19:31","guid":{"rendered":"https:\/\/lasentinelle.dz\/?p=68408"},"modified":"2025-06-03T22:19:31","modified_gmt":"2025-06-03T21:19:31","slug":"dernier-jour-des-epreuves-du-bem-deux-fraudeurs-mis-en-detention","status":"publish","type":"post","link":"https:\/\/lasentinelle.dz\/index.php\/2025\/06\/03\/dernier-jour-des-epreuves-du-bem-deux-fraudeurs-mis-en-detention\/","title":{"rendered":"Dernier jour des \u00e9preuves du BEM : Deux fraudeurs mis en d\u00e9tention"},"content":{"rendered":"\n<p>Les mesures de lutte contre la fraude aux examens nationaux ont \u00e9t\u00e9 renforc\u00e9es. Dans ce sens, le tribunal de Merouana dans la wilaya de Batna a plac\u00e9 deux individus en d\u00e9tention provisoire pour avoir tent\u00e9 de porter atteinte \u00e0 l&rsquo;int\u00e9grit\u00e9 des \u00e9preuves du Brevet d&rsquo;enseignement moyen. Cette d\u00e9cision judiciaire t\u00e9moigne de la fermet\u00e9 des autorit\u00e9s face aux tentatives de d\u00e9tournement des examens officiels qui constituent un pilier du syst\u00e8me \u00e9ducatif national. \u00ab\u00a0Conform\u00e9ment aux dispositions de l&rsquo;article 11 du Code de proc\u00e9dure p\u00e9nale, le procureur de la R\u00e9publique pr\u00e8s le tribunal de Merouana informe l&rsquo;opinion publique que dans le cadre de la lutte contre les crimes portant atteinte \u00e0 l&rsquo;int\u00e9grit\u00e9 des examens, un candidat r\u00e9pondant aux initiales R.A.O a \u00e9t\u00e9 pris en flagrant d\u00e9lit de fraude, en date du 1 juin 2025, lorsqu&rsquo;il passait l&rsquo;\u00e9preuve de la langue arabe \u00e0 l&rsquo;examen du BEM, en utilisant une oreillette Bluetooth et une carte \u00e9lectronique dot\u00e9e d&rsquo;une puce SIM, avec l&rsquo;aide du d\u00e9nomm\u00e9 T.S, afin de lui fournir \u00e0 distance les r\u00e9ponses aux questions pos\u00e9es\u00a0\u00bb, pr\u00e9cise le communiqu\u00e9 officiel du procureur. Cette affaire r\u00e9v\u00e8le la sophistication croissante des moyens utilis\u00e9s par les fraudeurs pour contourner les dispositifs de surveillance mis en place lors des examens nationaux. L&rsquo;utilisation d&rsquo;une oreillette Bluetooth coupl\u00e9e \u00e0 une carte \u00e9lectronique \u00e9quip\u00e9e d&rsquo;une puce SIM d\u00e9montre une pr\u00e9m\u00e9ditation certaine et une organisation m\u00e9thodique visant \u00e0 compromettre l&rsquo;\u00e9quit\u00e9 des \u00e9preuves. Le procureur a poursuivi son expos\u00e9 des faits en pr\u00e9cisant que \u00ab\u00a0en date du 2 juin, les suspects ont \u00e9t\u00e9 pr\u00e9sent\u00e9s et poursuivis pour d\u00e9lit d&rsquo;atteinte \u00e0 l&rsquo;int\u00e9grit\u00e9 des examens, en tentant de faire fuiter les sujets pendant les \u00e9preuves de l&rsquo;examen du BEM \u00e0 l&rsquo;aide de moyens de communication \u00e0 distance, puis ils ont \u00e9t\u00e9 d\u00e9f\u00e9r\u00e9s devant le tribunal conform\u00e9ment \u00e0 la proc\u00e9dure de comparution imm\u00e9diate\u00a0\u00bb. La tentative de fuite des sujets d&rsquo;examen constitue un d\u00e9lit particuli\u00e8rement grave car elle peut compromettre l&rsquo;ensemble du processus d&rsquo;\u00e9valuation et n\u00e9cessiter la reprogrammation des \u00e9preuves, causant ainsi un pr\u00e9judice consid\u00e9rable \u00e0 tous les autres candidats honn\u00eates. \u00ab\u00a0Apr\u00e8s leur comparution devant le juge, ce dernier a ordonn\u00e9 l&rsquo;ajournement de l&rsquo;affaire au 9 juin 2025, \u00e0 la demande du premier accus\u00e9 afin qu&rsquo;il puisse pr\u00e9parer sa d\u00e9fense, ainsi que le placement des deux mis en cause en d\u00e9tention provisoire\u00a0\u00bb, conclut le communiqu\u00e9 du procureur. Cette d\u00e9cision de placement en d\u00e9tention provisoire t\u00e9moigne de la s\u00e9v\u00e9rit\u00e9 avec laquelle la justice traite d\u00e9sormais les tentatives de fraude aux examens nationaux, consid\u00e9r\u00e9es comme des atteintes graves \u00e0 l&rsquo;int\u00e9grit\u00e9 du syst\u00e8me \u00e9ducatif. Cette affaire intervient alors que les candidats au BEM ont achev\u00e9 mardi l&rsquo;examen avec le troisi\u00e8me et dernier jour d&rsquo;\u00e9preuves \u00e0 travers l&rsquo;ensemble des wilayas du pays. Au programme de cette derni\u00e8re journ\u00e9e figuraient les \u00e9preuves de fran\u00e7ais et de sciences naturelles le matin, tandis que l&rsquo;apr\u00e8s-midi sera consacr\u00e9 \u00e0 l&rsquo;\u00e9preuve optionnelle de langue amazighe.<\/p>\n\n\n\n<p>Lyna Larbi<\/p>\n","protected":false},"excerpt":{"rendered":"<p>Les mesures de lutte contre la fraude aux examens nationaux ont \u00e9t\u00e9 renforc\u00e9es. Dans ce sens, le tribunal de Merouana<\/p>\n","protected":false},"author":6,"featured_media":54967,"comment_status":"open","ping_status":"closed","sticky":false,"template":"","format":"standard","meta":{"colormag_page_container_layout":"default_layout","colormag_page_sidebar_layout":"default_layout","om_disable_all_campaigns":false,"_monsterinsights_skip_tracking":false,"_monsterinsights_sitenote_active":false,"_monsterinsights_sitenote_note":"","_monsterinsights_sitenote_category":0,"footnotes":"","_wpscppro_dont_share_socialmedia":false,"_wpscppro_custom_social_share_image":0,"_facebook_share_type":"default","_twitter_share_type":"default","_linkedin_share_type":"default","_pinterest_share_type":"default","_linkedin_share_type_page":"","_instagram_share_type":"default","_medium_share_type":"default","_threads_share_type":"","_google_business_share_type":"","_selected_social_profile":[],"_wpsp_enable_custom_social_template":false,"_wpsp_social_scheduling":{"enabled":false,"datetime":null,"platforms":[],"status":"template_only","dateOption":"today","timeOption":"now","customDays":"","customHours":"","customDate":"","customTime":"","schedulingType":"absolute"},"_wpsp_active_default_template":true},"categories":[27],"tags":[],"class_list":["post-68408","post","type-post","status-publish","format-standard","has-post-thumbnail","hentry","category-actualite"],"aioseo_notices":[],"yoast_head":"<!-- This site is optimized with the Yoast SEO plugin v27.5 - https:\/\/yoast.com\/product\/yoast-seo-wordpress\/ -->\n<title>Dernier jour des \u00e9preuves du BEM : Deux fraudeurs mis en d\u00e9tention - La Sentinelle<\/title>\n<meta name=\"robots\" content=\"index, follow, max-snippet:-1, max-image-preview:large, max-video-preview:-1\" \/>\n<link rel=\"canonical\" href=\"https:\/\/lasentinelle.dz\/index.php\/2025\/06\/03\/dernier-jour-des-epreuves-du-bem-deux-fraudeurs-mis-en-detention\/\" \/>\n<meta property=\"og:locale\" content=\"fr_FR\" \/>\n<meta property=\"og:type\" content=\"article\" \/>\n<meta property=\"og:title\" content=\"Dernier jour des \u00e9preuves du BEM : Deux fraudeurs mis en d\u00e9tention - La Sentinelle\" \/>\n<meta property=\"og:description\" content=\"Les mesures de lutte contre la fraude aux examens nationaux ont \u00e9t\u00e9 renforc\u00e9es. Dans ce sens, le tribunal de Merouana\" \/>\n<meta property=\"og:url\" content=\"https:\/\/lasentinelle.dz\/index.php\/2025\/06\/03\/dernier-jour-des-epreuves-du-bem-deux-fraudeurs-mis-en-detention\/\" \/>\n<meta property=\"og:site_name\" content=\"La Sentinelle\" \/>\n<meta property=\"article:publisher\" content=\"https:\/\/www.facebook.com\/La-Sentinelle-104059864394773\" \/>\n<meta property=\"article:published_time\" content=\"2025-06-03T21:19:31+00:00\" \/>\n<meta property=\"og:image\" content=\"https:\/\/lasentinelle.dz\/wp-content\/uploads\/2024\/07\/justice.jpg\" \/>\n\t<meta property=\"og:image:width\" content=\"1023\" \/>\n\t<meta property=\"og:image:height\" content=\"583\" \/>\n\t<meta property=\"og:image:type\" content=\"image\/jpeg\" \/>\n<meta name=\"author\" content=\"admin\" \/>\n<meta name=\"twitter:card\" content=\"summary_large_image\" \/>\n<meta name=\"twitter:label1\" content=\"\u00c9crit par\" \/>\n\t<meta name=\"twitter:data1\" content=\"admin\" \/>\n\t<meta name=\"twitter:label2\" content=\"Dur\u00e9e de lecture estim\u00e9e\" \/>\n\t<meta name=\"twitter:data2\" content=\"3 minutes\" \/>\n<script type=\"application\/ld+json\" class=\"yoast-schema-graph\">{\"@context\":\"https:\\\/\\\/schema.org\",\"@graph\":[{\"@type\":\"Article\",\"@id\":\"https:\\\/\\\/lasentinelle.dz\\\/index.php\\\/2025\\\/06\\\/03\\\/dernier-jour-des-epreuves-du-bem-deux-fraudeurs-mis-en-detention\\\/#article\",\"isPartOf\":{\"@id\":\"https:\\\/\\\/lasentinelle.dz\\\/index.php\\\/2025\\\/06\\\/03\\\/dernier-jour-des-epreuves-du-bem-deux-fraudeurs-mis-en-detention\\\/\"},\"author\":{\"name\":\"admin\",\"@id\":\"https:\\\/\\\/lasentinelle.dz\\\/#\\\/schema\\\/person\\\/729ee0024f24e0b8c5ec17232f8e8b41\"},\"headline\":\"Dernier jour des \u00e9preuves du BEM : Deux fraudeurs mis en d\u00e9tention\",\"datePublished\":\"2025-06-03T21:19:31+00:00\",\"mainEntityOfPage\":{\"@id\":\"https:\\\/\\\/lasentinelle.dz\\\/index.php\\\/2025\\\/06\\\/03\\\/dernier-jour-des-epreuves-du-bem-deux-fraudeurs-mis-en-detention\\\/\"},\"wordCount\":560,\"commentCount\":0,\"publisher\":{\"@id\":\"https:\\\/\\\/lasentinelle.dz\\\/#organization\"},\"image\":{\"@id\":\"https:\\\/\\\/lasentinelle.dz\\\/index.php\\\/2025\\\/06\\\/03\\\/dernier-jour-des-epreuves-du-bem-deux-fraudeurs-mis-en-detention\\\/#primaryimage\"},\"thumbnailUrl\":\"https:\\\/\\\/lasentinelle.dz\\\/wp-content\\\/uploads\\\/2024\\\/07\\\/justice.jpg\",\"articleSection\":[\"Actualit\u00e9\"],\"inLanguage\":\"fr-FR\",\"potentialAction\":[{\"@type\":\"CommentAction\",\"name\":\"Comment\",\"target\":[\"https:\\\/\\\/lasentinelle.dz\\\/index.php\\\/2025\\\/06\\\/03\\\/dernier-jour-des-epreuves-du-bem-deux-fraudeurs-mis-en-detention\\\/#respond\"]}]},{\"@type\":\"WebPage\",\"@id\":\"https:\\\/\\\/lasentinelle.dz\\\/index.php\\\/2025\\\/06\\\/03\\\/dernier-jour-des-epreuves-du-bem-deux-fraudeurs-mis-en-detention\\\/\",\"url\":\"https:\\\/\\\/lasentinelle.dz\\\/index.php\\\/2025\\\/06\\\/03\\\/dernier-jour-des-epreuves-du-bem-deux-fraudeurs-mis-en-detention\\\/\",\"name\":\"Dernier jour des \u00e9preuves du BEM : Deux fraudeurs mis en d\u00e9tention - La Sentinelle\",\"isPartOf\":{\"@id\":\"https:\\\/\\\/lasentinelle.dz\\\/#website\"},\"primaryImageOfPage\":{\"@id\":\"https:\\\/\\\/lasentinelle.dz\\\/index.php\\\/2025\\\/06\\\/03\\\/dernier-jour-des-epreuves-du-bem-deux-fraudeurs-mis-en-detention\\\/#primaryimage\"},\"image\":{\"@id\":\"https:\\\/\\\/lasentinelle.dz\\\/index.php\\\/2025\\\/06\\\/03\\\/dernier-jour-des-epreuves-du-bem-deux-fraudeurs-mis-en-detention\\\/#primaryimage\"},\"thumbnailUrl\":\"https:\\\/\\\/lasentinelle.dz\\\/wp-content\\\/uploads\\\/2024\\\/07\\\/justice.jpg\",\"datePublished\":\"2025-06-03T21:19:31+00:00\",\"breadcrumb\":{\"@id\":\"https:\\\/\\\/lasentinelle.dz\\\/index.php\\\/2025\\\/06\\\/03\\\/dernier-jour-des-epreuves-du-bem-deux-fraudeurs-mis-en-detention\\\/#breadcrumb\"},\"inLanguage\":\"fr-FR\",\"potentialAction\":[{\"@type\":\"ReadAction\",\"target\":[\"https:\\\/\\\/lasentinelle.dz\\\/index.php\\\/2025\\\/06\\\/03\\\/dernier-jour-des-epreuves-du-bem-deux-fraudeurs-mis-en-detention\\\/\"]}]},{\"@type\":\"ImageObject\",\"inLanguage\":\"fr-FR\",\"@id\":\"https:\\\/\\\/lasentinelle.dz\\\/index.php\\\/2025\\\/06\\\/03\\\/dernier-jour-des-epreuves-du-bem-deux-fraudeurs-mis-en-detention\\\/#primaryimage\",\"url\":\"https:\\\/\\\/lasentinelle.dz\\\/wp-content\\\/uploads\\\/2024\\\/07\\\/justice.jpg\",\"contentUrl\":\"https:\\\/\\\/lasentinelle.dz\\\/wp-content\\\/uploads\\\/2024\\\/07\\\/justice.jpg\",\"width\":1023,\"height\":583},{\"@type\":\"BreadcrumbList\",\"@id\":\"https:\\\/\\\/lasentinelle.dz\\\/index.php\\\/2025\\\/06\\\/03\\\/dernier-jour-des-epreuves-du-bem-deux-fraudeurs-mis-en-detention\\\/#breadcrumb\",\"itemListElement\":[{\"@type\":\"ListItem\",\"position\":1,\"name\":\"Accueil\",\"item\":\"https:\\\/\\\/lasentinelle.dz\\\/\"},{\"@type\":\"ListItem\",\"position\":2,\"name\":\"Dernier jour des \u00e9preuves du BEM : Deux fraudeurs mis en d\u00e9tention\"}]},{\"@type\":\"WebSite\",\"@id\":\"https:\\\/\\\/lasentinelle.dz\\\/#website\",\"url\":\"https:\\\/\\\/lasentinelle.dz\\\/\",\"name\":\"La Sentinelle\",\"description\":\"Quotidien national d&#039;information\",\"publisher\":{\"@id\":\"https:\\\/\\\/lasentinelle.dz\\\/#organization\"},\"potentialAction\":[{\"@type\":\"SearchAction\",\"target\":{\"@type\":\"EntryPoint\",\"urlTemplate\":\"https:\\\/\\\/lasentinelle.dz\\\/?s={search_term_string}\"},\"query-input\":{\"@type\":\"PropertyValueSpecification\",\"valueRequired\":true,\"valueName\":\"search_term_string\"}}],\"inLanguage\":\"fr-FR\"},{\"@type\":\"Organization\",\"@id\":\"https:\\\/\\\/lasentinelle.dz\\\/#organization\",\"name\":\"Quotidien La Sentinelle\",\"url\":\"https:\\\/\\\/lasentinelle.dz\\\/\",\"logo\":{\"@type\":\"ImageObject\",\"inLanguage\":\"fr-FR\",\"@id\":\"https:\\\/\\\/lasentinelle.dz\\\/#\\\/schema\\\/logo\\\/image\\\/\",\"url\":\"https:\\\/\\\/lasentinelle.dz\\\/wp-content\\\/uploads\\\/2021\\\/09\\\/logo-sentinelleSLOGAN-1.png\",\"contentUrl\":\"https:\\\/\\\/lasentinelle.dz\\\/wp-content\\\/uploads\\\/2021\\\/09\\\/logo-sentinelleSLOGAN-1.png\",\"width\":615,\"height\":142,\"caption\":\"Quotidien La Sentinelle\"},\"image\":{\"@id\":\"https:\\\/\\\/lasentinelle.dz\\\/#\\\/schema\\\/logo\\\/image\\\/\"},\"sameAs\":[\"https:\\\/\\\/www.facebook.com\\\/La-Sentinelle-104059864394773\"]},{\"@type\":\"Person\",\"@id\":\"https:\\\/\\\/lasentinelle.dz\\\/#\\\/schema\\\/person\\\/729ee0024f24e0b8c5ec17232f8e8b41\",\"name\":\"admin\",\"image\":{\"@type\":\"ImageObject\",\"inLanguage\":\"fr-FR\",\"@id\":\"https:\\\/\\\/secure.gravatar.com\\\/avatar\\\/4c81fed838786e9b53f540bf46533e750f5d292099ae3b66cfc6fb1982e29df7?s=96&d=mm&r=g\",\"url\":\"https:\\\/\\\/secure.gravatar.com\\\/avatar\\\/4c81fed838786e9b53f540bf46533e750f5d292099ae3b66cfc6fb1982e29df7?s=96&d=mm&r=g\",\"contentUrl\":\"https:\\\/\\\/secure.gravatar.com\\\/avatar\\\/4c81fed838786e9b53f540bf46533e750f5d292099ae3b66cfc6fb1982e29df7?s=96&d=mm&r=g\",\"caption\":\"admin\"},\"description\":\"admin\",\"url\":\"https:\\\/\\\/lasentinelle.dz\\\/author\\\/admin\\\/\"}]}<\/script>\n<!-- \/ Yoast SEO plugin. -->","yoast_head_json":{"title":"Dernier jour des \u00e9preuves du BEM : Deux fraudeurs mis en d\u00e9tention - La Sentinelle","robots":{"index":"index","follow":"follow","max-snippet":"max-snippet:-1","max-image-preview":"max-image-preview:large","max-video-preview":"max-video-preview:-1"},"canonical":"https:\/\/lasentinelle.dz\/index.php\/2025\/06\/03\/dernier-jour-des-epreuves-du-bem-deux-fraudeurs-mis-en-detention\/","og_locale":"fr_FR","og_type":"article","og_title":"Dernier jour des \u00e9preuves du BEM : Deux fraudeurs mis en d\u00e9tention - La Sentinelle","og_description":"Les mesures de lutte contre la fraude aux examens nationaux ont \u00e9t\u00e9 renforc\u00e9es. Dans ce sens, le tribunal de Merouana","og_url":"https:\/\/lasentinelle.dz\/index.php\/2025\/06\/03\/dernier-jour-des-epreuves-du-bem-deux-fraudeurs-mis-en-detention\/","og_site_name":"La Sentinelle","article_publisher":"https:\/\/www.facebook.com\/La-Sentinelle-104059864394773","article_published_time":"2025-06-03T21:19:31+00:00","og_image":[{"width":1023,"height":583,"url":"https:\/\/lasentinelle.dz\/wp-content\/uploads\/2024\/07\/justice.jpg","type":"image\/jpeg"}],"author":"admin","twitter_card":"summary_large_image","twitter_misc":{"\u00c9crit par":"admin","Dur\u00e9e de lecture estim\u00e9e":"3 minutes"},"schema":{"@context":"https:\/\/schema.org","@graph":[{"@type":"Article","@id":"https:\/\/lasentinelle.dz\/index.php\/2025\/06\/03\/dernier-jour-des-epreuves-du-bem-deux-fraudeurs-mis-en-detention\/#article","isPartOf":{"@id":"https:\/\/lasentinelle.dz\/index.php\/2025\/06\/03\/dernier-jour-des-epreuves-du-bem-deux-fraudeurs-mis-en-detention\/"},"author":{"name":"admin","@id":"https:\/\/lasentinelle.dz\/#\/schema\/person\/729ee0024f24e0b8c5ec17232f8e8b41"},"headline":"Dernier jour des \u00e9preuves du BEM : Deux fraudeurs mis en d\u00e9tention","datePublished":"2025-06-03T21:19:31+00:00","mainEntityOfPage":{"@id":"https:\/\/lasentinelle.dz\/index.php\/2025\/06\/03\/dernier-jour-des-epreuves-du-bem-deux-fraudeurs-mis-en-detention\/"},"wordCount":560,"commentCount":0,"publisher":{"@id":"https:\/\/lasentinelle.dz\/#organization"},"image":{"@id":"https:\/\/lasentinelle.dz\/index.php\/2025\/06\/03\/dernier-jour-des-epreuves-du-bem-deux-fraudeurs-mis-en-detention\/#primaryimage"},"thumbnailUrl":"https:\/\/lasentinelle.dz\/wp-content\/uploads\/2024\/07\/justice.jpg","articleSection":["Actualit\u00e9"],"inLanguage":"fr-FR","potentialAction":[{"@type":"CommentAction","name":"Comment","target":["https:\/\/lasentinelle.dz\/index.php\/2025\/06\/03\/dernier-jour-des-epreuves-du-bem-deux-fraudeurs-mis-en-detention\/#respond"]}]},{"@type":"WebPage","@id":"https:\/\/lasentinelle.dz\/index.php\/2025\/06\/03\/dernier-jour-des-epreuves-du-bem-deux-fraudeurs-mis-en-detention\/","url":"https:\/\/lasentinelle.dz\/index.php\/2025\/06\/03\/dernier-jour-des-epreuves-du-bem-deux-fraudeurs-mis-en-detention\/","name":"Dernier jour des \u00e9preuves du BEM : Deux fraudeurs mis en d\u00e9tention - La Sentinelle","isPartOf":{"@id":"https:\/\/lasentinelle.dz\/#website"},"primaryImageOfPage":{"@id":"https:\/\/lasentinelle.dz\/index.php\/2025\/06\/03\/dernier-jour-des-epreuves-du-bem-deux-fraudeurs-mis-en-detention\/#primaryimage"},"image":{"@id":"https:\/\/lasentinelle.dz\/index.php\/2025\/06\/03\/dernier-jour-des-epreuves-du-bem-deux-fraudeurs-mis-en-detention\/#primaryimage"},"thumbnailUrl":"https:\/\/lasentinelle.dz\/wp-content\/uploads\/2024\/07\/justice.jpg","datePublished":"2025-06-03T21:19:31+00:00","breadcrumb":{"@id":"https:\/\/lasentinelle.dz\/index.php\/2025\/06\/03\/dernier-jour-des-epreuves-du-bem-deux-fraudeurs-mis-en-detention\/#breadcrumb"},"inLanguage":"fr-FR","potentialAction":[{"@type":"ReadAction","target":["https:\/\/lasentinelle.dz\/index.php\/2025\/06\/03\/dernier-jour-des-epreuves-du-bem-deux-fraudeurs-mis-en-detention\/"]}]},{"@type":"ImageObject","inLanguage":"fr-FR","@id":"https:\/\/lasentinelle.dz\/index.php\/2025\/06\/03\/dernier-jour-des-epreuves-du-bem-deux-fraudeurs-mis-en-detention\/#primaryimage","url":"https:\/\/lasentinelle.dz\/wp-content\/uploads\/2024\/07\/justice.jpg","contentUrl":"https:\/\/lasentinelle.dz\/wp-content\/uploads\/2024\/07\/justice.jpg","width":1023,"height":583},{"@type":"BreadcrumbList","@id":"https:\/\/lasentinelle.dz\/index.php\/2025\/06\/03\/dernier-jour-des-epreuves-du-bem-deux-fraudeurs-mis-en-detention\/#breadcrumb","itemListElement":[{"@type":"ListItem","position":1,"name":"Accueil","item":"https:\/\/lasentinelle.dz\/"},{"@type":"ListItem","position":2,"name":"Dernier jour des \u00e9preuves du BEM : Deux fraudeurs mis en d\u00e9tention"}]},{"@type":"WebSite","@id":"https:\/\/lasentinelle.dz\/#website","url":"https:\/\/lasentinelle.dz\/","name":"La Sentinelle","description":"Quotidien national d&#039;information","publisher":{"@id":"https:\/\/lasentinelle.dz\/#organization"},"potentialAction":[{"@type":"SearchAction","target":{"@type":"EntryPoint","urlTemplate":"https:\/\/lasentinelle.dz\/?s={search_term_string}"},"query-input":{"@type":"PropertyValueSpecification","valueRequired":true,"valueName":"search_term_string"}}],"inLanguage":"fr-FR"},{"@type":"Organization","@id":"https:\/\/lasentinelle.dz\/#organization","name":"Quotidien La Sentinelle","url":"https:\/\/lasentinelle.dz\/","logo":{"@type":"ImageObject","inLanguage":"fr-FR","@id":"https:\/\/lasentinelle.dz\/#\/schema\/logo\/image\/","url":"https:\/\/lasentinelle.dz\/wp-content\/uploads\/2021\/09\/logo-sentinelleSLOGAN-1.png","contentUrl":"https:\/\/lasentinelle.dz\/wp-content\/uploads\/2021\/09\/logo-sentinelleSLOGAN-1.png","width":615,"height":142,"caption":"Quotidien La Sentinelle"},"image":{"@id":"https:\/\/lasentinelle.dz\/#\/schema\/logo\/image\/"},"sameAs":["https:\/\/www.facebook.com\/La-Sentinelle-104059864394773"]},{"@type":"Person","@id":"https:\/\/lasentinelle.dz\/#\/schema\/person\/729ee0024f24e0b8c5ec17232f8e8b41","name":"admin","image":{"@type":"ImageObject","inLanguage":"fr-FR","@id":"https:\/\/secure.gravatar.com\/avatar\/4c81fed838786e9b53f540bf46533e750f5d292099ae3b66cfc6fb1982e29df7?s=96&d=mm&r=g","url":"https:\/\/secure.gravatar.com\/avatar\/4c81fed838786e9b53f540bf46533e750f5d292099ae3b66cfc6fb1982e29df7?s=96&d=mm&r=g","contentUrl":"https:\/\/secure.gravatar.com\/avatar\/4c81fed838786e9b53f540bf46533e750f5d292099ae3b66cfc6fb1982e29df7?s=96&d=mm&r=g","caption":"admin"},"description":"admin","url":"https:\/\/lasentinelle.dz\/author\/admin\/"}]}},"_links":{"self":[{"href":"https:\/\/lasentinelle.dz\/index.php\/wp-json\/wp\/v2\/posts\/68408","targetHints":{"allow":["GET"]}}],"collection":[{"href":"https:\/\/lasentinelle.dz\/index.php\/wp-json\/wp\/v2\/posts"}],"about":[{"href":"https:\/\/lasentinelle.dz\/index.php\/wp-json\/wp\/v2\/types\/post"}],"author":[{"embeddable":true,"href":"https:\/\/lasentinelle.dz\/index.php\/wp-json\/wp\/v2\/users\/6"}],"replies":[{"embeddable":true,"href":"https:\/\/lasentinelle.dz\/index.php\/wp-json\/wp\/v2\/comments?post=68408"}],"version-history":[{"count":1,"href":"https:\/\/lasentinelle.dz\/index.php\/wp-json\/wp\/v2\/posts\/68408\/revisions"}],"predecessor-version":[{"id":68409,"href":"https:\/\/lasentinelle.dz\/index.php\/wp-json\/wp\/v2\/posts\/68408\/revisions\/68409"}],"wp:featuredmedia":[{"embeddable":true,"href":"https:\/\/lasentinelle.dz\/index.php\/wp-json\/wp\/v2\/media\/54967"}],"wp:attachment":[{"href":"https:\/\/lasentinelle.dz\/index.php\/wp-json\/wp\/v2\/media?parent=68408"}],"wp:term":[{"taxonomy":"category","embeddable":true,"href":"https:\/\/lasentinelle.dz\/index.php\/wp-json\/wp\/v2\/categories?post=68408"},{"taxonomy":"post_tag","embeddable":true,"href":"https:\/\/lasentinelle.dz\/index.php\/wp-json\/wp\/v2\/tags?post=68408"}],"curies":[{"name":"wp","href":"https:\/\/api.w.org\/{rel}","templated":true}]}}