{"id":68415,"date":"2025-06-03T22:22:37","date_gmt":"2025-06-03T21:22:37","guid":{"rendered":"https:\/\/lasentinelle.dz\/?p=68415"},"modified":"2025-06-03T22:22:37","modified_gmt":"2025-06-03T21:22:37","slug":"transferts-manchester-city-passe-a-loffensive-pour-ait-nouri","status":"publish","type":"post","link":"https:\/\/lasentinelle.dz\/index.php\/2025\/06\/03\/transferts-manchester-city-passe-a-loffensive-pour-ait-nouri\/","title":{"rendered":"Transferts: Manchester City passe \u00e0 l&rsquo;offensive pour A\u00eft Nouri"},"content":{"rendered":"\n<p>Le mercato estival s&rsquo;annonce bouillant du c\u00f4t\u00e9 de l&rsquo;Etihad Stadium ! Manchester City, qui a termin\u00e9 troisi\u00e8me de Premier League cette saison, vient d&rsquo;enclencher la vitesse sup\u00e9rieure pour s&rsquo;offrir l&rsquo;un des joyaux du championnat anglais en la personne de Rayan A\u00eft-Nouri. Le lat\u00e9ral gauche alg\u00e9rien de Wolverhampton fait tourner les t\u00eates chez les Skyblues et Pep Guardiola semble avoir flash\u00e9 sur le profil du d\u00e9fenseur de 23 ans. Selon les informations r\u00e9v\u00e9l\u00e9es par Foot Mercato, les dirigeants mancuniens ont officiellement entam\u00e9 les discussions avec les Wolves et l&rsquo;entourage du joueur pour tenter de boucler ce transfert qui pourrait faire sensation. V\u00e9ritable pilier de Wolverhampton avec pas moins de 157 matches disput\u00e9s sous le maillot dor\u00e9 et noir, A\u00eft-Nouri n&rsquo;\u00e9tait pourtant pas consid\u00e9r\u00e9 comme un \u00e9l\u00e9ment sur le d\u00e9part par sa direction. Mais quand Pep Guardiola vous met dans son viseur, difficile de r\u00e9sister aux sir\u00e8nes de l&rsquo;un des clubs les plus prestigieux au monde ! L&rsquo;entra\u00eeneur catalan, r\u00e9put\u00e9 pour son \u0153il aff\u00fbt\u00e9 dans le recrutement de jeunes talents, aurait \u00e9t\u00e9 s\u00e9duit par les qualit\u00e9s techniques et athl\u00e9tiques de l&rsquo;international alg\u00e9rien. Et pour cause, les statistiques de la saison \u00e9coul\u00e9e plaident largement en faveur du natif de Montreuil. Avec 4 buts et 7 passes d\u00e9cisives au compteur toutes comp\u00e9titions confondues, sans compter ses performances remarquables dans les duels gagn\u00e9s et les dribbles r\u00e9ussis, Ait-Nouri s&rsquo;est impos\u00e9 comme l&rsquo;un des lat\u00e9raux gauches les plus performants du championnat anglais, particuli\u00e8rement impressionnant dans la cat\u00e9gorie des moins de 23 ans \u00e0 l&rsquo;\u00e9chelle europ\u00e9enne. Manchester City, qui avait d\u00e9j\u00e0 sorti le ch\u00e9quier l&rsquo;hiver dernier avec plus de 250 millions d&rsquo;euros investis, compte bien poursuivre sa politique de rajeunissement et de renforcement de l&rsquo;effectif. Le besoin au poste de lat\u00e9ral gauche est d&rsquo;ailleurs criant dans l&rsquo;effectif de Guardiola. Le Croate Josko Gvardiol a souvent \u00e9t\u00e9 repositionn\u00e9 dans l&rsquo;axe central cette saison, tandis que Nathan Ak\u00e9 n&rsquo;a pas totalement convaincu \u00e0 ce poste, laissant un vide tactique que pourrait parfaitement combler le dynamique d\u00e9fenseur alg\u00e9rien. L&rsquo;histoire d&rsquo;amour entre A\u00eft-Nouri et Wolverhampton avait d\u00e9but\u00e9 en octobre 2020 sous la forme d&rsquo;un pr\u00eat en provenance d&rsquo;Angers SCO. Ses performances avaient rapidement conquis les dirigeants anglais qui n&rsquo;avaient pas h\u00e9sit\u00e9 \u00e0 lever l&rsquo;option d&rsquo;achat pour lui faire signer un contrat de cinq saisons en juillet 2021. Depuis, l&rsquo;ancien pensionnaire de Ligue 1 fran\u00e7aise n&rsquo;a cess\u00e9 de progresser et de s&rsquo;imposer comme un titulaire indiscutable dans le dispositif de Wolverhampton. Interrog\u00e9 \u00e0 son arriv\u00e9e en Alg\u00e9rie o\u00f9 il rejoint la s\u00e9lection nationale pour les deux matchs amicaux face au Rwanda et \u00e0 la Su\u00e8de, A\u00eft-Nouri a maintenu le suspense concernant son avenir. Le joueur, concentr\u00e9 sur ses obligations internationales, s&rsquo;est montr\u00e9 diplomatique face aux questions des journalistes. \u00ab\u00a0Je me concentre sur la s\u00e9lection. On verra. Le plus important, ce sont les deux matchs que nous allons jouer avec la s\u00e9lection\u00a0\u00bb, a-t-il d\u00e9clar\u00e9, avant d&rsquo;ajouter avec un sourire entendu : \u00ab\u00a0Tout le monde sait que Pep Guardiola est un grand coach\u00a0\u00bb. Cette derni\u00e8re phrase pourrait bien \u00eatre r\u00e9v\u00e9latrice des ambitions secr\u00e8tes du d\u00e9fenseur qui, \u00e0 23 ans seulement, a encore de belles ann\u00e9es devant lui pour franchir un cap suppl\u00e9mentaire dans sa carri\u00e8re. Un transfert vers Manchester City repr\u00e9senterait \u00e9videmment un bond en avant consid\u00e9rable pour le joueur, lui offrant l&rsquo;opportunit\u00e9 de disputer la Ligue des Champions et de se frotter aux plus grands joueurs de la plan\u00e8te.<\/p>\n\n\n\n<p>M. Dahleb<\/p>\n","protected":false},"excerpt":{"rendered":"<p>Le mercato estival s&rsquo;annonce bouillant du c\u00f4t\u00e9 de l&rsquo;Etihad Stadium ! Manchester City, qui a termin\u00e9 troisi\u00e8me de Premier League<\/p>\n","protected":false},"author":6,"featured_media":51313,"comment_status":"open","ping_status":"closed","sticky":false,"template":"","format":"standard","meta":{"colormag_page_container_layout":"default_layout","colormag_page_sidebar_layout":"default_layout","om_disable_all_campaigns":false,"_monsterinsights_skip_tracking":false,"_monsterinsights_sitenote_active":false,"_monsterinsights_sitenote_note":"","_monsterinsights_sitenote_category":0,"footnotes":"","_wpscppro_dont_share_socialmedia":false,"_wpscppro_custom_social_share_image":0,"_facebook_share_type":"default","_twitter_share_type":"default","_linkedin_share_type":"default","_pinterest_share_type":"default","_linkedin_share_type_page":"","_instagram_share_type":"default","_medium_share_type":"default","_threads_share_type":"","_google_business_share_type":"","_selected_social_profile":[],"_wpsp_enable_custom_social_template":false,"_wpsp_social_scheduling":{"enabled":false,"datetime":null,"platforms":[],"status":"template_only","dateOption":"today","timeOption":"now","customDays":"","customHours":"","customDate":"","customTime":"","schedulingType":"absolute"},"_wpsp_active_default_template":true},"categories":[33],"tags":[],"class_list":["post-68415","post","type-post","status-publish","format-standard","has-post-thumbnail","hentry","category-sports"],"aioseo_notices":[],"yoast_head":"<!-- This site is optimized with the Yoast SEO plugin v27.5 - https:\/\/yoast.com\/product\/yoast-seo-wordpress\/ -->\n<title>Transferts: Manchester City passe \u00e0 l&rsquo;offensive pour A\u00eft Nouri - La Sentinelle<\/title>\n<meta name=\"robots\" content=\"index, follow, max-snippet:-1, max-image-preview:large, max-video-preview:-1\" \/>\n<link rel=\"canonical\" href=\"https:\/\/lasentinelle.dz\/index.php\/2025\/06\/03\/transferts-manchester-city-passe-a-loffensive-pour-ait-nouri\/\" \/>\n<meta property=\"og:locale\" content=\"fr_FR\" \/>\n<meta property=\"og:type\" content=\"article\" \/>\n<meta property=\"og:title\" content=\"Transferts: Manchester City passe \u00e0 l&rsquo;offensive pour A\u00eft Nouri - La Sentinelle\" \/>\n<meta property=\"og:description\" content=\"Le mercato estival s&rsquo;annonce bouillant du c\u00f4t\u00e9 de l&rsquo;Etihad Stadium ! Manchester City, qui a termin\u00e9 troisi\u00e8me de Premier League\" \/>\n<meta property=\"og:url\" content=\"https:\/\/lasentinelle.dz\/index.php\/2025\/06\/03\/transferts-manchester-city-passe-a-loffensive-pour-ait-nouri\/\" \/>\n<meta property=\"og:site_name\" content=\"La Sentinelle\" \/>\n<meta property=\"article:publisher\" content=\"https:\/\/www.facebook.com\/La-Sentinelle-104059864394773\" \/>\n<meta property=\"article:published_time\" content=\"2025-06-03T21:22:37+00:00\" \/>\n<meta property=\"og:image\" content=\"https:\/\/lasentinelle.dz\/wp-content\/uploads\/2024\/04\/Ait-Nouri-.jpeg\" \/>\n\t<meta property=\"og:image:width\" content=\"1200\" \/>\n\t<meta property=\"og:image:height\" content=\"640\" \/>\n\t<meta property=\"og:image:type\" content=\"image\/jpeg\" \/>\n<meta name=\"author\" content=\"admin\" \/>\n<meta name=\"twitter:card\" content=\"summary_large_image\" \/>\n<meta name=\"twitter:label1\" content=\"\u00c9crit par\" \/>\n\t<meta name=\"twitter:data1\" content=\"admin\" \/>\n\t<meta name=\"twitter:label2\" content=\"Dur\u00e9e de lecture estim\u00e9e\" \/>\n\t<meta name=\"twitter:data2\" content=\"4 minutes\" \/>\n<script type=\"application\/ld+json\" class=\"yoast-schema-graph\">{\"@context\":\"https:\\\/\\\/schema.org\",\"@graph\":[{\"@type\":\"Article\",\"@id\":\"https:\\\/\\\/lasentinelle.dz\\\/index.php\\\/2025\\\/06\\\/03\\\/transferts-manchester-city-passe-a-loffensive-pour-ait-nouri\\\/#article\",\"isPartOf\":{\"@id\":\"https:\\\/\\\/lasentinelle.dz\\\/index.php\\\/2025\\\/06\\\/03\\\/transferts-manchester-city-passe-a-loffensive-pour-ait-nouri\\\/\"},\"author\":{\"name\":\"admin\",\"@id\":\"https:\\\/\\\/lasentinelle.dz\\\/#\\\/schema\\\/person\\\/729ee0024f24e0b8c5ec17232f8e8b41\"},\"headline\":\"Transferts: Manchester City passe \u00e0 l&rsquo;offensive pour A\u00eft Nouri\",\"datePublished\":\"2025-06-03T21:22:37+00:00\",\"mainEntityOfPage\":{\"@id\":\"https:\\\/\\\/lasentinelle.dz\\\/index.php\\\/2025\\\/06\\\/03\\\/transferts-manchester-city-passe-a-loffensive-pour-ait-nouri\\\/\"},\"wordCount\":647,\"commentCount\":0,\"publisher\":{\"@id\":\"https:\\\/\\\/lasentinelle.dz\\\/#organization\"},\"image\":{\"@id\":\"https:\\\/\\\/lasentinelle.dz\\\/index.php\\\/2025\\\/06\\\/03\\\/transferts-manchester-city-passe-a-loffensive-pour-ait-nouri\\\/#primaryimage\"},\"thumbnailUrl\":\"https:\\\/\\\/lasentinelle.dz\\\/wp-content\\\/uploads\\\/2024\\\/04\\\/Ait-Nouri-.jpeg\",\"articleSection\":[\"Sports\"],\"inLanguage\":\"fr-FR\",\"potentialAction\":[{\"@type\":\"CommentAction\",\"name\":\"Comment\",\"target\":[\"https:\\\/\\\/lasentinelle.dz\\\/index.php\\\/2025\\\/06\\\/03\\\/transferts-manchester-city-passe-a-loffensive-pour-ait-nouri\\\/#respond\"]}]},{\"@type\":\"WebPage\",\"@id\":\"https:\\\/\\\/lasentinelle.dz\\\/index.php\\\/2025\\\/06\\\/03\\\/transferts-manchester-city-passe-a-loffensive-pour-ait-nouri\\\/\",\"url\":\"https:\\\/\\\/lasentinelle.dz\\\/index.php\\\/2025\\\/06\\\/03\\\/transferts-manchester-city-passe-a-loffensive-pour-ait-nouri\\\/\",\"name\":\"Transferts: Manchester City passe \u00e0 l&rsquo;offensive pour A\u00eft Nouri - La Sentinelle\",\"isPartOf\":{\"@id\":\"https:\\\/\\\/lasentinelle.dz\\\/#website\"},\"primaryImageOfPage\":{\"@id\":\"https:\\\/\\\/lasentinelle.dz\\\/index.php\\\/2025\\\/06\\\/03\\\/transferts-manchester-city-passe-a-loffensive-pour-ait-nouri\\\/#primaryimage\"},\"image\":{\"@id\":\"https:\\\/\\\/lasentinelle.dz\\\/index.php\\\/2025\\\/06\\\/03\\\/transferts-manchester-city-passe-a-loffensive-pour-ait-nouri\\\/#primaryimage\"},\"thumbnailUrl\":\"https:\\\/\\\/lasentinelle.dz\\\/wp-content\\\/uploads\\\/2024\\\/04\\\/Ait-Nouri-.jpeg\",\"datePublished\":\"2025-06-03T21:22:37+00:00\",\"breadcrumb\":{\"@id\":\"https:\\\/\\\/lasentinelle.dz\\\/index.php\\\/2025\\\/06\\\/03\\\/transferts-manchester-city-passe-a-loffensive-pour-ait-nouri\\\/#breadcrumb\"},\"inLanguage\":\"fr-FR\",\"potentialAction\":[{\"@type\":\"ReadAction\",\"target\":[\"https:\\\/\\\/lasentinelle.dz\\\/index.php\\\/2025\\\/06\\\/03\\\/transferts-manchester-city-passe-a-loffensive-pour-ait-nouri\\\/\"]}]},{\"@type\":\"ImageObject\",\"inLanguage\":\"fr-FR\",\"@id\":\"https:\\\/\\\/lasentinelle.dz\\\/index.php\\\/2025\\\/06\\\/03\\\/transferts-manchester-city-passe-a-loffensive-pour-ait-nouri\\\/#primaryimage\",\"url\":\"https:\\\/\\\/lasentinelle.dz\\\/wp-content\\\/uploads\\\/2024\\\/04\\\/Ait-Nouri-.jpeg\",\"contentUrl\":\"https:\\\/\\\/lasentinelle.dz\\\/wp-content\\\/uploads\\\/2024\\\/04\\\/Ait-Nouri-.jpeg\",\"width\":1200,\"height\":640},{\"@type\":\"BreadcrumbList\",\"@id\":\"https:\\\/\\\/lasentinelle.dz\\\/index.php\\\/2025\\\/06\\\/03\\\/transferts-manchester-city-passe-a-loffensive-pour-ait-nouri\\\/#breadcrumb\",\"itemListElement\":[{\"@type\":\"ListItem\",\"position\":1,\"name\":\"Accueil\",\"item\":\"https:\\\/\\\/lasentinelle.dz\\\/\"},{\"@type\":\"ListItem\",\"position\":2,\"name\":\"Transferts: Manchester City passe \u00e0 l&rsquo;offensive pour A\u00eft Nouri\"}]},{\"@type\":\"WebSite\",\"@id\":\"https:\\\/\\\/lasentinelle.dz\\\/#website\",\"url\":\"https:\\\/\\\/lasentinelle.dz\\\/\",\"name\":\"La Sentinelle\",\"description\":\"Quotidien national d&#039;information\",\"publisher\":{\"@id\":\"https:\\\/\\\/lasentinelle.dz\\\/#organization\"},\"potentialAction\":[{\"@type\":\"SearchAction\",\"target\":{\"@type\":\"EntryPoint\",\"urlTemplate\":\"https:\\\/\\\/lasentinelle.dz\\\/?s={search_term_string}\"},\"query-input\":{\"@type\":\"PropertyValueSpecification\",\"valueRequired\":true,\"valueName\":\"search_term_string\"}}],\"inLanguage\":\"fr-FR\"},{\"@type\":\"Organization\",\"@id\":\"https:\\\/\\\/lasentinelle.dz\\\/#organization\",\"name\":\"Quotidien La Sentinelle\",\"url\":\"https:\\\/\\\/lasentinelle.dz\\\/\",\"logo\":{\"@type\":\"ImageObject\",\"inLanguage\":\"fr-FR\",\"@id\":\"https:\\\/\\\/lasentinelle.dz\\\/#\\\/schema\\\/logo\\\/image\\\/\",\"url\":\"https:\\\/\\\/lasentinelle.dz\\\/wp-content\\\/uploads\\\/2021\\\/09\\\/logo-sentinelleSLOGAN-1.png\",\"contentUrl\":\"https:\\\/\\\/lasentinelle.dz\\\/wp-content\\\/uploads\\\/2021\\\/09\\\/logo-sentinelleSLOGAN-1.png\",\"width\":615,\"height\":142,\"caption\":\"Quotidien La Sentinelle\"},\"image\":{\"@id\":\"https:\\\/\\\/lasentinelle.dz\\\/#\\\/schema\\\/logo\\\/image\\\/\"},\"sameAs\":[\"https:\\\/\\\/www.facebook.com\\\/La-Sentinelle-104059864394773\"]},{\"@type\":\"Person\",\"@id\":\"https:\\\/\\\/lasentinelle.dz\\\/#\\\/schema\\\/person\\\/729ee0024f24e0b8c5ec17232f8e8b41\",\"name\":\"admin\",\"image\":{\"@type\":\"ImageObject\",\"inLanguage\":\"fr-FR\",\"@id\":\"https:\\\/\\\/secure.gravatar.com\\\/avatar\\\/4c81fed838786e9b53f540bf46533e750f5d292099ae3b66cfc6fb1982e29df7?s=96&d=mm&r=g\",\"url\":\"https:\\\/\\\/secure.gravatar.com\\\/avatar\\\/4c81fed838786e9b53f540bf46533e750f5d292099ae3b66cfc6fb1982e29df7?s=96&d=mm&r=g\",\"contentUrl\":\"https:\\\/\\\/secure.gravatar.com\\\/avatar\\\/4c81fed838786e9b53f540bf46533e750f5d292099ae3b66cfc6fb1982e29df7?s=96&d=mm&r=g\",\"caption\":\"admin\"},\"description\":\"admin\",\"url\":\"https:\\\/\\\/lasentinelle.dz\\\/author\\\/admin\\\/\"}]}<\/script>\n<!-- \/ Yoast SEO plugin. -->","yoast_head_json":{"title":"Transferts: Manchester City passe \u00e0 l&rsquo;offensive pour A\u00eft Nouri - La Sentinelle","robots":{"index":"index","follow":"follow","max-snippet":"max-snippet:-1","max-image-preview":"max-image-preview:large","max-video-preview":"max-video-preview:-1"},"canonical":"https:\/\/lasentinelle.dz\/index.php\/2025\/06\/03\/transferts-manchester-city-passe-a-loffensive-pour-ait-nouri\/","og_locale":"fr_FR","og_type":"article","og_title":"Transferts: Manchester City passe \u00e0 l&rsquo;offensive pour A\u00eft Nouri - La Sentinelle","og_description":"Le mercato estival s&rsquo;annonce bouillant du c\u00f4t\u00e9 de l&rsquo;Etihad Stadium ! Manchester City, qui a termin\u00e9 troisi\u00e8me de Premier League","og_url":"https:\/\/lasentinelle.dz\/index.php\/2025\/06\/03\/transferts-manchester-city-passe-a-loffensive-pour-ait-nouri\/","og_site_name":"La Sentinelle","article_publisher":"https:\/\/www.facebook.com\/La-Sentinelle-104059864394773","article_published_time":"2025-06-03T21:22:37+00:00","og_image":[{"width":1200,"height":640,"url":"https:\/\/lasentinelle.dz\/wp-content\/uploads\/2024\/04\/Ait-Nouri-.jpeg","type":"image\/jpeg"}],"author":"admin","twitter_card":"summary_large_image","twitter_misc":{"\u00c9crit par":"admin","Dur\u00e9e de lecture estim\u00e9e":"4 minutes"},"schema":{"@context":"https:\/\/schema.org","@graph":[{"@type":"Article","@id":"https:\/\/lasentinelle.dz\/index.php\/2025\/06\/03\/transferts-manchester-city-passe-a-loffensive-pour-ait-nouri\/#article","isPartOf":{"@id":"https:\/\/lasentinelle.dz\/index.php\/2025\/06\/03\/transferts-manchester-city-passe-a-loffensive-pour-ait-nouri\/"},"author":{"name":"admin","@id":"https:\/\/lasentinelle.dz\/#\/schema\/person\/729ee0024f24e0b8c5ec17232f8e8b41"},"headline":"Transferts: Manchester City passe \u00e0 l&rsquo;offensive pour A\u00eft Nouri","datePublished":"2025-06-03T21:22:37+00:00","mainEntityOfPage":{"@id":"https:\/\/lasentinelle.dz\/index.php\/2025\/06\/03\/transferts-manchester-city-passe-a-loffensive-pour-ait-nouri\/"},"wordCount":647,"commentCount":0,"publisher":{"@id":"https:\/\/lasentinelle.dz\/#organization"},"image":{"@id":"https:\/\/lasentinelle.dz\/index.php\/2025\/06\/03\/transferts-manchester-city-passe-a-loffensive-pour-ait-nouri\/#primaryimage"},"thumbnailUrl":"https:\/\/lasentinelle.dz\/wp-content\/uploads\/2024\/04\/Ait-Nouri-.jpeg","articleSection":["Sports"],"inLanguage":"fr-FR","potentialAction":[{"@type":"CommentAction","name":"Comment","target":["https:\/\/lasentinelle.dz\/index.php\/2025\/06\/03\/transferts-manchester-city-passe-a-loffensive-pour-ait-nouri\/#respond"]}]},{"@type":"WebPage","@id":"https:\/\/lasentinelle.dz\/index.php\/2025\/06\/03\/transferts-manchester-city-passe-a-loffensive-pour-ait-nouri\/","url":"https:\/\/lasentinelle.dz\/index.php\/2025\/06\/03\/transferts-manchester-city-passe-a-loffensive-pour-ait-nouri\/","name":"Transferts: Manchester City passe \u00e0 l&rsquo;offensive pour A\u00eft Nouri - La Sentinelle","isPartOf":{"@id":"https:\/\/lasentinelle.dz\/#website"},"primaryImageOfPage":{"@id":"https:\/\/lasentinelle.dz\/index.php\/2025\/06\/03\/transferts-manchester-city-passe-a-loffensive-pour-ait-nouri\/#primaryimage"},"image":{"@id":"https:\/\/lasentinelle.dz\/index.php\/2025\/06\/03\/transferts-manchester-city-passe-a-loffensive-pour-ait-nouri\/#primaryimage"},"thumbnailUrl":"https:\/\/lasentinelle.dz\/wp-content\/uploads\/2024\/04\/Ait-Nouri-.jpeg","datePublished":"2025-06-03T21:22:37+00:00","breadcrumb":{"@id":"https:\/\/lasentinelle.dz\/index.php\/2025\/06\/03\/transferts-manchester-city-passe-a-loffensive-pour-ait-nouri\/#breadcrumb"},"inLanguage":"fr-FR","potentialAction":[{"@type":"ReadAction","target":["https:\/\/lasentinelle.dz\/index.php\/2025\/06\/03\/transferts-manchester-city-passe-a-loffensive-pour-ait-nouri\/"]}]},{"@type":"ImageObject","inLanguage":"fr-FR","@id":"https:\/\/lasentinelle.dz\/index.php\/2025\/06\/03\/transferts-manchester-city-passe-a-loffensive-pour-ait-nouri\/#primaryimage","url":"https:\/\/lasentinelle.dz\/wp-content\/uploads\/2024\/04\/Ait-Nouri-.jpeg","contentUrl":"https:\/\/lasentinelle.dz\/wp-content\/uploads\/2024\/04\/Ait-Nouri-.jpeg","width":1200,"height":640},{"@type":"BreadcrumbList","@id":"https:\/\/lasentinelle.dz\/index.php\/2025\/06\/03\/transferts-manchester-city-passe-a-loffensive-pour-ait-nouri\/#breadcrumb","itemListElement":[{"@type":"ListItem","position":1,"name":"Accueil","item":"https:\/\/lasentinelle.dz\/"},{"@type":"ListItem","position":2,"name":"Transferts: Manchester City passe \u00e0 l&rsquo;offensive pour A\u00eft Nouri"}]},{"@type":"WebSite","@id":"https:\/\/lasentinelle.dz\/#website","url":"https:\/\/lasentinelle.dz\/","name":"La Sentinelle","description":"Quotidien national d&#039;information","publisher":{"@id":"https:\/\/lasentinelle.dz\/#organization"},"potentialAction":[{"@type":"SearchAction","target":{"@type":"EntryPoint","urlTemplate":"https:\/\/lasentinelle.dz\/?s={search_term_string}"},"query-input":{"@type":"PropertyValueSpecification","valueRequired":true,"valueName":"search_term_string"}}],"inLanguage":"fr-FR"},{"@type":"Organization","@id":"https:\/\/lasentinelle.dz\/#organization","name":"Quotidien La Sentinelle","url":"https:\/\/lasentinelle.dz\/","logo":{"@type":"ImageObject","inLanguage":"fr-FR","@id":"https:\/\/lasentinelle.dz\/#\/schema\/logo\/image\/","url":"https:\/\/lasentinelle.dz\/wp-content\/uploads\/2021\/09\/logo-sentinelleSLOGAN-1.png","contentUrl":"https:\/\/lasentinelle.dz\/wp-content\/uploads\/2021\/09\/logo-sentinelleSLOGAN-1.png","width":615,"height":142,"caption":"Quotidien La Sentinelle"},"image":{"@id":"https:\/\/lasentinelle.dz\/#\/schema\/logo\/image\/"},"sameAs":["https:\/\/www.facebook.com\/La-Sentinelle-104059864394773"]},{"@type":"Person","@id":"https:\/\/lasentinelle.dz\/#\/schema\/person\/729ee0024f24e0b8c5ec17232f8e8b41","name":"admin","image":{"@type":"ImageObject","inLanguage":"fr-FR","@id":"https:\/\/secure.gravatar.com\/avatar\/4c81fed838786e9b53f540bf46533e750f5d292099ae3b66cfc6fb1982e29df7?s=96&d=mm&r=g","url":"https:\/\/secure.gravatar.com\/avatar\/4c81fed838786e9b53f540bf46533e750f5d292099ae3b66cfc6fb1982e29df7?s=96&d=mm&r=g","contentUrl":"https:\/\/secure.gravatar.com\/avatar\/4c81fed838786e9b53f540bf46533e750f5d292099ae3b66cfc6fb1982e29df7?s=96&d=mm&r=g","caption":"admin"},"description":"admin","url":"https:\/\/lasentinelle.dz\/author\/admin\/"}]}},"_links":{"self":[{"href":"https:\/\/lasentinelle.dz\/index.php\/wp-json\/wp\/v2\/posts\/68415","targetHints":{"allow":["GET"]}}],"collection":[{"href":"https:\/\/lasentinelle.dz\/index.php\/wp-json\/wp\/v2\/posts"}],"about":[{"href":"https:\/\/lasentinelle.dz\/index.php\/wp-json\/wp\/v2\/types\/post"}],"author":[{"embeddable":true,"href":"https:\/\/lasentinelle.dz\/index.php\/wp-json\/wp\/v2\/users\/6"}],"replies":[{"embeddable":true,"href":"https:\/\/lasentinelle.dz\/index.php\/wp-json\/wp\/v2\/comments?post=68415"}],"version-history":[{"count":2,"href":"https:\/\/lasentinelle.dz\/index.php\/wp-json\/wp\/v2\/posts\/68415\/revisions"}],"predecessor-version":[{"id":68417,"href":"https:\/\/lasentinelle.dz\/index.php\/wp-json\/wp\/v2\/posts\/68415\/revisions\/68417"}],"wp:featuredmedia":[{"embeddable":true,"href":"https:\/\/lasentinelle.dz\/index.php\/wp-json\/wp\/v2\/media\/51313"}],"wp:attachment":[{"href":"https:\/\/lasentinelle.dz\/index.php\/wp-json\/wp\/v2\/media?parent=68415"}],"wp:term":[{"taxonomy":"category","embeddable":true,"href":"https:\/\/lasentinelle.dz\/index.php\/wp-json\/wp\/v2\/categories?post=68415"},{"taxonomy":"post_tag","embeddable":true,"href":"https:\/\/lasentinelle.dz\/index.php\/wp-json\/wp\/v2\/tags?post=68415"}],"curies":[{"name":"wp","href":"https:\/\/api.w.org\/{rel}","templated":true}]}}