{"id":68418,"date":"2025-06-03T22:23:21","date_gmt":"2025-06-03T21:23:21","guid":{"rendered":"https:\/\/lasentinelle.dz\/?p=68418"},"modified":"2025-06-03T22:23:22","modified_gmt":"2025-06-03T21:23:22","slug":"les-verts-au-complet-au-ctn-larmada-de-petkovic-fin-prete","status":"publish","type":"post","link":"https:\/\/lasentinelle.dz\/index.php\/2025\/06\/03\/les-verts-au-complet-au-ctn-larmada-de-petkovic-fin-prete\/","title":{"rendered":"Les Verts au complet au CTN: L&rsquo;armada de Petkovic fin-pr\u00eate !"},"content":{"rendered":"\n<p>\u00c7a y est, la machine verte est en marche ! Vladimir Petkovic peut enfin souffler et arborer son plus beau sourire : tous ses guerriers sont d\u00e9sormais r\u00e9unis au Centre technique national de Sidi Moussa.<\/p>\n\n\n\n<p>Apr\u00e8s un week-end d&rsquo;arriv\u00e9es \u00e9chelonn\u00e9es, le s\u00e9lectionneur national dispose maintenant de ses 29 joueurs au grand complet pour pr\u00e9parer les deux all\u00e9chants matchs amicaux qui attendent l&rsquo;Alg\u00e9rie face au Rwanda et la Su\u00e8de. L&rsquo;effervescence \u00e9tait palpable lundi au CTN avec l&rsquo;arriv\u00e9e du dernier contingent, compos\u00e9 de v\u00e9ritables stars du football alg\u00e9rien et international. Quelle brochette ! Le capitaine Ryad Mahrez, l&rsquo;incontournable lat\u00e9ral Ramy Benseba\u00efni, le prometteur Far\u00e9s Cha\u00efbi, le m\u00e9tronome Isma\u00ebl Bennacer, l&rsquo;\u00e9lectrisant Amine Gouiri, l&rsquo;impr\u00e9visible Youcef Bela\u00efli, le solide Rayan A\u00eft-Nouri, l&rsquo;exp\u00e9riment\u00e9 Jaouen Hadjam, la p\u00e9pite Anis Hadj Moussa, Mohamed Amine Touga\u00ef et le gardien Alexis Guendouz ont tous ralli\u00e9 la capitale pour rejoindre leurs co\u00e9quipiers d\u00e9j\u00e0 pr\u00e9sents depuis le week-end. Petkovic, qui avait dirig\u00e9 dimanche soir sa premi\u00e8re s\u00e9ance d&rsquo;entra\u00eenement avec un effectif r\u00e9duit, peut d\u00e9sormais travailler avec l&rsquo;ensemble de son groupe et peaufiner ses plans tactiques. Le technicien suisse-bosnien a maintenant une semaine compl\u00e8te pour harmoniser son \u00e9quipe et tester diff\u00e9rentes combinaisons avant les \u00e9ch\u00e9ances importantes qui se profilent \u00e0 l&rsquo;horizon. Le programme s&rsquo;annonce cors\u00e9 mais passionnant pour les Fennecs. Premier rendez-vous jeudi \u00e0 Constantine o\u00f9 les Verts recevront le Rwanda au mythique stade Chahid-Hamlaoui. Petite modification dans l&rsquo;organisation puisque la F\u00e9d\u00e9ration alg\u00e9rienne de football a annonc\u00e9 lundi que le coup d&rsquo;envoi de cette rencontre a \u00e9t\u00e9 avanc\u00e9 \u00e0 17h00, soit une heure plus t\u00f4t que pr\u00e9vu initialement. \u00ab\u00a0Le d\u00e9but du match amical face au Rwanda a \u00e9t\u00e9 avanc\u00e9 \u00e0 17h00, pour des raisons organisationnelles\u00a0\u00bb, pr\u00e9cise le communiqu\u00e9 de la FAF. Apr\u00e8s cette premi\u00e8re confrontation contre les Amavubi rwandais, cap sur la Scandinavie ! Les prot\u00e9g\u00e9s de Petkovic s&rsquo;envoleront pour la Su\u00e8de o\u00f9 ils d\u00e9fieront mardi 10 juin les Blagult \u00e0 la Strawberry Arena de Solna, pr\u00e8s de Stockholm, \u00e0 18h00 heure alg\u00e9rienne. Un d\u00e9fi de taille contre une s\u00e9lection su\u00e9doise toujours redoutable sur ses terres et qui ne manquera pas de poser des probl\u00e8mes tactiques int\u00e9ressants aux Alg\u00e9riens. Ces deux rencontres amicales rev\u00eatent une importance particuli\u00e8re dans la planification de Petkovic puisqu&rsquo;elles s&rsquo;inscrivent dans le cadre des pr\u00e9paratifs en vue de la reprise des qualifications pour la Coupe du monde 2026. En septembre prochain, les Verts retrouveront en effet le chemin des \u00e9liminatoires avec deux matches cruciaux au programme : la r\u00e9ception du Botswana \u00e0 domicile puis un d\u00e9placement p\u00e9rilleux en Guin\u00e9e. L&rsquo;Alg\u00e9rie aborde cette phase avec confiance puisqu&rsquo;elle occupe actuellement la position de leader de son groupe qualificatif avec 15 points au compteur, soit trois longueurs d&rsquo;avance sur son poursuivant direct, le Mozambique, au terme de la sixi\u00e8me journ\u00e9e disput\u00e9e en mars dernier. Cette position de force donne une marge de man\u0153uvre appr\u00e9ciable \u00e0 Petkovic pour exp\u00e9rimenter et int\u00e9grer de nouveaux \u00e9l\u00e9ments dans son dispositif. Les deux amicaux \u00e0 venir constituent donc une opportunit\u00e9 en or pour le s\u00e9lectionneur de tester diff\u00e9rentes options, d&rsquo;\u00e9valuer la forme de ses cadres et de permettre \u00e0 certains joueurs de se montrer sous leurs meilleurs atours. Entre la jeunesse bouillonnante et l&rsquo;exp\u00e9rience des anciens, l&rsquo;\u00e9quipe nationale semble avoir trouv\u00e9 le bon \u00e9quilibre pour viser haut dans cette campagne qualificative. Moncef Dahleb<\/p>\n","protected":false},"excerpt":{"rendered":"<p>\u00c7a y est, la machine verte est en marche ! Vladimir Petkovic peut enfin souffler et arborer son plus beau<\/p>\n","protected":false},"author":6,"featured_media":68419,"comment_status":"open","ping_status":"closed","sticky":false,"template":"","format":"standard","meta":{"colormag_page_container_layout":"default_layout","colormag_page_sidebar_layout":"default_layout","om_disable_all_campaigns":false,"_monsterinsights_skip_tracking":false,"_monsterinsights_sitenote_active":false,"_monsterinsights_sitenote_note":"","_monsterinsights_sitenote_category":0,"footnotes":"","_wpscppro_dont_share_socialmedia":false,"_wpscppro_custom_social_share_image":0,"_facebook_share_type":"default","_twitter_share_type":"default","_linkedin_share_type":"default","_pinterest_share_type":"default","_linkedin_share_type_page":"","_instagram_share_type":"default","_medium_share_type":"default","_threads_share_type":"","_google_business_share_type":"","_selected_social_profile":[],"_wpsp_enable_custom_social_template":false,"_wpsp_social_scheduling":{"enabled":false,"datetime":null,"platforms":[],"status":"template_only","dateOption":"today","timeOption":"now","customDays":"","customHours":"","customDate":"","customTime":"","schedulingType":"absolute"},"_wpsp_active_default_template":true},"categories":[52,33],"tags":[],"class_list":["post-68418","post","type-post","status-publish","format-standard","has-post-thumbnail","hentry","category-a-la-une","category-sports"],"aioseo_notices":[],"yoast_head":"<!-- This site is optimized with the Yoast SEO plugin v27.5 - https:\/\/yoast.com\/product\/yoast-seo-wordpress\/ -->\n<title>Les Verts au complet au CTN: L&rsquo;armada de Petkovic fin-pr\u00eate ! - La Sentinelle<\/title>\n<meta name=\"robots\" content=\"index, follow, max-snippet:-1, max-image-preview:large, max-video-preview:-1\" \/>\n<link rel=\"canonical\" href=\"https:\/\/lasentinelle.dz\/index.php\/2025\/06\/03\/les-verts-au-complet-au-ctn-larmada-de-petkovic-fin-prete\/\" \/>\n<meta property=\"og:locale\" content=\"fr_FR\" \/>\n<meta property=\"og:type\" content=\"article\" \/>\n<meta property=\"og:title\" content=\"Les Verts au complet au CTN: L&rsquo;armada de Petkovic fin-pr\u00eate ! - La Sentinelle\" \/>\n<meta property=\"og:description\" content=\"\u00c7a y est, la machine verte est en marche ! Vladimir Petkovic peut enfin souffler et arborer son plus beau\" \/>\n<meta property=\"og:url\" content=\"https:\/\/lasentinelle.dz\/index.php\/2025\/06\/03\/les-verts-au-complet-au-ctn-larmada-de-petkovic-fin-prete\/\" \/>\n<meta property=\"og:site_name\" content=\"La Sentinelle\" \/>\n<meta property=\"article:publisher\" content=\"https:\/\/www.facebook.com\/La-Sentinelle-104059864394773\" \/>\n<meta property=\"article:published_time\" content=\"2025-06-03T21:23:21+00:00\" \/>\n<meta property=\"article:modified_time\" content=\"2025-06-03T21:23:22+00:00\" \/>\n<meta property=\"og:image\" content=\"https:\/\/lasentinelle.dz\/wp-content\/uploads\/2025\/06\/Verts.jpg\" \/>\n\t<meta property=\"og:image:width\" content=\"1913\" \/>\n\t<meta property=\"og:image:height\" content=\"1600\" \/>\n\t<meta property=\"og:image:type\" content=\"image\/jpeg\" \/>\n<meta name=\"author\" content=\"admin\" \/>\n<meta name=\"twitter:card\" content=\"summary_large_image\" \/>\n<meta name=\"twitter:label1\" content=\"\u00c9crit par\" \/>\n\t<meta name=\"twitter:data1\" content=\"admin\" \/>\n\t<meta name=\"twitter:label2\" content=\"Dur\u00e9e de lecture estim\u00e9e\" \/>\n\t<meta name=\"twitter:data2\" content=\"3 minutes\" \/>\n<script type=\"application\/ld+json\" class=\"yoast-schema-graph\">{\"@context\":\"https:\\\/\\\/schema.org\",\"@graph\":[{\"@type\":\"Article\",\"@id\":\"https:\\\/\\\/lasentinelle.dz\\\/index.php\\\/2025\\\/06\\\/03\\\/les-verts-au-complet-au-ctn-larmada-de-petkovic-fin-prete\\\/#article\",\"isPartOf\":{\"@id\":\"https:\\\/\\\/lasentinelle.dz\\\/index.php\\\/2025\\\/06\\\/03\\\/les-verts-au-complet-au-ctn-larmada-de-petkovic-fin-prete\\\/\"},\"author\":{\"name\":\"admin\",\"@id\":\"https:\\\/\\\/lasentinelle.dz\\\/#\\\/schema\\\/person\\\/729ee0024f24e0b8c5ec17232f8e8b41\"},\"headline\":\"Les Verts au complet au CTN: L&rsquo;armada de Petkovic fin-pr\u00eate !\",\"datePublished\":\"2025-06-03T21:23:21+00:00\",\"dateModified\":\"2025-06-03T21:23:22+00:00\",\"mainEntityOfPage\":{\"@id\":\"https:\\\/\\\/lasentinelle.dz\\\/index.php\\\/2025\\\/06\\\/03\\\/les-verts-au-complet-au-ctn-larmada-de-petkovic-fin-prete\\\/\"},\"wordCount\":629,\"commentCount\":0,\"publisher\":{\"@id\":\"https:\\\/\\\/lasentinelle.dz\\\/#organization\"},\"image\":{\"@id\":\"https:\\\/\\\/lasentinelle.dz\\\/index.php\\\/2025\\\/06\\\/03\\\/les-verts-au-complet-au-ctn-larmada-de-petkovic-fin-prete\\\/#primaryimage\"},\"thumbnailUrl\":\"https:\\\/\\\/lasentinelle.dz\\\/wp-content\\\/uploads\\\/2025\\\/06\\\/Verts.jpg\",\"articleSection\":[\"\u00c0 la Une\",\"Sports\"],\"inLanguage\":\"fr-FR\",\"potentialAction\":[{\"@type\":\"CommentAction\",\"name\":\"Comment\",\"target\":[\"https:\\\/\\\/lasentinelle.dz\\\/index.php\\\/2025\\\/06\\\/03\\\/les-verts-au-complet-au-ctn-larmada-de-petkovic-fin-prete\\\/#respond\"]}]},{\"@type\":\"WebPage\",\"@id\":\"https:\\\/\\\/lasentinelle.dz\\\/index.php\\\/2025\\\/06\\\/03\\\/les-verts-au-complet-au-ctn-larmada-de-petkovic-fin-prete\\\/\",\"url\":\"https:\\\/\\\/lasentinelle.dz\\\/index.php\\\/2025\\\/06\\\/03\\\/les-verts-au-complet-au-ctn-larmada-de-petkovic-fin-prete\\\/\",\"name\":\"Les Verts au complet au CTN: L&rsquo;armada de Petkovic fin-pr\u00eate ! - La Sentinelle\",\"isPartOf\":{\"@id\":\"https:\\\/\\\/lasentinelle.dz\\\/#website\"},\"primaryImageOfPage\":{\"@id\":\"https:\\\/\\\/lasentinelle.dz\\\/index.php\\\/2025\\\/06\\\/03\\\/les-verts-au-complet-au-ctn-larmada-de-petkovic-fin-prete\\\/#primaryimage\"},\"image\":{\"@id\":\"https:\\\/\\\/lasentinelle.dz\\\/index.php\\\/2025\\\/06\\\/03\\\/les-verts-au-complet-au-ctn-larmada-de-petkovic-fin-prete\\\/#primaryimage\"},\"thumbnailUrl\":\"https:\\\/\\\/lasentinelle.dz\\\/wp-content\\\/uploads\\\/2025\\\/06\\\/Verts.jpg\",\"datePublished\":\"2025-06-03T21:23:21+00:00\",\"dateModified\":\"2025-06-03T21:23:22+00:00\",\"breadcrumb\":{\"@id\":\"https:\\\/\\\/lasentinelle.dz\\\/index.php\\\/2025\\\/06\\\/03\\\/les-verts-au-complet-au-ctn-larmada-de-petkovic-fin-prete\\\/#breadcrumb\"},\"inLanguage\":\"fr-FR\",\"potentialAction\":[{\"@type\":\"ReadAction\",\"target\":[\"https:\\\/\\\/lasentinelle.dz\\\/index.php\\\/2025\\\/06\\\/03\\\/les-verts-au-complet-au-ctn-larmada-de-petkovic-fin-prete\\\/\"]}]},{\"@type\":\"ImageObject\",\"inLanguage\":\"fr-FR\",\"@id\":\"https:\\\/\\\/lasentinelle.dz\\\/index.php\\\/2025\\\/06\\\/03\\\/les-verts-au-complet-au-ctn-larmada-de-petkovic-fin-prete\\\/#primaryimage\",\"url\":\"https:\\\/\\\/lasentinelle.dz\\\/wp-content\\\/uploads\\\/2025\\\/06\\\/Verts.jpg\",\"contentUrl\":\"https:\\\/\\\/lasentinelle.dz\\\/wp-content\\\/uploads\\\/2025\\\/06\\\/Verts.jpg\",\"width\":1913,\"height\":1600},{\"@type\":\"BreadcrumbList\",\"@id\":\"https:\\\/\\\/lasentinelle.dz\\\/index.php\\\/2025\\\/06\\\/03\\\/les-verts-au-complet-au-ctn-larmada-de-petkovic-fin-prete\\\/#breadcrumb\",\"itemListElement\":[{\"@type\":\"ListItem\",\"position\":1,\"name\":\"Accueil\",\"item\":\"https:\\\/\\\/lasentinelle.dz\\\/\"},{\"@type\":\"ListItem\",\"position\":2,\"name\":\"Les Verts au complet au CTN: L&rsquo;armada de Petkovic fin-pr\u00eate !\"}]},{\"@type\":\"WebSite\",\"@id\":\"https:\\\/\\\/lasentinelle.dz\\\/#website\",\"url\":\"https:\\\/\\\/lasentinelle.dz\\\/\",\"name\":\"La Sentinelle\",\"description\":\"Quotidien national d&#039;information\",\"publisher\":{\"@id\":\"https:\\\/\\\/lasentinelle.dz\\\/#organization\"},\"potentialAction\":[{\"@type\":\"SearchAction\",\"target\":{\"@type\":\"EntryPoint\",\"urlTemplate\":\"https:\\\/\\\/lasentinelle.dz\\\/?s={search_term_string}\"},\"query-input\":{\"@type\":\"PropertyValueSpecification\",\"valueRequired\":true,\"valueName\":\"search_term_string\"}}],\"inLanguage\":\"fr-FR\"},{\"@type\":\"Organization\",\"@id\":\"https:\\\/\\\/lasentinelle.dz\\\/#organization\",\"name\":\"Quotidien La Sentinelle\",\"url\":\"https:\\\/\\\/lasentinelle.dz\\\/\",\"logo\":{\"@type\":\"ImageObject\",\"inLanguage\":\"fr-FR\",\"@id\":\"https:\\\/\\\/lasentinelle.dz\\\/#\\\/schema\\\/logo\\\/image\\\/\",\"url\":\"https:\\\/\\\/lasentinelle.dz\\\/wp-content\\\/uploads\\\/2021\\\/09\\\/logo-sentinelleSLOGAN-1.png\",\"contentUrl\":\"https:\\\/\\\/lasentinelle.dz\\\/wp-content\\\/uploads\\\/2021\\\/09\\\/logo-sentinelleSLOGAN-1.png\",\"width\":615,\"height\":142,\"caption\":\"Quotidien La Sentinelle\"},\"image\":{\"@id\":\"https:\\\/\\\/lasentinelle.dz\\\/#\\\/schema\\\/logo\\\/image\\\/\"},\"sameAs\":[\"https:\\\/\\\/www.facebook.com\\\/La-Sentinelle-104059864394773\"]},{\"@type\":\"Person\",\"@id\":\"https:\\\/\\\/lasentinelle.dz\\\/#\\\/schema\\\/person\\\/729ee0024f24e0b8c5ec17232f8e8b41\",\"name\":\"admin\",\"image\":{\"@type\":\"ImageObject\",\"inLanguage\":\"fr-FR\",\"@id\":\"https:\\\/\\\/secure.gravatar.com\\\/avatar\\\/4c81fed838786e9b53f540bf46533e750f5d292099ae3b66cfc6fb1982e29df7?s=96&d=mm&r=g\",\"url\":\"https:\\\/\\\/secure.gravatar.com\\\/avatar\\\/4c81fed838786e9b53f540bf46533e750f5d292099ae3b66cfc6fb1982e29df7?s=96&d=mm&r=g\",\"contentUrl\":\"https:\\\/\\\/secure.gravatar.com\\\/avatar\\\/4c81fed838786e9b53f540bf46533e750f5d292099ae3b66cfc6fb1982e29df7?s=96&d=mm&r=g\",\"caption\":\"admin\"},\"description\":\"admin\",\"url\":\"https:\\\/\\\/lasentinelle.dz\\\/author\\\/admin\\\/\"}]}<\/script>\n<!-- \/ Yoast SEO plugin. -->","yoast_head_json":{"title":"Les Verts au complet au CTN: L&rsquo;armada de Petkovic fin-pr\u00eate ! - La Sentinelle","robots":{"index":"index","follow":"follow","max-snippet":"max-snippet:-1","max-image-preview":"max-image-preview:large","max-video-preview":"max-video-preview:-1"},"canonical":"https:\/\/lasentinelle.dz\/index.php\/2025\/06\/03\/les-verts-au-complet-au-ctn-larmada-de-petkovic-fin-prete\/","og_locale":"fr_FR","og_type":"article","og_title":"Les Verts au complet au CTN: L&rsquo;armada de Petkovic fin-pr\u00eate ! - La Sentinelle","og_description":"\u00c7a y est, la machine verte est en marche ! Vladimir Petkovic peut enfin souffler et arborer son plus beau","og_url":"https:\/\/lasentinelle.dz\/index.php\/2025\/06\/03\/les-verts-au-complet-au-ctn-larmada-de-petkovic-fin-prete\/","og_site_name":"La Sentinelle","article_publisher":"https:\/\/www.facebook.com\/La-Sentinelle-104059864394773","article_published_time":"2025-06-03T21:23:21+00:00","article_modified_time":"2025-06-03T21:23:22+00:00","og_image":[{"width":1913,"height":1600,"url":"https:\/\/lasentinelle.dz\/wp-content\/uploads\/2025\/06\/Verts.jpg","type":"image\/jpeg"}],"author":"admin","twitter_card":"summary_large_image","twitter_misc":{"\u00c9crit par":"admin","Dur\u00e9e de lecture estim\u00e9e":"3 minutes"},"schema":{"@context":"https:\/\/schema.org","@graph":[{"@type":"Article","@id":"https:\/\/lasentinelle.dz\/index.php\/2025\/06\/03\/les-verts-au-complet-au-ctn-larmada-de-petkovic-fin-prete\/#article","isPartOf":{"@id":"https:\/\/lasentinelle.dz\/index.php\/2025\/06\/03\/les-verts-au-complet-au-ctn-larmada-de-petkovic-fin-prete\/"},"author":{"name":"admin","@id":"https:\/\/lasentinelle.dz\/#\/schema\/person\/729ee0024f24e0b8c5ec17232f8e8b41"},"headline":"Les Verts au complet au CTN: L&rsquo;armada de Petkovic fin-pr\u00eate !","datePublished":"2025-06-03T21:23:21+00:00","dateModified":"2025-06-03T21:23:22+00:00","mainEntityOfPage":{"@id":"https:\/\/lasentinelle.dz\/index.php\/2025\/06\/03\/les-verts-au-complet-au-ctn-larmada-de-petkovic-fin-prete\/"},"wordCount":629,"commentCount":0,"publisher":{"@id":"https:\/\/lasentinelle.dz\/#organization"},"image":{"@id":"https:\/\/lasentinelle.dz\/index.php\/2025\/06\/03\/les-verts-au-complet-au-ctn-larmada-de-petkovic-fin-prete\/#primaryimage"},"thumbnailUrl":"https:\/\/lasentinelle.dz\/wp-content\/uploads\/2025\/06\/Verts.jpg","articleSection":["\u00c0 la Une","Sports"],"inLanguage":"fr-FR","potentialAction":[{"@type":"CommentAction","name":"Comment","target":["https:\/\/lasentinelle.dz\/index.php\/2025\/06\/03\/les-verts-au-complet-au-ctn-larmada-de-petkovic-fin-prete\/#respond"]}]},{"@type":"WebPage","@id":"https:\/\/lasentinelle.dz\/index.php\/2025\/06\/03\/les-verts-au-complet-au-ctn-larmada-de-petkovic-fin-prete\/","url":"https:\/\/lasentinelle.dz\/index.php\/2025\/06\/03\/les-verts-au-complet-au-ctn-larmada-de-petkovic-fin-prete\/","name":"Les Verts au complet au CTN: L&rsquo;armada de Petkovic fin-pr\u00eate ! - La Sentinelle","isPartOf":{"@id":"https:\/\/lasentinelle.dz\/#website"},"primaryImageOfPage":{"@id":"https:\/\/lasentinelle.dz\/index.php\/2025\/06\/03\/les-verts-au-complet-au-ctn-larmada-de-petkovic-fin-prete\/#primaryimage"},"image":{"@id":"https:\/\/lasentinelle.dz\/index.php\/2025\/06\/03\/les-verts-au-complet-au-ctn-larmada-de-petkovic-fin-prete\/#primaryimage"},"thumbnailUrl":"https:\/\/lasentinelle.dz\/wp-content\/uploads\/2025\/06\/Verts.jpg","datePublished":"2025-06-03T21:23:21+00:00","dateModified":"2025-06-03T21:23:22+00:00","breadcrumb":{"@id":"https:\/\/lasentinelle.dz\/index.php\/2025\/06\/03\/les-verts-au-complet-au-ctn-larmada-de-petkovic-fin-prete\/#breadcrumb"},"inLanguage":"fr-FR","potentialAction":[{"@type":"ReadAction","target":["https:\/\/lasentinelle.dz\/index.php\/2025\/06\/03\/les-verts-au-complet-au-ctn-larmada-de-petkovic-fin-prete\/"]}]},{"@type":"ImageObject","inLanguage":"fr-FR","@id":"https:\/\/lasentinelle.dz\/index.php\/2025\/06\/03\/les-verts-au-complet-au-ctn-larmada-de-petkovic-fin-prete\/#primaryimage","url":"https:\/\/lasentinelle.dz\/wp-content\/uploads\/2025\/06\/Verts.jpg","contentUrl":"https:\/\/lasentinelle.dz\/wp-content\/uploads\/2025\/06\/Verts.jpg","width":1913,"height":1600},{"@type":"BreadcrumbList","@id":"https:\/\/lasentinelle.dz\/index.php\/2025\/06\/03\/les-verts-au-complet-au-ctn-larmada-de-petkovic-fin-prete\/#breadcrumb","itemListElement":[{"@type":"ListItem","position":1,"name":"Accueil","item":"https:\/\/lasentinelle.dz\/"},{"@type":"ListItem","position":2,"name":"Les Verts au complet au CTN: L&rsquo;armada de Petkovic fin-pr\u00eate !"}]},{"@type":"WebSite","@id":"https:\/\/lasentinelle.dz\/#website","url":"https:\/\/lasentinelle.dz\/","name":"La Sentinelle","description":"Quotidien national d&#039;information","publisher":{"@id":"https:\/\/lasentinelle.dz\/#organization"},"potentialAction":[{"@type":"SearchAction","target":{"@type":"EntryPoint","urlTemplate":"https:\/\/lasentinelle.dz\/?s={search_term_string}"},"query-input":{"@type":"PropertyValueSpecification","valueRequired":true,"valueName":"search_term_string"}}],"inLanguage":"fr-FR"},{"@type":"Organization","@id":"https:\/\/lasentinelle.dz\/#organization","name":"Quotidien La Sentinelle","url":"https:\/\/lasentinelle.dz\/","logo":{"@type":"ImageObject","inLanguage":"fr-FR","@id":"https:\/\/lasentinelle.dz\/#\/schema\/logo\/image\/","url":"https:\/\/lasentinelle.dz\/wp-content\/uploads\/2021\/09\/logo-sentinelleSLOGAN-1.png","contentUrl":"https:\/\/lasentinelle.dz\/wp-content\/uploads\/2021\/09\/logo-sentinelleSLOGAN-1.png","width":615,"height":142,"caption":"Quotidien La Sentinelle"},"image":{"@id":"https:\/\/lasentinelle.dz\/#\/schema\/logo\/image\/"},"sameAs":["https:\/\/www.facebook.com\/La-Sentinelle-104059864394773"]},{"@type":"Person","@id":"https:\/\/lasentinelle.dz\/#\/schema\/person\/729ee0024f24e0b8c5ec17232f8e8b41","name":"admin","image":{"@type":"ImageObject","inLanguage":"fr-FR","@id":"https:\/\/secure.gravatar.com\/avatar\/4c81fed838786e9b53f540bf46533e750f5d292099ae3b66cfc6fb1982e29df7?s=96&d=mm&r=g","url":"https:\/\/secure.gravatar.com\/avatar\/4c81fed838786e9b53f540bf46533e750f5d292099ae3b66cfc6fb1982e29df7?s=96&d=mm&r=g","contentUrl":"https:\/\/secure.gravatar.com\/avatar\/4c81fed838786e9b53f540bf46533e750f5d292099ae3b66cfc6fb1982e29df7?s=96&d=mm&r=g","caption":"admin"},"description":"admin","url":"https:\/\/lasentinelle.dz\/author\/admin\/"}]}},"_links":{"self":[{"href":"https:\/\/lasentinelle.dz\/index.php\/wp-json\/wp\/v2\/posts\/68418","targetHints":{"allow":["GET"]}}],"collection":[{"href":"https:\/\/lasentinelle.dz\/index.php\/wp-json\/wp\/v2\/posts"}],"about":[{"href":"https:\/\/lasentinelle.dz\/index.php\/wp-json\/wp\/v2\/types\/post"}],"author":[{"embeddable":true,"href":"https:\/\/lasentinelle.dz\/index.php\/wp-json\/wp\/v2\/users\/6"}],"replies":[{"embeddable":true,"href":"https:\/\/lasentinelle.dz\/index.php\/wp-json\/wp\/v2\/comments?post=68418"}],"version-history":[{"count":2,"href":"https:\/\/lasentinelle.dz\/index.php\/wp-json\/wp\/v2\/posts\/68418\/revisions"}],"predecessor-version":[{"id":68421,"href":"https:\/\/lasentinelle.dz\/index.php\/wp-json\/wp\/v2\/posts\/68418\/revisions\/68421"}],"wp:featuredmedia":[{"embeddable":true,"href":"https:\/\/lasentinelle.dz\/index.php\/wp-json\/wp\/v2\/media\/68419"}],"wp:attachment":[{"href":"https:\/\/lasentinelle.dz\/index.php\/wp-json\/wp\/v2\/media?parent=68418"}],"wp:term":[{"taxonomy":"category","embeddable":true,"href":"https:\/\/lasentinelle.dz\/index.php\/wp-json\/wp\/v2\/categories?post=68418"},{"taxonomy":"post_tag","embeddable":true,"href":"https:\/\/lasentinelle.dz\/index.php\/wp-json\/wp\/v2\/tags?post=68418"}],"curies":[{"name":"wp","href":"https:\/\/api.w.org\/{rel}","templated":true}]}}