{"id":68426,"date":"2025-06-03T22:28:00","date_gmt":"2025-06-03T21:28:00","guid":{"rendered":"https:\/\/lasentinelle.dz\/?p=68426"},"modified":"2025-06-03T22:28:00","modified_gmt":"2025-06-03T21:28:00","slug":"nouvelle-tentative-marocaine-dappropriation-du-caftan-lassociation-nationale-tourath-djazairna-lance-un-appel-urgent-a-la-mobilisation","status":"publish","type":"post","link":"https:\/\/lasentinelle.dz\/index.php\/2025\/06\/03\/nouvelle-tentative-marocaine-dappropriation-du-caftan-lassociation-nationale-tourath-djazairna-lance-un-appel-urgent-a-la-mobilisation\/","title":{"rendered":"Nouvelle tentative marocaine d&rsquo;appropriation du caftan: L&rsquo;Association nationale \u00ab\u00a0Tourath Djazairna\u00a0\u00bb lance un appel urgent \u00e0 la mobilisation"},"content":{"rendered":"\n<p>L&rsquo;Association nationale \u00ab\u00a0Tourath Djazairna\u00a0\u00bb a lanc\u00e9 dimanche un appel urgent \u00e0 la mobilisation face \u00e0 une nouvelle tentative d&rsquo;appropriation culturelle marocaine du patrimoine alg\u00e9rien, suite au d\u00e9p\u00f4t par le Maroc d&rsquo;un dossier visant \u00e0 faire inscrire ce qu&rsquo;il appelle le \u00ab\u00a0caftan marocain\u00a0\u00bb au patrimoine culturel immat\u00e9riel de l&rsquo;humanit\u00e9 aupr\u00e8s de l&rsquo;UNESCO.<\/p>\n\n\n\n<p>L&rsquo;association souligne que c&rsquo;est une \u00ab\u00a0nouvelle tentative d&rsquo;usurpation et d&rsquo;appropriation ill\u00e9gale\u00a0\u00bb d&rsquo;un \u00e9l\u00e9ment du patrimoine vestimentaire \u00ab\u00a0national, authentique et ancestral\u00a0\u00bb. \u00ab\u00a0Tourath Djazairna\u00a0\u00bb rappelle avec force que le caftan, dans sa remarquable diversit\u00e9 r\u00e9gionale, est port\u00e9 en Alg\u00e9rie depuis des si\u00e8cles, particuli\u00e8rement dans les villes historiques comme Tlemcen et dans le Grand Est alg\u00e9rien. Cette tradition vestimentaire s\u00e9culaire t\u00e9moigne de la richesse du savoir-faire artisanal alg\u00e9rien et de l&rsquo;ancrage profond de ce v\u00eatement dans la culture populaire nationale. L&rsquo;association souligne que cette appropriation s&rsquo;inscrit dans \u00ab\u00a0l&rsquo;ent\u00eatement de ce pays \u00e0 vouloir faire reconna\u00eetre le caftan comme un patrimoine exclusivement marocain\u00a0\u00bb, une d\u00e9marche inacceptable.<\/p>\n\n\n\n<p>Face \u00e0 cette situation, l&rsquo;association a lanc\u00e9 une p\u00e9tition \u00e9lectronique adress\u00e9e \u00e0 l&rsquo;Unesco et ouverte aux signatures jusqu&rsquo;au 30 novembre 2025, appelant \u00e0 une mobilisation massive des d\u00e9fenseurs du patrimoine national. Cet appel urgent s&rsquo;adresse particuli\u00e8rement aux historiens, chercheurs, universitaires, artistes et membres d&rsquo;associations culturelles et de protection du patrimoine, invit\u00e9s \u00e0 \u00ab\u00a0s&rsquo;unir pour d\u00e9fendre le patrimoine national contre cette tentative d&rsquo;appropriation culturelle\u00a0\u00bb. L&rsquo;initiative vise \u00e0 rassembler un maximum de soutiens pour faire entendre la voix de l&rsquo;Alg\u00e9rie dans les instances internationales et contrer efficacement la candidature marocaine.<\/p>\n\n\n\n<p>L&rsquo;association exhorte \u00e9galement les organisations officielles et les collectifs associatifs \u00e0 prendre leurs responsabilit\u00e9s dans cette \u00ab\u00a0bataille civilisationnelle\u00a0\u00bb. Elle les appelle \u00e0 pr\u00e9parer des p\u00e9titions officielles au nom de leurs organisations, exprimant leur refus cat\u00e9gorique de cette candidature et affirmant l&rsquo;alg\u00e9rianit\u00e9 des \u00e9l\u00e9ments patrimoniaux concern\u00e9s. Ces documents peuvent \u00eatre transmis directement \u00e0 l&rsquo;association, qui se charge de les acheminer vers les autorit\u00e9s comp\u00e9tentes, cr\u00e9ant ainsi une cha\u00eene de solidarit\u00e9 institutionnelle face \u00e0 cette menace patrimoniale.<\/p>\n\n\n\n<p>Cette mobilisation intervient alors que l&rsquo;Alg\u00e9rie a elle-m\u00eame d\u00e9pos\u00e9 aupr\u00e8s de l&rsquo;UNESCO un dossier de candidature pour l&rsquo;inscription du costume f\u00e9minin de c\u00e9r\u00e9monie dans le Grand Est alg\u00e9rien. Ce dossier, souligne l&rsquo;association, \u00ab\u00a0met en lumi\u00e8re une tradition vestimentaire et artisanale exceptionnelle\u00a0\u00bb et \u00ab\u00a0t\u00e9moigne de la richesse du patrimoine culturel f\u00e9minin alg\u00e9rien\u00a0\u00bb. Il comprend une liste exhaustive de costumes embl\u00e9matiques tels que la gandoura, le caftan et la mlehfa, d\u00e9montrant la diversit\u00e9 et la sp\u00e9cificit\u00e9 de l&rsquo;h\u00e9ritage vestimentaire alg\u00e9rien.<\/p>\n\n\n\n<p>La nouvelle d\u00e9marche marocaine s&rsquo;inscrit dans une s\u00e9rie de tentatives d&rsquo;appropriation des \u00e9l\u00e9ments de l&rsquo;identit\u00e9 alg\u00e9rienne par le Maroc. Le couscous, la musique ra\u00ef, ou encore certains \u00e9l\u00e9ments ornementaux de l&rsquo;architecture comme le zellige ont fait l&rsquo;objet de tentatives similaires.<\/p>\n\n\n\n<p>L&rsquo;urgence de cette mobilisation tient au calendrier des proc\u00e9dures UNESCO et \u00e0 l&rsquo;impact potentiel d&rsquo;une reconnaissance internationale du \u00ab\u00a0caftan marocain\u00a0\u00bb sur l&rsquo;industrie artisanale et touristique alg\u00e9rienne. L&rsquo;association \u00ab\u00a0Tourath Djazairna\u00a0\u00bb insiste sur le caract\u00e8re crucial de cette mobilisation, d\u00e9clarant que \u00ab\u00a0le temps nous presse et notre solidarit\u00e9 est notre force\u00a0\u00bb. Elle appelle \u00e0 \u00ab\u00a0une position unie pour d\u00e9fendre notre histoire et notre identit\u00e9 culturelle\u00a0\u00bb, soulignant que cette bataille d\u00e9passe le simple cadre vestimentaire pour toucher aux fondements m\u00eame de l&rsquo;identit\u00e9 nationale.<\/p>\n\n\n\n<p>Mohand S.<\/p>\n","protected":false},"excerpt":{"rendered":"<p>L&rsquo;Association nationale \u00ab\u00a0Tourath Djazairna\u00a0\u00bb a lanc\u00e9 dimanche un appel urgent \u00e0 la mobilisation face \u00e0 une nouvelle tentative d&rsquo;appropriation culturelle<\/p>\n","protected":false},"author":6,"featured_media":67447,"comment_status":"open","ping_status":"closed","sticky":false,"template":"","format":"standard","meta":{"colormag_page_container_layout":"default_layout","colormag_page_sidebar_layout":"default_layout","om_disable_all_campaigns":false,"_monsterinsights_skip_tracking":false,"_monsterinsights_sitenote_active":false,"_monsterinsights_sitenote_note":"","_monsterinsights_sitenote_category":0,"footnotes":"","_wpscppro_dont_share_socialmedia":false,"_wpscppro_custom_social_share_image":0,"_facebook_share_type":"default","_twitter_share_type":"default","_linkedin_share_type":"default","_pinterest_share_type":"default","_linkedin_share_type_page":"","_instagram_share_type":"default","_medium_share_type":"default","_threads_share_type":"","_google_business_share_type":"","_selected_social_profile":[],"_wpsp_enable_custom_social_template":false,"_wpsp_social_scheduling":{"enabled":false,"datetime":null,"platforms":[],"status":"template_only","dateOption":"today","timeOption":"now","customDays":"","customHours":"","customDate":"","customTime":"","schedulingType":"absolute"},"_wpsp_active_default_template":true},"categories":[36],"tags":[],"class_list":["post-68426","post","type-post","status-publish","format-standard","has-post-thumbnail","hentry","category-culture"],"aioseo_notices":[],"yoast_head":"<!-- This site is optimized with the Yoast SEO plugin v27.5 - https:\/\/yoast.com\/product\/yoast-seo-wordpress\/ -->\n<title>Nouvelle tentative marocaine d&rsquo;appropriation du caftan: L&rsquo;Association nationale \u00ab\u00a0Tourath Djazairna\u00a0\u00bb lance un appel urgent \u00e0 la mobilisation - La Sentinelle<\/title>\n<meta name=\"robots\" content=\"index, follow, max-snippet:-1, max-image-preview:large, max-video-preview:-1\" \/>\n<link rel=\"canonical\" href=\"https:\/\/lasentinelle.dz\/index.php\/2025\/06\/03\/nouvelle-tentative-marocaine-dappropriation-du-caftan-lassociation-nationale-tourath-djazairna-lance-un-appel-urgent-a-la-mobilisation\/\" \/>\n<meta property=\"og:locale\" content=\"fr_FR\" \/>\n<meta property=\"og:type\" content=\"article\" \/>\n<meta property=\"og:title\" content=\"Nouvelle tentative marocaine d&rsquo;appropriation du caftan: L&rsquo;Association nationale \u00ab\u00a0Tourath Djazairna\u00a0\u00bb lance un appel urgent \u00e0 la mobilisation - La Sentinelle\" \/>\n<meta property=\"og:description\" content=\"L&rsquo;Association nationale \u00ab\u00a0Tourath Djazairna\u00a0\u00bb a lanc\u00e9 dimanche un appel urgent \u00e0 la mobilisation face \u00e0 une nouvelle tentative d&rsquo;appropriation culturelle\" \/>\n<meta property=\"og:url\" content=\"https:\/\/lasentinelle.dz\/index.php\/2025\/06\/03\/nouvelle-tentative-marocaine-dappropriation-du-caftan-lassociation-nationale-tourath-djazairna-lance-un-appel-urgent-a-la-mobilisation\/\" \/>\n<meta property=\"og:site_name\" content=\"La Sentinelle\" \/>\n<meta property=\"article:publisher\" content=\"https:\/\/www.facebook.com\/La-Sentinelle-104059864394773\" \/>\n<meta property=\"article:published_time\" content=\"2025-06-03T21:28:00+00:00\" \/>\n<meta property=\"og:image\" content=\"https:\/\/lasentinelle.dz\/wp-content\/uploads\/2025\/05\/caftan-constantine.jpg\" \/>\n\t<meta property=\"og:image:width\" content=\"1600\" \/>\n\t<meta property=\"og:image:height\" content=\"1037\" \/>\n\t<meta property=\"og:image:type\" content=\"image\/jpeg\" \/>\n<meta name=\"author\" content=\"admin\" \/>\n<meta name=\"twitter:card\" content=\"summary_large_image\" \/>\n<meta name=\"twitter:label1\" content=\"\u00c9crit par\" \/>\n\t<meta name=\"twitter:data1\" content=\"admin\" \/>\n\t<meta name=\"twitter:label2\" content=\"Dur\u00e9e de lecture estim\u00e9e\" \/>\n\t<meta name=\"twitter:data2\" content=\"3 minutes\" \/>\n<script type=\"application\/ld+json\" class=\"yoast-schema-graph\">{\"@context\":\"https:\\\/\\\/schema.org\",\"@graph\":[{\"@type\":\"Article\",\"@id\":\"https:\\\/\\\/lasentinelle.dz\\\/index.php\\\/2025\\\/06\\\/03\\\/nouvelle-tentative-marocaine-dappropriation-du-caftan-lassociation-nationale-tourath-djazairna-lance-un-appel-urgent-a-la-mobilisation\\\/#article\",\"isPartOf\":{\"@id\":\"https:\\\/\\\/lasentinelle.dz\\\/index.php\\\/2025\\\/06\\\/03\\\/nouvelle-tentative-marocaine-dappropriation-du-caftan-lassociation-nationale-tourath-djazairna-lance-un-appel-urgent-a-la-mobilisation\\\/\"},\"author\":{\"name\":\"admin\",\"@id\":\"https:\\\/\\\/lasentinelle.dz\\\/#\\\/schema\\\/person\\\/729ee0024f24e0b8c5ec17232f8e8b41\"},\"headline\":\"Nouvelle tentative marocaine d&rsquo;appropriation du caftan: L&rsquo;Association nationale \u00ab\u00a0Tourath Djazairna\u00a0\u00bb lance un appel urgent \u00e0 la mobilisation\",\"datePublished\":\"2025-06-03T21:28:00+00:00\",\"mainEntityOfPage\":{\"@id\":\"https:\\\/\\\/lasentinelle.dz\\\/index.php\\\/2025\\\/06\\\/03\\\/nouvelle-tentative-marocaine-dappropriation-du-caftan-lassociation-nationale-tourath-djazairna-lance-un-appel-urgent-a-la-mobilisation\\\/\"},\"wordCount\":628,\"commentCount\":0,\"publisher\":{\"@id\":\"https:\\\/\\\/lasentinelle.dz\\\/#organization\"},\"image\":{\"@id\":\"https:\\\/\\\/lasentinelle.dz\\\/index.php\\\/2025\\\/06\\\/03\\\/nouvelle-tentative-marocaine-dappropriation-du-caftan-lassociation-nationale-tourath-djazairna-lance-un-appel-urgent-a-la-mobilisation\\\/#primaryimage\"},\"thumbnailUrl\":\"https:\\\/\\\/lasentinelle.dz\\\/wp-content\\\/uploads\\\/2025\\\/05\\\/caftan-constantine.jpg\",\"articleSection\":[\"Culture\"],\"inLanguage\":\"fr-FR\",\"potentialAction\":[{\"@type\":\"CommentAction\",\"name\":\"Comment\",\"target\":[\"https:\\\/\\\/lasentinelle.dz\\\/index.php\\\/2025\\\/06\\\/03\\\/nouvelle-tentative-marocaine-dappropriation-du-caftan-lassociation-nationale-tourath-djazairna-lance-un-appel-urgent-a-la-mobilisation\\\/#respond\"]}]},{\"@type\":\"WebPage\",\"@id\":\"https:\\\/\\\/lasentinelle.dz\\\/index.php\\\/2025\\\/06\\\/03\\\/nouvelle-tentative-marocaine-dappropriation-du-caftan-lassociation-nationale-tourath-djazairna-lance-un-appel-urgent-a-la-mobilisation\\\/\",\"url\":\"https:\\\/\\\/lasentinelle.dz\\\/index.php\\\/2025\\\/06\\\/03\\\/nouvelle-tentative-marocaine-dappropriation-du-caftan-lassociation-nationale-tourath-djazairna-lance-un-appel-urgent-a-la-mobilisation\\\/\",\"name\":\"Nouvelle tentative marocaine d&rsquo;appropriation du caftan: L&rsquo;Association nationale \u00ab\u00a0Tourath Djazairna\u00a0\u00bb lance un appel urgent \u00e0 la mobilisation - La Sentinelle\",\"isPartOf\":{\"@id\":\"https:\\\/\\\/lasentinelle.dz\\\/#website\"},\"primaryImageOfPage\":{\"@id\":\"https:\\\/\\\/lasentinelle.dz\\\/index.php\\\/2025\\\/06\\\/03\\\/nouvelle-tentative-marocaine-dappropriation-du-caftan-lassociation-nationale-tourath-djazairna-lance-un-appel-urgent-a-la-mobilisation\\\/#primaryimage\"},\"image\":{\"@id\":\"https:\\\/\\\/lasentinelle.dz\\\/index.php\\\/2025\\\/06\\\/03\\\/nouvelle-tentative-marocaine-dappropriation-du-caftan-lassociation-nationale-tourath-djazairna-lance-un-appel-urgent-a-la-mobilisation\\\/#primaryimage\"},\"thumbnailUrl\":\"https:\\\/\\\/lasentinelle.dz\\\/wp-content\\\/uploads\\\/2025\\\/05\\\/caftan-constantine.jpg\",\"datePublished\":\"2025-06-03T21:28:00+00:00\",\"breadcrumb\":{\"@id\":\"https:\\\/\\\/lasentinelle.dz\\\/index.php\\\/2025\\\/06\\\/03\\\/nouvelle-tentative-marocaine-dappropriation-du-caftan-lassociation-nationale-tourath-djazairna-lance-un-appel-urgent-a-la-mobilisation\\\/#breadcrumb\"},\"inLanguage\":\"fr-FR\",\"potentialAction\":[{\"@type\":\"ReadAction\",\"target\":[\"https:\\\/\\\/lasentinelle.dz\\\/index.php\\\/2025\\\/06\\\/03\\\/nouvelle-tentative-marocaine-dappropriation-du-caftan-lassociation-nationale-tourath-djazairna-lance-un-appel-urgent-a-la-mobilisation\\\/\"]}]},{\"@type\":\"ImageObject\",\"inLanguage\":\"fr-FR\",\"@id\":\"https:\\\/\\\/lasentinelle.dz\\\/index.php\\\/2025\\\/06\\\/03\\\/nouvelle-tentative-marocaine-dappropriation-du-caftan-lassociation-nationale-tourath-djazairna-lance-un-appel-urgent-a-la-mobilisation\\\/#primaryimage\",\"url\":\"https:\\\/\\\/lasentinelle.dz\\\/wp-content\\\/uploads\\\/2025\\\/05\\\/caftan-constantine.jpg\",\"contentUrl\":\"https:\\\/\\\/lasentinelle.dz\\\/wp-content\\\/uploads\\\/2025\\\/05\\\/caftan-constantine.jpg\",\"width\":1600,\"height\":1037},{\"@type\":\"BreadcrumbList\",\"@id\":\"https:\\\/\\\/lasentinelle.dz\\\/index.php\\\/2025\\\/06\\\/03\\\/nouvelle-tentative-marocaine-dappropriation-du-caftan-lassociation-nationale-tourath-djazairna-lance-un-appel-urgent-a-la-mobilisation\\\/#breadcrumb\",\"itemListElement\":[{\"@type\":\"ListItem\",\"position\":1,\"name\":\"Accueil\",\"item\":\"https:\\\/\\\/lasentinelle.dz\\\/\"},{\"@type\":\"ListItem\",\"position\":2,\"name\":\"Nouvelle tentative marocaine d&rsquo;appropriation du caftan: L&rsquo;Association nationale \u00ab\u00a0Tourath Djazairna\u00a0\u00bb lance un appel urgent \u00e0 la mobilisation\"}]},{\"@type\":\"WebSite\",\"@id\":\"https:\\\/\\\/lasentinelle.dz\\\/#website\",\"url\":\"https:\\\/\\\/lasentinelle.dz\\\/\",\"name\":\"La Sentinelle\",\"description\":\"Quotidien national d&#039;information\",\"publisher\":{\"@id\":\"https:\\\/\\\/lasentinelle.dz\\\/#organization\"},\"potentialAction\":[{\"@type\":\"SearchAction\",\"target\":{\"@type\":\"EntryPoint\",\"urlTemplate\":\"https:\\\/\\\/lasentinelle.dz\\\/?s={search_term_string}\"},\"query-input\":{\"@type\":\"PropertyValueSpecification\",\"valueRequired\":true,\"valueName\":\"search_term_string\"}}],\"inLanguage\":\"fr-FR\"},{\"@type\":\"Organization\",\"@id\":\"https:\\\/\\\/lasentinelle.dz\\\/#organization\",\"name\":\"Quotidien La Sentinelle\",\"url\":\"https:\\\/\\\/lasentinelle.dz\\\/\",\"logo\":{\"@type\":\"ImageObject\",\"inLanguage\":\"fr-FR\",\"@id\":\"https:\\\/\\\/lasentinelle.dz\\\/#\\\/schema\\\/logo\\\/image\\\/\",\"url\":\"https:\\\/\\\/lasentinelle.dz\\\/wp-content\\\/uploads\\\/2021\\\/09\\\/logo-sentinelleSLOGAN-1.png\",\"contentUrl\":\"https:\\\/\\\/lasentinelle.dz\\\/wp-content\\\/uploads\\\/2021\\\/09\\\/logo-sentinelleSLOGAN-1.png\",\"width\":615,\"height\":142,\"caption\":\"Quotidien La Sentinelle\"},\"image\":{\"@id\":\"https:\\\/\\\/lasentinelle.dz\\\/#\\\/schema\\\/logo\\\/image\\\/\"},\"sameAs\":[\"https:\\\/\\\/www.facebook.com\\\/La-Sentinelle-104059864394773\"]},{\"@type\":\"Person\",\"@id\":\"https:\\\/\\\/lasentinelle.dz\\\/#\\\/schema\\\/person\\\/729ee0024f24e0b8c5ec17232f8e8b41\",\"name\":\"admin\",\"image\":{\"@type\":\"ImageObject\",\"inLanguage\":\"fr-FR\",\"@id\":\"https:\\\/\\\/secure.gravatar.com\\\/avatar\\\/4c81fed838786e9b53f540bf46533e750f5d292099ae3b66cfc6fb1982e29df7?s=96&d=mm&r=g\",\"url\":\"https:\\\/\\\/secure.gravatar.com\\\/avatar\\\/4c81fed838786e9b53f540bf46533e750f5d292099ae3b66cfc6fb1982e29df7?s=96&d=mm&r=g\",\"contentUrl\":\"https:\\\/\\\/secure.gravatar.com\\\/avatar\\\/4c81fed838786e9b53f540bf46533e750f5d292099ae3b66cfc6fb1982e29df7?s=96&d=mm&r=g\",\"caption\":\"admin\"},\"description\":\"admin\",\"url\":\"https:\\\/\\\/lasentinelle.dz\\\/author\\\/admin\\\/\"}]}<\/script>\n<!-- \/ Yoast SEO plugin. -->","yoast_head_json":{"title":"Nouvelle tentative marocaine d&rsquo;appropriation du caftan: L&rsquo;Association nationale \u00ab\u00a0Tourath Djazairna\u00a0\u00bb lance un appel urgent \u00e0 la mobilisation - La Sentinelle","robots":{"index":"index","follow":"follow","max-snippet":"max-snippet:-1","max-image-preview":"max-image-preview:large","max-video-preview":"max-video-preview:-1"},"canonical":"https:\/\/lasentinelle.dz\/index.php\/2025\/06\/03\/nouvelle-tentative-marocaine-dappropriation-du-caftan-lassociation-nationale-tourath-djazairna-lance-un-appel-urgent-a-la-mobilisation\/","og_locale":"fr_FR","og_type":"article","og_title":"Nouvelle tentative marocaine d&rsquo;appropriation du caftan: L&rsquo;Association nationale \u00ab\u00a0Tourath Djazairna\u00a0\u00bb lance un appel urgent \u00e0 la mobilisation - La Sentinelle","og_description":"L&rsquo;Association nationale \u00ab\u00a0Tourath Djazairna\u00a0\u00bb a lanc\u00e9 dimanche un appel urgent \u00e0 la mobilisation face \u00e0 une nouvelle tentative d&rsquo;appropriation culturelle","og_url":"https:\/\/lasentinelle.dz\/index.php\/2025\/06\/03\/nouvelle-tentative-marocaine-dappropriation-du-caftan-lassociation-nationale-tourath-djazairna-lance-un-appel-urgent-a-la-mobilisation\/","og_site_name":"La Sentinelle","article_publisher":"https:\/\/www.facebook.com\/La-Sentinelle-104059864394773","article_published_time":"2025-06-03T21:28:00+00:00","og_image":[{"width":1600,"height":1037,"url":"https:\/\/lasentinelle.dz\/wp-content\/uploads\/2025\/05\/caftan-constantine.jpg","type":"image\/jpeg"}],"author":"admin","twitter_card":"summary_large_image","twitter_misc":{"\u00c9crit par":"admin","Dur\u00e9e de lecture estim\u00e9e":"3 minutes"},"schema":{"@context":"https:\/\/schema.org","@graph":[{"@type":"Article","@id":"https:\/\/lasentinelle.dz\/index.php\/2025\/06\/03\/nouvelle-tentative-marocaine-dappropriation-du-caftan-lassociation-nationale-tourath-djazairna-lance-un-appel-urgent-a-la-mobilisation\/#article","isPartOf":{"@id":"https:\/\/lasentinelle.dz\/index.php\/2025\/06\/03\/nouvelle-tentative-marocaine-dappropriation-du-caftan-lassociation-nationale-tourath-djazairna-lance-un-appel-urgent-a-la-mobilisation\/"},"author":{"name":"admin","@id":"https:\/\/lasentinelle.dz\/#\/schema\/person\/729ee0024f24e0b8c5ec17232f8e8b41"},"headline":"Nouvelle tentative marocaine d&rsquo;appropriation du caftan: L&rsquo;Association nationale \u00ab\u00a0Tourath Djazairna\u00a0\u00bb lance un appel urgent \u00e0 la mobilisation","datePublished":"2025-06-03T21:28:00+00:00","mainEntityOfPage":{"@id":"https:\/\/lasentinelle.dz\/index.php\/2025\/06\/03\/nouvelle-tentative-marocaine-dappropriation-du-caftan-lassociation-nationale-tourath-djazairna-lance-un-appel-urgent-a-la-mobilisation\/"},"wordCount":628,"commentCount":0,"publisher":{"@id":"https:\/\/lasentinelle.dz\/#organization"},"image":{"@id":"https:\/\/lasentinelle.dz\/index.php\/2025\/06\/03\/nouvelle-tentative-marocaine-dappropriation-du-caftan-lassociation-nationale-tourath-djazairna-lance-un-appel-urgent-a-la-mobilisation\/#primaryimage"},"thumbnailUrl":"https:\/\/lasentinelle.dz\/wp-content\/uploads\/2025\/05\/caftan-constantine.jpg","articleSection":["Culture"],"inLanguage":"fr-FR","potentialAction":[{"@type":"CommentAction","name":"Comment","target":["https:\/\/lasentinelle.dz\/index.php\/2025\/06\/03\/nouvelle-tentative-marocaine-dappropriation-du-caftan-lassociation-nationale-tourath-djazairna-lance-un-appel-urgent-a-la-mobilisation\/#respond"]}]},{"@type":"WebPage","@id":"https:\/\/lasentinelle.dz\/index.php\/2025\/06\/03\/nouvelle-tentative-marocaine-dappropriation-du-caftan-lassociation-nationale-tourath-djazairna-lance-un-appel-urgent-a-la-mobilisation\/","url":"https:\/\/lasentinelle.dz\/index.php\/2025\/06\/03\/nouvelle-tentative-marocaine-dappropriation-du-caftan-lassociation-nationale-tourath-djazairna-lance-un-appel-urgent-a-la-mobilisation\/","name":"Nouvelle tentative marocaine d&rsquo;appropriation du caftan: L&rsquo;Association nationale \u00ab\u00a0Tourath Djazairna\u00a0\u00bb lance un appel urgent \u00e0 la mobilisation - La Sentinelle","isPartOf":{"@id":"https:\/\/lasentinelle.dz\/#website"},"primaryImageOfPage":{"@id":"https:\/\/lasentinelle.dz\/index.php\/2025\/06\/03\/nouvelle-tentative-marocaine-dappropriation-du-caftan-lassociation-nationale-tourath-djazairna-lance-un-appel-urgent-a-la-mobilisation\/#primaryimage"},"image":{"@id":"https:\/\/lasentinelle.dz\/index.php\/2025\/06\/03\/nouvelle-tentative-marocaine-dappropriation-du-caftan-lassociation-nationale-tourath-djazairna-lance-un-appel-urgent-a-la-mobilisation\/#primaryimage"},"thumbnailUrl":"https:\/\/lasentinelle.dz\/wp-content\/uploads\/2025\/05\/caftan-constantine.jpg","datePublished":"2025-06-03T21:28:00+00:00","breadcrumb":{"@id":"https:\/\/lasentinelle.dz\/index.php\/2025\/06\/03\/nouvelle-tentative-marocaine-dappropriation-du-caftan-lassociation-nationale-tourath-djazairna-lance-un-appel-urgent-a-la-mobilisation\/#breadcrumb"},"inLanguage":"fr-FR","potentialAction":[{"@type":"ReadAction","target":["https:\/\/lasentinelle.dz\/index.php\/2025\/06\/03\/nouvelle-tentative-marocaine-dappropriation-du-caftan-lassociation-nationale-tourath-djazairna-lance-un-appel-urgent-a-la-mobilisation\/"]}]},{"@type":"ImageObject","inLanguage":"fr-FR","@id":"https:\/\/lasentinelle.dz\/index.php\/2025\/06\/03\/nouvelle-tentative-marocaine-dappropriation-du-caftan-lassociation-nationale-tourath-djazairna-lance-un-appel-urgent-a-la-mobilisation\/#primaryimage","url":"https:\/\/lasentinelle.dz\/wp-content\/uploads\/2025\/05\/caftan-constantine.jpg","contentUrl":"https:\/\/lasentinelle.dz\/wp-content\/uploads\/2025\/05\/caftan-constantine.jpg","width":1600,"height":1037},{"@type":"BreadcrumbList","@id":"https:\/\/lasentinelle.dz\/index.php\/2025\/06\/03\/nouvelle-tentative-marocaine-dappropriation-du-caftan-lassociation-nationale-tourath-djazairna-lance-un-appel-urgent-a-la-mobilisation\/#breadcrumb","itemListElement":[{"@type":"ListItem","position":1,"name":"Accueil","item":"https:\/\/lasentinelle.dz\/"},{"@type":"ListItem","position":2,"name":"Nouvelle tentative marocaine d&rsquo;appropriation du caftan: L&rsquo;Association nationale \u00ab\u00a0Tourath Djazairna\u00a0\u00bb lance un appel urgent \u00e0 la mobilisation"}]},{"@type":"WebSite","@id":"https:\/\/lasentinelle.dz\/#website","url":"https:\/\/lasentinelle.dz\/","name":"La Sentinelle","description":"Quotidien national d&#039;information","publisher":{"@id":"https:\/\/lasentinelle.dz\/#organization"},"potentialAction":[{"@type":"SearchAction","target":{"@type":"EntryPoint","urlTemplate":"https:\/\/lasentinelle.dz\/?s={search_term_string}"},"query-input":{"@type":"PropertyValueSpecification","valueRequired":true,"valueName":"search_term_string"}}],"inLanguage":"fr-FR"},{"@type":"Organization","@id":"https:\/\/lasentinelle.dz\/#organization","name":"Quotidien La Sentinelle","url":"https:\/\/lasentinelle.dz\/","logo":{"@type":"ImageObject","inLanguage":"fr-FR","@id":"https:\/\/lasentinelle.dz\/#\/schema\/logo\/image\/","url":"https:\/\/lasentinelle.dz\/wp-content\/uploads\/2021\/09\/logo-sentinelleSLOGAN-1.png","contentUrl":"https:\/\/lasentinelle.dz\/wp-content\/uploads\/2021\/09\/logo-sentinelleSLOGAN-1.png","width":615,"height":142,"caption":"Quotidien La Sentinelle"},"image":{"@id":"https:\/\/lasentinelle.dz\/#\/schema\/logo\/image\/"},"sameAs":["https:\/\/www.facebook.com\/La-Sentinelle-104059864394773"]},{"@type":"Person","@id":"https:\/\/lasentinelle.dz\/#\/schema\/person\/729ee0024f24e0b8c5ec17232f8e8b41","name":"admin","image":{"@type":"ImageObject","inLanguage":"fr-FR","@id":"https:\/\/secure.gravatar.com\/avatar\/4c81fed838786e9b53f540bf46533e750f5d292099ae3b66cfc6fb1982e29df7?s=96&d=mm&r=g","url":"https:\/\/secure.gravatar.com\/avatar\/4c81fed838786e9b53f540bf46533e750f5d292099ae3b66cfc6fb1982e29df7?s=96&d=mm&r=g","contentUrl":"https:\/\/secure.gravatar.com\/avatar\/4c81fed838786e9b53f540bf46533e750f5d292099ae3b66cfc6fb1982e29df7?s=96&d=mm&r=g","caption":"admin"},"description":"admin","url":"https:\/\/lasentinelle.dz\/author\/admin\/"}]}},"_links":{"self":[{"href":"https:\/\/lasentinelle.dz\/index.php\/wp-json\/wp\/v2\/posts\/68426","targetHints":{"allow":["GET"]}}],"collection":[{"href":"https:\/\/lasentinelle.dz\/index.php\/wp-json\/wp\/v2\/posts"}],"about":[{"href":"https:\/\/lasentinelle.dz\/index.php\/wp-json\/wp\/v2\/types\/post"}],"author":[{"embeddable":true,"href":"https:\/\/lasentinelle.dz\/index.php\/wp-json\/wp\/v2\/users\/6"}],"replies":[{"embeddable":true,"href":"https:\/\/lasentinelle.dz\/index.php\/wp-json\/wp\/v2\/comments?post=68426"}],"version-history":[{"count":2,"href":"https:\/\/lasentinelle.dz\/index.php\/wp-json\/wp\/v2\/posts\/68426\/revisions"}],"predecessor-version":[{"id":68428,"href":"https:\/\/lasentinelle.dz\/index.php\/wp-json\/wp\/v2\/posts\/68426\/revisions\/68428"}],"wp:featuredmedia":[{"embeddable":true,"href":"https:\/\/lasentinelle.dz\/index.php\/wp-json\/wp\/v2\/media\/67447"}],"wp:attachment":[{"href":"https:\/\/lasentinelle.dz\/index.php\/wp-json\/wp\/v2\/media?parent=68426"}],"wp:term":[{"taxonomy":"category","embeddable":true,"href":"https:\/\/lasentinelle.dz\/index.php\/wp-json\/wp\/v2\/categories?post=68426"},{"taxonomy":"post_tag","embeddable":true,"href":"https:\/\/lasentinelle.dz\/index.php\/wp-json\/wp\/v2\/tags?post=68426"}],"curies":[{"name":"wp","href":"https:\/\/api.w.org\/{rel}","templated":true}]}}