{"id":68429,"date":"2025-06-03T22:28:54","date_gmt":"2025-06-03T21:28:54","guid":{"rendered":"https:\/\/lasentinelle.dz\/?p=68429"},"modified":"2025-06-03T22:28:55","modified_gmt":"2025-06-03T21:28:55","slug":"patrimoine-le-dossier-des-itineraires-culturels-numides-a-lunesco","status":"publish","type":"post","link":"https:\/\/lasentinelle.dz\/index.php\/2025\/06\/03\/patrimoine-le-dossier-des-itineraires-culturels-numides-a-lunesco\/","title":{"rendered":"Patrimoine: Le dossier des itin\u00e9raires culturels numides \u00e0 l&rsquo;Unesco"},"content":{"rendered":"\n<p>Le mausol\u00e9e de Syphax constitue l&rsquo;un des t\u00e9moins architecturaux les plus remarquables de l&rsquo;\u00e9poque numide en Afrique du Nord.<\/p>\n\n\n\n<p>Le ministre de la Culture et des Arts, Zoheir Bellalou, a annonc\u00e9 lundi \u00e0 A\u00efn Temouchent le d\u00e9p\u00f4t du dossier des itin\u00e9raires culturels des mausol\u00e9es fun\u00e9raires et tombes numides aupr\u00e8s de l&rsquo;UNESCO pour inscription au patrimoine mondial. Cette d\u00e9marche ambitieuse vise \u00e0 faire reconna\u00eetre \u00e0 l&rsquo;\u00e9chelle plan\u00e9taire l&rsquo;exceptionnelle richesse arch\u00e9ologique de l&rsquo;Alg\u00e9rie antique et \u00e0 valoriser l&rsquo;h\u00e9ritage de la civilisation berb\u00e8re. \u00ab La wilaya d&rsquo;A\u00efn Temouchent est concern\u00e9e par ce dossier \u00e0 travers le mausol\u00e9e du roi Syphax \u00bb, a soulign\u00e9 le ministre, mettant en avant l&rsquo;importance strat\u00e9gique de ce site dans la candidature nationale.<\/p>\n\n\n\n<p>Cette initiative s&rsquo;inscrit dans une politique culturelle globale qui reconna\u00eet le potentiel touristique et scientifique consid\u00e9rable de ces vestiges historiques. Le mausol\u00e9e de Syphax, situ\u00e9 dans la commune de l&rsquo;Emir Abdelkader, constitue l&rsquo;un des t\u00e9moins architecturaux les plus remarquables de l&rsquo;\u00e9poque numide en Afrique du Nord. Ce monument fun\u00e9raire, d\u00e9di\u00e9 au roi des Mas\u00e6syles qui r\u00e9gna au IIIe si\u00e8cle avant J.-C., repr\u00e9sente un patrimoine arch\u00e9ologique d&rsquo;une valeur inestimable, tant par son \u00e9tat de conservation que par sa signification historique dans l&rsquo;histoire de la r\u00e9sistance berb\u00e8re face \u00e0 l&rsquo;expansion romaine.<\/p>\n\n\n\n<p>La visite minist\u00e9rielle au village de Beni Ghanem a permis de constater l&rsquo;ach\u00e8vement des travaux d&rsquo;urgence de conservation du mausol\u00e9e royal. Lors de cette \u00e9tape, Zoheir Bellalou a re\u00e7u deux pr\u00e9sentations techniques approfondies : la premi\u00e8re concernant l&rsquo;\u00e9tude des travaux d&rsquo;intervention pr\u00e9ventive sur le site de Syphax, la seconde relative au plan de protection du site arch\u00e9ologique de Siga, r\u00e9cemment approuv\u00e9 par l&rsquo;Assembl\u00e9e populaire de wilaya. Ces mesures t\u00e9moignent d&rsquo;une approche int\u00e9gr\u00e9e qui associe protection patrimoniale et d\u00e9veloppement \u00e9conomique local, pla\u00e7ant la valorisation du patrimoine historique au c\u0153ur des strat\u00e9gies de d\u00e9veloppement territorial.<\/p>\n\n\n\n<p>Le ministre a profit\u00e9 de cette visite pour donner des instructions pr\u00e9cises aux repr\u00e9sentants de l&rsquo;Office national de gestion et d&rsquo;exploitation des biens culturels prot\u00e9g\u00e9s et \u00e0 la direction de la culture de la wilaya. Il a notamment insist\u00e9 sur la n\u00e9cessit\u00e9 d&rsquo;\u00ab achever l&rsquo;inventaire du patrimoine culturel mat\u00e9riel pr\u00e9sent sur le territoire de la wilaya et de pr\u00e9parer les dossiers de classement, notamment pour le site d&rsquo;Aghbal, comme \u00e9tape d&rsquo;urgence visant \u00e0 l&rsquo;int\u00e9grer dans les circuits touristiques \u00bb. Cette d\u00e9marche m\u00e9thodique vise \u00e0 constituer un corpus exhaustif des richesses patrimoniales locales pour optimiser leur protection juridique et leur valorisation touristique.<\/p>\n\n\n\n<p><strong>Patrimoine immat\u00e9riel<\/strong><\/p>\n\n\n\n<p>L&rsquo;approche du minist\u00e8re ne se limite pas au patrimoine mat\u00e9riel. Zoheir Bellalou a \u00e9galement soulign\u00e9 \u00ab la n\u00e9cessit\u00e9 d&rsquo;inventorier le patrimoine culturel immat\u00e9riel, dans le but d&rsquo;enrichir la banque de donn\u00e9es nationale sp\u00e9cialis\u00e9e dans cette cat\u00e9gorie de patrimoine, contribuant ainsi \u00e0 sa pr\u00e9servation et sa valorisation \u00bb. Cette vision globale reconna\u00eet l&rsquo;importance des traditions orales, des pratiques artisanales et des expressions culturelles populaires comme composantes essentielles de l&rsquo;identit\u00e9 culturelle alg\u00e9rienne.<\/p>\n\n\n\n<p>La strat\u00e9gie culturelle pour la wilaya d&rsquo;A\u00efn Temouchent s&rsquo;articule autour d&rsquo;un calendrier d&rsquo;\u00e9v\u00e9nements ambitieux. Le ministre a confirm\u00e9 l&rsquo;organisation du Festival culturel national des marionnettes Garagouz en ao\u00fbt prochain, accompagn\u00e9 d&rsquo;un \u00e9v\u00e9nement national d\u00e9di\u00e9 aux formations de cuivres et d&rsquo;un atelier national consacr\u00e9 \u00e0 l&rsquo;int\u00e9gration des biens culturels et du patrimoine naturel dans la dynamique touristique de la wilaya, en coordination avec les secteurs du tourisme et de l&rsquo;environnement. \u00ab Au vu du potentiel culturel et patrimonial de la wilaya, un atelier national sera organis\u00e9 avant la fin de l&rsquo;ann\u00e9e en cours pour valoriser l&rsquo;ensemble des \u00e9l\u00e9ments culturels et en faire des ressources profitables au d\u00e9veloppement culturel et touristique de la r\u00e9gion \u00bb, a-t-il pr\u00e9cis\u00e9.<\/p>\n\n\n\n<p>La dimension immat\u00e9rielle du patrimoine n&rsquo;est pas n\u00e9glig\u00e9e dans cette approche globale. Le ministre a donn\u00e9 des instructions \u00e0 la biblioth\u00e8que principale de lecture publique pour \u00ab organiser une rencontre nationale sp\u00e9cialis\u00e9e dans les conteurs traditionnels et travailler \u00e0 la documentation de ce patrimoine oral authentique qui fait la renomm\u00e9e de la r\u00e9gion, dans le cadre de la pr\u00e9servation de la m\u00e9moire populaire et de la valorisation de la cr\u00e9ation orale dans le paysage culturel national \u00bb. Cette initiative r\u00e9pond \u00e0 l&rsquo;urgence de sauvegarder les traditions orales menac\u00e9es par les mutations sociales contemporaines.<\/p>\n\n\n\n<p>Mohand Seghir<\/p>\n","protected":false},"excerpt":{"rendered":"<p>Le mausol\u00e9e de Syphax constitue l&rsquo;un des t\u00e9moins architecturaux les plus remarquables de l&rsquo;\u00e9poque numide en Afrique du Nord. Le<\/p>\n","protected":false},"author":6,"featured_media":68430,"comment_status":"open","ping_status":"closed","sticky":false,"template":"","format":"standard","meta":{"colormag_page_container_layout":"default_layout","colormag_page_sidebar_layout":"default_layout","om_disable_all_campaigns":false,"_monsterinsights_skip_tracking":false,"_monsterinsights_sitenote_active":false,"_monsterinsights_sitenote_note":"","_monsterinsights_sitenote_category":0,"footnotes":"","_wpscppro_dont_share_socialmedia":false,"_wpscppro_custom_social_share_image":0,"_facebook_share_type":"default","_twitter_share_type":"default","_linkedin_share_type":"default","_pinterest_share_type":"default","_linkedin_share_type_page":"","_instagram_share_type":"default","_medium_share_type":"default","_threads_share_type":"","_google_business_share_type":"","_selected_social_profile":[],"_wpsp_enable_custom_social_template":false,"_wpsp_social_scheduling":{"enabled":false,"datetime":null,"platforms":[],"status":"template_only","dateOption":"today","timeOption":"now","customDays":"","customHours":"","customDate":"","customTime":"","schedulingType":"absolute"},"_wpsp_active_default_template":true},"categories":[36],"tags":[],"class_list":["post-68429","post","type-post","status-publish","format-standard","has-post-thumbnail","hentry","category-culture"],"aioseo_notices":[],"yoast_head":"<!-- This site is optimized with the Yoast SEO plugin v27.5 - https:\/\/yoast.com\/product\/yoast-seo-wordpress\/ -->\n<title>Patrimoine: Le dossier des itin\u00e9raires culturels numides \u00e0 l&rsquo;Unesco - La Sentinelle<\/title>\n<meta name=\"robots\" content=\"index, follow, max-snippet:-1, max-image-preview:large, max-video-preview:-1\" \/>\n<link rel=\"canonical\" href=\"https:\/\/lasentinelle.dz\/index.php\/2025\/06\/03\/patrimoine-le-dossier-des-itineraires-culturels-numides-a-lunesco\/\" \/>\n<meta property=\"og:locale\" content=\"fr_FR\" \/>\n<meta property=\"og:type\" content=\"article\" \/>\n<meta property=\"og:title\" content=\"Patrimoine: Le dossier des itin\u00e9raires culturels numides \u00e0 l&rsquo;Unesco - La Sentinelle\" \/>\n<meta property=\"og:description\" content=\"Le mausol\u00e9e de Syphax constitue l&rsquo;un des t\u00e9moins architecturaux les plus remarquables de l&rsquo;\u00e9poque numide en Afrique du Nord. Le\" \/>\n<meta property=\"og:url\" content=\"https:\/\/lasentinelle.dz\/index.php\/2025\/06\/03\/patrimoine-le-dossier-des-itineraires-culturels-numides-a-lunesco\/\" \/>\n<meta property=\"og:site_name\" content=\"La Sentinelle\" \/>\n<meta property=\"article:publisher\" content=\"https:\/\/www.facebook.com\/La-Sentinelle-104059864394773\" \/>\n<meta property=\"article:published_time\" content=\"2025-06-03T21:28:54+00:00\" \/>\n<meta property=\"article:modified_time\" content=\"2025-06-03T21:28:55+00:00\" \/>\n<meta property=\"og:image\" content=\"https:\/\/lasentinelle.dz\/wp-content\/uploads\/2025\/06\/mausolee.jpg\" \/>\n\t<meta property=\"og:image:width\" content=\"2048\" \/>\n\t<meta property=\"og:image:height\" content=\"1365\" \/>\n\t<meta property=\"og:image:type\" content=\"image\/jpeg\" \/>\n<meta name=\"author\" content=\"admin\" \/>\n<meta name=\"twitter:card\" content=\"summary_large_image\" \/>\n<meta name=\"twitter:label1\" content=\"\u00c9crit par\" \/>\n\t<meta name=\"twitter:data1\" content=\"admin\" \/>\n\t<meta name=\"twitter:label2\" content=\"Dur\u00e9e de lecture estim\u00e9e\" \/>\n\t<meta name=\"twitter:data2\" content=\"4 minutes\" \/>\n<script type=\"application\/ld+json\" class=\"yoast-schema-graph\">{\"@context\":\"https:\\\/\\\/schema.org\",\"@graph\":[{\"@type\":\"Article\",\"@id\":\"https:\\\/\\\/lasentinelle.dz\\\/index.php\\\/2025\\\/06\\\/03\\\/patrimoine-le-dossier-des-itineraires-culturels-numides-a-lunesco\\\/#article\",\"isPartOf\":{\"@id\":\"https:\\\/\\\/lasentinelle.dz\\\/index.php\\\/2025\\\/06\\\/03\\\/patrimoine-le-dossier-des-itineraires-culturels-numides-a-lunesco\\\/\"},\"author\":{\"name\":\"admin\",\"@id\":\"https:\\\/\\\/lasentinelle.dz\\\/#\\\/schema\\\/person\\\/729ee0024f24e0b8c5ec17232f8e8b41\"},\"headline\":\"Patrimoine: Le dossier des itin\u00e9raires culturels numides \u00e0 l&rsquo;Unesco\",\"datePublished\":\"2025-06-03T21:28:54+00:00\",\"dateModified\":\"2025-06-03T21:28:55+00:00\",\"mainEntityOfPage\":{\"@id\":\"https:\\\/\\\/lasentinelle.dz\\\/index.php\\\/2025\\\/06\\\/03\\\/patrimoine-le-dossier-des-itineraires-culturels-numides-a-lunesco\\\/\"},\"wordCount\":812,\"commentCount\":0,\"publisher\":{\"@id\":\"https:\\\/\\\/lasentinelle.dz\\\/#organization\"},\"image\":{\"@id\":\"https:\\\/\\\/lasentinelle.dz\\\/index.php\\\/2025\\\/06\\\/03\\\/patrimoine-le-dossier-des-itineraires-culturels-numides-a-lunesco\\\/#primaryimage\"},\"thumbnailUrl\":\"https:\\\/\\\/lasentinelle.dz\\\/wp-content\\\/uploads\\\/2025\\\/06\\\/mausolee.jpg\",\"articleSection\":[\"Culture\"],\"inLanguage\":\"fr-FR\",\"potentialAction\":[{\"@type\":\"CommentAction\",\"name\":\"Comment\",\"target\":[\"https:\\\/\\\/lasentinelle.dz\\\/index.php\\\/2025\\\/06\\\/03\\\/patrimoine-le-dossier-des-itineraires-culturels-numides-a-lunesco\\\/#respond\"]}]},{\"@type\":\"WebPage\",\"@id\":\"https:\\\/\\\/lasentinelle.dz\\\/index.php\\\/2025\\\/06\\\/03\\\/patrimoine-le-dossier-des-itineraires-culturels-numides-a-lunesco\\\/\",\"url\":\"https:\\\/\\\/lasentinelle.dz\\\/index.php\\\/2025\\\/06\\\/03\\\/patrimoine-le-dossier-des-itineraires-culturels-numides-a-lunesco\\\/\",\"name\":\"Patrimoine: Le dossier des itin\u00e9raires culturels numides \u00e0 l&rsquo;Unesco - La Sentinelle\",\"isPartOf\":{\"@id\":\"https:\\\/\\\/lasentinelle.dz\\\/#website\"},\"primaryImageOfPage\":{\"@id\":\"https:\\\/\\\/lasentinelle.dz\\\/index.php\\\/2025\\\/06\\\/03\\\/patrimoine-le-dossier-des-itineraires-culturels-numides-a-lunesco\\\/#primaryimage\"},\"image\":{\"@id\":\"https:\\\/\\\/lasentinelle.dz\\\/index.php\\\/2025\\\/06\\\/03\\\/patrimoine-le-dossier-des-itineraires-culturels-numides-a-lunesco\\\/#primaryimage\"},\"thumbnailUrl\":\"https:\\\/\\\/lasentinelle.dz\\\/wp-content\\\/uploads\\\/2025\\\/06\\\/mausolee.jpg\",\"datePublished\":\"2025-06-03T21:28:54+00:00\",\"dateModified\":\"2025-06-03T21:28:55+00:00\",\"breadcrumb\":{\"@id\":\"https:\\\/\\\/lasentinelle.dz\\\/index.php\\\/2025\\\/06\\\/03\\\/patrimoine-le-dossier-des-itineraires-culturels-numides-a-lunesco\\\/#breadcrumb\"},\"inLanguage\":\"fr-FR\",\"potentialAction\":[{\"@type\":\"ReadAction\",\"target\":[\"https:\\\/\\\/lasentinelle.dz\\\/index.php\\\/2025\\\/06\\\/03\\\/patrimoine-le-dossier-des-itineraires-culturels-numides-a-lunesco\\\/\"]}]},{\"@type\":\"ImageObject\",\"inLanguage\":\"fr-FR\",\"@id\":\"https:\\\/\\\/lasentinelle.dz\\\/index.php\\\/2025\\\/06\\\/03\\\/patrimoine-le-dossier-des-itineraires-culturels-numides-a-lunesco\\\/#primaryimage\",\"url\":\"https:\\\/\\\/lasentinelle.dz\\\/wp-content\\\/uploads\\\/2025\\\/06\\\/mausolee.jpg\",\"contentUrl\":\"https:\\\/\\\/lasentinelle.dz\\\/wp-content\\\/uploads\\\/2025\\\/06\\\/mausolee.jpg\",\"width\":2048,\"height\":1365},{\"@type\":\"BreadcrumbList\",\"@id\":\"https:\\\/\\\/lasentinelle.dz\\\/index.php\\\/2025\\\/06\\\/03\\\/patrimoine-le-dossier-des-itineraires-culturels-numides-a-lunesco\\\/#breadcrumb\",\"itemListElement\":[{\"@type\":\"ListItem\",\"position\":1,\"name\":\"Accueil\",\"item\":\"https:\\\/\\\/lasentinelle.dz\\\/\"},{\"@type\":\"ListItem\",\"position\":2,\"name\":\"Patrimoine: Le dossier des itin\u00e9raires culturels numides \u00e0 l&rsquo;Unesco\"}]},{\"@type\":\"WebSite\",\"@id\":\"https:\\\/\\\/lasentinelle.dz\\\/#website\",\"url\":\"https:\\\/\\\/lasentinelle.dz\\\/\",\"name\":\"La Sentinelle\",\"description\":\"Quotidien national d&#039;information\",\"publisher\":{\"@id\":\"https:\\\/\\\/lasentinelle.dz\\\/#organization\"},\"potentialAction\":[{\"@type\":\"SearchAction\",\"target\":{\"@type\":\"EntryPoint\",\"urlTemplate\":\"https:\\\/\\\/lasentinelle.dz\\\/?s={search_term_string}\"},\"query-input\":{\"@type\":\"PropertyValueSpecification\",\"valueRequired\":true,\"valueName\":\"search_term_string\"}}],\"inLanguage\":\"fr-FR\"},{\"@type\":\"Organization\",\"@id\":\"https:\\\/\\\/lasentinelle.dz\\\/#organization\",\"name\":\"Quotidien La Sentinelle\",\"url\":\"https:\\\/\\\/lasentinelle.dz\\\/\",\"logo\":{\"@type\":\"ImageObject\",\"inLanguage\":\"fr-FR\",\"@id\":\"https:\\\/\\\/lasentinelle.dz\\\/#\\\/schema\\\/logo\\\/image\\\/\",\"url\":\"https:\\\/\\\/lasentinelle.dz\\\/wp-content\\\/uploads\\\/2021\\\/09\\\/logo-sentinelleSLOGAN-1.png\",\"contentUrl\":\"https:\\\/\\\/lasentinelle.dz\\\/wp-content\\\/uploads\\\/2021\\\/09\\\/logo-sentinelleSLOGAN-1.png\",\"width\":615,\"height\":142,\"caption\":\"Quotidien La Sentinelle\"},\"image\":{\"@id\":\"https:\\\/\\\/lasentinelle.dz\\\/#\\\/schema\\\/logo\\\/image\\\/\"},\"sameAs\":[\"https:\\\/\\\/www.facebook.com\\\/La-Sentinelle-104059864394773\"]},{\"@type\":\"Person\",\"@id\":\"https:\\\/\\\/lasentinelle.dz\\\/#\\\/schema\\\/person\\\/729ee0024f24e0b8c5ec17232f8e8b41\",\"name\":\"admin\",\"image\":{\"@type\":\"ImageObject\",\"inLanguage\":\"fr-FR\",\"@id\":\"https:\\\/\\\/secure.gravatar.com\\\/avatar\\\/4c81fed838786e9b53f540bf46533e750f5d292099ae3b66cfc6fb1982e29df7?s=96&d=mm&r=g\",\"url\":\"https:\\\/\\\/secure.gravatar.com\\\/avatar\\\/4c81fed838786e9b53f540bf46533e750f5d292099ae3b66cfc6fb1982e29df7?s=96&d=mm&r=g\",\"contentUrl\":\"https:\\\/\\\/secure.gravatar.com\\\/avatar\\\/4c81fed838786e9b53f540bf46533e750f5d292099ae3b66cfc6fb1982e29df7?s=96&d=mm&r=g\",\"caption\":\"admin\"},\"description\":\"admin\",\"url\":\"https:\\\/\\\/lasentinelle.dz\\\/author\\\/admin\\\/\"}]}<\/script>\n<!-- \/ Yoast SEO plugin. -->","yoast_head_json":{"title":"Patrimoine: Le dossier des itin\u00e9raires culturels numides \u00e0 l&rsquo;Unesco - La Sentinelle","robots":{"index":"index","follow":"follow","max-snippet":"max-snippet:-1","max-image-preview":"max-image-preview:large","max-video-preview":"max-video-preview:-1"},"canonical":"https:\/\/lasentinelle.dz\/index.php\/2025\/06\/03\/patrimoine-le-dossier-des-itineraires-culturels-numides-a-lunesco\/","og_locale":"fr_FR","og_type":"article","og_title":"Patrimoine: Le dossier des itin\u00e9raires culturels numides \u00e0 l&rsquo;Unesco - La Sentinelle","og_description":"Le mausol\u00e9e de Syphax constitue l&rsquo;un des t\u00e9moins architecturaux les plus remarquables de l&rsquo;\u00e9poque numide en Afrique du Nord. Le","og_url":"https:\/\/lasentinelle.dz\/index.php\/2025\/06\/03\/patrimoine-le-dossier-des-itineraires-culturels-numides-a-lunesco\/","og_site_name":"La Sentinelle","article_publisher":"https:\/\/www.facebook.com\/La-Sentinelle-104059864394773","article_published_time":"2025-06-03T21:28:54+00:00","article_modified_time":"2025-06-03T21:28:55+00:00","og_image":[{"width":2048,"height":1365,"url":"https:\/\/lasentinelle.dz\/wp-content\/uploads\/2025\/06\/mausolee.jpg","type":"image\/jpeg"}],"author":"admin","twitter_card":"summary_large_image","twitter_misc":{"\u00c9crit par":"admin","Dur\u00e9e de lecture estim\u00e9e":"4 minutes"},"schema":{"@context":"https:\/\/schema.org","@graph":[{"@type":"Article","@id":"https:\/\/lasentinelle.dz\/index.php\/2025\/06\/03\/patrimoine-le-dossier-des-itineraires-culturels-numides-a-lunesco\/#article","isPartOf":{"@id":"https:\/\/lasentinelle.dz\/index.php\/2025\/06\/03\/patrimoine-le-dossier-des-itineraires-culturels-numides-a-lunesco\/"},"author":{"name":"admin","@id":"https:\/\/lasentinelle.dz\/#\/schema\/person\/729ee0024f24e0b8c5ec17232f8e8b41"},"headline":"Patrimoine: Le dossier des itin\u00e9raires culturels numides \u00e0 l&rsquo;Unesco","datePublished":"2025-06-03T21:28:54+00:00","dateModified":"2025-06-03T21:28:55+00:00","mainEntityOfPage":{"@id":"https:\/\/lasentinelle.dz\/index.php\/2025\/06\/03\/patrimoine-le-dossier-des-itineraires-culturels-numides-a-lunesco\/"},"wordCount":812,"commentCount":0,"publisher":{"@id":"https:\/\/lasentinelle.dz\/#organization"},"image":{"@id":"https:\/\/lasentinelle.dz\/index.php\/2025\/06\/03\/patrimoine-le-dossier-des-itineraires-culturels-numides-a-lunesco\/#primaryimage"},"thumbnailUrl":"https:\/\/lasentinelle.dz\/wp-content\/uploads\/2025\/06\/mausolee.jpg","articleSection":["Culture"],"inLanguage":"fr-FR","potentialAction":[{"@type":"CommentAction","name":"Comment","target":["https:\/\/lasentinelle.dz\/index.php\/2025\/06\/03\/patrimoine-le-dossier-des-itineraires-culturels-numides-a-lunesco\/#respond"]}]},{"@type":"WebPage","@id":"https:\/\/lasentinelle.dz\/index.php\/2025\/06\/03\/patrimoine-le-dossier-des-itineraires-culturels-numides-a-lunesco\/","url":"https:\/\/lasentinelle.dz\/index.php\/2025\/06\/03\/patrimoine-le-dossier-des-itineraires-culturels-numides-a-lunesco\/","name":"Patrimoine: Le dossier des itin\u00e9raires culturels numides \u00e0 l&rsquo;Unesco - La Sentinelle","isPartOf":{"@id":"https:\/\/lasentinelle.dz\/#website"},"primaryImageOfPage":{"@id":"https:\/\/lasentinelle.dz\/index.php\/2025\/06\/03\/patrimoine-le-dossier-des-itineraires-culturels-numides-a-lunesco\/#primaryimage"},"image":{"@id":"https:\/\/lasentinelle.dz\/index.php\/2025\/06\/03\/patrimoine-le-dossier-des-itineraires-culturels-numides-a-lunesco\/#primaryimage"},"thumbnailUrl":"https:\/\/lasentinelle.dz\/wp-content\/uploads\/2025\/06\/mausolee.jpg","datePublished":"2025-06-03T21:28:54+00:00","dateModified":"2025-06-03T21:28:55+00:00","breadcrumb":{"@id":"https:\/\/lasentinelle.dz\/index.php\/2025\/06\/03\/patrimoine-le-dossier-des-itineraires-culturels-numides-a-lunesco\/#breadcrumb"},"inLanguage":"fr-FR","potentialAction":[{"@type":"ReadAction","target":["https:\/\/lasentinelle.dz\/index.php\/2025\/06\/03\/patrimoine-le-dossier-des-itineraires-culturels-numides-a-lunesco\/"]}]},{"@type":"ImageObject","inLanguage":"fr-FR","@id":"https:\/\/lasentinelle.dz\/index.php\/2025\/06\/03\/patrimoine-le-dossier-des-itineraires-culturels-numides-a-lunesco\/#primaryimage","url":"https:\/\/lasentinelle.dz\/wp-content\/uploads\/2025\/06\/mausolee.jpg","contentUrl":"https:\/\/lasentinelle.dz\/wp-content\/uploads\/2025\/06\/mausolee.jpg","width":2048,"height":1365},{"@type":"BreadcrumbList","@id":"https:\/\/lasentinelle.dz\/index.php\/2025\/06\/03\/patrimoine-le-dossier-des-itineraires-culturels-numides-a-lunesco\/#breadcrumb","itemListElement":[{"@type":"ListItem","position":1,"name":"Accueil","item":"https:\/\/lasentinelle.dz\/"},{"@type":"ListItem","position":2,"name":"Patrimoine: Le dossier des itin\u00e9raires culturels numides \u00e0 l&rsquo;Unesco"}]},{"@type":"WebSite","@id":"https:\/\/lasentinelle.dz\/#website","url":"https:\/\/lasentinelle.dz\/","name":"La Sentinelle","description":"Quotidien national d&#039;information","publisher":{"@id":"https:\/\/lasentinelle.dz\/#organization"},"potentialAction":[{"@type":"SearchAction","target":{"@type":"EntryPoint","urlTemplate":"https:\/\/lasentinelle.dz\/?s={search_term_string}"},"query-input":{"@type":"PropertyValueSpecification","valueRequired":true,"valueName":"search_term_string"}}],"inLanguage":"fr-FR"},{"@type":"Organization","@id":"https:\/\/lasentinelle.dz\/#organization","name":"Quotidien La Sentinelle","url":"https:\/\/lasentinelle.dz\/","logo":{"@type":"ImageObject","inLanguage":"fr-FR","@id":"https:\/\/lasentinelle.dz\/#\/schema\/logo\/image\/","url":"https:\/\/lasentinelle.dz\/wp-content\/uploads\/2021\/09\/logo-sentinelleSLOGAN-1.png","contentUrl":"https:\/\/lasentinelle.dz\/wp-content\/uploads\/2021\/09\/logo-sentinelleSLOGAN-1.png","width":615,"height":142,"caption":"Quotidien La Sentinelle"},"image":{"@id":"https:\/\/lasentinelle.dz\/#\/schema\/logo\/image\/"},"sameAs":["https:\/\/www.facebook.com\/La-Sentinelle-104059864394773"]},{"@type":"Person","@id":"https:\/\/lasentinelle.dz\/#\/schema\/person\/729ee0024f24e0b8c5ec17232f8e8b41","name":"admin","image":{"@type":"ImageObject","inLanguage":"fr-FR","@id":"https:\/\/secure.gravatar.com\/avatar\/4c81fed838786e9b53f540bf46533e750f5d292099ae3b66cfc6fb1982e29df7?s=96&d=mm&r=g","url":"https:\/\/secure.gravatar.com\/avatar\/4c81fed838786e9b53f540bf46533e750f5d292099ae3b66cfc6fb1982e29df7?s=96&d=mm&r=g","contentUrl":"https:\/\/secure.gravatar.com\/avatar\/4c81fed838786e9b53f540bf46533e750f5d292099ae3b66cfc6fb1982e29df7?s=96&d=mm&r=g","caption":"admin"},"description":"admin","url":"https:\/\/lasentinelle.dz\/author\/admin\/"}]}},"_links":{"self":[{"href":"https:\/\/lasentinelle.dz\/index.php\/wp-json\/wp\/v2\/posts\/68429","targetHints":{"allow":["GET"]}}],"collection":[{"href":"https:\/\/lasentinelle.dz\/index.php\/wp-json\/wp\/v2\/posts"}],"about":[{"href":"https:\/\/lasentinelle.dz\/index.php\/wp-json\/wp\/v2\/types\/post"}],"author":[{"embeddable":true,"href":"https:\/\/lasentinelle.dz\/index.php\/wp-json\/wp\/v2\/users\/6"}],"replies":[{"embeddable":true,"href":"https:\/\/lasentinelle.dz\/index.php\/wp-json\/wp\/v2\/comments?post=68429"}],"version-history":[{"count":2,"href":"https:\/\/lasentinelle.dz\/index.php\/wp-json\/wp\/v2\/posts\/68429\/revisions"}],"predecessor-version":[{"id":68432,"href":"https:\/\/lasentinelle.dz\/index.php\/wp-json\/wp\/v2\/posts\/68429\/revisions\/68432"}],"wp:featuredmedia":[{"embeddable":true,"href":"https:\/\/lasentinelle.dz\/index.php\/wp-json\/wp\/v2\/media\/68430"}],"wp:attachment":[{"href":"https:\/\/lasentinelle.dz\/index.php\/wp-json\/wp\/v2\/media?parent=68429"}],"wp:term":[{"taxonomy":"category","embeddable":true,"href":"https:\/\/lasentinelle.dz\/index.php\/wp-json\/wp\/v2\/categories?post=68429"},{"taxonomy":"post_tag","embeddable":true,"href":"https:\/\/lasentinelle.dz\/index.php\/wp-json\/wp\/v2\/tags?post=68429"}],"curies":[{"name":"wp","href":"https:\/\/api.w.org\/{rel}","templated":true}]}}