{"id":68433,"date":"2025-06-03T22:29:42","date_gmt":"2025-06-03T21:29:42","guid":{"rendered":"https:\/\/lasentinelle.dz\/?p=68433"},"modified":"2025-06-03T22:29:43","modified_gmt":"2025-06-03T21:29:43","slug":"pourparlers-russo-ukrainiens-a-istanbul-moscou-ne-sattend-a-aucune-avancee-rapide-dans-le-reglement-du-conflit","status":"publish","type":"post","link":"https:\/\/lasentinelle.dz\/index.php\/2025\/06\/03\/pourparlers-russo-ukrainiens-a-istanbul-moscou-ne-sattend-a-aucune-avancee-rapide-dans-le-reglement-du-conflit\/","title":{"rendered":"Pourparlers russo-ukrainiens \u00e0 Istanbul: \u00a0Moscou ne s&rsquo;attend \u00e0 aucune \u00ab\u00a0avanc\u00e9e\u00a0\u00bb rapide dans le r\u00e8glement du conflit"},"content":{"rendered":"\n<p>Pas de solution \u00ab\u00a0imm\u00e9diate\u00a0\u00bb \u00e0 l&rsquo;horizon: le Kremlin a \u00e9cart\u00e9 mardi tout r\u00e8glement \u00e0 court terme du conflit arm\u00e9 en Ukraine, au lendemain de nouveaux pourparlers russo-ukrainiens peu fructueux \u00e0 Istanbul. \u00ab\u00a0Il serait erron\u00e9 d&rsquo;attendre des d\u00e9cisions et des avanc\u00e9es imm\u00e9diates\u00a0\u00bb, a tranch\u00e9 mardi le porte-parole de la pr\u00e9sidence russe, Dmitri Peskov. \u00ab\u00a0La question du r\u00e8glement est extr\u00eamement complexe et comporte de nombreuses nuances\u00a0\u00bb, a-t-il ajout\u00e9, rappelant que Moscou souhaitait avant tout \u00ab\u00a0\u00e9liminer les causes profondes du conflit\u00a0\u00bb pour parvenir \u00e0 la paix. Lundi, Russes et Ukrainiens se sont retrouv\u00e9s pour une deuxi\u00e8me fois en deux semaines en Turquie pour des discussions de paix directes, sous m\u00e9diation turque. Russes et Ukrainiens ont convenu, \u00e0 l&rsquo;issue de ces discussions, d&rsquo;\u00e9changer tous leurs prisonniers de guerre de moins de 25 ans ou gri\u00e8vement bless\u00e9s, ainsi que des milliers de corps de soldats tu\u00e9s. En revanche, les exigences de chaque camp, sur le fond, semblent toujours aussi inconciliables. La d\u00e9l\u00e9gation russe a remis aux Ukrainiens un m\u00e9morandum, publi\u00e9 par les agences de presse russes. Moscou y demande \u00e0 Kiev de retirer ses troupes des quatre r\u00e9gions d&rsquo;Ukraine dont la Russie revendique l&rsquo;annexion, avant tout cessez-le-feu global. Ces conditions sont inacceptables pour l&rsquo;Ukraine, qui veut un retrait pur et simple des troupes russes de son territoire, ainsi que des garanties de s\u00e9curit\u00e9 concr\u00e8tes, appuy\u00e9es par les Occidentaux, comme la protection de l&rsquo;Otan ou la pr\u00e9sence de troupes occidentales sur le terrain, ce que Moscou exclut totalement.<\/p>\n\n\n\n<p>R.I. avec agences<\/p>\n","protected":false},"excerpt":{"rendered":"<p>Pas de solution \u00ab\u00a0imm\u00e9diate\u00a0\u00bb \u00e0 l&rsquo;horizon: le Kremlin a \u00e9cart\u00e9 mardi tout r\u00e8glement \u00e0 court terme du conflit arm\u00e9 en<\/p>\n","protected":false},"author":6,"featured_media":38959,"comment_status":"open","ping_status":"closed","sticky":false,"template":"","format":"standard","meta":{"colormag_page_container_layout":"default_layout","colormag_page_sidebar_layout":"default_layout","om_disable_all_campaigns":false,"_monsterinsights_skip_tracking":false,"_monsterinsights_sitenote_active":false,"_monsterinsights_sitenote_note":"","_monsterinsights_sitenote_category":0,"footnotes":"","_wpscppro_dont_share_socialmedia":false,"_wpscppro_custom_social_share_image":0,"_facebook_share_type":"default","_twitter_share_type":"default","_linkedin_share_type":"default","_pinterest_share_type":"default","_linkedin_share_type_page":"","_instagram_share_type":"default","_medium_share_type":"default","_threads_share_type":"","_google_business_share_type":"","_selected_social_profile":[],"_wpsp_enable_custom_social_template":false,"_wpsp_social_scheduling":{"enabled":false,"datetime":null,"platforms":[],"status":"template_only","dateOption":"today","timeOption":"now","customDays":"","customHours":"","customDate":"","customTime":"","schedulingType":"absolute"},"_wpsp_active_default_template":true},"categories":[37],"tags":[],"class_list":["post-68433","post","type-post","status-publish","format-standard","has-post-thumbnail","hentry","category-monde"],"aioseo_notices":[],"yoast_head":"<!-- This site is optimized with the Yoast SEO plugin v27.5 - https:\/\/yoast.com\/product\/yoast-seo-wordpress\/ -->\n<title>Pourparlers russo-ukrainiens \u00e0 Istanbul: \u00a0Moscou ne s&rsquo;attend \u00e0 aucune \u00ab\u00a0avanc\u00e9e\u00a0\u00bb rapide dans le r\u00e8glement du conflit - La Sentinelle<\/title>\n<meta name=\"robots\" content=\"index, follow, max-snippet:-1, max-image-preview:large, max-video-preview:-1\" \/>\n<link rel=\"canonical\" href=\"https:\/\/lasentinelle.dz\/index.php\/2025\/06\/03\/pourparlers-russo-ukrainiens-a-istanbul-moscou-ne-sattend-a-aucune-avancee-rapide-dans-le-reglement-du-conflit\/\" \/>\n<meta property=\"og:locale\" content=\"fr_FR\" \/>\n<meta property=\"og:type\" content=\"article\" \/>\n<meta property=\"og:title\" content=\"Pourparlers russo-ukrainiens \u00e0 Istanbul: \u00a0Moscou ne s&rsquo;attend \u00e0 aucune \u00ab\u00a0avanc\u00e9e\u00a0\u00bb rapide dans le r\u00e8glement du conflit - La Sentinelle\" \/>\n<meta property=\"og:description\" content=\"Pas de solution \u00ab\u00a0imm\u00e9diate\u00a0\u00bb \u00e0 l&rsquo;horizon: le Kremlin a \u00e9cart\u00e9 mardi tout r\u00e8glement \u00e0 court terme du conflit arm\u00e9 en\" \/>\n<meta property=\"og:url\" content=\"https:\/\/lasentinelle.dz\/index.php\/2025\/06\/03\/pourparlers-russo-ukrainiens-a-istanbul-moscou-ne-sattend-a-aucune-avancee-rapide-dans-le-reglement-du-conflit\/\" \/>\n<meta property=\"og:site_name\" content=\"La Sentinelle\" \/>\n<meta property=\"article:publisher\" content=\"https:\/\/www.facebook.com\/La-Sentinelle-104059864394773\" \/>\n<meta property=\"article:published_time\" content=\"2025-06-03T21:29:42+00:00\" \/>\n<meta property=\"article:modified_time\" content=\"2025-06-03T21:29:43+00:00\" \/>\n<meta property=\"og:image\" content=\"https:\/\/lasentinelle.dz\/wp-content\/uploads\/2023\/04\/Dmitri-Peskov.png\" \/>\n\t<meta property=\"og:image:width\" content=\"1600\" \/>\n\t<meta property=\"og:image:height\" content=\"900\" \/>\n\t<meta property=\"og:image:type\" content=\"image\/png\" \/>\n<meta name=\"author\" content=\"admin\" \/>\n<meta name=\"twitter:card\" content=\"summary_large_image\" \/>\n<meta name=\"twitter:label1\" content=\"\u00c9crit par\" \/>\n\t<meta name=\"twitter:data1\" content=\"admin\" \/>\n\t<meta name=\"twitter:label2\" content=\"Dur\u00e9e de lecture estim\u00e9e\" \/>\n\t<meta name=\"twitter:data2\" content=\"2 minutes\" \/>\n<script type=\"application\/ld+json\" class=\"yoast-schema-graph\">{\"@context\":\"https:\\\/\\\/schema.org\",\"@graph\":[{\"@type\":\"Article\",\"@id\":\"https:\\\/\\\/lasentinelle.dz\\\/index.php\\\/2025\\\/06\\\/03\\\/pourparlers-russo-ukrainiens-a-istanbul-moscou-ne-sattend-a-aucune-avancee-rapide-dans-le-reglement-du-conflit\\\/#article\",\"isPartOf\":{\"@id\":\"https:\\\/\\\/lasentinelle.dz\\\/index.php\\\/2025\\\/06\\\/03\\\/pourparlers-russo-ukrainiens-a-istanbul-moscou-ne-sattend-a-aucune-avancee-rapide-dans-le-reglement-du-conflit\\\/\"},\"author\":{\"name\":\"admin\",\"@id\":\"https:\\\/\\\/lasentinelle.dz\\\/#\\\/schema\\\/person\\\/729ee0024f24e0b8c5ec17232f8e8b41\"},\"headline\":\"Pourparlers russo-ukrainiens \u00e0 Istanbul: \u00a0Moscou ne s&rsquo;attend \u00e0 aucune \u00ab\u00a0avanc\u00e9e\u00a0\u00bb rapide dans le r\u00e8glement du conflit\",\"datePublished\":\"2025-06-03T21:29:42+00:00\",\"dateModified\":\"2025-06-03T21:29:43+00:00\",\"mainEntityOfPage\":{\"@id\":\"https:\\\/\\\/lasentinelle.dz\\\/index.php\\\/2025\\\/06\\\/03\\\/pourparlers-russo-ukrainiens-a-istanbul-moscou-ne-sattend-a-aucune-avancee-rapide-dans-le-reglement-du-conflit\\\/\"},\"wordCount\":287,\"commentCount\":0,\"publisher\":{\"@id\":\"https:\\\/\\\/lasentinelle.dz\\\/#organization\"},\"image\":{\"@id\":\"https:\\\/\\\/lasentinelle.dz\\\/index.php\\\/2025\\\/06\\\/03\\\/pourparlers-russo-ukrainiens-a-istanbul-moscou-ne-sattend-a-aucune-avancee-rapide-dans-le-reglement-du-conflit\\\/#primaryimage\"},\"thumbnailUrl\":\"https:\\\/\\\/lasentinelle.dz\\\/wp-content\\\/uploads\\\/2023\\\/04\\\/Dmitri-Peskov.png\",\"articleSection\":[\"Monde\"],\"inLanguage\":\"fr-FR\",\"potentialAction\":[{\"@type\":\"CommentAction\",\"name\":\"Comment\",\"target\":[\"https:\\\/\\\/lasentinelle.dz\\\/index.php\\\/2025\\\/06\\\/03\\\/pourparlers-russo-ukrainiens-a-istanbul-moscou-ne-sattend-a-aucune-avancee-rapide-dans-le-reglement-du-conflit\\\/#respond\"]}]},{\"@type\":\"WebPage\",\"@id\":\"https:\\\/\\\/lasentinelle.dz\\\/index.php\\\/2025\\\/06\\\/03\\\/pourparlers-russo-ukrainiens-a-istanbul-moscou-ne-sattend-a-aucune-avancee-rapide-dans-le-reglement-du-conflit\\\/\",\"url\":\"https:\\\/\\\/lasentinelle.dz\\\/index.php\\\/2025\\\/06\\\/03\\\/pourparlers-russo-ukrainiens-a-istanbul-moscou-ne-sattend-a-aucune-avancee-rapide-dans-le-reglement-du-conflit\\\/\",\"name\":\"Pourparlers russo-ukrainiens \u00e0 Istanbul: \u00a0Moscou ne s&rsquo;attend \u00e0 aucune \u00ab\u00a0avanc\u00e9e\u00a0\u00bb rapide dans le r\u00e8glement du conflit - La Sentinelle\",\"isPartOf\":{\"@id\":\"https:\\\/\\\/lasentinelle.dz\\\/#website\"},\"primaryImageOfPage\":{\"@id\":\"https:\\\/\\\/lasentinelle.dz\\\/index.php\\\/2025\\\/06\\\/03\\\/pourparlers-russo-ukrainiens-a-istanbul-moscou-ne-sattend-a-aucune-avancee-rapide-dans-le-reglement-du-conflit\\\/#primaryimage\"},\"image\":{\"@id\":\"https:\\\/\\\/lasentinelle.dz\\\/index.php\\\/2025\\\/06\\\/03\\\/pourparlers-russo-ukrainiens-a-istanbul-moscou-ne-sattend-a-aucune-avancee-rapide-dans-le-reglement-du-conflit\\\/#primaryimage\"},\"thumbnailUrl\":\"https:\\\/\\\/lasentinelle.dz\\\/wp-content\\\/uploads\\\/2023\\\/04\\\/Dmitri-Peskov.png\",\"datePublished\":\"2025-06-03T21:29:42+00:00\",\"dateModified\":\"2025-06-03T21:29:43+00:00\",\"breadcrumb\":{\"@id\":\"https:\\\/\\\/lasentinelle.dz\\\/index.php\\\/2025\\\/06\\\/03\\\/pourparlers-russo-ukrainiens-a-istanbul-moscou-ne-sattend-a-aucune-avancee-rapide-dans-le-reglement-du-conflit\\\/#breadcrumb\"},\"inLanguage\":\"fr-FR\",\"potentialAction\":[{\"@type\":\"ReadAction\",\"target\":[\"https:\\\/\\\/lasentinelle.dz\\\/index.php\\\/2025\\\/06\\\/03\\\/pourparlers-russo-ukrainiens-a-istanbul-moscou-ne-sattend-a-aucune-avancee-rapide-dans-le-reglement-du-conflit\\\/\"]}]},{\"@type\":\"ImageObject\",\"inLanguage\":\"fr-FR\",\"@id\":\"https:\\\/\\\/lasentinelle.dz\\\/index.php\\\/2025\\\/06\\\/03\\\/pourparlers-russo-ukrainiens-a-istanbul-moscou-ne-sattend-a-aucune-avancee-rapide-dans-le-reglement-du-conflit\\\/#primaryimage\",\"url\":\"https:\\\/\\\/lasentinelle.dz\\\/wp-content\\\/uploads\\\/2023\\\/04\\\/Dmitri-Peskov.png\",\"contentUrl\":\"https:\\\/\\\/lasentinelle.dz\\\/wp-content\\\/uploads\\\/2023\\\/04\\\/Dmitri-Peskov.png\",\"width\":1600,\"height\":900},{\"@type\":\"BreadcrumbList\",\"@id\":\"https:\\\/\\\/lasentinelle.dz\\\/index.php\\\/2025\\\/06\\\/03\\\/pourparlers-russo-ukrainiens-a-istanbul-moscou-ne-sattend-a-aucune-avancee-rapide-dans-le-reglement-du-conflit\\\/#breadcrumb\",\"itemListElement\":[{\"@type\":\"ListItem\",\"position\":1,\"name\":\"Accueil\",\"item\":\"https:\\\/\\\/lasentinelle.dz\\\/\"},{\"@type\":\"ListItem\",\"position\":2,\"name\":\"Pourparlers russo-ukrainiens \u00e0 Istanbul: \u00a0Moscou ne s&rsquo;attend \u00e0 aucune \u00ab\u00a0avanc\u00e9e\u00a0\u00bb rapide dans le r\u00e8glement du conflit\"}]},{\"@type\":\"WebSite\",\"@id\":\"https:\\\/\\\/lasentinelle.dz\\\/#website\",\"url\":\"https:\\\/\\\/lasentinelle.dz\\\/\",\"name\":\"La Sentinelle\",\"description\":\"Quotidien national d&#039;information\",\"publisher\":{\"@id\":\"https:\\\/\\\/lasentinelle.dz\\\/#organization\"},\"potentialAction\":[{\"@type\":\"SearchAction\",\"target\":{\"@type\":\"EntryPoint\",\"urlTemplate\":\"https:\\\/\\\/lasentinelle.dz\\\/?s={search_term_string}\"},\"query-input\":{\"@type\":\"PropertyValueSpecification\",\"valueRequired\":true,\"valueName\":\"search_term_string\"}}],\"inLanguage\":\"fr-FR\"},{\"@type\":\"Organization\",\"@id\":\"https:\\\/\\\/lasentinelle.dz\\\/#organization\",\"name\":\"Quotidien La Sentinelle\",\"url\":\"https:\\\/\\\/lasentinelle.dz\\\/\",\"logo\":{\"@type\":\"ImageObject\",\"inLanguage\":\"fr-FR\",\"@id\":\"https:\\\/\\\/lasentinelle.dz\\\/#\\\/schema\\\/logo\\\/image\\\/\",\"url\":\"https:\\\/\\\/lasentinelle.dz\\\/wp-content\\\/uploads\\\/2021\\\/09\\\/logo-sentinelleSLOGAN-1.png\",\"contentUrl\":\"https:\\\/\\\/lasentinelle.dz\\\/wp-content\\\/uploads\\\/2021\\\/09\\\/logo-sentinelleSLOGAN-1.png\",\"width\":615,\"height\":142,\"caption\":\"Quotidien La Sentinelle\"},\"image\":{\"@id\":\"https:\\\/\\\/lasentinelle.dz\\\/#\\\/schema\\\/logo\\\/image\\\/\"},\"sameAs\":[\"https:\\\/\\\/www.facebook.com\\\/La-Sentinelle-104059864394773\"]},{\"@type\":\"Person\",\"@id\":\"https:\\\/\\\/lasentinelle.dz\\\/#\\\/schema\\\/person\\\/729ee0024f24e0b8c5ec17232f8e8b41\",\"name\":\"admin\",\"image\":{\"@type\":\"ImageObject\",\"inLanguage\":\"fr-FR\",\"@id\":\"https:\\\/\\\/secure.gravatar.com\\\/avatar\\\/4c81fed838786e9b53f540bf46533e750f5d292099ae3b66cfc6fb1982e29df7?s=96&d=mm&r=g\",\"url\":\"https:\\\/\\\/secure.gravatar.com\\\/avatar\\\/4c81fed838786e9b53f540bf46533e750f5d292099ae3b66cfc6fb1982e29df7?s=96&d=mm&r=g\",\"contentUrl\":\"https:\\\/\\\/secure.gravatar.com\\\/avatar\\\/4c81fed838786e9b53f540bf46533e750f5d292099ae3b66cfc6fb1982e29df7?s=96&d=mm&r=g\",\"caption\":\"admin\"},\"description\":\"admin\",\"url\":\"https:\\\/\\\/lasentinelle.dz\\\/author\\\/admin\\\/\"}]}<\/script>\n<!-- \/ Yoast SEO plugin. -->","yoast_head_json":{"title":"Pourparlers russo-ukrainiens \u00e0 Istanbul: \u00a0Moscou ne s&rsquo;attend \u00e0 aucune \u00ab\u00a0avanc\u00e9e\u00a0\u00bb rapide dans le r\u00e8glement du conflit - La Sentinelle","robots":{"index":"index","follow":"follow","max-snippet":"max-snippet:-1","max-image-preview":"max-image-preview:large","max-video-preview":"max-video-preview:-1"},"canonical":"https:\/\/lasentinelle.dz\/index.php\/2025\/06\/03\/pourparlers-russo-ukrainiens-a-istanbul-moscou-ne-sattend-a-aucune-avancee-rapide-dans-le-reglement-du-conflit\/","og_locale":"fr_FR","og_type":"article","og_title":"Pourparlers russo-ukrainiens \u00e0 Istanbul: \u00a0Moscou ne s&rsquo;attend \u00e0 aucune \u00ab\u00a0avanc\u00e9e\u00a0\u00bb rapide dans le r\u00e8glement du conflit - La Sentinelle","og_description":"Pas de solution \u00ab\u00a0imm\u00e9diate\u00a0\u00bb \u00e0 l&rsquo;horizon: le Kremlin a \u00e9cart\u00e9 mardi tout r\u00e8glement \u00e0 court terme du conflit arm\u00e9 en","og_url":"https:\/\/lasentinelle.dz\/index.php\/2025\/06\/03\/pourparlers-russo-ukrainiens-a-istanbul-moscou-ne-sattend-a-aucune-avancee-rapide-dans-le-reglement-du-conflit\/","og_site_name":"La Sentinelle","article_publisher":"https:\/\/www.facebook.com\/La-Sentinelle-104059864394773","article_published_time":"2025-06-03T21:29:42+00:00","article_modified_time":"2025-06-03T21:29:43+00:00","og_image":[{"width":1600,"height":900,"url":"https:\/\/lasentinelle.dz\/wp-content\/uploads\/2023\/04\/Dmitri-Peskov.png","type":"image\/png"}],"author":"admin","twitter_card":"summary_large_image","twitter_misc":{"\u00c9crit par":"admin","Dur\u00e9e de lecture estim\u00e9e":"2 minutes"},"schema":{"@context":"https:\/\/schema.org","@graph":[{"@type":"Article","@id":"https:\/\/lasentinelle.dz\/index.php\/2025\/06\/03\/pourparlers-russo-ukrainiens-a-istanbul-moscou-ne-sattend-a-aucune-avancee-rapide-dans-le-reglement-du-conflit\/#article","isPartOf":{"@id":"https:\/\/lasentinelle.dz\/index.php\/2025\/06\/03\/pourparlers-russo-ukrainiens-a-istanbul-moscou-ne-sattend-a-aucune-avancee-rapide-dans-le-reglement-du-conflit\/"},"author":{"name":"admin","@id":"https:\/\/lasentinelle.dz\/#\/schema\/person\/729ee0024f24e0b8c5ec17232f8e8b41"},"headline":"Pourparlers russo-ukrainiens \u00e0 Istanbul: \u00a0Moscou ne s&rsquo;attend \u00e0 aucune \u00ab\u00a0avanc\u00e9e\u00a0\u00bb rapide dans le r\u00e8glement du conflit","datePublished":"2025-06-03T21:29:42+00:00","dateModified":"2025-06-03T21:29:43+00:00","mainEntityOfPage":{"@id":"https:\/\/lasentinelle.dz\/index.php\/2025\/06\/03\/pourparlers-russo-ukrainiens-a-istanbul-moscou-ne-sattend-a-aucune-avancee-rapide-dans-le-reglement-du-conflit\/"},"wordCount":287,"commentCount":0,"publisher":{"@id":"https:\/\/lasentinelle.dz\/#organization"},"image":{"@id":"https:\/\/lasentinelle.dz\/index.php\/2025\/06\/03\/pourparlers-russo-ukrainiens-a-istanbul-moscou-ne-sattend-a-aucune-avancee-rapide-dans-le-reglement-du-conflit\/#primaryimage"},"thumbnailUrl":"https:\/\/lasentinelle.dz\/wp-content\/uploads\/2023\/04\/Dmitri-Peskov.png","articleSection":["Monde"],"inLanguage":"fr-FR","potentialAction":[{"@type":"CommentAction","name":"Comment","target":["https:\/\/lasentinelle.dz\/index.php\/2025\/06\/03\/pourparlers-russo-ukrainiens-a-istanbul-moscou-ne-sattend-a-aucune-avancee-rapide-dans-le-reglement-du-conflit\/#respond"]}]},{"@type":"WebPage","@id":"https:\/\/lasentinelle.dz\/index.php\/2025\/06\/03\/pourparlers-russo-ukrainiens-a-istanbul-moscou-ne-sattend-a-aucune-avancee-rapide-dans-le-reglement-du-conflit\/","url":"https:\/\/lasentinelle.dz\/index.php\/2025\/06\/03\/pourparlers-russo-ukrainiens-a-istanbul-moscou-ne-sattend-a-aucune-avancee-rapide-dans-le-reglement-du-conflit\/","name":"Pourparlers russo-ukrainiens \u00e0 Istanbul: \u00a0Moscou ne s&rsquo;attend \u00e0 aucune \u00ab\u00a0avanc\u00e9e\u00a0\u00bb rapide dans le r\u00e8glement du conflit - La Sentinelle","isPartOf":{"@id":"https:\/\/lasentinelle.dz\/#website"},"primaryImageOfPage":{"@id":"https:\/\/lasentinelle.dz\/index.php\/2025\/06\/03\/pourparlers-russo-ukrainiens-a-istanbul-moscou-ne-sattend-a-aucune-avancee-rapide-dans-le-reglement-du-conflit\/#primaryimage"},"image":{"@id":"https:\/\/lasentinelle.dz\/index.php\/2025\/06\/03\/pourparlers-russo-ukrainiens-a-istanbul-moscou-ne-sattend-a-aucune-avancee-rapide-dans-le-reglement-du-conflit\/#primaryimage"},"thumbnailUrl":"https:\/\/lasentinelle.dz\/wp-content\/uploads\/2023\/04\/Dmitri-Peskov.png","datePublished":"2025-06-03T21:29:42+00:00","dateModified":"2025-06-03T21:29:43+00:00","breadcrumb":{"@id":"https:\/\/lasentinelle.dz\/index.php\/2025\/06\/03\/pourparlers-russo-ukrainiens-a-istanbul-moscou-ne-sattend-a-aucune-avancee-rapide-dans-le-reglement-du-conflit\/#breadcrumb"},"inLanguage":"fr-FR","potentialAction":[{"@type":"ReadAction","target":["https:\/\/lasentinelle.dz\/index.php\/2025\/06\/03\/pourparlers-russo-ukrainiens-a-istanbul-moscou-ne-sattend-a-aucune-avancee-rapide-dans-le-reglement-du-conflit\/"]}]},{"@type":"ImageObject","inLanguage":"fr-FR","@id":"https:\/\/lasentinelle.dz\/index.php\/2025\/06\/03\/pourparlers-russo-ukrainiens-a-istanbul-moscou-ne-sattend-a-aucune-avancee-rapide-dans-le-reglement-du-conflit\/#primaryimage","url":"https:\/\/lasentinelle.dz\/wp-content\/uploads\/2023\/04\/Dmitri-Peskov.png","contentUrl":"https:\/\/lasentinelle.dz\/wp-content\/uploads\/2023\/04\/Dmitri-Peskov.png","width":1600,"height":900},{"@type":"BreadcrumbList","@id":"https:\/\/lasentinelle.dz\/index.php\/2025\/06\/03\/pourparlers-russo-ukrainiens-a-istanbul-moscou-ne-sattend-a-aucune-avancee-rapide-dans-le-reglement-du-conflit\/#breadcrumb","itemListElement":[{"@type":"ListItem","position":1,"name":"Accueil","item":"https:\/\/lasentinelle.dz\/"},{"@type":"ListItem","position":2,"name":"Pourparlers russo-ukrainiens \u00e0 Istanbul: \u00a0Moscou ne s&rsquo;attend \u00e0 aucune \u00ab\u00a0avanc\u00e9e\u00a0\u00bb rapide dans le r\u00e8glement du conflit"}]},{"@type":"WebSite","@id":"https:\/\/lasentinelle.dz\/#website","url":"https:\/\/lasentinelle.dz\/","name":"La Sentinelle","description":"Quotidien national d&#039;information","publisher":{"@id":"https:\/\/lasentinelle.dz\/#organization"},"potentialAction":[{"@type":"SearchAction","target":{"@type":"EntryPoint","urlTemplate":"https:\/\/lasentinelle.dz\/?s={search_term_string}"},"query-input":{"@type":"PropertyValueSpecification","valueRequired":true,"valueName":"search_term_string"}}],"inLanguage":"fr-FR"},{"@type":"Organization","@id":"https:\/\/lasentinelle.dz\/#organization","name":"Quotidien La Sentinelle","url":"https:\/\/lasentinelle.dz\/","logo":{"@type":"ImageObject","inLanguage":"fr-FR","@id":"https:\/\/lasentinelle.dz\/#\/schema\/logo\/image\/","url":"https:\/\/lasentinelle.dz\/wp-content\/uploads\/2021\/09\/logo-sentinelleSLOGAN-1.png","contentUrl":"https:\/\/lasentinelle.dz\/wp-content\/uploads\/2021\/09\/logo-sentinelleSLOGAN-1.png","width":615,"height":142,"caption":"Quotidien La Sentinelle"},"image":{"@id":"https:\/\/lasentinelle.dz\/#\/schema\/logo\/image\/"},"sameAs":["https:\/\/www.facebook.com\/La-Sentinelle-104059864394773"]},{"@type":"Person","@id":"https:\/\/lasentinelle.dz\/#\/schema\/person\/729ee0024f24e0b8c5ec17232f8e8b41","name":"admin","image":{"@type":"ImageObject","inLanguage":"fr-FR","@id":"https:\/\/secure.gravatar.com\/avatar\/4c81fed838786e9b53f540bf46533e750f5d292099ae3b66cfc6fb1982e29df7?s=96&d=mm&r=g","url":"https:\/\/secure.gravatar.com\/avatar\/4c81fed838786e9b53f540bf46533e750f5d292099ae3b66cfc6fb1982e29df7?s=96&d=mm&r=g","contentUrl":"https:\/\/secure.gravatar.com\/avatar\/4c81fed838786e9b53f540bf46533e750f5d292099ae3b66cfc6fb1982e29df7?s=96&d=mm&r=g","caption":"admin"},"description":"admin","url":"https:\/\/lasentinelle.dz\/author\/admin\/"}]}},"_links":{"self":[{"href":"https:\/\/lasentinelle.dz\/index.php\/wp-json\/wp\/v2\/posts\/68433","targetHints":{"allow":["GET"]}}],"collection":[{"href":"https:\/\/lasentinelle.dz\/index.php\/wp-json\/wp\/v2\/posts"}],"about":[{"href":"https:\/\/lasentinelle.dz\/index.php\/wp-json\/wp\/v2\/types\/post"}],"author":[{"embeddable":true,"href":"https:\/\/lasentinelle.dz\/index.php\/wp-json\/wp\/v2\/users\/6"}],"replies":[{"embeddable":true,"href":"https:\/\/lasentinelle.dz\/index.php\/wp-json\/wp\/v2\/comments?post=68433"}],"version-history":[{"count":2,"href":"https:\/\/lasentinelle.dz\/index.php\/wp-json\/wp\/v2\/posts\/68433\/revisions"}],"predecessor-version":[{"id":68435,"href":"https:\/\/lasentinelle.dz\/index.php\/wp-json\/wp\/v2\/posts\/68433\/revisions\/68435"}],"wp:featuredmedia":[{"embeddable":true,"href":"https:\/\/lasentinelle.dz\/index.php\/wp-json\/wp\/v2\/media\/38959"}],"wp:attachment":[{"href":"https:\/\/lasentinelle.dz\/index.php\/wp-json\/wp\/v2\/media?parent=68433"}],"wp:term":[{"taxonomy":"category","embeddable":true,"href":"https:\/\/lasentinelle.dz\/index.php\/wp-json\/wp\/v2\/categories?post=68433"},{"taxonomy":"post_tag","embeddable":true,"href":"https:\/\/lasentinelle.dz\/index.php\/wp-json\/wp\/v2\/tags?post=68433"}],"curies":[{"name":"wp","href":"https:\/\/api.w.org\/{rel}","templated":true}]}}