{"id":68436,"date":"2025-06-03T22:44:13","date_gmt":"2025-06-03T21:44:13","guid":{"rendered":"https:\/\/lasentinelle.dz\/?p=68436"},"modified":"2025-06-03T22:44:14","modified_gmt":"2025-06-03T21:44:14","slug":"sahara-occidental-la-seule-solution-au-conflit-est-celle-prevue-par-le-plan-de-reglement-onu-oua","status":"publish","type":"post","link":"https:\/\/lasentinelle.dz\/index.php\/2025\/06\/03\/sahara-occidental-la-seule-solution-au-conflit-est-celle-prevue-par-le-plan-de-reglement-onu-oua\/","title":{"rendered":"Sahara occidental : La seule solution au conflit est celle pr\u00e9vue par le plan de r\u00e8glement ONU-OUA"},"content":{"rendered":"\n<p>Le minist\u00e8re sahraoui des Affaires \u00e9trang\u00e8res et des questions africaines a rappel\u00e9, lundi, que l&rsquo;unique solution au conflit au Sahara occidental est celle bas\u00e9e sur le plan de r\u00e8glement adopt\u00e9 conjointement par l&rsquo;ONU et l&rsquo;Organisation de l&rsquo;unit\u00e9 africaine (OUA-actuellement Union africaine), d\u00e9plorant la nouvelle position du Royaume-Uni en faveur du pr\u00e9tendu plan d&rsquo;autonomie propos\u00e9 par le Maroc. Le minist\u00e8re sahraoui a indiqu\u00e9 avoir \u00ab\u00a0pris connaissance du communiqu\u00e9 conjoint entre le Royaume-Uni et le Maroc, notamment la partie relative au Sahara occidental\u00a0\u00bb, notant, n\u00e9anmoins, que Londres \u00ab\u00a0explique qu&rsquo;elle ne reconna\u00eet aucune souverainet\u00e9 \u00e0 l&rsquo;occupant marocain sur le Sahara occidental\u00a0\u00bb. Il a \u00e9galement pr\u00e9cis\u00e9 que le Royaume-Uni a insist\u00e9 de nouveau sur \u00ab\u00a0l&rsquo;importance d&rsquo;un ordre mondiale bas\u00e9 sur les principes fondamentaux de la Charte des Nations unies, tout en soutenant le principe de l&rsquo;autod\u00e9termination\u00a0\u00bb des peuples. \u00ab\u00a0La seule solution possible est celle bas\u00e9e sur un consensus pratique et raisonnable, \u00e0 savoir le plan de r\u00e8glement conjoint mis au point par l&rsquo;Organisation des Nations unies et l&rsquo;Organisation de l&rsquo;unit\u00e9 africaine, accept\u00e9 par les deux parties, le Front Polisario et le Maroc en 1988 et approuv\u00e9 \u00e0 l&rsquo;unanimit\u00e9 par le Conseil de s\u00e9curit\u00e9 en 1990 et 1991\u00a0\u00bb, souligne la m\u00eame source. Toutefois, le minist\u00e8re sahraoui des Affaires \u00e9trang\u00e8res fait part de son \u00ab\u00a0profond regret\u00a0\u00bb et de sa \u00ab\u00a0d\u00e9ception\u00a0\u00bb, car \u00ab\u00a0le Royaume-Uni, en tant que membre permanent du Conseil de s\u00e9curit\u00e9, a choisi ce qui a \u00e9t\u00e9 baptis\u00e9 +proposition+ marocaine en employant des termes \u00e0 l&rsquo;oppos\u00e9 de sa posture habituelle vis-\u00e0-vis de la question sahraouie, qui n&rsquo;est autre qu&rsquo;une question de d\u00e9colonisation \u00e0 l&rsquo;ordre du jour de l&rsquo;ONU depuis 1963\u00a0\u00bb. Le minist\u00e8re a dit esp\u00e9rer, par ailleurs, voir le Royaume-Uni \u00ab\u00a0user de son influence pour encourager la mise en place d&rsquo;un processus de paix s\u00e9rieux concernant le Sahara occidental, men\u00e9 sous l&rsquo;\u00e9gide des Nations unies et donnant la possibilit\u00e9 au peuple sahraoui d&rsquo;exercer son droit inali\u00e9nable de disposer librement de son avenir sans entraves militaires ou administratives\u00a0\u00bb. Le minist\u00e8re a soulign\u00e9, une nouvelle fois, que la \u00ab\u00a0proposition\u00a0\u00bb marocaine \u00ab\u00a0n&rsquo;est rien d&rsquo;autre qu&rsquo;une farce et une man\u0153uvre \u00e0 caract\u00e8re colonial visant uniquement \u00e0 l\u00e9gitimer l&rsquo;occupation ill\u00e9gale du Sahara occidental et \u00e0 priver son peuple de son droit inali\u00e9nable \u00e0 l&rsquo;autod\u00e9termination et \u00e0 l&rsquo;ind\u00e9pendance\u00a0\u00bb. Il notera, en outre, que \u00ab\u00a0les organisations comme les juridictions internationales et r\u00e9gionales ne reconnaissant aucune autorit\u00e9 marocaine sur le Sahara occidental\u00a0\u00bb. Il r\u00e9affirme, d&rsquo;autre part, la volont\u00e9 du Front Polisario de participer au processus de paix men\u00e9 par l&rsquo;ONU et de contribuer de fa\u00e7on constructive \u00e0 la concr\u00e9tisation d&rsquo;une solution pacifique et durable pour mettre fin \u00e0 l&rsquo;occupation du Sahara occidental. Il a fait part, enfin, de la d\u00e9termination du peuple sahraoui \u00e0 obtenir ses droits l\u00e9gitimes \u00e0 la libert\u00e9 et \u00e0 l&rsquo;ind\u00e9pendance. (APS)<\/p>\n","protected":false},"excerpt":{"rendered":"<p>Le minist\u00e8re sahraoui des Affaires \u00e9trang\u00e8res et des questions africaines a rappel\u00e9, lundi, que l&rsquo;unique solution au conflit au Sahara<\/p>\n","protected":false},"author":6,"featured_media":57408,"comment_status":"open","ping_status":"closed","sticky":false,"template":"","format":"standard","meta":{"colormag_page_container_layout":"default_layout","colormag_page_sidebar_layout":"default_layout","om_disable_all_campaigns":false,"_monsterinsights_skip_tracking":false,"_monsterinsights_sitenote_active":false,"_monsterinsights_sitenote_note":"","_monsterinsights_sitenote_category":0,"footnotes":"","_wpscppro_dont_share_socialmedia":false,"_wpscppro_custom_social_share_image":0,"_facebook_share_type":"default","_twitter_share_type":"default","_linkedin_share_type":"default","_pinterest_share_type":"default","_linkedin_share_type_page":"","_instagram_share_type":"default","_medium_share_type":"default","_threads_share_type":"","_google_business_share_type":"","_selected_social_profile":[],"_wpsp_enable_custom_social_template":false,"_wpsp_social_scheduling":{"enabled":false,"datetime":null,"platforms":[],"status":"template_only","dateOption":"today","timeOption":"now","customDays":"","customHours":"","customDate":"","customTime":"","schedulingType":"absolute"},"_wpsp_active_default_template":true},"categories":[37],"tags":[],"class_list":["post-68436","post","type-post","status-publish","format-standard","has-post-thumbnail","hentry","category-monde"],"aioseo_notices":[],"yoast_head":"<!-- This site is optimized with the Yoast SEO plugin v27.5 - https:\/\/yoast.com\/product\/yoast-seo-wordpress\/ -->\n<title>Sahara occidental : La seule solution au conflit est celle pr\u00e9vue par le plan de r\u00e8glement ONU-OUA - La Sentinelle<\/title>\n<meta name=\"robots\" content=\"index, follow, max-snippet:-1, max-image-preview:large, max-video-preview:-1\" \/>\n<link rel=\"canonical\" href=\"https:\/\/lasentinelle.dz\/index.php\/2025\/06\/03\/sahara-occidental-la-seule-solution-au-conflit-est-celle-prevue-par-le-plan-de-reglement-onu-oua\/\" \/>\n<meta property=\"og:locale\" content=\"fr_FR\" \/>\n<meta property=\"og:type\" content=\"article\" \/>\n<meta property=\"og:title\" content=\"Sahara occidental : La seule solution au conflit est celle pr\u00e9vue par le plan de r\u00e8glement ONU-OUA - La Sentinelle\" \/>\n<meta property=\"og:description\" content=\"Le minist\u00e8re sahraoui des Affaires \u00e9trang\u00e8res et des questions africaines a rappel\u00e9, lundi, que l&rsquo;unique solution au conflit au Sahara\" \/>\n<meta property=\"og:url\" content=\"https:\/\/lasentinelle.dz\/index.php\/2025\/06\/03\/sahara-occidental-la-seule-solution-au-conflit-est-celle-prevue-par-le-plan-de-reglement-onu-oua\/\" \/>\n<meta property=\"og:site_name\" content=\"La Sentinelle\" \/>\n<meta property=\"article:publisher\" content=\"https:\/\/www.facebook.com\/La-Sentinelle-104059864394773\" \/>\n<meta property=\"article:published_time\" content=\"2025-06-03T21:44:13+00:00\" \/>\n<meta property=\"article:modified_time\" content=\"2025-06-03T21:44:14+00:00\" \/>\n<meta property=\"og:image\" content=\"https:\/\/lasentinelle.dz\/wp-content\/uploads\/2024\/09\/sahara-occidental.jpg\" \/>\n\t<meta property=\"og:image:width\" content=\"580\" \/>\n\t<meta property=\"og:image:height\" content=\"350\" \/>\n\t<meta property=\"og:image:type\" content=\"image\/jpeg\" \/>\n<meta name=\"author\" content=\"admin\" \/>\n<meta name=\"twitter:card\" content=\"summary_large_image\" \/>\n<meta name=\"twitter:label1\" content=\"\u00c9crit par\" \/>\n\t<meta name=\"twitter:data1\" content=\"admin\" \/>\n\t<meta name=\"twitter:label2\" content=\"Dur\u00e9e de lecture estim\u00e9e\" \/>\n\t<meta name=\"twitter:data2\" content=\"3 minutes\" \/>\n<script type=\"application\/ld+json\" class=\"yoast-schema-graph\">{\"@context\":\"https:\\\/\\\/schema.org\",\"@graph\":[{\"@type\":\"Article\",\"@id\":\"https:\\\/\\\/lasentinelle.dz\\\/index.php\\\/2025\\\/06\\\/03\\\/sahara-occidental-la-seule-solution-au-conflit-est-celle-prevue-par-le-plan-de-reglement-onu-oua\\\/#article\",\"isPartOf\":{\"@id\":\"https:\\\/\\\/lasentinelle.dz\\\/index.php\\\/2025\\\/06\\\/03\\\/sahara-occidental-la-seule-solution-au-conflit-est-celle-prevue-par-le-plan-de-reglement-onu-oua\\\/\"},\"author\":{\"name\":\"admin\",\"@id\":\"https:\\\/\\\/lasentinelle.dz\\\/#\\\/schema\\\/person\\\/729ee0024f24e0b8c5ec17232f8e8b41\"},\"headline\":\"Sahara occidental : La seule solution au conflit est celle pr\u00e9vue par le plan de r\u00e8glement ONU-OUA\",\"datePublished\":\"2025-06-03T21:44:13+00:00\",\"dateModified\":\"2025-06-03T21:44:14+00:00\",\"mainEntityOfPage\":{\"@id\":\"https:\\\/\\\/lasentinelle.dz\\\/index.php\\\/2025\\\/06\\\/03\\\/sahara-occidental-la-seule-solution-au-conflit-est-celle-prevue-par-le-plan-de-reglement-onu-oua\\\/\"},\"wordCount\":524,\"commentCount\":0,\"publisher\":{\"@id\":\"https:\\\/\\\/lasentinelle.dz\\\/#organization\"},\"image\":{\"@id\":\"https:\\\/\\\/lasentinelle.dz\\\/index.php\\\/2025\\\/06\\\/03\\\/sahara-occidental-la-seule-solution-au-conflit-est-celle-prevue-par-le-plan-de-reglement-onu-oua\\\/#primaryimage\"},\"thumbnailUrl\":\"https:\\\/\\\/lasentinelle.dz\\\/wp-content\\\/uploads\\\/2024\\\/09\\\/sahara-occidental.jpg\",\"articleSection\":[\"Monde\"],\"inLanguage\":\"fr-FR\",\"potentialAction\":[{\"@type\":\"CommentAction\",\"name\":\"Comment\",\"target\":[\"https:\\\/\\\/lasentinelle.dz\\\/index.php\\\/2025\\\/06\\\/03\\\/sahara-occidental-la-seule-solution-au-conflit-est-celle-prevue-par-le-plan-de-reglement-onu-oua\\\/#respond\"]}]},{\"@type\":\"WebPage\",\"@id\":\"https:\\\/\\\/lasentinelle.dz\\\/index.php\\\/2025\\\/06\\\/03\\\/sahara-occidental-la-seule-solution-au-conflit-est-celle-prevue-par-le-plan-de-reglement-onu-oua\\\/\",\"url\":\"https:\\\/\\\/lasentinelle.dz\\\/index.php\\\/2025\\\/06\\\/03\\\/sahara-occidental-la-seule-solution-au-conflit-est-celle-prevue-par-le-plan-de-reglement-onu-oua\\\/\",\"name\":\"Sahara occidental : La seule solution au conflit est celle pr\u00e9vue par le plan de r\u00e8glement ONU-OUA - La Sentinelle\",\"isPartOf\":{\"@id\":\"https:\\\/\\\/lasentinelle.dz\\\/#website\"},\"primaryImageOfPage\":{\"@id\":\"https:\\\/\\\/lasentinelle.dz\\\/index.php\\\/2025\\\/06\\\/03\\\/sahara-occidental-la-seule-solution-au-conflit-est-celle-prevue-par-le-plan-de-reglement-onu-oua\\\/#primaryimage\"},\"image\":{\"@id\":\"https:\\\/\\\/lasentinelle.dz\\\/index.php\\\/2025\\\/06\\\/03\\\/sahara-occidental-la-seule-solution-au-conflit-est-celle-prevue-par-le-plan-de-reglement-onu-oua\\\/#primaryimage\"},\"thumbnailUrl\":\"https:\\\/\\\/lasentinelle.dz\\\/wp-content\\\/uploads\\\/2024\\\/09\\\/sahara-occidental.jpg\",\"datePublished\":\"2025-06-03T21:44:13+00:00\",\"dateModified\":\"2025-06-03T21:44:14+00:00\",\"breadcrumb\":{\"@id\":\"https:\\\/\\\/lasentinelle.dz\\\/index.php\\\/2025\\\/06\\\/03\\\/sahara-occidental-la-seule-solution-au-conflit-est-celle-prevue-par-le-plan-de-reglement-onu-oua\\\/#breadcrumb\"},\"inLanguage\":\"fr-FR\",\"potentialAction\":[{\"@type\":\"ReadAction\",\"target\":[\"https:\\\/\\\/lasentinelle.dz\\\/index.php\\\/2025\\\/06\\\/03\\\/sahara-occidental-la-seule-solution-au-conflit-est-celle-prevue-par-le-plan-de-reglement-onu-oua\\\/\"]}]},{\"@type\":\"ImageObject\",\"inLanguage\":\"fr-FR\",\"@id\":\"https:\\\/\\\/lasentinelle.dz\\\/index.php\\\/2025\\\/06\\\/03\\\/sahara-occidental-la-seule-solution-au-conflit-est-celle-prevue-par-le-plan-de-reglement-onu-oua\\\/#primaryimage\",\"url\":\"https:\\\/\\\/lasentinelle.dz\\\/wp-content\\\/uploads\\\/2024\\\/09\\\/sahara-occidental.jpg\",\"contentUrl\":\"https:\\\/\\\/lasentinelle.dz\\\/wp-content\\\/uploads\\\/2024\\\/09\\\/sahara-occidental.jpg\",\"width\":580,\"height\":350},{\"@type\":\"BreadcrumbList\",\"@id\":\"https:\\\/\\\/lasentinelle.dz\\\/index.php\\\/2025\\\/06\\\/03\\\/sahara-occidental-la-seule-solution-au-conflit-est-celle-prevue-par-le-plan-de-reglement-onu-oua\\\/#breadcrumb\",\"itemListElement\":[{\"@type\":\"ListItem\",\"position\":1,\"name\":\"Accueil\",\"item\":\"https:\\\/\\\/lasentinelle.dz\\\/\"},{\"@type\":\"ListItem\",\"position\":2,\"name\":\"Sahara occidental : La seule solution au conflit est celle pr\u00e9vue par le plan de r\u00e8glement ONU-OUA\"}]},{\"@type\":\"WebSite\",\"@id\":\"https:\\\/\\\/lasentinelle.dz\\\/#website\",\"url\":\"https:\\\/\\\/lasentinelle.dz\\\/\",\"name\":\"La Sentinelle\",\"description\":\"Quotidien national d&#039;information\",\"publisher\":{\"@id\":\"https:\\\/\\\/lasentinelle.dz\\\/#organization\"},\"potentialAction\":[{\"@type\":\"SearchAction\",\"target\":{\"@type\":\"EntryPoint\",\"urlTemplate\":\"https:\\\/\\\/lasentinelle.dz\\\/?s={search_term_string}\"},\"query-input\":{\"@type\":\"PropertyValueSpecification\",\"valueRequired\":true,\"valueName\":\"search_term_string\"}}],\"inLanguage\":\"fr-FR\"},{\"@type\":\"Organization\",\"@id\":\"https:\\\/\\\/lasentinelle.dz\\\/#organization\",\"name\":\"Quotidien La Sentinelle\",\"url\":\"https:\\\/\\\/lasentinelle.dz\\\/\",\"logo\":{\"@type\":\"ImageObject\",\"inLanguage\":\"fr-FR\",\"@id\":\"https:\\\/\\\/lasentinelle.dz\\\/#\\\/schema\\\/logo\\\/image\\\/\",\"url\":\"https:\\\/\\\/lasentinelle.dz\\\/wp-content\\\/uploads\\\/2021\\\/09\\\/logo-sentinelleSLOGAN-1.png\",\"contentUrl\":\"https:\\\/\\\/lasentinelle.dz\\\/wp-content\\\/uploads\\\/2021\\\/09\\\/logo-sentinelleSLOGAN-1.png\",\"width\":615,\"height\":142,\"caption\":\"Quotidien La Sentinelle\"},\"image\":{\"@id\":\"https:\\\/\\\/lasentinelle.dz\\\/#\\\/schema\\\/logo\\\/image\\\/\"},\"sameAs\":[\"https:\\\/\\\/www.facebook.com\\\/La-Sentinelle-104059864394773\"]},{\"@type\":\"Person\",\"@id\":\"https:\\\/\\\/lasentinelle.dz\\\/#\\\/schema\\\/person\\\/729ee0024f24e0b8c5ec17232f8e8b41\",\"name\":\"admin\",\"image\":{\"@type\":\"ImageObject\",\"inLanguage\":\"fr-FR\",\"@id\":\"https:\\\/\\\/secure.gravatar.com\\\/avatar\\\/4c81fed838786e9b53f540bf46533e750f5d292099ae3b66cfc6fb1982e29df7?s=96&d=mm&r=g\",\"url\":\"https:\\\/\\\/secure.gravatar.com\\\/avatar\\\/4c81fed838786e9b53f540bf46533e750f5d292099ae3b66cfc6fb1982e29df7?s=96&d=mm&r=g\",\"contentUrl\":\"https:\\\/\\\/secure.gravatar.com\\\/avatar\\\/4c81fed838786e9b53f540bf46533e750f5d292099ae3b66cfc6fb1982e29df7?s=96&d=mm&r=g\",\"caption\":\"admin\"},\"description\":\"admin\",\"url\":\"https:\\\/\\\/lasentinelle.dz\\\/author\\\/admin\\\/\"}]}<\/script>\n<!-- \/ Yoast SEO plugin. -->","yoast_head_json":{"title":"Sahara occidental : La seule solution au conflit est celle pr\u00e9vue par le plan de r\u00e8glement ONU-OUA - La Sentinelle","robots":{"index":"index","follow":"follow","max-snippet":"max-snippet:-1","max-image-preview":"max-image-preview:large","max-video-preview":"max-video-preview:-1"},"canonical":"https:\/\/lasentinelle.dz\/index.php\/2025\/06\/03\/sahara-occidental-la-seule-solution-au-conflit-est-celle-prevue-par-le-plan-de-reglement-onu-oua\/","og_locale":"fr_FR","og_type":"article","og_title":"Sahara occidental : La seule solution au conflit est celle pr\u00e9vue par le plan de r\u00e8glement ONU-OUA - La Sentinelle","og_description":"Le minist\u00e8re sahraoui des Affaires \u00e9trang\u00e8res et des questions africaines a rappel\u00e9, lundi, que l&rsquo;unique solution au conflit au Sahara","og_url":"https:\/\/lasentinelle.dz\/index.php\/2025\/06\/03\/sahara-occidental-la-seule-solution-au-conflit-est-celle-prevue-par-le-plan-de-reglement-onu-oua\/","og_site_name":"La Sentinelle","article_publisher":"https:\/\/www.facebook.com\/La-Sentinelle-104059864394773","article_published_time":"2025-06-03T21:44:13+00:00","article_modified_time":"2025-06-03T21:44:14+00:00","og_image":[{"width":580,"height":350,"url":"https:\/\/lasentinelle.dz\/wp-content\/uploads\/2024\/09\/sahara-occidental.jpg","type":"image\/jpeg"}],"author":"admin","twitter_card":"summary_large_image","twitter_misc":{"\u00c9crit par":"admin","Dur\u00e9e de lecture estim\u00e9e":"3 minutes"},"schema":{"@context":"https:\/\/schema.org","@graph":[{"@type":"Article","@id":"https:\/\/lasentinelle.dz\/index.php\/2025\/06\/03\/sahara-occidental-la-seule-solution-au-conflit-est-celle-prevue-par-le-plan-de-reglement-onu-oua\/#article","isPartOf":{"@id":"https:\/\/lasentinelle.dz\/index.php\/2025\/06\/03\/sahara-occidental-la-seule-solution-au-conflit-est-celle-prevue-par-le-plan-de-reglement-onu-oua\/"},"author":{"name":"admin","@id":"https:\/\/lasentinelle.dz\/#\/schema\/person\/729ee0024f24e0b8c5ec17232f8e8b41"},"headline":"Sahara occidental : La seule solution au conflit est celle pr\u00e9vue par le plan de r\u00e8glement ONU-OUA","datePublished":"2025-06-03T21:44:13+00:00","dateModified":"2025-06-03T21:44:14+00:00","mainEntityOfPage":{"@id":"https:\/\/lasentinelle.dz\/index.php\/2025\/06\/03\/sahara-occidental-la-seule-solution-au-conflit-est-celle-prevue-par-le-plan-de-reglement-onu-oua\/"},"wordCount":524,"commentCount":0,"publisher":{"@id":"https:\/\/lasentinelle.dz\/#organization"},"image":{"@id":"https:\/\/lasentinelle.dz\/index.php\/2025\/06\/03\/sahara-occidental-la-seule-solution-au-conflit-est-celle-prevue-par-le-plan-de-reglement-onu-oua\/#primaryimage"},"thumbnailUrl":"https:\/\/lasentinelle.dz\/wp-content\/uploads\/2024\/09\/sahara-occidental.jpg","articleSection":["Monde"],"inLanguage":"fr-FR","potentialAction":[{"@type":"CommentAction","name":"Comment","target":["https:\/\/lasentinelle.dz\/index.php\/2025\/06\/03\/sahara-occidental-la-seule-solution-au-conflit-est-celle-prevue-par-le-plan-de-reglement-onu-oua\/#respond"]}]},{"@type":"WebPage","@id":"https:\/\/lasentinelle.dz\/index.php\/2025\/06\/03\/sahara-occidental-la-seule-solution-au-conflit-est-celle-prevue-par-le-plan-de-reglement-onu-oua\/","url":"https:\/\/lasentinelle.dz\/index.php\/2025\/06\/03\/sahara-occidental-la-seule-solution-au-conflit-est-celle-prevue-par-le-plan-de-reglement-onu-oua\/","name":"Sahara occidental : La seule solution au conflit est celle pr\u00e9vue par le plan de r\u00e8glement ONU-OUA - La Sentinelle","isPartOf":{"@id":"https:\/\/lasentinelle.dz\/#website"},"primaryImageOfPage":{"@id":"https:\/\/lasentinelle.dz\/index.php\/2025\/06\/03\/sahara-occidental-la-seule-solution-au-conflit-est-celle-prevue-par-le-plan-de-reglement-onu-oua\/#primaryimage"},"image":{"@id":"https:\/\/lasentinelle.dz\/index.php\/2025\/06\/03\/sahara-occidental-la-seule-solution-au-conflit-est-celle-prevue-par-le-plan-de-reglement-onu-oua\/#primaryimage"},"thumbnailUrl":"https:\/\/lasentinelle.dz\/wp-content\/uploads\/2024\/09\/sahara-occidental.jpg","datePublished":"2025-06-03T21:44:13+00:00","dateModified":"2025-06-03T21:44:14+00:00","breadcrumb":{"@id":"https:\/\/lasentinelle.dz\/index.php\/2025\/06\/03\/sahara-occidental-la-seule-solution-au-conflit-est-celle-prevue-par-le-plan-de-reglement-onu-oua\/#breadcrumb"},"inLanguage":"fr-FR","potentialAction":[{"@type":"ReadAction","target":["https:\/\/lasentinelle.dz\/index.php\/2025\/06\/03\/sahara-occidental-la-seule-solution-au-conflit-est-celle-prevue-par-le-plan-de-reglement-onu-oua\/"]}]},{"@type":"ImageObject","inLanguage":"fr-FR","@id":"https:\/\/lasentinelle.dz\/index.php\/2025\/06\/03\/sahara-occidental-la-seule-solution-au-conflit-est-celle-prevue-par-le-plan-de-reglement-onu-oua\/#primaryimage","url":"https:\/\/lasentinelle.dz\/wp-content\/uploads\/2024\/09\/sahara-occidental.jpg","contentUrl":"https:\/\/lasentinelle.dz\/wp-content\/uploads\/2024\/09\/sahara-occidental.jpg","width":580,"height":350},{"@type":"BreadcrumbList","@id":"https:\/\/lasentinelle.dz\/index.php\/2025\/06\/03\/sahara-occidental-la-seule-solution-au-conflit-est-celle-prevue-par-le-plan-de-reglement-onu-oua\/#breadcrumb","itemListElement":[{"@type":"ListItem","position":1,"name":"Accueil","item":"https:\/\/lasentinelle.dz\/"},{"@type":"ListItem","position":2,"name":"Sahara occidental : La seule solution au conflit est celle pr\u00e9vue par le plan de r\u00e8glement ONU-OUA"}]},{"@type":"WebSite","@id":"https:\/\/lasentinelle.dz\/#website","url":"https:\/\/lasentinelle.dz\/","name":"La Sentinelle","description":"Quotidien national d&#039;information","publisher":{"@id":"https:\/\/lasentinelle.dz\/#organization"},"potentialAction":[{"@type":"SearchAction","target":{"@type":"EntryPoint","urlTemplate":"https:\/\/lasentinelle.dz\/?s={search_term_string}"},"query-input":{"@type":"PropertyValueSpecification","valueRequired":true,"valueName":"search_term_string"}}],"inLanguage":"fr-FR"},{"@type":"Organization","@id":"https:\/\/lasentinelle.dz\/#organization","name":"Quotidien La Sentinelle","url":"https:\/\/lasentinelle.dz\/","logo":{"@type":"ImageObject","inLanguage":"fr-FR","@id":"https:\/\/lasentinelle.dz\/#\/schema\/logo\/image\/","url":"https:\/\/lasentinelle.dz\/wp-content\/uploads\/2021\/09\/logo-sentinelleSLOGAN-1.png","contentUrl":"https:\/\/lasentinelle.dz\/wp-content\/uploads\/2021\/09\/logo-sentinelleSLOGAN-1.png","width":615,"height":142,"caption":"Quotidien La Sentinelle"},"image":{"@id":"https:\/\/lasentinelle.dz\/#\/schema\/logo\/image\/"},"sameAs":["https:\/\/www.facebook.com\/La-Sentinelle-104059864394773"]},{"@type":"Person","@id":"https:\/\/lasentinelle.dz\/#\/schema\/person\/729ee0024f24e0b8c5ec17232f8e8b41","name":"admin","image":{"@type":"ImageObject","inLanguage":"fr-FR","@id":"https:\/\/secure.gravatar.com\/avatar\/4c81fed838786e9b53f540bf46533e750f5d292099ae3b66cfc6fb1982e29df7?s=96&d=mm&r=g","url":"https:\/\/secure.gravatar.com\/avatar\/4c81fed838786e9b53f540bf46533e750f5d292099ae3b66cfc6fb1982e29df7?s=96&d=mm&r=g","contentUrl":"https:\/\/secure.gravatar.com\/avatar\/4c81fed838786e9b53f540bf46533e750f5d292099ae3b66cfc6fb1982e29df7?s=96&d=mm&r=g","caption":"admin"},"description":"admin","url":"https:\/\/lasentinelle.dz\/author\/admin\/"}]}},"_links":{"self":[{"href":"https:\/\/lasentinelle.dz\/index.php\/wp-json\/wp\/v2\/posts\/68436","targetHints":{"allow":["GET"]}}],"collection":[{"href":"https:\/\/lasentinelle.dz\/index.php\/wp-json\/wp\/v2\/posts"}],"about":[{"href":"https:\/\/lasentinelle.dz\/index.php\/wp-json\/wp\/v2\/types\/post"}],"author":[{"embeddable":true,"href":"https:\/\/lasentinelle.dz\/index.php\/wp-json\/wp\/v2\/users\/6"}],"replies":[{"embeddable":true,"href":"https:\/\/lasentinelle.dz\/index.php\/wp-json\/wp\/v2\/comments?post=68436"}],"version-history":[{"count":1,"href":"https:\/\/lasentinelle.dz\/index.php\/wp-json\/wp\/v2\/posts\/68436\/revisions"}],"predecessor-version":[{"id":68437,"href":"https:\/\/lasentinelle.dz\/index.php\/wp-json\/wp\/v2\/posts\/68436\/revisions\/68437"}],"wp:featuredmedia":[{"embeddable":true,"href":"https:\/\/lasentinelle.dz\/index.php\/wp-json\/wp\/v2\/media\/57408"}],"wp:attachment":[{"href":"https:\/\/lasentinelle.dz\/index.php\/wp-json\/wp\/v2\/media?parent=68436"}],"wp:term":[{"taxonomy":"category","embeddable":true,"href":"https:\/\/lasentinelle.dz\/index.php\/wp-json\/wp\/v2\/categories?post=68436"},{"taxonomy":"post_tag","embeddable":true,"href":"https:\/\/lasentinelle.dz\/index.php\/wp-json\/wp\/v2\/tags?post=68436"}],"curies":[{"name":"wp","href":"https:\/\/api.w.org\/{rel}","templated":true}]}}