{"id":68438,"date":"2025-06-03T22:45:00","date_gmt":"2025-06-03T21:45:00","guid":{"rendered":"https:\/\/lasentinelle.dz\/?p=68438"},"modified":"2025-06-03T22:45:01","modified_gmt":"2025-06-03T21:45:01","slug":"lourdes-pertes-pour-larmee-malienne-apres-des-attaques-terroristes-a-tombouctou-et-boulkessi","status":"publish","type":"post","link":"https:\/\/lasentinelle.dz\/index.php\/2025\/06\/03\/lourdes-pertes-pour-larmee-malienne-apres-des-attaques-terroristes-a-tombouctou-et-boulkessi\/","title":{"rendered":"Lourdes pertes pour l&rsquo;arm\u00e9e malienne apr\u00e8s des attaques terroristes \u00e0 Tombouctou et Boulkessi"},"content":{"rendered":"\n<p><strong>Bamako consomme son \u00e9chec<\/strong><\/p>\n\n\n\n<p>Deux importantes attaques contre l&rsquo;arm\u00e9e malienne en deux jours: un assaut coordonn\u00e9 a vis\u00e9 lundi un camp \u00e0 Tombouctou ainsi que l&rsquo;a\u00e9roport, au lendemain d&rsquo;un raid sanglant qui a co\u00fbt\u00e9 la vie \u00e0 au moins 30 soldats dans le centre du pays, selon plusieurs sources s\u00e9curitaires et locales. Des attaques qui illustrent le climat d&rsquo;ins\u00e9curit\u00e9 qui r\u00e8gne dans le nord du Mali dans le sillage de la prolif\u00e9ration des groupes terroristes dans la r\u00e9gion et l&rsquo;\u00e9chec des autorit\u00e9s maliennes \u00e0 contenir la menace.<\/p>\n\n\n\n<p>L&rsquo;attaque a \u00e9t\u00e9 lanc\u00e9e lundi vers 10H00 (locales et GMT). Lundi soir, l&rsquo;arm\u00e9e a annonc\u00e9 avoir \u00ab\u00a0neutralis\u00e9\u00a0\u00bb 14 assaillants, sans pr\u00e9ciser s&rsquo;il y avait d&rsquo;autres victimes. Le camp militaire a subi une \u00ab\u00a0tentative d&rsquo;infiltration\u00a0\u00bb et des obus ont \u00e9t\u00e9 lanc\u00e9s sur l&rsquo;a\u00e9roport situ\u00e9 \u00e0 deux kilom\u00e8tres de la ville, avait pr\u00e9cis\u00e9 plus t\u00f4t le gouvernorat de Tombouctou, en affirmant par ailleurs sur Facebook que la situation \u00e9tait \u00ab\u00a0sous contr\u00f4le\u00a0\u00bb.<\/p>\n\n\n\n<p>Une source s\u00e9curitaire avait affirm\u00e9 dans l&rsquo;apr\u00e8s-midi \u00e0 l&rsquo;AFP que les op\u00e9rations dans le camp \u00e9taient \u00ab\u00a0d\u00e9j\u00e0 termin\u00e9es\u00a0\u00bb et que les assaillants \u00e9taient \u00ab\u00a0partout dans la ville\u00a0\u00bb.<\/p>\n\n\n\n<p>Le Mali est en proie depuis 2012 aux violences de groupes terroristes affili\u00e9s \u00e0 Al-Qa\u00efda et au groupe Etat islamique (EI). &nbsp;En septembre dernier, les terroristes du Groupe de soutien \u00e0 l&rsquo;islam et aux musulmans (GSIM) ont revendiqu\u00e9 une attaque d&rsquo;une rare ampleur qui avait frapp\u00e9 \u00e0 la fois une caserne de gendarmerie et un a\u00e9roport militaire dans la capitale Bamako, plut\u00f4t \u00e9pargn\u00e9e ces derni\u00e8res ann\u00e9es par les op\u00e9rations d&rsquo;envergure. L&rsquo;attaque de Tombouctou est intervenue au lendemain d&rsquo;un autre assaut d&rsquo;ampleur contre l&rsquo;un des principaux camps de l&rsquo;arm\u00e9e dans le centre du pays, celui de Boulkessi, et dans lequel au moins 30 soldats maliens ont p\u00e9ri, ont indiqu\u00e9 lundi \u00e0 l&rsquo;AFP des sources s\u00e9curitaires et un \u00e9lu local, qui ont dit craindre un bilan plus lourd. \u00ab\u00a0Nos unit\u00e9s sur le terrain rapportent la mort de 30 personnes c\u00f4t\u00e9 amis (&#8230;) Nos hommes se sont battus jusqu&rsquo;au bout (&#8230;)\u00a0\u00bb, a d\u00e9clar\u00e9 \u00e0 l&rsquo;AFP une source s\u00e9curitaire \u00e0 Bamako, ajoutant que d&rsquo;autres soldats \u00e9taient \u00ab\u00a0port\u00e9s disparus\u00a0\u00bb depuis l&rsquo;attaque. Un \u00e9lu local, sous couvert d&rsquo;anonymat, a lui fait \u00e9tat \u00ab\u00a0d&rsquo;au moins 60 militaires tu\u00e9s\u00a0\u00bb. Une seconde source s\u00e9curitaire malienne interrog\u00e9e par l&rsquo;AFP a fait \u00e9tat d'\u00a0\u00bbune soixantaine de victimes\u00a0\u00bb &#8211; morts, disparus et pris en otage &#8211; du c\u00f4t\u00e9 des forces maliennes. L&rsquo;arm\u00e9e malienne avait annonc\u00e9 dimanche l&rsquo;attaque du camp de Boulkessi, sans donner de bilan.<\/p>\n\n\n\n<p><strong>R.I. avec agences<\/strong><\/p>\n","protected":false},"excerpt":{"rendered":"<p>Bamako consomme son \u00e9chec Deux importantes attaques contre l&rsquo;arm\u00e9e malienne en deux jours: un assaut coordonn\u00e9 a vis\u00e9 lundi un<\/p>\n","protected":false},"author":6,"featured_media":65338,"comment_status":"open","ping_status":"closed","sticky":false,"template":"","format":"standard","meta":{"colormag_page_container_layout":"default_layout","colormag_page_sidebar_layout":"default_layout","om_disable_all_campaigns":false,"_monsterinsights_skip_tracking":false,"_monsterinsights_sitenote_active":false,"_monsterinsights_sitenote_note":"","_monsterinsights_sitenote_category":0,"footnotes":"","_wpscppro_dont_share_socialmedia":false,"_wpscppro_custom_social_share_image":0,"_facebook_share_type":"default","_twitter_share_type":"default","_linkedin_share_type":"default","_pinterest_share_type":"default","_linkedin_share_type_page":"","_instagram_share_type":"default","_medium_share_type":"default","_threads_share_type":"","_google_business_share_type":"","_selected_social_profile":[],"_wpsp_enable_custom_social_template":false,"_wpsp_social_scheduling":{"enabled":false,"datetime":null,"platforms":[],"status":"template_only","dateOption":"today","timeOption":"now","customDays":"","customHours":"","customDate":"","customTime":"","schedulingType":"absolute"},"_wpsp_active_default_template":true},"categories":[37],"tags":[],"class_list":["post-68438","post","type-post","status-publish","format-standard","has-post-thumbnail","hentry","category-monde"],"aioseo_notices":[],"yoast_head":"<!-- This site is optimized with the Yoast SEO plugin v27.5 - https:\/\/yoast.com\/product\/yoast-seo-wordpress\/ -->\n<title>Lourdes pertes pour l&rsquo;arm\u00e9e malienne apr\u00e8s des attaques terroristes \u00e0 Tombouctou et Boulkessi - La Sentinelle<\/title>\n<meta name=\"robots\" content=\"index, follow, max-snippet:-1, max-image-preview:large, max-video-preview:-1\" \/>\n<link rel=\"canonical\" href=\"https:\/\/lasentinelle.dz\/index.php\/2025\/06\/03\/lourdes-pertes-pour-larmee-malienne-apres-des-attaques-terroristes-a-tombouctou-et-boulkessi\/\" \/>\n<meta property=\"og:locale\" content=\"fr_FR\" \/>\n<meta property=\"og:type\" content=\"article\" \/>\n<meta property=\"og:title\" content=\"Lourdes pertes pour l&rsquo;arm\u00e9e malienne apr\u00e8s des attaques terroristes \u00e0 Tombouctou et Boulkessi - La Sentinelle\" \/>\n<meta property=\"og:description\" content=\"Bamako consomme son \u00e9chec Deux importantes attaques contre l&rsquo;arm\u00e9e malienne en deux jours: un assaut coordonn\u00e9 a vis\u00e9 lundi un\" \/>\n<meta property=\"og:url\" content=\"https:\/\/lasentinelle.dz\/index.php\/2025\/06\/03\/lourdes-pertes-pour-larmee-malienne-apres-des-attaques-terroristes-a-tombouctou-et-boulkessi\/\" \/>\n<meta property=\"og:site_name\" content=\"La Sentinelle\" \/>\n<meta property=\"article:publisher\" content=\"https:\/\/www.facebook.com\/La-Sentinelle-104059864394773\" \/>\n<meta property=\"article:published_time\" content=\"2025-06-03T21:45:00+00:00\" \/>\n<meta property=\"article:modified_time\" content=\"2025-06-03T21:45:01+00:00\" \/>\n<meta property=\"og:image\" content=\"https:\/\/lasentinelle.dz\/wp-content\/uploads\/2025\/04\/sahel.jpg\" \/>\n\t<meta property=\"og:image:width\" content=\"745\" \/>\n\t<meta property=\"og:image:height\" content=\"470\" \/>\n\t<meta property=\"og:image:type\" content=\"image\/jpeg\" \/>\n<meta name=\"author\" content=\"admin\" \/>\n<meta name=\"twitter:card\" content=\"summary_large_image\" \/>\n<meta name=\"twitter:label1\" content=\"\u00c9crit par\" \/>\n\t<meta name=\"twitter:data1\" content=\"admin\" \/>\n\t<meta name=\"twitter:label2\" content=\"Dur\u00e9e de lecture estim\u00e9e\" \/>\n\t<meta name=\"twitter:data2\" content=\"3 minutes\" \/>\n<script type=\"application\/ld+json\" class=\"yoast-schema-graph\">{\"@context\":\"https:\\\/\\\/schema.org\",\"@graph\":[{\"@type\":\"Article\",\"@id\":\"https:\\\/\\\/lasentinelle.dz\\\/index.php\\\/2025\\\/06\\\/03\\\/lourdes-pertes-pour-larmee-malienne-apres-des-attaques-terroristes-a-tombouctou-et-boulkessi\\\/#article\",\"isPartOf\":{\"@id\":\"https:\\\/\\\/lasentinelle.dz\\\/index.php\\\/2025\\\/06\\\/03\\\/lourdes-pertes-pour-larmee-malienne-apres-des-attaques-terroristes-a-tombouctou-et-boulkessi\\\/\"},\"author\":{\"name\":\"admin\",\"@id\":\"https:\\\/\\\/lasentinelle.dz\\\/#\\\/schema\\\/person\\\/729ee0024f24e0b8c5ec17232f8e8b41\"},\"headline\":\"Lourdes pertes pour l&rsquo;arm\u00e9e malienne apr\u00e8s des attaques terroristes \u00e0 Tombouctou et Boulkessi\",\"datePublished\":\"2025-06-03T21:45:00+00:00\",\"dateModified\":\"2025-06-03T21:45:01+00:00\",\"mainEntityOfPage\":{\"@id\":\"https:\\\/\\\/lasentinelle.dz\\\/index.php\\\/2025\\\/06\\\/03\\\/lourdes-pertes-pour-larmee-malienne-apres-des-attaques-terroristes-a-tombouctou-et-boulkessi\\\/\"},\"wordCount\":484,\"commentCount\":0,\"publisher\":{\"@id\":\"https:\\\/\\\/lasentinelle.dz\\\/#organization\"},\"image\":{\"@id\":\"https:\\\/\\\/lasentinelle.dz\\\/index.php\\\/2025\\\/06\\\/03\\\/lourdes-pertes-pour-larmee-malienne-apres-des-attaques-terroristes-a-tombouctou-et-boulkessi\\\/#primaryimage\"},\"thumbnailUrl\":\"https:\\\/\\\/lasentinelle.dz\\\/wp-content\\\/uploads\\\/2025\\\/04\\\/sahel.jpg\",\"articleSection\":[\"Monde\"],\"inLanguage\":\"fr-FR\",\"potentialAction\":[{\"@type\":\"CommentAction\",\"name\":\"Comment\",\"target\":[\"https:\\\/\\\/lasentinelle.dz\\\/index.php\\\/2025\\\/06\\\/03\\\/lourdes-pertes-pour-larmee-malienne-apres-des-attaques-terroristes-a-tombouctou-et-boulkessi\\\/#respond\"]}]},{\"@type\":\"WebPage\",\"@id\":\"https:\\\/\\\/lasentinelle.dz\\\/index.php\\\/2025\\\/06\\\/03\\\/lourdes-pertes-pour-larmee-malienne-apres-des-attaques-terroristes-a-tombouctou-et-boulkessi\\\/\",\"url\":\"https:\\\/\\\/lasentinelle.dz\\\/index.php\\\/2025\\\/06\\\/03\\\/lourdes-pertes-pour-larmee-malienne-apres-des-attaques-terroristes-a-tombouctou-et-boulkessi\\\/\",\"name\":\"Lourdes pertes pour l&rsquo;arm\u00e9e malienne apr\u00e8s des attaques terroristes \u00e0 Tombouctou et Boulkessi - La Sentinelle\",\"isPartOf\":{\"@id\":\"https:\\\/\\\/lasentinelle.dz\\\/#website\"},\"primaryImageOfPage\":{\"@id\":\"https:\\\/\\\/lasentinelle.dz\\\/index.php\\\/2025\\\/06\\\/03\\\/lourdes-pertes-pour-larmee-malienne-apres-des-attaques-terroristes-a-tombouctou-et-boulkessi\\\/#primaryimage\"},\"image\":{\"@id\":\"https:\\\/\\\/lasentinelle.dz\\\/index.php\\\/2025\\\/06\\\/03\\\/lourdes-pertes-pour-larmee-malienne-apres-des-attaques-terroristes-a-tombouctou-et-boulkessi\\\/#primaryimage\"},\"thumbnailUrl\":\"https:\\\/\\\/lasentinelle.dz\\\/wp-content\\\/uploads\\\/2025\\\/04\\\/sahel.jpg\",\"datePublished\":\"2025-06-03T21:45:00+00:00\",\"dateModified\":\"2025-06-03T21:45:01+00:00\",\"breadcrumb\":{\"@id\":\"https:\\\/\\\/lasentinelle.dz\\\/index.php\\\/2025\\\/06\\\/03\\\/lourdes-pertes-pour-larmee-malienne-apres-des-attaques-terroristes-a-tombouctou-et-boulkessi\\\/#breadcrumb\"},\"inLanguage\":\"fr-FR\",\"potentialAction\":[{\"@type\":\"ReadAction\",\"target\":[\"https:\\\/\\\/lasentinelle.dz\\\/index.php\\\/2025\\\/06\\\/03\\\/lourdes-pertes-pour-larmee-malienne-apres-des-attaques-terroristes-a-tombouctou-et-boulkessi\\\/\"]}]},{\"@type\":\"ImageObject\",\"inLanguage\":\"fr-FR\",\"@id\":\"https:\\\/\\\/lasentinelle.dz\\\/index.php\\\/2025\\\/06\\\/03\\\/lourdes-pertes-pour-larmee-malienne-apres-des-attaques-terroristes-a-tombouctou-et-boulkessi\\\/#primaryimage\",\"url\":\"https:\\\/\\\/lasentinelle.dz\\\/wp-content\\\/uploads\\\/2025\\\/04\\\/sahel.jpg\",\"contentUrl\":\"https:\\\/\\\/lasentinelle.dz\\\/wp-content\\\/uploads\\\/2025\\\/04\\\/sahel.jpg\",\"width\":745,\"height\":470},{\"@type\":\"BreadcrumbList\",\"@id\":\"https:\\\/\\\/lasentinelle.dz\\\/index.php\\\/2025\\\/06\\\/03\\\/lourdes-pertes-pour-larmee-malienne-apres-des-attaques-terroristes-a-tombouctou-et-boulkessi\\\/#breadcrumb\",\"itemListElement\":[{\"@type\":\"ListItem\",\"position\":1,\"name\":\"Accueil\",\"item\":\"https:\\\/\\\/lasentinelle.dz\\\/\"},{\"@type\":\"ListItem\",\"position\":2,\"name\":\"Lourdes pertes pour l&rsquo;arm\u00e9e malienne apr\u00e8s des attaques terroristes \u00e0 Tombouctou et Boulkessi\"}]},{\"@type\":\"WebSite\",\"@id\":\"https:\\\/\\\/lasentinelle.dz\\\/#website\",\"url\":\"https:\\\/\\\/lasentinelle.dz\\\/\",\"name\":\"La Sentinelle\",\"description\":\"Quotidien national d&#039;information\",\"publisher\":{\"@id\":\"https:\\\/\\\/lasentinelle.dz\\\/#organization\"},\"potentialAction\":[{\"@type\":\"SearchAction\",\"target\":{\"@type\":\"EntryPoint\",\"urlTemplate\":\"https:\\\/\\\/lasentinelle.dz\\\/?s={search_term_string}\"},\"query-input\":{\"@type\":\"PropertyValueSpecification\",\"valueRequired\":true,\"valueName\":\"search_term_string\"}}],\"inLanguage\":\"fr-FR\"},{\"@type\":\"Organization\",\"@id\":\"https:\\\/\\\/lasentinelle.dz\\\/#organization\",\"name\":\"Quotidien La Sentinelle\",\"url\":\"https:\\\/\\\/lasentinelle.dz\\\/\",\"logo\":{\"@type\":\"ImageObject\",\"inLanguage\":\"fr-FR\",\"@id\":\"https:\\\/\\\/lasentinelle.dz\\\/#\\\/schema\\\/logo\\\/image\\\/\",\"url\":\"https:\\\/\\\/lasentinelle.dz\\\/wp-content\\\/uploads\\\/2021\\\/09\\\/logo-sentinelleSLOGAN-1.png\",\"contentUrl\":\"https:\\\/\\\/lasentinelle.dz\\\/wp-content\\\/uploads\\\/2021\\\/09\\\/logo-sentinelleSLOGAN-1.png\",\"width\":615,\"height\":142,\"caption\":\"Quotidien La Sentinelle\"},\"image\":{\"@id\":\"https:\\\/\\\/lasentinelle.dz\\\/#\\\/schema\\\/logo\\\/image\\\/\"},\"sameAs\":[\"https:\\\/\\\/www.facebook.com\\\/La-Sentinelle-104059864394773\"]},{\"@type\":\"Person\",\"@id\":\"https:\\\/\\\/lasentinelle.dz\\\/#\\\/schema\\\/person\\\/729ee0024f24e0b8c5ec17232f8e8b41\",\"name\":\"admin\",\"image\":{\"@type\":\"ImageObject\",\"inLanguage\":\"fr-FR\",\"@id\":\"https:\\\/\\\/secure.gravatar.com\\\/avatar\\\/4c81fed838786e9b53f540bf46533e750f5d292099ae3b66cfc6fb1982e29df7?s=96&d=mm&r=g\",\"url\":\"https:\\\/\\\/secure.gravatar.com\\\/avatar\\\/4c81fed838786e9b53f540bf46533e750f5d292099ae3b66cfc6fb1982e29df7?s=96&d=mm&r=g\",\"contentUrl\":\"https:\\\/\\\/secure.gravatar.com\\\/avatar\\\/4c81fed838786e9b53f540bf46533e750f5d292099ae3b66cfc6fb1982e29df7?s=96&d=mm&r=g\",\"caption\":\"admin\"},\"description\":\"admin\",\"url\":\"https:\\\/\\\/lasentinelle.dz\\\/author\\\/admin\\\/\"}]}<\/script>\n<!-- \/ Yoast SEO plugin. -->","yoast_head_json":{"title":"Lourdes pertes pour l&rsquo;arm\u00e9e malienne apr\u00e8s des attaques terroristes \u00e0 Tombouctou et Boulkessi - La Sentinelle","robots":{"index":"index","follow":"follow","max-snippet":"max-snippet:-1","max-image-preview":"max-image-preview:large","max-video-preview":"max-video-preview:-1"},"canonical":"https:\/\/lasentinelle.dz\/index.php\/2025\/06\/03\/lourdes-pertes-pour-larmee-malienne-apres-des-attaques-terroristes-a-tombouctou-et-boulkessi\/","og_locale":"fr_FR","og_type":"article","og_title":"Lourdes pertes pour l&rsquo;arm\u00e9e malienne apr\u00e8s des attaques terroristes \u00e0 Tombouctou et Boulkessi - La Sentinelle","og_description":"Bamako consomme son \u00e9chec Deux importantes attaques contre l&rsquo;arm\u00e9e malienne en deux jours: un assaut coordonn\u00e9 a vis\u00e9 lundi un","og_url":"https:\/\/lasentinelle.dz\/index.php\/2025\/06\/03\/lourdes-pertes-pour-larmee-malienne-apres-des-attaques-terroristes-a-tombouctou-et-boulkessi\/","og_site_name":"La Sentinelle","article_publisher":"https:\/\/www.facebook.com\/La-Sentinelle-104059864394773","article_published_time":"2025-06-03T21:45:00+00:00","article_modified_time":"2025-06-03T21:45:01+00:00","og_image":[{"width":745,"height":470,"url":"https:\/\/lasentinelle.dz\/wp-content\/uploads\/2025\/04\/sahel.jpg","type":"image\/jpeg"}],"author":"admin","twitter_card":"summary_large_image","twitter_misc":{"\u00c9crit par":"admin","Dur\u00e9e de lecture estim\u00e9e":"3 minutes"},"schema":{"@context":"https:\/\/schema.org","@graph":[{"@type":"Article","@id":"https:\/\/lasentinelle.dz\/index.php\/2025\/06\/03\/lourdes-pertes-pour-larmee-malienne-apres-des-attaques-terroristes-a-tombouctou-et-boulkessi\/#article","isPartOf":{"@id":"https:\/\/lasentinelle.dz\/index.php\/2025\/06\/03\/lourdes-pertes-pour-larmee-malienne-apres-des-attaques-terroristes-a-tombouctou-et-boulkessi\/"},"author":{"name":"admin","@id":"https:\/\/lasentinelle.dz\/#\/schema\/person\/729ee0024f24e0b8c5ec17232f8e8b41"},"headline":"Lourdes pertes pour l&rsquo;arm\u00e9e malienne apr\u00e8s des attaques terroristes \u00e0 Tombouctou et Boulkessi","datePublished":"2025-06-03T21:45:00+00:00","dateModified":"2025-06-03T21:45:01+00:00","mainEntityOfPage":{"@id":"https:\/\/lasentinelle.dz\/index.php\/2025\/06\/03\/lourdes-pertes-pour-larmee-malienne-apres-des-attaques-terroristes-a-tombouctou-et-boulkessi\/"},"wordCount":484,"commentCount":0,"publisher":{"@id":"https:\/\/lasentinelle.dz\/#organization"},"image":{"@id":"https:\/\/lasentinelle.dz\/index.php\/2025\/06\/03\/lourdes-pertes-pour-larmee-malienne-apres-des-attaques-terroristes-a-tombouctou-et-boulkessi\/#primaryimage"},"thumbnailUrl":"https:\/\/lasentinelle.dz\/wp-content\/uploads\/2025\/04\/sahel.jpg","articleSection":["Monde"],"inLanguage":"fr-FR","potentialAction":[{"@type":"CommentAction","name":"Comment","target":["https:\/\/lasentinelle.dz\/index.php\/2025\/06\/03\/lourdes-pertes-pour-larmee-malienne-apres-des-attaques-terroristes-a-tombouctou-et-boulkessi\/#respond"]}]},{"@type":"WebPage","@id":"https:\/\/lasentinelle.dz\/index.php\/2025\/06\/03\/lourdes-pertes-pour-larmee-malienne-apres-des-attaques-terroristes-a-tombouctou-et-boulkessi\/","url":"https:\/\/lasentinelle.dz\/index.php\/2025\/06\/03\/lourdes-pertes-pour-larmee-malienne-apres-des-attaques-terroristes-a-tombouctou-et-boulkessi\/","name":"Lourdes pertes pour l&rsquo;arm\u00e9e malienne apr\u00e8s des attaques terroristes \u00e0 Tombouctou et Boulkessi - La Sentinelle","isPartOf":{"@id":"https:\/\/lasentinelle.dz\/#website"},"primaryImageOfPage":{"@id":"https:\/\/lasentinelle.dz\/index.php\/2025\/06\/03\/lourdes-pertes-pour-larmee-malienne-apres-des-attaques-terroristes-a-tombouctou-et-boulkessi\/#primaryimage"},"image":{"@id":"https:\/\/lasentinelle.dz\/index.php\/2025\/06\/03\/lourdes-pertes-pour-larmee-malienne-apres-des-attaques-terroristes-a-tombouctou-et-boulkessi\/#primaryimage"},"thumbnailUrl":"https:\/\/lasentinelle.dz\/wp-content\/uploads\/2025\/04\/sahel.jpg","datePublished":"2025-06-03T21:45:00+00:00","dateModified":"2025-06-03T21:45:01+00:00","breadcrumb":{"@id":"https:\/\/lasentinelle.dz\/index.php\/2025\/06\/03\/lourdes-pertes-pour-larmee-malienne-apres-des-attaques-terroristes-a-tombouctou-et-boulkessi\/#breadcrumb"},"inLanguage":"fr-FR","potentialAction":[{"@type":"ReadAction","target":["https:\/\/lasentinelle.dz\/index.php\/2025\/06\/03\/lourdes-pertes-pour-larmee-malienne-apres-des-attaques-terroristes-a-tombouctou-et-boulkessi\/"]}]},{"@type":"ImageObject","inLanguage":"fr-FR","@id":"https:\/\/lasentinelle.dz\/index.php\/2025\/06\/03\/lourdes-pertes-pour-larmee-malienne-apres-des-attaques-terroristes-a-tombouctou-et-boulkessi\/#primaryimage","url":"https:\/\/lasentinelle.dz\/wp-content\/uploads\/2025\/04\/sahel.jpg","contentUrl":"https:\/\/lasentinelle.dz\/wp-content\/uploads\/2025\/04\/sahel.jpg","width":745,"height":470},{"@type":"BreadcrumbList","@id":"https:\/\/lasentinelle.dz\/index.php\/2025\/06\/03\/lourdes-pertes-pour-larmee-malienne-apres-des-attaques-terroristes-a-tombouctou-et-boulkessi\/#breadcrumb","itemListElement":[{"@type":"ListItem","position":1,"name":"Accueil","item":"https:\/\/lasentinelle.dz\/"},{"@type":"ListItem","position":2,"name":"Lourdes pertes pour l&rsquo;arm\u00e9e malienne apr\u00e8s des attaques terroristes \u00e0 Tombouctou et Boulkessi"}]},{"@type":"WebSite","@id":"https:\/\/lasentinelle.dz\/#website","url":"https:\/\/lasentinelle.dz\/","name":"La Sentinelle","description":"Quotidien national d&#039;information","publisher":{"@id":"https:\/\/lasentinelle.dz\/#organization"},"potentialAction":[{"@type":"SearchAction","target":{"@type":"EntryPoint","urlTemplate":"https:\/\/lasentinelle.dz\/?s={search_term_string}"},"query-input":{"@type":"PropertyValueSpecification","valueRequired":true,"valueName":"search_term_string"}}],"inLanguage":"fr-FR"},{"@type":"Organization","@id":"https:\/\/lasentinelle.dz\/#organization","name":"Quotidien La Sentinelle","url":"https:\/\/lasentinelle.dz\/","logo":{"@type":"ImageObject","inLanguage":"fr-FR","@id":"https:\/\/lasentinelle.dz\/#\/schema\/logo\/image\/","url":"https:\/\/lasentinelle.dz\/wp-content\/uploads\/2021\/09\/logo-sentinelleSLOGAN-1.png","contentUrl":"https:\/\/lasentinelle.dz\/wp-content\/uploads\/2021\/09\/logo-sentinelleSLOGAN-1.png","width":615,"height":142,"caption":"Quotidien La Sentinelle"},"image":{"@id":"https:\/\/lasentinelle.dz\/#\/schema\/logo\/image\/"},"sameAs":["https:\/\/www.facebook.com\/La-Sentinelle-104059864394773"]},{"@type":"Person","@id":"https:\/\/lasentinelle.dz\/#\/schema\/person\/729ee0024f24e0b8c5ec17232f8e8b41","name":"admin","image":{"@type":"ImageObject","inLanguage":"fr-FR","@id":"https:\/\/secure.gravatar.com\/avatar\/4c81fed838786e9b53f540bf46533e750f5d292099ae3b66cfc6fb1982e29df7?s=96&d=mm&r=g","url":"https:\/\/secure.gravatar.com\/avatar\/4c81fed838786e9b53f540bf46533e750f5d292099ae3b66cfc6fb1982e29df7?s=96&d=mm&r=g","contentUrl":"https:\/\/secure.gravatar.com\/avatar\/4c81fed838786e9b53f540bf46533e750f5d292099ae3b66cfc6fb1982e29df7?s=96&d=mm&r=g","caption":"admin"},"description":"admin","url":"https:\/\/lasentinelle.dz\/author\/admin\/"}]}},"_links":{"self":[{"href":"https:\/\/lasentinelle.dz\/index.php\/wp-json\/wp\/v2\/posts\/68438","targetHints":{"allow":["GET"]}}],"collection":[{"href":"https:\/\/lasentinelle.dz\/index.php\/wp-json\/wp\/v2\/posts"}],"about":[{"href":"https:\/\/lasentinelle.dz\/index.php\/wp-json\/wp\/v2\/types\/post"}],"author":[{"embeddable":true,"href":"https:\/\/lasentinelle.dz\/index.php\/wp-json\/wp\/v2\/users\/6"}],"replies":[{"embeddable":true,"href":"https:\/\/lasentinelle.dz\/index.php\/wp-json\/wp\/v2\/comments?post=68438"}],"version-history":[{"count":2,"href":"https:\/\/lasentinelle.dz\/index.php\/wp-json\/wp\/v2\/posts\/68438\/revisions"}],"predecessor-version":[{"id":68440,"href":"https:\/\/lasentinelle.dz\/index.php\/wp-json\/wp\/v2\/posts\/68438\/revisions\/68440"}],"wp:featuredmedia":[{"embeddable":true,"href":"https:\/\/lasentinelle.dz\/index.php\/wp-json\/wp\/v2\/media\/65338"}],"wp:attachment":[{"href":"https:\/\/lasentinelle.dz\/index.php\/wp-json\/wp\/v2\/media?parent=68438"}],"wp:term":[{"taxonomy":"category","embeddable":true,"href":"https:\/\/lasentinelle.dz\/index.php\/wp-json\/wp\/v2\/categories?post=68438"},{"taxonomy":"post_tag","embeddable":true,"href":"https:\/\/lasentinelle.dz\/index.php\/wp-json\/wp\/v2\/tags?post=68438"}],"curies":[{"name":"wp","href":"https:\/\/api.w.org\/{rel}","templated":true}]}}