{"id":68447,"date":"2025-06-03T22:48:40","date_gmt":"2025-06-03T21:48:40","guid":{"rendered":"https:\/\/lasentinelle.dz\/?p=68447"},"modified":"2025-06-03T22:48:41","modified_gmt":"2025-06-03T21:48:41","slug":"oum-el-bouaghi-creation-dun-laboratoire-dedie-a-la-langue-amazighe","status":"publish","type":"post","link":"https:\/\/lasentinelle.dz\/index.php\/2025\/06\/03\/oum-el-bouaghi-creation-dun-laboratoire-dedie-a-la-langue-amazighe\/","title":{"rendered":"Oum El Bouaghi : Cr\u00e9ation d&rsquo;un laboratoire d\u00e9di\u00e9 \u00e0 la langue amazighe"},"content":{"rendered":"\n<p>L&rsquo;universit\u00e9 Larbi Ben M&rsquo;hidi d&rsquo;Oum El Bouaghi accueillera prochainement un laboratoire sp\u00e9cialis\u00e9 dans la langue amazighe, selon une source du rectorat. Une convention de partenariat a \u00e9t\u00e9 sign\u00e9e dimanche entre l&rsquo;universit\u00e9 et le Haut-Commissariat \u00e0 l&rsquo;Amazighit\u00e9 (HCA), avec l&rsquo;approbation du minist\u00e8re de l&rsquo;Enseignement sup\u00e9rieur et de la Recherche scientifique. Ce nouvel \u00e9tablissement, intitul\u00e9 \u00ab\u00a0Langue amazighe, Traduction, \u00c9tudes historiques et culturelles\u00a0\u00bb, aura pour mission principale la promotion de la langue amazighe, la traduction et les \u00e9tudes historiques et culturelles qui s&rsquo;y rapportent. Cette initiative fait suite \u00e0 la r\u00e9cente visite \u00e0 Oum El Bouaghi du secr\u00e9taire g\u00e9n\u00e9ral du Haut-Commissariat \u00e0 l&rsquo;Amazighit\u00e9, Si El Hachemi Assad. Parmi les objectifs strat\u00e9giques de ce laboratoire figure l&rsquo;encouragement \u00e0 la recherche scientifique dans le domaine amazigh. L&rsquo;institution entend \u00e9galement inciter les \u00e9tudiants et chercheurs \u00e0 choisir des sujets de master et de doctorat en rapport avec la langue amazighe. Le laboratoire accordera une attention particuli\u00e8re \u00e0 la traduction vers d&rsquo;autres langues et inversement, tout en s&rsquo;occupant du domaine de la linguistique sociale amazighe et de la linguistique g\u00e9n\u00e9rale appliqu\u00e9e \u00e0 divers contextes.<\/p>\n\n\n\n<p>La nouvelle structure se consacrera \u00e0 l&rsquo;\u00e9tude de la diversit\u00e9, des transformations et des aspects historiques, culturels et civilisationnels amazighs. Cette mission sera concr\u00e9tis\u00e9e par l&rsquo;organisation de colloques, de conf\u00e9rences et d&rsquo;expositions, ainsi que par la r\u00e9alisation de recherches appropri\u00e9es. L&rsquo;encouragement de la cr\u00e9ativit\u00e9 et l&rsquo;accompagnement des chercheurs dans la promotion et la publication de leurs travaux constituent \u00e9galement des priorit\u00e9s de cette structure universitaire. Le r\u00f4le de ce laboratoire est de mettre en valeur la langue amazighe et de lui donner la place qui lui revient. Faisant partie int\u00e9grante de l&rsquo;identit\u00e9 historique et culturelle de l&rsquo;Alg\u00e9rie, la langue amazighe constitue l&rsquo;un des r\u00e9f\u00e9rents identitaires fondamentaux du pays.<\/p>\n\n\n\n<p>Sofia Chahine<\/p>\n","protected":false},"excerpt":{"rendered":"<p>L&rsquo;universit\u00e9 Larbi Ben M&rsquo;hidi d&rsquo;Oum El Bouaghi accueillera prochainement un laboratoire sp\u00e9cialis\u00e9 dans la langue amazighe, selon une source du<\/p>\n","protected":false},"author":6,"featured_media":49193,"comment_status":"open","ping_status":"closed","sticky":false,"template":"","format":"standard","meta":{"colormag_page_container_layout":"default_layout","colormag_page_sidebar_layout":"default_layout","om_disable_all_campaigns":false,"_monsterinsights_skip_tracking":false,"_monsterinsights_sitenote_active":false,"_monsterinsights_sitenote_note":"","_monsterinsights_sitenote_category":0,"footnotes":"","_wpscppro_dont_share_socialmedia":false,"_wpscppro_custom_social_share_image":0,"_facebook_share_type":"default","_twitter_share_type":"default","_linkedin_share_type":"default","_pinterest_share_type":"default","_linkedin_share_type_page":"","_instagram_share_type":"default","_medium_share_type":"default","_threads_share_type":"","_google_business_share_type":"","_selected_social_profile":[],"_wpsp_enable_custom_social_template":false,"_wpsp_social_scheduling":{"enabled":false,"datetime":null,"platforms":[],"status":"template_only","dateOption":"today","timeOption":"now","customDays":"","customHours":"","customDate":"","customTime":"","schedulingType":"absolute"},"_wpsp_active_default_template":true},"categories":[31],"tags":[],"class_list":["post-68447","post","type-post","status-publish","format-standard","has-post-thumbnail","hentry","category-regions"],"aioseo_notices":[],"yoast_head":"<!-- This site is optimized with the Yoast SEO plugin v27.5 - https:\/\/yoast.com\/product\/yoast-seo-wordpress\/ -->\n<title>Oum El Bouaghi : Cr\u00e9ation d&rsquo;un laboratoire d\u00e9di\u00e9 \u00e0 la langue amazighe - La Sentinelle<\/title>\n<meta name=\"robots\" content=\"index, follow, max-snippet:-1, max-image-preview:large, max-video-preview:-1\" \/>\n<link rel=\"canonical\" href=\"https:\/\/lasentinelle.dz\/index.php\/2025\/06\/03\/oum-el-bouaghi-creation-dun-laboratoire-dedie-a-la-langue-amazighe\/\" \/>\n<meta property=\"og:locale\" content=\"fr_FR\" \/>\n<meta property=\"og:type\" content=\"article\" \/>\n<meta property=\"og:title\" content=\"Oum El Bouaghi : Cr\u00e9ation d&rsquo;un laboratoire d\u00e9di\u00e9 \u00e0 la langue amazighe - La Sentinelle\" \/>\n<meta property=\"og:description\" content=\"L&rsquo;universit\u00e9 Larbi Ben M&rsquo;hidi d&rsquo;Oum El Bouaghi accueillera prochainement un laboratoire sp\u00e9cialis\u00e9 dans la langue amazighe, selon une source du\" \/>\n<meta property=\"og:url\" content=\"https:\/\/lasentinelle.dz\/index.php\/2025\/06\/03\/oum-el-bouaghi-creation-dun-laboratoire-dedie-a-la-langue-amazighe\/\" \/>\n<meta property=\"og:site_name\" content=\"La Sentinelle\" \/>\n<meta property=\"article:publisher\" content=\"https:\/\/www.facebook.com\/La-Sentinelle-104059864394773\" \/>\n<meta property=\"article:published_time\" content=\"2025-06-03T21:48:40+00:00\" \/>\n<meta property=\"article:modified_time\" content=\"2025-06-03T21:48:41+00:00\" \/>\n<meta property=\"og:image\" content=\"https:\/\/lasentinelle.dz\/wp-content\/uploads\/2024\/02\/universite-oum-el-bouaghi.jpeg\" \/>\n\t<meta property=\"og:image:width\" content=\"960\" \/>\n\t<meta property=\"og:image:height\" content=\"806\" \/>\n\t<meta property=\"og:image:type\" content=\"image\/jpeg\" \/>\n<meta name=\"author\" content=\"admin\" \/>\n<meta name=\"twitter:card\" content=\"summary_large_image\" \/>\n<meta name=\"twitter:label1\" content=\"\u00c9crit par\" \/>\n\t<meta name=\"twitter:data1\" content=\"admin\" \/>\n\t<meta name=\"twitter:label2\" content=\"Dur\u00e9e de lecture estim\u00e9e\" \/>\n\t<meta name=\"twitter:data2\" content=\"2 minutes\" \/>\n<script type=\"application\/ld+json\" class=\"yoast-schema-graph\">{\"@context\":\"https:\\\/\\\/schema.org\",\"@graph\":[{\"@type\":\"Article\",\"@id\":\"https:\\\/\\\/lasentinelle.dz\\\/index.php\\\/2025\\\/06\\\/03\\\/oum-el-bouaghi-creation-dun-laboratoire-dedie-a-la-langue-amazighe\\\/#article\",\"isPartOf\":{\"@id\":\"https:\\\/\\\/lasentinelle.dz\\\/index.php\\\/2025\\\/06\\\/03\\\/oum-el-bouaghi-creation-dun-laboratoire-dedie-a-la-langue-amazighe\\\/\"},\"author\":{\"name\":\"admin\",\"@id\":\"https:\\\/\\\/lasentinelle.dz\\\/#\\\/schema\\\/person\\\/729ee0024f24e0b8c5ec17232f8e8b41\"},\"headline\":\"Oum El Bouaghi : Cr\u00e9ation d&rsquo;un laboratoire d\u00e9di\u00e9 \u00e0 la langue amazighe\",\"datePublished\":\"2025-06-03T21:48:40+00:00\",\"dateModified\":\"2025-06-03T21:48:41+00:00\",\"mainEntityOfPage\":{\"@id\":\"https:\\\/\\\/lasentinelle.dz\\\/index.php\\\/2025\\\/06\\\/03\\\/oum-el-bouaghi-creation-dun-laboratoire-dedie-a-la-langue-amazighe\\\/\"},\"wordCount\":338,\"commentCount\":0,\"publisher\":{\"@id\":\"https:\\\/\\\/lasentinelle.dz\\\/#organization\"},\"image\":{\"@id\":\"https:\\\/\\\/lasentinelle.dz\\\/index.php\\\/2025\\\/06\\\/03\\\/oum-el-bouaghi-creation-dun-laboratoire-dedie-a-la-langue-amazighe\\\/#primaryimage\"},\"thumbnailUrl\":\"https:\\\/\\\/lasentinelle.dz\\\/wp-content\\\/uploads\\\/2024\\\/02\\\/universite-oum-el-bouaghi.jpeg\",\"articleSection\":[\"R\u00e9gions\"],\"inLanguage\":\"fr-FR\",\"potentialAction\":[{\"@type\":\"CommentAction\",\"name\":\"Comment\",\"target\":[\"https:\\\/\\\/lasentinelle.dz\\\/index.php\\\/2025\\\/06\\\/03\\\/oum-el-bouaghi-creation-dun-laboratoire-dedie-a-la-langue-amazighe\\\/#respond\"]}]},{\"@type\":\"WebPage\",\"@id\":\"https:\\\/\\\/lasentinelle.dz\\\/index.php\\\/2025\\\/06\\\/03\\\/oum-el-bouaghi-creation-dun-laboratoire-dedie-a-la-langue-amazighe\\\/\",\"url\":\"https:\\\/\\\/lasentinelle.dz\\\/index.php\\\/2025\\\/06\\\/03\\\/oum-el-bouaghi-creation-dun-laboratoire-dedie-a-la-langue-amazighe\\\/\",\"name\":\"Oum El Bouaghi : Cr\u00e9ation d&rsquo;un laboratoire d\u00e9di\u00e9 \u00e0 la langue amazighe - La Sentinelle\",\"isPartOf\":{\"@id\":\"https:\\\/\\\/lasentinelle.dz\\\/#website\"},\"primaryImageOfPage\":{\"@id\":\"https:\\\/\\\/lasentinelle.dz\\\/index.php\\\/2025\\\/06\\\/03\\\/oum-el-bouaghi-creation-dun-laboratoire-dedie-a-la-langue-amazighe\\\/#primaryimage\"},\"image\":{\"@id\":\"https:\\\/\\\/lasentinelle.dz\\\/index.php\\\/2025\\\/06\\\/03\\\/oum-el-bouaghi-creation-dun-laboratoire-dedie-a-la-langue-amazighe\\\/#primaryimage\"},\"thumbnailUrl\":\"https:\\\/\\\/lasentinelle.dz\\\/wp-content\\\/uploads\\\/2024\\\/02\\\/universite-oum-el-bouaghi.jpeg\",\"datePublished\":\"2025-06-03T21:48:40+00:00\",\"dateModified\":\"2025-06-03T21:48:41+00:00\",\"breadcrumb\":{\"@id\":\"https:\\\/\\\/lasentinelle.dz\\\/index.php\\\/2025\\\/06\\\/03\\\/oum-el-bouaghi-creation-dun-laboratoire-dedie-a-la-langue-amazighe\\\/#breadcrumb\"},\"inLanguage\":\"fr-FR\",\"potentialAction\":[{\"@type\":\"ReadAction\",\"target\":[\"https:\\\/\\\/lasentinelle.dz\\\/index.php\\\/2025\\\/06\\\/03\\\/oum-el-bouaghi-creation-dun-laboratoire-dedie-a-la-langue-amazighe\\\/\"]}]},{\"@type\":\"ImageObject\",\"inLanguage\":\"fr-FR\",\"@id\":\"https:\\\/\\\/lasentinelle.dz\\\/index.php\\\/2025\\\/06\\\/03\\\/oum-el-bouaghi-creation-dun-laboratoire-dedie-a-la-langue-amazighe\\\/#primaryimage\",\"url\":\"https:\\\/\\\/lasentinelle.dz\\\/wp-content\\\/uploads\\\/2024\\\/02\\\/universite-oum-el-bouaghi.jpeg\",\"contentUrl\":\"https:\\\/\\\/lasentinelle.dz\\\/wp-content\\\/uploads\\\/2024\\\/02\\\/universite-oum-el-bouaghi.jpeg\",\"width\":960,\"height\":806},{\"@type\":\"BreadcrumbList\",\"@id\":\"https:\\\/\\\/lasentinelle.dz\\\/index.php\\\/2025\\\/06\\\/03\\\/oum-el-bouaghi-creation-dun-laboratoire-dedie-a-la-langue-amazighe\\\/#breadcrumb\",\"itemListElement\":[{\"@type\":\"ListItem\",\"position\":1,\"name\":\"Accueil\",\"item\":\"https:\\\/\\\/lasentinelle.dz\\\/\"},{\"@type\":\"ListItem\",\"position\":2,\"name\":\"Oum El Bouaghi : Cr\u00e9ation d&rsquo;un laboratoire d\u00e9di\u00e9 \u00e0 la langue amazighe\"}]},{\"@type\":\"WebSite\",\"@id\":\"https:\\\/\\\/lasentinelle.dz\\\/#website\",\"url\":\"https:\\\/\\\/lasentinelle.dz\\\/\",\"name\":\"La Sentinelle\",\"description\":\"Quotidien national d&#039;information\",\"publisher\":{\"@id\":\"https:\\\/\\\/lasentinelle.dz\\\/#organization\"},\"potentialAction\":[{\"@type\":\"SearchAction\",\"target\":{\"@type\":\"EntryPoint\",\"urlTemplate\":\"https:\\\/\\\/lasentinelle.dz\\\/?s={search_term_string}\"},\"query-input\":{\"@type\":\"PropertyValueSpecification\",\"valueRequired\":true,\"valueName\":\"search_term_string\"}}],\"inLanguage\":\"fr-FR\"},{\"@type\":\"Organization\",\"@id\":\"https:\\\/\\\/lasentinelle.dz\\\/#organization\",\"name\":\"Quotidien La Sentinelle\",\"url\":\"https:\\\/\\\/lasentinelle.dz\\\/\",\"logo\":{\"@type\":\"ImageObject\",\"inLanguage\":\"fr-FR\",\"@id\":\"https:\\\/\\\/lasentinelle.dz\\\/#\\\/schema\\\/logo\\\/image\\\/\",\"url\":\"https:\\\/\\\/lasentinelle.dz\\\/wp-content\\\/uploads\\\/2021\\\/09\\\/logo-sentinelleSLOGAN-1.png\",\"contentUrl\":\"https:\\\/\\\/lasentinelle.dz\\\/wp-content\\\/uploads\\\/2021\\\/09\\\/logo-sentinelleSLOGAN-1.png\",\"width\":615,\"height\":142,\"caption\":\"Quotidien La Sentinelle\"},\"image\":{\"@id\":\"https:\\\/\\\/lasentinelle.dz\\\/#\\\/schema\\\/logo\\\/image\\\/\"},\"sameAs\":[\"https:\\\/\\\/www.facebook.com\\\/La-Sentinelle-104059864394773\"]},{\"@type\":\"Person\",\"@id\":\"https:\\\/\\\/lasentinelle.dz\\\/#\\\/schema\\\/person\\\/729ee0024f24e0b8c5ec17232f8e8b41\",\"name\":\"admin\",\"image\":{\"@type\":\"ImageObject\",\"inLanguage\":\"fr-FR\",\"@id\":\"https:\\\/\\\/secure.gravatar.com\\\/avatar\\\/4c81fed838786e9b53f540bf46533e750f5d292099ae3b66cfc6fb1982e29df7?s=96&d=mm&r=g\",\"url\":\"https:\\\/\\\/secure.gravatar.com\\\/avatar\\\/4c81fed838786e9b53f540bf46533e750f5d292099ae3b66cfc6fb1982e29df7?s=96&d=mm&r=g\",\"contentUrl\":\"https:\\\/\\\/secure.gravatar.com\\\/avatar\\\/4c81fed838786e9b53f540bf46533e750f5d292099ae3b66cfc6fb1982e29df7?s=96&d=mm&r=g\",\"caption\":\"admin\"},\"description\":\"admin\",\"url\":\"https:\\\/\\\/lasentinelle.dz\\\/author\\\/admin\\\/\"}]}<\/script>\n<!-- \/ Yoast SEO plugin. -->","yoast_head_json":{"title":"Oum El Bouaghi : Cr\u00e9ation d&rsquo;un laboratoire d\u00e9di\u00e9 \u00e0 la langue amazighe - La Sentinelle","robots":{"index":"index","follow":"follow","max-snippet":"max-snippet:-1","max-image-preview":"max-image-preview:large","max-video-preview":"max-video-preview:-1"},"canonical":"https:\/\/lasentinelle.dz\/index.php\/2025\/06\/03\/oum-el-bouaghi-creation-dun-laboratoire-dedie-a-la-langue-amazighe\/","og_locale":"fr_FR","og_type":"article","og_title":"Oum El Bouaghi : Cr\u00e9ation d&rsquo;un laboratoire d\u00e9di\u00e9 \u00e0 la langue amazighe - La Sentinelle","og_description":"L&rsquo;universit\u00e9 Larbi Ben M&rsquo;hidi d&rsquo;Oum El Bouaghi accueillera prochainement un laboratoire sp\u00e9cialis\u00e9 dans la langue amazighe, selon une source du","og_url":"https:\/\/lasentinelle.dz\/index.php\/2025\/06\/03\/oum-el-bouaghi-creation-dun-laboratoire-dedie-a-la-langue-amazighe\/","og_site_name":"La Sentinelle","article_publisher":"https:\/\/www.facebook.com\/La-Sentinelle-104059864394773","article_published_time":"2025-06-03T21:48:40+00:00","article_modified_time":"2025-06-03T21:48:41+00:00","og_image":[{"width":960,"height":806,"url":"https:\/\/lasentinelle.dz\/wp-content\/uploads\/2024\/02\/universite-oum-el-bouaghi.jpeg","type":"image\/jpeg"}],"author":"admin","twitter_card":"summary_large_image","twitter_misc":{"\u00c9crit par":"admin","Dur\u00e9e de lecture estim\u00e9e":"2 minutes"},"schema":{"@context":"https:\/\/schema.org","@graph":[{"@type":"Article","@id":"https:\/\/lasentinelle.dz\/index.php\/2025\/06\/03\/oum-el-bouaghi-creation-dun-laboratoire-dedie-a-la-langue-amazighe\/#article","isPartOf":{"@id":"https:\/\/lasentinelle.dz\/index.php\/2025\/06\/03\/oum-el-bouaghi-creation-dun-laboratoire-dedie-a-la-langue-amazighe\/"},"author":{"name":"admin","@id":"https:\/\/lasentinelle.dz\/#\/schema\/person\/729ee0024f24e0b8c5ec17232f8e8b41"},"headline":"Oum El Bouaghi : Cr\u00e9ation d&rsquo;un laboratoire d\u00e9di\u00e9 \u00e0 la langue amazighe","datePublished":"2025-06-03T21:48:40+00:00","dateModified":"2025-06-03T21:48:41+00:00","mainEntityOfPage":{"@id":"https:\/\/lasentinelle.dz\/index.php\/2025\/06\/03\/oum-el-bouaghi-creation-dun-laboratoire-dedie-a-la-langue-amazighe\/"},"wordCount":338,"commentCount":0,"publisher":{"@id":"https:\/\/lasentinelle.dz\/#organization"},"image":{"@id":"https:\/\/lasentinelle.dz\/index.php\/2025\/06\/03\/oum-el-bouaghi-creation-dun-laboratoire-dedie-a-la-langue-amazighe\/#primaryimage"},"thumbnailUrl":"https:\/\/lasentinelle.dz\/wp-content\/uploads\/2024\/02\/universite-oum-el-bouaghi.jpeg","articleSection":["R\u00e9gions"],"inLanguage":"fr-FR","potentialAction":[{"@type":"CommentAction","name":"Comment","target":["https:\/\/lasentinelle.dz\/index.php\/2025\/06\/03\/oum-el-bouaghi-creation-dun-laboratoire-dedie-a-la-langue-amazighe\/#respond"]}]},{"@type":"WebPage","@id":"https:\/\/lasentinelle.dz\/index.php\/2025\/06\/03\/oum-el-bouaghi-creation-dun-laboratoire-dedie-a-la-langue-amazighe\/","url":"https:\/\/lasentinelle.dz\/index.php\/2025\/06\/03\/oum-el-bouaghi-creation-dun-laboratoire-dedie-a-la-langue-amazighe\/","name":"Oum El Bouaghi : Cr\u00e9ation d&rsquo;un laboratoire d\u00e9di\u00e9 \u00e0 la langue amazighe - La Sentinelle","isPartOf":{"@id":"https:\/\/lasentinelle.dz\/#website"},"primaryImageOfPage":{"@id":"https:\/\/lasentinelle.dz\/index.php\/2025\/06\/03\/oum-el-bouaghi-creation-dun-laboratoire-dedie-a-la-langue-amazighe\/#primaryimage"},"image":{"@id":"https:\/\/lasentinelle.dz\/index.php\/2025\/06\/03\/oum-el-bouaghi-creation-dun-laboratoire-dedie-a-la-langue-amazighe\/#primaryimage"},"thumbnailUrl":"https:\/\/lasentinelle.dz\/wp-content\/uploads\/2024\/02\/universite-oum-el-bouaghi.jpeg","datePublished":"2025-06-03T21:48:40+00:00","dateModified":"2025-06-03T21:48:41+00:00","breadcrumb":{"@id":"https:\/\/lasentinelle.dz\/index.php\/2025\/06\/03\/oum-el-bouaghi-creation-dun-laboratoire-dedie-a-la-langue-amazighe\/#breadcrumb"},"inLanguage":"fr-FR","potentialAction":[{"@type":"ReadAction","target":["https:\/\/lasentinelle.dz\/index.php\/2025\/06\/03\/oum-el-bouaghi-creation-dun-laboratoire-dedie-a-la-langue-amazighe\/"]}]},{"@type":"ImageObject","inLanguage":"fr-FR","@id":"https:\/\/lasentinelle.dz\/index.php\/2025\/06\/03\/oum-el-bouaghi-creation-dun-laboratoire-dedie-a-la-langue-amazighe\/#primaryimage","url":"https:\/\/lasentinelle.dz\/wp-content\/uploads\/2024\/02\/universite-oum-el-bouaghi.jpeg","contentUrl":"https:\/\/lasentinelle.dz\/wp-content\/uploads\/2024\/02\/universite-oum-el-bouaghi.jpeg","width":960,"height":806},{"@type":"BreadcrumbList","@id":"https:\/\/lasentinelle.dz\/index.php\/2025\/06\/03\/oum-el-bouaghi-creation-dun-laboratoire-dedie-a-la-langue-amazighe\/#breadcrumb","itemListElement":[{"@type":"ListItem","position":1,"name":"Accueil","item":"https:\/\/lasentinelle.dz\/"},{"@type":"ListItem","position":2,"name":"Oum El Bouaghi : Cr\u00e9ation d&rsquo;un laboratoire d\u00e9di\u00e9 \u00e0 la langue amazighe"}]},{"@type":"WebSite","@id":"https:\/\/lasentinelle.dz\/#website","url":"https:\/\/lasentinelle.dz\/","name":"La Sentinelle","description":"Quotidien national d&#039;information","publisher":{"@id":"https:\/\/lasentinelle.dz\/#organization"},"potentialAction":[{"@type":"SearchAction","target":{"@type":"EntryPoint","urlTemplate":"https:\/\/lasentinelle.dz\/?s={search_term_string}"},"query-input":{"@type":"PropertyValueSpecification","valueRequired":true,"valueName":"search_term_string"}}],"inLanguage":"fr-FR"},{"@type":"Organization","@id":"https:\/\/lasentinelle.dz\/#organization","name":"Quotidien La Sentinelle","url":"https:\/\/lasentinelle.dz\/","logo":{"@type":"ImageObject","inLanguage":"fr-FR","@id":"https:\/\/lasentinelle.dz\/#\/schema\/logo\/image\/","url":"https:\/\/lasentinelle.dz\/wp-content\/uploads\/2021\/09\/logo-sentinelleSLOGAN-1.png","contentUrl":"https:\/\/lasentinelle.dz\/wp-content\/uploads\/2021\/09\/logo-sentinelleSLOGAN-1.png","width":615,"height":142,"caption":"Quotidien La Sentinelle"},"image":{"@id":"https:\/\/lasentinelle.dz\/#\/schema\/logo\/image\/"},"sameAs":["https:\/\/www.facebook.com\/La-Sentinelle-104059864394773"]},{"@type":"Person","@id":"https:\/\/lasentinelle.dz\/#\/schema\/person\/729ee0024f24e0b8c5ec17232f8e8b41","name":"admin","image":{"@type":"ImageObject","inLanguage":"fr-FR","@id":"https:\/\/secure.gravatar.com\/avatar\/4c81fed838786e9b53f540bf46533e750f5d292099ae3b66cfc6fb1982e29df7?s=96&d=mm&r=g","url":"https:\/\/secure.gravatar.com\/avatar\/4c81fed838786e9b53f540bf46533e750f5d292099ae3b66cfc6fb1982e29df7?s=96&d=mm&r=g","contentUrl":"https:\/\/secure.gravatar.com\/avatar\/4c81fed838786e9b53f540bf46533e750f5d292099ae3b66cfc6fb1982e29df7?s=96&d=mm&r=g","caption":"admin"},"description":"admin","url":"https:\/\/lasentinelle.dz\/author\/admin\/"}]}},"_links":{"self":[{"href":"https:\/\/lasentinelle.dz\/index.php\/wp-json\/wp\/v2\/posts\/68447","targetHints":{"allow":["GET"]}}],"collection":[{"href":"https:\/\/lasentinelle.dz\/index.php\/wp-json\/wp\/v2\/posts"}],"about":[{"href":"https:\/\/lasentinelle.dz\/index.php\/wp-json\/wp\/v2\/types\/post"}],"author":[{"embeddable":true,"href":"https:\/\/lasentinelle.dz\/index.php\/wp-json\/wp\/v2\/users\/6"}],"replies":[{"embeddable":true,"href":"https:\/\/lasentinelle.dz\/index.php\/wp-json\/wp\/v2\/comments?post=68447"}],"version-history":[{"count":2,"href":"https:\/\/lasentinelle.dz\/index.php\/wp-json\/wp\/v2\/posts\/68447\/revisions"}],"predecessor-version":[{"id":68449,"href":"https:\/\/lasentinelle.dz\/index.php\/wp-json\/wp\/v2\/posts\/68447\/revisions\/68449"}],"wp:featuredmedia":[{"embeddable":true,"href":"https:\/\/lasentinelle.dz\/index.php\/wp-json\/wp\/v2\/media\/49193"}],"wp:attachment":[{"href":"https:\/\/lasentinelle.dz\/index.php\/wp-json\/wp\/v2\/media?parent=68447"}],"wp:term":[{"taxonomy":"category","embeddable":true,"href":"https:\/\/lasentinelle.dz\/index.php\/wp-json\/wp\/v2\/categories?post=68447"},{"taxonomy":"post_tag","embeddable":true,"href":"https:\/\/lasentinelle.dz\/index.php\/wp-json\/wp\/v2\/tags?post=68447"}],"curies":[{"name":"wp","href":"https:\/\/api.w.org\/{rel}","templated":true}]}}