{"id":68450,"date":"2025-06-03T22:49:20","date_gmt":"2025-06-03T21:49:20","guid":{"rendered":"https:\/\/lasentinelle.dz\/?p=68450"},"modified":"2025-06-03T22:49:21","modified_gmt":"2025-06-03T21:49:21","slug":"annaba-470-agents-mobilises-pour-surveiller-23-plages-cet-ete","status":"publish","type":"post","link":"https:\/\/lasentinelle.dz\/index.php\/2025\/06\/03\/annaba-470-agents-mobilises-pour-surveiller-23-plages-cet-ete\/","title":{"rendered":"Annaba : 470 agents mobilis\u00e9s pour surveiller 23 plages cet \u00e9t\u00e9"},"content":{"rendered":"\n<p>Alors que les travaux d&rsquo;am\u00e9nagement de la fa\u00e7ade maritime de la wilaya d&rsquo;Annaba touchent \u00e0 leur fin, la protection civile a mobilis\u00e9 d&rsquo;importants moyens humains et logistiques pour assurer la surveillance des plages autoris\u00e9es \u00e0 la baignade.<\/p>\n\n\n\n<p>Les estivants pourront profiter cet \u00e9t\u00e9 de 23 plages autoris\u00e9es \u00e0 la baignade dans les communes c\u00f4ti\u00e8res de la wilaya, notamment dans le chef-lieu d&rsquo;Annaba, El Bouni, S\u00e9raidi et Ch\u00e9taibi. Cette d\u00e9cision a \u00e9t\u00e9 prise conform\u00e9ment \u00e0 l&rsquo;arr\u00eat\u00e9 de wilaya n\u00b0 1124 dat\u00e9 du 28 mai 2025, selon un communiqu\u00e9 de la protection civile d&rsquo;Annaba.<\/p>\n\n\n\n<p>L&rsquo;ensemble de ces plages sera dot\u00e9 de tous les moyens humains et logistiques de s\u00e9curit\u00e9 n\u00e9cessaires. Des \u00e9quipes de la protection civile seront d\u00e9ploy\u00e9es quotidiennement de 9h \u00e0 19h pour assurer la s\u00e9curit\u00e9 des vacanciers. Les autorit\u00e9s appellent les estivants \u00e0 \u00e9viter de se baigner dans les zones rocheuses ou non surveill\u00e9es et les mettent en garde contre les dangers potentiels, tout en insistant sur la n\u00e9cessit\u00e9 de respecter la signalisation des drapeaux indiquant l&rsquo;\u00e9tat de la mer.<\/p>\n\n\n\n<p>Pour mener \u00e0 bien cette mission, la protection civile a recrut\u00e9 470 agents saisonniers, comprenant 170 sapeurs-pompiers et 300 gardiens de plages, auxquels s&rsquo;ajoutent 17 plongeurs professionnels pr\u00eats \u00e0 intervenir en cas d&rsquo;urgence. Les agents de la protection civile exerceront principalement en tant que chefs de centre et adjoints aux chefs de centres. Une formation sp\u00e9cialis\u00e9e a \u00e9t\u00e9 dispens\u00e9e aux gardiens de plages par les plongeurs professionnels afin de les pr\u00e9parer aux interventions d&rsquo;urgence en cas de sauvetage.<\/p>\n\n\n\n<p>La direction de la protection civile d&rsquo;Annaba a \u00e9galement mis \u00e0 disposition un \u00e9quipement cons\u00e9quent comprenant 6 ambulances enti\u00e8rement \u00e9quip\u00e9es, 6 embarcations pneumatiques r\u00e9parties selon les besoins (3 pour les plages d&rsquo;Annaba, 2 pour Ch\u00e9taibi et 1 pour la grande plage de S\u00e9raidi), ainsi que des centaines d&rsquo;appareils et d&rsquo;outils d\u00e9di\u00e9s aux op\u00e9rations de sauvetage et d&rsquo;urgence.<\/p>\n\n\n\n<p>Les autorit\u00e9s locales effectuent actuellement des visites d&rsquo;inspection ciblant notamment les plages o\u00f9 les travaux d&rsquo;am\u00e9nagement sont en phase d&rsquo;ach\u00e8vement. La transformation de la fa\u00e7ade maritime de la wilaya d&rsquo;Annaba est particuli\u00e8rement visible au niveau de la plage de Sidi Salem \u00e0 El Bouni, o\u00f9 la m\u00e9tamorphose est saisissante.<\/p>\n\n\n\n<p>Il convient de rappeler que la wilaya d&rsquo;Annaba accueille chaque ann\u00e9e des milliers d&rsquo;estivants, particuli\u00e8rement ceux provenant des wilayas de l&rsquo;int\u00e9rieur et du Sud du pays, ainsi que de l&rsquo;\u00e9tranger. Ces visiteurs affluent surtout durant les mois de juillet et ao\u00fbt, p\u00e9riode durant laquelle toutes les plages et les \u00e9tablissements h\u00f4teliers sont pris d&rsquo;assaut. Cette affluence t\u00e9moigne du statut touristique d&rsquo;excellence de cette wilaya, dont le potentiel naturel en fait une destination privil\u00e9gi\u00e9e, d&rsquo;autant plus que l&rsquo;acc\u00e8s \u00e0 la majorit\u00e9 de ses plages demeure gratuit.<\/p>\n\n\n\n<p>Sofia Chahine<\/p>\n","protected":false},"excerpt":{"rendered":"<p>Alors que les travaux d&rsquo;am\u00e9nagement de la fa\u00e7ade maritime de la wilaya d&rsquo;Annaba touchent \u00e0 leur fin, la protection civile<\/p>\n","protected":false},"author":6,"featured_media":68451,"comment_status":"open","ping_status":"closed","sticky":false,"template":"","format":"standard","meta":{"colormag_page_container_layout":"default_layout","colormag_page_sidebar_layout":"default_layout","om_disable_all_campaigns":false,"_monsterinsights_skip_tracking":false,"_monsterinsights_sitenote_active":false,"_monsterinsights_sitenote_note":"","_monsterinsights_sitenote_category":0,"footnotes":"","_wpscppro_dont_share_socialmedia":false,"_wpscppro_custom_social_share_image":0,"_facebook_share_type":"default","_twitter_share_type":"default","_linkedin_share_type":"default","_pinterest_share_type":"default","_linkedin_share_type_page":"","_instagram_share_type":"default","_medium_share_type":"default","_threads_share_type":"","_google_business_share_type":"","_selected_social_profile":[],"_wpsp_enable_custom_social_template":false,"_wpsp_social_scheduling":{"enabled":false,"datetime":null,"platforms":[],"status":"template_only","dateOption":"today","timeOption":"now","customDays":"","customHours":"","customDate":"","customTime":"","schedulingType":"absolute"},"_wpsp_active_default_template":true},"categories":[31],"tags":[],"class_list":["post-68450","post","type-post","status-publish","format-standard","has-post-thumbnail","hentry","category-regions"],"aioseo_notices":[],"yoast_head":"<!-- This site is optimized with the Yoast SEO plugin v27.5 - https:\/\/yoast.com\/product\/yoast-seo-wordpress\/ -->\n<title>Annaba : 470 agents mobilis\u00e9s pour surveiller 23 plages cet \u00e9t\u00e9 - La Sentinelle<\/title>\n<meta name=\"robots\" content=\"index, follow, max-snippet:-1, max-image-preview:large, max-video-preview:-1\" \/>\n<link rel=\"canonical\" href=\"https:\/\/lasentinelle.dz\/index.php\/2025\/06\/03\/annaba-470-agents-mobilises-pour-surveiller-23-plages-cet-ete\/\" \/>\n<meta property=\"og:locale\" content=\"fr_FR\" \/>\n<meta property=\"og:type\" content=\"article\" \/>\n<meta property=\"og:title\" content=\"Annaba : 470 agents mobilis\u00e9s pour surveiller 23 plages cet \u00e9t\u00e9 - La Sentinelle\" \/>\n<meta property=\"og:description\" content=\"Alors que les travaux d&rsquo;am\u00e9nagement de la fa\u00e7ade maritime de la wilaya d&rsquo;Annaba touchent \u00e0 leur fin, la protection civile\" \/>\n<meta property=\"og:url\" content=\"https:\/\/lasentinelle.dz\/index.php\/2025\/06\/03\/annaba-470-agents-mobilises-pour-surveiller-23-plages-cet-ete\/\" \/>\n<meta property=\"og:site_name\" content=\"La Sentinelle\" \/>\n<meta property=\"article:publisher\" content=\"https:\/\/www.facebook.com\/La-Sentinelle-104059864394773\" \/>\n<meta property=\"article:published_time\" content=\"2025-06-03T21:49:20+00:00\" \/>\n<meta property=\"article:modified_time\" content=\"2025-06-03T21:49:21+00:00\" \/>\n<meta property=\"og:image\" content=\"https:\/\/lasentinelle.dz\/wp-content\/uploads\/2025\/06\/plage-annaba.jpg\" \/>\n\t<meta property=\"og:image:width\" content=\"617\" \/>\n\t<meta property=\"og:image:height\" content=\"900\" \/>\n\t<meta property=\"og:image:type\" content=\"image\/jpeg\" \/>\n<meta name=\"author\" content=\"admin\" \/>\n<meta name=\"twitter:card\" content=\"summary_large_image\" \/>\n<meta name=\"twitter:label1\" content=\"\u00c9crit par\" \/>\n\t<meta name=\"twitter:data1\" content=\"admin\" \/>\n\t<meta name=\"twitter:label2\" content=\"Dur\u00e9e de lecture estim\u00e9e\" \/>\n\t<meta name=\"twitter:data2\" content=\"3 minutes\" \/>\n<script type=\"application\/ld+json\" class=\"yoast-schema-graph\">{\"@context\":\"https:\\\/\\\/schema.org\",\"@graph\":[{\"@type\":\"Article\",\"@id\":\"https:\\\/\\\/lasentinelle.dz\\\/index.php\\\/2025\\\/06\\\/03\\\/annaba-470-agents-mobilises-pour-surveiller-23-plages-cet-ete\\\/#article\",\"isPartOf\":{\"@id\":\"https:\\\/\\\/lasentinelle.dz\\\/index.php\\\/2025\\\/06\\\/03\\\/annaba-470-agents-mobilises-pour-surveiller-23-plages-cet-ete\\\/\"},\"author\":{\"name\":\"admin\",\"@id\":\"https:\\\/\\\/lasentinelle.dz\\\/#\\\/schema\\\/person\\\/729ee0024f24e0b8c5ec17232f8e8b41\"},\"headline\":\"Annaba : 470 agents mobilis\u00e9s pour surveiller 23 plages cet \u00e9t\u00e9\",\"datePublished\":\"2025-06-03T21:49:20+00:00\",\"dateModified\":\"2025-06-03T21:49:21+00:00\",\"mainEntityOfPage\":{\"@id\":\"https:\\\/\\\/lasentinelle.dz\\\/index.php\\\/2025\\\/06\\\/03\\\/annaba-470-agents-mobilises-pour-surveiller-23-plages-cet-ete\\\/\"},\"wordCount\":503,\"commentCount\":0,\"publisher\":{\"@id\":\"https:\\\/\\\/lasentinelle.dz\\\/#organization\"},\"image\":{\"@id\":\"https:\\\/\\\/lasentinelle.dz\\\/index.php\\\/2025\\\/06\\\/03\\\/annaba-470-agents-mobilises-pour-surveiller-23-plages-cet-ete\\\/#primaryimage\"},\"thumbnailUrl\":\"https:\\\/\\\/lasentinelle.dz\\\/wp-content\\\/uploads\\\/2025\\\/06\\\/plage-annaba.jpg\",\"articleSection\":[\"R\u00e9gions\"],\"inLanguage\":\"fr-FR\",\"potentialAction\":[{\"@type\":\"CommentAction\",\"name\":\"Comment\",\"target\":[\"https:\\\/\\\/lasentinelle.dz\\\/index.php\\\/2025\\\/06\\\/03\\\/annaba-470-agents-mobilises-pour-surveiller-23-plages-cet-ete\\\/#respond\"]}]},{\"@type\":\"WebPage\",\"@id\":\"https:\\\/\\\/lasentinelle.dz\\\/index.php\\\/2025\\\/06\\\/03\\\/annaba-470-agents-mobilises-pour-surveiller-23-plages-cet-ete\\\/\",\"url\":\"https:\\\/\\\/lasentinelle.dz\\\/index.php\\\/2025\\\/06\\\/03\\\/annaba-470-agents-mobilises-pour-surveiller-23-plages-cet-ete\\\/\",\"name\":\"Annaba : 470 agents mobilis\u00e9s pour surveiller 23 plages cet \u00e9t\u00e9 - La Sentinelle\",\"isPartOf\":{\"@id\":\"https:\\\/\\\/lasentinelle.dz\\\/#website\"},\"primaryImageOfPage\":{\"@id\":\"https:\\\/\\\/lasentinelle.dz\\\/index.php\\\/2025\\\/06\\\/03\\\/annaba-470-agents-mobilises-pour-surveiller-23-plages-cet-ete\\\/#primaryimage\"},\"image\":{\"@id\":\"https:\\\/\\\/lasentinelle.dz\\\/index.php\\\/2025\\\/06\\\/03\\\/annaba-470-agents-mobilises-pour-surveiller-23-plages-cet-ete\\\/#primaryimage\"},\"thumbnailUrl\":\"https:\\\/\\\/lasentinelle.dz\\\/wp-content\\\/uploads\\\/2025\\\/06\\\/plage-annaba.jpg\",\"datePublished\":\"2025-06-03T21:49:20+00:00\",\"dateModified\":\"2025-06-03T21:49:21+00:00\",\"breadcrumb\":{\"@id\":\"https:\\\/\\\/lasentinelle.dz\\\/index.php\\\/2025\\\/06\\\/03\\\/annaba-470-agents-mobilises-pour-surveiller-23-plages-cet-ete\\\/#breadcrumb\"},\"inLanguage\":\"fr-FR\",\"potentialAction\":[{\"@type\":\"ReadAction\",\"target\":[\"https:\\\/\\\/lasentinelle.dz\\\/index.php\\\/2025\\\/06\\\/03\\\/annaba-470-agents-mobilises-pour-surveiller-23-plages-cet-ete\\\/\"]}]},{\"@type\":\"ImageObject\",\"inLanguage\":\"fr-FR\",\"@id\":\"https:\\\/\\\/lasentinelle.dz\\\/index.php\\\/2025\\\/06\\\/03\\\/annaba-470-agents-mobilises-pour-surveiller-23-plages-cet-ete\\\/#primaryimage\",\"url\":\"https:\\\/\\\/lasentinelle.dz\\\/wp-content\\\/uploads\\\/2025\\\/06\\\/plage-annaba.jpg\",\"contentUrl\":\"https:\\\/\\\/lasentinelle.dz\\\/wp-content\\\/uploads\\\/2025\\\/06\\\/plage-annaba.jpg\",\"width\":617,\"height\":900},{\"@type\":\"BreadcrumbList\",\"@id\":\"https:\\\/\\\/lasentinelle.dz\\\/index.php\\\/2025\\\/06\\\/03\\\/annaba-470-agents-mobilises-pour-surveiller-23-plages-cet-ete\\\/#breadcrumb\",\"itemListElement\":[{\"@type\":\"ListItem\",\"position\":1,\"name\":\"Accueil\",\"item\":\"https:\\\/\\\/lasentinelle.dz\\\/\"},{\"@type\":\"ListItem\",\"position\":2,\"name\":\"Annaba : 470 agents mobilis\u00e9s pour surveiller 23 plages cet \u00e9t\u00e9\"}]},{\"@type\":\"WebSite\",\"@id\":\"https:\\\/\\\/lasentinelle.dz\\\/#website\",\"url\":\"https:\\\/\\\/lasentinelle.dz\\\/\",\"name\":\"La Sentinelle\",\"description\":\"Quotidien national d&#039;information\",\"publisher\":{\"@id\":\"https:\\\/\\\/lasentinelle.dz\\\/#organization\"},\"potentialAction\":[{\"@type\":\"SearchAction\",\"target\":{\"@type\":\"EntryPoint\",\"urlTemplate\":\"https:\\\/\\\/lasentinelle.dz\\\/?s={search_term_string}\"},\"query-input\":{\"@type\":\"PropertyValueSpecification\",\"valueRequired\":true,\"valueName\":\"search_term_string\"}}],\"inLanguage\":\"fr-FR\"},{\"@type\":\"Organization\",\"@id\":\"https:\\\/\\\/lasentinelle.dz\\\/#organization\",\"name\":\"Quotidien La Sentinelle\",\"url\":\"https:\\\/\\\/lasentinelle.dz\\\/\",\"logo\":{\"@type\":\"ImageObject\",\"inLanguage\":\"fr-FR\",\"@id\":\"https:\\\/\\\/lasentinelle.dz\\\/#\\\/schema\\\/logo\\\/image\\\/\",\"url\":\"https:\\\/\\\/lasentinelle.dz\\\/wp-content\\\/uploads\\\/2021\\\/09\\\/logo-sentinelleSLOGAN-1.png\",\"contentUrl\":\"https:\\\/\\\/lasentinelle.dz\\\/wp-content\\\/uploads\\\/2021\\\/09\\\/logo-sentinelleSLOGAN-1.png\",\"width\":615,\"height\":142,\"caption\":\"Quotidien La Sentinelle\"},\"image\":{\"@id\":\"https:\\\/\\\/lasentinelle.dz\\\/#\\\/schema\\\/logo\\\/image\\\/\"},\"sameAs\":[\"https:\\\/\\\/www.facebook.com\\\/La-Sentinelle-104059864394773\"]},{\"@type\":\"Person\",\"@id\":\"https:\\\/\\\/lasentinelle.dz\\\/#\\\/schema\\\/person\\\/729ee0024f24e0b8c5ec17232f8e8b41\",\"name\":\"admin\",\"image\":{\"@type\":\"ImageObject\",\"inLanguage\":\"fr-FR\",\"@id\":\"https:\\\/\\\/secure.gravatar.com\\\/avatar\\\/4c81fed838786e9b53f540bf46533e750f5d292099ae3b66cfc6fb1982e29df7?s=96&d=mm&r=g\",\"url\":\"https:\\\/\\\/secure.gravatar.com\\\/avatar\\\/4c81fed838786e9b53f540bf46533e750f5d292099ae3b66cfc6fb1982e29df7?s=96&d=mm&r=g\",\"contentUrl\":\"https:\\\/\\\/secure.gravatar.com\\\/avatar\\\/4c81fed838786e9b53f540bf46533e750f5d292099ae3b66cfc6fb1982e29df7?s=96&d=mm&r=g\",\"caption\":\"admin\"},\"description\":\"admin\",\"url\":\"https:\\\/\\\/lasentinelle.dz\\\/author\\\/admin\\\/\"}]}<\/script>\n<!-- \/ Yoast SEO plugin. -->","yoast_head_json":{"title":"Annaba : 470 agents mobilis\u00e9s pour surveiller 23 plages cet \u00e9t\u00e9 - La Sentinelle","robots":{"index":"index","follow":"follow","max-snippet":"max-snippet:-1","max-image-preview":"max-image-preview:large","max-video-preview":"max-video-preview:-1"},"canonical":"https:\/\/lasentinelle.dz\/index.php\/2025\/06\/03\/annaba-470-agents-mobilises-pour-surveiller-23-plages-cet-ete\/","og_locale":"fr_FR","og_type":"article","og_title":"Annaba : 470 agents mobilis\u00e9s pour surveiller 23 plages cet \u00e9t\u00e9 - La Sentinelle","og_description":"Alors que les travaux d&rsquo;am\u00e9nagement de la fa\u00e7ade maritime de la wilaya d&rsquo;Annaba touchent \u00e0 leur fin, la protection civile","og_url":"https:\/\/lasentinelle.dz\/index.php\/2025\/06\/03\/annaba-470-agents-mobilises-pour-surveiller-23-plages-cet-ete\/","og_site_name":"La Sentinelle","article_publisher":"https:\/\/www.facebook.com\/La-Sentinelle-104059864394773","article_published_time":"2025-06-03T21:49:20+00:00","article_modified_time":"2025-06-03T21:49:21+00:00","og_image":[{"width":617,"height":900,"url":"https:\/\/lasentinelle.dz\/wp-content\/uploads\/2025\/06\/plage-annaba.jpg","type":"image\/jpeg"}],"author":"admin","twitter_card":"summary_large_image","twitter_misc":{"\u00c9crit par":"admin","Dur\u00e9e de lecture estim\u00e9e":"3 minutes"},"schema":{"@context":"https:\/\/schema.org","@graph":[{"@type":"Article","@id":"https:\/\/lasentinelle.dz\/index.php\/2025\/06\/03\/annaba-470-agents-mobilises-pour-surveiller-23-plages-cet-ete\/#article","isPartOf":{"@id":"https:\/\/lasentinelle.dz\/index.php\/2025\/06\/03\/annaba-470-agents-mobilises-pour-surveiller-23-plages-cet-ete\/"},"author":{"name":"admin","@id":"https:\/\/lasentinelle.dz\/#\/schema\/person\/729ee0024f24e0b8c5ec17232f8e8b41"},"headline":"Annaba : 470 agents mobilis\u00e9s pour surveiller 23 plages cet \u00e9t\u00e9","datePublished":"2025-06-03T21:49:20+00:00","dateModified":"2025-06-03T21:49:21+00:00","mainEntityOfPage":{"@id":"https:\/\/lasentinelle.dz\/index.php\/2025\/06\/03\/annaba-470-agents-mobilises-pour-surveiller-23-plages-cet-ete\/"},"wordCount":503,"commentCount":0,"publisher":{"@id":"https:\/\/lasentinelle.dz\/#organization"},"image":{"@id":"https:\/\/lasentinelle.dz\/index.php\/2025\/06\/03\/annaba-470-agents-mobilises-pour-surveiller-23-plages-cet-ete\/#primaryimage"},"thumbnailUrl":"https:\/\/lasentinelle.dz\/wp-content\/uploads\/2025\/06\/plage-annaba.jpg","articleSection":["R\u00e9gions"],"inLanguage":"fr-FR","potentialAction":[{"@type":"CommentAction","name":"Comment","target":["https:\/\/lasentinelle.dz\/index.php\/2025\/06\/03\/annaba-470-agents-mobilises-pour-surveiller-23-plages-cet-ete\/#respond"]}]},{"@type":"WebPage","@id":"https:\/\/lasentinelle.dz\/index.php\/2025\/06\/03\/annaba-470-agents-mobilises-pour-surveiller-23-plages-cet-ete\/","url":"https:\/\/lasentinelle.dz\/index.php\/2025\/06\/03\/annaba-470-agents-mobilises-pour-surveiller-23-plages-cet-ete\/","name":"Annaba : 470 agents mobilis\u00e9s pour surveiller 23 plages cet \u00e9t\u00e9 - La Sentinelle","isPartOf":{"@id":"https:\/\/lasentinelle.dz\/#website"},"primaryImageOfPage":{"@id":"https:\/\/lasentinelle.dz\/index.php\/2025\/06\/03\/annaba-470-agents-mobilises-pour-surveiller-23-plages-cet-ete\/#primaryimage"},"image":{"@id":"https:\/\/lasentinelle.dz\/index.php\/2025\/06\/03\/annaba-470-agents-mobilises-pour-surveiller-23-plages-cet-ete\/#primaryimage"},"thumbnailUrl":"https:\/\/lasentinelle.dz\/wp-content\/uploads\/2025\/06\/plage-annaba.jpg","datePublished":"2025-06-03T21:49:20+00:00","dateModified":"2025-06-03T21:49:21+00:00","breadcrumb":{"@id":"https:\/\/lasentinelle.dz\/index.php\/2025\/06\/03\/annaba-470-agents-mobilises-pour-surveiller-23-plages-cet-ete\/#breadcrumb"},"inLanguage":"fr-FR","potentialAction":[{"@type":"ReadAction","target":["https:\/\/lasentinelle.dz\/index.php\/2025\/06\/03\/annaba-470-agents-mobilises-pour-surveiller-23-plages-cet-ete\/"]}]},{"@type":"ImageObject","inLanguage":"fr-FR","@id":"https:\/\/lasentinelle.dz\/index.php\/2025\/06\/03\/annaba-470-agents-mobilises-pour-surveiller-23-plages-cet-ete\/#primaryimage","url":"https:\/\/lasentinelle.dz\/wp-content\/uploads\/2025\/06\/plage-annaba.jpg","contentUrl":"https:\/\/lasentinelle.dz\/wp-content\/uploads\/2025\/06\/plage-annaba.jpg","width":617,"height":900},{"@type":"BreadcrumbList","@id":"https:\/\/lasentinelle.dz\/index.php\/2025\/06\/03\/annaba-470-agents-mobilises-pour-surveiller-23-plages-cet-ete\/#breadcrumb","itemListElement":[{"@type":"ListItem","position":1,"name":"Accueil","item":"https:\/\/lasentinelle.dz\/"},{"@type":"ListItem","position":2,"name":"Annaba : 470 agents mobilis\u00e9s pour surveiller 23 plages cet \u00e9t\u00e9"}]},{"@type":"WebSite","@id":"https:\/\/lasentinelle.dz\/#website","url":"https:\/\/lasentinelle.dz\/","name":"La Sentinelle","description":"Quotidien national d&#039;information","publisher":{"@id":"https:\/\/lasentinelle.dz\/#organization"},"potentialAction":[{"@type":"SearchAction","target":{"@type":"EntryPoint","urlTemplate":"https:\/\/lasentinelle.dz\/?s={search_term_string}"},"query-input":{"@type":"PropertyValueSpecification","valueRequired":true,"valueName":"search_term_string"}}],"inLanguage":"fr-FR"},{"@type":"Organization","@id":"https:\/\/lasentinelle.dz\/#organization","name":"Quotidien La Sentinelle","url":"https:\/\/lasentinelle.dz\/","logo":{"@type":"ImageObject","inLanguage":"fr-FR","@id":"https:\/\/lasentinelle.dz\/#\/schema\/logo\/image\/","url":"https:\/\/lasentinelle.dz\/wp-content\/uploads\/2021\/09\/logo-sentinelleSLOGAN-1.png","contentUrl":"https:\/\/lasentinelle.dz\/wp-content\/uploads\/2021\/09\/logo-sentinelleSLOGAN-1.png","width":615,"height":142,"caption":"Quotidien La Sentinelle"},"image":{"@id":"https:\/\/lasentinelle.dz\/#\/schema\/logo\/image\/"},"sameAs":["https:\/\/www.facebook.com\/La-Sentinelle-104059864394773"]},{"@type":"Person","@id":"https:\/\/lasentinelle.dz\/#\/schema\/person\/729ee0024f24e0b8c5ec17232f8e8b41","name":"admin","image":{"@type":"ImageObject","inLanguage":"fr-FR","@id":"https:\/\/secure.gravatar.com\/avatar\/4c81fed838786e9b53f540bf46533e750f5d292099ae3b66cfc6fb1982e29df7?s=96&d=mm&r=g","url":"https:\/\/secure.gravatar.com\/avatar\/4c81fed838786e9b53f540bf46533e750f5d292099ae3b66cfc6fb1982e29df7?s=96&d=mm&r=g","contentUrl":"https:\/\/secure.gravatar.com\/avatar\/4c81fed838786e9b53f540bf46533e750f5d292099ae3b66cfc6fb1982e29df7?s=96&d=mm&r=g","caption":"admin"},"description":"admin","url":"https:\/\/lasentinelle.dz\/author\/admin\/"}]}},"_links":{"self":[{"href":"https:\/\/lasentinelle.dz\/index.php\/wp-json\/wp\/v2\/posts\/68450","targetHints":{"allow":["GET"]}}],"collection":[{"href":"https:\/\/lasentinelle.dz\/index.php\/wp-json\/wp\/v2\/posts"}],"about":[{"href":"https:\/\/lasentinelle.dz\/index.php\/wp-json\/wp\/v2\/types\/post"}],"author":[{"embeddable":true,"href":"https:\/\/lasentinelle.dz\/index.php\/wp-json\/wp\/v2\/users\/6"}],"replies":[{"embeddable":true,"href":"https:\/\/lasentinelle.dz\/index.php\/wp-json\/wp\/v2\/comments?post=68450"}],"version-history":[{"count":1,"href":"https:\/\/lasentinelle.dz\/index.php\/wp-json\/wp\/v2\/posts\/68450\/revisions"}],"predecessor-version":[{"id":68452,"href":"https:\/\/lasentinelle.dz\/index.php\/wp-json\/wp\/v2\/posts\/68450\/revisions\/68452"}],"wp:featuredmedia":[{"embeddable":true,"href":"https:\/\/lasentinelle.dz\/index.php\/wp-json\/wp\/v2\/media\/68451"}],"wp:attachment":[{"href":"https:\/\/lasentinelle.dz\/index.php\/wp-json\/wp\/v2\/media?parent=68450"}],"wp:term":[{"taxonomy":"category","embeddable":true,"href":"https:\/\/lasentinelle.dz\/index.php\/wp-json\/wp\/v2\/categories?post=68450"},{"taxonomy":"post_tag","embeddable":true,"href":"https:\/\/lasentinelle.dz\/index.php\/wp-json\/wp\/v2\/tags?post=68450"}],"curies":[{"name":"wp","href":"https:\/\/api.w.org\/{rel}","templated":true}]}}