{"id":68457,"date":"2025-06-03T22:54:24","date_gmt":"2025-06-03T21:54:24","guid":{"rendered":"https:\/\/lasentinelle.dz\/?p=68457"},"modified":"2025-06-03T22:54:25","modified_gmt":"2025-06-03T21:54:25","slug":"decision-de-lopep-daugmenter-la-production-au-mois-de-juillet-lalgerie-na-emis-aucune-reserve","status":"publish","type":"post","link":"https:\/\/lasentinelle.dz\/index.php\/2025\/06\/03\/decision-de-lopep-daugmenter-la-production-au-mois-de-juillet-lalgerie-na-emis-aucune-reserve\/","title":{"rendered":"D\u00e9cision de l&rsquo;Opep+ d&rsquo;augmenter la production au mois de juillet : \u00ab\u00a0L&rsquo;Alg\u00e9rie n&rsquo;a \u00e9mis aucune r\u00e9serve\u00a0\u00bb"},"content":{"rendered":"\n<p>Le ministre d&rsquo;\u00c9tat, ministre de l&rsquo;\u00c9nergie et des Mines et des \u00c9nergies renouvelables, Mohamed Arkab, a tenu \u00e0 clarifier la position de l&rsquo;Alg\u00e9rie concernant la r\u00e9cente d\u00e9cision de l&rsquo;OPEP+ d&rsquo;augmenter l&rsquo;offre p\u00e9troli\u00e8re mondiale \u00e0 partir de juillet 2025. Cette mise au point intervient dans un contexte o\u00f9 certains m\u00e9dias ont \u00e9voqu\u00e9 des divergences entre les pays membres du cartel p\u00e9trolier, remettant en question l&rsquo;unit\u00e9 du groupe face aux d\u00e9fis \u00e9nerg\u00e9tiques mondiaux. La d\u00e9cision prise lors de la r\u00e9union de samedi des huit pays membres de l&rsquo;OPEP+ engag\u00e9s dans les ajustements volontaires de production pr\u00e9voit une augmentation de l&rsquo;offre globale du groupe de 411 000 barils par jour d\u00e8s le mois de juillet. Cette mesure s&rsquo;inscrit dans une strat\u00e9gie d&rsquo;adaptation aux fluctuations saisonni\u00e8res de la demande \u00e9nerg\u00e9tique mondiale, particuli\u00e8rement marqu\u00e9es durant la p\u00e9riode estivale o\u00f9 la consommation p\u00e9troli\u00e8re conna\u00eet traditionnellement un pic significatif.<\/p>\n\n\n\n<p>\u00ab\u00a0L&rsquo;Alg\u00e9rie a pleinement soutenu cette d\u00e9cision collective, qui intervient dans un contexte marqu\u00e9 par une hausse saisonni\u00e8re de la demande mondiale de p\u00e9trole, notamment durant la p\u00e9riode estivale\u00a0\u00bb, a d\u00e9clar\u00e9 le ministre d&rsquo;\u00c9tat, soulignant l&rsquo;alignement parfait de la position alg\u00e9rienne avec la strat\u00e9gie globale du cartel. Cette d\u00e9claration met en exergue la capacit\u00e9 de l&rsquo;OPEP+ \u00e0 maintenir sa coh\u00e9sion malgr\u00e9 les pressions g\u00e9opolitiques et \u00e9conomiques contemporaines. L&rsquo;impact de cette d\u00e9cision sur l&rsquo;\u00e9conomie alg\u00e9rienne rev\u00eat une importance particuli\u00e8re, l&rsquo;Alg\u00e9rie b\u00e9n\u00e9ficiant d&rsquo;une augmentation additionnelle de sa production de p\u00e9trole brut de 8 000 barils par jour \u00e0 compter de juillet. Cette hausse, bien que modeste en valeur absolue, s&rsquo;inscrit dans une strat\u00e9gie plus large de valorisation des ressources nationales. Le ministre a soulign\u00e9 que cette augmentation accompagnera opportun\u00e9ment la mise en production progressive de plusieurs nouveaux gisements r\u00e9cemment d\u00e9velopp\u00e9s, optimisant ainsi l&rsquo;exploitation du potentiel \u00e9nerg\u00e9tique national et renfor\u00e7ant les revenus d&rsquo;exportation du pays. Face aux sp\u00e9culations m\u00e9diatiques sugg\u00e9rant des dissensions au sein du groupe des huit pays participant aux ajustements volontaires, Mohamed Arkab a fermement d\u00e9menti ces all\u00e9gations. \u00ab\u00a0Les consultations entre ces pays se sont d\u00e9roul\u00e9es de mani\u00e8re constructive et coordonn\u00e9e, et un accord a \u00e9t\u00e9 trouv\u00e9 pour augmenter la production de 411 000 barils par jour par consensus total\u00a0\u00bb, a-t-il affirm\u00e9, insistant sur l&rsquo;unanimit\u00e9 qui a pr\u00e9sid\u00e9 aux n\u00e9gociations. Cette pr\u00e9cision vise \u00e0 rassurer les march\u00e9s internationaux sur la stabilit\u00e9 d\u00e9cisionnelle de l&rsquo;organisation et sa capacit\u00e9 \u00e0 maintenir une gouvernance consensuelle. Le ministre a \u00e9galement tenu \u00e0 rectifier certaines informations circulant dans les m\u00e9dias concernant la position alg\u00e9rienne lors des n\u00e9gociations. \u00ab\u00a0L&rsquo;Alg\u00e9rie n&rsquo;a \u00e9mis aucune r\u00e9serve concernant les ajustements convenus, et les travaux de la r\u00e9union n&rsquo;ont abord\u00e9 aucune proposition d\u00e9passant les trois augmentations adopt\u00e9es pr\u00e9alablement. Toute information contraire ne refl\u00e8te pas fid\u00e8lement le d\u00e9roulement des discussions\u00a0\u00bb, a-t-il pr\u00e9cis\u00e9, d\u00e9montrant la transparence et la coh\u00e9rence de la diplomatie \u00e9nerg\u00e9tique alg\u00e9rienne.<\/p>\n\n\n\n<p>L&rsquo;engagement r\u00e9it\u00e9r\u00e9 de l&rsquo;Alg\u00e9rie envers les principes fondamentaux de l&rsquo;alliance OPEP+ t\u00e9moigne de sa maturit\u00e9 diplomatique dans le domaine \u00e9nerg\u00e9tique. \u00ab\u00a0Les positions de l&rsquo;Alg\u00e9rie ont toujours \u00e9t\u00e9 en harmonie avec l&rsquo;esprit de consensus et de solidarit\u00e9 qui constituent le fondement du travail du groupe. En toutes circonstances, l&rsquo;Alg\u00e9rie a respect\u00e9 ses engagements de production avec rigueur et exemplarit\u00e9, incarnant clairement son attachement constant aux objectifs de la d\u00e9claration de coop\u00e9ration\u00a0\u00bb, a soulign\u00e9 Mohamed Arkab, r\u00e9affirmant l&rsquo;ancrage du pays dans cette architecture de coop\u00e9ration \u00e9nerg\u00e9tique internationale qui demeure essentielle \u00e0 la r\u00e9gulation des march\u00e9s p\u00e9troliers mondiaux.<\/p>\n\n\n\n<p>Samira Ghrib<\/p>\n","protected":false},"excerpt":{"rendered":"<p>Le ministre d&rsquo;\u00c9tat, ministre de l&rsquo;\u00c9nergie et des Mines et des \u00c9nergies renouvelables, Mohamed Arkab, a tenu \u00e0 clarifier la<\/p>\n","protected":false},"author":6,"featured_media":14362,"comment_status":"open","ping_status":"closed","sticky":false,"template":"","format":"standard","meta":{"colormag_page_container_layout":"default_layout","colormag_page_sidebar_layout":"default_layout","om_disable_all_campaigns":false,"_monsterinsights_skip_tracking":false,"_monsterinsights_sitenote_active":false,"_monsterinsights_sitenote_note":"","_monsterinsights_sitenote_category":0,"footnotes":"","_wpscppro_dont_share_socialmedia":false,"_wpscppro_custom_social_share_image":0,"_facebook_share_type":"default","_twitter_share_type":"default","_linkedin_share_type":"default","_pinterest_share_type":"default","_linkedin_share_type_page":"","_instagram_share_type":"default","_medium_share_type":"default","_threads_share_type":"","_google_business_share_type":"","_selected_social_profile":[],"_wpsp_enable_custom_social_template":false,"_wpsp_social_scheduling":{"enabled":false,"datetime":null,"platforms":[],"status":"template_only","dateOption":"today","timeOption":"now","customDays":"","customHours":"","customDate":"","customTime":"","schedulingType":"absolute"},"_wpsp_active_default_template":true},"categories":[52,29],"tags":[],"class_list":["post-68457","post","type-post","status-publish","format-standard","has-post-thumbnail","hentry","category-a-la-une","category-economie"],"aioseo_notices":[],"yoast_head":"<!-- This site is optimized with the Yoast SEO plugin v27.5 - https:\/\/yoast.com\/product\/yoast-seo-wordpress\/ -->\n<title>D\u00e9cision de l&rsquo;Opep+ d&rsquo;augmenter la production au mois de juillet : \u00ab\u00a0L&rsquo;Alg\u00e9rie n&rsquo;a \u00e9mis aucune r\u00e9serve\u00a0\u00bb - La Sentinelle<\/title>\n<meta name=\"robots\" content=\"index, follow, max-snippet:-1, max-image-preview:large, max-video-preview:-1\" \/>\n<link rel=\"canonical\" href=\"https:\/\/lasentinelle.dz\/index.php\/2025\/06\/03\/decision-de-lopep-daugmenter-la-production-au-mois-de-juillet-lalgerie-na-emis-aucune-reserve\/\" \/>\n<meta property=\"og:locale\" content=\"fr_FR\" \/>\n<meta property=\"og:type\" content=\"article\" \/>\n<meta property=\"og:title\" content=\"D\u00e9cision de l&rsquo;Opep+ d&rsquo;augmenter la production au mois de juillet : \u00ab\u00a0L&rsquo;Alg\u00e9rie n&rsquo;a \u00e9mis aucune r\u00e9serve\u00a0\u00bb - La Sentinelle\" \/>\n<meta property=\"og:description\" content=\"Le ministre d&rsquo;\u00c9tat, ministre de l&rsquo;\u00c9nergie et des Mines et des \u00c9nergies renouvelables, Mohamed Arkab, a tenu \u00e0 clarifier la\" \/>\n<meta property=\"og:url\" content=\"https:\/\/lasentinelle.dz\/index.php\/2025\/06\/03\/decision-de-lopep-daugmenter-la-production-au-mois-de-juillet-lalgerie-na-emis-aucune-reserve\/\" \/>\n<meta property=\"og:site_name\" content=\"La Sentinelle\" \/>\n<meta property=\"article:publisher\" content=\"https:\/\/www.facebook.com\/La-Sentinelle-104059864394773\" \/>\n<meta property=\"article:published_time\" content=\"2025-06-03T21:54:24+00:00\" \/>\n<meta property=\"article:modified_time\" content=\"2025-06-03T21:54:25+00:00\" \/>\n<meta property=\"og:image\" content=\"https:\/\/lasentinelle.dz\/wp-content\/uploads\/2021\/11\/Mohamed-Arkab.png\" \/>\n\t<meta property=\"og:image:width\" content=\"1696\" \/>\n\t<meta property=\"og:image:height\" content=\"900\" \/>\n\t<meta property=\"og:image:type\" content=\"image\/png\" \/>\n<meta name=\"author\" content=\"admin\" \/>\n<meta name=\"twitter:card\" content=\"summary_large_image\" \/>\n<meta name=\"twitter:label1\" content=\"\u00c9crit par\" \/>\n\t<meta name=\"twitter:data1\" content=\"admin\" \/>\n\t<meta name=\"twitter:label2\" content=\"Dur\u00e9e de lecture estim\u00e9e\" \/>\n\t<meta name=\"twitter:data2\" content=\"4 minutes\" \/>\n<script type=\"application\/ld+json\" class=\"yoast-schema-graph\">{\"@context\":\"https:\\\/\\\/schema.org\",\"@graph\":[{\"@type\":\"Article\",\"@id\":\"https:\\\/\\\/lasentinelle.dz\\\/index.php\\\/2025\\\/06\\\/03\\\/decision-de-lopep-daugmenter-la-production-au-mois-de-juillet-lalgerie-na-emis-aucune-reserve\\\/#article\",\"isPartOf\":{\"@id\":\"https:\\\/\\\/lasentinelle.dz\\\/index.php\\\/2025\\\/06\\\/03\\\/decision-de-lopep-daugmenter-la-production-au-mois-de-juillet-lalgerie-na-emis-aucune-reserve\\\/\"},\"author\":{\"name\":\"admin\",\"@id\":\"https:\\\/\\\/lasentinelle.dz\\\/#\\\/schema\\\/person\\\/729ee0024f24e0b8c5ec17232f8e8b41\"},\"headline\":\"D\u00e9cision de l&rsquo;Opep+ d&rsquo;augmenter la production au mois de juillet : \u00ab\u00a0L&rsquo;Alg\u00e9rie n&rsquo;a \u00e9mis aucune r\u00e9serve\u00a0\u00bb\",\"datePublished\":\"2025-06-03T21:54:24+00:00\",\"dateModified\":\"2025-06-03T21:54:25+00:00\",\"mainEntityOfPage\":{\"@id\":\"https:\\\/\\\/lasentinelle.dz\\\/index.php\\\/2025\\\/06\\\/03\\\/decision-de-lopep-daugmenter-la-production-au-mois-de-juillet-lalgerie-na-emis-aucune-reserve\\\/\"},\"wordCount\":688,\"commentCount\":0,\"publisher\":{\"@id\":\"https:\\\/\\\/lasentinelle.dz\\\/#organization\"},\"image\":{\"@id\":\"https:\\\/\\\/lasentinelle.dz\\\/index.php\\\/2025\\\/06\\\/03\\\/decision-de-lopep-daugmenter-la-production-au-mois-de-juillet-lalgerie-na-emis-aucune-reserve\\\/#primaryimage\"},\"thumbnailUrl\":\"https:\\\/\\\/lasentinelle.dz\\\/wp-content\\\/uploads\\\/2021\\\/11\\\/Mohamed-Arkab.png\",\"articleSection\":[\"\u00c0 la Une\",\"\u00c9conomie\"],\"inLanguage\":\"fr-FR\",\"potentialAction\":[{\"@type\":\"CommentAction\",\"name\":\"Comment\",\"target\":[\"https:\\\/\\\/lasentinelle.dz\\\/index.php\\\/2025\\\/06\\\/03\\\/decision-de-lopep-daugmenter-la-production-au-mois-de-juillet-lalgerie-na-emis-aucune-reserve\\\/#respond\"]}]},{\"@type\":\"WebPage\",\"@id\":\"https:\\\/\\\/lasentinelle.dz\\\/index.php\\\/2025\\\/06\\\/03\\\/decision-de-lopep-daugmenter-la-production-au-mois-de-juillet-lalgerie-na-emis-aucune-reserve\\\/\",\"url\":\"https:\\\/\\\/lasentinelle.dz\\\/index.php\\\/2025\\\/06\\\/03\\\/decision-de-lopep-daugmenter-la-production-au-mois-de-juillet-lalgerie-na-emis-aucune-reserve\\\/\",\"name\":\"D\u00e9cision de l&rsquo;Opep+ d&rsquo;augmenter la production au mois de juillet : \u00ab\u00a0L&rsquo;Alg\u00e9rie n&rsquo;a \u00e9mis aucune r\u00e9serve\u00a0\u00bb - La Sentinelle\",\"isPartOf\":{\"@id\":\"https:\\\/\\\/lasentinelle.dz\\\/#website\"},\"primaryImageOfPage\":{\"@id\":\"https:\\\/\\\/lasentinelle.dz\\\/index.php\\\/2025\\\/06\\\/03\\\/decision-de-lopep-daugmenter-la-production-au-mois-de-juillet-lalgerie-na-emis-aucune-reserve\\\/#primaryimage\"},\"image\":{\"@id\":\"https:\\\/\\\/lasentinelle.dz\\\/index.php\\\/2025\\\/06\\\/03\\\/decision-de-lopep-daugmenter-la-production-au-mois-de-juillet-lalgerie-na-emis-aucune-reserve\\\/#primaryimage\"},\"thumbnailUrl\":\"https:\\\/\\\/lasentinelle.dz\\\/wp-content\\\/uploads\\\/2021\\\/11\\\/Mohamed-Arkab.png\",\"datePublished\":\"2025-06-03T21:54:24+00:00\",\"dateModified\":\"2025-06-03T21:54:25+00:00\",\"breadcrumb\":{\"@id\":\"https:\\\/\\\/lasentinelle.dz\\\/index.php\\\/2025\\\/06\\\/03\\\/decision-de-lopep-daugmenter-la-production-au-mois-de-juillet-lalgerie-na-emis-aucune-reserve\\\/#breadcrumb\"},\"inLanguage\":\"fr-FR\",\"potentialAction\":[{\"@type\":\"ReadAction\",\"target\":[\"https:\\\/\\\/lasentinelle.dz\\\/index.php\\\/2025\\\/06\\\/03\\\/decision-de-lopep-daugmenter-la-production-au-mois-de-juillet-lalgerie-na-emis-aucune-reserve\\\/\"]}]},{\"@type\":\"ImageObject\",\"inLanguage\":\"fr-FR\",\"@id\":\"https:\\\/\\\/lasentinelle.dz\\\/index.php\\\/2025\\\/06\\\/03\\\/decision-de-lopep-daugmenter-la-production-au-mois-de-juillet-lalgerie-na-emis-aucune-reserve\\\/#primaryimage\",\"url\":\"https:\\\/\\\/lasentinelle.dz\\\/wp-content\\\/uploads\\\/2021\\\/11\\\/Mohamed-Arkab.png\",\"contentUrl\":\"https:\\\/\\\/lasentinelle.dz\\\/wp-content\\\/uploads\\\/2021\\\/11\\\/Mohamed-Arkab.png\",\"width\":1696,\"height\":900},{\"@type\":\"BreadcrumbList\",\"@id\":\"https:\\\/\\\/lasentinelle.dz\\\/index.php\\\/2025\\\/06\\\/03\\\/decision-de-lopep-daugmenter-la-production-au-mois-de-juillet-lalgerie-na-emis-aucune-reserve\\\/#breadcrumb\",\"itemListElement\":[{\"@type\":\"ListItem\",\"position\":1,\"name\":\"Accueil\",\"item\":\"https:\\\/\\\/lasentinelle.dz\\\/\"},{\"@type\":\"ListItem\",\"position\":2,\"name\":\"D\u00e9cision de l&rsquo;Opep+ d&rsquo;augmenter la production au mois de juillet : \u00ab\u00a0L&rsquo;Alg\u00e9rie n&rsquo;a \u00e9mis aucune r\u00e9serve\u00a0\u00bb\"}]},{\"@type\":\"WebSite\",\"@id\":\"https:\\\/\\\/lasentinelle.dz\\\/#website\",\"url\":\"https:\\\/\\\/lasentinelle.dz\\\/\",\"name\":\"La Sentinelle\",\"description\":\"Quotidien national d&#039;information\",\"publisher\":{\"@id\":\"https:\\\/\\\/lasentinelle.dz\\\/#organization\"},\"potentialAction\":[{\"@type\":\"SearchAction\",\"target\":{\"@type\":\"EntryPoint\",\"urlTemplate\":\"https:\\\/\\\/lasentinelle.dz\\\/?s={search_term_string}\"},\"query-input\":{\"@type\":\"PropertyValueSpecification\",\"valueRequired\":true,\"valueName\":\"search_term_string\"}}],\"inLanguage\":\"fr-FR\"},{\"@type\":\"Organization\",\"@id\":\"https:\\\/\\\/lasentinelle.dz\\\/#organization\",\"name\":\"Quotidien La Sentinelle\",\"url\":\"https:\\\/\\\/lasentinelle.dz\\\/\",\"logo\":{\"@type\":\"ImageObject\",\"inLanguage\":\"fr-FR\",\"@id\":\"https:\\\/\\\/lasentinelle.dz\\\/#\\\/schema\\\/logo\\\/image\\\/\",\"url\":\"https:\\\/\\\/lasentinelle.dz\\\/wp-content\\\/uploads\\\/2021\\\/09\\\/logo-sentinelleSLOGAN-1.png\",\"contentUrl\":\"https:\\\/\\\/lasentinelle.dz\\\/wp-content\\\/uploads\\\/2021\\\/09\\\/logo-sentinelleSLOGAN-1.png\",\"width\":615,\"height\":142,\"caption\":\"Quotidien La Sentinelle\"},\"image\":{\"@id\":\"https:\\\/\\\/lasentinelle.dz\\\/#\\\/schema\\\/logo\\\/image\\\/\"},\"sameAs\":[\"https:\\\/\\\/www.facebook.com\\\/La-Sentinelle-104059864394773\"]},{\"@type\":\"Person\",\"@id\":\"https:\\\/\\\/lasentinelle.dz\\\/#\\\/schema\\\/person\\\/729ee0024f24e0b8c5ec17232f8e8b41\",\"name\":\"admin\",\"image\":{\"@type\":\"ImageObject\",\"inLanguage\":\"fr-FR\",\"@id\":\"https:\\\/\\\/secure.gravatar.com\\\/avatar\\\/4c81fed838786e9b53f540bf46533e750f5d292099ae3b66cfc6fb1982e29df7?s=96&d=mm&r=g\",\"url\":\"https:\\\/\\\/secure.gravatar.com\\\/avatar\\\/4c81fed838786e9b53f540bf46533e750f5d292099ae3b66cfc6fb1982e29df7?s=96&d=mm&r=g\",\"contentUrl\":\"https:\\\/\\\/secure.gravatar.com\\\/avatar\\\/4c81fed838786e9b53f540bf46533e750f5d292099ae3b66cfc6fb1982e29df7?s=96&d=mm&r=g\",\"caption\":\"admin\"},\"description\":\"admin\",\"url\":\"https:\\\/\\\/lasentinelle.dz\\\/author\\\/admin\\\/\"}]}<\/script>\n<!-- \/ Yoast SEO plugin. -->","yoast_head_json":{"title":"D\u00e9cision de l&rsquo;Opep+ d&rsquo;augmenter la production au mois de juillet : \u00ab\u00a0L&rsquo;Alg\u00e9rie n&rsquo;a \u00e9mis aucune r\u00e9serve\u00a0\u00bb - La Sentinelle","robots":{"index":"index","follow":"follow","max-snippet":"max-snippet:-1","max-image-preview":"max-image-preview:large","max-video-preview":"max-video-preview:-1"},"canonical":"https:\/\/lasentinelle.dz\/index.php\/2025\/06\/03\/decision-de-lopep-daugmenter-la-production-au-mois-de-juillet-lalgerie-na-emis-aucune-reserve\/","og_locale":"fr_FR","og_type":"article","og_title":"D\u00e9cision de l&rsquo;Opep+ d&rsquo;augmenter la production au mois de juillet : \u00ab\u00a0L&rsquo;Alg\u00e9rie n&rsquo;a \u00e9mis aucune r\u00e9serve\u00a0\u00bb - La Sentinelle","og_description":"Le ministre d&rsquo;\u00c9tat, ministre de l&rsquo;\u00c9nergie et des Mines et des \u00c9nergies renouvelables, Mohamed Arkab, a tenu \u00e0 clarifier la","og_url":"https:\/\/lasentinelle.dz\/index.php\/2025\/06\/03\/decision-de-lopep-daugmenter-la-production-au-mois-de-juillet-lalgerie-na-emis-aucune-reserve\/","og_site_name":"La Sentinelle","article_publisher":"https:\/\/www.facebook.com\/La-Sentinelle-104059864394773","article_published_time":"2025-06-03T21:54:24+00:00","article_modified_time":"2025-06-03T21:54:25+00:00","og_image":[{"width":1696,"height":900,"url":"https:\/\/lasentinelle.dz\/wp-content\/uploads\/2021\/11\/Mohamed-Arkab.png","type":"image\/png"}],"author":"admin","twitter_card":"summary_large_image","twitter_misc":{"\u00c9crit par":"admin","Dur\u00e9e de lecture estim\u00e9e":"4 minutes"},"schema":{"@context":"https:\/\/schema.org","@graph":[{"@type":"Article","@id":"https:\/\/lasentinelle.dz\/index.php\/2025\/06\/03\/decision-de-lopep-daugmenter-la-production-au-mois-de-juillet-lalgerie-na-emis-aucune-reserve\/#article","isPartOf":{"@id":"https:\/\/lasentinelle.dz\/index.php\/2025\/06\/03\/decision-de-lopep-daugmenter-la-production-au-mois-de-juillet-lalgerie-na-emis-aucune-reserve\/"},"author":{"name":"admin","@id":"https:\/\/lasentinelle.dz\/#\/schema\/person\/729ee0024f24e0b8c5ec17232f8e8b41"},"headline":"D\u00e9cision de l&rsquo;Opep+ d&rsquo;augmenter la production au mois de juillet : \u00ab\u00a0L&rsquo;Alg\u00e9rie n&rsquo;a \u00e9mis aucune r\u00e9serve\u00a0\u00bb","datePublished":"2025-06-03T21:54:24+00:00","dateModified":"2025-06-03T21:54:25+00:00","mainEntityOfPage":{"@id":"https:\/\/lasentinelle.dz\/index.php\/2025\/06\/03\/decision-de-lopep-daugmenter-la-production-au-mois-de-juillet-lalgerie-na-emis-aucune-reserve\/"},"wordCount":688,"commentCount":0,"publisher":{"@id":"https:\/\/lasentinelle.dz\/#organization"},"image":{"@id":"https:\/\/lasentinelle.dz\/index.php\/2025\/06\/03\/decision-de-lopep-daugmenter-la-production-au-mois-de-juillet-lalgerie-na-emis-aucune-reserve\/#primaryimage"},"thumbnailUrl":"https:\/\/lasentinelle.dz\/wp-content\/uploads\/2021\/11\/Mohamed-Arkab.png","articleSection":["\u00c0 la Une","\u00c9conomie"],"inLanguage":"fr-FR","potentialAction":[{"@type":"CommentAction","name":"Comment","target":["https:\/\/lasentinelle.dz\/index.php\/2025\/06\/03\/decision-de-lopep-daugmenter-la-production-au-mois-de-juillet-lalgerie-na-emis-aucune-reserve\/#respond"]}]},{"@type":"WebPage","@id":"https:\/\/lasentinelle.dz\/index.php\/2025\/06\/03\/decision-de-lopep-daugmenter-la-production-au-mois-de-juillet-lalgerie-na-emis-aucune-reserve\/","url":"https:\/\/lasentinelle.dz\/index.php\/2025\/06\/03\/decision-de-lopep-daugmenter-la-production-au-mois-de-juillet-lalgerie-na-emis-aucune-reserve\/","name":"D\u00e9cision de l&rsquo;Opep+ d&rsquo;augmenter la production au mois de juillet : \u00ab\u00a0L&rsquo;Alg\u00e9rie n&rsquo;a \u00e9mis aucune r\u00e9serve\u00a0\u00bb - La Sentinelle","isPartOf":{"@id":"https:\/\/lasentinelle.dz\/#website"},"primaryImageOfPage":{"@id":"https:\/\/lasentinelle.dz\/index.php\/2025\/06\/03\/decision-de-lopep-daugmenter-la-production-au-mois-de-juillet-lalgerie-na-emis-aucune-reserve\/#primaryimage"},"image":{"@id":"https:\/\/lasentinelle.dz\/index.php\/2025\/06\/03\/decision-de-lopep-daugmenter-la-production-au-mois-de-juillet-lalgerie-na-emis-aucune-reserve\/#primaryimage"},"thumbnailUrl":"https:\/\/lasentinelle.dz\/wp-content\/uploads\/2021\/11\/Mohamed-Arkab.png","datePublished":"2025-06-03T21:54:24+00:00","dateModified":"2025-06-03T21:54:25+00:00","breadcrumb":{"@id":"https:\/\/lasentinelle.dz\/index.php\/2025\/06\/03\/decision-de-lopep-daugmenter-la-production-au-mois-de-juillet-lalgerie-na-emis-aucune-reserve\/#breadcrumb"},"inLanguage":"fr-FR","potentialAction":[{"@type":"ReadAction","target":["https:\/\/lasentinelle.dz\/index.php\/2025\/06\/03\/decision-de-lopep-daugmenter-la-production-au-mois-de-juillet-lalgerie-na-emis-aucune-reserve\/"]}]},{"@type":"ImageObject","inLanguage":"fr-FR","@id":"https:\/\/lasentinelle.dz\/index.php\/2025\/06\/03\/decision-de-lopep-daugmenter-la-production-au-mois-de-juillet-lalgerie-na-emis-aucune-reserve\/#primaryimage","url":"https:\/\/lasentinelle.dz\/wp-content\/uploads\/2021\/11\/Mohamed-Arkab.png","contentUrl":"https:\/\/lasentinelle.dz\/wp-content\/uploads\/2021\/11\/Mohamed-Arkab.png","width":1696,"height":900},{"@type":"BreadcrumbList","@id":"https:\/\/lasentinelle.dz\/index.php\/2025\/06\/03\/decision-de-lopep-daugmenter-la-production-au-mois-de-juillet-lalgerie-na-emis-aucune-reserve\/#breadcrumb","itemListElement":[{"@type":"ListItem","position":1,"name":"Accueil","item":"https:\/\/lasentinelle.dz\/"},{"@type":"ListItem","position":2,"name":"D\u00e9cision de l&rsquo;Opep+ d&rsquo;augmenter la production au mois de juillet : \u00ab\u00a0L&rsquo;Alg\u00e9rie n&rsquo;a \u00e9mis aucune r\u00e9serve\u00a0\u00bb"}]},{"@type":"WebSite","@id":"https:\/\/lasentinelle.dz\/#website","url":"https:\/\/lasentinelle.dz\/","name":"La Sentinelle","description":"Quotidien national d&#039;information","publisher":{"@id":"https:\/\/lasentinelle.dz\/#organization"},"potentialAction":[{"@type":"SearchAction","target":{"@type":"EntryPoint","urlTemplate":"https:\/\/lasentinelle.dz\/?s={search_term_string}"},"query-input":{"@type":"PropertyValueSpecification","valueRequired":true,"valueName":"search_term_string"}}],"inLanguage":"fr-FR"},{"@type":"Organization","@id":"https:\/\/lasentinelle.dz\/#organization","name":"Quotidien La Sentinelle","url":"https:\/\/lasentinelle.dz\/","logo":{"@type":"ImageObject","inLanguage":"fr-FR","@id":"https:\/\/lasentinelle.dz\/#\/schema\/logo\/image\/","url":"https:\/\/lasentinelle.dz\/wp-content\/uploads\/2021\/09\/logo-sentinelleSLOGAN-1.png","contentUrl":"https:\/\/lasentinelle.dz\/wp-content\/uploads\/2021\/09\/logo-sentinelleSLOGAN-1.png","width":615,"height":142,"caption":"Quotidien La Sentinelle"},"image":{"@id":"https:\/\/lasentinelle.dz\/#\/schema\/logo\/image\/"},"sameAs":["https:\/\/www.facebook.com\/La-Sentinelle-104059864394773"]},{"@type":"Person","@id":"https:\/\/lasentinelle.dz\/#\/schema\/person\/729ee0024f24e0b8c5ec17232f8e8b41","name":"admin","image":{"@type":"ImageObject","inLanguage":"fr-FR","@id":"https:\/\/secure.gravatar.com\/avatar\/4c81fed838786e9b53f540bf46533e750f5d292099ae3b66cfc6fb1982e29df7?s=96&d=mm&r=g","url":"https:\/\/secure.gravatar.com\/avatar\/4c81fed838786e9b53f540bf46533e750f5d292099ae3b66cfc6fb1982e29df7?s=96&d=mm&r=g","contentUrl":"https:\/\/secure.gravatar.com\/avatar\/4c81fed838786e9b53f540bf46533e750f5d292099ae3b66cfc6fb1982e29df7?s=96&d=mm&r=g","caption":"admin"},"description":"admin","url":"https:\/\/lasentinelle.dz\/author\/admin\/"}]}},"_links":{"self":[{"href":"https:\/\/lasentinelle.dz\/index.php\/wp-json\/wp\/v2\/posts\/68457","targetHints":{"allow":["GET"]}}],"collection":[{"href":"https:\/\/lasentinelle.dz\/index.php\/wp-json\/wp\/v2\/posts"}],"about":[{"href":"https:\/\/lasentinelle.dz\/index.php\/wp-json\/wp\/v2\/types\/post"}],"author":[{"embeddable":true,"href":"https:\/\/lasentinelle.dz\/index.php\/wp-json\/wp\/v2\/users\/6"}],"replies":[{"embeddable":true,"href":"https:\/\/lasentinelle.dz\/index.php\/wp-json\/wp\/v2\/comments?post=68457"}],"version-history":[{"count":2,"href":"https:\/\/lasentinelle.dz\/index.php\/wp-json\/wp\/v2\/posts\/68457\/revisions"}],"predecessor-version":[{"id":68459,"href":"https:\/\/lasentinelle.dz\/index.php\/wp-json\/wp\/v2\/posts\/68457\/revisions\/68459"}],"wp:featuredmedia":[{"embeddable":true,"href":"https:\/\/lasentinelle.dz\/index.php\/wp-json\/wp\/v2\/media\/14362"}],"wp:attachment":[{"href":"https:\/\/lasentinelle.dz\/index.php\/wp-json\/wp\/v2\/media?parent=68457"}],"wp:term":[{"taxonomy":"category","embeddable":true,"href":"https:\/\/lasentinelle.dz\/index.php\/wp-json\/wp\/v2\/categories?post=68457"},{"taxonomy":"post_tag","embeddable":true,"href":"https:\/\/lasentinelle.dz\/index.php\/wp-json\/wp\/v2\/tags?post=68457"}],"curies":[{"name":"wp","href":"https:\/\/api.w.org\/{rel}","templated":true}]}}