{"id":68466,"date":"2025-06-03T23:11:21","date_gmt":"2025-06-03T22:11:21","guid":{"rendered":"https:\/\/lasentinelle.dz\/?p=68466"},"modified":"2025-06-03T23:11:22","modified_gmt":"2025-06-03T22:11:22","slug":"la-france-face-a-lescalade-des-crimes-islamophobes-la-grande-mosquee-de-paris-accuse","status":"publish","type":"post","link":"https:\/\/lasentinelle.dz\/index.php\/2025\/06\/03\/la-france-face-a-lescalade-des-crimes-islamophobes-la-grande-mosquee-de-paris-accuse\/","title":{"rendered":"La France face \u00e0 l&rsquo;escalade des crimes islamophobes : La Grande mosqu\u00e9e de Paris accuse"},"content":{"rendered":"\n<p>La France traverse une p\u00e9riode sombre marqu\u00e9e par une escalade inqui\u00e9tante de la violence islamophobe qui suscite l&rsquo;\u00e9moi. En l&rsquo;espace d&rsquo;un mois, deux crimes odieux ont endeuill\u00e9 la communaut\u00e9 musulmane fran\u00e7aise et interpell\u00e9 les pays du Maghreb sur la s\u00e9curit\u00e9 de leurs ressortissants dans l&rsquo;Hexagone. Ces \u00e9v\u00e9nements tragiques r\u00e9v\u00e8lent l&rsquo;ampleur d&rsquo;un ph\u00e9nom\u00e8ne qui d\u00e9passe d\u00e9sormais le stade des discours de haine pour basculer vers le passage \u00e0 l&rsquo;acte meurtrier. Le 25 avril dernier, Aboubakar Ciss\u00e9, un jeune Malien de 22 ans, \u00e9tait sauvagement \u00e9gorg\u00e9 alors qu&rsquo;il accomplissait ses pri\u00e8res dans une mosqu\u00e9e du Gard. Ce crime d&rsquo;une barbarie inou\u00efe avait d\u00e9j\u00e0 soulev\u00e9 une vague d&rsquo;indignation au sein de la communaut\u00e9 musulmane fran\u00e7aise qui avait organis\u00e9 des marches de protestation pour d\u00e9noncer cet acte terroriste. Beaucoup s&rsquo;interrogeaient alors sur l&rsquo;identit\u00e9 de la prochaine victime de cette haine aveugle qui semblait s&rsquo;enraciner dans une partie de la soci\u00e9t\u00e9 fran\u00e7aise.<\/p>\n\n\n\n<p>La r\u00e9ponse tragique est arriv\u00e9e le 31 mai avec l&rsquo;assassinat d&rsquo;Hicham Miraoui, un Tunisien de 35 ans, abattu par balles par son voisin dans le Var. L&rsquo;auteur du crime, anim\u00e9 par des motivations clairement racistes et islamophobes, a ensuite diffus\u00e9 des vid\u00e9os sur les r\u00e9seaux sociaux dans lesquelles il exprimait sa haine contre les musulmans. Cette mise en sc\u00e8ne macabre t\u00e9moigne d&rsquo;une volont\u00e9 d\u00e9lib\u00e9r\u00e9e de \u00ab\u00a0troubler l&rsquo;ordre public par la terreur\u00a0\u00bb, selon les termes du Parquet national antiterroriste qui s&rsquo;est saisi de l&rsquo;affaire. L&rsquo;homme a \u00e9t\u00e9 arr\u00eat\u00e9 en possession de plusieurs armes de guerre, r\u00e9v\u00e9lant l&rsquo;ampleur de sa pr\u00e9paration criminelle.<\/p>\n\n\n\n<p>La Grande mosqu\u00e9e de Paris, par la voix de son recteur Chems-eddine Hafiz, a exprim\u00e9 sa vive condamnation de ces \u00ab\u00a0actes terroristes\u00a0\u00bb qui frappent successivement la communaut\u00e9 musulmane. \u00ab\u00a0Face \u00e0 cet acte terroriste, la Grande mosqu\u00e9e de Paris appelle \u00e0 une prise de conscience urgente et nationale sur le danger des discours x\u00e9nophobes, racistes et islamophobes\u00a0\u00bb, a d\u00e9clar\u00e9 le recteur dans un communiqu\u00e9 officiel. L&rsquo;institution religieuse \u00e9tablit un lien direct entre ces crimes et l&rsquo;atmosph\u00e8re d\u00e9l\u00e9t\u00e8re entretenue par certains discours politiques et m\u00e9diatiques.<\/p>\n\n\n\n<p>\u00ab\u00a0Il est temps de s&rsquo;interroger sur les promoteurs de cette haine qui, dans les sph\u00e8res politiques et m\u00e9diatiques, s\u00e9vissent en toute impunit\u00e9 et conduisent \u00e0 des faits d&rsquo;une extr\u00eame gravit\u00e9\u00a0\u00bb, a ajout\u00e9 Chems-eddine Hafiz, pointant du doigt la responsabilit\u00e9 des \u00e9lites fran\u00e7aises dans la banalisation du discours islamophobe. Cette accusation directe contre les \u00ab\u00a0promoteurs de la haine\u00a0\u00bb r\u00e9sonne particuli\u00e8rement dans un contexte o\u00f9 plusieurs personnalit\u00e9s politiques fran\u00e7aises ont multipli\u00e9 les d\u00e9clarations controvers\u00e9es contre l&rsquo;islam et les musulmans.<\/p>\n\n\n\n<p>Retailleau au banc des accus\u00e9s<\/p>\n\n\n\n<p>L&rsquo;inqui\u00e9tude d\u00e9passe d\u00e9sormais les fronti\u00e8res fran\u00e7aises pour gagner l&rsquo;ensemble du Maghreb. La Tunisie, pays d&rsquo;origine de la derni\u00e8re victime, a vivement condamn\u00e9 cet \u00ab\u00a0acte ignoble\u00a0\u00bb et appel\u00e9 les autorit\u00e9s fran\u00e7aises \u00e0 garantir la s\u00e9curit\u00e9 de la communaut\u00e9 tunisienne en France. Lors d&rsquo;un entretien t\u00e9l\u00e9phonique avec son homologue fran\u00e7ais Bruno Retailleau, le ministre tunisien de l&rsquo;Int\u00e9rieur, Khaled Nouri, a soulign\u00e9 que \u00ab\u00a0les discours de haine et les appels \u00e0 l&rsquo;intol\u00e9rance constituent souvent un terreau favorable \u00e0 ce type de violences barbares\u00a0\u00bb.<\/p>\n\n\n\n<p>La r\u00e9ponse du ministre fran\u00e7ais de l&rsquo;Int\u00e9rieur soul\u00e8ve cependant des interrogations sur la sinc\u00e9rit\u00e9 de l&rsquo;engagement des autorit\u00e9s fran\u00e7aises. Bruno Retailleau a certes assur\u00e9 que \u00ab\u00a0ce criminel ne repr\u00e9sente ni la soci\u00e9t\u00e9 fran\u00e7aise, ni les valeurs de la R\u00e9publique\u00a0\u00bb et que \u00ab\u00a0le racisme doit \u00eatre s\u00e9v\u00e8rement puni\u00a0\u00bb, mais ses propres d\u00e9clarations publiques contribuent \u00e0 alimenter le climat de stigmatisation. Son slogan \u00ab\u00a0\u00e0 bas le voile\u00a0\u00bb, prononc\u00e9 fin mars lors d&rsquo;un rassemblement \u00ab\u00a0contre l&rsquo;islamisme\u00a0\u00bb, illustre parfaitement cette contradiction entre les d\u00e9clarations officielles apaisantes et les prises de position publiques controvers\u00e9es.<\/p>\n\n\n\n<p>Cette situation paradoxale r\u00e9v\u00e8le l&rsquo;ampleur du d\u00e9fi auquel fait face la France dans sa gestion de la diversit\u00e9 religieuse. La surench\u00e8re politique autour de l&rsquo;islam, sous couvert de lutte contre l&rsquo;islamisme politique et la radicalisation, a fini par cr\u00e9er un climat irrespirable pour la communaut\u00e9 musulmane fran\u00e7aise, compos\u00e9e majoritairement de citoyens fran\u00e7ais \u00e0 part enti\u00e8re. Ce n&rsquo;est plus seulement l&rsquo;immigr\u00e9 ou l&rsquo;\u00e9tranger qui est vis\u00e9, mais une frange enti\u00e8re de la soci\u00e9t\u00e9 fran\u00e7aise.<\/p>\n\n\n\n<p>L&rsquo;organisation SOS Racisme d\u00e9nonce le \u00ab\u00a0r\u00e9sultat d&rsquo;un travail minutieux men\u00e9 par le camp du racisme et visant \u00e0 rendre l\u00e9gitime l&rsquo;expression du racisme en mots et en actes\u00a0\u00bb. Cette analyse rejoint celle de nombreux observateurs qui \u00e9tablissent un lien direct entre la lib\u00e9ration de la parole raciste dans les sph\u00e8res politiques et m\u00e9diatiques et le passage \u00e0 l&rsquo;acte de certains individus radicalis\u00e9s.<\/p>\n\n\n\n<p>La publication r\u00e9cente par le minist\u00e8re de l&rsquo;Int\u00e9rieur fran\u00e7ais d&rsquo;un rapport intitul\u00e9 \u00ab\u00a0Fr\u00e8res musulmans et islamisme politique en France\u00a0\u00bb a encore exacerb\u00e9 les tensions. La Grande mosqu\u00e9e de Paris a mis en garde contre les risques de stigmatisation, refusant \u00ab\u00a0que la lutte l\u00e9gitime contre l&rsquo;islamisme ne devienne un pr\u00e9texte pour stigmatiser les musulmans et servir des agendas politiques particuliers\u00a0\u00bb. L&rsquo;institution d\u00e9nonce un discours politique qui tend \u00e0 \u00ab\u00a0construire un probl\u00e8me musulman\u00a0\u00bb et \u00e0 normaliser \u00ab\u00a0un discours discriminatoire de plus en plus d\u00e9complex\u00e9\u00a0\u00bb.<\/p>\n\n\n\n<p>Salim Amokrane<\/p>\n","protected":false},"excerpt":{"rendered":"<p>La France traverse une p\u00e9riode sombre marqu\u00e9e par une escalade inqui\u00e9tante de la violence islamophobe qui suscite l&rsquo;\u00e9moi. En l&rsquo;espace<\/p>\n","protected":false},"author":6,"featured_media":41660,"comment_status":"open","ping_status":"closed","sticky":false,"template":"","format":"standard","meta":{"colormag_page_container_layout":"default_layout","colormag_page_sidebar_layout":"default_layout","om_disable_all_campaigns":false,"_monsterinsights_skip_tracking":false,"_monsterinsights_sitenote_active":false,"_monsterinsights_sitenote_note":"","_monsterinsights_sitenote_category":0,"footnotes":"","_wpscppro_dont_share_socialmedia":false,"_wpscppro_custom_social_share_image":0,"_facebook_share_type":"default","_twitter_share_type":"default","_linkedin_share_type":"default","_pinterest_share_type":"default","_linkedin_share_type_page":"","_instagram_share_type":"default","_medium_share_type":"default","_threads_share_type":"","_google_business_share_type":"","_selected_social_profile":[],"_wpsp_enable_custom_social_template":false,"_wpsp_social_scheduling":{"enabled":false,"datetime":null,"platforms":[],"status":"template_only","dateOption":"today","timeOption":"now","customDays":"","customHours":"","customDate":"","customTime":"","schedulingType":"absolute"},"_wpsp_active_default_template":true},"categories":[27],"tags":[],"class_list":["post-68466","post","type-post","status-publish","format-standard","has-post-thumbnail","hentry","category-actualite"],"aioseo_notices":[],"yoast_head":"<!-- This site is optimized with the Yoast SEO plugin v27.4 - https:\/\/yoast.com\/product\/yoast-seo-wordpress\/ -->\n<title>La France face \u00e0 l&rsquo;escalade des crimes islamophobes : La Grande mosqu\u00e9e de Paris accuse - La Sentinelle<\/title>\n<meta name=\"robots\" content=\"index, follow, max-snippet:-1, max-image-preview:large, max-video-preview:-1\" \/>\n<link rel=\"canonical\" href=\"https:\/\/lasentinelle.dz\/index.php\/2025\/06\/03\/la-france-face-a-lescalade-des-crimes-islamophobes-la-grande-mosquee-de-paris-accuse\/\" \/>\n<meta property=\"og:locale\" content=\"fr_FR\" \/>\n<meta property=\"og:type\" content=\"article\" \/>\n<meta property=\"og:title\" content=\"La France face \u00e0 l&rsquo;escalade des crimes islamophobes : La Grande mosqu\u00e9e de Paris accuse - La Sentinelle\" \/>\n<meta property=\"og:description\" content=\"La France traverse une p\u00e9riode sombre marqu\u00e9e par une escalade inqui\u00e9tante de la violence islamophobe qui suscite l&rsquo;\u00e9moi. En l&rsquo;espace\" \/>\n<meta property=\"og:url\" content=\"https:\/\/lasentinelle.dz\/index.php\/2025\/06\/03\/la-france-face-a-lescalade-des-crimes-islamophobes-la-grande-mosquee-de-paris-accuse\/\" \/>\n<meta property=\"og:site_name\" content=\"La Sentinelle\" \/>\n<meta property=\"article:publisher\" content=\"https:\/\/www.facebook.com\/La-Sentinelle-104059864394773\" \/>\n<meta property=\"article:published_time\" content=\"2025-06-03T22:11:21+00:00\" \/>\n<meta property=\"article:modified_time\" content=\"2025-06-03T22:11:22+00:00\" \/>\n<meta property=\"og:image\" content=\"https:\/\/lasentinelle.dz\/wp-content\/uploads\/2023\/05\/Chems-eddine-Hafiz.png\" \/>\n\t<meta property=\"og:image:width\" content=\"1858\" \/>\n\t<meta property=\"og:image:height\" content=\"900\" \/>\n\t<meta property=\"og:image:type\" content=\"image\/png\" \/>\n<meta name=\"author\" content=\"admin\" \/>\n<meta name=\"twitter:card\" content=\"summary_large_image\" \/>\n<meta name=\"twitter:label1\" content=\"\u00c9crit par\" \/>\n\t<meta name=\"twitter:data1\" content=\"admin\" \/>\n\t<meta name=\"twitter:label2\" content=\"Dur\u00e9e de lecture estim\u00e9e\" \/>\n\t<meta name=\"twitter:data2\" content=\"5 minutes\" \/>\n<script type=\"application\/ld+json\" class=\"yoast-schema-graph\">{\"@context\":\"https:\\\/\\\/schema.org\",\"@graph\":[{\"@type\":\"Article\",\"@id\":\"https:\\\/\\\/lasentinelle.dz\\\/index.php\\\/2025\\\/06\\\/03\\\/la-france-face-a-lescalade-des-crimes-islamophobes-la-grande-mosquee-de-paris-accuse\\\/#article\",\"isPartOf\":{\"@id\":\"https:\\\/\\\/lasentinelle.dz\\\/index.php\\\/2025\\\/06\\\/03\\\/la-france-face-a-lescalade-des-crimes-islamophobes-la-grande-mosquee-de-paris-accuse\\\/\"},\"author\":{\"name\":\"admin\",\"@id\":\"https:\\\/\\\/lasentinelle.dz\\\/#\\\/schema\\\/person\\\/729ee0024f24e0b8c5ec17232f8e8b41\"},\"headline\":\"La France face \u00e0 l&rsquo;escalade des crimes islamophobes : La Grande mosqu\u00e9e de Paris accuse\",\"datePublished\":\"2025-06-03T22:11:21+00:00\",\"dateModified\":\"2025-06-03T22:11:22+00:00\",\"mainEntityOfPage\":{\"@id\":\"https:\\\/\\\/lasentinelle.dz\\\/index.php\\\/2025\\\/06\\\/03\\\/la-france-face-a-lescalade-des-crimes-islamophobes-la-grande-mosquee-de-paris-accuse\\\/\"},\"wordCount\":963,\"commentCount\":0,\"publisher\":{\"@id\":\"https:\\\/\\\/lasentinelle.dz\\\/#organization\"},\"image\":{\"@id\":\"https:\\\/\\\/lasentinelle.dz\\\/index.php\\\/2025\\\/06\\\/03\\\/la-france-face-a-lescalade-des-crimes-islamophobes-la-grande-mosquee-de-paris-accuse\\\/#primaryimage\"},\"thumbnailUrl\":\"https:\\\/\\\/lasentinelle.dz\\\/wp-content\\\/uploads\\\/2023\\\/05\\\/Chems-eddine-Hafiz.png\",\"articleSection\":[\"Actualit\u00e9\"],\"inLanguage\":\"fr-FR\",\"potentialAction\":[{\"@type\":\"CommentAction\",\"name\":\"Comment\",\"target\":[\"https:\\\/\\\/lasentinelle.dz\\\/index.php\\\/2025\\\/06\\\/03\\\/la-france-face-a-lescalade-des-crimes-islamophobes-la-grande-mosquee-de-paris-accuse\\\/#respond\"]}]},{\"@type\":\"WebPage\",\"@id\":\"https:\\\/\\\/lasentinelle.dz\\\/index.php\\\/2025\\\/06\\\/03\\\/la-france-face-a-lescalade-des-crimes-islamophobes-la-grande-mosquee-de-paris-accuse\\\/\",\"url\":\"https:\\\/\\\/lasentinelle.dz\\\/index.php\\\/2025\\\/06\\\/03\\\/la-france-face-a-lescalade-des-crimes-islamophobes-la-grande-mosquee-de-paris-accuse\\\/\",\"name\":\"La France face \u00e0 l&rsquo;escalade des crimes islamophobes : La Grande mosqu\u00e9e de Paris accuse - La Sentinelle\",\"isPartOf\":{\"@id\":\"https:\\\/\\\/lasentinelle.dz\\\/#website\"},\"primaryImageOfPage\":{\"@id\":\"https:\\\/\\\/lasentinelle.dz\\\/index.php\\\/2025\\\/06\\\/03\\\/la-france-face-a-lescalade-des-crimes-islamophobes-la-grande-mosquee-de-paris-accuse\\\/#primaryimage\"},\"image\":{\"@id\":\"https:\\\/\\\/lasentinelle.dz\\\/index.php\\\/2025\\\/06\\\/03\\\/la-france-face-a-lescalade-des-crimes-islamophobes-la-grande-mosquee-de-paris-accuse\\\/#primaryimage\"},\"thumbnailUrl\":\"https:\\\/\\\/lasentinelle.dz\\\/wp-content\\\/uploads\\\/2023\\\/05\\\/Chems-eddine-Hafiz.png\",\"datePublished\":\"2025-06-03T22:11:21+00:00\",\"dateModified\":\"2025-06-03T22:11:22+00:00\",\"breadcrumb\":{\"@id\":\"https:\\\/\\\/lasentinelle.dz\\\/index.php\\\/2025\\\/06\\\/03\\\/la-france-face-a-lescalade-des-crimes-islamophobes-la-grande-mosquee-de-paris-accuse\\\/#breadcrumb\"},\"inLanguage\":\"fr-FR\",\"potentialAction\":[{\"@type\":\"ReadAction\",\"target\":[\"https:\\\/\\\/lasentinelle.dz\\\/index.php\\\/2025\\\/06\\\/03\\\/la-france-face-a-lescalade-des-crimes-islamophobes-la-grande-mosquee-de-paris-accuse\\\/\"]}]},{\"@type\":\"ImageObject\",\"inLanguage\":\"fr-FR\",\"@id\":\"https:\\\/\\\/lasentinelle.dz\\\/index.php\\\/2025\\\/06\\\/03\\\/la-france-face-a-lescalade-des-crimes-islamophobes-la-grande-mosquee-de-paris-accuse\\\/#primaryimage\",\"url\":\"https:\\\/\\\/lasentinelle.dz\\\/wp-content\\\/uploads\\\/2023\\\/05\\\/Chems-eddine-Hafiz.png\",\"contentUrl\":\"https:\\\/\\\/lasentinelle.dz\\\/wp-content\\\/uploads\\\/2023\\\/05\\\/Chems-eddine-Hafiz.png\",\"width\":1858,\"height\":900},{\"@type\":\"BreadcrumbList\",\"@id\":\"https:\\\/\\\/lasentinelle.dz\\\/index.php\\\/2025\\\/06\\\/03\\\/la-france-face-a-lescalade-des-crimes-islamophobes-la-grande-mosquee-de-paris-accuse\\\/#breadcrumb\",\"itemListElement\":[{\"@type\":\"ListItem\",\"position\":1,\"name\":\"Accueil\",\"item\":\"https:\\\/\\\/lasentinelle.dz\\\/\"},{\"@type\":\"ListItem\",\"position\":2,\"name\":\"La France face \u00e0 l&rsquo;escalade des crimes islamophobes : La Grande mosqu\u00e9e de Paris accuse\"}]},{\"@type\":\"WebSite\",\"@id\":\"https:\\\/\\\/lasentinelle.dz\\\/#website\",\"url\":\"https:\\\/\\\/lasentinelle.dz\\\/\",\"name\":\"La Sentinelle\",\"description\":\"Quotidien national d&#039;information\",\"publisher\":{\"@id\":\"https:\\\/\\\/lasentinelle.dz\\\/#organization\"},\"potentialAction\":[{\"@type\":\"SearchAction\",\"target\":{\"@type\":\"EntryPoint\",\"urlTemplate\":\"https:\\\/\\\/lasentinelle.dz\\\/?s={search_term_string}\"},\"query-input\":{\"@type\":\"PropertyValueSpecification\",\"valueRequired\":true,\"valueName\":\"search_term_string\"}}],\"inLanguage\":\"fr-FR\"},{\"@type\":\"Organization\",\"@id\":\"https:\\\/\\\/lasentinelle.dz\\\/#organization\",\"name\":\"Quotidien La Sentinelle\",\"url\":\"https:\\\/\\\/lasentinelle.dz\\\/\",\"logo\":{\"@type\":\"ImageObject\",\"inLanguage\":\"fr-FR\",\"@id\":\"https:\\\/\\\/lasentinelle.dz\\\/#\\\/schema\\\/logo\\\/image\\\/\",\"url\":\"https:\\\/\\\/lasentinelle.dz\\\/wp-content\\\/uploads\\\/2021\\\/09\\\/logo-sentinelleSLOGAN-1.png\",\"contentUrl\":\"https:\\\/\\\/lasentinelle.dz\\\/wp-content\\\/uploads\\\/2021\\\/09\\\/logo-sentinelleSLOGAN-1.png\",\"width\":615,\"height\":142,\"caption\":\"Quotidien La Sentinelle\"},\"image\":{\"@id\":\"https:\\\/\\\/lasentinelle.dz\\\/#\\\/schema\\\/logo\\\/image\\\/\"},\"sameAs\":[\"https:\\\/\\\/www.facebook.com\\\/La-Sentinelle-104059864394773\"]},{\"@type\":\"Person\",\"@id\":\"https:\\\/\\\/lasentinelle.dz\\\/#\\\/schema\\\/person\\\/729ee0024f24e0b8c5ec17232f8e8b41\",\"name\":\"admin\",\"image\":{\"@type\":\"ImageObject\",\"inLanguage\":\"fr-FR\",\"@id\":\"https:\\\/\\\/secure.gravatar.com\\\/avatar\\\/4c81fed838786e9b53f540bf46533e750f5d292099ae3b66cfc6fb1982e29df7?s=96&d=mm&r=g\",\"url\":\"https:\\\/\\\/secure.gravatar.com\\\/avatar\\\/4c81fed838786e9b53f540bf46533e750f5d292099ae3b66cfc6fb1982e29df7?s=96&d=mm&r=g\",\"contentUrl\":\"https:\\\/\\\/secure.gravatar.com\\\/avatar\\\/4c81fed838786e9b53f540bf46533e750f5d292099ae3b66cfc6fb1982e29df7?s=96&d=mm&r=g\",\"caption\":\"admin\"},\"description\":\"admin\",\"url\":\"https:\\\/\\\/lasentinelle.dz\\\/author\\\/admin\\\/\"}]}<\/script>\n<!-- \/ Yoast SEO plugin. -->","yoast_head_json":{"title":"La France face \u00e0 l&rsquo;escalade des crimes islamophobes : La Grande mosqu\u00e9e de Paris accuse - La Sentinelle","robots":{"index":"index","follow":"follow","max-snippet":"max-snippet:-1","max-image-preview":"max-image-preview:large","max-video-preview":"max-video-preview:-1"},"canonical":"https:\/\/lasentinelle.dz\/index.php\/2025\/06\/03\/la-france-face-a-lescalade-des-crimes-islamophobes-la-grande-mosquee-de-paris-accuse\/","og_locale":"fr_FR","og_type":"article","og_title":"La France face \u00e0 l&rsquo;escalade des crimes islamophobes : La Grande mosqu\u00e9e de Paris accuse - La Sentinelle","og_description":"La France traverse une p\u00e9riode sombre marqu\u00e9e par une escalade inqui\u00e9tante de la violence islamophobe qui suscite l&rsquo;\u00e9moi. En l&rsquo;espace","og_url":"https:\/\/lasentinelle.dz\/index.php\/2025\/06\/03\/la-france-face-a-lescalade-des-crimes-islamophobes-la-grande-mosquee-de-paris-accuse\/","og_site_name":"La Sentinelle","article_publisher":"https:\/\/www.facebook.com\/La-Sentinelle-104059864394773","article_published_time":"2025-06-03T22:11:21+00:00","article_modified_time":"2025-06-03T22:11:22+00:00","og_image":[{"width":1858,"height":900,"url":"https:\/\/lasentinelle.dz\/wp-content\/uploads\/2023\/05\/Chems-eddine-Hafiz.png","type":"image\/png"}],"author":"admin","twitter_card":"summary_large_image","twitter_misc":{"\u00c9crit par":"admin","Dur\u00e9e de lecture estim\u00e9e":"5 minutes"},"schema":{"@context":"https:\/\/schema.org","@graph":[{"@type":"Article","@id":"https:\/\/lasentinelle.dz\/index.php\/2025\/06\/03\/la-france-face-a-lescalade-des-crimes-islamophobes-la-grande-mosquee-de-paris-accuse\/#article","isPartOf":{"@id":"https:\/\/lasentinelle.dz\/index.php\/2025\/06\/03\/la-france-face-a-lescalade-des-crimes-islamophobes-la-grande-mosquee-de-paris-accuse\/"},"author":{"name":"admin","@id":"https:\/\/lasentinelle.dz\/#\/schema\/person\/729ee0024f24e0b8c5ec17232f8e8b41"},"headline":"La France face \u00e0 l&rsquo;escalade des crimes islamophobes : La Grande mosqu\u00e9e de Paris accuse","datePublished":"2025-06-03T22:11:21+00:00","dateModified":"2025-06-03T22:11:22+00:00","mainEntityOfPage":{"@id":"https:\/\/lasentinelle.dz\/index.php\/2025\/06\/03\/la-france-face-a-lescalade-des-crimes-islamophobes-la-grande-mosquee-de-paris-accuse\/"},"wordCount":963,"commentCount":0,"publisher":{"@id":"https:\/\/lasentinelle.dz\/#organization"},"image":{"@id":"https:\/\/lasentinelle.dz\/index.php\/2025\/06\/03\/la-france-face-a-lescalade-des-crimes-islamophobes-la-grande-mosquee-de-paris-accuse\/#primaryimage"},"thumbnailUrl":"https:\/\/lasentinelle.dz\/wp-content\/uploads\/2023\/05\/Chems-eddine-Hafiz.png","articleSection":["Actualit\u00e9"],"inLanguage":"fr-FR","potentialAction":[{"@type":"CommentAction","name":"Comment","target":["https:\/\/lasentinelle.dz\/index.php\/2025\/06\/03\/la-france-face-a-lescalade-des-crimes-islamophobes-la-grande-mosquee-de-paris-accuse\/#respond"]}]},{"@type":"WebPage","@id":"https:\/\/lasentinelle.dz\/index.php\/2025\/06\/03\/la-france-face-a-lescalade-des-crimes-islamophobes-la-grande-mosquee-de-paris-accuse\/","url":"https:\/\/lasentinelle.dz\/index.php\/2025\/06\/03\/la-france-face-a-lescalade-des-crimes-islamophobes-la-grande-mosquee-de-paris-accuse\/","name":"La France face \u00e0 l&rsquo;escalade des crimes islamophobes : La Grande mosqu\u00e9e de Paris accuse - La Sentinelle","isPartOf":{"@id":"https:\/\/lasentinelle.dz\/#website"},"primaryImageOfPage":{"@id":"https:\/\/lasentinelle.dz\/index.php\/2025\/06\/03\/la-france-face-a-lescalade-des-crimes-islamophobes-la-grande-mosquee-de-paris-accuse\/#primaryimage"},"image":{"@id":"https:\/\/lasentinelle.dz\/index.php\/2025\/06\/03\/la-france-face-a-lescalade-des-crimes-islamophobes-la-grande-mosquee-de-paris-accuse\/#primaryimage"},"thumbnailUrl":"https:\/\/lasentinelle.dz\/wp-content\/uploads\/2023\/05\/Chems-eddine-Hafiz.png","datePublished":"2025-06-03T22:11:21+00:00","dateModified":"2025-06-03T22:11:22+00:00","breadcrumb":{"@id":"https:\/\/lasentinelle.dz\/index.php\/2025\/06\/03\/la-france-face-a-lescalade-des-crimes-islamophobes-la-grande-mosquee-de-paris-accuse\/#breadcrumb"},"inLanguage":"fr-FR","potentialAction":[{"@type":"ReadAction","target":["https:\/\/lasentinelle.dz\/index.php\/2025\/06\/03\/la-france-face-a-lescalade-des-crimes-islamophobes-la-grande-mosquee-de-paris-accuse\/"]}]},{"@type":"ImageObject","inLanguage":"fr-FR","@id":"https:\/\/lasentinelle.dz\/index.php\/2025\/06\/03\/la-france-face-a-lescalade-des-crimes-islamophobes-la-grande-mosquee-de-paris-accuse\/#primaryimage","url":"https:\/\/lasentinelle.dz\/wp-content\/uploads\/2023\/05\/Chems-eddine-Hafiz.png","contentUrl":"https:\/\/lasentinelle.dz\/wp-content\/uploads\/2023\/05\/Chems-eddine-Hafiz.png","width":1858,"height":900},{"@type":"BreadcrumbList","@id":"https:\/\/lasentinelle.dz\/index.php\/2025\/06\/03\/la-france-face-a-lescalade-des-crimes-islamophobes-la-grande-mosquee-de-paris-accuse\/#breadcrumb","itemListElement":[{"@type":"ListItem","position":1,"name":"Accueil","item":"https:\/\/lasentinelle.dz\/"},{"@type":"ListItem","position":2,"name":"La France face \u00e0 l&rsquo;escalade des crimes islamophobes : La Grande mosqu\u00e9e de Paris accuse"}]},{"@type":"WebSite","@id":"https:\/\/lasentinelle.dz\/#website","url":"https:\/\/lasentinelle.dz\/","name":"La Sentinelle","description":"Quotidien national d&#039;information","publisher":{"@id":"https:\/\/lasentinelle.dz\/#organization"},"potentialAction":[{"@type":"SearchAction","target":{"@type":"EntryPoint","urlTemplate":"https:\/\/lasentinelle.dz\/?s={search_term_string}"},"query-input":{"@type":"PropertyValueSpecification","valueRequired":true,"valueName":"search_term_string"}}],"inLanguage":"fr-FR"},{"@type":"Organization","@id":"https:\/\/lasentinelle.dz\/#organization","name":"Quotidien La Sentinelle","url":"https:\/\/lasentinelle.dz\/","logo":{"@type":"ImageObject","inLanguage":"fr-FR","@id":"https:\/\/lasentinelle.dz\/#\/schema\/logo\/image\/","url":"https:\/\/lasentinelle.dz\/wp-content\/uploads\/2021\/09\/logo-sentinelleSLOGAN-1.png","contentUrl":"https:\/\/lasentinelle.dz\/wp-content\/uploads\/2021\/09\/logo-sentinelleSLOGAN-1.png","width":615,"height":142,"caption":"Quotidien La Sentinelle"},"image":{"@id":"https:\/\/lasentinelle.dz\/#\/schema\/logo\/image\/"},"sameAs":["https:\/\/www.facebook.com\/La-Sentinelle-104059864394773"]},{"@type":"Person","@id":"https:\/\/lasentinelle.dz\/#\/schema\/person\/729ee0024f24e0b8c5ec17232f8e8b41","name":"admin","image":{"@type":"ImageObject","inLanguage":"fr-FR","@id":"https:\/\/secure.gravatar.com\/avatar\/4c81fed838786e9b53f540bf46533e750f5d292099ae3b66cfc6fb1982e29df7?s=96&d=mm&r=g","url":"https:\/\/secure.gravatar.com\/avatar\/4c81fed838786e9b53f540bf46533e750f5d292099ae3b66cfc6fb1982e29df7?s=96&d=mm&r=g","contentUrl":"https:\/\/secure.gravatar.com\/avatar\/4c81fed838786e9b53f540bf46533e750f5d292099ae3b66cfc6fb1982e29df7?s=96&d=mm&r=g","caption":"admin"},"description":"admin","url":"https:\/\/lasentinelle.dz\/author\/admin\/"}]}},"_links":{"self":[{"href":"https:\/\/lasentinelle.dz\/index.php\/wp-json\/wp\/v2\/posts\/68466","targetHints":{"allow":["GET"]}}],"collection":[{"href":"https:\/\/lasentinelle.dz\/index.php\/wp-json\/wp\/v2\/posts"}],"about":[{"href":"https:\/\/lasentinelle.dz\/index.php\/wp-json\/wp\/v2\/types\/post"}],"author":[{"embeddable":true,"href":"https:\/\/lasentinelle.dz\/index.php\/wp-json\/wp\/v2\/users\/6"}],"replies":[{"embeddable":true,"href":"https:\/\/lasentinelle.dz\/index.php\/wp-json\/wp\/v2\/comments?post=68466"}],"version-history":[{"count":2,"href":"https:\/\/lasentinelle.dz\/index.php\/wp-json\/wp\/v2\/posts\/68466\/revisions"}],"predecessor-version":[{"id":68468,"href":"https:\/\/lasentinelle.dz\/index.php\/wp-json\/wp\/v2\/posts\/68466\/revisions\/68468"}],"wp:featuredmedia":[{"embeddable":true,"href":"https:\/\/lasentinelle.dz\/index.php\/wp-json\/wp\/v2\/media\/41660"}],"wp:attachment":[{"href":"https:\/\/lasentinelle.dz\/index.php\/wp-json\/wp\/v2\/media?parent=68466"}],"wp:term":[{"taxonomy":"category","embeddable":true,"href":"https:\/\/lasentinelle.dz\/index.php\/wp-json\/wp\/v2\/categories?post=68466"},{"taxonomy":"post_tag","embeddable":true,"href":"https:\/\/lasentinelle.dz\/index.php\/wp-json\/wp\/v2\/tags?post=68466"}],"curies":[{"name":"wp","href":"https:\/\/api.w.org\/{rel}","templated":true}]}}