{"id":68472,"date":"2025-06-03T23:12:32","date_gmt":"2025-06-03T22:12:32","guid":{"rendered":"https:\/\/lasentinelle.dz\/?p=68472"},"modified":"2025-06-03T23:12:33","modified_gmt":"2025-06-03T22:12:33","slug":"tensions-diplomatiques-entre-lalgerie-et-la-france-le-conseil-de-la-nation-denonce-des-provocations-deliberees","status":"publish","type":"post","link":"https:\/\/lasentinelle.dz\/index.php\/2025\/06\/03\/tensions-diplomatiques-entre-lalgerie-et-la-france-le-conseil-de-la-nation-denonce-des-provocations-deliberees\/","title":{"rendered":"Tensions diplomatiques entre l&rsquo;Alg\u00e9rie et la France: Le Conseil de la nation d\u00e9nonce des \u00ab\u00a0provocations d\u00e9lib\u00e9r\u00e9es\u00a0\u00bb"},"content":{"rendered":"\n<p>Les relations alg\u00e9ro-fran\u00e7aises connaissent une nouvelle phase de tensions et les r\u00e9centes d\u00e9clarations de certains membres du S\u00e9nat fran\u00e7ais ne font que les exacerber.<\/p>\n\n\n\n<p>Le Bureau du Conseil de la nation, pr\u00e9sid\u00e9 par Azouz Nasri, a exprim\u00e9 mardi sa \u00ab\u00a0vive indignation\u00a0\u00bb face \u00e0 ce qu&rsquo;il qualifie de nouvelle d\u00e9rive de certains s\u00e9nateurs fran\u00e7ais \u00e0 l&rsquo;\u00e9gard de l&rsquo;Alg\u00e9rie. Dans un communiqu\u00e9 officiel, le Bureau du Conseil de la nation a exprim\u00e9 qu&rsquo;il suit \u00ab\u00a0avec une vive indignation et un profond d\u00e9saveu la nouvelle d\u00e9rive et la provocation d\u00e9lib\u00e9r\u00e9e et renouvel\u00e9e de certains membres du S\u00e9nat fran\u00e7ais \u00e0 l&rsquo;\u00e9gard de la nation alg\u00e9rienne\u00a0\u00bb. Le Conseil de la nation pointe particuli\u00e8rement du doigt l&rsquo;appartenance politique de ces personnalit\u00e9s, relevant que \u00ab\u00a0ces personnes appartenant \u00e0 l&rsquo;extr\u00eame droite sont la v\u00e9ritable source des probl\u00e8mes dans les relations alg\u00e9ro-fran\u00e7aises\u00a0\u00bb. Le communiqu\u00e9 va plus loin en d\u00e9non\u00e7ant des pratiques qu&rsquo;il qualifie de r\u00e9pr\u00e9hensibles. \u00ab\u00a0Ces individus accumulent scandales et d\u00e9rives, allant jusqu&rsquo;\u00e0 accueillir \u00e0 intervalles r\u00e9guliers des \u00e9l\u00e9ments terroristes d&rsquo;une organisation class\u00e9e comme terroriste, affichant ainsi sans scrupule leur trahison, au m\u00e9pris des cons\u00e9quences n\u00e9fastes que cela engendre sur les relations actuelles et futures entre les deux pays\u00a0\u00bb, d\u00e9nonce le texte.<\/p>\n\n\n\n<p>L&rsquo;institution parlementaire \u00e9tablit \u00e9galement un parall\u00e8le historique pr\u00e9occupant en affirmant que \u00ab\u00a0les partisans de l&rsquo;extr\u00eame droite au sein de la France officielle et ceux qui leur embo\u00eetent le pas, autoproclam\u00e9s d\u00e9fenseurs de la libert\u00e9 et de la justice, reproduisent les pratiques de leurs pr\u00e9d\u00e9cesseurs, sans discernement entre le juste et l&rsquo;injuste\u00a0\u00bb. Le Conseil de la nation d\u00e9nonce \u00e9galement les motivations pr\u00e9sum\u00e9es de ces d\u00e9marches, estimant que ces parties \u00ab\u00a0berc\u00e9es d&rsquo;illusions et clo\u00eetr\u00e9es dans leurs r\u00eaves insens\u00e9s, s&rsquo;acharnent \u00e0 nuire \u00e0 l&rsquo;Alg\u00e9rie et \u00e0 s&rsquo;ing\u00e9rer dans ses affaires int\u00e9rieures dans le but de s&rsquo;attaquer \u00e0 son unit\u00e9 nationale\u00a0\u00bb. La Chambre haute du Parlement r\u00e9affirme la position de principe de l&rsquo;Alg\u00e9rie en mati\u00e8re de souverainet\u00e9 nationale. \u00ab\u00a0L&rsquo;Alg\u00e9rie ind\u00e9pendante n&rsquo;a jamais c\u00e9d\u00e9 face aux tentatives d&rsquo;ing\u00e9rence dans ses affaires int\u00e9rieures, ni tol\u00e9r\u00e9 les atteintes \u00e0 sa souverainet\u00e9, quelles qu&rsquo;en soient les justifications\u00a0\u00bb, affirme le communiqu\u00e9, rappelant ainsi la doctrine diplomatique constante du pays depuis l&rsquo;ind\u00e9pendance.<\/p>\n\n\n\n<p>Le texte met \u00e9galement en avant les r\u00e9alisations d\u00e9mocratiques de l&rsquo;Alg\u00e9rie sous la pr\u00e9sidence d&rsquo;Abdelmadjid Tebboune, soulignant que \u00ab\u00a0l&rsquo;Alg\u00e9rie, populaire et officielle, sous la conduite du Pr\u00e9sident de la R\u00e9publique, M. Abdelmadjid Tebboune, consolide ses pratiques d\u00e9mocratiques \u00e0 travers la promotion d&rsquo;une d\u00e9mocratie participative et l&rsquo;\u00e9dification d&rsquo;un Etat de droit, de justice et de lois\u00a0\u00bb. L&rsquo;unit\u00e9 nationale constitue un autre axe majeur de la r\u00e9ponse alg\u00e9rienne. Le Conseil de la nation affirme que \u00ab\u00a0l&rsquo;Alg\u00e9rie est forte, solidaire et r\u00e9siliente, ses composantes sont unies comme les maillons d&rsquo;une seule et m\u00eame cha\u00eene o\u00f9 le fr\u00e9missement de l&rsquo;un se r\u00e9percute sur tous les autres\u00a0\u00bb.<\/p>\n\n\n\n<p>Le communiqu\u00e9 adopte \u00e9galement un ton ferme en mati\u00e8re de tol\u00e9rance aux ing\u00e9rences ext\u00e9rieures. \u00ab\u00a0Elle ne tol\u00e9rera aucune forme d&rsquo;ing\u00e9rence, qu&rsquo;elle soit grossi\u00e8re ou subtilement d\u00e9guis\u00e9e sous le voile des droits de l&rsquo;homme, de la justice ou des libert\u00e9s\u00a0\u00bb, pr\u00e9vient l&rsquo;institution, d\u00e9non\u00e7ant implicitement l&rsquo;utilisation des questions de droits de l&rsquo;homme comme instrument de pression politique par certains acteurs occidentaux.<\/p>\n\n\n\n<p>En conclusion, le Conseil de la nation formule un avertissement diplomatique explicite, assurant que \u00ab\u00a0l&rsquo;Alg\u00e9rie met en garde contre toute d\u00e9rive susceptible d&rsquo;aggraver la d\u00e9t\u00e9rioration des relations bilat\u00e9rales et tient pour responsables ceux qui, dans leur \u00e9garement, ne trouvent ni sommeil ni repos, de toute d\u00e9gradation ou cons\u00e9quences graves touchant le c\u0153ur m\u00eame des relations alg\u00e9ro-fran\u00e7aises\u00a0\u00bb.<\/p>\n\n\n\n<p>Hocine Fadheli<\/p>\n","protected":false},"excerpt":{"rendered":"<p>Les relations alg\u00e9ro-fran\u00e7aises connaissent une nouvelle phase de tensions et les r\u00e9centes d\u00e9clarations de certains membres du S\u00e9nat fran\u00e7ais ne<\/p>\n","protected":false},"author":6,"featured_media":67649,"comment_status":"open","ping_status":"closed","sticky":false,"template":"","format":"standard","meta":{"colormag_page_container_layout":"default_layout","colormag_page_sidebar_layout":"default_layout","om_disable_all_campaigns":false,"_monsterinsights_skip_tracking":false,"_monsterinsights_sitenote_active":false,"_monsterinsights_sitenote_note":"","_monsterinsights_sitenote_category":0,"footnotes":"","_wpscppro_dont_share_socialmedia":false,"_wpscppro_custom_social_share_image":0,"_facebook_share_type":"default","_twitter_share_type":"default","_linkedin_share_type":"default","_pinterest_share_type":"default","_linkedin_share_type_page":"","_instagram_share_type":"default","_medium_share_type":"default","_threads_share_type":"","_google_business_share_type":"","_selected_social_profile":[],"_wpsp_enable_custom_social_template":false,"_wpsp_social_scheduling":{"enabled":false,"datetime":null,"platforms":[],"status":"template_only","dateOption":"today","timeOption":"now","customDays":"","customHours":"","customDate":"","customTime":"","schedulingType":"absolute"},"_wpsp_active_default_template":true},"categories":[52,27],"tags":[],"class_list":["post-68472","post","type-post","status-publish","format-standard","has-post-thumbnail","hentry","category-a-la-une","category-actualite"],"aioseo_notices":[],"yoast_head":"<!-- This site is optimized with the Yoast SEO plugin v27.4 - https:\/\/yoast.com\/product\/yoast-seo-wordpress\/ -->\n<title>Tensions diplomatiques entre l&rsquo;Alg\u00e9rie et la France: Le Conseil de la nation d\u00e9nonce des \u00ab\u00a0provocations d\u00e9lib\u00e9r\u00e9es\u00a0\u00bb - La Sentinelle<\/title>\n<meta name=\"robots\" content=\"index, follow, max-snippet:-1, max-image-preview:large, max-video-preview:-1\" \/>\n<link rel=\"canonical\" href=\"https:\/\/lasentinelle.dz\/index.php\/2025\/06\/03\/tensions-diplomatiques-entre-lalgerie-et-la-france-le-conseil-de-la-nation-denonce-des-provocations-deliberees\/\" \/>\n<meta property=\"og:locale\" content=\"fr_FR\" \/>\n<meta property=\"og:type\" content=\"article\" \/>\n<meta property=\"og:title\" content=\"Tensions diplomatiques entre l&rsquo;Alg\u00e9rie et la France: Le Conseil de la nation d\u00e9nonce des \u00ab\u00a0provocations d\u00e9lib\u00e9r\u00e9es\u00a0\u00bb - La Sentinelle\" \/>\n<meta property=\"og:description\" content=\"Les relations alg\u00e9ro-fran\u00e7aises connaissent une nouvelle phase de tensions et les r\u00e9centes d\u00e9clarations de certains membres du S\u00e9nat fran\u00e7ais ne\" \/>\n<meta property=\"og:url\" content=\"https:\/\/lasentinelle.dz\/index.php\/2025\/06\/03\/tensions-diplomatiques-entre-lalgerie-et-la-france-le-conseil-de-la-nation-denonce-des-provocations-deliberees\/\" \/>\n<meta property=\"og:site_name\" content=\"La Sentinelle\" \/>\n<meta property=\"article:publisher\" content=\"https:\/\/www.facebook.com\/La-Sentinelle-104059864394773\" \/>\n<meta property=\"article:published_time\" content=\"2025-06-03T22:12:32+00:00\" \/>\n<meta property=\"article:modified_time\" content=\"2025-06-03T22:12:33+00:00\" \/>\n<meta property=\"og:image\" content=\"https:\/\/lasentinelle.dz\/wp-content\/uploads\/2025\/05\/Nasri-e1747733168493.jpg\" \/>\n\t<meta property=\"og:image:width\" content=\"1270\" \/>\n\t<meta property=\"og:image:height\" content=\"840\" \/>\n\t<meta property=\"og:image:type\" content=\"image\/jpeg\" \/>\n<meta name=\"author\" content=\"admin\" \/>\n<meta name=\"twitter:card\" content=\"summary_large_image\" \/>\n<meta name=\"twitter:label1\" content=\"\u00c9crit par\" \/>\n\t<meta name=\"twitter:data1\" content=\"admin\" \/>\n\t<meta name=\"twitter:label2\" content=\"Dur\u00e9e de lecture estim\u00e9e\" \/>\n\t<meta name=\"twitter:data2\" content=\"4 minutes\" \/>\n<script type=\"application\/ld+json\" class=\"yoast-schema-graph\">{\"@context\":\"https:\\\/\\\/schema.org\",\"@graph\":[{\"@type\":\"Article\",\"@id\":\"https:\\\/\\\/lasentinelle.dz\\\/index.php\\\/2025\\\/06\\\/03\\\/tensions-diplomatiques-entre-lalgerie-et-la-france-le-conseil-de-la-nation-denonce-des-provocations-deliberees\\\/#article\",\"isPartOf\":{\"@id\":\"https:\\\/\\\/lasentinelle.dz\\\/index.php\\\/2025\\\/06\\\/03\\\/tensions-diplomatiques-entre-lalgerie-et-la-france-le-conseil-de-la-nation-denonce-des-provocations-deliberees\\\/\"},\"author\":{\"name\":\"admin\",\"@id\":\"https:\\\/\\\/lasentinelle.dz\\\/#\\\/schema\\\/person\\\/729ee0024f24e0b8c5ec17232f8e8b41\"},\"headline\":\"Tensions diplomatiques entre l&rsquo;Alg\u00e9rie et la France: Le Conseil de la nation d\u00e9nonce des \u00ab\u00a0provocations d\u00e9lib\u00e9r\u00e9es\u00a0\u00bb\",\"datePublished\":\"2025-06-03T22:12:32+00:00\",\"dateModified\":\"2025-06-03T22:12:33+00:00\",\"mainEntityOfPage\":{\"@id\":\"https:\\\/\\\/lasentinelle.dz\\\/index.php\\\/2025\\\/06\\\/03\\\/tensions-diplomatiques-entre-lalgerie-et-la-france-le-conseil-de-la-nation-denonce-des-provocations-deliberees\\\/\"},\"wordCount\":727,\"commentCount\":0,\"publisher\":{\"@id\":\"https:\\\/\\\/lasentinelle.dz\\\/#organization\"},\"image\":{\"@id\":\"https:\\\/\\\/lasentinelle.dz\\\/index.php\\\/2025\\\/06\\\/03\\\/tensions-diplomatiques-entre-lalgerie-et-la-france-le-conseil-de-la-nation-denonce-des-provocations-deliberees\\\/#primaryimage\"},\"thumbnailUrl\":\"https:\\\/\\\/lasentinelle.dz\\\/wp-content\\\/uploads\\\/2025\\\/05\\\/Nasri-e1747733168493.jpg\",\"articleSection\":[\"\u00c0 la Une\",\"Actualit\u00e9\"],\"inLanguage\":\"fr-FR\",\"potentialAction\":[{\"@type\":\"CommentAction\",\"name\":\"Comment\",\"target\":[\"https:\\\/\\\/lasentinelle.dz\\\/index.php\\\/2025\\\/06\\\/03\\\/tensions-diplomatiques-entre-lalgerie-et-la-france-le-conseil-de-la-nation-denonce-des-provocations-deliberees\\\/#respond\"]}]},{\"@type\":\"WebPage\",\"@id\":\"https:\\\/\\\/lasentinelle.dz\\\/index.php\\\/2025\\\/06\\\/03\\\/tensions-diplomatiques-entre-lalgerie-et-la-france-le-conseil-de-la-nation-denonce-des-provocations-deliberees\\\/\",\"url\":\"https:\\\/\\\/lasentinelle.dz\\\/index.php\\\/2025\\\/06\\\/03\\\/tensions-diplomatiques-entre-lalgerie-et-la-france-le-conseil-de-la-nation-denonce-des-provocations-deliberees\\\/\",\"name\":\"Tensions diplomatiques entre l&rsquo;Alg\u00e9rie et la France: Le Conseil de la nation d\u00e9nonce des \u00ab\u00a0provocations d\u00e9lib\u00e9r\u00e9es\u00a0\u00bb - La Sentinelle\",\"isPartOf\":{\"@id\":\"https:\\\/\\\/lasentinelle.dz\\\/#website\"},\"primaryImageOfPage\":{\"@id\":\"https:\\\/\\\/lasentinelle.dz\\\/index.php\\\/2025\\\/06\\\/03\\\/tensions-diplomatiques-entre-lalgerie-et-la-france-le-conseil-de-la-nation-denonce-des-provocations-deliberees\\\/#primaryimage\"},\"image\":{\"@id\":\"https:\\\/\\\/lasentinelle.dz\\\/index.php\\\/2025\\\/06\\\/03\\\/tensions-diplomatiques-entre-lalgerie-et-la-france-le-conseil-de-la-nation-denonce-des-provocations-deliberees\\\/#primaryimage\"},\"thumbnailUrl\":\"https:\\\/\\\/lasentinelle.dz\\\/wp-content\\\/uploads\\\/2025\\\/05\\\/Nasri-e1747733168493.jpg\",\"datePublished\":\"2025-06-03T22:12:32+00:00\",\"dateModified\":\"2025-06-03T22:12:33+00:00\",\"breadcrumb\":{\"@id\":\"https:\\\/\\\/lasentinelle.dz\\\/index.php\\\/2025\\\/06\\\/03\\\/tensions-diplomatiques-entre-lalgerie-et-la-france-le-conseil-de-la-nation-denonce-des-provocations-deliberees\\\/#breadcrumb\"},\"inLanguage\":\"fr-FR\",\"potentialAction\":[{\"@type\":\"ReadAction\",\"target\":[\"https:\\\/\\\/lasentinelle.dz\\\/index.php\\\/2025\\\/06\\\/03\\\/tensions-diplomatiques-entre-lalgerie-et-la-france-le-conseil-de-la-nation-denonce-des-provocations-deliberees\\\/\"]}]},{\"@type\":\"ImageObject\",\"inLanguage\":\"fr-FR\",\"@id\":\"https:\\\/\\\/lasentinelle.dz\\\/index.php\\\/2025\\\/06\\\/03\\\/tensions-diplomatiques-entre-lalgerie-et-la-france-le-conseil-de-la-nation-denonce-des-provocations-deliberees\\\/#primaryimage\",\"url\":\"https:\\\/\\\/lasentinelle.dz\\\/wp-content\\\/uploads\\\/2025\\\/05\\\/Nasri-e1747733168493.jpg\",\"contentUrl\":\"https:\\\/\\\/lasentinelle.dz\\\/wp-content\\\/uploads\\\/2025\\\/05\\\/Nasri-e1747733168493.jpg\",\"width\":1270,\"height\":840},{\"@type\":\"BreadcrumbList\",\"@id\":\"https:\\\/\\\/lasentinelle.dz\\\/index.php\\\/2025\\\/06\\\/03\\\/tensions-diplomatiques-entre-lalgerie-et-la-france-le-conseil-de-la-nation-denonce-des-provocations-deliberees\\\/#breadcrumb\",\"itemListElement\":[{\"@type\":\"ListItem\",\"position\":1,\"name\":\"Accueil\",\"item\":\"https:\\\/\\\/lasentinelle.dz\\\/\"},{\"@type\":\"ListItem\",\"position\":2,\"name\":\"Tensions diplomatiques entre l&rsquo;Alg\u00e9rie et la France: Le Conseil de la nation d\u00e9nonce des \u00ab\u00a0provocations d\u00e9lib\u00e9r\u00e9es\u00a0\u00bb\"}]},{\"@type\":\"WebSite\",\"@id\":\"https:\\\/\\\/lasentinelle.dz\\\/#website\",\"url\":\"https:\\\/\\\/lasentinelle.dz\\\/\",\"name\":\"La Sentinelle\",\"description\":\"Quotidien national d&#039;information\",\"publisher\":{\"@id\":\"https:\\\/\\\/lasentinelle.dz\\\/#organization\"},\"potentialAction\":[{\"@type\":\"SearchAction\",\"target\":{\"@type\":\"EntryPoint\",\"urlTemplate\":\"https:\\\/\\\/lasentinelle.dz\\\/?s={search_term_string}\"},\"query-input\":{\"@type\":\"PropertyValueSpecification\",\"valueRequired\":true,\"valueName\":\"search_term_string\"}}],\"inLanguage\":\"fr-FR\"},{\"@type\":\"Organization\",\"@id\":\"https:\\\/\\\/lasentinelle.dz\\\/#organization\",\"name\":\"Quotidien La Sentinelle\",\"url\":\"https:\\\/\\\/lasentinelle.dz\\\/\",\"logo\":{\"@type\":\"ImageObject\",\"inLanguage\":\"fr-FR\",\"@id\":\"https:\\\/\\\/lasentinelle.dz\\\/#\\\/schema\\\/logo\\\/image\\\/\",\"url\":\"https:\\\/\\\/lasentinelle.dz\\\/wp-content\\\/uploads\\\/2021\\\/09\\\/logo-sentinelleSLOGAN-1.png\",\"contentUrl\":\"https:\\\/\\\/lasentinelle.dz\\\/wp-content\\\/uploads\\\/2021\\\/09\\\/logo-sentinelleSLOGAN-1.png\",\"width\":615,\"height\":142,\"caption\":\"Quotidien La Sentinelle\"},\"image\":{\"@id\":\"https:\\\/\\\/lasentinelle.dz\\\/#\\\/schema\\\/logo\\\/image\\\/\"},\"sameAs\":[\"https:\\\/\\\/www.facebook.com\\\/La-Sentinelle-104059864394773\"]},{\"@type\":\"Person\",\"@id\":\"https:\\\/\\\/lasentinelle.dz\\\/#\\\/schema\\\/person\\\/729ee0024f24e0b8c5ec17232f8e8b41\",\"name\":\"admin\",\"image\":{\"@type\":\"ImageObject\",\"inLanguage\":\"fr-FR\",\"@id\":\"https:\\\/\\\/secure.gravatar.com\\\/avatar\\\/4c81fed838786e9b53f540bf46533e750f5d292099ae3b66cfc6fb1982e29df7?s=96&d=mm&r=g\",\"url\":\"https:\\\/\\\/secure.gravatar.com\\\/avatar\\\/4c81fed838786e9b53f540bf46533e750f5d292099ae3b66cfc6fb1982e29df7?s=96&d=mm&r=g\",\"contentUrl\":\"https:\\\/\\\/secure.gravatar.com\\\/avatar\\\/4c81fed838786e9b53f540bf46533e750f5d292099ae3b66cfc6fb1982e29df7?s=96&d=mm&r=g\",\"caption\":\"admin\"},\"description\":\"admin\",\"url\":\"https:\\\/\\\/lasentinelle.dz\\\/author\\\/admin\\\/\"}]}<\/script>\n<!-- \/ Yoast SEO plugin. -->","yoast_head_json":{"title":"Tensions diplomatiques entre l&rsquo;Alg\u00e9rie et la France: Le Conseil de la nation d\u00e9nonce des \u00ab\u00a0provocations d\u00e9lib\u00e9r\u00e9es\u00a0\u00bb - La Sentinelle","robots":{"index":"index","follow":"follow","max-snippet":"max-snippet:-1","max-image-preview":"max-image-preview:large","max-video-preview":"max-video-preview:-1"},"canonical":"https:\/\/lasentinelle.dz\/index.php\/2025\/06\/03\/tensions-diplomatiques-entre-lalgerie-et-la-france-le-conseil-de-la-nation-denonce-des-provocations-deliberees\/","og_locale":"fr_FR","og_type":"article","og_title":"Tensions diplomatiques entre l&rsquo;Alg\u00e9rie et la France: Le Conseil de la nation d\u00e9nonce des \u00ab\u00a0provocations d\u00e9lib\u00e9r\u00e9es\u00a0\u00bb - La Sentinelle","og_description":"Les relations alg\u00e9ro-fran\u00e7aises connaissent une nouvelle phase de tensions et les r\u00e9centes d\u00e9clarations de certains membres du S\u00e9nat fran\u00e7ais ne","og_url":"https:\/\/lasentinelle.dz\/index.php\/2025\/06\/03\/tensions-diplomatiques-entre-lalgerie-et-la-france-le-conseil-de-la-nation-denonce-des-provocations-deliberees\/","og_site_name":"La Sentinelle","article_publisher":"https:\/\/www.facebook.com\/La-Sentinelle-104059864394773","article_published_time":"2025-06-03T22:12:32+00:00","article_modified_time":"2025-06-03T22:12:33+00:00","og_image":[{"width":1270,"height":840,"url":"https:\/\/lasentinelle.dz\/wp-content\/uploads\/2025\/05\/Nasri-e1747733168493.jpg","type":"image\/jpeg"}],"author":"admin","twitter_card":"summary_large_image","twitter_misc":{"\u00c9crit par":"admin","Dur\u00e9e de lecture estim\u00e9e":"4 minutes"},"schema":{"@context":"https:\/\/schema.org","@graph":[{"@type":"Article","@id":"https:\/\/lasentinelle.dz\/index.php\/2025\/06\/03\/tensions-diplomatiques-entre-lalgerie-et-la-france-le-conseil-de-la-nation-denonce-des-provocations-deliberees\/#article","isPartOf":{"@id":"https:\/\/lasentinelle.dz\/index.php\/2025\/06\/03\/tensions-diplomatiques-entre-lalgerie-et-la-france-le-conseil-de-la-nation-denonce-des-provocations-deliberees\/"},"author":{"name":"admin","@id":"https:\/\/lasentinelle.dz\/#\/schema\/person\/729ee0024f24e0b8c5ec17232f8e8b41"},"headline":"Tensions diplomatiques entre l&rsquo;Alg\u00e9rie et la France: Le Conseil de la nation d\u00e9nonce des \u00ab\u00a0provocations d\u00e9lib\u00e9r\u00e9es\u00a0\u00bb","datePublished":"2025-06-03T22:12:32+00:00","dateModified":"2025-06-03T22:12:33+00:00","mainEntityOfPage":{"@id":"https:\/\/lasentinelle.dz\/index.php\/2025\/06\/03\/tensions-diplomatiques-entre-lalgerie-et-la-france-le-conseil-de-la-nation-denonce-des-provocations-deliberees\/"},"wordCount":727,"commentCount":0,"publisher":{"@id":"https:\/\/lasentinelle.dz\/#organization"},"image":{"@id":"https:\/\/lasentinelle.dz\/index.php\/2025\/06\/03\/tensions-diplomatiques-entre-lalgerie-et-la-france-le-conseil-de-la-nation-denonce-des-provocations-deliberees\/#primaryimage"},"thumbnailUrl":"https:\/\/lasentinelle.dz\/wp-content\/uploads\/2025\/05\/Nasri-e1747733168493.jpg","articleSection":["\u00c0 la Une","Actualit\u00e9"],"inLanguage":"fr-FR","potentialAction":[{"@type":"CommentAction","name":"Comment","target":["https:\/\/lasentinelle.dz\/index.php\/2025\/06\/03\/tensions-diplomatiques-entre-lalgerie-et-la-france-le-conseil-de-la-nation-denonce-des-provocations-deliberees\/#respond"]}]},{"@type":"WebPage","@id":"https:\/\/lasentinelle.dz\/index.php\/2025\/06\/03\/tensions-diplomatiques-entre-lalgerie-et-la-france-le-conseil-de-la-nation-denonce-des-provocations-deliberees\/","url":"https:\/\/lasentinelle.dz\/index.php\/2025\/06\/03\/tensions-diplomatiques-entre-lalgerie-et-la-france-le-conseil-de-la-nation-denonce-des-provocations-deliberees\/","name":"Tensions diplomatiques entre l&rsquo;Alg\u00e9rie et la France: Le Conseil de la nation d\u00e9nonce des \u00ab\u00a0provocations d\u00e9lib\u00e9r\u00e9es\u00a0\u00bb - La Sentinelle","isPartOf":{"@id":"https:\/\/lasentinelle.dz\/#website"},"primaryImageOfPage":{"@id":"https:\/\/lasentinelle.dz\/index.php\/2025\/06\/03\/tensions-diplomatiques-entre-lalgerie-et-la-france-le-conseil-de-la-nation-denonce-des-provocations-deliberees\/#primaryimage"},"image":{"@id":"https:\/\/lasentinelle.dz\/index.php\/2025\/06\/03\/tensions-diplomatiques-entre-lalgerie-et-la-france-le-conseil-de-la-nation-denonce-des-provocations-deliberees\/#primaryimage"},"thumbnailUrl":"https:\/\/lasentinelle.dz\/wp-content\/uploads\/2025\/05\/Nasri-e1747733168493.jpg","datePublished":"2025-06-03T22:12:32+00:00","dateModified":"2025-06-03T22:12:33+00:00","breadcrumb":{"@id":"https:\/\/lasentinelle.dz\/index.php\/2025\/06\/03\/tensions-diplomatiques-entre-lalgerie-et-la-france-le-conseil-de-la-nation-denonce-des-provocations-deliberees\/#breadcrumb"},"inLanguage":"fr-FR","potentialAction":[{"@type":"ReadAction","target":["https:\/\/lasentinelle.dz\/index.php\/2025\/06\/03\/tensions-diplomatiques-entre-lalgerie-et-la-france-le-conseil-de-la-nation-denonce-des-provocations-deliberees\/"]}]},{"@type":"ImageObject","inLanguage":"fr-FR","@id":"https:\/\/lasentinelle.dz\/index.php\/2025\/06\/03\/tensions-diplomatiques-entre-lalgerie-et-la-france-le-conseil-de-la-nation-denonce-des-provocations-deliberees\/#primaryimage","url":"https:\/\/lasentinelle.dz\/wp-content\/uploads\/2025\/05\/Nasri-e1747733168493.jpg","contentUrl":"https:\/\/lasentinelle.dz\/wp-content\/uploads\/2025\/05\/Nasri-e1747733168493.jpg","width":1270,"height":840},{"@type":"BreadcrumbList","@id":"https:\/\/lasentinelle.dz\/index.php\/2025\/06\/03\/tensions-diplomatiques-entre-lalgerie-et-la-france-le-conseil-de-la-nation-denonce-des-provocations-deliberees\/#breadcrumb","itemListElement":[{"@type":"ListItem","position":1,"name":"Accueil","item":"https:\/\/lasentinelle.dz\/"},{"@type":"ListItem","position":2,"name":"Tensions diplomatiques entre l&rsquo;Alg\u00e9rie et la France: Le Conseil de la nation d\u00e9nonce des \u00ab\u00a0provocations d\u00e9lib\u00e9r\u00e9es\u00a0\u00bb"}]},{"@type":"WebSite","@id":"https:\/\/lasentinelle.dz\/#website","url":"https:\/\/lasentinelle.dz\/","name":"La Sentinelle","description":"Quotidien national d&#039;information","publisher":{"@id":"https:\/\/lasentinelle.dz\/#organization"},"potentialAction":[{"@type":"SearchAction","target":{"@type":"EntryPoint","urlTemplate":"https:\/\/lasentinelle.dz\/?s={search_term_string}"},"query-input":{"@type":"PropertyValueSpecification","valueRequired":true,"valueName":"search_term_string"}}],"inLanguage":"fr-FR"},{"@type":"Organization","@id":"https:\/\/lasentinelle.dz\/#organization","name":"Quotidien La Sentinelle","url":"https:\/\/lasentinelle.dz\/","logo":{"@type":"ImageObject","inLanguage":"fr-FR","@id":"https:\/\/lasentinelle.dz\/#\/schema\/logo\/image\/","url":"https:\/\/lasentinelle.dz\/wp-content\/uploads\/2021\/09\/logo-sentinelleSLOGAN-1.png","contentUrl":"https:\/\/lasentinelle.dz\/wp-content\/uploads\/2021\/09\/logo-sentinelleSLOGAN-1.png","width":615,"height":142,"caption":"Quotidien La Sentinelle"},"image":{"@id":"https:\/\/lasentinelle.dz\/#\/schema\/logo\/image\/"},"sameAs":["https:\/\/www.facebook.com\/La-Sentinelle-104059864394773"]},{"@type":"Person","@id":"https:\/\/lasentinelle.dz\/#\/schema\/person\/729ee0024f24e0b8c5ec17232f8e8b41","name":"admin","image":{"@type":"ImageObject","inLanguage":"fr-FR","@id":"https:\/\/secure.gravatar.com\/avatar\/4c81fed838786e9b53f540bf46533e750f5d292099ae3b66cfc6fb1982e29df7?s=96&d=mm&r=g","url":"https:\/\/secure.gravatar.com\/avatar\/4c81fed838786e9b53f540bf46533e750f5d292099ae3b66cfc6fb1982e29df7?s=96&d=mm&r=g","contentUrl":"https:\/\/secure.gravatar.com\/avatar\/4c81fed838786e9b53f540bf46533e750f5d292099ae3b66cfc6fb1982e29df7?s=96&d=mm&r=g","caption":"admin"},"description":"admin","url":"https:\/\/lasentinelle.dz\/author\/admin\/"}]}},"_links":{"self":[{"href":"https:\/\/lasentinelle.dz\/index.php\/wp-json\/wp\/v2\/posts\/68472","targetHints":{"allow":["GET"]}}],"collection":[{"href":"https:\/\/lasentinelle.dz\/index.php\/wp-json\/wp\/v2\/posts"}],"about":[{"href":"https:\/\/lasentinelle.dz\/index.php\/wp-json\/wp\/v2\/types\/post"}],"author":[{"embeddable":true,"href":"https:\/\/lasentinelle.dz\/index.php\/wp-json\/wp\/v2\/users\/6"}],"replies":[{"embeddable":true,"href":"https:\/\/lasentinelle.dz\/index.php\/wp-json\/wp\/v2\/comments?post=68472"}],"version-history":[{"count":2,"href":"https:\/\/lasentinelle.dz\/index.php\/wp-json\/wp\/v2\/posts\/68472\/revisions"}],"predecessor-version":[{"id":68474,"href":"https:\/\/lasentinelle.dz\/index.php\/wp-json\/wp\/v2\/posts\/68472\/revisions\/68474"}],"wp:featuredmedia":[{"embeddable":true,"href":"https:\/\/lasentinelle.dz\/index.php\/wp-json\/wp\/v2\/media\/67649"}],"wp:attachment":[{"href":"https:\/\/lasentinelle.dz\/index.php\/wp-json\/wp\/v2\/media?parent=68472"}],"wp:term":[{"taxonomy":"category","embeddable":true,"href":"https:\/\/lasentinelle.dz\/index.php\/wp-json\/wp\/v2\/categories?post=68472"},{"taxonomy":"post_tag","embeddable":true,"href":"https:\/\/lasentinelle.dz\/index.php\/wp-json\/wp\/v2\/tags?post=68472"}],"curies":[{"name":"wp","href":"https:\/\/api.w.org\/{rel}","templated":true}]}}