{"id":68475,"date":"2025-06-03T23:13:44","date_gmt":"2025-06-03T22:13:44","guid":{"rendered":"https:\/\/lasentinelle.dz\/?p=68475"},"modified":"2025-06-03T23:13:45","modified_gmt":"2025-06-03T22:13:45","slug":"pour-valoriser-les-ressources-minieres-sonarem-mise-sur-les-partenariats-internationaux","status":"publish","type":"post","link":"https:\/\/lasentinelle.dz\/index.php\/2025\/06\/03\/pour-valoriser-les-ressources-minieres-sonarem-mise-sur-les-partenariats-internationaux\/","title":{"rendered":"Pour valoriser les ressources mini\u00e8res : Sonarem mise sur les partenariats internationaux"},"content":{"rendered":"\n<p>Dans le cadre de la strat\u00e9gie nationale de diversification \u00e9conomique visant \u00e0 r\u00e9duire la d\u00e9pendance aux hydrocarbures, le secteur minier alg\u00e9rien conna\u00eet une dynamique nouvelle port\u00e9e par des ambitions de transformation industrielle et de partenariats internationaux. Cette orientation s&rsquo;inscrit dans les directives pr\u00e9sidentielles interdisant d\u00e9sormais l&rsquo;exportation de mati\u00e8res premi\u00e8res \u00e0 l&rsquo;\u00e9tat brut, obligeant les acteurs du secteur \u00e0 repenser leurs mod\u00e8les \u00e9conomiques vers davantage de valeur ajout\u00e9e locale.<\/p>\n\n\n\n<p>Le groupe Sonarem, acteur majeur du secteur minier national, s&rsquo;engage r\u00e9solument dans cette voie en d\u00e9veloppant une strat\u00e9gie ambitieuse de partenariats avec des investisseurs \u00e9trangers. Le PDG du groupe, Belkacem Soltani, a annonc\u00e9 lors d&rsquo;une conf\u00e9rence organis\u00e9e lundi soir sur le secteur minier et la diversification \u00e9conomique, que l&rsquo;entreprise publique \u00ab\u00a0travaillait en collaboration avec des soci\u00e9t\u00e9s omanaises, chinoises, turques et canadiennes sur des projets miniers qui seront bient\u00f4t concr\u00e9tis\u00e9s pour renforcer la contribution du secteur \u00e0 la cr\u00e9ation de la richesse et d&#8217;emplois\u00a0\u00bb. L&rsquo;approche strat\u00e9gique de Sonarem s&rsquo;articule autour de quatre axes principaux que le PDG a d\u00e9taill\u00e9s lors de cette rencontre. La feuille de route du groupe \u00ab\u00a0repose sur le d\u00e9veloppement de l&rsquo;industrie mini\u00e8re, la valorisation des ressources via la transformation industrielle, l&rsquo;am\u00e9lioration de la gouvernance et la formation de ressources humaines qualifi\u00e9es\u00a0\u00bb, a-t-il expliqu\u00e9.<\/p>\n\n\n\n<p>La transformation industrielle constitue d\u00e9sormais l&rsquo;imp\u00e9ratif majeur du secteur minier alg\u00e9rien. Rappelant les instructions pr\u00e9sidentielles, Belkacem Soltani a soulign\u00e9 qu&rsquo;il \u00ab\u00a0n&rsquo;\u00e9tait plus possible d&rsquo;exporter des mati\u00e8res premi\u00e8res \u00e0 l&rsquo;\u00e9tat brut conform\u00e9ment aux instructions du pr\u00e9sident de la R\u00e9publique, M. Abdelmadjid Tebboune\u00a0\u00bb, pr\u00e9cisant que \u00ab\u00a0la priorit\u00e9 \u00e9tait d\u00e9sormais accord\u00e9e \u00e0 la transformation industrielle locale des mati\u00e8res premi\u00e8res en produits industrialis\u00e9s que l&rsquo;Alg\u00e9rie importait par le pass\u00e9\u00a0\u00bb. Cette approche de substitution aux importations s&rsquo;inscrit dans une logique de souverainet\u00e9 \u00e9conomique et de cr\u00e9ation de cha\u00eenes de valeur nationales capables de g\u00e9n\u00e9rer davantage d&#8217;emplois et de revenus.<\/p>\n\n\n\n<p>L&rsquo;engagement environnemental et la durabilit\u00e9 constituent \u00e9galement des piliers de la nouvelle strat\u00e9gie de Sonarem. Le PDG a r\u00e9affirm\u00e9 \u00ab\u00a0l&rsquo;engagement du groupe en faveur de la durabilit\u00e9 et de la responsabilit\u00e9 environnementale\u00a0\u00bb, soulignant que l&rsquo;entreprise \u00ab\u00a0pr\u00f4nait une vision strat\u00e9gique ambitieuse bas\u00e9e sur l&rsquo;innovation et la proactivit\u00e9 pour assurer la p\u00e9rennit\u00e9 de ses activit\u00e9s et renforcer sa position en tant que principal fournisseur des mati\u00e8res premi\u00e8res\u00a0\u00bb. Le pr\u00e9sident du Centre alg\u00e9rien de la prospective \u00e9conomique, du d\u00e9veloppement des investissements et de l&rsquo;entreprenariat (ACEFIDE), Akram Zidi, a apport\u00e9 son soutien \u00e0 cette orientation strat\u00e9gique en soulignant \u00ab\u00a0l&rsquo;importance de la valorisation des ressources mini\u00e8res pour la r\u00e9duction de la facture d&rsquo;importation et l&rsquo;augmentation la valeur des exportations hors hydrocarbures\u00a0\u00bb. Il a \u00e9galement insist\u00e9 sur \u00ab\u00a0la n\u00e9cessit\u00e9 d&rsquo;avoir des entreprises capables de dynamiser le secteur minier\u00a0\u00bb, appelant implicitement \u00e0 un \u00e9cosyst\u00e8me entrepreneurial plus d\u00e9velopp\u00e9 autour de l&rsquo;industrie mini\u00e8re.<\/p>\n\n\n\n<p>Les perspectives de d\u00e9veloppement du secteur s&rsquo;appuient \u00e9galement sur les r\u00e9formes l\u00e9gislatives en cours. Akram Zidi a estim\u00e9 que \u00ab\u00a0le projet de loi sur les activit\u00e9s mini\u00e8res imprimera une forte impulsion au secteur\u00a0\u00bb, sugg\u00e9rant que le cadre r\u00e9glementaire sera adapt\u00e9 pour attirer davantage d&rsquo;investissements priv\u00e9s et faciliter les partenariats public-priv\u00e9. Cette modernisation du cadre juridique devrait permettre une meilleure gouvernance du secteur et des proc\u00e9dures simplifi\u00e9es pour les investisseurs.<\/p>\n\n\n\n<p>Amar Malki<\/p>\n","protected":false},"excerpt":{"rendered":"<p>Dans le cadre de la strat\u00e9gie nationale de diversification \u00e9conomique visant \u00e0 r\u00e9duire la d\u00e9pendance aux hydrocarbures, le secteur minier<\/p>\n","protected":false},"author":6,"featured_media":43039,"comment_status":"open","ping_status":"closed","sticky":false,"template":"","format":"standard","meta":{"colormag_page_container_layout":"default_layout","colormag_page_sidebar_layout":"default_layout","om_disable_all_campaigns":false,"_monsterinsights_skip_tracking":false,"_monsterinsights_sitenote_active":false,"_monsterinsights_sitenote_note":"","_monsterinsights_sitenote_category":0,"footnotes":"","_wpscppro_dont_share_socialmedia":false,"_wpscppro_custom_social_share_image":0,"_facebook_share_type":"default","_twitter_share_type":"default","_linkedin_share_type":"default","_pinterest_share_type":"default","_linkedin_share_type_page":"","_instagram_share_type":"default","_medium_share_type":"default","_threads_share_type":"","_google_business_share_type":"","_selected_social_profile":[],"_wpsp_enable_custom_social_template":false,"_wpsp_social_scheduling":{"enabled":false,"datetime":null,"platforms":[],"status":"template_only","dateOption":"today","timeOption":"now","customDays":"","customHours":"","customDate":"","customTime":"","schedulingType":"absolute"},"_wpsp_active_default_template":true},"categories":[29],"tags":[],"class_list":["post-68475","post","type-post","status-publish","format-standard","has-post-thumbnail","hentry","category-economie"],"aioseo_notices":[],"yoast_head":"<!-- This site is optimized with the Yoast SEO plugin v27.4 - https:\/\/yoast.com\/product\/yoast-seo-wordpress\/ -->\n<title>Pour valoriser les ressources mini\u00e8res : Sonarem mise sur les partenariats internationaux - La Sentinelle<\/title>\n<meta name=\"robots\" content=\"index, follow, max-snippet:-1, max-image-preview:large, max-video-preview:-1\" \/>\n<link rel=\"canonical\" href=\"https:\/\/lasentinelle.dz\/index.php\/2025\/06\/03\/pour-valoriser-les-ressources-minieres-sonarem-mise-sur-les-partenariats-internationaux\/\" \/>\n<meta property=\"og:locale\" content=\"fr_FR\" \/>\n<meta property=\"og:type\" content=\"article\" \/>\n<meta property=\"og:title\" content=\"Pour valoriser les ressources mini\u00e8res : Sonarem mise sur les partenariats internationaux - La Sentinelle\" \/>\n<meta property=\"og:description\" content=\"Dans le cadre de la strat\u00e9gie nationale de diversification \u00e9conomique visant \u00e0 r\u00e9duire la d\u00e9pendance aux hydrocarbures, le secteur minier\" \/>\n<meta property=\"og:url\" content=\"https:\/\/lasentinelle.dz\/index.php\/2025\/06\/03\/pour-valoriser-les-ressources-minieres-sonarem-mise-sur-les-partenariats-internationaux\/\" \/>\n<meta property=\"og:site_name\" content=\"La Sentinelle\" \/>\n<meta property=\"article:publisher\" content=\"https:\/\/www.facebook.com\/La-Sentinelle-104059864394773\" \/>\n<meta property=\"article:published_time\" content=\"2025-06-03T22:13:44+00:00\" \/>\n<meta property=\"article:modified_time\" content=\"2025-06-03T22:13:45+00:00\" \/>\n<meta property=\"og:image\" content=\"https:\/\/lasentinelle.dz\/wp-content\/uploads\/2023\/06\/Ghar-Djebilet.jpeg\" \/>\n\t<meta property=\"og:image:width\" content=\"960\" \/>\n\t<meta property=\"og:image:height\" content=\"540\" \/>\n\t<meta property=\"og:image:type\" content=\"image\/jpeg\" \/>\n<meta name=\"author\" content=\"admin\" \/>\n<meta name=\"twitter:card\" content=\"summary_large_image\" \/>\n<meta name=\"twitter:label1\" content=\"\u00c9crit par\" \/>\n\t<meta name=\"twitter:data1\" content=\"admin\" \/>\n\t<meta name=\"twitter:label2\" content=\"Dur\u00e9e de lecture estim\u00e9e\" \/>\n\t<meta name=\"twitter:data2\" content=\"3 minutes\" \/>\n<script type=\"application\/ld+json\" class=\"yoast-schema-graph\">{\"@context\":\"https:\\\/\\\/schema.org\",\"@graph\":[{\"@type\":\"Article\",\"@id\":\"https:\\\/\\\/lasentinelle.dz\\\/index.php\\\/2025\\\/06\\\/03\\\/pour-valoriser-les-ressources-minieres-sonarem-mise-sur-les-partenariats-internationaux\\\/#article\",\"isPartOf\":{\"@id\":\"https:\\\/\\\/lasentinelle.dz\\\/index.php\\\/2025\\\/06\\\/03\\\/pour-valoriser-les-ressources-minieres-sonarem-mise-sur-les-partenariats-internationaux\\\/\"},\"author\":{\"name\":\"admin\",\"@id\":\"https:\\\/\\\/lasentinelle.dz\\\/#\\\/schema\\\/person\\\/729ee0024f24e0b8c5ec17232f8e8b41\"},\"headline\":\"Pour valoriser les ressources mini\u00e8res : Sonarem mise sur les partenariats internationaux\",\"datePublished\":\"2025-06-03T22:13:44+00:00\",\"dateModified\":\"2025-06-03T22:13:45+00:00\",\"mainEntityOfPage\":{\"@id\":\"https:\\\/\\\/lasentinelle.dz\\\/index.php\\\/2025\\\/06\\\/03\\\/pour-valoriser-les-ressources-minieres-sonarem-mise-sur-les-partenariats-internationaux\\\/\"},\"wordCount\":627,\"commentCount\":0,\"publisher\":{\"@id\":\"https:\\\/\\\/lasentinelle.dz\\\/#organization\"},\"image\":{\"@id\":\"https:\\\/\\\/lasentinelle.dz\\\/index.php\\\/2025\\\/06\\\/03\\\/pour-valoriser-les-ressources-minieres-sonarem-mise-sur-les-partenariats-internationaux\\\/#primaryimage\"},\"thumbnailUrl\":\"https:\\\/\\\/lasentinelle.dz\\\/wp-content\\\/uploads\\\/2023\\\/06\\\/Ghar-Djebilet.jpeg\",\"articleSection\":[\"\u00c9conomie\"],\"inLanguage\":\"fr-FR\",\"potentialAction\":[{\"@type\":\"CommentAction\",\"name\":\"Comment\",\"target\":[\"https:\\\/\\\/lasentinelle.dz\\\/index.php\\\/2025\\\/06\\\/03\\\/pour-valoriser-les-ressources-minieres-sonarem-mise-sur-les-partenariats-internationaux\\\/#respond\"]}]},{\"@type\":\"WebPage\",\"@id\":\"https:\\\/\\\/lasentinelle.dz\\\/index.php\\\/2025\\\/06\\\/03\\\/pour-valoriser-les-ressources-minieres-sonarem-mise-sur-les-partenariats-internationaux\\\/\",\"url\":\"https:\\\/\\\/lasentinelle.dz\\\/index.php\\\/2025\\\/06\\\/03\\\/pour-valoriser-les-ressources-minieres-sonarem-mise-sur-les-partenariats-internationaux\\\/\",\"name\":\"Pour valoriser les ressources mini\u00e8res : Sonarem mise sur les partenariats internationaux - La Sentinelle\",\"isPartOf\":{\"@id\":\"https:\\\/\\\/lasentinelle.dz\\\/#website\"},\"primaryImageOfPage\":{\"@id\":\"https:\\\/\\\/lasentinelle.dz\\\/index.php\\\/2025\\\/06\\\/03\\\/pour-valoriser-les-ressources-minieres-sonarem-mise-sur-les-partenariats-internationaux\\\/#primaryimage\"},\"image\":{\"@id\":\"https:\\\/\\\/lasentinelle.dz\\\/index.php\\\/2025\\\/06\\\/03\\\/pour-valoriser-les-ressources-minieres-sonarem-mise-sur-les-partenariats-internationaux\\\/#primaryimage\"},\"thumbnailUrl\":\"https:\\\/\\\/lasentinelle.dz\\\/wp-content\\\/uploads\\\/2023\\\/06\\\/Ghar-Djebilet.jpeg\",\"datePublished\":\"2025-06-03T22:13:44+00:00\",\"dateModified\":\"2025-06-03T22:13:45+00:00\",\"breadcrumb\":{\"@id\":\"https:\\\/\\\/lasentinelle.dz\\\/index.php\\\/2025\\\/06\\\/03\\\/pour-valoriser-les-ressources-minieres-sonarem-mise-sur-les-partenariats-internationaux\\\/#breadcrumb\"},\"inLanguage\":\"fr-FR\",\"potentialAction\":[{\"@type\":\"ReadAction\",\"target\":[\"https:\\\/\\\/lasentinelle.dz\\\/index.php\\\/2025\\\/06\\\/03\\\/pour-valoriser-les-ressources-minieres-sonarem-mise-sur-les-partenariats-internationaux\\\/\"]}]},{\"@type\":\"ImageObject\",\"inLanguage\":\"fr-FR\",\"@id\":\"https:\\\/\\\/lasentinelle.dz\\\/index.php\\\/2025\\\/06\\\/03\\\/pour-valoriser-les-ressources-minieres-sonarem-mise-sur-les-partenariats-internationaux\\\/#primaryimage\",\"url\":\"https:\\\/\\\/lasentinelle.dz\\\/wp-content\\\/uploads\\\/2023\\\/06\\\/Ghar-Djebilet.jpeg\",\"contentUrl\":\"https:\\\/\\\/lasentinelle.dz\\\/wp-content\\\/uploads\\\/2023\\\/06\\\/Ghar-Djebilet.jpeg\",\"width\":960,\"height\":540},{\"@type\":\"BreadcrumbList\",\"@id\":\"https:\\\/\\\/lasentinelle.dz\\\/index.php\\\/2025\\\/06\\\/03\\\/pour-valoriser-les-ressources-minieres-sonarem-mise-sur-les-partenariats-internationaux\\\/#breadcrumb\",\"itemListElement\":[{\"@type\":\"ListItem\",\"position\":1,\"name\":\"Accueil\",\"item\":\"https:\\\/\\\/lasentinelle.dz\\\/\"},{\"@type\":\"ListItem\",\"position\":2,\"name\":\"Pour valoriser les ressources mini\u00e8res : Sonarem mise sur les partenariats internationaux\"}]},{\"@type\":\"WebSite\",\"@id\":\"https:\\\/\\\/lasentinelle.dz\\\/#website\",\"url\":\"https:\\\/\\\/lasentinelle.dz\\\/\",\"name\":\"La Sentinelle\",\"description\":\"Quotidien national d&#039;information\",\"publisher\":{\"@id\":\"https:\\\/\\\/lasentinelle.dz\\\/#organization\"},\"potentialAction\":[{\"@type\":\"SearchAction\",\"target\":{\"@type\":\"EntryPoint\",\"urlTemplate\":\"https:\\\/\\\/lasentinelle.dz\\\/?s={search_term_string}\"},\"query-input\":{\"@type\":\"PropertyValueSpecification\",\"valueRequired\":true,\"valueName\":\"search_term_string\"}}],\"inLanguage\":\"fr-FR\"},{\"@type\":\"Organization\",\"@id\":\"https:\\\/\\\/lasentinelle.dz\\\/#organization\",\"name\":\"Quotidien La Sentinelle\",\"url\":\"https:\\\/\\\/lasentinelle.dz\\\/\",\"logo\":{\"@type\":\"ImageObject\",\"inLanguage\":\"fr-FR\",\"@id\":\"https:\\\/\\\/lasentinelle.dz\\\/#\\\/schema\\\/logo\\\/image\\\/\",\"url\":\"https:\\\/\\\/lasentinelle.dz\\\/wp-content\\\/uploads\\\/2021\\\/09\\\/logo-sentinelleSLOGAN-1.png\",\"contentUrl\":\"https:\\\/\\\/lasentinelle.dz\\\/wp-content\\\/uploads\\\/2021\\\/09\\\/logo-sentinelleSLOGAN-1.png\",\"width\":615,\"height\":142,\"caption\":\"Quotidien La Sentinelle\"},\"image\":{\"@id\":\"https:\\\/\\\/lasentinelle.dz\\\/#\\\/schema\\\/logo\\\/image\\\/\"},\"sameAs\":[\"https:\\\/\\\/www.facebook.com\\\/La-Sentinelle-104059864394773\"]},{\"@type\":\"Person\",\"@id\":\"https:\\\/\\\/lasentinelle.dz\\\/#\\\/schema\\\/person\\\/729ee0024f24e0b8c5ec17232f8e8b41\",\"name\":\"admin\",\"image\":{\"@type\":\"ImageObject\",\"inLanguage\":\"fr-FR\",\"@id\":\"https:\\\/\\\/secure.gravatar.com\\\/avatar\\\/4c81fed838786e9b53f540bf46533e750f5d292099ae3b66cfc6fb1982e29df7?s=96&d=mm&r=g\",\"url\":\"https:\\\/\\\/secure.gravatar.com\\\/avatar\\\/4c81fed838786e9b53f540bf46533e750f5d292099ae3b66cfc6fb1982e29df7?s=96&d=mm&r=g\",\"contentUrl\":\"https:\\\/\\\/secure.gravatar.com\\\/avatar\\\/4c81fed838786e9b53f540bf46533e750f5d292099ae3b66cfc6fb1982e29df7?s=96&d=mm&r=g\",\"caption\":\"admin\"},\"description\":\"admin\",\"url\":\"https:\\\/\\\/lasentinelle.dz\\\/author\\\/admin\\\/\"}]}<\/script>\n<!-- \/ Yoast SEO plugin. -->","yoast_head_json":{"title":"Pour valoriser les ressources mini\u00e8res : Sonarem mise sur les partenariats internationaux - La Sentinelle","robots":{"index":"index","follow":"follow","max-snippet":"max-snippet:-1","max-image-preview":"max-image-preview:large","max-video-preview":"max-video-preview:-1"},"canonical":"https:\/\/lasentinelle.dz\/index.php\/2025\/06\/03\/pour-valoriser-les-ressources-minieres-sonarem-mise-sur-les-partenariats-internationaux\/","og_locale":"fr_FR","og_type":"article","og_title":"Pour valoriser les ressources mini\u00e8res : Sonarem mise sur les partenariats internationaux - La Sentinelle","og_description":"Dans le cadre de la strat\u00e9gie nationale de diversification \u00e9conomique visant \u00e0 r\u00e9duire la d\u00e9pendance aux hydrocarbures, le secteur minier","og_url":"https:\/\/lasentinelle.dz\/index.php\/2025\/06\/03\/pour-valoriser-les-ressources-minieres-sonarem-mise-sur-les-partenariats-internationaux\/","og_site_name":"La Sentinelle","article_publisher":"https:\/\/www.facebook.com\/La-Sentinelle-104059864394773","article_published_time":"2025-06-03T22:13:44+00:00","article_modified_time":"2025-06-03T22:13:45+00:00","og_image":[{"width":960,"height":540,"url":"https:\/\/lasentinelle.dz\/wp-content\/uploads\/2023\/06\/Ghar-Djebilet.jpeg","type":"image\/jpeg"}],"author":"admin","twitter_card":"summary_large_image","twitter_misc":{"\u00c9crit par":"admin","Dur\u00e9e de lecture estim\u00e9e":"3 minutes"},"schema":{"@context":"https:\/\/schema.org","@graph":[{"@type":"Article","@id":"https:\/\/lasentinelle.dz\/index.php\/2025\/06\/03\/pour-valoriser-les-ressources-minieres-sonarem-mise-sur-les-partenariats-internationaux\/#article","isPartOf":{"@id":"https:\/\/lasentinelle.dz\/index.php\/2025\/06\/03\/pour-valoriser-les-ressources-minieres-sonarem-mise-sur-les-partenariats-internationaux\/"},"author":{"name":"admin","@id":"https:\/\/lasentinelle.dz\/#\/schema\/person\/729ee0024f24e0b8c5ec17232f8e8b41"},"headline":"Pour valoriser les ressources mini\u00e8res : Sonarem mise sur les partenariats internationaux","datePublished":"2025-06-03T22:13:44+00:00","dateModified":"2025-06-03T22:13:45+00:00","mainEntityOfPage":{"@id":"https:\/\/lasentinelle.dz\/index.php\/2025\/06\/03\/pour-valoriser-les-ressources-minieres-sonarem-mise-sur-les-partenariats-internationaux\/"},"wordCount":627,"commentCount":0,"publisher":{"@id":"https:\/\/lasentinelle.dz\/#organization"},"image":{"@id":"https:\/\/lasentinelle.dz\/index.php\/2025\/06\/03\/pour-valoriser-les-ressources-minieres-sonarem-mise-sur-les-partenariats-internationaux\/#primaryimage"},"thumbnailUrl":"https:\/\/lasentinelle.dz\/wp-content\/uploads\/2023\/06\/Ghar-Djebilet.jpeg","articleSection":["\u00c9conomie"],"inLanguage":"fr-FR","potentialAction":[{"@type":"CommentAction","name":"Comment","target":["https:\/\/lasentinelle.dz\/index.php\/2025\/06\/03\/pour-valoriser-les-ressources-minieres-sonarem-mise-sur-les-partenariats-internationaux\/#respond"]}]},{"@type":"WebPage","@id":"https:\/\/lasentinelle.dz\/index.php\/2025\/06\/03\/pour-valoriser-les-ressources-minieres-sonarem-mise-sur-les-partenariats-internationaux\/","url":"https:\/\/lasentinelle.dz\/index.php\/2025\/06\/03\/pour-valoriser-les-ressources-minieres-sonarem-mise-sur-les-partenariats-internationaux\/","name":"Pour valoriser les ressources mini\u00e8res : Sonarem mise sur les partenariats internationaux - La Sentinelle","isPartOf":{"@id":"https:\/\/lasentinelle.dz\/#website"},"primaryImageOfPage":{"@id":"https:\/\/lasentinelle.dz\/index.php\/2025\/06\/03\/pour-valoriser-les-ressources-minieres-sonarem-mise-sur-les-partenariats-internationaux\/#primaryimage"},"image":{"@id":"https:\/\/lasentinelle.dz\/index.php\/2025\/06\/03\/pour-valoriser-les-ressources-minieres-sonarem-mise-sur-les-partenariats-internationaux\/#primaryimage"},"thumbnailUrl":"https:\/\/lasentinelle.dz\/wp-content\/uploads\/2023\/06\/Ghar-Djebilet.jpeg","datePublished":"2025-06-03T22:13:44+00:00","dateModified":"2025-06-03T22:13:45+00:00","breadcrumb":{"@id":"https:\/\/lasentinelle.dz\/index.php\/2025\/06\/03\/pour-valoriser-les-ressources-minieres-sonarem-mise-sur-les-partenariats-internationaux\/#breadcrumb"},"inLanguage":"fr-FR","potentialAction":[{"@type":"ReadAction","target":["https:\/\/lasentinelle.dz\/index.php\/2025\/06\/03\/pour-valoriser-les-ressources-minieres-sonarem-mise-sur-les-partenariats-internationaux\/"]}]},{"@type":"ImageObject","inLanguage":"fr-FR","@id":"https:\/\/lasentinelle.dz\/index.php\/2025\/06\/03\/pour-valoriser-les-ressources-minieres-sonarem-mise-sur-les-partenariats-internationaux\/#primaryimage","url":"https:\/\/lasentinelle.dz\/wp-content\/uploads\/2023\/06\/Ghar-Djebilet.jpeg","contentUrl":"https:\/\/lasentinelle.dz\/wp-content\/uploads\/2023\/06\/Ghar-Djebilet.jpeg","width":960,"height":540},{"@type":"BreadcrumbList","@id":"https:\/\/lasentinelle.dz\/index.php\/2025\/06\/03\/pour-valoriser-les-ressources-minieres-sonarem-mise-sur-les-partenariats-internationaux\/#breadcrumb","itemListElement":[{"@type":"ListItem","position":1,"name":"Accueil","item":"https:\/\/lasentinelle.dz\/"},{"@type":"ListItem","position":2,"name":"Pour valoriser les ressources mini\u00e8res : Sonarem mise sur les partenariats internationaux"}]},{"@type":"WebSite","@id":"https:\/\/lasentinelle.dz\/#website","url":"https:\/\/lasentinelle.dz\/","name":"La Sentinelle","description":"Quotidien national d&#039;information","publisher":{"@id":"https:\/\/lasentinelle.dz\/#organization"},"potentialAction":[{"@type":"SearchAction","target":{"@type":"EntryPoint","urlTemplate":"https:\/\/lasentinelle.dz\/?s={search_term_string}"},"query-input":{"@type":"PropertyValueSpecification","valueRequired":true,"valueName":"search_term_string"}}],"inLanguage":"fr-FR"},{"@type":"Organization","@id":"https:\/\/lasentinelle.dz\/#organization","name":"Quotidien La Sentinelle","url":"https:\/\/lasentinelle.dz\/","logo":{"@type":"ImageObject","inLanguage":"fr-FR","@id":"https:\/\/lasentinelle.dz\/#\/schema\/logo\/image\/","url":"https:\/\/lasentinelle.dz\/wp-content\/uploads\/2021\/09\/logo-sentinelleSLOGAN-1.png","contentUrl":"https:\/\/lasentinelle.dz\/wp-content\/uploads\/2021\/09\/logo-sentinelleSLOGAN-1.png","width":615,"height":142,"caption":"Quotidien La Sentinelle"},"image":{"@id":"https:\/\/lasentinelle.dz\/#\/schema\/logo\/image\/"},"sameAs":["https:\/\/www.facebook.com\/La-Sentinelle-104059864394773"]},{"@type":"Person","@id":"https:\/\/lasentinelle.dz\/#\/schema\/person\/729ee0024f24e0b8c5ec17232f8e8b41","name":"admin","image":{"@type":"ImageObject","inLanguage":"fr-FR","@id":"https:\/\/secure.gravatar.com\/avatar\/4c81fed838786e9b53f540bf46533e750f5d292099ae3b66cfc6fb1982e29df7?s=96&d=mm&r=g","url":"https:\/\/secure.gravatar.com\/avatar\/4c81fed838786e9b53f540bf46533e750f5d292099ae3b66cfc6fb1982e29df7?s=96&d=mm&r=g","contentUrl":"https:\/\/secure.gravatar.com\/avatar\/4c81fed838786e9b53f540bf46533e750f5d292099ae3b66cfc6fb1982e29df7?s=96&d=mm&r=g","caption":"admin"},"description":"admin","url":"https:\/\/lasentinelle.dz\/author\/admin\/"}]}},"_links":{"self":[{"href":"https:\/\/lasentinelle.dz\/index.php\/wp-json\/wp\/v2\/posts\/68475","targetHints":{"allow":["GET"]}}],"collection":[{"href":"https:\/\/lasentinelle.dz\/index.php\/wp-json\/wp\/v2\/posts"}],"about":[{"href":"https:\/\/lasentinelle.dz\/index.php\/wp-json\/wp\/v2\/types\/post"}],"author":[{"embeddable":true,"href":"https:\/\/lasentinelle.dz\/index.php\/wp-json\/wp\/v2\/users\/6"}],"replies":[{"embeddable":true,"href":"https:\/\/lasentinelle.dz\/index.php\/wp-json\/wp\/v2\/comments?post=68475"}],"version-history":[{"count":1,"href":"https:\/\/lasentinelle.dz\/index.php\/wp-json\/wp\/v2\/posts\/68475\/revisions"}],"predecessor-version":[{"id":68476,"href":"https:\/\/lasentinelle.dz\/index.php\/wp-json\/wp\/v2\/posts\/68475\/revisions\/68476"}],"wp:featuredmedia":[{"embeddable":true,"href":"https:\/\/lasentinelle.dz\/index.php\/wp-json\/wp\/v2\/media\/43039"}],"wp:attachment":[{"href":"https:\/\/lasentinelle.dz\/index.php\/wp-json\/wp\/v2\/media?parent=68475"}],"wp:term":[{"taxonomy":"category","embeddable":true,"href":"https:\/\/lasentinelle.dz\/index.php\/wp-json\/wp\/v2\/categories?post=68475"},{"taxonomy":"post_tag","embeddable":true,"href":"https:\/\/lasentinelle.dz\/index.php\/wp-json\/wp\/v2\/tags?post=68475"}],"curies":[{"name":"wp","href":"https:\/\/api.w.org\/{rel}","templated":true}]}}