{"id":68477,"date":"2025-06-03T23:16:12","date_gmt":"2025-06-03T22:16:12","guid":{"rendered":"https:\/\/lasentinelle.dz\/?p=68477"},"modified":"2025-06-03T23:16:13","modified_gmt":"2025-06-03T22:16:13","slug":"visite-du-president-du-rwanda-en-algerie-une-totale-convergence-de-vues","status":"publish","type":"post","link":"https:\/\/lasentinelle.dz\/index.php\/2025\/06\/03\/visite-du-president-du-rwanda-en-algerie-une-totale-convergence-de-vues\/","title":{"rendered":"Visite du pr\u00e9sident du Rwanda en Alg\u00e9rie : Une totale convergence de vues"},"content":{"rendered":"\n<p>Dans un contexte g\u00e9opolitique africain marqu\u00e9 par de multiples d\u00e9fis s\u00e9curitaires et \u00e9conomiques, la visite officielle du pr\u00e9sident rwandais Paul Kagame en Alg\u00e9rie, les 3 et 4 juin 2025, illustre la volont\u00e9 des deux pays de consolider leurs relations bilat\u00e9rales et de peser davantage sur les questions continentales. Cette rencontre au sommet, qui fait suite aux discussions entam\u00e9es en d\u00e9cembre 2024 \u00e0 Nouakchott en marge d&rsquo;un sommet mauritanien, s&rsquo;inscrit dans une dynamique de rapprochement entre l&rsquo;Alg\u00e9rie et les pays d&rsquo;Afrique de l&rsquo;Est, particuli\u00e8rement avec le Rwanda qui s&rsquo;est impos\u00e9 comme un mod\u00e8le de stabilit\u00e9 et de croissance \u00e9conomique sur le continent.<\/p>\n\n\n\n<p>Au terme de leurs entretiens au si\u00e8ge de la Pr\u00e9sidence de la R\u00e9publique \u00e0 Alger, les deux chefs d&rsquo;\u00c9tat ont pr\u00e9sid\u00e9 la signature de plusieurs accords et m\u00e9morandums d&rsquo;entente couvrant un large \u00e9ventail de secteurs strat\u00e9giques. Ces accords concernent notamment les t\u00e9l\u00e9communications, l&rsquo;entrepreneuriat, l&rsquo;innovation, la communication num\u00e9rique, la promotion de l&rsquo;investissement, l&rsquo;industrie pharmaceutique, la formation professionnelle, l&rsquo;agriculture et l&rsquo;\u00e9levage, l&rsquo;enseignement sup\u00e9rieur, la recherche scientifique, les services de transport a\u00e9rien, la coop\u00e9ration judiciaire et polici\u00e8re, ainsi que l&rsquo;exemption de visa pour les d\u00e9tenteurs de passeports diplomatiques et de service.<\/p>\n\n\n\n<p>Lors de la d\u00e9claration conjointe \u00e0 la presse, le pr\u00e9sident de la R\u00e9publique Abdelmadjid Tebboune a mis en avant \u00ab\u00a0la convergence de vues entre les deux pays sur plusieurs questions r\u00e9gionales et internationales, ainsi que leur attachement au principe de r\u00e8glement pacifique des conflits et leur rejet des ing\u00e9rences \u00e9trang\u00e8res dans les affaires du continent africain\u00a0\u00bb. Le chef de l&rsquo;\u00c9tat a pr\u00e9cis\u00e9 avoir eu de \u00ab\u00a0riches\u00a0\u00bb entretiens avec son homologue rwandais concernant plusieurs domaines, dont \u00ab\u00a0la coop\u00e9ration politique, s\u00e9curitaire et culturelle et les m\u00e9canismes de promotion des \u00e9changes commerciaux entre les deux pays\u00a0\u00bb.<\/p>\n\n\n\n<p>Sur le plan des questions r\u00e9gionales br\u00fblantes, les deux dirigeants ont affich\u00e9 une position commune sur plusieurs dossiers sensibles. Concernant le Sahara occidental, le pr\u00e9sident Tebboune a d\u00e9clar\u00e9 : \u00ab\u00a0Nous avons \u00e9chang\u00e9 les vues sur les zones de tensions et de conflits en Afrique et soulign\u00e9 notre soutien au peuple sahraoui et \u00e0 son droit \u00e0 l&rsquo;autod\u00e9termination \u00e0 travers un r\u00e9f\u00e9rendum libre, r\u00e9gulier et juste, conform\u00e9ment aux d\u00e9cisions de la l\u00e9galit\u00e9 internationale\u00a0\u00bb. S&rsquo;agissant de la question palestinienne, autre cause ch\u00e8re \u00e0 la diplomatie alg\u00e9rienne, le pr\u00e9sident Tebboune a exprim\u00e9 les pr\u00e9occupations communes des deux pays : \u00ab\u00a0Nous avons fait part de notre profonde inqui\u00e9tude concernant la situation dans la bande de Ghaza et soulign\u00e9 la n\u00e9cessit\u00e9 de mettre fin imm\u00e9diatement \u00e0 l&rsquo;agression perp\u00e9tr\u00e9e contre le peuple palestinien et de garantir l&rsquo;acheminement des aides humanitaires dans les plus brefs d\u00e9lais, outre le droit du peuple palestinien \u00e0 l&rsquo;\u00e9tablissement de son Etat ind\u00e9pendant sur les fronti\u00e8res de 1967 avec El-Qods comme capitale\u00a0\u00bb.<\/p>\n\n\n\n<p>La situation dans l&rsquo;Est de la R\u00e9publique d\u00e9mocratique du Congo, th\u00e9\u00e2tre de tensions persistantes impliquant notamment le Rwanda, a \u00e9galement fait l&rsquo;objet d&rsquo;\u00e9changes entre les deux pr\u00e9sidents. Le chef de l&rsquo;\u00c9tat a soulign\u00e9 que sa rencontre avec son homologue rwandais a \u00e9t\u00e9 l&rsquo;occasion d&rsquo;\u00e9changer les vues sur cette question sensible, pr\u00e9cisant : \u00ab\u00a0Nous avons r\u00e9it\u00e9r\u00e9 notre plein soutien aux efforts en cours pour parvenir \u00e0 une solution politique globale\u00a0\u00bb. Cette approche diplomatique privil\u00e9giant le dialogue politique t\u00e9moigne de la maturit\u00e9 des relations entre les deux pays, malgr\u00e9 les positions parfois divergentes sur certains aspects de la crise congolaise.<\/p>\n\n\n\n<p>La crise soudanaise, qui d\u00e9stabilise toute la r\u00e9gion du Sahel et de la Corne de l&rsquo;Afrique, a \u00e9galement \u00e9t\u00e9 abord\u00e9e. Le pr\u00e9sident Tebboune a \u00e9voqu\u00e9 \u00ab\u00a0la n\u00e9cessit\u00e9 d&rsquo;activer le r\u00f4le de l&rsquo;Union africaine pour parvenir \u00e0 la solution escompt\u00e9e\u00a0\u00bb, rappelant au passage la contribution significative du Rwanda aux efforts de maintien de la paix avec la participation de 6.000 \u00e9l\u00e9ments de l&rsquo;Arm\u00e9e rwandaise \u00e0 la mission de maintien de la paix au Soudan.<\/p>\n\n\n\n<p>Sur le plan \u00e9conomique, le pr\u00e9sident de la R\u00e9publique a salu\u00e9 les performances remarquables du Rwanda, soulignant \u00ab\u00a0les efforts colossaux\u00a0\u00bb d\u00e9ploy\u00e9s par ce pays pour relancer son \u00e9conomie, avec \u00ab\u00a0une forte croissance de 8,3% l&rsquo;ann\u00e9e derni\u00e8re et de 7,8% cette ann\u00e9e\u00a0\u00bb, faisant du Rwanda \u00ab\u00a0un mod\u00e8le pour de nombreux pays africains\u00a0\u00bb, notamment \u00ab\u00a0gr\u00e2ce \u00e0 sa stabilit\u00e9 et \u00e0 la pr\u00e9servation de la s\u00e9curit\u00e9 dans toute la r\u00e9gion, malgr\u00e9 les souffrances endur\u00e9es par le peuple rwandais, notamment durant les massacres\u00a0\u00bb. Cette reconnaissance publique des performances \u00e9conomiques rwandaises illustre la volont\u00e9 alg\u00e9rienne de s&rsquo;inspirer des bonnes pratiques de d\u00e9veloppement sur le continent.<\/p>\n\n\n\n<p>Les deux dirigeants ont \u00e9galement mis l&rsquo;accent sur l&rsquo;importance de la Zone de libre-\u00e9change continentale africaine (ZLECAf), instrument cl\u00e9 de l&rsquo;int\u00e9gration \u00e9conomique continentale. Le pr\u00e9sident Tebboune a soulign\u00e9 le soutien des deux pays \u00e0 l&rsquo;activation de cette zone, mettant en avant le r\u00f4le du Rwanda et l&rsquo;importance de l&rsquo;activation de l&rsquo;Agence africaine du m\u00e9dicament, dont le si\u00e8ge est \u00e0 Kigali. Cette coop\u00e9ration dans le domaine pharmaceutique rev\u00eat une importance particuli\u00e8re dans le contexte post-pand\u00e9mique o\u00f9 l&rsquo;autonomie sanitaire de l&rsquo;Afrique est devenue un enjeu strat\u00e9gique majeur.<\/p>\n\n\n\n<p>De son c\u00f4t\u00e9, le pr\u00e9sident Paul Kagame a exprim\u00e9 la satisfaction de son pays quant \u00e0 l&rsquo;\u00e9volution des relations bilat\u00e9rales, indiquant avoir eu \u00ab\u00a0des entretiens constructifs avec son homologue alg\u00e9rien, bas\u00e9s sur une amiti\u00e9 solide et profonde\u00a0\u00bb. Il a particuli\u00e8rement mis l&rsquo;accent sur la dimension \u00e9conomique de cette coop\u00e9ration, pr\u00e9cisant que \u00ab\u00a0la pr\u00e9sence diplomatique que nous souhaitons \u00e9tablir prochainement en Alg\u00e9rie, nous permettra de cr\u00e9er des opportunit\u00e9s pour consolider nos liens \u00e9conomiques et encourager un engagement accru de la part de notre communaut\u00e9 notamment d&rsquo;hommes d&rsquo;affaires\u00a0\u00bb.<\/p>\n\n\n\n<p>Le pr\u00e9sident rwandais a \u00e9galement salu\u00e9 le soutien de l&rsquo;Alg\u00e9rie aux \u00e9tudiants rwandais dans des domaines avanc\u00e9s telle que l&rsquo;intelligence artificielle, remerciant le pr\u00e9sident Tebboune pour cette initiative qu&rsquo;il a qualifi\u00e9e de \u00ab\u00a0v\u00e9ritable succ\u00e8s\u00a0\u00bb. Cette coop\u00e9ration dans le domaine de l&rsquo;enseignement sup\u00e9rieur et des nouvelles technologies t\u00e9moigne de la volont\u00e9 des deux pays de construire un partenariat tourn\u00e9 vers l&rsquo;avenir et l&rsquo;innovation.<\/p>\n\n\n\n<p>Cette visite officielle, qualifi\u00e9e de pr\u00e9cieuse par le pr\u00e9sident Tebboune, s&rsquo;inscrit dans une strat\u00e9gie plus large de diversification des partenariats de l&rsquo;Alg\u00e9rie sur le continent africain. Elle t\u00e9moigne \u00e9galement de la reconnaissance croissante du r\u00f4le du Rwanda comme acteur incontournable de la stabilit\u00e9 et du d\u00e9veloppement en Afrique de l&rsquo;Est. Les accords sign\u00e9s lors de cette visite ouvrent de nouvelles perspectives de coop\u00e9ration dans des secteurs cl\u00e9s de l&rsquo;\u00e9conomie moderne, notamment les t\u00e9l\u00e9communications, l&rsquo;innovation technologique et l&rsquo;industrie pharmaceutique, secteurs dans lesquels le Rwanda a d\u00e9velopp\u00e9 une expertise reconnue.<\/p>\n\n\n\n<p>Chokri Hafed<\/p>\n","protected":false},"excerpt":{"rendered":"<p>Dans un contexte g\u00e9opolitique africain marqu\u00e9 par de multiples d\u00e9fis s\u00e9curitaires et \u00e9conomiques, la visite officielle du pr\u00e9sident rwandais Paul<\/p>\n","protected":false},"author":6,"featured_media":68478,"comment_status":"open","ping_status":"closed","sticky":false,"template":"","format":"standard","meta":{"colormag_page_container_layout":"default_layout","colormag_page_sidebar_layout":"default_layout","om_disable_all_campaigns":false,"_monsterinsights_skip_tracking":false,"_monsterinsights_sitenote_active":false,"_monsterinsights_sitenote_note":"","_monsterinsights_sitenote_category":0,"footnotes":"","_wpscppro_dont_share_socialmedia":false,"_wpscppro_custom_social_share_image":0,"_facebook_share_type":"default","_twitter_share_type":"default","_linkedin_share_type":"default","_pinterest_share_type":"default","_linkedin_share_type_page":"","_instagram_share_type":"default","_medium_share_type":"default","_threads_share_type":"","_google_business_share_type":"","_selected_social_profile":[],"_wpsp_enable_custom_social_template":false,"_wpsp_social_scheduling":{"enabled":false,"datetime":null,"platforms":[],"status":"template_only","dateOption":"today","timeOption":"now","customDays":"","customHours":"","customDate":"","customTime":"","schedulingType":"absolute"},"_wpsp_active_default_template":true},"categories":[52,27],"tags":[],"class_list":["post-68477","post","type-post","status-publish","format-standard","has-post-thumbnail","hentry","category-a-la-une","category-actualite"],"aioseo_notices":[],"yoast_head":"<!-- This site is optimized with the Yoast SEO plugin v27.4 - https:\/\/yoast.com\/product\/yoast-seo-wordpress\/ -->\n<title>Visite du pr\u00e9sident du Rwanda en Alg\u00e9rie : Une totale convergence de vues - La Sentinelle<\/title>\n<meta name=\"robots\" content=\"index, follow, max-snippet:-1, max-image-preview:large, max-video-preview:-1\" \/>\n<link rel=\"canonical\" href=\"https:\/\/lasentinelle.dz\/index.php\/2025\/06\/03\/visite-du-president-du-rwanda-en-algerie-une-totale-convergence-de-vues\/\" \/>\n<meta property=\"og:locale\" content=\"fr_FR\" \/>\n<meta property=\"og:type\" content=\"article\" \/>\n<meta property=\"og:title\" content=\"Visite du pr\u00e9sident du Rwanda en Alg\u00e9rie : Une totale convergence de vues - La Sentinelle\" \/>\n<meta property=\"og:description\" content=\"Dans un contexte g\u00e9opolitique africain marqu\u00e9 par de multiples d\u00e9fis s\u00e9curitaires et \u00e9conomiques, la visite officielle du pr\u00e9sident rwandais Paul\" \/>\n<meta property=\"og:url\" content=\"https:\/\/lasentinelle.dz\/index.php\/2025\/06\/03\/visite-du-president-du-rwanda-en-algerie-une-totale-convergence-de-vues\/\" \/>\n<meta property=\"og:site_name\" content=\"La Sentinelle\" \/>\n<meta property=\"article:publisher\" content=\"https:\/\/www.facebook.com\/La-Sentinelle-104059864394773\" \/>\n<meta property=\"article:published_time\" content=\"2025-06-03T22:16:12+00:00\" \/>\n<meta property=\"article:modified_time\" content=\"2025-06-03T22:16:13+00:00\" \/>\n<meta property=\"og:image\" content=\"https:\/\/lasentinelle.dz\/wp-content\/uploads\/2025\/06\/Tebboune-Kagame.jpg\" \/>\n\t<meta property=\"og:image:width\" content=\"1255\" \/>\n\t<meta property=\"og:image:height\" content=\"698\" \/>\n\t<meta property=\"og:image:type\" content=\"image\/jpeg\" \/>\n<meta name=\"author\" content=\"admin\" \/>\n<meta name=\"twitter:card\" content=\"summary_large_image\" \/>\n<meta name=\"twitter:label1\" content=\"\u00c9crit par\" \/>\n\t<meta name=\"twitter:data1\" content=\"admin\" \/>\n\t<meta name=\"twitter:label2\" content=\"Dur\u00e9e de lecture estim\u00e9e\" \/>\n\t<meta name=\"twitter:data2\" content=\"6 minutes\" \/>\n<script type=\"application\/ld+json\" class=\"yoast-schema-graph\">{\"@context\":\"https:\\\/\\\/schema.org\",\"@graph\":[{\"@type\":\"Article\",\"@id\":\"https:\\\/\\\/lasentinelle.dz\\\/index.php\\\/2025\\\/06\\\/03\\\/visite-du-president-du-rwanda-en-algerie-une-totale-convergence-de-vues\\\/#article\",\"isPartOf\":{\"@id\":\"https:\\\/\\\/lasentinelle.dz\\\/index.php\\\/2025\\\/06\\\/03\\\/visite-du-president-du-rwanda-en-algerie-une-totale-convergence-de-vues\\\/\"},\"author\":{\"name\":\"admin\",\"@id\":\"https:\\\/\\\/lasentinelle.dz\\\/#\\\/schema\\\/person\\\/729ee0024f24e0b8c5ec17232f8e8b41\"},\"headline\":\"Visite du pr\u00e9sident du Rwanda en Alg\u00e9rie : Une totale convergence de vues\",\"datePublished\":\"2025-06-03T22:16:12+00:00\",\"dateModified\":\"2025-06-03T22:16:13+00:00\",\"mainEntityOfPage\":{\"@id\":\"https:\\\/\\\/lasentinelle.dz\\\/index.php\\\/2025\\\/06\\\/03\\\/visite-du-president-du-rwanda-en-algerie-une-totale-convergence-de-vues\\\/\"},\"wordCount\":1220,\"commentCount\":0,\"publisher\":{\"@id\":\"https:\\\/\\\/lasentinelle.dz\\\/#organization\"},\"image\":{\"@id\":\"https:\\\/\\\/lasentinelle.dz\\\/index.php\\\/2025\\\/06\\\/03\\\/visite-du-president-du-rwanda-en-algerie-une-totale-convergence-de-vues\\\/#primaryimage\"},\"thumbnailUrl\":\"https:\\\/\\\/lasentinelle.dz\\\/wp-content\\\/uploads\\\/2025\\\/06\\\/Tebboune-Kagame.jpg\",\"articleSection\":[\"\u00c0 la Une\",\"Actualit\u00e9\"],\"inLanguage\":\"fr-FR\",\"potentialAction\":[{\"@type\":\"CommentAction\",\"name\":\"Comment\",\"target\":[\"https:\\\/\\\/lasentinelle.dz\\\/index.php\\\/2025\\\/06\\\/03\\\/visite-du-president-du-rwanda-en-algerie-une-totale-convergence-de-vues\\\/#respond\"]}]},{\"@type\":\"WebPage\",\"@id\":\"https:\\\/\\\/lasentinelle.dz\\\/index.php\\\/2025\\\/06\\\/03\\\/visite-du-president-du-rwanda-en-algerie-une-totale-convergence-de-vues\\\/\",\"url\":\"https:\\\/\\\/lasentinelle.dz\\\/index.php\\\/2025\\\/06\\\/03\\\/visite-du-president-du-rwanda-en-algerie-une-totale-convergence-de-vues\\\/\",\"name\":\"Visite du pr\u00e9sident du Rwanda en Alg\u00e9rie : Une totale convergence de vues - La Sentinelle\",\"isPartOf\":{\"@id\":\"https:\\\/\\\/lasentinelle.dz\\\/#website\"},\"primaryImageOfPage\":{\"@id\":\"https:\\\/\\\/lasentinelle.dz\\\/index.php\\\/2025\\\/06\\\/03\\\/visite-du-president-du-rwanda-en-algerie-une-totale-convergence-de-vues\\\/#primaryimage\"},\"image\":{\"@id\":\"https:\\\/\\\/lasentinelle.dz\\\/index.php\\\/2025\\\/06\\\/03\\\/visite-du-president-du-rwanda-en-algerie-une-totale-convergence-de-vues\\\/#primaryimage\"},\"thumbnailUrl\":\"https:\\\/\\\/lasentinelle.dz\\\/wp-content\\\/uploads\\\/2025\\\/06\\\/Tebboune-Kagame.jpg\",\"datePublished\":\"2025-06-03T22:16:12+00:00\",\"dateModified\":\"2025-06-03T22:16:13+00:00\",\"breadcrumb\":{\"@id\":\"https:\\\/\\\/lasentinelle.dz\\\/index.php\\\/2025\\\/06\\\/03\\\/visite-du-president-du-rwanda-en-algerie-une-totale-convergence-de-vues\\\/#breadcrumb\"},\"inLanguage\":\"fr-FR\",\"potentialAction\":[{\"@type\":\"ReadAction\",\"target\":[\"https:\\\/\\\/lasentinelle.dz\\\/index.php\\\/2025\\\/06\\\/03\\\/visite-du-president-du-rwanda-en-algerie-une-totale-convergence-de-vues\\\/\"]}]},{\"@type\":\"ImageObject\",\"inLanguage\":\"fr-FR\",\"@id\":\"https:\\\/\\\/lasentinelle.dz\\\/index.php\\\/2025\\\/06\\\/03\\\/visite-du-president-du-rwanda-en-algerie-une-totale-convergence-de-vues\\\/#primaryimage\",\"url\":\"https:\\\/\\\/lasentinelle.dz\\\/wp-content\\\/uploads\\\/2025\\\/06\\\/Tebboune-Kagame.jpg\",\"contentUrl\":\"https:\\\/\\\/lasentinelle.dz\\\/wp-content\\\/uploads\\\/2025\\\/06\\\/Tebboune-Kagame.jpg\",\"width\":1255,\"height\":698},{\"@type\":\"BreadcrumbList\",\"@id\":\"https:\\\/\\\/lasentinelle.dz\\\/index.php\\\/2025\\\/06\\\/03\\\/visite-du-president-du-rwanda-en-algerie-une-totale-convergence-de-vues\\\/#breadcrumb\",\"itemListElement\":[{\"@type\":\"ListItem\",\"position\":1,\"name\":\"Accueil\",\"item\":\"https:\\\/\\\/lasentinelle.dz\\\/\"},{\"@type\":\"ListItem\",\"position\":2,\"name\":\"Visite du pr\u00e9sident du Rwanda en Alg\u00e9rie : Une totale convergence de vues\"}]},{\"@type\":\"WebSite\",\"@id\":\"https:\\\/\\\/lasentinelle.dz\\\/#website\",\"url\":\"https:\\\/\\\/lasentinelle.dz\\\/\",\"name\":\"La Sentinelle\",\"description\":\"Quotidien national d&#039;information\",\"publisher\":{\"@id\":\"https:\\\/\\\/lasentinelle.dz\\\/#organization\"},\"potentialAction\":[{\"@type\":\"SearchAction\",\"target\":{\"@type\":\"EntryPoint\",\"urlTemplate\":\"https:\\\/\\\/lasentinelle.dz\\\/?s={search_term_string}\"},\"query-input\":{\"@type\":\"PropertyValueSpecification\",\"valueRequired\":true,\"valueName\":\"search_term_string\"}}],\"inLanguage\":\"fr-FR\"},{\"@type\":\"Organization\",\"@id\":\"https:\\\/\\\/lasentinelle.dz\\\/#organization\",\"name\":\"Quotidien La Sentinelle\",\"url\":\"https:\\\/\\\/lasentinelle.dz\\\/\",\"logo\":{\"@type\":\"ImageObject\",\"inLanguage\":\"fr-FR\",\"@id\":\"https:\\\/\\\/lasentinelle.dz\\\/#\\\/schema\\\/logo\\\/image\\\/\",\"url\":\"https:\\\/\\\/lasentinelle.dz\\\/wp-content\\\/uploads\\\/2021\\\/09\\\/logo-sentinelleSLOGAN-1.png\",\"contentUrl\":\"https:\\\/\\\/lasentinelle.dz\\\/wp-content\\\/uploads\\\/2021\\\/09\\\/logo-sentinelleSLOGAN-1.png\",\"width\":615,\"height\":142,\"caption\":\"Quotidien La Sentinelle\"},\"image\":{\"@id\":\"https:\\\/\\\/lasentinelle.dz\\\/#\\\/schema\\\/logo\\\/image\\\/\"},\"sameAs\":[\"https:\\\/\\\/www.facebook.com\\\/La-Sentinelle-104059864394773\"]},{\"@type\":\"Person\",\"@id\":\"https:\\\/\\\/lasentinelle.dz\\\/#\\\/schema\\\/person\\\/729ee0024f24e0b8c5ec17232f8e8b41\",\"name\":\"admin\",\"image\":{\"@type\":\"ImageObject\",\"inLanguage\":\"fr-FR\",\"@id\":\"https:\\\/\\\/secure.gravatar.com\\\/avatar\\\/4c81fed838786e9b53f540bf46533e750f5d292099ae3b66cfc6fb1982e29df7?s=96&d=mm&r=g\",\"url\":\"https:\\\/\\\/secure.gravatar.com\\\/avatar\\\/4c81fed838786e9b53f540bf46533e750f5d292099ae3b66cfc6fb1982e29df7?s=96&d=mm&r=g\",\"contentUrl\":\"https:\\\/\\\/secure.gravatar.com\\\/avatar\\\/4c81fed838786e9b53f540bf46533e750f5d292099ae3b66cfc6fb1982e29df7?s=96&d=mm&r=g\",\"caption\":\"admin\"},\"description\":\"admin\",\"url\":\"https:\\\/\\\/lasentinelle.dz\\\/author\\\/admin\\\/\"}]}<\/script>\n<!-- \/ Yoast SEO plugin. -->","yoast_head_json":{"title":"Visite du pr\u00e9sident du Rwanda en Alg\u00e9rie : Une totale convergence de vues - La Sentinelle","robots":{"index":"index","follow":"follow","max-snippet":"max-snippet:-1","max-image-preview":"max-image-preview:large","max-video-preview":"max-video-preview:-1"},"canonical":"https:\/\/lasentinelle.dz\/index.php\/2025\/06\/03\/visite-du-president-du-rwanda-en-algerie-une-totale-convergence-de-vues\/","og_locale":"fr_FR","og_type":"article","og_title":"Visite du pr\u00e9sident du Rwanda en Alg\u00e9rie : Une totale convergence de vues - La Sentinelle","og_description":"Dans un contexte g\u00e9opolitique africain marqu\u00e9 par de multiples d\u00e9fis s\u00e9curitaires et \u00e9conomiques, la visite officielle du pr\u00e9sident rwandais Paul","og_url":"https:\/\/lasentinelle.dz\/index.php\/2025\/06\/03\/visite-du-president-du-rwanda-en-algerie-une-totale-convergence-de-vues\/","og_site_name":"La Sentinelle","article_publisher":"https:\/\/www.facebook.com\/La-Sentinelle-104059864394773","article_published_time":"2025-06-03T22:16:12+00:00","article_modified_time":"2025-06-03T22:16:13+00:00","og_image":[{"width":1255,"height":698,"url":"https:\/\/lasentinelle.dz\/wp-content\/uploads\/2025\/06\/Tebboune-Kagame.jpg","type":"image\/jpeg"}],"author":"admin","twitter_card":"summary_large_image","twitter_misc":{"\u00c9crit par":"admin","Dur\u00e9e de lecture estim\u00e9e":"6 minutes"},"schema":{"@context":"https:\/\/schema.org","@graph":[{"@type":"Article","@id":"https:\/\/lasentinelle.dz\/index.php\/2025\/06\/03\/visite-du-president-du-rwanda-en-algerie-une-totale-convergence-de-vues\/#article","isPartOf":{"@id":"https:\/\/lasentinelle.dz\/index.php\/2025\/06\/03\/visite-du-president-du-rwanda-en-algerie-une-totale-convergence-de-vues\/"},"author":{"name":"admin","@id":"https:\/\/lasentinelle.dz\/#\/schema\/person\/729ee0024f24e0b8c5ec17232f8e8b41"},"headline":"Visite du pr\u00e9sident du Rwanda en Alg\u00e9rie : Une totale convergence de vues","datePublished":"2025-06-03T22:16:12+00:00","dateModified":"2025-06-03T22:16:13+00:00","mainEntityOfPage":{"@id":"https:\/\/lasentinelle.dz\/index.php\/2025\/06\/03\/visite-du-president-du-rwanda-en-algerie-une-totale-convergence-de-vues\/"},"wordCount":1220,"commentCount":0,"publisher":{"@id":"https:\/\/lasentinelle.dz\/#organization"},"image":{"@id":"https:\/\/lasentinelle.dz\/index.php\/2025\/06\/03\/visite-du-president-du-rwanda-en-algerie-une-totale-convergence-de-vues\/#primaryimage"},"thumbnailUrl":"https:\/\/lasentinelle.dz\/wp-content\/uploads\/2025\/06\/Tebboune-Kagame.jpg","articleSection":["\u00c0 la Une","Actualit\u00e9"],"inLanguage":"fr-FR","potentialAction":[{"@type":"CommentAction","name":"Comment","target":["https:\/\/lasentinelle.dz\/index.php\/2025\/06\/03\/visite-du-president-du-rwanda-en-algerie-une-totale-convergence-de-vues\/#respond"]}]},{"@type":"WebPage","@id":"https:\/\/lasentinelle.dz\/index.php\/2025\/06\/03\/visite-du-president-du-rwanda-en-algerie-une-totale-convergence-de-vues\/","url":"https:\/\/lasentinelle.dz\/index.php\/2025\/06\/03\/visite-du-president-du-rwanda-en-algerie-une-totale-convergence-de-vues\/","name":"Visite du pr\u00e9sident du Rwanda en Alg\u00e9rie : Une totale convergence de vues - La Sentinelle","isPartOf":{"@id":"https:\/\/lasentinelle.dz\/#website"},"primaryImageOfPage":{"@id":"https:\/\/lasentinelle.dz\/index.php\/2025\/06\/03\/visite-du-president-du-rwanda-en-algerie-une-totale-convergence-de-vues\/#primaryimage"},"image":{"@id":"https:\/\/lasentinelle.dz\/index.php\/2025\/06\/03\/visite-du-president-du-rwanda-en-algerie-une-totale-convergence-de-vues\/#primaryimage"},"thumbnailUrl":"https:\/\/lasentinelle.dz\/wp-content\/uploads\/2025\/06\/Tebboune-Kagame.jpg","datePublished":"2025-06-03T22:16:12+00:00","dateModified":"2025-06-03T22:16:13+00:00","breadcrumb":{"@id":"https:\/\/lasentinelle.dz\/index.php\/2025\/06\/03\/visite-du-president-du-rwanda-en-algerie-une-totale-convergence-de-vues\/#breadcrumb"},"inLanguage":"fr-FR","potentialAction":[{"@type":"ReadAction","target":["https:\/\/lasentinelle.dz\/index.php\/2025\/06\/03\/visite-du-president-du-rwanda-en-algerie-une-totale-convergence-de-vues\/"]}]},{"@type":"ImageObject","inLanguage":"fr-FR","@id":"https:\/\/lasentinelle.dz\/index.php\/2025\/06\/03\/visite-du-president-du-rwanda-en-algerie-une-totale-convergence-de-vues\/#primaryimage","url":"https:\/\/lasentinelle.dz\/wp-content\/uploads\/2025\/06\/Tebboune-Kagame.jpg","contentUrl":"https:\/\/lasentinelle.dz\/wp-content\/uploads\/2025\/06\/Tebboune-Kagame.jpg","width":1255,"height":698},{"@type":"BreadcrumbList","@id":"https:\/\/lasentinelle.dz\/index.php\/2025\/06\/03\/visite-du-president-du-rwanda-en-algerie-une-totale-convergence-de-vues\/#breadcrumb","itemListElement":[{"@type":"ListItem","position":1,"name":"Accueil","item":"https:\/\/lasentinelle.dz\/"},{"@type":"ListItem","position":2,"name":"Visite du pr\u00e9sident du Rwanda en Alg\u00e9rie : Une totale convergence de vues"}]},{"@type":"WebSite","@id":"https:\/\/lasentinelle.dz\/#website","url":"https:\/\/lasentinelle.dz\/","name":"La Sentinelle","description":"Quotidien national d&#039;information","publisher":{"@id":"https:\/\/lasentinelle.dz\/#organization"},"potentialAction":[{"@type":"SearchAction","target":{"@type":"EntryPoint","urlTemplate":"https:\/\/lasentinelle.dz\/?s={search_term_string}"},"query-input":{"@type":"PropertyValueSpecification","valueRequired":true,"valueName":"search_term_string"}}],"inLanguage":"fr-FR"},{"@type":"Organization","@id":"https:\/\/lasentinelle.dz\/#organization","name":"Quotidien La Sentinelle","url":"https:\/\/lasentinelle.dz\/","logo":{"@type":"ImageObject","inLanguage":"fr-FR","@id":"https:\/\/lasentinelle.dz\/#\/schema\/logo\/image\/","url":"https:\/\/lasentinelle.dz\/wp-content\/uploads\/2021\/09\/logo-sentinelleSLOGAN-1.png","contentUrl":"https:\/\/lasentinelle.dz\/wp-content\/uploads\/2021\/09\/logo-sentinelleSLOGAN-1.png","width":615,"height":142,"caption":"Quotidien La Sentinelle"},"image":{"@id":"https:\/\/lasentinelle.dz\/#\/schema\/logo\/image\/"},"sameAs":["https:\/\/www.facebook.com\/La-Sentinelle-104059864394773"]},{"@type":"Person","@id":"https:\/\/lasentinelle.dz\/#\/schema\/person\/729ee0024f24e0b8c5ec17232f8e8b41","name":"admin","image":{"@type":"ImageObject","inLanguage":"fr-FR","@id":"https:\/\/secure.gravatar.com\/avatar\/4c81fed838786e9b53f540bf46533e750f5d292099ae3b66cfc6fb1982e29df7?s=96&d=mm&r=g","url":"https:\/\/secure.gravatar.com\/avatar\/4c81fed838786e9b53f540bf46533e750f5d292099ae3b66cfc6fb1982e29df7?s=96&d=mm&r=g","contentUrl":"https:\/\/secure.gravatar.com\/avatar\/4c81fed838786e9b53f540bf46533e750f5d292099ae3b66cfc6fb1982e29df7?s=96&d=mm&r=g","caption":"admin"},"description":"admin","url":"https:\/\/lasentinelle.dz\/author\/admin\/"}]}},"_links":{"self":[{"href":"https:\/\/lasentinelle.dz\/index.php\/wp-json\/wp\/v2\/posts\/68477","targetHints":{"allow":["GET"]}}],"collection":[{"href":"https:\/\/lasentinelle.dz\/index.php\/wp-json\/wp\/v2\/posts"}],"about":[{"href":"https:\/\/lasentinelle.dz\/index.php\/wp-json\/wp\/v2\/types\/post"}],"author":[{"embeddable":true,"href":"https:\/\/lasentinelle.dz\/index.php\/wp-json\/wp\/v2\/users\/6"}],"replies":[{"embeddable":true,"href":"https:\/\/lasentinelle.dz\/index.php\/wp-json\/wp\/v2\/comments?post=68477"}],"version-history":[{"count":1,"href":"https:\/\/lasentinelle.dz\/index.php\/wp-json\/wp\/v2\/posts\/68477\/revisions"}],"predecessor-version":[{"id":68479,"href":"https:\/\/lasentinelle.dz\/index.php\/wp-json\/wp\/v2\/posts\/68477\/revisions\/68479"}],"wp:featuredmedia":[{"embeddable":true,"href":"https:\/\/lasentinelle.dz\/index.php\/wp-json\/wp\/v2\/media\/68478"}],"wp:attachment":[{"href":"https:\/\/lasentinelle.dz\/index.php\/wp-json\/wp\/v2\/media?parent=68477"}],"wp:term":[{"taxonomy":"category","embeddable":true,"href":"https:\/\/lasentinelle.dz\/index.php\/wp-json\/wp\/v2\/categories?post=68477"},{"taxonomy":"post_tag","embeddable":true,"href":"https:\/\/lasentinelle.dz\/index.php\/wp-json\/wp\/v2\/tags?post=68477"}],"curies":[{"name":"wp","href":"https:\/\/api.w.org\/{rel}","templated":true}]}}