{"id":68483,"date":"2025-06-04T22:02:45","date_gmt":"2025-06-04T21:02:45","guid":{"rendered":"https:\/\/lasentinelle.dz\/?p=68483"},"modified":"2025-06-04T22:02:46","modified_gmt":"2025-06-04T21:02:46","slug":"un-marin-turc-sauve-par-les-gardes-cotes-au-large-de-jijel-un-engagement-humanitaire-reaffirme","status":"publish","type":"post","link":"https:\/\/lasentinelle.dz\/index.php\/2025\/06\/04\/un-marin-turc-sauve-par-les-gardes-cotes-au-large-de-jijel-un-engagement-humanitaire-reaffirme\/","title":{"rendered":"Un marin turc sauv\u00e9 par les gardes c\u00f4tes au large de Jijel: Un engagement humanitaire r\u00e9affirm\u00e9"},"content":{"rendered":"\n<p>Les forces navales nationales ont une nouvelle fois d\u00e9montr\u00e9 leur d\u00e9vouement aux missions humanitaires en proc\u00e9dant mardi soir au sauvetage d&rsquo;un marin turc en d\u00e9tresse au large des c\u00f4tes de Jijel. Cette op\u00e9ration d&rsquo;\u00e9vacuation sanitaire d&rsquo;urgence t\u00e9moigne de l&rsquo;engagement constant de l&rsquo;Arm\u00e9e nationale populaire dans la pr\u00e9servation des vies humaines en M\u00e9diterran\u00e9e, quelle que soit la nationalit\u00e9 des personnes en danger. Selon le communiqu\u00e9 du minist\u00e8re de la D\u00e9fense nationale publi\u00e9 mercredi, \u00ab\u00a0dans le cadre des missions et des efforts humanitaires des unit\u00e9s des Garde-c\u00f4tes du Commandement des Forces navales, relatifs au sauvetage des vies humaines en mer\u00a0\u00bb, l&rsquo;intervention a \u00e9t\u00e9 d\u00e9clench\u00e9e suite \u00e0 \u00ab\u00a0la r\u00e9ception par le Centre national des op\u00e9rations de surveillance et de sauvetage en mer du service national des Garde-c\u00f4tes du Commandement des Forces navales, hier mardi 3 juin 2025 \u00e0 22h47, d&rsquo;une demande d&rsquo;\u00e9vacuation sanitaire d&rsquo;urgence, concernant un marin de nationalit\u00e9 turque membre de l&rsquo;\u00e9quipage du navire p\u00e9trolier battant pavillon de Malte, en provenance de la Libye vers la Belgique \u00e0 28 milles nautiques au nord d&rsquo;El Aouana (Jijel)\u00a0\u00bb. La r\u00e9activit\u00e9 des forces alg\u00e9riennes s&rsquo;est traduite par une mobilisation imm\u00e9diate des moyens nautiques et a\u00e9riens. \u00ab\u00a0Imm\u00e9diatement et en coordination avec le Centre r\u00e9gional des op\u00e9rations de surveillance et de sauvetage en mer (Jijel en 5e R\u00e9gion militaire), une op\u00e9ration d&rsquo;\u00e9vacuation sanitaire en mer a \u00e9t\u00e9 d\u00e9clench\u00e9e \u00e0 travers l&rsquo;engagement de l&rsquo;h\u00e9licopt\u00e8re de recherche et de sauvetage +AS-16+ relevant du 560e Escadron des h\u00e9licopt\u00e8res de recherche et de sauvetage\u00a0\u00bb, pr\u00e9cise le minist\u00e8re. Le marin bless\u00e9 \u00ab\u00a0a \u00e9t\u00e9 imm\u00e9diatement \u00e9vacu\u00e9 vers l&rsquo;a\u00e9roport de Tahir (Jijel) et transf\u00e9r\u00e9 par les agents de la Protection civile \u00e0 l&rsquo;h\u00f4pital de Tahir pour recevoir les soins n\u00e9cessaires\u00a0\u00bb. Cette intervention s&rsquo;inscrit dans la continuit\u00e9 des actions humanitaires men\u00e9es par l&rsquo;ANP en M\u00e9diterran\u00e9e, zone o\u00f9 les forces navales interviennent r\u00e9guli\u00e8rement pour porter secours aux navigateurs en d\u00e9tresse. Le minist\u00e8re de la D\u00e9fense souligne que \u00ab\u00a0cette op\u00e9ration s&rsquo;inscrit dans le cadre des missions humanitaires des unit\u00e9s des Garde-c\u00f4tes du Commandement des Forces navales, refl\u00e9tant les efforts d\u00e9ploy\u00e9s et leur engagement constant \u00e0 intervenir pour sauver des vies humaines en mer, quelles que soient les circonstances\u00a0\u00bb. Cette mission de sauvetage illustre parfaitement la doctrine humanitaire de l&rsquo;Arm\u00e9e nationale populaire qui place la sauvegarde des vies humaines au c\u0153ur de ses pr\u00e9occupations op\u00e9rationnelles, confirmant ainsi le r\u00f4le stabilisateur de l&rsquo;Alg\u00e9rie dans l&rsquo;espace m\u00e9diterran\u00e9en.<\/p>\n\n\n\n<p>Chokri Hafed<\/p>\n","protected":false},"excerpt":{"rendered":"<p>Les forces navales nationales ont une nouvelle fois d\u00e9montr\u00e9 leur d\u00e9vouement aux missions humanitaires en proc\u00e9dant mardi soir au sauvetage<\/p>\n","protected":false},"author":6,"featured_media":68484,"comment_status":"open","ping_status":"closed","sticky":false,"template":"","format":"standard","meta":{"colormag_page_container_layout":"default_layout","colormag_page_sidebar_layout":"default_layout","om_disable_all_campaigns":false,"_monsterinsights_skip_tracking":false,"_monsterinsights_sitenote_active":false,"_monsterinsights_sitenote_note":"","_monsterinsights_sitenote_category":0,"footnotes":"","_wpscppro_dont_share_socialmedia":false,"_wpscppro_custom_social_share_image":0,"_facebook_share_type":"default","_twitter_share_type":"default","_linkedin_share_type":"default","_pinterest_share_type":"default","_linkedin_share_type_page":"","_instagram_share_type":"default","_medium_share_type":"default","_threads_share_type":"","_google_business_share_type":"","_selected_social_profile":[],"_wpsp_enable_custom_social_template":false,"_wpsp_social_scheduling":{"enabled":false,"datetime":null,"platforms":[],"status":"template_only","dateOption":"today","timeOption":"now","customDays":"","customHours":"","customDate":"","customTime":"","schedulingType":"absolute"},"_wpsp_active_default_template":true},"categories":[27],"tags":[],"class_list":["post-68483","post","type-post","status-publish","format-standard","has-post-thumbnail","hentry","category-actualite"],"aioseo_notices":[],"yoast_head":"<!-- This site is optimized with the Yoast SEO plugin v27.5 - https:\/\/yoast.com\/product\/yoast-seo-wordpress\/ -->\n<title>Un marin turc sauv\u00e9 par les gardes c\u00f4tes au large de Jijel: Un engagement humanitaire r\u00e9affirm\u00e9 - La Sentinelle<\/title>\n<meta name=\"robots\" content=\"index, follow, max-snippet:-1, max-image-preview:large, max-video-preview:-1\" \/>\n<link rel=\"canonical\" href=\"https:\/\/lasentinelle.dz\/index.php\/2025\/06\/04\/un-marin-turc-sauve-par-les-gardes-cotes-au-large-de-jijel-un-engagement-humanitaire-reaffirme\/\" \/>\n<meta property=\"og:locale\" content=\"fr_FR\" \/>\n<meta property=\"og:type\" content=\"article\" \/>\n<meta property=\"og:title\" content=\"Un marin turc sauv\u00e9 par les gardes c\u00f4tes au large de Jijel: Un engagement humanitaire r\u00e9affirm\u00e9 - La Sentinelle\" \/>\n<meta property=\"og:description\" content=\"Les forces navales nationales ont une nouvelle fois d\u00e9montr\u00e9 leur d\u00e9vouement aux missions humanitaires en proc\u00e9dant mardi soir au sauvetage\" \/>\n<meta property=\"og:url\" content=\"https:\/\/lasentinelle.dz\/index.php\/2025\/06\/04\/un-marin-turc-sauve-par-les-gardes-cotes-au-large-de-jijel-un-engagement-humanitaire-reaffirme\/\" \/>\n<meta property=\"og:site_name\" content=\"La Sentinelle\" \/>\n<meta property=\"article:publisher\" content=\"https:\/\/www.facebook.com\/La-Sentinelle-104059864394773\" \/>\n<meta property=\"article:published_time\" content=\"2025-06-04T21:02:45+00:00\" \/>\n<meta property=\"article:modified_time\" content=\"2025-06-04T21:02:46+00:00\" \/>\n<meta property=\"og:image\" content=\"https:\/\/lasentinelle.dz\/wp-content\/uploads\/2025\/06\/04.jpg\" \/>\n\t<meta property=\"og:image:width\" content=\"1800\" \/>\n\t<meta property=\"og:image:height\" content=\"1200\" \/>\n\t<meta property=\"og:image:type\" content=\"image\/jpeg\" \/>\n<meta name=\"author\" content=\"admin\" \/>\n<meta name=\"twitter:card\" content=\"summary_large_image\" \/>\n<meta name=\"twitter:label1\" content=\"\u00c9crit par\" \/>\n\t<meta name=\"twitter:data1\" content=\"admin\" \/>\n\t<meta name=\"twitter:label2\" content=\"Dur\u00e9e de lecture estim\u00e9e\" \/>\n\t<meta name=\"twitter:data2\" content=\"3 minutes\" \/>\n<script type=\"application\/ld+json\" class=\"yoast-schema-graph\">{\"@context\":\"https:\\\/\\\/schema.org\",\"@graph\":[{\"@type\":\"Article\",\"@id\":\"https:\\\/\\\/lasentinelle.dz\\\/index.php\\\/2025\\\/06\\\/04\\\/un-marin-turc-sauve-par-les-gardes-cotes-au-large-de-jijel-un-engagement-humanitaire-reaffirme\\\/#article\",\"isPartOf\":{\"@id\":\"https:\\\/\\\/lasentinelle.dz\\\/index.php\\\/2025\\\/06\\\/04\\\/un-marin-turc-sauve-par-les-gardes-cotes-au-large-de-jijel-un-engagement-humanitaire-reaffirme\\\/\"},\"author\":{\"name\":\"admin\",\"@id\":\"https:\\\/\\\/lasentinelle.dz\\\/#\\\/schema\\\/person\\\/729ee0024f24e0b8c5ec17232f8e8b41\"},\"headline\":\"Un marin turc sauv\u00e9 par les gardes c\u00f4tes au large de Jijel: Un engagement humanitaire r\u00e9affirm\u00e9\",\"datePublished\":\"2025-06-04T21:02:45+00:00\",\"dateModified\":\"2025-06-04T21:02:46+00:00\",\"mainEntityOfPage\":{\"@id\":\"https:\\\/\\\/lasentinelle.dz\\\/index.php\\\/2025\\\/06\\\/04\\\/un-marin-turc-sauve-par-les-gardes-cotes-au-large-de-jijel-un-engagement-humanitaire-reaffirme\\\/\"},\"wordCount\":486,\"commentCount\":0,\"publisher\":{\"@id\":\"https:\\\/\\\/lasentinelle.dz\\\/#organization\"},\"image\":{\"@id\":\"https:\\\/\\\/lasentinelle.dz\\\/index.php\\\/2025\\\/06\\\/04\\\/un-marin-turc-sauve-par-les-gardes-cotes-au-large-de-jijel-un-engagement-humanitaire-reaffirme\\\/#primaryimage\"},\"thumbnailUrl\":\"https:\\\/\\\/lasentinelle.dz\\\/wp-content\\\/uploads\\\/2025\\\/06\\\/04.jpg\",\"articleSection\":[\"Actualit\u00e9\"],\"inLanguage\":\"fr-FR\",\"potentialAction\":[{\"@type\":\"CommentAction\",\"name\":\"Comment\",\"target\":[\"https:\\\/\\\/lasentinelle.dz\\\/index.php\\\/2025\\\/06\\\/04\\\/un-marin-turc-sauve-par-les-gardes-cotes-au-large-de-jijel-un-engagement-humanitaire-reaffirme\\\/#respond\"]}]},{\"@type\":\"WebPage\",\"@id\":\"https:\\\/\\\/lasentinelle.dz\\\/index.php\\\/2025\\\/06\\\/04\\\/un-marin-turc-sauve-par-les-gardes-cotes-au-large-de-jijel-un-engagement-humanitaire-reaffirme\\\/\",\"url\":\"https:\\\/\\\/lasentinelle.dz\\\/index.php\\\/2025\\\/06\\\/04\\\/un-marin-turc-sauve-par-les-gardes-cotes-au-large-de-jijel-un-engagement-humanitaire-reaffirme\\\/\",\"name\":\"Un marin turc sauv\u00e9 par les gardes c\u00f4tes au large de Jijel: Un engagement humanitaire r\u00e9affirm\u00e9 - La Sentinelle\",\"isPartOf\":{\"@id\":\"https:\\\/\\\/lasentinelle.dz\\\/#website\"},\"primaryImageOfPage\":{\"@id\":\"https:\\\/\\\/lasentinelle.dz\\\/index.php\\\/2025\\\/06\\\/04\\\/un-marin-turc-sauve-par-les-gardes-cotes-au-large-de-jijel-un-engagement-humanitaire-reaffirme\\\/#primaryimage\"},\"image\":{\"@id\":\"https:\\\/\\\/lasentinelle.dz\\\/index.php\\\/2025\\\/06\\\/04\\\/un-marin-turc-sauve-par-les-gardes-cotes-au-large-de-jijel-un-engagement-humanitaire-reaffirme\\\/#primaryimage\"},\"thumbnailUrl\":\"https:\\\/\\\/lasentinelle.dz\\\/wp-content\\\/uploads\\\/2025\\\/06\\\/04.jpg\",\"datePublished\":\"2025-06-04T21:02:45+00:00\",\"dateModified\":\"2025-06-04T21:02:46+00:00\",\"breadcrumb\":{\"@id\":\"https:\\\/\\\/lasentinelle.dz\\\/index.php\\\/2025\\\/06\\\/04\\\/un-marin-turc-sauve-par-les-gardes-cotes-au-large-de-jijel-un-engagement-humanitaire-reaffirme\\\/#breadcrumb\"},\"inLanguage\":\"fr-FR\",\"potentialAction\":[{\"@type\":\"ReadAction\",\"target\":[\"https:\\\/\\\/lasentinelle.dz\\\/index.php\\\/2025\\\/06\\\/04\\\/un-marin-turc-sauve-par-les-gardes-cotes-au-large-de-jijel-un-engagement-humanitaire-reaffirme\\\/\"]}]},{\"@type\":\"ImageObject\",\"inLanguage\":\"fr-FR\",\"@id\":\"https:\\\/\\\/lasentinelle.dz\\\/index.php\\\/2025\\\/06\\\/04\\\/un-marin-turc-sauve-par-les-gardes-cotes-au-large-de-jijel-un-engagement-humanitaire-reaffirme\\\/#primaryimage\",\"url\":\"https:\\\/\\\/lasentinelle.dz\\\/wp-content\\\/uploads\\\/2025\\\/06\\\/04.jpg\",\"contentUrl\":\"https:\\\/\\\/lasentinelle.dz\\\/wp-content\\\/uploads\\\/2025\\\/06\\\/04.jpg\",\"width\":1800,\"height\":1200},{\"@type\":\"BreadcrumbList\",\"@id\":\"https:\\\/\\\/lasentinelle.dz\\\/index.php\\\/2025\\\/06\\\/04\\\/un-marin-turc-sauve-par-les-gardes-cotes-au-large-de-jijel-un-engagement-humanitaire-reaffirme\\\/#breadcrumb\",\"itemListElement\":[{\"@type\":\"ListItem\",\"position\":1,\"name\":\"Accueil\",\"item\":\"https:\\\/\\\/lasentinelle.dz\\\/\"},{\"@type\":\"ListItem\",\"position\":2,\"name\":\"Un marin turc sauv\u00e9 par les gardes c\u00f4tes au large de Jijel: Un engagement humanitaire r\u00e9affirm\u00e9\"}]},{\"@type\":\"WebSite\",\"@id\":\"https:\\\/\\\/lasentinelle.dz\\\/#website\",\"url\":\"https:\\\/\\\/lasentinelle.dz\\\/\",\"name\":\"La Sentinelle\",\"description\":\"Quotidien national d&#039;information\",\"publisher\":{\"@id\":\"https:\\\/\\\/lasentinelle.dz\\\/#organization\"},\"potentialAction\":[{\"@type\":\"SearchAction\",\"target\":{\"@type\":\"EntryPoint\",\"urlTemplate\":\"https:\\\/\\\/lasentinelle.dz\\\/?s={search_term_string}\"},\"query-input\":{\"@type\":\"PropertyValueSpecification\",\"valueRequired\":true,\"valueName\":\"search_term_string\"}}],\"inLanguage\":\"fr-FR\"},{\"@type\":\"Organization\",\"@id\":\"https:\\\/\\\/lasentinelle.dz\\\/#organization\",\"name\":\"Quotidien La Sentinelle\",\"url\":\"https:\\\/\\\/lasentinelle.dz\\\/\",\"logo\":{\"@type\":\"ImageObject\",\"inLanguage\":\"fr-FR\",\"@id\":\"https:\\\/\\\/lasentinelle.dz\\\/#\\\/schema\\\/logo\\\/image\\\/\",\"url\":\"https:\\\/\\\/lasentinelle.dz\\\/wp-content\\\/uploads\\\/2021\\\/09\\\/logo-sentinelleSLOGAN-1.png\",\"contentUrl\":\"https:\\\/\\\/lasentinelle.dz\\\/wp-content\\\/uploads\\\/2021\\\/09\\\/logo-sentinelleSLOGAN-1.png\",\"width\":615,\"height\":142,\"caption\":\"Quotidien La Sentinelle\"},\"image\":{\"@id\":\"https:\\\/\\\/lasentinelle.dz\\\/#\\\/schema\\\/logo\\\/image\\\/\"},\"sameAs\":[\"https:\\\/\\\/www.facebook.com\\\/La-Sentinelle-104059864394773\"]},{\"@type\":\"Person\",\"@id\":\"https:\\\/\\\/lasentinelle.dz\\\/#\\\/schema\\\/person\\\/729ee0024f24e0b8c5ec17232f8e8b41\",\"name\":\"admin\",\"image\":{\"@type\":\"ImageObject\",\"inLanguage\":\"fr-FR\",\"@id\":\"https:\\\/\\\/secure.gravatar.com\\\/avatar\\\/4c81fed838786e9b53f540bf46533e750f5d292099ae3b66cfc6fb1982e29df7?s=96&d=mm&r=g\",\"url\":\"https:\\\/\\\/secure.gravatar.com\\\/avatar\\\/4c81fed838786e9b53f540bf46533e750f5d292099ae3b66cfc6fb1982e29df7?s=96&d=mm&r=g\",\"contentUrl\":\"https:\\\/\\\/secure.gravatar.com\\\/avatar\\\/4c81fed838786e9b53f540bf46533e750f5d292099ae3b66cfc6fb1982e29df7?s=96&d=mm&r=g\",\"caption\":\"admin\"},\"description\":\"admin\",\"url\":\"https:\\\/\\\/lasentinelle.dz\\\/author\\\/admin\\\/\"}]}<\/script>\n<!-- \/ Yoast SEO plugin. -->","yoast_head_json":{"title":"Un marin turc sauv\u00e9 par les gardes c\u00f4tes au large de Jijel: Un engagement humanitaire r\u00e9affirm\u00e9 - La Sentinelle","robots":{"index":"index","follow":"follow","max-snippet":"max-snippet:-1","max-image-preview":"max-image-preview:large","max-video-preview":"max-video-preview:-1"},"canonical":"https:\/\/lasentinelle.dz\/index.php\/2025\/06\/04\/un-marin-turc-sauve-par-les-gardes-cotes-au-large-de-jijel-un-engagement-humanitaire-reaffirme\/","og_locale":"fr_FR","og_type":"article","og_title":"Un marin turc sauv\u00e9 par les gardes c\u00f4tes au large de Jijel: Un engagement humanitaire r\u00e9affirm\u00e9 - La Sentinelle","og_description":"Les forces navales nationales ont une nouvelle fois d\u00e9montr\u00e9 leur d\u00e9vouement aux missions humanitaires en proc\u00e9dant mardi soir au sauvetage","og_url":"https:\/\/lasentinelle.dz\/index.php\/2025\/06\/04\/un-marin-turc-sauve-par-les-gardes-cotes-au-large-de-jijel-un-engagement-humanitaire-reaffirme\/","og_site_name":"La Sentinelle","article_publisher":"https:\/\/www.facebook.com\/La-Sentinelle-104059864394773","article_published_time":"2025-06-04T21:02:45+00:00","article_modified_time":"2025-06-04T21:02:46+00:00","og_image":[{"width":1800,"height":1200,"url":"https:\/\/lasentinelle.dz\/wp-content\/uploads\/2025\/06\/04.jpg","type":"image\/jpeg"}],"author":"admin","twitter_card":"summary_large_image","twitter_misc":{"\u00c9crit par":"admin","Dur\u00e9e de lecture estim\u00e9e":"3 minutes"},"schema":{"@context":"https:\/\/schema.org","@graph":[{"@type":"Article","@id":"https:\/\/lasentinelle.dz\/index.php\/2025\/06\/04\/un-marin-turc-sauve-par-les-gardes-cotes-au-large-de-jijel-un-engagement-humanitaire-reaffirme\/#article","isPartOf":{"@id":"https:\/\/lasentinelle.dz\/index.php\/2025\/06\/04\/un-marin-turc-sauve-par-les-gardes-cotes-au-large-de-jijel-un-engagement-humanitaire-reaffirme\/"},"author":{"name":"admin","@id":"https:\/\/lasentinelle.dz\/#\/schema\/person\/729ee0024f24e0b8c5ec17232f8e8b41"},"headline":"Un marin turc sauv\u00e9 par les gardes c\u00f4tes au large de Jijel: Un engagement humanitaire r\u00e9affirm\u00e9","datePublished":"2025-06-04T21:02:45+00:00","dateModified":"2025-06-04T21:02:46+00:00","mainEntityOfPage":{"@id":"https:\/\/lasentinelle.dz\/index.php\/2025\/06\/04\/un-marin-turc-sauve-par-les-gardes-cotes-au-large-de-jijel-un-engagement-humanitaire-reaffirme\/"},"wordCount":486,"commentCount":0,"publisher":{"@id":"https:\/\/lasentinelle.dz\/#organization"},"image":{"@id":"https:\/\/lasentinelle.dz\/index.php\/2025\/06\/04\/un-marin-turc-sauve-par-les-gardes-cotes-au-large-de-jijel-un-engagement-humanitaire-reaffirme\/#primaryimage"},"thumbnailUrl":"https:\/\/lasentinelle.dz\/wp-content\/uploads\/2025\/06\/04.jpg","articleSection":["Actualit\u00e9"],"inLanguage":"fr-FR","potentialAction":[{"@type":"CommentAction","name":"Comment","target":["https:\/\/lasentinelle.dz\/index.php\/2025\/06\/04\/un-marin-turc-sauve-par-les-gardes-cotes-au-large-de-jijel-un-engagement-humanitaire-reaffirme\/#respond"]}]},{"@type":"WebPage","@id":"https:\/\/lasentinelle.dz\/index.php\/2025\/06\/04\/un-marin-turc-sauve-par-les-gardes-cotes-au-large-de-jijel-un-engagement-humanitaire-reaffirme\/","url":"https:\/\/lasentinelle.dz\/index.php\/2025\/06\/04\/un-marin-turc-sauve-par-les-gardes-cotes-au-large-de-jijel-un-engagement-humanitaire-reaffirme\/","name":"Un marin turc sauv\u00e9 par les gardes c\u00f4tes au large de Jijel: Un engagement humanitaire r\u00e9affirm\u00e9 - La Sentinelle","isPartOf":{"@id":"https:\/\/lasentinelle.dz\/#website"},"primaryImageOfPage":{"@id":"https:\/\/lasentinelle.dz\/index.php\/2025\/06\/04\/un-marin-turc-sauve-par-les-gardes-cotes-au-large-de-jijel-un-engagement-humanitaire-reaffirme\/#primaryimage"},"image":{"@id":"https:\/\/lasentinelle.dz\/index.php\/2025\/06\/04\/un-marin-turc-sauve-par-les-gardes-cotes-au-large-de-jijel-un-engagement-humanitaire-reaffirme\/#primaryimage"},"thumbnailUrl":"https:\/\/lasentinelle.dz\/wp-content\/uploads\/2025\/06\/04.jpg","datePublished":"2025-06-04T21:02:45+00:00","dateModified":"2025-06-04T21:02:46+00:00","breadcrumb":{"@id":"https:\/\/lasentinelle.dz\/index.php\/2025\/06\/04\/un-marin-turc-sauve-par-les-gardes-cotes-au-large-de-jijel-un-engagement-humanitaire-reaffirme\/#breadcrumb"},"inLanguage":"fr-FR","potentialAction":[{"@type":"ReadAction","target":["https:\/\/lasentinelle.dz\/index.php\/2025\/06\/04\/un-marin-turc-sauve-par-les-gardes-cotes-au-large-de-jijel-un-engagement-humanitaire-reaffirme\/"]}]},{"@type":"ImageObject","inLanguage":"fr-FR","@id":"https:\/\/lasentinelle.dz\/index.php\/2025\/06\/04\/un-marin-turc-sauve-par-les-gardes-cotes-au-large-de-jijel-un-engagement-humanitaire-reaffirme\/#primaryimage","url":"https:\/\/lasentinelle.dz\/wp-content\/uploads\/2025\/06\/04.jpg","contentUrl":"https:\/\/lasentinelle.dz\/wp-content\/uploads\/2025\/06\/04.jpg","width":1800,"height":1200},{"@type":"BreadcrumbList","@id":"https:\/\/lasentinelle.dz\/index.php\/2025\/06\/04\/un-marin-turc-sauve-par-les-gardes-cotes-au-large-de-jijel-un-engagement-humanitaire-reaffirme\/#breadcrumb","itemListElement":[{"@type":"ListItem","position":1,"name":"Accueil","item":"https:\/\/lasentinelle.dz\/"},{"@type":"ListItem","position":2,"name":"Un marin turc sauv\u00e9 par les gardes c\u00f4tes au large de Jijel: Un engagement humanitaire r\u00e9affirm\u00e9"}]},{"@type":"WebSite","@id":"https:\/\/lasentinelle.dz\/#website","url":"https:\/\/lasentinelle.dz\/","name":"La Sentinelle","description":"Quotidien national d&#039;information","publisher":{"@id":"https:\/\/lasentinelle.dz\/#organization"},"potentialAction":[{"@type":"SearchAction","target":{"@type":"EntryPoint","urlTemplate":"https:\/\/lasentinelle.dz\/?s={search_term_string}"},"query-input":{"@type":"PropertyValueSpecification","valueRequired":true,"valueName":"search_term_string"}}],"inLanguage":"fr-FR"},{"@type":"Organization","@id":"https:\/\/lasentinelle.dz\/#organization","name":"Quotidien La Sentinelle","url":"https:\/\/lasentinelle.dz\/","logo":{"@type":"ImageObject","inLanguage":"fr-FR","@id":"https:\/\/lasentinelle.dz\/#\/schema\/logo\/image\/","url":"https:\/\/lasentinelle.dz\/wp-content\/uploads\/2021\/09\/logo-sentinelleSLOGAN-1.png","contentUrl":"https:\/\/lasentinelle.dz\/wp-content\/uploads\/2021\/09\/logo-sentinelleSLOGAN-1.png","width":615,"height":142,"caption":"Quotidien La Sentinelle"},"image":{"@id":"https:\/\/lasentinelle.dz\/#\/schema\/logo\/image\/"},"sameAs":["https:\/\/www.facebook.com\/La-Sentinelle-104059864394773"]},{"@type":"Person","@id":"https:\/\/lasentinelle.dz\/#\/schema\/person\/729ee0024f24e0b8c5ec17232f8e8b41","name":"admin","image":{"@type":"ImageObject","inLanguage":"fr-FR","@id":"https:\/\/secure.gravatar.com\/avatar\/4c81fed838786e9b53f540bf46533e750f5d292099ae3b66cfc6fb1982e29df7?s=96&d=mm&r=g","url":"https:\/\/secure.gravatar.com\/avatar\/4c81fed838786e9b53f540bf46533e750f5d292099ae3b66cfc6fb1982e29df7?s=96&d=mm&r=g","contentUrl":"https:\/\/secure.gravatar.com\/avatar\/4c81fed838786e9b53f540bf46533e750f5d292099ae3b66cfc6fb1982e29df7?s=96&d=mm&r=g","caption":"admin"},"description":"admin","url":"https:\/\/lasentinelle.dz\/author\/admin\/"}]}},"_links":{"self":[{"href":"https:\/\/lasentinelle.dz\/index.php\/wp-json\/wp\/v2\/posts\/68483","targetHints":{"allow":["GET"]}}],"collection":[{"href":"https:\/\/lasentinelle.dz\/index.php\/wp-json\/wp\/v2\/posts"}],"about":[{"href":"https:\/\/lasentinelle.dz\/index.php\/wp-json\/wp\/v2\/types\/post"}],"author":[{"embeddable":true,"href":"https:\/\/lasentinelle.dz\/index.php\/wp-json\/wp\/v2\/users\/6"}],"replies":[{"embeddable":true,"href":"https:\/\/lasentinelle.dz\/index.php\/wp-json\/wp\/v2\/comments?post=68483"}],"version-history":[{"count":1,"href":"https:\/\/lasentinelle.dz\/index.php\/wp-json\/wp\/v2\/posts\/68483\/revisions"}],"predecessor-version":[{"id":68485,"href":"https:\/\/lasentinelle.dz\/index.php\/wp-json\/wp\/v2\/posts\/68483\/revisions\/68485"}],"wp:featuredmedia":[{"embeddable":true,"href":"https:\/\/lasentinelle.dz\/index.php\/wp-json\/wp\/v2\/media\/68484"}],"wp:attachment":[{"href":"https:\/\/lasentinelle.dz\/index.php\/wp-json\/wp\/v2\/media?parent=68483"}],"wp:term":[{"taxonomy":"category","embeddable":true,"href":"https:\/\/lasentinelle.dz\/index.php\/wp-json\/wp\/v2\/categories?post=68483"},{"taxonomy":"post_tag","embeddable":true,"href":"https:\/\/lasentinelle.dz\/index.php\/wp-json\/wp\/v2\/tags?post=68483"}],"curies":[{"name":"wp","href":"https:\/\/api.w.org\/{rel}","templated":true}]}}