{"id":68486,"date":"2025-06-04T22:04:27","date_gmt":"2025-06-04T21:04:27","guid":{"rendered":"https:\/\/lasentinelle.dz\/?p=68486"},"modified":"2025-06-04T22:04:28","modified_gmt":"2025-06-04T21:04:28","slug":"soudan-les-fsr-attaquent-un-convoi-de-lonu","status":"publish","type":"post","link":"https:\/\/lasentinelle.dz\/index.php\/2025\/06\/04\/soudan-les-fsr-attaquent-un-convoi-de-lonu\/","title":{"rendered":"Soudan : Les FSR attaquent un convoi de l&rsquo;ONU"},"content":{"rendered":"\n<p>La guerre au Soudan a franchi un nouveau cap dramatique avec l&rsquo;attaque meurtri\u00e8re d&rsquo;un convoi humanitaire de l&rsquo;ONU dans l&rsquo;ouest du pays, survenue lundi soir pr\u00e8s de la ville assi\u00e9g\u00e9e d&rsquo;El-Facher. Selon les autorit\u00e9s soudanaises, les Forces de soutien rapide (FSR) ont men\u00e9 cette attaque \u00ab\u00a0de mani\u00e8re agressive \u00e0 l&rsquo;aide de drones\u00a0\u00bb contre un convoi comprenant des camions du Programme alimentaire mondial et de l&rsquo;UNICEF qui \u00e9tait positionn\u00e9 \u00e0 Kuma, dans le Darfour-Nord, en attente d&rsquo;une autorisation pour acheminer de l&rsquo;aide alimentaire et m\u00e9dicale vers El-Facher. L&rsquo;attaque a fait cinq morts et plusieurs bless\u00e9s parmi le personnel humanitaire, marquant une escalade inqui\u00e9tante dans un conflit qui dure depuis avril 2023. Le Secr\u00e9taire g\u00e9n\u00e9ral de l&rsquo;ONU Antonio Guterres a imm\u00e9diatement r\u00e9clam\u00e9 une \u00ab\u00a0enqu\u00eate urgente\u00a0\u00bb et condamn\u00e9 \u00ab\u00a0dans les termes les plus forts cet acte de violence terrible\u00a0\u00bb, son porte-parole St\u00e9phane Dujarric d\u00e9clarant que \u00ab\u00a0toutes les attaques contre le personnel humanitaire, leurs installations et leurs v\u00e9hicules doivent s&rsquo;arr\u00eater\u00a0\u00bb et appelant \u00e0 ce que \u00ab\u00a0les auteurs soient tenus pour responsables\u00a0\u00bb. Cette attaque survient alors que la crise humanitaire soudanaise atteint des proportions catastrophiques, l&rsquo;ONU annon\u00e7ant mardi qu&rsquo;elle constitue d\u00e9sormais \u00ab\u00a0la plus grave crise de d\u00e9placement de population au monde\u00a0\u00bb avec quatre millions de personnes ayant fui le pays depuis le d\u00e9clenchement des hostilit\u00e9s entre les Forces arm\u00e9es soudanaises et les FSR le 15 avril 2023. Les chiffres r\u00e9v\u00e9l\u00e9s par le Haut Commissariat des Nations unies pour les r\u00e9fugi\u00e9s t\u00e9moignent de l&rsquo;ampleur du drame humanitaire avec 4.003.385 personnes ayant quitt\u00e9 le Soudan en tant que r\u00e9fugi\u00e9s, demandeurs d&rsquo;asile ou rapatri\u00e9s, se r\u00e9partissant principalement entre l&rsquo;\u00c9gypte qui accueille 1,5 million de personnes, le Soudan du Sud avec plus de 1,1 million dont pr\u00e8s de 800.000 Soudanais du Sud qui \u00e9taient initialement r\u00e9fugi\u00e9s au Soudan, et le Tchad qui h\u00e9berge d\u00e9sormais plus de 1,2 million de r\u00e9fugi\u00e9s soudanais, soit trois fois plus qu&rsquo;avant le conflit. La situation au Tchad est particuli\u00e8rement pr\u00e9occupante depuis les r\u00e9cents assauts des FSR sur les camps de r\u00e9fugi\u00e9s autour d&rsquo;El-Facher, provoquant un nouvel afflux massif avec 68.556 r\u00e9fugi\u00e9s arriv\u00e9s en un peu plus d&rsquo;un mois dans les provinces tchadiennes de Wadi Fira et de l&rsquo;Ennedi Est, soit une moyenne de 1.400 personnes traversant quotidiennement la fronti\u00e8re ces derniers jours. Le coordinateur principal du HCR au Tchad, Dossou Patrice Ahouansou, tire la sonnette d&rsquo;alarme depuis Amdjarass dans l&rsquo;est du pays, soulignant que les r\u00e9fugi\u00e9s vivent dans des conditions \u00ab\u00a0d\u00e9plorables\u00a0\u00bb et que \u00ab\u00a0sans une augmentation significative des financements, l&rsquo;aide vitale ne pourra pas \u00eatre fournie \u00e0 l&rsquo;\u00e9chelle et \u00e0 la vitesse requises\u00a0\u00bb. Cette trag\u00e9die humanitaire s&rsquo;inscrit dans un conflit qui a d\u00e9j\u00e0 fait des dizaines de milliers de morts, d\u00e9racin\u00e9 plus de 14 millions de personnes au total et plong\u00e9 une partie de la population dans la famine.<\/p>\n\n\n\n<p>R.I.<\/p>\n","protected":false},"excerpt":{"rendered":"<p>La guerre au Soudan a franchi un nouveau cap dramatique avec l&rsquo;attaque meurtri\u00e8re d&rsquo;un convoi humanitaire de l&rsquo;ONU dans l&rsquo;ouest<\/p>\n","protected":false},"author":6,"featured_media":68487,"comment_status":"open","ping_status":"closed","sticky":false,"template":"","format":"standard","meta":{"colormag_page_container_layout":"default_layout","colormag_page_sidebar_layout":"default_layout","om_disable_all_campaigns":false,"_monsterinsights_skip_tracking":false,"_monsterinsights_sitenote_active":false,"_monsterinsights_sitenote_note":"","_monsterinsights_sitenote_category":0,"footnotes":"","_wpscppro_dont_share_socialmedia":false,"_wpscppro_custom_social_share_image":0,"_facebook_share_type":"default","_twitter_share_type":"default","_linkedin_share_type":"default","_pinterest_share_type":"default","_linkedin_share_type_page":"","_instagram_share_type":"default","_medium_share_type":"default","_threads_share_type":"","_google_business_share_type":"","_selected_social_profile":[],"_wpsp_enable_custom_social_template":false,"_wpsp_social_scheduling":{"enabled":false,"datetime":null,"platforms":[],"status":"template_only","dateOption":"today","timeOption":"now","customDays":"","customHours":"","customDate":"","customTime":"","schedulingType":"absolute"},"_wpsp_active_default_template":true},"categories":[37],"tags":[],"class_list":["post-68486","post","type-post","status-publish","format-standard","has-post-thumbnail","hentry","category-monde"],"aioseo_notices":[],"yoast_head":"<!-- This site is optimized with the Yoast SEO plugin v27.5 - https:\/\/yoast.com\/product\/yoast-seo-wordpress\/ -->\n<title>Soudan : Les FSR attaquent un convoi de l&rsquo;ONU - La Sentinelle<\/title>\n<meta name=\"robots\" content=\"index, follow, max-snippet:-1, max-image-preview:large, max-video-preview:-1\" \/>\n<link rel=\"canonical\" href=\"https:\/\/lasentinelle.dz\/index.php\/2025\/06\/04\/soudan-les-fsr-attaquent-un-convoi-de-lonu\/\" \/>\n<meta property=\"og:locale\" content=\"fr_FR\" \/>\n<meta property=\"og:type\" content=\"article\" \/>\n<meta property=\"og:title\" content=\"Soudan : Les FSR attaquent un convoi de l&rsquo;ONU - La Sentinelle\" \/>\n<meta property=\"og:description\" content=\"La guerre au Soudan a franchi un nouveau cap dramatique avec l&rsquo;attaque meurtri\u00e8re d&rsquo;un convoi humanitaire de l&rsquo;ONU dans l&rsquo;ouest\" \/>\n<meta property=\"og:url\" content=\"https:\/\/lasentinelle.dz\/index.php\/2025\/06\/04\/soudan-les-fsr-attaquent-un-convoi-de-lonu\/\" \/>\n<meta property=\"og:site_name\" content=\"La Sentinelle\" \/>\n<meta property=\"article:publisher\" content=\"https:\/\/www.facebook.com\/La-Sentinelle-104059864394773\" \/>\n<meta property=\"article:published_time\" content=\"2025-06-04T21:04:27+00:00\" \/>\n<meta property=\"article:modified_time\" content=\"2025-06-04T21:04:28+00:00\" \/>\n<meta property=\"og:image\" content=\"https:\/\/lasentinelle.dz\/wp-content\/uploads\/2025\/06\/soudan-convoi.jpg\" \/>\n\t<meta property=\"og:image:width\" content=\"1024\" \/>\n\t<meta property=\"og:image:height\" content=\"682\" \/>\n\t<meta property=\"og:image:type\" content=\"image\/jpeg\" \/>\n<meta name=\"author\" content=\"admin\" \/>\n<meta name=\"twitter:card\" content=\"summary_large_image\" \/>\n<meta name=\"twitter:label1\" content=\"\u00c9crit par\" \/>\n\t<meta name=\"twitter:data1\" content=\"admin\" \/>\n\t<meta name=\"twitter:label2\" content=\"Dur\u00e9e de lecture estim\u00e9e\" \/>\n\t<meta name=\"twitter:data2\" content=\"3 minutes\" \/>\n<script type=\"application\/ld+json\" class=\"yoast-schema-graph\">{\"@context\":\"https:\\\/\\\/schema.org\",\"@graph\":[{\"@type\":\"Article\",\"@id\":\"https:\\\/\\\/lasentinelle.dz\\\/index.php\\\/2025\\\/06\\\/04\\\/soudan-les-fsr-attaquent-un-convoi-de-lonu\\\/#article\",\"isPartOf\":{\"@id\":\"https:\\\/\\\/lasentinelle.dz\\\/index.php\\\/2025\\\/06\\\/04\\\/soudan-les-fsr-attaquent-un-convoi-de-lonu\\\/\"},\"author\":{\"name\":\"admin\",\"@id\":\"https:\\\/\\\/lasentinelle.dz\\\/#\\\/schema\\\/person\\\/729ee0024f24e0b8c5ec17232f8e8b41\"},\"headline\":\"Soudan : Les FSR attaquent un convoi de l&rsquo;ONU\",\"datePublished\":\"2025-06-04T21:04:27+00:00\",\"dateModified\":\"2025-06-04T21:04:28+00:00\",\"mainEntityOfPage\":{\"@id\":\"https:\\\/\\\/lasentinelle.dz\\\/index.php\\\/2025\\\/06\\\/04\\\/soudan-les-fsr-attaquent-un-convoi-de-lonu\\\/\"},\"wordCount\":534,\"commentCount\":0,\"publisher\":{\"@id\":\"https:\\\/\\\/lasentinelle.dz\\\/#organization\"},\"image\":{\"@id\":\"https:\\\/\\\/lasentinelle.dz\\\/index.php\\\/2025\\\/06\\\/04\\\/soudan-les-fsr-attaquent-un-convoi-de-lonu\\\/#primaryimage\"},\"thumbnailUrl\":\"https:\\\/\\\/lasentinelle.dz\\\/wp-content\\\/uploads\\\/2025\\\/06\\\/soudan-convoi.jpg\",\"articleSection\":[\"Monde\"],\"inLanguage\":\"fr-FR\",\"potentialAction\":[{\"@type\":\"CommentAction\",\"name\":\"Comment\",\"target\":[\"https:\\\/\\\/lasentinelle.dz\\\/index.php\\\/2025\\\/06\\\/04\\\/soudan-les-fsr-attaquent-un-convoi-de-lonu\\\/#respond\"]}]},{\"@type\":\"WebPage\",\"@id\":\"https:\\\/\\\/lasentinelle.dz\\\/index.php\\\/2025\\\/06\\\/04\\\/soudan-les-fsr-attaquent-un-convoi-de-lonu\\\/\",\"url\":\"https:\\\/\\\/lasentinelle.dz\\\/index.php\\\/2025\\\/06\\\/04\\\/soudan-les-fsr-attaquent-un-convoi-de-lonu\\\/\",\"name\":\"Soudan : Les FSR attaquent un convoi de l&rsquo;ONU - La Sentinelle\",\"isPartOf\":{\"@id\":\"https:\\\/\\\/lasentinelle.dz\\\/#website\"},\"primaryImageOfPage\":{\"@id\":\"https:\\\/\\\/lasentinelle.dz\\\/index.php\\\/2025\\\/06\\\/04\\\/soudan-les-fsr-attaquent-un-convoi-de-lonu\\\/#primaryimage\"},\"image\":{\"@id\":\"https:\\\/\\\/lasentinelle.dz\\\/index.php\\\/2025\\\/06\\\/04\\\/soudan-les-fsr-attaquent-un-convoi-de-lonu\\\/#primaryimage\"},\"thumbnailUrl\":\"https:\\\/\\\/lasentinelle.dz\\\/wp-content\\\/uploads\\\/2025\\\/06\\\/soudan-convoi.jpg\",\"datePublished\":\"2025-06-04T21:04:27+00:00\",\"dateModified\":\"2025-06-04T21:04:28+00:00\",\"breadcrumb\":{\"@id\":\"https:\\\/\\\/lasentinelle.dz\\\/index.php\\\/2025\\\/06\\\/04\\\/soudan-les-fsr-attaquent-un-convoi-de-lonu\\\/#breadcrumb\"},\"inLanguage\":\"fr-FR\",\"potentialAction\":[{\"@type\":\"ReadAction\",\"target\":[\"https:\\\/\\\/lasentinelle.dz\\\/index.php\\\/2025\\\/06\\\/04\\\/soudan-les-fsr-attaquent-un-convoi-de-lonu\\\/\"]}]},{\"@type\":\"ImageObject\",\"inLanguage\":\"fr-FR\",\"@id\":\"https:\\\/\\\/lasentinelle.dz\\\/index.php\\\/2025\\\/06\\\/04\\\/soudan-les-fsr-attaquent-un-convoi-de-lonu\\\/#primaryimage\",\"url\":\"https:\\\/\\\/lasentinelle.dz\\\/wp-content\\\/uploads\\\/2025\\\/06\\\/soudan-convoi.jpg\",\"contentUrl\":\"https:\\\/\\\/lasentinelle.dz\\\/wp-content\\\/uploads\\\/2025\\\/06\\\/soudan-convoi.jpg\",\"width\":1024,\"height\":682},{\"@type\":\"BreadcrumbList\",\"@id\":\"https:\\\/\\\/lasentinelle.dz\\\/index.php\\\/2025\\\/06\\\/04\\\/soudan-les-fsr-attaquent-un-convoi-de-lonu\\\/#breadcrumb\",\"itemListElement\":[{\"@type\":\"ListItem\",\"position\":1,\"name\":\"Accueil\",\"item\":\"https:\\\/\\\/lasentinelle.dz\\\/\"},{\"@type\":\"ListItem\",\"position\":2,\"name\":\"Soudan : Les FSR attaquent un convoi de l&rsquo;ONU\"}]},{\"@type\":\"WebSite\",\"@id\":\"https:\\\/\\\/lasentinelle.dz\\\/#website\",\"url\":\"https:\\\/\\\/lasentinelle.dz\\\/\",\"name\":\"La Sentinelle\",\"description\":\"Quotidien national d&#039;information\",\"publisher\":{\"@id\":\"https:\\\/\\\/lasentinelle.dz\\\/#organization\"},\"potentialAction\":[{\"@type\":\"SearchAction\",\"target\":{\"@type\":\"EntryPoint\",\"urlTemplate\":\"https:\\\/\\\/lasentinelle.dz\\\/?s={search_term_string}\"},\"query-input\":{\"@type\":\"PropertyValueSpecification\",\"valueRequired\":true,\"valueName\":\"search_term_string\"}}],\"inLanguage\":\"fr-FR\"},{\"@type\":\"Organization\",\"@id\":\"https:\\\/\\\/lasentinelle.dz\\\/#organization\",\"name\":\"Quotidien La Sentinelle\",\"url\":\"https:\\\/\\\/lasentinelle.dz\\\/\",\"logo\":{\"@type\":\"ImageObject\",\"inLanguage\":\"fr-FR\",\"@id\":\"https:\\\/\\\/lasentinelle.dz\\\/#\\\/schema\\\/logo\\\/image\\\/\",\"url\":\"https:\\\/\\\/lasentinelle.dz\\\/wp-content\\\/uploads\\\/2021\\\/09\\\/logo-sentinelleSLOGAN-1.png\",\"contentUrl\":\"https:\\\/\\\/lasentinelle.dz\\\/wp-content\\\/uploads\\\/2021\\\/09\\\/logo-sentinelleSLOGAN-1.png\",\"width\":615,\"height\":142,\"caption\":\"Quotidien La Sentinelle\"},\"image\":{\"@id\":\"https:\\\/\\\/lasentinelle.dz\\\/#\\\/schema\\\/logo\\\/image\\\/\"},\"sameAs\":[\"https:\\\/\\\/www.facebook.com\\\/La-Sentinelle-104059864394773\"]},{\"@type\":\"Person\",\"@id\":\"https:\\\/\\\/lasentinelle.dz\\\/#\\\/schema\\\/person\\\/729ee0024f24e0b8c5ec17232f8e8b41\",\"name\":\"admin\",\"image\":{\"@type\":\"ImageObject\",\"inLanguage\":\"fr-FR\",\"@id\":\"https:\\\/\\\/secure.gravatar.com\\\/avatar\\\/4c81fed838786e9b53f540bf46533e750f5d292099ae3b66cfc6fb1982e29df7?s=96&d=mm&r=g\",\"url\":\"https:\\\/\\\/secure.gravatar.com\\\/avatar\\\/4c81fed838786e9b53f540bf46533e750f5d292099ae3b66cfc6fb1982e29df7?s=96&d=mm&r=g\",\"contentUrl\":\"https:\\\/\\\/secure.gravatar.com\\\/avatar\\\/4c81fed838786e9b53f540bf46533e750f5d292099ae3b66cfc6fb1982e29df7?s=96&d=mm&r=g\",\"caption\":\"admin\"},\"description\":\"admin\",\"url\":\"https:\\\/\\\/lasentinelle.dz\\\/author\\\/admin\\\/\"}]}<\/script>\n<!-- \/ Yoast SEO plugin. -->","yoast_head_json":{"title":"Soudan : Les FSR attaquent un convoi de l&rsquo;ONU - La Sentinelle","robots":{"index":"index","follow":"follow","max-snippet":"max-snippet:-1","max-image-preview":"max-image-preview:large","max-video-preview":"max-video-preview:-1"},"canonical":"https:\/\/lasentinelle.dz\/index.php\/2025\/06\/04\/soudan-les-fsr-attaquent-un-convoi-de-lonu\/","og_locale":"fr_FR","og_type":"article","og_title":"Soudan : Les FSR attaquent un convoi de l&rsquo;ONU - La Sentinelle","og_description":"La guerre au Soudan a franchi un nouveau cap dramatique avec l&rsquo;attaque meurtri\u00e8re d&rsquo;un convoi humanitaire de l&rsquo;ONU dans l&rsquo;ouest","og_url":"https:\/\/lasentinelle.dz\/index.php\/2025\/06\/04\/soudan-les-fsr-attaquent-un-convoi-de-lonu\/","og_site_name":"La Sentinelle","article_publisher":"https:\/\/www.facebook.com\/La-Sentinelle-104059864394773","article_published_time":"2025-06-04T21:04:27+00:00","article_modified_time":"2025-06-04T21:04:28+00:00","og_image":[{"width":1024,"height":682,"url":"https:\/\/lasentinelle.dz\/wp-content\/uploads\/2025\/06\/soudan-convoi.jpg","type":"image\/jpeg"}],"author":"admin","twitter_card":"summary_large_image","twitter_misc":{"\u00c9crit par":"admin","Dur\u00e9e de lecture estim\u00e9e":"3 minutes"},"schema":{"@context":"https:\/\/schema.org","@graph":[{"@type":"Article","@id":"https:\/\/lasentinelle.dz\/index.php\/2025\/06\/04\/soudan-les-fsr-attaquent-un-convoi-de-lonu\/#article","isPartOf":{"@id":"https:\/\/lasentinelle.dz\/index.php\/2025\/06\/04\/soudan-les-fsr-attaquent-un-convoi-de-lonu\/"},"author":{"name":"admin","@id":"https:\/\/lasentinelle.dz\/#\/schema\/person\/729ee0024f24e0b8c5ec17232f8e8b41"},"headline":"Soudan : Les FSR attaquent un convoi de l&rsquo;ONU","datePublished":"2025-06-04T21:04:27+00:00","dateModified":"2025-06-04T21:04:28+00:00","mainEntityOfPage":{"@id":"https:\/\/lasentinelle.dz\/index.php\/2025\/06\/04\/soudan-les-fsr-attaquent-un-convoi-de-lonu\/"},"wordCount":534,"commentCount":0,"publisher":{"@id":"https:\/\/lasentinelle.dz\/#organization"},"image":{"@id":"https:\/\/lasentinelle.dz\/index.php\/2025\/06\/04\/soudan-les-fsr-attaquent-un-convoi-de-lonu\/#primaryimage"},"thumbnailUrl":"https:\/\/lasentinelle.dz\/wp-content\/uploads\/2025\/06\/soudan-convoi.jpg","articleSection":["Monde"],"inLanguage":"fr-FR","potentialAction":[{"@type":"CommentAction","name":"Comment","target":["https:\/\/lasentinelle.dz\/index.php\/2025\/06\/04\/soudan-les-fsr-attaquent-un-convoi-de-lonu\/#respond"]}]},{"@type":"WebPage","@id":"https:\/\/lasentinelle.dz\/index.php\/2025\/06\/04\/soudan-les-fsr-attaquent-un-convoi-de-lonu\/","url":"https:\/\/lasentinelle.dz\/index.php\/2025\/06\/04\/soudan-les-fsr-attaquent-un-convoi-de-lonu\/","name":"Soudan : Les FSR attaquent un convoi de l&rsquo;ONU - La Sentinelle","isPartOf":{"@id":"https:\/\/lasentinelle.dz\/#website"},"primaryImageOfPage":{"@id":"https:\/\/lasentinelle.dz\/index.php\/2025\/06\/04\/soudan-les-fsr-attaquent-un-convoi-de-lonu\/#primaryimage"},"image":{"@id":"https:\/\/lasentinelle.dz\/index.php\/2025\/06\/04\/soudan-les-fsr-attaquent-un-convoi-de-lonu\/#primaryimage"},"thumbnailUrl":"https:\/\/lasentinelle.dz\/wp-content\/uploads\/2025\/06\/soudan-convoi.jpg","datePublished":"2025-06-04T21:04:27+00:00","dateModified":"2025-06-04T21:04:28+00:00","breadcrumb":{"@id":"https:\/\/lasentinelle.dz\/index.php\/2025\/06\/04\/soudan-les-fsr-attaquent-un-convoi-de-lonu\/#breadcrumb"},"inLanguage":"fr-FR","potentialAction":[{"@type":"ReadAction","target":["https:\/\/lasentinelle.dz\/index.php\/2025\/06\/04\/soudan-les-fsr-attaquent-un-convoi-de-lonu\/"]}]},{"@type":"ImageObject","inLanguage":"fr-FR","@id":"https:\/\/lasentinelle.dz\/index.php\/2025\/06\/04\/soudan-les-fsr-attaquent-un-convoi-de-lonu\/#primaryimage","url":"https:\/\/lasentinelle.dz\/wp-content\/uploads\/2025\/06\/soudan-convoi.jpg","contentUrl":"https:\/\/lasentinelle.dz\/wp-content\/uploads\/2025\/06\/soudan-convoi.jpg","width":1024,"height":682},{"@type":"BreadcrumbList","@id":"https:\/\/lasentinelle.dz\/index.php\/2025\/06\/04\/soudan-les-fsr-attaquent-un-convoi-de-lonu\/#breadcrumb","itemListElement":[{"@type":"ListItem","position":1,"name":"Accueil","item":"https:\/\/lasentinelle.dz\/"},{"@type":"ListItem","position":2,"name":"Soudan : Les FSR attaquent un convoi de l&rsquo;ONU"}]},{"@type":"WebSite","@id":"https:\/\/lasentinelle.dz\/#website","url":"https:\/\/lasentinelle.dz\/","name":"La Sentinelle","description":"Quotidien national d&#039;information","publisher":{"@id":"https:\/\/lasentinelle.dz\/#organization"},"potentialAction":[{"@type":"SearchAction","target":{"@type":"EntryPoint","urlTemplate":"https:\/\/lasentinelle.dz\/?s={search_term_string}"},"query-input":{"@type":"PropertyValueSpecification","valueRequired":true,"valueName":"search_term_string"}}],"inLanguage":"fr-FR"},{"@type":"Organization","@id":"https:\/\/lasentinelle.dz\/#organization","name":"Quotidien La Sentinelle","url":"https:\/\/lasentinelle.dz\/","logo":{"@type":"ImageObject","inLanguage":"fr-FR","@id":"https:\/\/lasentinelle.dz\/#\/schema\/logo\/image\/","url":"https:\/\/lasentinelle.dz\/wp-content\/uploads\/2021\/09\/logo-sentinelleSLOGAN-1.png","contentUrl":"https:\/\/lasentinelle.dz\/wp-content\/uploads\/2021\/09\/logo-sentinelleSLOGAN-1.png","width":615,"height":142,"caption":"Quotidien La Sentinelle"},"image":{"@id":"https:\/\/lasentinelle.dz\/#\/schema\/logo\/image\/"},"sameAs":["https:\/\/www.facebook.com\/La-Sentinelle-104059864394773"]},{"@type":"Person","@id":"https:\/\/lasentinelle.dz\/#\/schema\/person\/729ee0024f24e0b8c5ec17232f8e8b41","name":"admin","image":{"@type":"ImageObject","inLanguage":"fr-FR","@id":"https:\/\/secure.gravatar.com\/avatar\/4c81fed838786e9b53f540bf46533e750f5d292099ae3b66cfc6fb1982e29df7?s=96&d=mm&r=g","url":"https:\/\/secure.gravatar.com\/avatar\/4c81fed838786e9b53f540bf46533e750f5d292099ae3b66cfc6fb1982e29df7?s=96&d=mm&r=g","contentUrl":"https:\/\/secure.gravatar.com\/avatar\/4c81fed838786e9b53f540bf46533e750f5d292099ae3b66cfc6fb1982e29df7?s=96&d=mm&r=g","caption":"admin"},"description":"admin","url":"https:\/\/lasentinelle.dz\/author\/admin\/"}]}},"_links":{"self":[{"href":"https:\/\/lasentinelle.dz\/index.php\/wp-json\/wp\/v2\/posts\/68486","targetHints":{"allow":["GET"]}}],"collection":[{"href":"https:\/\/lasentinelle.dz\/index.php\/wp-json\/wp\/v2\/posts"}],"about":[{"href":"https:\/\/lasentinelle.dz\/index.php\/wp-json\/wp\/v2\/types\/post"}],"author":[{"embeddable":true,"href":"https:\/\/lasentinelle.dz\/index.php\/wp-json\/wp\/v2\/users\/6"}],"replies":[{"embeddable":true,"href":"https:\/\/lasentinelle.dz\/index.php\/wp-json\/wp\/v2\/comments?post=68486"}],"version-history":[{"count":2,"href":"https:\/\/lasentinelle.dz\/index.php\/wp-json\/wp\/v2\/posts\/68486\/revisions"}],"predecessor-version":[{"id":68489,"href":"https:\/\/lasentinelle.dz\/index.php\/wp-json\/wp\/v2\/posts\/68486\/revisions\/68489"}],"wp:featuredmedia":[{"embeddable":true,"href":"https:\/\/lasentinelle.dz\/index.php\/wp-json\/wp\/v2\/media\/68487"}],"wp:attachment":[{"href":"https:\/\/lasentinelle.dz\/index.php\/wp-json\/wp\/v2\/media?parent=68486"}],"wp:term":[{"taxonomy":"category","embeddable":true,"href":"https:\/\/lasentinelle.dz\/index.php\/wp-json\/wp\/v2\/categories?post=68486"},{"taxonomy":"post_tag","embeddable":true,"href":"https:\/\/lasentinelle.dz\/index.php\/wp-json\/wp\/v2\/tags?post=68486"}],"curies":[{"name":"wp","href":"https:\/\/api.w.org\/{rel}","templated":true}]}}