{"id":68493,"date":"2025-06-04T22:06:09","date_gmt":"2025-06-04T21:06:09","guid":{"rendered":"https:\/\/lasentinelle.dz\/?p=68493"},"modified":"2025-06-04T22:06:10","modified_gmt":"2025-06-04T21:06:10","slug":"sahara-occidental-londres-clarifie-sa-position","status":"publish","type":"post","link":"https:\/\/lasentinelle.dz\/index.php\/2025\/06\/04\/sahara-occidental-londres-clarifie-sa-position\/","title":{"rendered":"Sahara occidental : Londres clarifie sa position"},"content":{"rendered":"\n<p>Le gouvernement britannique a clarifi\u00e9 sa position sur le dossier du Sahara occidental en r\u00e9affirmant son soutien au principe d&rsquo;autod\u00e9termination du peuple sahraoui.<\/p>\n\n\n\n<p>Dans une d\u00e9claration officielle publi\u00e9e sur son site gouvernemental, Londres a exprim\u00e9 sa volont\u00e9 ferme de soutenir une solution mutuellement acceptable concernant le conflit au Sahara occidental, soulignant que \u00ab\u00a0en tant que membre du Conseil de s\u00e9curit\u00e9 de l&rsquo;ONU et ami des pays de la r\u00e9gion, la nouvelle position du Royaume-Uni vise \u00e0 soutenir une solution mutuellement convenue au conflit, qui s&rsquo;inscrive dans le processus men\u00e9 par l&rsquo;ONU et respecte le principe d&rsquo;autod\u00e9termination\u00a0\u00bb. Le gouvernement britannique estime qu'\u00a0\u00bb\u00e0 l&rsquo;approche du 50e anniversaire du conflit, il est crucial de saisir cette fen\u00eatre d&rsquo;opportunit\u00e9 pour parvenir \u00e0 une r\u00e9solution durable du diff\u00e9rend, une solution qui offre un avenir meilleur au peuple du Sahara occidental\u00a0\u00bb. Pour rappel, dans un communiqu\u00e9 rendu public dimanche par le minist\u00e8re des Affaires \u00e9trang\u00e8res, de la Communaut\u00e9 nationale \u00e0 l&rsquo;\u00e9tranger et des Affaires africaines, Alger avait r\u00e9agi au nouveau positionnement de Londres sur le dossier et avait regrett\u00e9 son soutien au plan d&rsquo;autonomie marocain. L&rsquo;Alg\u00e9rie avait aussi mis en avant une nuance soulignant que la Grande-Bretagne n&rsquo;a pas apport\u00e9 de soutien aux vell\u00e9it\u00e9s de souverainet\u00e9 marocaine sur cette derni\u00e8re colonie d&rsquo;Afrique et a form\u00e9 le v\u0153u \u00ab\u00a0qu&rsquo;en sa qualit\u00e9 de membre permanent du Conseil de s\u00e9curit\u00e9, le Royaume-Uni continuera de tenir le Maroc comptable de ses responsabilit\u00e9s internationales et qu&rsquo;il continuera aussi de veiller au respect de la l\u00e9galit\u00e9 internationale et en particulier la doctrine des Nations unies en mati\u00e8re de d\u00e9colonisation\u00a0\u00bb.<\/p>\n\n\n\n<p><strong>Le Zimbabwe r\u00e9affirme son soutien ind\u00e9fectible<\/strong><\/p>\n\n\n\n<p>En parall\u00e8le, le soutien africain au droit \u00e0 l&rsquo;autod\u00e9termination du peuple sahraoui continue de se manifester avec force, notamment \u00e0 travers la position r\u00e9affirm\u00e9e du pr\u00e9sident zimbabw\u00e9en Emmerson Mnangagwa qui a exprim\u00e9 le soutien \u00ab\u00a0inconditionnel\u00a0\u00bb de son pays au droit \u00e0 l&rsquo;autod\u00e9termination du peuple sahraoui. Dans une lettre adress\u00e9e \u00e0 son homologue sahraoui Brahim Ghali, le dirigeant zimbabw\u00e9en a soulign\u00e9 son engagement \u00e0 renforcer et \u00e9largir les liens solides d&rsquo;amiti\u00e9 et de solidarit\u00e9 liant le Zimbabwe \u00e0 la R\u00e9publique arabe sahraouie d\u00e9mocratique. \u00ab\u00a0Je saisis cette occasion pour r\u00e9affirmer mon engagement ferme \u00e0 continuer de collaborer \u00e9troitement avec Votre Excellence afin de renforcer et d&rsquo;\u00e9largir les liens solides d&rsquo;amiti\u00e9 et de solidarit\u00e9 qui ont caract\u00e9ris\u00e9 les relations historiques entre le Zimbabwe et la R\u00e9publique arabe sahraouie d\u00e9mocratique\u00a0\u00bb, a-t-il \u00e9crit, r\u00e9affirmant simultan\u00e9ment \u00ab\u00a0le soutien inconditionnel du Zimbabwe au droit \u00e0 l&rsquo;autod\u00e9termination du peuple sahraoui\u00a0\u00bb. Cette position s&rsquo;inscrit dans la continuit\u00e9 de l&rsquo;engagement panafricain du Zimbabwe, le pr\u00e9sident Mnangagwa ayant d\u00e9clar\u00e9 \u00e0 plusieurs reprises que \u00ab\u00a0la lib\u00e9ration de l&rsquo;Afrique demeure incompl\u00e8te tant que le Sahara occidental est toujours sous occupation ill\u00e9gale marocaine\u00a0\u00bb. En sa qualit\u00e9 de pr\u00e9sident de la Communaut\u00e9 de d\u00e9veloppement de l&rsquo;Afrique australe, il avait d&rsquo;ailleurs assur\u00e9 en mars dernier que \u00ab\u00a0l&rsquo;Afrique ne peut pr\u00e9tendre \u00e0 une lib\u00e9ration totale tant que le Sahara occidental n&rsquo;est pas libre et ind\u00e9pendant\u00a0\u00bb, r\u00e9affirmant ainsi la solidarit\u00e9 de longue date des pays de la SADC avec le peuple sahraoui et son combat l\u00e9gitime pour l&rsquo;ind\u00e9pendance.<\/p>\n\n\n\n<p>Lyes Sa\u00efdi<\/p>\n","protected":false},"excerpt":{"rendered":"<p>Le gouvernement britannique a clarifi\u00e9 sa position sur le dossier du Sahara occidental en r\u00e9affirmant son soutien au principe d&rsquo;autod\u00e9termination<\/p>\n","protected":false},"author":6,"featured_media":57408,"comment_status":"open","ping_status":"closed","sticky":false,"template":"","format":"standard","meta":{"colormag_page_container_layout":"default_layout","colormag_page_sidebar_layout":"default_layout","om_disable_all_campaigns":false,"_monsterinsights_skip_tracking":false,"_monsterinsights_sitenote_active":false,"_monsterinsights_sitenote_note":"","_monsterinsights_sitenote_category":0,"footnotes":"","_wpscppro_dont_share_socialmedia":false,"_wpscppro_custom_social_share_image":0,"_facebook_share_type":"default","_twitter_share_type":"default","_linkedin_share_type":"default","_pinterest_share_type":"default","_linkedin_share_type_page":"","_instagram_share_type":"default","_medium_share_type":"default","_threads_share_type":"","_google_business_share_type":"","_selected_social_profile":[],"_wpsp_enable_custom_social_template":false,"_wpsp_social_scheduling":{"enabled":false,"datetime":null,"platforms":[],"status":"template_only","dateOption":"today","timeOption":"now","customDays":"","customHours":"","customDate":"","customTime":"","schedulingType":"absolute"},"_wpsp_active_default_template":true},"categories":[52,37],"tags":[],"class_list":["post-68493","post","type-post","status-publish","format-standard","has-post-thumbnail","hentry","category-a-la-une","category-monde"],"aioseo_notices":[],"yoast_head":"<!-- This site is optimized with the Yoast SEO plugin v27.5 - https:\/\/yoast.com\/product\/yoast-seo-wordpress\/ -->\n<title>Sahara occidental : Londres clarifie sa position - La Sentinelle<\/title>\n<meta name=\"robots\" content=\"index, follow, max-snippet:-1, max-image-preview:large, max-video-preview:-1\" \/>\n<link rel=\"canonical\" href=\"https:\/\/lasentinelle.dz\/index.php\/2025\/06\/04\/sahara-occidental-londres-clarifie-sa-position\/\" \/>\n<meta property=\"og:locale\" content=\"fr_FR\" \/>\n<meta property=\"og:type\" content=\"article\" \/>\n<meta property=\"og:title\" content=\"Sahara occidental : Londres clarifie sa position - La Sentinelle\" \/>\n<meta property=\"og:description\" content=\"Le gouvernement britannique a clarifi\u00e9 sa position sur le dossier du Sahara occidental en r\u00e9affirmant son soutien au principe d&rsquo;autod\u00e9termination\" \/>\n<meta property=\"og:url\" content=\"https:\/\/lasentinelle.dz\/index.php\/2025\/06\/04\/sahara-occidental-londres-clarifie-sa-position\/\" \/>\n<meta property=\"og:site_name\" content=\"La Sentinelle\" \/>\n<meta property=\"article:publisher\" content=\"https:\/\/www.facebook.com\/La-Sentinelle-104059864394773\" \/>\n<meta property=\"article:published_time\" content=\"2025-06-04T21:06:09+00:00\" \/>\n<meta property=\"article:modified_time\" content=\"2025-06-04T21:06:10+00:00\" \/>\n<meta property=\"og:image\" content=\"https:\/\/lasentinelle.dz\/wp-content\/uploads\/2024\/09\/sahara-occidental.jpg\" \/>\n\t<meta property=\"og:image:width\" content=\"580\" \/>\n\t<meta property=\"og:image:height\" content=\"350\" \/>\n\t<meta property=\"og:image:type\" content=\"image\/jpeg\" \/>\n<meta name=\"author\" content=\"admin\" \/>\n<meta name=\"twitter:card\" content=\"summary_large_image\" \/>\n<meta name=\"twitter:label1\" content=\"\u00c9crit par\" \/>\n\t<meta name=\"twitter:data1\" content=\"admin\" \/>\n\t<meta name=\"twitter:label2\" content=\"Dur\u00e9e de lecture estim\u00e9e\" \/>\n\t<meta name=\"twitter:data2\" content=\"3 minutes\" \/>\n<script type=\"application\/ld+json\" class=\"yoast-schema-graph\">{\"@context\":\"https:\\\/\\\/schema.org\",\"@graph\":[{\"@type\":\"Article\",\"@id\":\"https:\\\/\\\/lasentinelle.dz\\\/index.php\\\/2025\\\/06\\\/04\\\/sahara-occidental-londres-clarifie-sa-position\\\/#article\",\"isPartOf\":{\"@id\":\"https:\\\/\\\/lasentinelle.dz\\\/index.php\\\/2025\\\/06\\\/04\\\/sahara-occidental-londres-clarifie-sa-position\\\/\"},\"author\":{\"name\":\"admin\",\"@id\":\"https:\\\/\\\/lasentinelle.dz\\\/#\\\/schema\\\/person\\\/729ee0024f24e0b8c5ec17232f8e8b41\"},\"headline\":\"Sahara occidental : Londres clarifie sa position\",\"datePublished\":\"2025-06-04T21:06:09+00:00\",\"dateModified\":\"2025-06-04T21:06:10+00:00\",\"mainEntityOfPage\":{\"@id\":\"https:\\\/\\\/lasentinelle.dz\\\/index.php\\\/2025\\\/06\\\/04\\\/sahara-occidental-londres-clarifie-sa-position\\\/\"},\"wordCount\":583,\"commentCount\":0,\"publisher\":{\"@id\":\"https:\\\/\\\/lasentinelle.dz\\\/#organization\"},\"image\":{\"@id\":\"https:\\\/\\\/lasentinelle.dz\\\/index.php\\\/2025\\\/06\\\/04\\\/sahara-occidental-londres-clarifie-sa-position\\\/#primaryimage\"},\"thumbnailUrl\":\"https:\\\/\\\/lasentinelle.dz\\\/wp-content\\\/uploads\\\/2024\\\/09\\\/sahara-occidental.jpg\",\"articleSection\":[\"\u00c0 la Une\",\"Monde\"],\"inLanguage\":\"fr-FR\",\"potentialAction\":[{\"@type\":\"CommentAction\",\"name\":\"Comment\",\"target\":[\"https:\\\/\\\/lasentinelle.dz\\\/index.php\\\/2025\\\/06\\\/04\\\/sahara-occidental-londres-clarifie-sa-position\\\/#respond\"]}]},{\"@type\":\"WebPage\",\"@id\":\"https:\\\/\\\/lasentinelle.dz\\\/index.php\\\/2025\\\/06\\\/04\\\/sahara-occidental-londres-clarifie-sa-position\\\/\",\"url\":\"https:\\\/\\\/lasentinelle.dz\\\/index.php\\\/2025\\\/06\\\/04\\\/sahara-occidental-londres-clarifie-sa-position\\\/\",\"name\":\"Sahara occidental : Londres clarifie sa position - La Sentinelle\",\"isPartOf\":{\"@id\":\"https:\\\/\\\/lasentinelle.dz\\\/#website\"},\"primaryImageOfPage\":{\"@id\":\"https:\\\/\\\/lasentinelle.dz\\\/index.php\\\/2025\\\/06\\\/04\\\/sahara-occidental-londres-clarifie-sa-position\\\/#primaryimage\"},\"image\":{\"@id\":\"https:\\\/\\\/lasentinelle.dz\\\/index.php\\\/2025\\\/06\\\/04\\\/sahara-occidental-londres-clarifie-sa-position\\\/#primaryimage\"},\"thumbnailUrl\":\"https:\\\/\\\/lasentinelle.dz\\\/wp-content\\\/uploads\\\/2024\\\/09\\\/sahara-occidental.jpg\",\"datePublished\":\"2025-06-04T21:06:09+00:00\",\"dateModified\":\"2025-06-04T21:06:10+00:00\",\"breadcrumb\":{\"@id\":\"https:\\\/\\\/lasentinelle.dz\\\/index.php\\\/2025\\\/06\\\/04\\\/sahara-occidental-londres-clarifie-sa-position\\\/#breadcrumb\"},\"inLanguage\":\"fr-FR\",\"potentialAction\":[{\"@type\":\"ReadAction\",\"target\":[\"https:\\\/\\\/lasentinelle.dz\\\/index.php\\\/2025\\\/06\\\/04\\\/sahara-occidental-londres-clarifie-sa-position\\\/\"]}]},{\"@type\":\"ImageObject\",\"inLanguage\":\"fr-FR\",\"@id\":\"https:\\\/\\\/lasentinelle.dz\\\/index.php\\\/2025\\\/06\\\/04\\\/sahara-occidental-londres-clarifie-sa-position\\\/#primaryimage\",\"url\":\"https:\\\/\\\/lasentinelle.dz\\\/wp-content\\\/uploads\\\/2024\\\/09\\\/sahara-occidental.jpg\",\"contentUrl\":\"https:\\\/\\\/lasentinelle.dz\\\/wp-content\\\/uploads\\\/2024\\\/09\\\/sahara-occidental.jpg\",\"width\":580,\"height\":350},{\"@type\":\"BreadcrumbList\",\"@id\":\"https:\\\/\\\/lasentinelle.dz\\\/index.php\\\/2025\\\/06\\\/04\\\/sahara-occidental-londres-clarifie-sa-position\\\/#breadcrumb\",\"itemListElement\":[{\"@type\":\"ListItem\",\"position\":1,\"name\":\"Accueil\",\"item\":\"https:\\\/\\\/lasentinelle.dz\\\/\"},{\"@type\":\"ListItem\",\"position\":2,\"name\":\"Sahara occidental : Londres clarifie sa position\"}]},{\"@type\":\"WebSite\",\"@id\":\"https:\\\/\\\/lasentinelle.dz\\\/#website\",\"url\":\"https:\\\/\\\/lasentinelle.dz\\\/\",\"name\":\"La Sentinelle\",\"description\":\"Quotidien national d&#039;information\",\"publisher\":{\"@id\":\"https:\\\/\\\/lasentinelle.dz\\\/#organization\"},\"potentialAction\":[{\"@type\":\"SearchAction\",\"target\":{\"@type\":\"EntryPoint\",\"urlTemplate\":\"https:\\\/\\\/lasentinelle.dz\\\/?s={search_term_string}\"},\"query-input\":{\"@type\":\"PropertyValueSpecification\",\"valueRequired\":true,\"valueName\":\"search_term_string\"}}],\"inLanguage\":\"fr-FR\"},{\"@type\":\"Organization\",\"@id\":\"https:\\\/\\\/lasentinelle.dz\\\/#organization\",\"name\":\"Quotidien La Sentinelle\",\"url\":\"https:\\\/\\\/lasentinelle.dz\\\/\",\"logo\":{\"@type\":\"ImageObject\",\"inLanguage\":\"fr-FR\",\"@id\":\"https:\\\/\\\/lasentinelle.dz\\\/#\\\/schema\\\/logo\\\/image\\\/\",\"url\":\"https:\\\/\\\/lasentinelle.dz\\\/wp-content\\\/uploads\\\/2021\\\/09\\\/logo-sentinelleSLOGAN-1.png\",\"contentUrl\":\"https:\\\/\\\/lasentinelle.dz\\\/wp-content\\\/uploads\\\/2021\\\/09\\\/logo-sentinelleSLOGAN-1.png\",\"width\":615,\"height\":142,\"caption\":\"Quotidien La Sentinelle\"},\"image\":{\"@id\":\"https:\\\/\\\/lasentinelle.dz\\\/#\\\/schema\\\/logo\\\/image\\\/\"},\"sameAs\":[\"https:\\\/\\\/www.facebook.com\\\/La-Sentinelle-104059864394773\"]},{\"@type\":\"Person\",\"@id\":\"https:\\\/\\\/lasentinelle.dz\\\/#\\\/schema\\\/person\\\/729ee0024f24e0b8c5ec17232f8e8b41\",\"name\":\"admin\",\"image\":{\"@type\":\"ImageObject\",\"inLanguage\":\"fr-FR\",\"@id\":\"https:\\\/\\\/secure.gravatar.com\\\/avatar\\\/4c81fed838786e9b53f540bf46533e750f5d292099ae3b66cfc6fb1982e29df7?s=96&d=mm&r=g\",\"url\":\"https:\\\/\\\/secure.gravatar.com\\\/avatar\\\/4c81fed838786e9b53f540bf46533e750f5d292099ae3b66cfc6fb1982e29df7?s=96&d=mm&r=g\",\"contentUrl\":\"https:\\\/\\\/secure.gravatar.com\\\/avatar\\\/4c81fed838786e9b53f540bf46533e750f5d292099ae3b66cfc6fb1982e29df7?s=96&d=mm&r=g\",\"caption\":\"admin\"},\"description\":\"admin\",\"url\":\"https:\\\/\\\/lasentinelle.dz\\\/author\\\/admin\\\/\"}]}<\/script>\n<!-- \/ Yoast SEO plugin. -->","yoast_head_json":{"title":"Sahara occidental : Londres clarifie sa position - La Sentinelle","robots":{"index":"index","follow":"follow","max-snippet":"max-snippet:-1","max-image-preview":"max-image-preview:large","max-video-preview":"max-video-preview:-1"},"canonical":"https:\/\/lasentinelle.dz\/index.php\/2025\/06\/04\/sahara-occidental-londres-clarifie-sa-position\/","og_locale":"fr_FR","og_type":"article","og_title":"Sahara occidental : Londres clarifie sa position - La Sentinelle","og_description":"Le gouvernement britannique a clarifi\u00e9 sa position sur le dossier du Sahara occidental en r\u00e9affirmant son soutien au principe d&rsquo;autod\u00e9termination","og_url":"https:\/\/lasentinelle.dz\/index.php\/2025\/06\/04\/sahara-occidental-londres-clarifie-sa-position\/","og_site_name":"La Sentinelle","article_publisher":"https:\/\/www.facebook.com\/La-Sentinelle-104059864394773","article_published_time":"2025-06-04T21:06:09+00:00","article_modified_time":"2025-06-04T21:06:10+00:00","og_image":[{"width":580,"height":350,"url":"https:\/\/lasentinelle.dz\/wp-content\/uploads\/2024\/09\/sahara-occidental.jpg","type":"image\/jpeg"}],"author":"admin","twitter_card":"summary_large_image","twitter_misc":{"\u00c9crit par":"admin","Dur\u00e9e de lecture estim\u00e9e":"3 minutes"},"schema":{"@context":"https:\/\/schema.org","@graph":[{"@type":"Article","@id":"https:\/\/lasentinelle.dz\/index.php\/2025\/06\/04\/sahara-occidental-londres-clarifie-sa-position\/#article","isPartOf":{"@id":"https:\/\/lasentinelle.dz\/index.php\/2025\/06\/04\/sahara-occidental-londres-clarifie-sa-position\/"},"author":{"name":"admin","@id":"https:\/\/lasentinelle.dz\/#\/schema\/person\/729ee0024f24e0b8c5ec17232f8e8b41"},"headline":"Sahara occidental : Londres clarifie sa position","datePublished":"2025-06-04T21:06:09+00:00","dateModified":"2025-06-04T21:06:10+00:00","mainEntityOfPage":{"@id":"https:\/\/lasentinelle.dz\/index.php\/2025\/06\/04\/sahara-occidental-londres-clarifie-sa-position\/"},"wordCount":583,"commentCount":0,"publisher":{"@id":"https:\/\/lasentinelle.dz\/#organization"},"image":{"@id":"https:\/\/lasentinelle.dz\/index.php\/2025\/06\/04\/sahara-occidental-londres-clarifie-sa-position\/#primaryimage"},"thumbnailUrl":"https:\/\/lasentinelle.dz\/wp-content\/uploads\/2024\/09\/sahara-occidental.jpg","articleSection":["\u00c0 la Une","Monde"],"inLanguage":"fr-FR","potentialAction":[{"@type":"CommentAction","name":"Comment","target":["https:\/\/lasentinelle.dz\/index.php\/2025\/06\/04\/sahara-occidental-londres-clarifie-sa-position\/#respond"]}]},{"@type":"WebPage","@id":"https:\/\/lasentinelle.dz\/index.php\/2025\/06\/04\/sahara-occidental-londres-clarifie-sa-position\/","url":"https:\/\/lasentinelle.dz\/index.php\/2025\/06\/04\/sahara-occidental-londres-clarifie-sa-position\/","name":"Sahara occidental : Londres clarifie sa position - La Sentinelle","isPartOf":{"@id":"https:\/\/lasentinelle.dz\/#website"},"primaryImageOfPage":{"@id":"https:\/\/lasentinelle.dz\/index.php\/2025\/06\/04\/sahara-occidental-londres-clarifie-sa-position\/#primaryimage"},"image":{"@id":"https:\/\/lasentinelle.dz\/index.php\/2025\/06\/04\/sahara-occidental-londres-clarifie-sa-position\/#primaryimage"},"thumbnailUrl":"https:\/\/lasentinelle.dz\/wp-content\/uploads\/2024\/09\/sahara-occidental.jpg","datePublished":"2025-06-04T21:06:09+00:00","dateModified":"2025-06-04T21:06:10+00:00","breadcrumb":{"@id":"https:\/\/lasentinelle.dz\/index.php\/2025\/06\/04\/sahara-occidental-londres-clarifie-sa-position\/#breadcrumb"},"inLanguage":"fr-FR","potentialAction":[{"@type":"ReadAction","target":["https:\/\/lasentinelle.dz\/index.php\/2025\/06\/04\/sahara-occidental-londres-clarifie-sa-position\/"]}]},{"@type":"ImageObject","inLanguage":"fr-FR","@id":"https:\/\/lasentinelle.dz\/index.php\/2025\/06\/04\/sahara-occidental-londres-clarifie-sa-position\/#primaryimage","url":"https:\/\/lasentinelle.dz\/wp-content\/uploads\/2024\/09\/sahara-occidental.jpg","contentUrl":"https:\/\/lasentinelle.dz\/wp-content\/uploads\/2024\/09\/sahara-occidental.jpg","width":580,"height":350},{"@type":"BreadcrumbList","@id":"https:\/\/lasentinelle.dz\/index.php\/2025\/06\/04\/sahara-occidental-londres-clarifie-sa-position\/#breadcrumb","itemListElement":[{"@type":"ListItem","position":1,"name":"Accueil","item":"https:\/\/lasentinelle.dz\/"},{"@type":"ListItem","position":2,"name":"Sahara occidental : Londres clarifie sa position"}]},{"@type":"WebSite","@id":"https:\/\/lasentinelle.dz\/#website","url":"https:\/\/lasentinelle.dz\/","name":"La Sentinelle","description":"Quotidien national d&#039;information","publisher":{"@id":"https:\/\/lasentinelle.dz\/#organization"},"potentialAction":[{"@type":"SearchAction","target":{"@type":"EntryPoint","urlTemplate":"https:\/\/lasentinelle.dz\/?s={search_term_string}"},"query-input":{"@type":"PropertyValueSpecification","valueRequired":true,"valueName":"search_term_string"}}],"inLanguage":"fr-FR"},{"@type":"Organization","@id":"https:\/\/lasentinelle.dz\/#organization","name":"Quotidien La Sentinelle","url":"https:\/\/lasentinelle.dz\/","logo":{"@type":"ImageObject","inLanguage":"fr-FR","@id":"https:\/\/lasentinelle.dz\/#\/schema\/logo\/image\/","url":"https:\/\/lasentinelle.dz\/wp-content\/uploads\/2021\/09\/logo-sentinelleSLOGAN-1.png","contentUrl":"https:\/\/lasentinelle.dz\/wp-content\/uploads\/2021\/09\/logo-sentinelleSLOGAN-1.png","width":615,"height":142,"caption":"Quotidien La Sentinelle"},"image":{"@id":"https:\/\/lasentinelle.dz\/#\/schema\/logo\/image\/"},"sameAs":["https:\/\/www.facebook.com\/La-Sentinelle-104059864394773"]},{"@type":"Person","@id":"https:\/\/lasentinelle.dz\/#\/schema\/person\/729ee0024f24e0b8c5ec17232f8e8b41","name":"admin","image":{"@type":"ImageObject","inLanguage":"fr-FR","@id":"https:\/\/secure.gravatar.com\/avatar\/4c81fed838786e9b53f540bf46533e750f5d292099ae3b66cfc6fb1982e29df7?s=96&d=mm&r=g","url":"https:\/\/secure.gravatar.com\/avatar\/4c81fed838786e9b53f540bf46533e750f5d292099ae3b66cfc6fb1982e29df7?s=96&d=mm&r=g","contentUrl":"https:\/\/secure.gravatar.com\/avatar\/4c81fed838786e9b53f540bf46533e750f5d292099ae3b66cfc6fb1982e29df7?s=96&d=mm&r=g","caption":"admin"},"description":"admin","url":"https:\/\/lasentinelle.dz\/author\/admin\/"}]}},"_links":{"self":[{"href":"https:\/\/lasentinelle.dz\/index.php\/wp-json\/wp\/v2\/posts\/68493","targetHints":{"allow":["GET"]}}],"collection":[{"href":"https:\/\/lasentinelle.dz\/index.php\/wp-json\/wp\/v2\/posts"}],"about":[{"href":"https:\/\/lasentinelle.dz\/index.php\/wp-json\/wp\/v2\/types\/post"}],"author":[{"embeddable":true,"href":"https:\/\/lasentinelle.dz\/index.php\/wp-json\/wp\/v2\/users\/6"}],"replies":[{"embeddable":true,"href":"https:\/\/lasentinelle.dz\/index.php\/wp-json\/wp\/v2\/comments?post=68493"}],"version-history":[{"count":1,"href":"https:\/\/lasentinelle.dz\/index.php\/wp-json\/wp\/v2\/posts\/68493\/revisions"}],"predecessor-version":[{"id":68494,"href":"https:\/\/lasentinelle.dz\/index.php\/wp-json\/wp\/v2\/posts\/68493\/revisions\/68494"}],"wp:featuredmedia":[{"embeddable":true,"href":"https:\/\/lasentinelle.dz\/index.php\/wp-json\/wp\/v2\/media\/57408"}],"wp:attachment":[{"href":"https:\/\/lasentinelle.dz\/index.php\/wp-json\/wp\/v2\/media?parent=68493"}],"wp:term":[{"taxonomy":"category","embeddable":true,"href":"https:\/\/lasentinelle.dz\/index.php\/wp-json\/wp\/v2\/categories?post=68493"},{"taxonomy":"post_tag","embeddable":true,"href":"https:\/\/lasentinelle.dz\/index.php\/wp-json\/wp\/v2\/tags?post=68493"}],"curies":[{"name":"wp","href":"https:\/\/api.w.org\/{rel}","templated":true}]}}