{"id":68495,"date":"2025-06-04T22:07:39","date_gmt":"2025-06-04T21:07:39","guid":{"rendered":"https:\/\/lasentinelle.dz\/?p=68495"},"modified":"2025-06-04T22:07:40","modified_gmt":"2025-06-04T21:07:40","slug":"cadc-hyia-une-initiative-nationale-pour-lautonomisation-des-femmes-dans-le-cinema","status":"publish","type":"post","link":"https:\/\/lasentinelle.dz\/index.php\/2025\/06\/04\/cadc-hyia-une-initiative-nationale-pour-lautonomisation-des-femmes-dans-le-cinema\/","title":{"rendered":"CADC : \u00ab\u00a0Hyia, \u00a0une initiative nationale pour l&rsquo;autonomisation des femmes dans le cin\u00e9ma"},"content":{"rendered":"\n<p>Le Centre national de la cin\u00e9matographie et de l&rsquo;audiovisuel lance une nouvelle initiative cin\u00e9matographique intitul\u00e9e \u00ab\u00a0#Hia\u00a0\u00bb, destin\u00e9e aux femmes porteuses de projets de courts-m\u00e9trages de fiction, dans le cadre du soutien \u00e0 la participation f\u00e9minine dans le secteur de la cr\u00e9ation visuelle, sous la supervision du minist\u00e8re de la Culture et des Arts.<\/p>\n\n\n\n<p>Cette initiative ambitieuse vise \u00e0 doter les femmes des outils du travail cin\u00e9matographique et \u00e0 cr\u00e9er des espaces professionnels pour concr\u00e9tiser leurs visions et exp\u00e9riences au sein de l&rsquo;industrie cin\u00e9matographique nationale. Le programme combine formation th\u00e9orique et accompagnement pratique sur une ann\u00e9e compl\u00e8te, offrant un parcours structur\u00e9 et complet aux participantes.<\/p>\n\n\n\n<p>L&rsquo;initiative d\u00e9bute par un atelier intensif en pr\u00e9sentiel les 29 et 30 juin 2025 au si\u00e8ge du Centre \u00e0 Alger, sous la supervision de la r\u00e9alisatrice et sc\u00e9nariste alg\u00e9rienne Yasmine Chouikh. Cette premi\u00e8re phase sera suivie d&rsquo;une seconde \u00e9tape s&rsquo;\u00e9tendant de juillet 2025 \u00e0 juin 2026, comprenant un accompagnement individuel et un soutien artistique et strat\u00e9gique pour d\u00e9velopper les projets, sous la supervision de professionnels et d&rsquo;experts du domaine. L&rsquo;objectif principal consiste \u00e0 d\u00e9velopper les comp\u00e9tences cr\u00e9atives et techniques des participantes, accompagner leurs projets \u00e0 toutes les \u00e9tapes, renforcer la pr\u00e9sence f\u00e9minine dans la r\u00e9alisation, l&rsquo;\u00e9criture de sc\u00e9narios et la production, tout en les connectant \u00e0 des r\u00e9seaux professionnels locaux et internationaux. Cette approche ouvre des horizons plus larges pour leur \u00e9panouissement et leur comp\u00e9titivit\u00e9 sur la sc\u00e8ne cin\u00e9matographique.<\/p>\n\n\n\n<p>Les conditions de participation exigent que la candidate soit de nationalit\u00e9 alg\u00e9rienne et pr\u00e9sente un projet de court-m\u00e9trage de fiction ne d\u00e9passant pas 13 minutes, avec l&rsquo;engagement de participer \u00e0 l&rsquo;atelier et \u00e0 l&rsquo;accompagnement annuel. Seulement cinq participantes seront s\u00e9lectionn\u00e9es apr\u00e8s \u00e9tude des dossiers par un comit\u00e9 sp\u00e9cialis\u00e9.<\/p>\n\n\n\n<p>Le formulaire de candidature est disponible sur le site du Centre \u00e0 l&rsquo;adresse https:\/\/cnca.dz\/formulaire\/formulairCNCA03.pdf et la date limite d&rsquo;envoi des dossiers est fix\u00e9e au 20 juin 2025.<\/p>\n\n\n\n<p>Par cette d\u00e9marche, le Centre poursuit son soutien \u00e0 la cr\u00e9ativit\u00e9 f\u00e9minine, convaincu du droit de la femme alg\u00e9rienne \u00e0 raconter ses histoires dans un langage cin\u00e9matographique qui refl\u00e8te sa r\u00e9alit\u00e9 et ses aspirations. Cette initiative repr\u00e9sente une \u00e9tape significative dans la d\u00e9mocratisation de l&rsquo;acc\u00e8s aux m\u00e9tiers du cin\u00e9ma pour les femmes alg\u00e9riennes, leur offrant les moyens de s&rsquo;exprimer artistiquement et de contribuer activement au renouvellement du paysage cin\u00e9matographique national.<\/p>\n\n\n\n<p>R.C.<\/p>\n","protected":false},"excerpt":{"rendered":"<p>Le Centre national de la cin\u00e9matographie et de l&rsquo;audiovisuel lance une nouvelle initiative cin\u00e9matographique intitul\u00e9e \u00ab\u00a0#Hia\u00a0\u00bb, destin\u00e9e aux femmes porteuses<\/p>\n","protected":false},"author":6,"featured_media":68496,"comment_status":"open","ping_status":"closed","sticky":false,"template":"","format":"standard","meta":{"colormag_page_container_layout":"default_layout","colormag_page_sidebar_layout":"default_layout","om_disable_all_campaigns":false,"_monsterinsights_skip_tracking":false,"_monsterinsights_sitenote_active":false,"_monsterinsights_sitenote_note":"","_monsterinsights_sitenote_category":0,"footnotes":"","_wpscppro_dont_share_socialmedia":false,"_wpscppro_custom_social_share_image":0,"_facebook_share_type":"default","_twitter_share_type":"default","_linkedin_share_type":"default","_pinterest_share_type":"default","_linkedin_share_type_page":"","_instagram_share_type":"default","_medium_share_type":"default","_threads_share_type":"","_google_business_share_type":"","_selected_social_profile":[],"_wpsp_enable_custom_social_template":false,"_wpsp_social_scheduling":{"enabled":false,"datetime":null,"platforms":[],"status":"template_only","dateOption":"today","timeOption":"now","customDays":"","customHours":"","customDate":"","customTime":"","schedulingType":"absolute"},"_wpsp_active_default_template":true},"categories":[36],"tags":[],"class_list":["post-68495","post","type-post","status-publish","format-standard","has-post-thumbnail","hentry","category-culture"],"aioseo_notices":[],"yoast_head":"<!-- This site is optimized with the Yoast SEO plugin v27.5 - https:\/\/yoast.com\/product\/yoast-seo-wordpress\/ -->\n<title>CADC : \u00ab\u00a0Hyia, \u00a0une initiative nationale pour l&rsquo;autonomisation des femmes dans le cin\u00e9ma - La Sentinelle<\/title>\n<meta name=\"robots\" content=\"index, follow, max-snippet:-1, max-image-preview:large, max-video-preview:-1\" \/>\n<link rel=\"canonical\" href=\"https:\/\/lasentinelle.dz\/index.php\/2025\/06\/04\/cadc-hyia-une-initiative-nationale-pour-lautonomisation-des-femmes-dans-le-cinema\/\" \/>\n<meta property=\"og:locale\" content=\"fr_FR\" \/>\n<meta property=\"og:type\" content=\"article\" \/>\n<meta property=\"og:title\" content=\"CADC : \u00ab\u00a0Hyia, \u00a0une initiative nationale pour l&rsquo;autonomisation des femmes dans le cin\u00e9ma - La Sentinelle\" \/>\n<meta property=\"og:description\" content=\"Le Centre national de la cin\u00e9matographie et de l&rsquo;audiovisuel lance une nouvelle initiative cin\u00e9matographique intitul\u00e9e \u00ab\u00a0#Hia\u00a0\u00bb, destin\u00e9e aux femmes porteuses\" \/>\n<meta property=\"og:url\" content=\"https:\/\/lasentinelle.dz\/index.php\/2025\/06\/04\/cadc-hyia-une-initiative-nationale-pour-lautonomisation-des-femmes-dans-le-cinema\/\" \/>\n<meta property=\"og:site_name\" content=\"La Sentinelle\" \/>\n<meta property=\"article:publisher\" content=\"https:\/\/www.facebook.com\/La-Sentinelle-104059864394773\" \/>\n<meta property=\"article:published_time\" content=\"2025-06-04T21:07:39+00:00\" \/>\n<meta property=\"article:modified_time\" content=\"2025-06-04T21:07:40+00:00\" \/>\n<meta property=\"og:image\" content=\"https:\/\/lasentinelle.dz\/wp-content\/uploads\/2025\/06\/CADC.jpg\" \/>\n\t<meta property=\"og:image:width\" content=\"1000\" \/>\n\t<meta property=\"og:image:height\" content=\"600\" \/>\n\t<meta property=\"og:image:type\" content=\"image\/jpeg\" \/>\n<meta name=\"author\" content=\"admin\" \/>\n<meta name=\"twitter:card\" content=\"summary_large_image\" \/>\n<meta name=\"twitter:label1\" content=\"\u00c9crit par\" \/>\n\t<meta name=\"twitter:data1\" content=\"admin\" \/>\n\t<meta name=\"twitter:label2\" content=\"Dur\u00e9e de lecture estim\u00e9e\" \/>\n\t<meta name=\"twitter:data2\" content=\"3 minutes\" \/>\n<script type=\"application\/ld+json\" class=\"yoast-schema-graph\">{\"@context\":\"https:\\\/\\\/schema.org\",\"@graph\":[{\"@type\":\"Article\",\"@id\":\"https:\\\/\\\/lasentinelle.dz\\\/index.php\\\/2025\\\/06\\\/04\\\/cadc-hyia-une-initiative-nationale-pour-lautonomisation-des-femmes-dans-le-cinema\\\/#article\",\"isPartOf\":{\"@id\":\"https:\\\/\\\/lasentinelle.dz\\\/index.php\\\/2025\\\/06\\\/04\\\/cadc-hyia-une-initiative-nationale-pour-lautonomisation-des-femmes-dans-le-cinema\\\/\"},\"author\":{\"name\":\"admin\",\"@id\":\"https:\\\/\\\/lasentinelle.dz\\\/#\\\/schema\\\/person\\\/729ee0024f24e0b8c5ec17232f8e8b41\"},\"headline\":\"CADC : \u00ab\u00a0Hyia, \u00a0une initiative nationale pour l&rsquo;autonomisation des femmes dans le cin\u00e9ma\",\"datePublished\":\"2025-06-04T21:07:39+00:00\",\"dateModified\":\"2025-06-04T21:07:40+00:00\",\"mainEntityOfPage\":{\"@id\":\"https:\\\/\\\/lasentinelle.dz\\\/index.php\\\/2025\\\/06\\\/04\\\/cadc-hyia-une-initiative-nationale-pour-lautonomisation-des-femmes-dans-le-cinema\\\/\"},\"wordCount\":453,\"commentCount\":0,\"publisher\":{\"@id\":\"https:\\\/\\\/lasentinelle.dz\\\/#organization\"},\"image\":{\"@id\":\"https:\\\/\\\/lasentinelle.dz\\\/index.php\\\/2025\\\/06\\\/04\\\/cadc-hyia-une-initiative-nationale-pour-lautonomisation-des-femmes-dans-le-cinema\\\/#primaryimage\"},\"thumbnailUrl\":\"https:\\\/\\\/lasentinelle.dz\\\/wp-content\\\/uploads\\\/2025\\\/06\\\/CADC.jpg\",\"articleSection\":[\"Culture\"],\"inLanguage\":\"fr-FR\",\"potentialAction\":[{\"@type\":\"CommentAction\",\"name\":\"Comment\",\"target\":[\"https:\\\/\\\/lasentinelle.dz\\\/index.php\\\/2025\\\/06\\\/04\\\/cadc-hyia-une-initiative-nationale-pour-lautonomisation-des-femmes-dans-le-cinema\\\/#respond\"]}]},{\"@type\":\"WebPage\",\"@id\":\"https:\\\/\\\/lasentinelle.dz\\\/index.php\\\/2025\\\/06\\\/04\\\/cadc-hyia-une-initiative-nationale-pour-lautonomisation-des-femmes-dans-le-cinema\\\/\",\"url\":\"https:\\\/\\\/lasentinelle.dz\\\/index.php\\\/2025\\\/06\\\/04\\\/cadc-hyia-une-initiative-nationale-pour-lautonomisation-des-femmes-dans-le-cinema\\\/\",\"name\":\"CADC : \u00ab\u00a0Hyia, \u00a0une initiative nationale pour l&rsquo;autonomisation des femmes dans le cin\u00e9ma - La Sentinelle\",\"isPartOf\":{\"@id\":\"https:\\\/\\\/lasentinelle.dz\\\/#website\"},\"primaryImageOfPage\":{\"@id\":\"https:\\\/\\\/lasentinelle.dz\\\/index.php\\\/2025\\\/06\\\/04\\\/cadc-hyia-une-initiative-nationale-pour-lautonomisation-des-femmes-dans-le-cinema\\\/#primaryimage\"},\"image\":{\"@id\":\"https:\\\/\\\/lasentinelle.dz\\\/index.php\\\/2025\\\/06\\\/04\\\/cadc-hyia-une-initiative-nationale-pour-lautonomisation-des-femmes-dans-le-cinema\\\/#primaryimage\"},\"thumbnailUrl\":\"https:\\\/\\\/lasentinelle.dz\\\/wp-content\\\/uploads\\\/2025\\\/06\\\/CADC.jpg\",\"datePublished\":\"2025-06-04T21:07:39+00:00\",\"dateModified\":\"2025-06-04T21:07:40+00:00\",\"breadcrumb\":{\"@id\":\"https:\\\/\\\/lasentinelle.dz\\\/index.php\\\/2025\\\/06\\\/04\\\/cadc-hyia-une-initiative-nationale-pour-lautonomisation-des-femmes-dans-le-cinema\\\/#breadcrumb\"},\"inLanguage\":\"fr-FR\",\"potentialAction\":[{\"@type\":\"ReadAction\",\"target\":[\"https:\\\/\\\/lasentinelle.dz\\\/index.php\\\/2025\\\/06\\\/04\\\/cadc-hyia-une-initiative-nationale-pour-lautonomisation-des-femmes-dans-le-cinema\\\/\"]}]},{\"@type\":\"ImageObject\",\"inLanguage\":\"fr-FR\",\"@id\":\"https:\\\/\\\/lasentinelle.dz\\\/index.php\\\/2025\\\/06\\\/04\\\/cadc-hyia-une-initiative-nationale-pour-lautonomisation-des-femmes-dans-le-cinema\\\/#primaryimage\",\"url\":\"https:\\\/\\\/lasentinelle.dz\\\/wp-content\\\/uploads\\\/2025\\\/06\\\/CADC.jpg\",\"contentUrl\":\"https:\\\/\\\/lasentinelle.dz\\\/wp-content\\\/uploads\\\/2025\\\/06\\\/CADC.jpg\",\"width\":1000,\"height\":600},{\"@type\":\"BreadcrumbList\",\"@id\":\"https:\\\/\\\/lasentinelle.dz\\\/index.php\\\/2025\\\/06\\\/04\\\/cadc-hyia-une-initiative-nationale-pour-lautonomisation-des-femmes-dans-le-cinema\\\/#breadcrumb\",\"itemListElement\":[{\"@type\":\"ListItem\",\"position\":1,\"name\":\"Accueil\",\"item\":\"https:\\\/\\\/lasentinelle.dz\\\/\"},{\"@type\":\"ListItem\",\"position\":2,\"name\":\"CADC : \u00ab\u00a0Hyia, \u00a0une initiative nationale pour l&rsquo;autonomisation des femmes dans le cin\u00e9ma\"}]},{\"@type\":\"WebSite\",\"@id\":\"https:\\\/\\\/lasentinelle.dz\\\/#website\",\"url\":\"https:\\\/\\\/lasentinelle.dz\\\/\",\"name\":\"La Sentinelle\",\"description\":\"Quotidien national d&#039;information\",\"publisher\":{\"@id\":\"https:\\\/\\\/lasentinelle.dz\\\/#organization\"},\"potentialAction\":[{\"@type\":\"SearchAction\",\"target\":{\"@type\":\"EntryPoint\",\"urlTemplate\":\"https:\\\/\\\/lasentinelle.dz\\\/?s={search_term_string}\"},\"query-input\":{\"@type\":\"PropertyValueSpecification\",\"valueRequired\":true,\"valueName\":\"search_term_string\"}}],\"inLanguage\":\"fr-FR\"},{\"@type\":\"Organization\",\"@id\":\"https:\\\/\\\/lasentinelle.dz\\\/#organization\",\"name\":\"Quotidien La Sentinelle\",\"url\":\"https:\\\/\\\/lasentinelle.dz\\\/\",\"logo\":{\"@type\":\"ImageObject\",\"inLanguage\":\"fr-FR\",\"@id\":\"https:\\\/\\\/lasentinelle.dz\\\/#\\\/schema\\\/logo\\\/image\\\/\",\"url\":\"https:\\\/\\\/lasentinelle.dz\\\/wp-content\\\/uploads\\\/2021\\\/09\\\/logo-sentinelleSLOGAN-1.png\",\"contentUrl\":\"https:\\\/\\\/lasentinelle.dz\\\/wp-content\\\/uploads\\\/2021\\\/09\\\/logo-sentinelleSLOGAN-1.png\",\"width\":615,\"height\":142,\"caption\":\"Quotidien La Sentinelle\"},\"image\":{\"@id\":\"https:\\\/\\\/lasentinelle.dz\\\/#\\\/schema\\\/logo\\\/image\\\/\"},\"sameAs\":[\"https:\\\/\\\/www.facebook.com\\\/La-Sentinelle-104059864394773\"]},{\"@type\":\"Person\",\"@id\":\"https:\\\/\\\/lasentinelle.dz\\\/#\\\/schema\\\/person\\\/729ee0024f24e0b8c5ec17232f8e8b41\",\"name\":\"admin\",\"image\":{\"@type\":\"ImageObject\",\"inLanguage\":\"fr-FR\",\"@id\":\"https:\\\/\\\/secure.gravatar.com\\\/avatar\\\/4c81fed838786e9b53f540bf46533e750f5d292099ae3b66cfc6fb1982e29df7?s=96&d=mm&r=g\",\"url\":\"https:\\\/\\\/secure.gravatar.com\\\/avatar\\\/4c81fed838786e9b53f540bf46533e750f5d292099ae3b66cfc6fb1982e29df7?s=96&d=mm&r=g\",\"contentUrl\":\"https:\\\/\\\/secure.gravatar.com\\\/avatar\\\/4c81fed838786e9b53f540bf46533e750f5d292099ae3b66cfc6fb1982e29df7?s=96&d=mm&r=g\",\"caption\":\"admin\"},\"description\":\"admin\",\"url\":\"https:\\\/\\\/lasentinelle.dz\\\/author\\\/admin\\\/\"}]}<\/script>\n<!-- \/ Yoast SEO plugin. -->","yoast_head_json":{"title":"CADC : \u00ab\u00a0Hyia, \u00a0une initiative nationale pour l&rsquo;autonomisation des femmes dans le cin\u00e9ma - La Sentinelle","robots":{"index":"index","follow":"follow","max-snippet":"max-snippet:-1","max-image-preview":"max-image-preview:large","max-video-preview":"max-video-preview:-1"},"canonical":"https:\/\/lasentinelle.dz\/index.php\/2025\/06\/04\/cadc-hyia-une-initiative-nationale-pour-lautonomisation-des-femmes-dans-le-cinema\/","og_locale":"fr_FR","og_type":"article","og_title":"CADC : \u00ab\u00a0Hyia, \u00a0une initiative nationale pour l&rsquo;autonomisation des femmes dans le cin\u00e9ma - La Sentinelle","og_description":"Le Centre national de la cin\u00e9matographie et de l&rsquo;audiovisuel lance une nouvelle initiative cin\u00e9matographique intitul\u00e9e \u00ab\u00a0#Hia\u00a0\u00bb, destin\u00e9e aux femmes porteuses","og_url":"https:\/\/lasentinelle.dz\/index.php\/2025\/06\/04\/cadc-hyia-une-initiative-nationale-pour-lautonomisation-des-femmes-dans-le-cinema\/","og_site_name":"La Sentinelle","article_publisher":"https:\/\/www.facebook.com\/La-Sentinelle-104059864394773","article_published_time":"2025-06-04T21:07:39+00:00","article_modified_time":"2025-06-04T21:07:40+00:00","og_image":[{"width":1000,"height":600,"url":"https:\/\/lasentinelle.dz\/wp-content\/uploads\/2025\/06\/CADC.jpg","type":"image\/jpeg"}],"author":"admin","twitter_card":"summary_large_image","twitter_misc":{"\u00c9crit par":"admin","Dur\u00e9e de lecture estim\u00e9e":"3 minutes"},"schema":{"@context":"https:\/\/schema.org","@graph":[{"@type":"Article","@id":"https:\/\/lasentinelle.dz\/index.php\/2025\/06\/04\/cadc-hyia-une-initiative-nationale-pour-lautonomisation-des-femmes-dans-le-cinema\/#article","isPartOf":{"@id":"https:\/\/lasentinelle.dz\/index.php\/2025\/06\/04\/cadc-hyia-une-initiative-nationale-pour-lautonomisation-des-femmes-dans-le-cinema\/"},"author":{"name":"admin","@id":"https:\/\/lasentinelle.dz\/#\/schema\/person\/729ee0024f24e0b8c5ec17232f8e8b41"},"headline":"CADC : \u00ab\u00a0Hyia, \u00a0une initiative nationale pour l&rsquo;autonomisation des femmes dans le cin\u00e9ma","datePublished":"2025-06-04T21:07:39+00:00","dateModified":"2025-06-04T21:07:40+00:00","mainEntityOfPage":{"@id":"https:\/\/lasentinelle.dz\/index.php\/2025\/06\/04\/cadc-hyia-une-initiative-nationale-pour-lautonomisation-des-femmes-dans-le-cinema\/"},"wordCount":453,"commentCount":0,"publisher":{"@id":"https:\/\/lasentinelle.dz\/#organization"},"image":{"@id":"https:\/\/lasentinelle.dz\/index.php\/2025\/06\/04\/cadc-hyia-une-initiative-nationale-pour-lautonomisation-des-femmes-dans-le-cinema\/#primaryimage"},"thumbnailUrl":"https:\/\/lasentinelle.dz\/wp-content\/uploads\/2025\/06\/CADC.jpg","articleSection":["Culture"],"inLanguage":"fr-FR","potentialAction":[{"@type":"CommentAction","name":"Comment","target":["https:\/\/lasentinelle.dz\/index.php\/2025\/06\/04\/cadc-hyia-une-initiative-nationale-pour-lautonomisation-des-femmes-dans-le-cinema\/#respond"]}]},{"@type":"WebPage","@id":"https:\/\/lasentinelle.dz\/index.php\/2025\/06\/04\/cadc-hyia-une-initiative-nationale-pour-lautonomisation-des-femmes-dans-le-cinema\/","url":"https:\/\/lasentinelle.dz\/index.php\/2025\/06\/04\/cadc-hyia-une-initiative-nationale-pour-lautonomisation-des-femmes-dans-le-cinema\/","name":"CADC : \u00ab\u00a0Hyia, \u00a0une initiative nationale pour l&rsquo;autonomisation des femmes dans le cin\u00e9ma - La Sentinelle","isPartOf":{"@id":"https:\/\/lasentinelle.dz\/#website"},"primaryImageOfPage":{"@id":"https:\/\/lasentinelle.dz\/index.php\/2025\/06\/04\/cadc-hyia-une-initiative-nationale-pour-lautonomisation-des-femmes-dans-le-cinema\/#primaryimage"},"image":{"@id":"https:\/\/lasentinelle.dz\/index.php\/2025\/06\/04\/cadc-hyia-une-initiative-nationale-pour-lautonomisation-des-femmes-dans-le-cinema\/#primaryimage"},"thumbnailUrl":"https:\/\/lasentinelle.dz\/wp-content\/uploads\/2025\/06\/CADC.jpg","datePublished":"2025-06-04T21:07:39+00:00","dateModified":"2025-06-04T21:07:40+00:00","breadcrumb":{"@id":"https:\/\/lasentinelle.dz\/index.php\/2025\/06\/04\/cadc-hyia-une-initiative-nationale-pour-lautonomisation-des-femmes-dans-le-cinema\/#breadcrumb"},"inLanguage":"fr-FR","potentialAction":[{"@type":"ReadAction","target":["https:\/\/lasentinelle.dz\/index.php\/2025\/06\/04\/cadc-hyia-une-initiative-nationale-pour-lautonomisation-des-femmes-dans-le-cinema\/"]}]},{"@type":"ImageObject","inLanguage":"fr-FR","@id":"https:\/\/lasentinelle.dz\/index.php\/2025\/06\/04\/cadc-hyia-une-initiative-nationale-pour-lautonomisation-des-femmes-dans-le-cinema\/#primaryimage","url":"https:\/\/lasentinelle.dz\/wp-content\/uploads\/2025\/06\/CADC.jpg","contentUrl":"https:\/\/lasentinelle.dz\/wp-content\/uploads\/2025\/06\/CADC.jpg","width":1000,"height":600},{"@type":"BreadcrumbList","@id":"https:\/\/lasentinelle.dz\/index.php\/2025\/06\/04\/cadc-hyia-une-initiative-nationale-pour-lautonomisation-des-femmes-dans-le-cinema\/#breadcrumb","itemListElement":[{"@type":"ListItem","position":1,"name":"Accueil","item":"https:\/\/lasentinelle.dz\/"},{"@type":"ListItem","position":2,"name":"CADC : \u00ab\u00a0Hyia, \u00a0une initiative nationale pour l&rsquo;autonomisation des femmes dans le cin\u00e9ma"}]},{"@type":"WebSite","@id":"https:\/\/lasentinelle.dz\/#website","url":"https:\/\/lasentinelle.dz\/","name":"La Sentinelle","description":"Quotidien national d&#039;information","publisher":{"@id":"https:\/\/lasentinelle.dz\/#organization"},"potentialAction":[{"@type":"SearchAction","target":{"@type":"EntryPoint","urlTemplate":"https:\/\/lasentinelle.dz\/?s={search_term_string}"},"query-input":{"@type":"PropertyValueSpecification","valueRequired":true,"valueName":"search_term_string"}}],"inLanguage":"fr-FR"},{"@type":"Organization","@id":"https:\/\/lasentinelle.dz\/#organization","name":"Quotidien La Sentinelle","url":"https:\/\/lasentinelle.dz\/","logo":{"@type":"ImageObject","inLanguage":"fr-FR","@id":"https:\/\/lasentinelle.dz\/#\/schema\/logo\/image\/","url":"https:\/\/lasentinelle.dz\/wp-content\/uploads\/2021\/09\/logo-sentinelleSLOGAN-1.png","contentUrl":"https:\/\/lasentinelle.dz\/wp-content\/uploads\/2021\/09\/logo-sentinelleSLOGAN-1.png","width":615,"height":142,"caption":"Quotidien La Sentinelle"},"image":{"@id":"https:\/\/lasentinelle.dz\/#\/schema\/logo\/image\/"},"sameAs":["https:\/\/www.facebook.com\/La-Sentinelle-104059864394773"]},{"@type":"Person","@id":"https:\/\/lasentinelle.dz\/#\/schema\/person\/729ee0024f24e0b8c5ec17232f8e8b41","name":"admin","image":{"@type":"ImageObject","inLanguage":"fr-FR","@id":"https:\/\/secure.gravatar.com\/avatar\/4c81fed838786e9b53f540bf46533e750f5d292099ae3b66cfc6fb1982e29df7?s=96&d=mm&r=g","url":"https:\/\/secure.gravatar.com\/avatar\/4c81fed838786e9b53f540bf46533e750f5d292099ae3b66cfc6fb1982e29df7?s=96&d=mm&r=g","contentUrl":"https:\/\/secure.gravatar.com\/avatar\/4c81fed838786e9b53f540bf46533e750f5d292099ae3b66cfc6fb1982e29df7?s=96&d=mm&r=g","caption":"admin"},"description":"admin","url":"https:\/\/lasentinelle.dz\/author\/admin\/"}]}},"_links":{"self":[{"href":"https:\/\/lasentinelle.dz\/index.php\/wp-json\/wp\/v2\/posts\/68495","targetHints":{"allow":["GET"]}}],"collection":[{"href":"https:\/\/lasentinelle.dz\/index.php\/wp-json\/wp\/v2\/posts"}],"about":[{"href":"https:\/\/lasentinelle.dz\/index.php\/wp-json\/wp\/v2\/types\/post"}],"author":[{"embeddable":true,"href":"https:\/\/lasentinelle.dz\/index.php\/wp-json\/wp\/v2\/users\/6"}],"replies":[{"embeddable":true,"href":"https:\/\/lasentinelle.dz\/index.php\/wp-json\/wp\/v2\/comments?post=68495"}],"version-history":[{"count":2,"href":"https:\/\/lasentinelle.dz\/index.php\/wp-json\/wp\/v2\/posts\/68495\/revisions"}],"predecessor-version":[{"id":68498,"href":"https:\/\/lasentinelle.dz\/index.php\/wp-json\/wp\/v2\/posts\/68495\/revisions\/68498"}],"wp:featuredmedia":[{"embeddable":true,"href":"https:\/\/lasentinelle.dz\/index.php\/wp-json\/wp\/v2\/media\/68496"}],"wp:attachment":[{"href":"https:\/\/lasentinelle.dz\/index.php\/wp-json\/wp\/v2\/media?parent=68495"}],"wp:term":[{"taxonomy":"category","embeddable":true,"href":"https:\/\/lasentinelle.dz\/index.php\/wp-json\/wp\/v2\/categories?post=68495"},{"taxonomy":"post_tag","embeddable":true,"href":"https:\/\/lasentinelle.dz\/index.php\/wp-json\/wp\/v2\/tags?post=68495"}],"curies":[{"name":"wp","href":"https:\/\/api.w.org\/{rel}","templated":true}]}}