{"id":68502,"date":"2025-06-04T22:10:36","date_gmt":"2025-06-04T21:10:36","guid":{"rendered":"https:\/\/lasentinelle.dz\/?p=68502"},"modified":"2025-06-04T22:10:37","modified_gmt":"2025-06-04T21:10:37","slug":"projet-de-film-sur-lemir-abdelkader-allier-rigueur-historique-et-esthetisme-universaliste","status":"publish","type":"post","link":"https:\/\/lasentinelle.dz\/index.php\/2025\/06\/04\/projet-de-film-sur-lemir-abdelkader-allier-rigueur-historique-et-esthetisme-universaliste\/","title":{"rendered":"Projet de film sur l&rsquo;\u00c9mir Abdelkader: Allier rigueur historique et esth\u00e9tisme universaliste"},"content":{"rendered":"\n<p>La figure de l&rsquo;\u00c9mir Abdelkader, l&rsquo;une des plus embl\u00e9matiques de l&rsquo;histoire nationale sera bient\u00f4t port\u00e9e sur grand \u00e9cran. La troisi\u00e8me r\u00e9union consultative organis\u00e9e lundi \u00e0 la Biblioth\u00e8que nationale d&rsquo;Alger autour du projet de film sur l&rsquo;Emir Abdelkader a r\u00e9uni un ar\u00e9opage d&rsquo;experts d\u00e9termin\u00e9s \u00e0 concilier exigence artistique et fid\u00e9lit\u00e9 historique pour ce qui s&rsquo;annonce comme une production cin\u00e9matographique d&rsquo;envergure internationale.<\/p>\n\n\n\n<p>L&rsquo;institution publique \u00ab\u00a0Al Djazairi\u00a0\u00bb, qui dirige le projet, a rassembl\u00e9 des professeurs de diverses disciplines historiques issus de dix universit\u00e9s alg\u00e9riennes, ainsi que trois chercheurs des universit\u00e9s de Laghouat et de Biskra. Cette mobilisation acad\u00e9mique t\u00e9moigne de l&rsquo;ambition du projet et de la volont\u00e9 de ses concepteurs de ne rien laisser au hasard dans la reconstitution de la vie du h\u00e9ros national. Djamel Yahiaoui, pr\u00e9sident du comit\u00e9 consultatif, a soulign\u00e9 l&rsquo;importance de la contribution des universit\u00e9s et des experts pour \u00ab\u00a0d\u00e9finir les grandes lignes de ce sc\u00e9nario\u00a0\u00bb. Son intervention r\u00e9v\u00e8le les enjeux multiples de cette production : \u00ab\u00a0la n\u00e9cessit\u00e9 de donner une dimension universelle \u00e0 ce film qui devra ainsi s&rsquo;adresser non seulement au public alg\u00e9rien, mais \u00e9galement aux citoyens du monde entier, tout en tenant compte de la dimension nationale dans une trame dense, dot\u00e9e d&rsquo;un impact visuel d&rsquo;une grande puissance\u00a0\u00bb. Cette approche ambitieuse n&rsquo;\u00e9chappe pas aux d\u00e9fis inh\u00e9rents \u00e0 tout projet de cette ampleur. Salim Aggar, charg\u00e9 de gestion de l&rsquo;Institution \u00ab\u00a0Al Djazairi\u00a0\u00bb, reconna\u00eet que la production du film \u00ab\u00a0n&rsquo;\u00e9tait pas une t\u00e2che facile\u00a0\u00bb, tout en pr\u00e9cisant que ce long m\u00e9trage \u00ab\u00a0constituera une r\u00e9f\u00e9rence culturelle de la dimension du film La Bataille d&rsquo;Alger\u00a0\u00bb. Cette comparaison avec le chef-d&rsquo;\u0153uvre de Pontecorvo n&rsquo;est pas anodine et r\u00e9v\u00e8le les ambitions cin\u00e9matographiques du projet. Aggar insiste \u00e9galement sur le fait que \u00ab\u00a0le sc\u00e9nario ne pourrait \u00eatre s\u00e9par\u00e9 de sources historiques pr\u00e9cises\u00a0\u00bb, posant ainsi les fondements m\u00e9thodologiques du travail \u00e0 venir.<\/p>\n\n\n\n<p>Le critique de cin\u00e9ma Ahmed Bedjaoui apporte une perspective esth\u00e9tique essentielle en insistant sur l&rsquo;importance d&rsquo;\u00eatre \u00e0 l&rsquo;\u00e9coute des experts du domaine. Selon lui, le film devra porter \u00ab\u00a0une empreinte alg\u00e9rienne m\u00eal\u00e9e \u00e0 l&rsquo;esprit de l&rsquo;universalit\u00e9\u00a0\u00bb, formule qui r\u00e9sume parfaitement l&rsquo;\u00e9quilibre d\u00e9licat que devront trouver les cr\u00e9ateurs entre authenticit\u00e9 locale et rayonnement international. Les recommandations issues de cette troisi\u00e8me r\u00e9union dessinent les contours d&rsquo;une d\u00e9marche rigoureuse. Les participants ont insist\u00e9 sur la n\u00e9cessit\u00e9 de fournir au sc\u00e9nariste \u00ab\u00a0un maximum d&rsquo;informations pr\u00e9cises et v\u00e9rifi\u00e9es\u00a0\u00bb englobant diverses perspectives et analyses historiques. L&rsquo;approche pr\u00e9conis\u00e9e devra adopter une esth\u00e9tique respectueuse du r\u00e9cit cin\u00e9matographique sans compromettre la v\u00e9racit\u00e9 des faits historiques, d\u00e9fi permanent du cin\u00e9ma historique.<\/p>\n\n\n\n<p>L&rsquo;ambition \u00e9ducative et culturelle du projet transpara\u00eet dans la volont\u00e9 de mettre en exergue le r\u00f4le de l&rsquo;Emir dans l&rsquo;\u00e9dification de l&rsquo;\u00c9tat alg\u00e9rien et l&rsquo;\u00e9tablissement des institutions. Les experts recommandent \u00e9galement \u00ab\u00a0d&rsquo;envisager l&rsquo;accompagnement du film d&rsquo;\u0153uvres parall\u00e8les, s\u00e9rie t\u00e9l\u00e9vis\u00e9e, documentaire \u00e0 plusieurs \u00e9pisodes\u00a0\u00bb, sugg\u00e9rant une approche transm\u00e9diatique moderne.<\/p>\n\n\n\n<p>Sur le plan narratif, les intervenants pr\u00e9conisent de \u00ab\u00a0s&rsquo;\u00e9loigner du r\u00e9cit chronologique traditionnel en faveur d&rsquo;une structure dramatique qui respecte une intrigue captivante\u00a0\u00bb. Cette approche devra s&rsquo;appuyer sur une s\u00e9lection intelligente des \u00e9tapes et \u00e9v\u00e9nements, consolidant le caract\u00e8re national avec une ouverture mondiale \u00e0 travers l&rsquo;utilisation de symboles de souverainet\u00e9 et la pr\u00e9sentation de l&rsquo;Emir Abdelkader comme \u00ab\u00a0un leader humanitaire au charisme universel\u00a0\u00bb.<\/p>\n\n\n\n<p>Ce projet ambitieux, port\u00e9 par le Comit\u00e9 consultatif install\u00e9 en f\u00e9vrier 2025, illustre la volont\u00e9 de l&rsquo;Alg\u00e9rie de faire rayonner son patrimoine historique \u00e0 travers le septi\u00e8me art, conjuguant expertise acad\u00e9mique et vision artistique pour donner vie \u00e0 une figure l\u00e9gendaire de l&rsquo;histoire universelle.<\/p>\n\n\n\n<p>Mohand Seghir<\/p>\n","protected":false},"excerpt":{"rendered":"<p>La figure de l&rsquo;\u00c9mir Abdelkader, l&rsquo;une des plus embl\u00e9matiques de l&rsquo;histoire nationale sera bient\u00f4t port\u00e9e sur grand \u00e9cran. La troisi\u00e8me<\/p>\n","protected":false},"author":6,"featured_media":10322,"comment_status":"open","ping_status":"closed","sticky":false,"template":"","format":"standard","meta":{"colormag_page_container_layout":"default_layout","colormag_page_sidebar_layout":"default_layout","om_disable_all_campaigns":false,"_monsterinsights_skip_tracking":false,"_monsterinsights_sitenote_active":false,"_monsterinsights_sitenote_note":"","_monsterinsights_sitenote_category":0,"footnotes":"","_wpscppro_dont_share_socialmedia":false,"_wpscppro_custom_social_share_image":0,"_facebook_share_type":"default","_twitter_share_type":"default","_linkedin_share_type":"default","_pinterest_share_type":"default","_linkedin_share_type_page":"","_instagram_share_type":"default","_medium_share_type":"default","_threads_share_type":"","_google_business_share_type":"","_selected_social_profile":[],"_wpsp_enable_custom_social_template":false,"_wpsp_social_scheduling":{"enabled":false,"datetime":null,"platforms":[],"status":"template_only","dateOption":"today","timeOption":"now","customDays":"","customHours":"","customDate":"","customTime":"","schedulingType":"absolute"},"_wpsp_active_default_template":true},"categories":[36],"tags":[],"class_list":["post-68502","post","type-post","status-publish","format-standard","has-post-thumbnail","hentry","category-culture"],"aioseo_notices":[],"yoast_head":"<!-- This site is optimized with the Yoast SEO plugin v27.5 - https:\/\/yoast.com\/product\/yoast-seo-wordpress\/ -->\n<title>Projet de film sur l&rsquo;\u00c9mir Abdelkader: Allier rigueur historique et esth\u00e9tisme universaliste - La Sentinelle<\/title>\n<meta name=\"robots\" content=\"index, follow, max-snippet:-1, max-image-preview:large, max-video-preview:-1\" \/>\n<link rel=\"canonical\" href=\"https:\/\/lasentinelle.dz\/index.php\/2025\/06\/04\/projet-de-film-sur-lemir-abdelkader-allier-rigueur-historique-et-esthetisme-universaliste\/\" \/>\n<meta property=\"og:locale\" content=\"fr_FR\" \/>\n<meta property=\"og:type\" content=\"article\" \/>\n<meta property=\"og:title\" content=\"Projet de film sur l&rsquo;\u00c9mir Abdelkader: Allier rigueur historique et esth\u00e9tisme universaliste - La Sentinelle\" \/>\n<meta property=\"og:description\" content=\"La figure de l&rsquo;\u00c9mir Abdelkader, l&rsquo;une des plus embl\u00e9matiques de l&rsquo;histoire nationale sera bient\u00f4t port\u00e9e sur grand \u00e9cran. La troisi\u00e8me\" \/>\n<meta property=\"og:url\" content=\"https:\/\/lasentinelle.dz\/index.php\/2025\/06\/04\/projet-de-film-sur-lemir-abdelkader-allier-rigueur-historique-et-esthetisme-universaliste\/\" \/>\n<meta property=\"og:site_name\" content=\"La Sentinelle\" \/>\n<meta property=\"article:publisher\" content=\"https:\/\/www.facebook.com\/La-Sentinelle-104059864394773\" \/>\n<meta property=\"article:published_time\" content=\"2025-06-04T21:10:36+00:00\" \/>\n<meta property=\"article:modified_time\" content=\"2025-06-04T21:10:37+00:00\" \/>\n<meta property=\"og:image\" content=\"https:\/\/lasentinelle.dz\/wp-content\/uploads\/2021\/10\/emir-abdelkader-e1701204905123.jpeg\" \/>\n\t<meta property=\"og:image:width\" content=\"1343\" \/>\n\t<meta property=\"og:image:height\" content=\"1056\" \/>\n\t<meta property=\"og:image:type\" content=\"image\/jpeg\" \/>\n<meta name=\"author\" content=\"admin\" \/>\n<meta name=\"twitter:card\" content=\"summary_large_image\" \/>\n<meta name=\"twitter:label1\" content=\"\u00c9crit par\" \/>\n\t<meta name=\"twitter:data1\" content=\"admin\" \/>\n\t<meta name=\"twitter:label2\" content=\"Dur\u00e9e de lecture estim\u00e9e\" \/>\n\t<meta name=\"twitter:data2\" content=\"4 minutes\" \/>\n<script type=\"application\/ld+json\" class=\"yoast-schema-graph\">{\"@context\":\"https:\\\/\\\/schema.org\",\"@graph\":[{\"@type\":\"Article\",\"@id\":\"https:\\\/\\\/lasentinelle.dz\\\/index.php\\\/2025\\\/06\\\/04\\\/projet-de-film-sur-lemir-abdelkader-allier-rigueur-historique-et-esthetisme-universaliste\\\/#article\",\"isPartOf\":{\"@id\":\"https:\\\/\\\/lasentinelle.dz\\\/index.php\\\/2025\\\/06\\\/04\\\/projet-de-film-sur-lemir-abdelkader-allier-rigueur-historique-et-esthetisme-universaliste\\\/\"},\"author\":{\"name\":\"admin\",\"@id\":\"https:\\\/\\\/lasentinelle.dz\\\/#\\\/schema\\\/person\\\/729ee0024f24e0b8c5ec17232f8e8b41\"},\"headline\":\"Projet de film sur l&rsquo;\u00c9mir Abdelkader: Allier rigueur historique et esth\u00e9tisme universaliste\",\"datePublished\":\"2025-06-04T21:10:36+00:00\",\"dateModified\":\"2025-06-04T21:10:37+00:00\",\"mainEntityOfPage\":{\"@id\":\"https:\\\/\\\/lasentinelle.dz\\\/index.php\\\/2025\\\/06\\\/04\\\/projet-de-film-sur-lemir-abdelkader-allier-rigueur-historique-et-esthetisme-universaliste\\\/\"},\"wordCount\":700,\"commentCount\":0,\"publisher\":{\"@id\":\"https:\\\/\\\/lasentinelle.dz\\\/#organization\"},\"image\":{\"@id\":\"https:\\\/\\\/lasentinelle.dz\\\/index.php\\\/2025\\\/06\\\/04\\\/projet-de-film-sur-lemir-abdelkader-allier-rigueur-historique-et-esthetisme-universaliste\\\/#primaryimage\"},\"thumbnailUrl\":\"https:\\\/\\\/lasentinelle.dz\\\/wp-content\\\/uploads\\\/2021\\\/10\\\/emir-abdelkader-e1701204905123.jpeg\",\"articleSection\":[\"Culture\"],\"inLanguage\":\"fr-FR\",\"potentialAction\":[{\"@type\":\"CommentAction\",\"name\":\"Comment\",\"target\":[\"https:\\\/\\\/lasentinelle.dz\\\/index.php\\\/2025\\\/06\\\/04\\\/projet-de-film-sur-lemir-abdelkader-allier-rigueur-historique-et-esthetisme-universaliste\\\/#respond\"]}]},{\"@type\":\"WebPage\",\"@id\":\"https:\\\/\\\/lasentinelle.dz\\\/index.php\\\/2025\\\/06\\\/04\\\/projet-de-film-sur-lemir-abdelkader-allier-rigueur-historique-et-esthetisme-universaliste\\\/\",\"url\":\"https:\\\/\\\/lasentinelle.dz\\\/index.php\\\/2025\\\/06\\\/04\\\/projet-de-film-sur-lemir-abdelkader-allier-rigueur-historique-et-esthetisme-universaliste\\\/\",\"name\":\"Projet de film sur l&rsquo;\u00c9mir Abdelkader: Allier rigueur historique et esth\u00e9tisme universaliste - La Sentinelle\",\"isPartOf\":{\"@id\":\"https:\\\/\\\/lasentinelle.dz\\\/#website\"},\"primaryImageOfPage\":{\"@id\":\"https:\\\/\\\/lasentinelle.dz\\\/index.php\\\/2025\\\/06\\\/04\\\/projet-de-film-sur-lemir-abdelkader-allier-rigueur-historique-et-esthetisme-universaliste\\\/#primaryimage\"},\"image\":{\"@id\":\"https:\\\/\\\/lasentinelle.dz\\\/index.php\\\/2025\\\/06\\\/04\\\/projet-de-film-sur-lemir-abdelkader-allier-rigueur-historique-et-esthetisme-universaliste\\\/#primaryimage\"},\"thumbnailUrl\":\"https:\\\/\\\/lasentinelle.dz\\\/wp-content\\\/uploads\\\/2021\\\/10\\\/emir-abdelkader-e1701204905123.jpeg\",\"datePublished\":\"2025-06-04T21:10:36+00:00\",\"dateModified\":\"2025-06-04T21:10:37+00:00\",\"breadcrumb\":{\"@id\":\"https:\\\/\\\/lasentinelle.dz\\\/index.php\\\/2025\\\/06\\\/04\\\/projet-de-film-sur-lemir-abdelkader-allier-rigueur-historique-et-esthetisme-universaliste\\\/#breadcrumb\"},\"inLanguage\":\"fr-FR\",\"potentialAction\":[{\"@type\":\"ReadAction\",\"target\":[\"https:\\\/\\\/lasentinelle.dz\\\/index.php\\\/2025\\\/06\\\/04\\\/projet-de-film-sur-lemir-abdelkader-allier-rigueur-historique-et-esthetisme-universaliste\\\/\"]}]},{\"@type\":\"ImageObject\",\"inLanguage\":\"fr-FR\",\"@id\":\"https:\\\/\\\/lasentinelle.dz\\\/index.php\\\/2025\\\/06\\\/04\\\/projet-de-film-sur-lemir-abdelkader-allier-rigueur-historique-et-esthetisme-universaliste\\\/#primaryimage\",\"url\":\"https:\\\/\\\/lasentinelle.dz\\\/wp-content\\\/uploads\\\/2021\\\/10\\\/emir-abdelkader-e1701204905123.jpeg\",\"contentUrl\":\"https:\\\/\\\/lasentinelle.dz\\\/wp-content\\\/uploads\\\/2021\\\/10\\\/emir-abdelkader-e1701204905123.jpeg\",\"width\":1343,\"height\":1056,\"caption\":\"E ZIANI THEMES 174\"},{\"@type\":\"BreadcrumbList\",\"@id\":\"https:\\\/\\\/lasentinelle.dz\\\/index.php\\\/2025\\\/06\\\/04\\\/projet-de-film-sur-lemir-abdelkader-allier-rigueur-historique-et-esthetisme-universaliste\\\/#breadcrumb\",\"itemListElement\":[{\"@type\":\"ListItem\",\"position\":1,\"name\":\"Accueil\",\"item\":\"https:\\\/\\\/lasentinelle.dz\\\/\"},{\"@type\":\"ListItem\",\"position\":2,\"name\":\"Projet de film sur l&rsquo;\u00c9mir Abdelkader: Allier rigueur historique et esth\u00e9tisme universaliste\"}]},{\"@type\":\"WebSite\",\"@id\":\"https:\\\/\\\/lasentinelle.dz\\\/#website\",\"url\":\"https:\\\/\\\/lasentinelle.dz\\\/\",\"name\":\"La Sentinelle\",\"description\":\"Quotidien national d&#039;information\",\"publisher\":{\"@id\":\"https:\\\/\\\/lasentinelle.dz\\\/#organization\"},\"potentialAction\":[{\"@type\":\"SearchAction\",\"target\":{\"@type\":\"EntryPoint\",\"urlTemplate\":\"https:\\\/\\\/lasentinelle.dz\\\/?s={search_term_string}\"},\"query-input\":{\"@type\":\"PropertyValueSpecification\",\"valueRequired\":true,\"valueName\":\"search_term_string\"}}],\"inLanguage\":\"fr-FR\"},{\"@type\":\"Organization\",\"@id\":\"https:\\\/\\\/lasentinelle.dz\\\/#organization\",\"name\":\"Quotidien La Sentinelle\",\"url\":\"https:\\\/\\\/lasentinelle.dz\\\/\",\"logo\":{\"@type\":\"ImageObject\",\"inLanguage\":\"fr-FR\",\"@id\":\"https:\\\/\\\/lasentinelle.dz\\\/#\\\/schema\\\/logo\\\/image\\\/\",\"url\":\"https:\\\/\\\/lasentinelle.dz\\\/wp-content\\\/uploads\\\/2021\\\/09\\\/logo-sentinelleSLOGAN-1.png\",\"contentUrl\":\"https:\\\/\\\/lasentinelle.dz\\\/wp-content\\\/uploads\\\/2021\\\/09\\\/logo-sentinelleSLOGAN-1.png\",\"width\":615,\"height\":142,\"caption\":\"Quotidien La Sentinelle\"},\"image\":{\"@id\":\"https:\\\/\\\/lasentinelle.dz\\\/#\\\/schema\\\/logo\\\/image\\\/\"},\"sameAs\":[\"https:\\\/\\\/www.facebook.com\\\/La-Sentinelle-104059864394773\"]},{\"@type\":\"Person\",\"@id\":\"https:\\\/\\\/lasentinelle.dz\\\/#\\\/schema\\\/person\\\/729ee0024f24e0b8c5ec17232f8e8b41\",\"name\":\"admin\",\"image\":{\"@type\":\"ImageObject\",\"inLanguage\":\"fr-FR\",\"@id\":\"https:\\\/\\\/secure.gravatar.com\\\/avatar\\\/4c81fed838786e9b53f540bf46533e750f5d292099ae3b66cfc6fb1982e29df7?s=96&d=mm&r=g\",\"url\":\"https:\\\/\\\/secure.gravatar.com\\\/avatar\\\/4c81fed838786e9b53f540bf46533e750f5d292099ae3b66cfc6fb1982e29df7?s=96&d=mm&r=g\",\"contentUrl\":\"https:\\\/\\\/secure.gravatar.com\\\/avatar\\\/4c81fed838786e9b53f540bf46533e750f5d292099ae3b66cfc6fb1982e29df7?s=96&d=mm&r=g\",\"caption\":\"admin\"},\"description\":\"admin\",\"url\":\"https:\\\/\\\/lasentinelle.dz\\\/author\\\/admin\\\/\"}]}<\/script>\n<!-- \/ Yoast SEO plugin. -->","yoast_head_json":{"title":"Projet de film sur l&rsquo;\u00c9mir Abdelkader: Allier rigueur historique et esth\u00e9tisme universaliste - La Sentinelle","robots":{"index":"index","follow":"follow","max-snippet":"max-snippet:-1","max-image-preview":"max-image-preview:large","max-video-preview":"max-video-preview:-1"},"canonical":"https:\/\/lasentinelle.dz\/index.php\/2025\/06\/04\/projet-de-film-sur-lemir-abdelkader-allier-rigueur-historique-et-esthetisme-universaliste\/","og_locale":"fr_FR","og_type":"article","og_title":"Projet de film sur l&rsquo;\u00c9mir Abdelkader: Allier rigueur historique et esth\u00e9tisme universaliste - La Sentinelle","og_description":"La figure de l&rsquo;\u00c9mir Abdelkader, l&rsquo;une des plus embl\u00e9matiques de l&rsquo;histoire nationale sera bient\u00f4t port\u00e9e sur grand \u00e9cran. La troisi\u00e8me","og_url":"https:\/\/lasentinelle.dz\/index.php\/2025\/06\/04\/projet-de-film-sur-lemir-abdelkader-allier-rigueur-historique-et-esthetisme-universaliste\/","og_site_name":"La Sentinelle","article_publisher":"https:\/\/www.facebook.com\/La-Sentinelle-104059864394773","article_published_time":"2025-06-04T21:10:36+00:00","article_modified_time":"2025-06-04T21:10:37+00:00","og_image":[{"width":1343,"height":1056,"url":"https:\/\/lasentinelle.dz\/wp-content\/uploads\/2021\/10\/emir-abdelkader-e1701204905123.jpeg","type":"image\/jpeg"}],"author":"admin","twitter_card":"summary_large_image","twitter_misc":{"\u00c9crit par":"admin","Dur\u00e9e de lecture estim\u00e9e":"4 minutes"},"schema":{"@context":"https:\/\/schema.org","@graph":[{"@type":"Article","@id":"https:\/\/lasentinelle.dz\/index.php\/2025\/06\/04\/projet-de-film-sur-lemir-abdelkader-allier-rigueur-historique-et-esthetisme-universaliste\/#article","isPartOf":{"@id":"https:\/\/lasentinelle.dz\/index.php\/2025\/06\/04\/projet-de-film-sur-lemir-abdelkader-allier-rigueur-historique-et-esthetisme-universaliste\/"},"author":{"name":"admin","@id":"https:\/\/lasentinelle.dz\/#\/schema\/person\/729ee0024f24e0b8c5ec17232f8e8b41"},"headline":"Projet de film sur l&rsquo;\u00c9mir Abdelkader: Allier rigueur historique et esth\u00e9tisme universaliste","datePublished":"2025-06-04T21:10:36+00:00","dateModified":"2025-06-04T21:10:37+00:00","mainEntityOfPage":{"@id":"https:\/\/lasentinelle.dz\/index.php\/2025\/06\/04\/projet-de-film-sur-lemir-abdelkader-allier-rigueur-historique-et-esthetisme-universaliste\/"},"wordCount":700,"commentCount":0,"publisher":{"@id":"https:\/\/lasentinelle.dz\/#organization"},"image":{"@id":"https:\/\/lasentinelle.dz\/index.php\/2025\/06\/04\/projet-de-film-sur-lemir-abdelkader-allier-rigueur-historique-et-esthetisme-universaliste\/#primaryimage"},"thumbnailUrl":"https:\/\/lasentinelle.dz\/wp-content\/uploads\/2021\/10\/emir-abdelkader-e1701204905123.jpeg","articleSection":["Culture"],"inLanguage":"fr-FR","potentialAction":[{"@type":"CommentAction","name":"Comment","target":["https:\/\/lasentinelle.dz\/index.php\/2025\/06\/04\/projet-de-film-sur-lemir-abdelkader-allier-rigueur-historique-et-esthetisme-universaliste\/#respond"]}]},{"@type":"WebPage","@id":"https:\/\/lasentinelle.dz\/index.php\/2025\/06\/04\/projet-de-film-sur-lemir-abdelkader-allier-rigueur-historique-et-esthetisme-universaliste\/","url":"https:\/\/lasentinelle.dz\/index.php\/2025\/06\/04\/projet-de-film-sur-lemir-abdelkader-allier-rigueur-historique-et-esthetisme-universaliste\/","name":"Projet de film sur l&rsquo;\u00c9mir Abdelkader: Allier rigueur historique et esth\u00e9tisme universaliste - La Sentinelle","isPartOf":{"@id":"https:\/\/lasentinelle.dz\/#website"},"primaryImageOfPage":{"@id":"https:\/\/lasentinelle.dz\/index.php\/2025\/06\/04\/projet-de-film-sur-lemir-abdelkader-allier-rigueur-historique-et-esthetisme-universaliste\/#primaryimage"},"image":{"@id":"https:\/\/lasentinelle.dz\/index.php\/2025\/06\/04\/projet-de-film-sur-lemir-abdelkader-allier-rigueur-historique-et-esthetisme-universaliste\/#primaryimage"},"thumbnailUrl":"https:\/\/lasentinelle.dz\/wp-content\/uploads\/2021\/10\/emir-abdelkader-e1701204905123.jpeg","datePublished":"2025-06-04T21:10:36+00:00","dateModified":"2025-06-04T21:10:37+00:00","breadcrumb":{"@id":"https:\/\/lasentinelle.dz\/index.php\/2025\/06\/04\/projet-de-film-sur-lemir-abdelkader-allier-rigueur-historique-et-esthetisme-universaliste\/#breadcrumb"},"inLanguage":"fr-FR","potentialAction":[{"@type":"ReadAction","target":["https:\/\/lasentinelle.dz\/index.php\/2025\/06\/04\/projet-de-film-sur-lemir-abdelkader-allier-rigueur-historique-et-esthetisme-universaliste\/"]}]},{"@type":"ImageObject","inLanguage":"fr-FR","@id":"https:\/\/lasentinelle.dz\/index.php\/2025\/06\/04\/projet-de-film-sur-lemir-abdelkader-allier-rigueur-historique-et-esthetisme-universaliste\/#primaryimage","url":"https:\/\/lasentinelle.dz\/wp-content\/uploads\/2021\/10\/emir-abdelkader-e1701204905123.jpeg","contentUrl":"https:\/\/lasentinelle.dz\/wp-content\/uploads\/2021\/10\/emir-abdelkader-e1701204905123.jpeg","width":1343,"height":1056,"caption":"E ZIANI THEMES 174"},{"@type":"BreadcrumbList","@id":"https:\/\/lasentinelle.dz\/index.php\/2025\/06\/04\/projet-de-film-sur-lemir-abdelkader-allier-rigueur-historique-et-esthetisme-universaliste\/#breadcrumb","itemListElement":[{"@type":"ListItem","position":1,"name":"Accueil","item":"https:\/\/lasentinelle.dz\/"},{"@type":"ListItem","position":2,"name":"Projet de film sur l&rsquo;\u00c9mir Abdelkader: Allier rigueur historique et esth\u00e9tisme universaliste"}]},{"@type":"WebSite","@id":"https:\/\/lasentinelle.dz\/#website","url":"https:\/\/lasentinelle.dz\/","name":"La Sentinelle","description":"Quotidien national d&#039;information","publisher":{"@id":"https:\/\/lasentinelle.dz\/#organization"},"potentialAction":[{"@type":"SearchAction","target":{"@type":"EntryPoint","urlTemplate":"https:\/\/lasentinelle.dz\/?s={search_term_string}"},"query-input":{"@type":"PropertyValueSpecification","valueRequired":true,"valueName":"search_term_string"}}],"inLanguage":"fr-FR"},{"@type":"Organization","@id":"https:\/\/lasentinelle.dz\/#organization","name":"Quotidien La Sentinelle","url":"https:\/\/lasentinelle.dz\/","logo":{"@type":"ImageObject","inLanguage":"fr-FR","@id":"https:\/\/lasentinelle.dz\/#\/schema\/logo\/image\/","url":"https:\/\/lasentinelle.dz\/wp-content\/uploads\/2021\/09\/logo-sentinelleSLOGAN-1.png","contentUrl":"https:\/\/lasentinelle.dz\/wp-content\/uploads\/2021\/09\/logo-sentinelleSLOGAN-1.png","width":615,"height":142,"caption":"Quotidien La Sentinelle"},"image":{"@id":"https:\/\/lasentinelle.dz\/#\/schema\/logo\/image\/"},"sameAs":["https:\/\/www.facebook.com\/La-Sentinelle-104059864394773"]},{"@type":"Person","@id":"https:\/\/lasentinelle.dz\/#\/schema\/person\/729ee0024f24e0b8c5ec17232f8e8b41","name":"admin","image":{"@type":"ImageObject","inLanguage":"fr-FR","@id":"https:\/\/secure.gravatar.com\/avatar\/4c81fed838786e9b53f540bf46533e750f5d292099ae3b66cfc6fb1982e29df7?s=96&d=mm&r=g","url":"https:\/\/secure.gravatar.com\/avatar\/4c81fed838786e9b53f540bf46533e750f5d292099ae3b66cfc6fb1982e29df7?s=96&d=mm&r=g","contentUrl":"https:\/\/secure.gravatar.com\/avatar\/4c81fed838786e9b53f540bf46533e750f5d292099ae3b66cfc6fb1982e29df7?s=96&d=mm&r=g","caption":"admin"},"description":"admin","url":"https:\/\/lasentinelle.dz\/author\/admin\/"}]}},"_links":{"self":[{"href":"https:\/\/lasentinelle.dz\/index.php\/wp-json\/wp\/v2\/posts\/68502","targetHints":{"allow":["GET"]}}],"collection":[{"href":"https:\/\/lasentinelle.dz\/index.php\/wp-json\/wp\/v2\/posts"}],"about":[{"href":"https:\/\/lasentinelle.dz\/index.php\/wp-json\/wp\/v2\/types\/post"}],"author":[{"embeddable":true,"href":"https:\/\/lasentinelle.dz\/index.php\/wp-json\/wp\/v2\/users\/6"}],"replies":[{"embeddable":true,"href":"https:\/\/lasentinelle.dz\/index.php\/wp-json\/wp\/v2\/comments?post=68502"}],"version-history":[{"count":2,"href":"https:\/\/lasentinelle.dz\/index.php\/wp-json\/wp\/v2\/posts\/68502\/revisions"}],"predecessor-version":[{"id":68504,"href":"https:\/\/lasentinelle.dz\/index.php\/wp-json\/wp\/v2\/posts\/68502\/revisions\/68504"}],"wp:featuredmedia":[{"embeddable":true,"href":"https:\/\/lasentinelle.dz\/index.php\/wp-json\/wp\/v2\/media\/10322"}],"wp:attachment":[{"href":"https:\/\/lasentinelle.dz\/index.php\/wp-json\/wp\/v2\/media?parent=68502"}],"wp:term":[{"taxonomy":"category","embeddable":true,"href":"https:\/\/lasentinelle.dz\/index.php\/wp-json\/wp\/v2\/categories?post=68502"},{"taxonomy":"post_tag","embeddable":true,"href":"https:\/\/lasentinelle.dz\/index.php\/wp-json\/wp\/v2\/tags?post=68502"}],"curies":[{"name":"wp","href":"https:\/\/api.w.org\/{rel}","templated":true}]}}