{"id":68511,"date":"2025-06-04T22:14:40","date_gmt":"2025-06-04T21:14:40","guid":{"rendered":"https:\/\/lasentinelle.dz\/?p=68511"},"modified":"2025-06-04T22:14:40","modified_gmt":"2025-06-04T21:14:40","slug":"ligue-1-mobilis-le-csc-grimpe-au-pied-du-podium","status":"publish","type":"post","link":"https:\/\/lasentinelle.dz\/index.php\/2025\/06\/04\/ligue-1-mobilis-le-csc-grimpe-au-pied-du-podium\/","title":{"rendered":"Ligue 1 Mobilis: Le CSC grimpe au pied du podium"},"content":{"rendered":"\n<p>Constantine a enfin bris\u00e9 sa s\u00e9rie noire mardi soir au stade Benabdelmalek-Ramdane, s&rsquo;imposant face \u00e0 l&rsquo;USM Khenchela sur le score de 2-1 dans le cadre de la mise \u00e0 jour de la 24e journ\u00e9e de Ligue 1 Mobilis.<\/p>\n\n\n\n<p>Une victoire lib\u00e9ratrice pour les Sanafir qui restaient sur trois matches nuls cons\u00e9cutifs et qui retrouvent ainsi le chemin du succ\u00e8s au moment le plus opportun de la saison. Cette performance leur permet de bondir \u00e0 la quatri\u00e8me place du classement g\u00e9n\u00e9ral, \u00e9galant le Paradou AC et l&rsquo;ES S\u00e9tif avec 38 points au compteur, et se positionnant id\u00e9alement dans la course aux places europ\u00e9ennes. La rencontre a d\u00e9but\u00e9 sous les meilleurs auspices pour les visiteurs khencheliens, qui ont surpris leurs h\u00f4tes d\u00e8s la 22e minute par l&rsquo;interm\u00e9diaire de Boumechra. L&rsquo;attaquant de l&rsquo;USMK a profit\u00e9 d&rsquo;une faille d\u00e9fensive constantinoise pour ouvrir le score et donner l&rsquo;avantage aux siens dans cette confrontation cruciale pour les deux formations. Mais les Criquets n&rsquo;allaient pas se laisser d\u00e9monter aussi facilement devant leur public. Port\u00e9s par leurs supporters et galvanis\u00e9s par l&rsquo;enjeu du match, les hommes de Kheireddine Madoui ont progressivement pris le contr\u00f4le des op\u00e9rations pour remettre les compteurs \u00e0 z\u00e9ro avant la pause. C&rsquo;est Temine qui s&rsquo;est charg\u00e9 de l&rsquo;\u00e9galisation \u00e0 la 37e minute, r\u00e9compensant ainsi la mont\u00e9e en puissance de son \u00e9quipe et offrant un nouveau souffle aux Constantinois pour aborder la seconde p\u00e9riode. La reprise a confirm\u00e9 la sup\u00e9riorit\u00e9 technique des locaux, qui ont rapidement pris les devants gr\u00e2ce \u00e0 Rebia\u00ef. L&rsquo;attaquant du CSC n&rsquo;a laiss\u00e9 que six petites minutes aux Khencheliens pour esp\u00e9rer revenir au score, inscrivant le but de la victoire d\u00e8s la 51e minute et permettant \u00e0 Constantine de prendre d\u00e9finitivement le contr\u00f4le de la partie. Cette r\u00e9alisation s&rsquo;est av\u00e9r\u00e9e d\u00e9cisive puisque malgr\u00e9 leurs efforts, les visiteurs n&rsquo;ont jamais r\u00e9ussi \u00e0 inqui\u00e9ter s\u00e9rieusement la d\u00e9fense adverse dans le dernier tiers de la rencontre. Pour l&rsquo;USM Khenchela, cette d\u00e9faite constitue un coup d&rsquo;arr\u00eat dans sa dynamique ascendante. Apr\u00e8s avoir cr\u00e9\u00e9 la sensation en s&rsquo;imposant sur la pelouse de l&rsquo;ES S\u00e9tif lors de la pr\u00e9c\u00e9dente journ\u00e9e, les Khencheliens esp\u00e9raient confirmer cette belle performance pour se rapprocher encore davantage du ventre mou du classement. H\u00e9las, ce revers les maintient \u00e0 la 12e position avec 31 unit\u00e9s, soit quatre points d&rsquo;avance seulement sur le premier rel\u00e9gable, le NC Magra. Une marge de s\u00e9curit\u00e9 encore fragile qui ne permet pas aux prot\u00e9g\u00e9s de l&rsquo;entra\u00eeneur khenchelien de se rel\u00e2cher dans cette fin de championnat particuli\u00e8rement tendue. Cette victoire constantinoise intervient \u00e0 point nomm\u00e9 avant la reprise officielle du championnat pr\u00e9vue les 11 et 12 juin avec le d\u00e9roulement de la 28e journ\u00e9e. Une journ\u00e9e qui s&rsquo;annonce particuli\u00e8rement palpitante puisqu&rsquo;elle mettra en sc\u00e8ne un triangle de feu au sommet du classement entre trois pr\u00e9tendants l\u00e9gitimes au titre.<\/p>\n\n\n\n<p>Le MC Alger, leader avec 53 points, devra composer avec la pression exerc\u00e9e par la JS Kabylie, deuxi\u00e8me avec 49 unit\u00e9s, et le CR Belouizdad, troisi\u00e8me avec 48 points. Un \u00e9cart de seulement cinq points s\u00e9pare ces trois formations, promettant un final de championnat d&rsquo;une intensit\u00e9 exceptionnelle. En bas de tableau, si l&rsquo;US Biskra a d&rsquo;ores et d\u00e9j\u00e0 scell\u00e9 son sort avec une rel\u00e9gation act\u00e9e, la bataille pour \u00e9viter la seconde place synonyme de descente en Ligue 2 amateur s&rsquo;annonce tout aussi acharn\u00e9e. Pas moins de trois \u00e9quipes sont encore concern\u00e9es par cette lutte pour le maintien, cr\u00e9ant une atmosph\u00e8re de tension maximale dans cette derni\u00e8re ligne droite du championnat national.<\/p>\n\n\n\n<p>M. Dahleb<\/p>\n","protected":false},"excerpt":{"rendered":"<p>Constantine a enfin bris\u00e9 sa s\u00e9rie noire mardi soir au stade Benabdelmalek-Ramdane, s&rsquo;imposant face \u00e0 l&rsquo;USM Khenchela sur le score<\/p>\n","protected":false},"author":6,"featured_media":68512,"comment_status":"open","ping_status":"closed","sticky":false,"template":"","format":"standard","meta":{"colormag_page_container_layout":"default_layout","colormag_page_sidebar_layout":"default_layout","om_disable_all_campaigns":false,"_monsterinsights_skip_tracking":false,"_monsterinsights_sitenote_active":false,"_monsterinsights_sitenote_note":"","_monsterinsights_sitenote_category":0,"footnotes":"","_wpscppro_dont_share_socialmedia":false,"_wpscppro_custom_social_share_image":0,"_facebook_share_type":"default","_twitter_share_type":"default","_linkedin_share_type":"default","_pinterest_share_type":"default","_linkedin_share_type_page":"","_instagram_share_type":"default","_medium_share_type":"default","_threads_share_type":"","_google_business_share_type":"","_selected_social_profile":[],"_wpsp_enable_custom_social_template":false,"_wpsp_social_scheduling":{"enabled":false,"datetime":null,"platforms":[],"status":"template_only","dateOption":"today","timeOption":"now","customDays":"","customHours":"","customDate":"","customTime":"","schedulingType":"absolute"},"_wpsp_active_default_template":true},"categories":[33],"tags":[],"class_list":["post-68511","post","type-post","status-publish","format-standard","has-post-thumbnail","hentry","category-sports"],"aioseo_notices":[],"yoast_head":"<!-- This site is optimized with the Yoast SEO plugin v27.4 - https:\/\/yoast.com\/product\/yoast-seo-wordpress\/ -->\n<title>Ligue 1 Mobilis: Le CSC grimpe au pied du podium - La Sentinelle<\/title>\n<meta name=\"robots\" content=\"index, follow, max-snippet:-1, max-image-preview:large, max-video-preview:-1\" \/>\n<link rel=\"canonical\" href=\"https:\/\/lasentinelle.dz\/index.php\/2025\/06\/04\/ligue-1-mobilis-le-csc-grimpe-au-pied-du-podium\/\" \/>\n<meta property=\"og:locale\" content=\"fr_FR\" \/>\n<meta property=\"og:type\" content=\"article\" \/>\n<meta property=\"og:title\" content=\"Ligue 1 Mobilis: Le CSC grimpe au pied du podium - La Sentinelle\" \/>\n<meta property=\"og:description\" content=\"Constantine a enfin bris\u00e9 sa s\u00e9rie noire mardi soir au stade Benabdelmalek-Ramdane, s&rsquo;imposant face \u00e0 l&rsquo;USM Khenchela sur le score\" \/>\n<meta property=\"og:url\" content=\"https:\/\/lasentinelle.dz\/index.php\/2025\/06\/04\/ligue-1-mobilis-le-csc-grimpe-au-pied-du-podium\/\" \/>\n<meta property=\"og:site_name\" content=\"La Sentinelle\" \/>\n<meta property=\"article:publisher\" content=\"https:\/\/www.facebook.com\/La-Sentinelle-104059864394773\" \/>\n<meta property=\"article:published_time\" content=\"2025-06-04T21:14:40+00:00\" \/>\n<meta property=\"og:image\" content=\"https:\/\/lasentinelle.dz\/wp-content\/uploads\/2025\/06\/Khenchela.jpg\" \/>\n\t<meta property=\"og:image:width\" content=\"2048\" \/>\n\t<meta property=\"og:image:height\" content=\"1365\" \/>\n\t<meta property=\"og:image:type\" content=\"image\/jpeg\" \/>\n<meta name=\"author\" content=\"admin\" \/>\n<meta name=\"twitter:card\" content=\"summary_large_image\" \/>\n<meta name=\"twitter:label1\" content=\"\u00c9crit par\" \/>\n\t<meta name=\"twitter:data1\" content=\"admin\" \/>\n\t<meta name=\"twitter:label2\" content=\"Dur\u00e9e de lecture estim\u00e9e\" \/>\n\t<meta name=\"twitter:data2\" content=\"4 minutes\" \/>\n<script type=\"application\/ld+json\" class=\"yoast-schema-graph\">{\"@context\":\"https:\\\/\\\/schema.org\",\"@graph\":[{\"@type\":\"Article\",\"@id\":\"https:\\\/\\\/lasentinelle.dz\\\/index.php\\\/2025\\\/06\\\/04\\\/ligue-1-mobilis-le-csc-grimpe-au-pied-du-podium\\\/#article\",\"isPartOf\":{\"@id\":\"https:\\\/\\\/lasentinelle.dz\\\/index.php\\\/2025\\\/06\\\/04\\\/ligue-1-mobilis-le-csc-grimpe-au-pied-du-podium\\\/\"},\"author\":{\"name\":\"admin\",\"@id\":\"https:\\\/\\\/lasentinelle.dz\\\/#\\\/schema\\\/person\\\/729ee0024f24e0b8c5ec17232f8e8b41\"},\"headline\":\"Ligue 1 Mobilis: Le CSC grimpe au pied du podium\",\"datePublished\":\"2025-06-04T21:14:40+00:00\",\"mainEntityOfPage\":{\"@id\":\"https:\\\/\\\/lasentinelle.dz\\\/index.php\\\/2025\\\/06\\\/04\\\/ligue-1-mobilis-le-csc-grimpe-au-pied-du-podium\\\/\"},\"wordCount\":668,\"commentCount\":0,\"publisher\":{\"@id\":\"https:\\\/\\\/lasentinelle.dz\\\/#organization\"},\"image\":{\"@id\":\"https:\\\/\\\/lasentinelle.dz\\\/index.php\\\/2025\\\/06\\\/04\\\/ligue-1-mobilis-le-csc-grimpe-au-pied-du-podium\\\/#primaryimage\"},\"thumbnailUrl\":\"https:\\\/\\\/lasentinelle.dz\\\/wp-content\\\/uploads\\\/2025\\\/06\\\/Khenchela.jpg\",\"articleSection\":[\"Sports\"],\"inLanguage\":\"fr-FR\",\"potentialAction\":[{\"@type\":\"CommentAction\",\"name\":\"Comment\",\"target\":[\"https:\\\/\\\/lasentinelle.dz\\\/index.php\\\/2025\\\/06\\\/04\\\/ligue-1-mobilis-le-csc-grimpe-au-pied-du-podium\\\/#respond\"]}]},{\"@type\":\"WebPage\",\"@id\":\"https:\\\/\\\/lasentinelle.dz\\\/index.php\\\/2025\\\/06\\\/04\\\/ligue-1-mobilis-le-csc-grimpe-au-pied-du-podium\\\/\",\"url\":\"https:\\\/\\\/lasentinelle.dz\\\/index.php\\\/2025\\\/06\\\/04\\\/ligue-1-mobilis-le-csc-grimpe-au-pied-du-podium\\\/\",\"name\":\"Ligue 1 Mobilis: Le CSC grimpe au pied du podium - La Sentinelle\",\"isPartOf\":{\"@id\":\"https:\\\/\\\/lasentinelle.dz\\\/#website\"},\"primaryImageOfPage\":{\"@id\":\"https:\\\/\\\/lasentinelle.dz\\\/index.php\\\/2025\\\/06\\\/04\\\/ligue-1-mobilis-le-csc-grimpe-au-pied-du-podium\\\/#primaryimage\"},\"image\":{\"@id\":\"https:\\\/\\\/lasentinelle.dz\\\/index.php\\\/2025\\\/06\\\/04\\\/ligue-1-mobilis-le-csc-grimpe-au-pied-du-podium\\\/#primaryimage\"},\"thumbnailUrl\":\"https:\\\/\\\/lasentinelle.dz\\\/wp-content\\\/uploads\\\/2025\\\/06\\\/Khenchela.jpg\",\"datePublished\":\"2025-06-04T21:14:40+00:00\",\"breadcrumb\":{\"@id\":\"https:\\\/\\\/lasentinelle.dz\\\/index.php\\\/2025\\\/06\\\/04\\\/ligue-1-mobilis-le-csc-grimpe-au-pied-du-podium\\\/#breadcrumb\"},\"inLanguage\":\"fr-FR\",\"potentialAction\":[{\"@type\":\"ReadAction\",\"target\":[\"https:\\\/\\\/lasentinelle.dz\\\/index.php\\\/2025\\\/06\\\/04\\\/ligue-1-mobilis-le-csc-grimpe-au-pied-du-podium\\\/\"]}]},{\"@type\":\"ImageObject\",\"inLanguage\":\"fr-FR\",\"@id\":\"https:\\\/\\\/lasentinelle.dz\\\/index.php\\\/2025\\\/06\\\/04\\\/ligue-1-mobilis-le-csc-grimpe-au-pied-du-podium\\\/#primaryimage\",\"url\":\"https:\\\/\\\/lasentinelle.dz\\\/wp-content\\\/uploads\\\/2025\\\/06\\\/Khenchela.jpg\",\"contentUrl\":\"https:\\\/\\\/lasentinelle.dz\\\/wp-content\\\/uploads\\\/2025\\\/06\\\/Khenchela.jpg\",\"width\":2048,\"height\":1365},{\"@type\":\"BreadcrumbList\",\"@id\":\"https:\\\/\\\/lasentinelle.dz\\\/index.php\\\/2025\\\/06\\\/04\\\/ligue-1-mobilis-le-csc-grimpe-au-pied-du-podium\\\/#breadcrumb\",\"itemListElement\":[{\"@type\":\"ListItem\",\"position\":1,\"name\":\"Accueil\",\"item\":\"https:\\\/\\\/lasentinelle.dz\\\/\"},{\"@type\":\"ListItem\",\"position\":2,\"name\":\"Ligue 1 Mobilis: Le CSC grimpe au pied du podium\"}]},{\"@type\":\"WebSite\",\"@id\":\"https:\\\/\\\/lasentinelle.dz\\\/#website\",\"url\":\"https:\\\/\\\/lasentinelle.dz\\\/\",\"name\":\"La Sentinelle\",\"description\":\"Quotidien national d&#039;information\",\"publisher\":{\"@id\":\"https:\\\/\\\/lasentinelle.dz\\\/#organization\"},\"potentialAction\":[{\"@type\":\"SearchAction\",\"target\":{\"@type\":\"EntryPoint\",\"urlTemplate\":\"https:\\\/\\\/lasentinelle.dz\\\/?s={search_term_string}\"},\"query-input\":{\"@type\":\"PropertyValueSpecification\",\"valueRequired\":true,\"valueName\":\"search_term_string\"}}],\"inLanguage\":\"fr-FR\"},{\"@type\":\"Organization\",\"@id\":\"https:\\\/\\\/lasentinelle.dz\\\/#organization\",\"name\":\"Quotidien La Sentinelle\",\"url\":\"https:\\\/\\\/lasentinelle.dz\\\/\",\"logo\":{\"@type\":\"ImageObject\",\"inLanguage\":\"fr-FR\",\"@id\":\"https:\\\/\\\/lasentinelle.dz\\\/#\\\/schema\\\/logo\\\/image\\\/\",\"url\":\"https:\\\/\\\/lasentinelle.dz\\\/wp-content\\\/uploads\\\/2021\\\/09\\\/logo-sentinelleSLOGAN-1.png\",\"contentUrl\":\"https:\\\/\\\/lasentinelle.dz\\\/wp-content\\\/uploads\\\/2021\\\/09\\\/logo-sentinelleSLOGAN-1.png\",\"width\":615,\"height\":142,\"caption\":\"Quotidien La Sentinelle\"},\"image\":{\"@id\":\"https:\\\/\\\/lasentinelle.dz\\\/#\\\/schema\\\/logo\\\/image\\\/\"},\"sameAs\":[\"https:\\\/\\\/www.facebook.com\\\/La-Sentinelle-104059864394773\"]},{\"@type\":\"Person\",\"@id\":\"https:\\\/\\\/lasentinelle.dz\\\/#\\\/schema\\\/person\\\/729ee0024f24e0b8c5ec17232f8e8b41\",\"name\":\"admin\",\"image\":{\"@type\":\"ImageObject\",\"inLanguage\":\"fr-FR\",\"@id\":\"https:\\\/\\\/secure.gravatar.com\\\/avatar\\\/4c81fed838786e9b53f540bf46533e750f5d292099ae3b66cfc6fb1982e29df7?s=96&d=mm&r=g\",\"url\":\"https:\\\/\\\/secure.gravatar.com\\\/avatar\\\/4c81fed838786e9b53f540bf46533e750f5d292099ae3b66cfc6fb1982e29df7?s=96&d=mm&r=g\",\"contentUrl\":\"https:\\\/\\\/secure.gravatar.com\\\/avatar\\\/4c81fed838786e9b53f540bf46533e750f5d292099ae3b66cfc6fb1982e29df7?s=96&d=mm&r=g\",\"caption\":\"admin\"},\"description\":\"admin\",\"url\":\"https:\\\/\\\/lasentinelle.dz\\\/author\\\/admin\\\/\"}]}<\/script>\n<!-- \/ Yoast SEO plugin. -->","yoast_head_json":{"title":"Ligue 1 Mobilis: Le CSC grimpe au pied du podium - La Sentinelle","robots":{"index":"index","follow":"follow","max-snippet":"max-snippet:-1","max-image-preview":"max-image-preview:large","max-video-preview":"max-video-preview:-1"},"canonical":"https:\/\/lasentinelle.dz\/index.php\/2025\/06\/04\/ligue-1-mobilis-le-csc-grimpe-au-pied-du-podium\/","og_locale":"fr_FR","og_type":"article","og_title":"Ligue 1 Mobilis: Le CSC grimpe au pied du podium - La Sentinelle","og_description":"Constantine a enfin bris\u00e9 sa s\u00e9rie noire mardi soir au stade Benabdelmalek-Ramdane, s&rsquo;imposant face \u00e0 l&rsquo;USM Khenchela sur le score","og_url":"https:\/\/lasentinelle.dz\/index.php\/2025\/06\/04\/ligue-1-mobilis-le-csc-grimpe-au-pied-du-podium\/","og_site_name":"La Sentinelle","article_publisher":"https:\/\/www.facebook.com\/La-Sentinelle-104059864394773","article_published_time":"2025-06-04T21:14:40+00:00","og_image":[{"width":2048,"height":1365,"url":"https:\/\/lasentinelle.dz\/wp-content\/uploads\/2025\/06\/Khenchela.jpg","type":"image\/jpeg"}],"author":"admin","twitter_card":"summary_large_image","twitter_misc":{"\u00c9crit par":"admin","Dur\u00e9e de lecture estim\u00e9e":"4 minutes"},"schema":{"@context":"https:\/\/schema.org","@graph":[{"@type":"Article","@id":"https:\/\/lasentinelle.dz\/index.php\/2025\/06\/04\/ligue-1-mobilis-le-csc-grimpe-au-pied-du-podium\/#article","isPartOf":{"@id":"https:\/\/lasentinelle.dz\/index.php\/2025\/06\/04\/ligue-1-mobilis-le-csc-grimpe-au-pied-du-podium\/"},"author":{"name":"admin","@id":"https:\/\/lasentinelle.dz\/#\/schema\/person\/729ee0024f24e0b8c5ec17232f8e8b41"},"headline":"Ligue 1 Mobilis: Le CSC grimpe au pied du podium","datePublished":"2025-06-04T21:14:40+00:00","mainEntityOfPage":{"@id":"https:\/\/lasentinelle.dz\/index.php\/2025\/06\/04\/ligue-1-mobilis-le-csc-grimpe-au-pied-du-podium\/"},"wordCount":668,"commentCount":0,"publisher":{"@id":"https:\/\/lasentinelle.dz\/#organization"},"image":{"@id":"https:\/\/lasentinelle.dz\/index.php\/2025\/06\/04\/ligue-1-mobilis-le-csc-grimpe-au-pied-du-podium\/#primaryimage"},"thumbnailUrl":"https:\/\/lasentinelle.dz\/wp-content\/uploads\/2025\/06\/Khenchela.jpg","articleSection":["Sports"],"inLanguage":"fr-FR","potentialAction":[{"@type":"CommentAction","name":"Comment","target":["https:\/\/lasentinelle.dz\/index.php\/2025\/06\/04\/ligue-1-mobilis-le-csc-grimpe-au-pied-du-podium\/#respond"]}]},{"@type":"WebPage","@id":"https:\/\/lasentinelle.dz\/index.php\/2025\/06\/04\/ligue-1-mobilis-le-csc-grimpe-au-pied-du-podium\/","url":"https:\/\/lasentinelle.dz\/index.php\/2025\/06\/04\/ligue-1-mobilis-le-csc-grimpe-au-pied-du-podium\/","name":"Ligue 1 Mobilis: Le CSC grimpe au pied du podium - La Sentinelle","isPartOf":{"@id":"https:\/\/lasentinelle.dz\/#website"},"primaryImageOfPage":{"@id":"https:\/\/lasentinelle.dz\/index.php\/2025\/06\/04\/ligue-1-mobilis-le-csc-grimpe-au-pied-du-podium\/#primaryimage"},"image":{"@id":"https:\/\/lasentinelle.dz\/index.php\/2025\/06\/04\/ligue-1-mobilis-le-csc-grimpe-au-pied-du-podium\/#primaryimage"},"thumbnailUrl":"https:\/\/lasentinelle.dz\/wp-content\/uploads\/2025\/06\/Khenchela.jpg","datePublished":"2025-06-04T21:14:40+00:00","breadcrumb":{"@id":"https:\/\/lasentinelle.dz\/index.php\/2025\/06\/04\/ligue-1-mobilis-le-csc-grimpe-au-pied-du-podium\/#breadcrumb"},"inLanguage":"fr-FR","potentialAction":[{"@type":"ReadAction","target":["https:\/\/lasentinelle.dz\/index.php\/2025\/06\/04\/ligue-1-mobilis-le-csc-grimpe-au-pied-du-podium\/"]}]},{"@type":"ImageObject","inLanguage":"fr-FR","@id":"https:\/\/lasentinelle.dz\/index.php\/2025\/06\/04\/ligue-1-mobilis-le-csc-grimpe-au-pied-du-podium\/#primaryimage","url":"https:\/\/lasentinelle.dz\/wp-content\/uploads\/2025\/06\/Khenchela.jpg","contentUrl":"https:\/\/lasentinelle.dz\/wp-content\/uploads\/2025\/06\/Khenchela.jpg","width":2048,"height":1365},{"@type":"BreadcrumbList","@id":"https:\/\/lasentinelle.dz\/index.php\/2025\/06\/04\/ligue-1-mobilis-le-csc-grimpe-au-pied-du-podium\/#breadcrumb","itemListElement":[{"@type":"ListItem","position":1,"name":"Accueil","item":"https:\/\/lasentinelle.dz\/"},{"@type":"ListItem","position":2,"name":"Ligue 1 Mobilis: Le CSC grimpe au pied du podium"}]},{"@type":"WebSite","@id":"https:\/\/lasentinelle.dz\/#website","url":"https:\/\/lasentinelle.dz\/","name":"La Sentinelle","description":"Quotidien national d&#039;information","publisher":{"@id":"https:\/\/lasentinelle.dz\/#organization"},"potentialAction":[{"@type":"SearchAction","target":{"@type":"EntryPoint","urlTemplate":"https:\/\/lasentinelle.dz\/?s={search_term_string}"},"query-input":{"@type":"PropertyValueSpecification","valueRequired":true,"valueName":"search_term_string"}}],"inLanguage":"fr-FR"},{"@type":"Organization","@id":"https:\/\/lasentinelle.dz\/#organization","name":"Quotidien La Sentinelle","url":"https:\/\/lasentinelle.dz\/","logo":{"@type":"ImageObject","inLanguage":"fr-FR","@id":"https:\/\/lasentinelle.dz\/#\/schema\/logo\/image\/","url":"https:\/\/lasentinelle.dz\/wp-content\/uploads\/2021\/09\/logo-sentinelleSLOGAN-1.png","contentUrl":"https:\/\/lasentinelle.dz\/wp-content\/uploads\/2021\/09\/logo-sentinelleSLOGAN-1.png","width":615,"height":142,"caption":"Quotidien La Sentinelle"},"image":{"@id":"https:\/\/lasentinelle.dz\/#\/schema\/logo\/image\/"},"sameAs":["https:\/\/www.facebook.com\/La-Sentinelle-104059864394773"]},{"@type":"Person","@id":"https:\/\/lasentinelle.dz\/#\/schema\/person\/729ee0024f24e0b8c5ec17232f8e8b41","name":"admin","image":{"@type":"ImageObject","inLanguage":"fr-FR","@id":"https:\/\/secure.gravatar.com\/avatar\/4c81fed838786e9b53f540bf46533e750f5d292099ae3b66cfc6fb1982e29df7?s=96&d=mm&r=g","url":"https:\/\/secure.gravatar.com\/avatar\/4c81fed838786e9b53f540bf46533e750f5d292099ae3b66cfc6fb1982e29df7?s=96&d=mm&r=g","contentUrl":"https:\/\/secure.gravatar.com\/avatar\/4c81fed838786e9b53f540bf46533e750f5d292099ae3b66cfc6fb1982e29df7?s=96&d=mm&r=g","caption":"admin"},"description":"admin","url":"https:\/\/lasentinelle.dz\/author\/admin\/"}]}},"_links":{"self":[{"href":"https:\/\/lasentinelle.dz\/index.php\/wp-json\/wp\/v2\/posts\/68511","targetHints":{"allow":["GET"]}}],"collection":[{"href":"https:\/\/lasentinelle.dz\/index.php\/wp-json\/wp\/v2\/posts"}],"about":[{"href":"https:\/\/lasentinelle.dz\/index.php\/wp-json\/wp\/v2\/types\/post"}],"author":[{"embeddable":true,"href":"https:\/\/lasentinelle.dz\/index.php\/wp-json\/wp\/v2\/users\/6"}],"replies":[{"embeddable":true,"href":"https:\/\/lasentinelle.dz\/index.php\/wp-json\/wp\/v2\/comments?post=68511"}],"version-history":[{"count":1,"href":"https:\/\/lasentinelle.dz\/index.php\/wp-json\/wp\/v2\/posts\/68511\/revisions"}],"predecessor-version":[{"id":68513,"href":"https:\/\/lasentinelle.dz\/index.php\/wp-json\/wp\/v2\/posts\/68511\/revisions\/68513"}],"wp:featuredmedia":[{"embeddable":true,"href":"https:\/\/lasentinelle.dz\/index.php\/wp-json\/wp\/v2\/media\/68512"}],"wp:attachment":[{"href":"https:\/\/lasentinelle.dz\/index.php\/wp-json\/wp\/v2\/media?parent=68511"}],"wp:term":[{"taxonomy":"category","embeddable":true,"href":"https:\/\/lasentinelle.dz\/index.php\/wp-json\/wp\/v2\/categories?post=68511"},{"taxonomy":"post_tag","embeddable":true,"href":"https:\/\/lasentinelle.dz\/index.php\/wp-json\/wp\/v2\/tags?post=68511"}],"curies":[{"name":"wp","href":"https:\/\/api.w.org\/{rel}","templated":true}]}}