{"id":68514,"date":"2025-06-04T22:15:31","date_gmt":"2025-06-04T21:15:31","guid":{"rendered":"https:\/\/lasentinelle.dz\/?p=68514"},"modified":"2025-06-04T22:15:32","modified_gmt":"2025-06-04T21:15:32","slug":"eliminatoires-du-mondial-2026-les-selections-africaines-affutent-leurs-armes","status":"publish","type":"post","link":"https:\/\/lasentinelle.dz\/index.php\/2025\/06\/04\/eliminatoires-du-mondial-2026-les-selections-africaines-affutent-leurs-armes\/","title":{"rendered":"\u00c9liminatoires du Mondial 2026 : Les s\u00e9lections africaines aff\u00fbtent leurs armes"},"content":{"rendered":"\n<p>La derni\u00e8re tr\u00eave internationale de la saison bat son plein depuis lundi, et les s\u00e9lections africaines n&rsquo;ont pas ch\u00f4m\u00e9 pour peaufiner leurs pr\u00e9paratifs en vue des \u00e9ch\u00e9ances cruciales qui les attendent.<\/p>\n\n\n\n<p>Entre le 2 et le 10 juin, pas moins d&rsquo;une trentaine de rencontres amicales sont programm\u00e9es aux quatre coins du globe, offrant aux \u00e9quipes du continent l&rsquo;opportunit\u00e9 de tester leurs dispositifs et d&rsquo;affiner leurs automatismes avant les derni\u00e8res journ\u00e9es des \u00e9liminatoires du Mondial 2026 et la CAN 2025 pour les nations qualifi\u00e9es. Le coup d&rsquo;envoi a \u00e9t\u00e9 donn\u00e9 d\u00e8s lundi soir au stade de Rad\u00e8s, o\u00f9 la Tunisie a domin\u00e9 le Burkina Faso sur le score de 2-0, permettant aux Aigles de Carthage d&rsquo;entamer leur s\u00e9rie de trois matchs amicaux sur une note positive. Cette programmation intensive t\u00e9moigne de l&rsquo;ambition tunisienne de parfaire sa pr\u00e9paration, puisque l&rsquo;\u00e9quipe de Jalel Kadri affrontera encore le Maroc \u00e0 F\u00e8s vendredi, puis la Zambie mardi prochain \u00e0 Casablanca.<\/p>\n\n\n\n<p>Les regards se tournent \u00e9galement vers l&rsquo;Europe et l&rsquo;Am\u00e9rique du Nord, o\u00f9 plusieurs s\u00e9lections africaines de premier plan ont choisi d&rsquo;affronter des adversaires de standing international. L&rsquo;Alg\u00e9rie, apr\u00e8s avoir re\u00e7u le Rwanda \u00e0 Constantine jeudi, s&rsquo;envolera vers Stockholm pour d\u00e9fier la Su\u00e8de mardi dans l&rsquo;antre de Solna. Une double confrontation qui permettra aux Fennecs de Djamel Belmadi d&rsquo;\u00e9valuer leur niveau face \u00e0 deux profils d&rsquo;adversaires diam\u00e9tralement oppos\u00e9s.<\/p>\n\n\n\n<p>La C\u00f4te d&rsquo;Ivoire, championne d&rsquo;Afrique en titre, a opt\u00e9 pour un programme nord-am\u00e9ricain exigeant avec deux matchs cons\u00e9cutifs face au Canada \u00e0 Toronto. Les \u00c9l\u00e9phants d&rsquo;Emerse Fa\u00e9 affronteront d&rsquo;abord la Nouvelle-Z\u00e9lande samedi soir avant de croiser le fer avec les Canucks mardi en fin de soir\u00e9e. Ces confrontations intercontinentales offriront aux Ivoiriens l&rsquo;occasion de tester leur capacit\u00e9 d&rsquo;adaptation face \u00e0 des styles de jeu diff\u00e9rents de leurs habituels adversaires africains. Le S\u00e9n\u00e9gal, finaliste de la derni\u00e8re CAN, n&rsquo;est pas en reste avec un d\u00e9placement de prestige pr\u00e9vu en Angleterre. Les Lions de la T\u00e9ranga affronteront d&rsquo;abord l&rsquo;Irlande \u00e0 Dublin vendredi soir, avant de se mesurer aux Three Lions \u00e0 Nottingham mardi. Pour Aliou Ciss\u00e9 et ses hommes, ces deux rendez-vous europ\u00e9ens constituent une excellente opportunit\u00e9 de jauger le niveau de l&rsquo;\u00e9quipe face \u00e0 des formations habitu\u00e9es aux joutes internationales de haut niveau. Certaines s\u00e9lections ont fait le choix de la mod\u00e9ration. Le Mali se contentera d&rsquo;un unique match amical face \u00e0 la RDC \u00e0 Orl\u00e9ans jeudi, tandis que la Guin\u00e9e et l&rsquo;\u00c9gypte ont pr\u00e9f\u00e9r\u00e9 accorder du repos \u00e0 leurs joueurs durant cette fen\u00eatre internationale. Une strat\u00e9gie qui peut se comprendre au regard du calendrier charg\u00e9 qui attend ces \u00e9quipes dans les mois \u00e0 venir. L&rsquo;Afrique du Sud multiplie les exp\u00e9riences avec trois adversaires diff\u00e9rents : la Tanzanie \u00e0 Polokwane vendredi, puis le Mozambique \u00e0 Pretoria mardi. Les Bafana Bafana d&rsquo;Hugo Broos semblent d\u00e9termin\u00e9s \u00e0 explorer toutes les options tactiques possibles avant les \u00e9ch\u00e9ances officielles. Du c\u00f4t\u00e9 des r\u00e9v\u00e9lations, le Cap-Vert s&rsquo;offre un p\u00e9riple exotique avec un premier d\u00e9placement en Malaisie mardi, suivi d&rsquo;un second en G\u00e9orgie dimanche. Les Requins Bleus de Pedro Brito profitent de cette tr\u00eave pour d\u00e9couvrir de nouveaux horizons footballistiques et confronter leur jeu \u00e0 des approches in\u00e9dites. Cette intense activit\u00e9 amicale refl\u00e8te la prise de conscience g\u00e9n\u00e9rale des s\u00e9lections africaines quant \u00e0 l&rsquo;importance de la pr\u00e9paration dans la qu\u00eate de performances durables. Chaque match permettra aux entra\u00eeneurs d&rsquo;affiner leurs choix tactiques et de cr\u00e9er une dynamique positive au sein de leurs groupes respectifs avant les rendez-vous qui compteront vraiment.<\/p>\n\n\n\n<p>Moncef D.<\/p>\n","protected":false},"excerpt":{"rendered":"<p>La derni\u00e8re tr\u00eave internationale de la saison bat son plein depuis lundi, et les s\u00e9lections africaines n&rsquo;ont pas ch\u00f4m\u00e9 pour<\/p>\n","protected":false},"author":6,"featured_media":68515,"comment_status":"open","ping_status":"closed","sticky":false,"template":"","format":"standard","meta":{"colormag_page_container_layout":"default_layout","colormag_page_sidebar_layout":"default_layout","om_disable_all_campaigns":false,"_monsterinsights_skip_tracking":false,"_monsterinsights_sitenote_active":false,"_monsterinsights_sitenote_note":"","_monsterinsights_sitenote_category":0,"footnotes":"","_wpscppro_dont_share_socialmedia":false,"_wpscppro_custom_social_share_image":0,"_facebook_share_type":"default","_twitter_share_type":"default","_linkedin_share_type":"default","_pinterest_share_type":"default","_linkedin_share_type_page":"","_instagram_share_type":"default","_medium_share_type":"default","_threads_share_type":"","_google_business_share_type":"","_selected_social_profile":[],"_wpsp_enable_custom_social_template":false,"_wpsp_social_scheduling":{"enabled":false,"datetime":null,"platforms":[],"status":"template_only","dateOption":"today","timeOption":"now","customDays":"","customHours":"","customDate":"","customTime":"","schedulingType":"absolute"},"_wpsp_active_default_template":true},"categories":[33],"tags":[],"class_list":["post-68514","post","type-post","status-publish","format-standard","has-post-thumbnail","hentry","category-sports"],"aioseo_notices":[],"yoast_head":"<!-- This site is optimized with the Yoast SEO plugin v27.5 - https:\/\/yoast.com\/product\/yoast-seo-wordpress\/ -->\n<title>\u00c9liminatoires du Mondial 2026 : Les s\u00e9lections africaines aff\u00fbtent leurs armes - La Sentinelle<\/title>\n<meta name=\"robots\" content=\"index, follow, max-snippet:-1, max-image-preview:large, max-video-preview:-1\" \/>\n<link rel=\"canonical\" href=\"https:\/\/lasentinelle.dz\/index.php\/2025\/06\/04\/eliminatoires-du-mondial-2026-les-selections-africaines-affutent-leurs-armes\/\" \/>\n<meta property=\"og:locale\" content=\"fr_FR\" \/>\n<meta property=\"og:type\" content=\"article\" \/>\n<meta property=\"og:title\" content=\"\u00c9liminatoires du Mondial 2026 : Les s\u00e9lections africaines aff\u00fbtent leurs armes - La Sentinelle\" \/>\n<meta property=\"og:description\" content=\"La derni\u00e8re tr\u00eave internationale de la saison bat son plein depuis lundi, et les s\u00e9lections africaines n&rsquo;ont pas ch\u00f4m\u00e9 pour\" \/>\n<meta property=\"og:url\" content=\"https:\/\/lasentinelle.dz\/index.php\/2025\/06\/04\/eliminatoires-du-mondial-2026-les-selections-africaines-affutent-leurs-armes\/\" \/>\n<meta property=\"og:site_name\" content=\"La Sentinelle\" \/>\n<meta property=\"article:publisher\" content=\"https:\/\/www.facebook.com\/La-Sentinelle-104059864394773\" \/>\n<meta property=\"article:published_time\" content=\"2025-06-04T21:15:31+00:00\" \/>\n<meta property=\"article:modified_time\" content=\"2025-06-04T21:15:32+00:00\" \/>\n<meta property=\"og:image\" content=\"https:\/\/lasentinelle.dz\/wp-content\/uploads\/2025\/06\/qualifs-mondial.jpg\" \/>\n\t<meta property=\"og:image:width\" content=\"600\" \/>\n\t<meta property=\"og:image:height\" content=\"339\" \/>\n\t<meta property=\"og:image:type\" content=\"image\/jpeg\" \/>\n<meta name=\"author\" content=\"admin\" \/>\n<meta name=\"twitter:card\" content=\"summary_large_image\" \/>\n<meta name=\"twitter:label1\" content=\"\u00c9crit par\" \/>\n\t<meta name=\"twitter:data1\" content=\"admin\" \/>\n\t<meta name=\"twitter:label2\" content=\"Dur\u00e9e de lecture estim\u00e9e\" \/>\n\t<meta name=\"twitter:data2\" content=\"4 minutes\" \/>\n<script type=\"application\/ld+json\" class=\"yoast-schema-graph\">{\"@context\":\"https:\\\/\\\/schema.org\",\"@graph\":[{\"@type\":\"Article\",\"@id\":\"https:\\\/\\\/lasentinelle.dz\\\/index.php\\\/2025\\\/06\\\/04\\\/eliminatoires-du-mondial-2026-les-selections-africaines-affutent-leurs-armes\\\/#article\",\"isPartOf\":{\"@id\":\"https:\\\/\\\/lasentinelle.dz\\\/index.php\\\/2025\\\/06\\\/04\\\/eliminatoires-du-mondial-2026-les-selections-africaines-affutent-leurs-armes\\\/\"},\"author\":{\"name\":\"admin\",\"@id\":\"https:\\\/\\\/lasentinelle.dz\\\/#\\\/schema\\\/person\\\/729ee0024f24e0b8c5ec17232f8e8b41\"},\"headline\":\"\u00c9liminatoires du Mondial 2026 : Les s\u00e9lections africaines aff\u00fbtent leurs armes\",\"datePublished\":\"2025-06-04T21:15:31+00:00\",\"dateModified\":\"2025-06-04T21:15:32+00:00\",\"mainEntityOfPage\":{\"@id\":\"https:\\\/\\\/lasentinelle.dz\\\/index.php\\\/2025\\\/06\\\/04\\\/eliminatoires-du-mondial-2026-les-selections-africaines-affutent-leurs-armes\\\/\"},\"wordCount\":659,\"commentCount\":0,\"publisher\":{\"@id\":\"https:\\\/\\\/lasentinelle.dz\\\/#organization\"},\"image\":{\"@id\":\"https:\\\/\\\/lasentinelle.dz\\\/index.php\\\/2025\\\/06\\\/04\\\/eliminatoires-du-mondial-2026-les-selections-africaines-affutent-leurs-armes\\\/#primaryimage\"},\"thumbnailUrl\":\"https:\\\/\\\/lasentinelle.dz\\\/wp-content\\\/uploads\\\/2025\\\/06\\\/qualifs-mondial.jpg\",\"articleSection\":[\"Sports\"],\"inLanguage\":\"fr-FR\",\"potentialAction\":[{\"@type\":\"CommentAction\",\"name\":\"Comment\",\"target\":[\"https:\\\/\\\/lasentinelle.dz\\\/index.php\\\/2025\\\/06\\\/04\\\/eliminatoires-du-mondial-2026-les-selections-africaines-affutent-leurs-armes\\\/#respond\"]}]},{\"@type\":\"WebPage\",\"@id\":\"https:\\\/\\\/lasentinelle.dz\\\/index.php\\\/2025\\\/06\\\/04\\\/eliminatoires-du-mondial-2026-les-selections-africaines-affutent-leurs-armes\\\/\",\"url\":\"https:\\\/\\\/lasentinelle.dz\\\/index.php\\\/2025\\\/06\\\/04\\\/eliminatoires-du-mondial-2026-les-selections-africaines-affutent-leurs-armes\\\/\",\"name\":\"\u00c9liminatoires du Mondial 2026 : Les s\u00e9lections africaines aff\u00fbtent leurs armes - La Sentinelle\",\"isPartOf\":{\"@id\":\"https:\\\/\\\/lasentinelle.dz\\\/#website\"},\"primaryImageOfPage\":{\"@id\":\"https:\\\/\\\/lasentinelle.dz\\\/index.php\\\/2025\\\/06\\\/04\\\/eliminatoires-du-mondial-2026-les-selections-africaines-affutent-leurs-armes\\\/#primaryimage\"},\"image\":{\"@id\":\"https:\\\/\\\/lasentinelle.dz\\\/index.php\\\/2025\\\/06\\\/04\\\/eliminatoires-du-mondial-2026-les-selections-africaines-affutent-leurs-armes\\\/#primaryimage\"},\"thumbnailUrl\":\"https:\\\/\\\/lasentinelle.dz\\\/wp-content\\\/uploads\\\/2025\\\/06\\\/qualifs-mondial.jpg\",\"datePublished\":\"2025-06-04T21:15:31+00:00\",\"dateModified\":\"2025-06-04T21:15:32+00:00\",\"breadcrumb\":{\"@id\":\"https:\\\/\\\/lasentinelle.dz\\\/index.php\\\/2025\\\/06\\\/04\\\/eliminatoires-du-mondial-2026-les-selections-africaines-affutent-leurs-armes\\\/#breadcrumb\"},\"inLanguage\":\"fr-FR\",\"potentialAction\":[{\"@type\":\"ReadAction\",\"target\":[\"https:\\\/\\\/lasentinelle.dz\\\/index.php\\\/2025\\\/06\\\/04\\\/eliminatoires-du-mondial-2026-les-selections-africaines-affutent-leurs-armes\\\/\"]}]},{\"@type\":\"ImageObject\",\"inLanguage\":\"fr-FR\",\"@id\":\"https:\\\/\\\/lasentinelle.dz\\\/index.php\\\/2025\\\/06\\\/04\\\/eliminatoires-du-mondial-2026-les-selections-africaines-affutent-leurs-armes\\\/#primaryimage\",\"url\":\"https:\\\/\\\/lasentinelle.dz\\\/wp-content\\\/uploads\\\/2025\\\/06\\\/qualifs-mondial.jpg\",\"contentUrl\":\"https:\\\/\\\/lasentinelle.dz\\\/wp-content\\\/uploads\\\/2025\\\/06\\\/qualifs-mondial.jpg\",\"width\":600,\"height\":339},{\"@type\":\"BreadcrumbList\",\"@id\":\"https:\\\/\\\/lasentinelle.dz\\\/index.php\\\/2025\\\/06\\\/04\\\/eliminatoires-du-mondial-2026-les-selections-africaines-affutent-leurs-armes\\\/#breadcrumb\",\"itemListElement\":[{\"@type\":\"ListItem\",\"position\":1,\"name\":\"Accueil\",\"item\":\"https:\\\/\\\/lasentinelle.dz\\\/\"},{\"@type\":\"ListItem\",\"position\":2,\"name\":\"\u00c9liminatoires du Mondial 2026 : Les s\u00e9lections africaines aff\u00fbtent leurs armes\"}]},{\"@type\":\"WebSite\",\"@id\":\"https:\\\/\\\/lasentinelle.dz\\\/#website\",\"url\":\"https:\\\/\\\/lasentinelle.dz\\\/\",\"name\":\"La Sentinelle\",\"description\":\"Quotidien national d&#039;information\",\"publisher\":{\"@id\":\"https:\\\/\\\/lasentinelle.dz\\\/#organization\"},\"potentialAction\":[{\"@type\":\"SearchAction\",\"target\":{\"@type\":\"EntryPoint\",\"urlTemplate\":\"https:\\\/\\\/lasentinelle.dz\\\/?s={search_term_string}\"},\"query-input\":{\"@type\":\"PropertyValueSpecification\",\"valueRequired\":true,\"valueName\":\"search_term_string\"}}],\"inLanguage\":\"fr-FR\"},{\"@type\":\"Organization\",\"@id\":\"https:\\\/\\\/lasentinelle.dz\\\/#organization\",\"name\":\"Quotidien La Sentinelle\",\"url\":\"https:\\\/\\\/lasentinelle.dz\\\/\",\"logo\":{\"@type\":\"ImageObject\",\"inLanguage\":\"fr-FR\",\"@id\":\"https:\\\/\\\/lasentinelle.dz\\\/#\\\/schema\\\/logo\\\/image\\\/\",\"url\":\"https:\\\/\\\/lasentinelle.dz\\\/wp-content\\\/uploads\\\/2021\\\/09\\\/logo-sentinelleSLOGAN-1.png\",\"contentUrl\":\"https:\\\/\\\/lasentinelle.dz\\\/wp-content\\\/uploads\\\/2021\\\/09\\\/logo-sentinelleSLOGAN-1.png\",\"width\":615,\"height\":142,\"caption\":\"Quotidien La Sentinelle\"},\"image\":{\"@id\":\"https:\\\/\\\/lasentinelle.dz\\\/#\\\/schema\\\/logo\\\/image\\\/\"},\"sameAs\":[\"https:\\\/\\\/www.facebook.com\\\/La-Sentinelle-104059864394773\"]},{\"@type\":\"Person\",\"@id\":\"https:\\\/\\\/lasentinelle.dz\\\/#\\\/schema\\\/person\\\/729ee0024f24e0b8c5ec17232f8e8b41\",\"name\":\"admin\",\"image\":{\"@type\":\"ImageObject\",\"inLanguage\":\"fr-FR\",\"@id\":\"https:\\\/\\\/secure.gravatar.com\\\/avatar\\\/4c81fed838786e9b53f540bf46533e750f5d292099ae3b66cfc6fb1982e29df7?s=96&d=mm&r=g\",\"url\":\"https:\\\/\\\/secure.gravatar.com\\\/avatar\\\/4c81fed838786e9b53f540bf46533e750f5d292099ae3b66cfc6fb1982e29df7?s=96&d=mm&r=g\",\"contentUrl\":\"https:\\\/\\\/secure.gravatar.com\\\/avatar\\\/4c81fed838786e9b53f540bf46533e750f5d292099ae3b66cfc6fb1982e29df7?s=96&d=mm&r=g\",\"caption\":\"admin\"},\"description\":\"admin\",\"url\":\"https:\\\/\\\/lasentinelle.dz\\\/author\\\/admin\\\/\"}]}<\/script>\n<!-- \/ Yoast SEO plugin. -->","yoast_head_json":{"title":"\u00c9liminatoires du Mondial 2026 : Les s\u00e9lections africaines aff\u00fbtent leurs armes - La Sentinelle","robots":{"index":"index","follow":"follow","max-snippet":"max-snippet:-1","max-image-preview":"max-image-preview:large","max-video-preview":"max-video-preview:-1"},"canonical":"https:\/\/lasentinelle.dz\/index.php\/2025\/06\/04\/eliminatoires-du-mondial-2026-les-selections-africaines-affutent-leurs-armes\/","og_locale":"fr_FR","og_type":"article","og_title":"\u00c9liminatoires du Mondial 2026 : Les s\u00e9lections africaines aff\u00fbtent leurs armes - La Sentinelle","og_description":"La derni\u00e8re tr\u00eave internationale de la saison bat son plein depuis lundi, et les s\u00e9lections africaines n&rsquo;ont pas ch\u00f4m\u00e9 pour","og_url":"https:\/\/lasentinelle.dz\/index.php\/2025\/06\/04\/eliminatoires-du-mondial-2026-les-selections-africaines-affutent-leurs-armes\/","og_site_name":"La Sentinelle","article_publisher":"https:\/\/www.facebook.com\/La-Sentinelle-104059864394773","article_published_time":"2025-06-04T21:15:31+00:00","article_modified_time":"2025-06-04T21:15:32+00:00","og_image":[{"width":600,"height":339,"url":"https:\/\/lasentinelle.dz\/wp-content\/uploads\/2025\/06\/qualifs-mondial.jpg","type":"image\/jpeg"}],"author":"admin","twitter_card":"summary_large_image","twitter_misc":{"\u00c9crit par":"admin","Dur\u00e9e de lecture estim\u00e9e":"4 minutes"},"schema":{"@context":"https:\/\/schema.org","@graph":[{"@type":"Article","@id":"https:\/\/lasentinelle.dz\/index.php\/2025\/06\/04\/eliminatoires-du-mondial-2026-les-selections-africaines-affutent-leurs-armes\/#article","isPartOf":{"@id":"https:\/\/lasentinelle.dz\/index.php\/2025\/06\/04\/eliminatoires-du-mondial-2026-les-selections-africaines-affutent-leurs-armes\/"},"author":{"name":"admin","@id":"https:\/\/lasentinelle.dz\/#\/schema\/person\/729ee0024f24e0b8c5ec17232f8e8b41"},"headline":"\u00c9liminatoires du Mondial 2026 : Les s\u00e9lections africaines aff\u00fbtent leurs armes","datePublished":"2025-06-04T21:15:31+00:00","dateModified":"2025-06-04T21:15:32+00:00","mainEntityOfPage":{"@id":"https:\/\/lasentinelle.dz\/index.php\/2025\/06\/04\/eliminatoires-du-mondial-2026-les-selections-africaines-affutent-leurs-armes\/"},"wordCount":659,"commentCount":0,"publisher":{"@id":"https:\/\/lasentinelle.dz\/#organization"},"image":{"@id":"https:\/\/lasentinelle.dz\/index.php\/2025\/06\/04\/eliminatoires-du-mondial-2026-les-selections-africaines-affutent-leurs-armes\/#primaryimage"},"thumbnailUrl":"https:\/\/lasentinelle.dz\/wp-content\/uploads\/2025\/06\/qualifs-mondial.jpg","articleSection":["Sports"],"inLanguage":"fr-FR","potentialAction":[{"@type":"CommentAction","name":"Comment","target":["https:\/\/lasentinelle.dz\/index.php\/2025\/06\/04\/eliminatoires-du-mondial-2026-les-selections-africaines-affutent-leurs-armes\/#respond"]}]},{"@type":"WebPage","@id":"https:\/\/lasentinelle.dz\/index.php\/2025\/06\/04\/eliminatoires-du-mondial-2026-les-selections-africaines-affutent-leurs-armes\/","url":"https:\/\/lasentinelle.dz\/index.php\/2025\/06\/04\/eliminatoires-du-mondial-2026-les-selections-africaines-affutent-leurs-armes\/","name":"\u00c9liminatoires du Mondial 2026 : Les s\u00e9lections africaines aff\u00fbtent leurs armes - La Sentinelle","isPartOf":{"@id":"https:\/\/lasentinelle.dz\/#website"},"primaryImageOfPage":{"@id":"https:\/\/lasentinelle.dz\/index.php\/2025\/06\/04\/eliminatoires-du-mondial-2026-les-selections-africaines-affutent-leurs-armes\/#primaryimage"},"image":{"@id":"https:\/\/lasentinelle.dz\/index.php\/2025\/06\/04\/eliminatoires-du-mondial-2026-les-selections-africaines-affutent-leurs-armes\/#primaryimage"},"thumbnailUrl":"https:\/\/lasentinelle.dz\/wp-content\/uploads\/2025\/06\/qualifs-mondial.jpg","datePublished":"2025-06-04T21:15:31+00:00","dateModified":"2025-06-04T21:15:32+00:00","breadcrumb":{"@id":"https:\/\/lasentinelle.dz\/index.php\/2025\/06\/04\/eliminatoires-du-mondial-2026-les-selections-africaines-affutent-leurs-armes\/#breadcrumb"},"inLanguage":"fr-FR","potentialAction":[{"@type":"ReadAction","target":["https:\/\/lasentinelle.dz\/index.php\/2025\/06\/04\/eliminatoires-du-mondial-2026-les-selections-africaines-affutent-leurs-armes\/"]}]},{"@type":"ImageObject","inLanguage":"fr-FR","@id":"https:\/\/lasentinelle.dz\/index.php\/2025\/06\/04\/eliminatoires-du-mondial-2026-les-selections-africaines-affutent-leurs-armes\/#primaryimage","url":"https:\/\/lasentinelle.dz\/wp-content\/uploads\/2025\/06\/qualifs-mondial.jpg","contentUrl":"https:\/\/lasentinelle.dz\/wp-content\/uploads\/2025\/06\/qualifs-mondial.jpg","width":600,"height":339},{"@type":"BreadcrumbList","@id":"https:\/\/lasentinelle.dz\/index.php\/2025\/06\/04\/eliminatoires-du-mondial-2026-les-selections-africaines-affutent-leurs-armes\/#breadcrumb","itemListElement":[{"@type":"ListItem","position":1,"name":"Accueil","item":"https:\/\/lasentinelle.dz\/"},{"@type":"ListItem","position":2,"name":"\u00c9liminatoires du Mondial 2026 : Les s\u00e9lections africaines aff\u00fbtent leurs armes"}]},{"@type":"WebSite","@id":"https:\/\/lasentinelle.dz\/#website","url":"https:\/\/lasentinelle.dz\/","name":"La Sentinelle","description":"Quotidien national d&#039;information","publisher":{"@id":"https:\/\/lasentinelle.dz\/#organization"},"potentialAction":[{"@type":"SearchAction","target":{"@type":"EntryPoint","urlTemplate":"https:\/\/lasentinelle.dz\/?s={search_term_string}"},"query-input":{"@type":"PropertyValueSpecification","valueRequired":true,"valueName":"search_term_string"}}],"inLanguage":"fr-FR"},{"@type":"Organization","@id":"https:\/\/lasentinelle.dz\/#organization","name":"Quotidien La Sentinelle","url":"https:\/\/lasentinelle.dz\/","logo":{"@type":"ImageObject","inLanguage":"fr-FR","@id":"https:\/\/lasentinelle.dz\/#\/schema\/logo\/image\/","url":"https:\/\/lasentinelle.dz\/wp-content\/uploads\/2021\/09\/logo-sentinelleSLOGAN-1.png","contentUrl":"https:\/\/lasentinelle.dz\/wp-content\/uploads\/2021\/09\/logo-sentinelleSLOGAN-1.png","width":615,"height":142,"caption":"Quotidien La Sentinelle"},"image":{"@id":"https:\/\/lasentinelle.dz\/#\/schema\/logo\/image\/"},"sameAs":["https:\/\/www.facebook.com\/La-Sentinelle-104059864394773"]},{"@type":"Person","@id":"https:\/\/lasentinelle.dz\/#\/schema\/person\/729ee0024f24e0b8c5ec17232f8e8b41","name":"admin","image":{"@type":"ImageObject","inLanguage":"fr-FR","@id":"https:\/\/secure.gravatar.com\/avatar\/4c81fed838786e9b53f540bf46533e750f5d292099ae3b66cfc6fb1982e29df7?s=96&d=mm&r=g","url":"https:\/\/secure.gravatar.com\/avatar\/4c81fed838786e9b53f540bf46533e750f5d292099ae3b66cfc6fb1982e29df7?s=96&d=mm&r=g","contentUrl":"https:\/\/secure.gravatar.com\/avatar\/4c81fed838786e9b53f540bf46533e750f5d292099ae3b66cfc6fb1982e29df7?s=96&d=mm&r=g","caption":"admin"},"description":"admin","url":"https:\/\/lasentinelle.dz\/author\/admin\/"}]}},"_links":{"self":[{"href":"https:\/\/lasentinelle.dz\/index.php\/wp-json\/wp\/v2\/posts\/68514","targetHints":{"allow":["GET"]}}],"collection":[{"href":"https:\/\/lasentinelle.dz\/index.php\/wp-json\/wp\/v2\/posts"}],"about":[{"href":"https:\/\/lasentinelle.dz\/index.php\/wp-json\/wp\/v2\/types\/post"}],"author":[{"embeddable":true,"href":"https:\/\/lasentinelle.dz\/index.php\/wp-json\/wp\/v2\/users\/6"}],"replies":[{"embeddable":true,"href":"https:\/\/lasentinelle.dz\/index.php\/wp-json\/wp\/v2\/comments?post=68514"}],"version-history":[{"count":1,"href":"https:\/\/lasentinelle.dz\/index.php\/wp-json\/wp\/v2\/posts\/68514\/revisions"}],"predecessor-version":[{"id":68516,"href":"https:\/\/lasentinelle.dz\/index.php\/wp-json\/wp\/v2\/posts\/68514\/revisions\/68516"}],"wp:featuredmedia":[{"embeddable":true,"href":"https:\/\/lasentinelle.dz\/index.php\/wp-json\/wp\/v2\/media\/68515"}],"wp:attachment":[{"href":"https:\/\/lasentinelle.dz\/index.php\/wp-json\/wp\/v2\/media?parent=68514"}],"wp:term":[{"taxonomy":"category","embeddable":true,"href":"https:\/\/lasentinelle.dz\/index.php\/wp-json\/wp\/v2\/categories?post=68514"},{"taxonomy":"post_tag","embeddable":true,"href":"https:\/\/lasentinelle.dz\/index.php\/wp-json\/wp\/v2\/tags?post=68514"}],"curies":[{"name":"wp","href":"https:\/\/api.w.org\/{rel}","templated":true}]}}