{"id":68517,"date":"2025-06-04T22:16:37","date_gmt":"2025-06-04T21:16:37","guid":{"rendered":"https:\/\/lasentinelle.dz\/?p=68517"},"modified":"2025-06-04T22:35:34","modified_gmt":"2025-06-04T21:35:34","slug":"face-a-la-suede-et-au-rwanda-les-verts-en-mission-de-continuite","status":"publish","type":"post","link":"https:\/\/lasentinelle.dz\/index.php\/2025\/06\/04\/face-a-la-suede-et-au-rwanda-les-verts-en-mission-de-continuite\/","title":{"rendered":"Face \u00e0 la Su\u00e8de et au Rwanda: Les Verts en mission de continuit\u00e9"},"content":{"rendered":"\n<p>L&rsquo;\u00e9quipe nationale s&rsquo;appr\u00eate \u00e0 vivre une semaine charg\u00e9e avec deux tests amicaux qui s&rsquo;annoncent cruciaux pour la suite de sa campagne qualificative au Mondial 2026.<\/p>\n\n\n\n<p>Apr\u00e8s trois mois de pause depuis leurs brillantes victoires contre le Botswana (3-1) et le Mozambique (5-1), les Fennecs retrouvent les terrains ce jeudi \u00e0 Constantine face au Rwanda, avant de s&rsquo;envoler vers Stockholm pour d\u00e9fier la Su\u00e8de mardi prochain.<\/p>\n\n\n\n<p>Vladimir Petkovic, fid\u00e8le \u00e0 sa philosophie, a mis\u00e9 sur la stabilit\u00e9 en convoquant 29 joueurs sans aucune nouvelle t\u00eate. Un choix assum\u00e9 qui t\u00e9moigne de la confiance du s\u00e9lectionneur suisse envers son groupe actuel. \u00ab\u00a0Les Rwandais ont chang\u00e9 r\u00e9cemment d&rsquo;entra\u00eeneur mais \u00e9galement la fa\u00e7on d&rsquo;attaquer. C&rsquo;est une \u00e9quipe qui va jouer avec deux lignes d\u00e9fensives bien serr\u00e9es. Le plus important pour nous c&rsquo;est de bien varier le jeu face \u00e0 eux\u00a0\u00bb, analyse le technicien qui a peaufin\u00e9 ses plans lors des s\u00e9ances technico-tactiques men\u00e9es au Centre technique national de Sidi Moussa.<\/p>\n\n\n\n<p>Le match contre le Rwanda au stade Chahid-Hamlaoui de Constantine ne sera pas une simple formalit\u00e9 malgr\u00e9 l&rsquo;\u00e9cart de rang FIFA entre les deux s\u00e9lections. Les Amavubi, dirig\u00e9s par l&rsquo;Alg\u00e9rien Adel Amrouche, occupent actuellement la deuxi\u00e8me place de leur groupe qualificatif avec huit points, certes loin derri\u00e8re l&rsquo;Afrique du Sud mais avec des ambitions intactes. Men\u00e9e par l&rsquo;attaquant Arthur Gitego du Club Ferroviario Da Beira, cette \u00e9quipe rwandaise version 2025 compte bien cr\u00e9er la surprise face aux champions d&rsquo;Afrique en titre.<\/p>\n\n\n\n<p>Guitoune et Abdelli lib\u00e9r\u00e9s<\/p>\n\n\n\n<p>Du c\u00f4t\u00e9 alg\u00e9rien, l&rsquo;optimisme r\u00e8gne malgr\u00e9 quelques ajustements de derni\u00e8re minute. K\u00e9vin Guitoune et Himad Abdelli ont \u00e9t\u00e9 lib\u00e9r\u00e9s du stage apr\u00e8s des tests physiques, le staff m\u00e9dical privil\u00e9giant leur r\u00e9cup\u00e9ration compl\u00e8te en cette fin de saison europ\u00e9enne particuli\u00e8rement dense. \u00ab\u00a0Ce match, bien qu&rsquo;amical, nous devons le gagner pour pr\u00e9server la dynamique, mais \u00e9galement gagner face \u00e0 la Su\u00e8de\u00a0\u00bb, a d\u00e9clar\u00e9 avec d\u00e9termination Amin Chiakha, le jeune attaquant du FC Copenhague qui incarne parfaitement l&rsquo;\u00e9tat d&rsquo;esprit de ce groupe alg\u00e9rien.<\/p>\n\n\n\n<p>La v\u00e9ritable montagne \u00e0 gravir se dressera quelques jours plus tard \u00e0 la Strawberry Arena de Solna. Face \u00e0 la Su\u00e8de, les Verts affronteront une tout autre dimension, celle d&rsquo;une formation europ\u00e9enne aguerrie qui repr\u00e9sentera un test r\u00e9v\u00e9lateur pour les ambitions de Riyad Mahrez et ses co\u00e9quipiers. Toutefois, les nouvelles en provenance de Stockholm apportent une lueur d&rsquo;espoir : Viktor Gyokeres, le redoutable buteur du Sporting Lisbonne auteur de 54 r\u00e9alisations cette saison, a d\u00e9clar\u00e9 forfait en raison d&rsquo;une g\u00eane physique. S&rsquo;ajoutant aux absences d&rsquo;Alexander Isak, Dejan Kulusevski et Lucas Bergvall, ce forfait ouvre des perspectives int\u00e9ressantes pour les Fennecs.<\/p>\n\n\n\n<p>Jon Dahl Tomasson, le s\u00e9lectionneur danois de la Su\u00e8de, devra donc recomposer son attaque pour ce qui s&rsquo;annonce comme un duel tactique passionnant entre deux philosophies de jeu diff\u00e9rentes. Les Nordiques, habitu\u00e9s aux joutes europ\u00e9ennes de haut niveau, constitueront un barom\u00e8tre id\u00e9al pour mesurer les progr\u00e8s r\u00e9alis\u00e9s par l&rsquo;Alg\u00e9rie depuis le d\u00e9but de cette campagne qualificative.<\/p>\n\n\n\n<p>L&rsquo;enjeu des qualif&rsquo;<\/p>\n\n\n\n<p>Car derri\u00e8re ces matchs amicaux se profile un objectif majeur : la reprise des qualifications mondiales en septembre avec la r\u00e9ception du Botswana et le d\u00e9placement en Guin\u00e9e. Avec quinze points au compteur et trois longueurs d&rsquo;avance sur le Mozambique, l&rsquo;Alg\u00e9rie occupe une position de leader confortable dans son groupe, mais rien n&rsquo;est encore acquis dans cette course directe vers les \u00c9tats-Unis, le Canada et le Mexique.<\/p>\n\n\n\n<p>L&rsquo;ambiance sera \u00e9lectrique ce jeudi &nbsp;\u00e0 Constantine o\u00f9 les supporters alg\u00e9riens retrouveront leurs prot\u00e9g\u00e9s apr\u00e8s plusieurs mois d&rsquo;attente. Ce public fervent, v\u00e9ritable douzi\u00e8me homme des Verts, constituera un atout suppl\u00e9mentaire face \u00e0 des Rwandais qui d\u00e9couvriront l&rsquo;atmosph\u00e8re unique des stades alg\u00e9riens. La d\u00e9l\u00e9gation rwandaise, qui a d&rsquo;ailleurs b\u00e9n\u00e9fici\u00e9 des services du Centre National de M\u00e9decine du Sport d&rsquo;Alger pour effectuer ses bilans m\u00e9dicaux, t\u00e9moigne de cette coop\u00e9ration africaine qui d\u00e9passe le simple cadre sportif.<\/p>\n\n\n\n<p>Entre pr\u00e9paration tactique, gestion physique et maintien de la dynamique, ces deux rendez-vous s&rsquo;annoncent d\u00e9terminants pour la suite de l&rsquo;aventure alg\u00e9rienne. Vladimir Petkovic et son staff savent que chaque d\u00e9tail compte \u00e0 ce niveau, et que la r\u00e9gularit\u00e9 dans la performance constitue la cl\u00e9 du succ\u00e8s dans cette longue marche vers le Mondial 2026.<\/p>\n\n\n\n<p>Moncef Dahleb<\/p>\n","protected":false},"excerpt":{"rendered":"<p>L&rsquo;\u00e9quipe nationale s&rsquo;appr\u00eate \u00e0 vivre une semaine charg\u00e9e avec deux tests amicaux qui s&rsquo;annoncent cruciaux pour la suite de sa<\/p>\n","protected":false},"author":6,"featured_media":68518,"comment_status":"open","ping_status":"closed","sticky":false,"template":"","format":"standard","meta":{"colormag_page_container_layout":"default_layout","colormag_page_sidebar_layout":"default_layout","om_disable_all_campaigns":false,"_monsterinsights_skip_tracking":false,"_monsterinsights_sitenote_active":false,"_monsterinsights_sitenote_note":"","_monsterinsights_sitenote_category":0,"footnotes":"","_wpscppro_dont_share_socialmedia":false,"_wpscppro_custom_social_share_image":0,"_facebook_share_type":"default","_twitter_share_type":"default","_linkedin_share_type":"default","_pinterest_share_type":"default","_linkedin_share_type_page":"","_instagram_share_type":"default","_medium_share_type":"default","_threads_share_type":"","_google_business_share_type":"","_selected_social_profile":[],"_wpsp_enable_custom_social_template":false,"_wpsp_social_scheduling":{"enabled":false,"datetime":null,"platforms":[],"status":"template_only","dateOption":"today","timeOption":"now","customDays":"","customHours":"","customDate":"","customTime":"","schedulingType":"absolute"},"_wpsp_active_default_template":true},"categories":[52,33],"tags":[],"class_list":["post-68517","post","type-post","status-publish","format-standard","has-post-thumbnail","hentry","category-a-la-une","category-sports"],"aioseo_notices":[],"yoast_head":"<!-- This site is optimized with the Yoast SEO plugin v27.5 - https:\/\/yoast.com\/product\/yoast-seo-wordpress\/ -->\n<title>Face \u00e0 la Su\u00e8de et au Rwanda: Les Verts en mission de continuit\u00e9 - La Sentinelle<\/title>\n<meta name=\"robots\" content=\"index, follow, max-snippet:-1, max-image-preview:large, max-video-preview:-1\" \/>\n<link rel=\"canonical\" href=\"https:\/\/lasentinelle.dz\/index.php\/2025\/06\/04\/face-a-la-suede-et-au-rwanda-les-verts-en-mission-de-continuite\/\" \/>\n<meta property=\"og:locale\" content=\"fr_FR\" \/>\n<meta property=\"og:type\" content=\"article\" \/>\n<meta property=\"og:title\" content=\"Face \u00e0 la Su\u00e8de et au Rwanda: Les Verts en mission de continuit\u00e9 - La Sentinelle\" \/>\n<meta property=\"og:description\" content=\"L&rsquo;\u00e9quipe nationale s&rsquo;appr\u00eate \u00e0 vivre une semaine charg\u00e9e avec deux tests amicaux qui s&rsquo;annoncent cruciaux pour la suite de sa\" \/>\n<meta property=\"og:url\" content=\"https:\/\/lasentinelle.dz\/index.php\/2025\/06\/04\/face-a-la-suede-et-au-rwanda-les-verts-en-mission-de-continuite\/\" \/>\n<meta property=\"og:site_name\" content=\"La Sentinelle\" \/>\n<meta property=\"article:publisher\" content=\"https:\/\/www.facebook.com\/La-Sentinelle-104059864394773\" \/>\n<meta property=\"article:published_time\" content=\"2025-06-04T21:16:37+00:00\" \/>\n<meta property=\"article:modified_time\" content=\"2025-06-04T21:35:34+00:00\" \/>\n<meta property=\"og:image\" content=\"https:\/\/lasentinelle.dz\/wp-content\/uploads\/2025\/06\/petkovic-e1749072926234.jpg\" \/>\n\t<meta property=\"og:image:width\" content=\"2432\" \/>\n\t<meta property=\"og:image:height\" content=\"1600\" \/>\n\t<meta property=\"og:image:type\" content=\"image\/jpeg\" \/>\n<meta name=\"author\" content=\"admin\" \/>\n<meta name=\"twitter:card\" content=\"summary_large_image\" \/>\n<meta name=\"twitter:label1\" content=\"\u00c9crit par\" \/>\n\t<meta name=\"twitter:data1\" content=\"admin\" \/>\n\t<meta name=\"twitter:label2\" content=\"Dur\u00e9e de lecture estim\u00e9e\" \/>\n\t<meta name=\"twitter:data2\" content=\"4 minutes\" \/>\n<script type=\"application\/ld+json\" class=\"yoast-schema-graph\">{\"@context\":\"https:\\\/\\\/schema.org\",\"@graph\":[{\"@type\":\"Article\",\"@id\":\"https:\\\/\\\/lasentinelle.dz\\\/index.php\\\/2025\\\/06\\\/04\\\/face-a-la-suede-et-au-rwanda-les-verts-en-mission-de-continuite\\\/#article\",\"isPartOf\":{\"@id\":\"https:\\\/\\\/lasentinelle.dz\\\/index.php\\\/2025\\\/06\\\/04\\\/face-a-la-suede-et-au-rwanda-les-verts-en-mission-de-continuite\\\/\"},\"author\":{\"name\":\"admin\",\"@id\":\"https:\\\/\\\/lasentinelle.dz\\\/#\\\/schema\\\/person\\\/729ee0024f24e0b8c5ec17232f8e8b41\"},\"headline\":\"Face \u00e0 la Su\u00e8de et au Rwanda: Les Verts en mission de continuit\u00e9\",\"datePublished\":\"2025-06-04T21:16:37+00:00\",\"dateModified\":\"2025-06-04T21:35:34+00:00\",\"mainEntityOfPage\":{\"@id\":\"https:\\\/\\\/lasentinelle.dz\\\/index.php\\\/2025\\\/06\\\/04\\\/face-a-la-suede-et-au-rwanda-les-verts-en-mission-de-continuite\\\/\"},\"wordCount\":806,\"commentCount\":0,\"publisher\":{\"@id\":\"https:\\\/\\\/lasentinelle.dz\\\/#organization\"},\"image\":{\"@id\":\"https:\\\/\\\/lasentinelle.dz\\\/index.php\\\/2025\\\/06\\\/04\\\/face-a-la-suede-et-au-rwanda-les-verts-en-mission-de-continuite\\\/#primaryimage\"},\"thumbnailUrl\":\"https:\\\/\\\/lasentinelle.dz\\\/wp-content\\\/uploads\\\/2025\\\/06\\\/petkovic-e1749072926234.jpg\",\"articleSection\":[\"\u00c0 la Une\",\"Sports\"],\"inLanguage\":\"fr-FR\",\"potentialAction\":[{\"@type\":\"CommentAction\",\"name\":\"Comment\",\"target\":[\"https:\\\/\\\/lasentinelle.dz\\\/index.php\\\/2025\\\/06\\\/04\\\/face-a-la-suede-et-au-rwanda-les-verts-en-mission-de-continuite\\\/#respond\"]}]},{\"@type\":\"WebPage\",\"@id\":\"https:\\\/\\\/lasentinelle.dz\\\/index.php\\\/2025\\\/06\\\/04\\\/face-a-la-suede-et-au-rwanda-les-verts-en-mission-de-continuite\\\/\",\"url\":\"https:\\\/\\\/lasentinelle.dz\\\/index.php\\\/2025\\\/06\\\/04\\\/face-a-la-suede-et-au-rwanda-les-verts-en-mission-de-continuite\\\/\",\"name\":\"Face \u00e0 la Su\u00e8de et au Rwanda: Les Verts en mission de continuit\u00e9 - La Sentinelle\",\"isPartOf\":{\"@id\":\"https:\\\/\\\/lasentinelle.dz\\\/#website\"},\"primaryImageOfPage\":{\"@id\":\"https:\\\/\\\/lasentinelle.dz\\\/index.php\\\/2025\\\/06\\\/04\\\/face-a-la-suede-et-au-rwanda-les-verts-en-mission-de-continuite\\\/#primaryimage\"},\"image\":{\"@id\":\"https:\\\/\\\/lasentinelle.dz\\\/index.php\\\/2025\\\/06\\\/04\\\/face-a-la-suede-et-au-rwanda-les-verts-en-mission-de-continuite\\\/#primaryimage\"},\"thumbnailUrl\":\"https:\\\/\\\/lasentinelle.dz\\\/wp-content\\\/uploads\\\/2025\\\/06\\\/petkovic-e1749072926234.jpg\",\"datePublished\":\"2025-06-04T21:16:37+00:00\",\"dateModified\":\"2025-06-04T21:35:34+00:00\",\"breadcrumb\":{\"@id\":\"https:\\\/\\\/lasentinelle.dz\\\/index.php\\\/2025\\\/06\\\/04\\\/face-a-la-suede-et-au-rwanda-les-verts-en-mission-de-continuite\\\/#breadcrumb\"},\"inLanguage\":\"fr-FR\",\"potentialAction\":[{\"@type\":\"ReadAction\",\"target\":[\"https:\\\/\\\/lasentinelle.dz\\\/index.php\\\/2025\\\/06\\\/04\\\/face-a-la-suede-et-au-rwanda-les-verts-en-mission-de-continuite\\\/\"]}]},{\"@type\":\"ImageObject\",\"inLanguage\":\"fr-FR\",\"@id\":\"https:\\\/\\\/lasentinelle.dz\\\/index.php\\\/2025\\\/06\\\/04\\\/face-a-la-suede-et-au-rwanda-les-verts-en-mission-de-continuite\\\/#primaryimage\",\"url\":\"https:\\\/\\\/lasentinelle.dz\\\/wp-content\\\/uploads\\\/2025\\\/06\\\/petkovic-e1749072926234.jpg\",\"contentUrl\":\"https:\\\/\\\/lasentinelle.dz\\\/wp-content\\\/uploads\\\/2025\\\/06\\\/petkovic-e1749072926234.jpg\",\"width\":2432,\"height\":1600},{\"@type\":\"BreadcrumbList\",\"@id\":\"https:\\\/\\\/lasentinelle.dz\\\/index.php\\\/2025\\\/06\\\/04\\\/face-a-la-suede-et-au-rwanda-les-verts-en-mission-de-continuite\\\/#breadcrumb\",\"itemListElement\":[{\"@type\":\"ListItem\",\"position\":1,\"name\":\"Accueil\",\"item\":\"https:\\\/\\\/lasentinelle.dz\\\/\"},{\"@type\":\"ListItem\",\"position\":2,\"name\":\"Face \u00e0 la Su\u00e8de et au Rwanda: Les Verts en mission de continuit\u00e9\"}]},{\"@type\":\"WebSite\",\"@id\":\"https:\\\/\\\/lasentinelle.dz\\\/#website\",\"url\":\"https:\\\/\\\/lasentinelle.dz\\\/\",\"name\":\"La Sentinelle\",\"description\":\"Quotidien national d&#039;information\",\"publisher\":{\"@id\":\"https:\\\/\\\/lasentinelle.dz\\\/#organization\"},\"potentialAction\":[{\"@type\":\"SearchAction\",\"target\":{\"@type\":\"EntryPoint\",\"urlTemplate\":\"https:\\\/\\\/lasentinelle.dz\\\/?s={search_term_string}\"},\"query-input\":{\"@type\":\"PropertyValueSpecification\",\"valueRequired\":true,\"valueName\":\"search_term_string\"}}],\"inLanguage\":\"fr-FR\"},{\"@type\":\"Organization\",\"@id\":\"https:\\\/\\\/lasentinelle.dz\\\/#organization\",\"name\":\"Quotidien La Sentinelle\",\"url\":\"https:\\\/\\\/lasentinelle.dz\\\/\",\"logo\":{\"@type\":\"ImageObject\",\"inLanguage\":\"fr-FR\",\"@id\":\"https:\\\/\\\/lasentinelle.dz\\\/#\\\/schema\\\/logo\\\/image\\\/\",\"url\":\"https:\\\/\\\/lasentinelle.dz\\\/wp-content\\\/uploads\\\/2021\\\/09\\\/logo-sentinelleSLOGAN-1.png\",\"contentUrl\":\"https:\\\/\\\/lasentinelle.dz\\\/wp-content\\\/uploads\\\/2021\\\/09\\\/logo-sentinelleSLOGAN-1.png\",\"width\":615,\"height\":142,\"caption\":\"Quotidien La Sentinelle\"},\"image\":{\"@id\":\"https:\\\/\\\/lasentinelle.dz\\\/#\\\/schema\\\/logo\\\/image\\\/\"},\"sameAs\":[\"https:\\\/\\\/www.facebook.com\\\/La-Sentinelle-104059864394773\"]},{\"@type\":\"Person\",\"@id\":\"https:\\\/\\\/lasentinelle.dz\\\/#\\\/schema\\\/person\\\/729ee0024f24e0b8c5ec17232f8e8b41\",\"name\":\"admin\",\"image\":{\"@type\":\"ImageObject\",\"inLanguage\":\"fr-FR\",\"@id\":\"https:\\\/\\\/secure.gravatar.com\\\/avatar\\\/4c81fed838786e9b53f540bf46533e750f5d292099ae3b66cfc6fb1982e29df7?s=96&d=mm&r=g\",\"url\":\"https:\\\/\\\/secure.gravatar.com\\\/avatar\\\/4c81fed838786e9b53f540bf46533e750f5d292099ae3b66cfc6fb1982e29df7?s=96&d=mm&r=g\",\"contentUrl\":\"https:\\\/\\\/secure.gravatar.com\\\/avatar\\\/4c81fed838786e9b53f540bf46533e750f5d292099ae3b66cfc6fb1982e29df7?s=96&d=mm&r=g\",\"caption\":\"admin\"},\"description\":\"admin\",\"url\":\"https:\\\/\\\/lasentinelle.dz\\\/author\\\/admin\\\/\"}]}<\/script>\n<!-- \/ Yoast SEO plugin. -->","yoast_head_json":{"title":"Face \u00e0 la Su\u00e8de et au Rwanda: Les Verts en mission de continuit\u00e9 - La Sentinelle","robots":{"index":"index","follow":"follow","max-snippet":"max-snippet:-1","max-image-preview":"max-image-preview:large","max-video-preview":"max-video-preview:-1"},"canonical":"https:\/\/lasentinelle.dz\/index.php\/2025\/06\/04\/face-a-la-suede-et-au-rwanda-les-verts-en-mission-de-continuite\/","og_locale":"fr_FR","og_type":"article","og_title":"Face \u00e0 la Su\u00e8de et au Rwanda: Les Verts en mission de continuit\u00e9 - La Sentinelle","og_description":"L&rsquo;\u00e9quipe nationale s&rsquo;appr\u00eate \u00e0 vivre une semaine charg\u00e9e avec deux tests amicaux qui s&rsquo;annoncent cruciaux pour la suite de sa","og_url":"https:\/\/lasentinelle.dz\/index.php\/2025\/06\/04\/face-a-la-suede-et-au-rwanda-les-verts-en-mission-de-continuite\/","og_site_name":"La Sentinelle","article_publisher":"https:\/\/www.facebook.com\/La-Sentinelle-104059864394773","article_published_time":"2025-06-04T21:16:37+00:00","article_modified_time":"2025-06-04T21:35:34+00:00","og_image":[{"width":2432,"height":1600,"url":"https:\/\/lasentinelle.dz\/wp-content\/uploads\/2025\/06\/petkovic-e1749072926234.jpg","type":"image\/jpeg"}],"author":"admin","twitter_card":"summary_large_image","twitter_misc":{"\u00c9crit par":"admin","Dur\u00e9e de lecture estim\u00e9e":"4 minutes"},"schema":{"@context":"https:\/\/schema.org","@graph":[{"@type":"Article","@id":"https:\/\/lasentinelle.dz\/index.php\/2025\/06\/04\/face-a-la-suede-et-au-rwanda-les-verts-en-mission-de-continuite\/#article","isPartOf":{"@id":"https:\/\/lasentinelle.dz\/index.php\/2025\/06\/04\/face-a-la-suede-et-au-rwanda-les-verts-en-mission-de-continuite\/"},"author":{"name":"admin","@id":"https:\/\/lasentinelle.dz\/#\/schema\/person\/729ee0024f24e0b8c5ec17232f8e8b41"},"headline":"Face \u00e0 la Su\u00e8de et au Rwanda: Les Verts en mission de continuit\u00e9","datePublished":"2025-06-04T21:16:37+00:00","dateModified":"2025-06-04T21:35:34+00:00","mainEntityOfPage":{"@id":"https:\/\/lasentinelle.dz\/index.php\/2025\/06\/04\/face-a-la-suede-et-au-rwanda-les-verts-en-mission-de-continuite\/"},"wordCount":806,"commentCount":0,"publisher":{"@id":"https:\/\/lasentinelle.dz\/#organization"},"image":{"@id":"https:\/\/lasentinelle.dz\/index.php\/2025\/06\/04\/face-a-la-suede-et-au-rwanda-les-verts-en-mission-de-continuite\/#primaryimage"},"thumbnailUrl":"https:\/\/lasentinelle.dz\/wp-content\/uploads\/2025\/06\/petkovic-e1749072926234.jpg","articleSection":["\u00c0 la Une","Sports"],"inLanguage":"fr-FR","potentialAction":[{"@type":"CommentAction","name":"Comment","target":["https:\/\/lasentinelle.dz\/index.php\/2025\/06\/04\/face-a-la-suede-et-au-rwanda-les-verts-en-mission-de-continuite\/#respond"]}]},{"@type":"WebPage","@id":"https:\/\/lasentinelle.dz\/index.php\/2025\/06\/04\/face-a-la-suede-et-au-rwanda-les-verts-en-mission-de-continuite\/","url":"https:\/\/lasentinelle.dz\/index.php\/2025\/06\/04\/face-a-la-suede-et-au-rwanda-les-verts-en-mission-de-continuite\/","name":"Face \u00e0 la Su\u00e8de et au Rwanda: Les Verts en mission de continuit\u00e9 - La Sentinelle","isPartOf":{"@id":"https:\/\/lasentinelle.dz\/#website"},"primaryImageOfPage":{"@id":"https:\/\/lasentinelle.dz\/index.php\/2025\/06\/04\/face-a-la-suede-et-au-rwanda-les-verts-en-mission-de-continuite\/#primaryimage"},"image":{"@id":"https:\/\/lasentinelle.dz\/index.php\/2025\/06\/04\/face-a-la-suede-et-au-rwanda-les-verts-en-mission-de-continuite\/#primaryimage"},"thumbnailUrl":"https:\/\/lasentinelle.dz\/wp-content\/uploads\/2025\/06\/petkovic-e1749072926234.jpg","datePublished":"2025-06-04T21:16:37+00:00","dateModified":"2025-06-04T21:35:34+00:00","breadcrumb":{"@id":"https:\/\/lasentinelle.dz\/index.php\/2025\/06\/04\/face-a-la-suede-et-au-rwanda-les-verts-en-mission-de-continuite\/#breadcrumb"},"inLanguage":"fr-FR","potentialAction":[{"@type":"ReadAction","target":["https:\/\/lasentinelle.dz\/index.php\/2025\/06\/04\/face-a-la-suede-et-au-rwanda-les-verts-en-mission-de-continuite\/"]}]},{"@type":"ImageObject","inLanguage":"fr-FR","@id":"https:\/\/lasentinelle.dz\/index.php\/2025\/06\/04\/face-a-la-suede-et-au-rwanda-les-verts-en-mission-de-continuite\/#primaryimage","url":"https:\/\/lasentinelle.dz\/wp-content\/uploads\/2025\/06\/petkovic-e1749072926234.jpg","contentUrl":"https:\/\/lasentinelle.dz\/wp-content\/uploads\/2025\/06\/petkovic-e1749072926234.jpg","width":2432,"height":1600},{"@type":"BreadcrumbList","@id":"https:\/\/lasentinelle.dz\/index.php\/2025\/06\/04\/face-a-la-suede-et-au-rwanda-les-verts-en-mission-de-continuite\/#breadcrumb","itemListElement":[{"@type":"ListItem","position":1,"name":"Accueil","item":"https:\/\/lasentinelle.dz\/"},{"@type":"ListItem","position":2,"name":"Face \u00e0 la Su\u00e8de et au Rwanda: Les Verts en mission de continuit\u00e9"}]},{"@type":"WebSite","@id":"https:\/\/lasentinelle.dz\/#website","url":"https:\/\/lasentinelle.dz\/","name":"La Sentinelle","description":"Quotidien national d&#039;information","publisher":{"@id":"https:\/\/lasentinelle.dz\/#organization"},"potentialAction":[{"@type":"SearchAction","target":{"@type":"EntryPoint","urlTemplate":"https:\/\/lasentinelle.dz\/?s={search_term_string}"},"query-input":{"@type":"PropertyValueSpecification","valueRequired":true,"valueName":"search_term_string"}}],"inLanguage":"fr-FR"},{"@type":"Organization","@id":"https:\/\/lasentinelle.dz\/#organization","name":"Quotidien La Sentinelle","url":"https:\/\/lasentinelle.dz\/","logo":{"@type":"ImageObject","inLanguage":"fr-FR","@id":"https:\/\/lasentinelle.dz\/#\/schema\/logo\/image\/","url":"https:\/\/lasentinelle.dz\/wp-content\/uploads\/2021\/09\/logo-sentinelleSLOGAN-1.png","contentUrl":"https:\/\/lasentinelle.dz\/wp-content\/uploads\/2021\/09\/logo-sentinelleSLOGAN-1.png","width":615,"height":142,"caption":"Quotidien La Sentinelle"},"image":{"@id":"https:\/\/lasentinelle.dz\/#\/schema\/logo\/image\/"},"sameAs":["https:\/\/www.facebook.com\/La-Sentinelle-104059864394773"]},{"@type":"Person","@id":"https:\/\/lasentinelle.dz\/#\/schema\/person\/729ee0024f24e0b8c5ec17232f8e8b41","name":"admin","image":{"@type":"ImageObject","inLanguage":"fr-FR","@id":"https:\/\/secure.gravatar.com\/avatar\/4c81fed838786e9b53f540bf46533e750f5d292099ae3b66cfc6fb1982e29df7?s=96&d=mm&r=g","url":"https:\/\/secure.gravatar.com\/avatar\/4c81fed838786e9b53f540bf46533e750f5d292099ae3b66cfc6fb1982e29df7?s=96&d=mm&r=g","contentUrl":"https:\/\/secure.gravatar.com\/avatar\/4c81fed838786e9b53f540bf46533e750f5d292099ae3b66cfc6fb1982e29df7?s=96&d=mm&r=g","caption":"admin"},"description":"admin","url":"https:\/\/lasentinelle.dz\/author\/admin\/"}]}},"_links":{"self":[{"href":"https:\/\/lasentinelle.dz\/index.php\/wp-json\/wp\/v2\/posts\/68517","targetHints":{"allow":["GET"]}}],"collection":[{"href":"https:\/\/lasentinelle.dz\/index.php\/wp-json\/wp\/v2\/posts"}],"about":[{"href":"https:\/\/lasentinelle.dz\/index.php\/wp-json\/wp\/v2\/types\/post"}],"author":[{"embeddable":true,"href":"https:\/\/lasentinelle.dz\/index.php\/wp-json\/wp\/v2\/users\/6"}],"replies":[{"embeddable":true,"href":"https:\/\/lasentinelle.dz\/index.php\/wp-json\/wp\/v2\/comments?post=68517"}],"version-history":[{"count":1,"href":"https:\/\/lasentinelle.dz\/index.php\/wp-json\/wp\/v2\/posts\/68517\/revisions"}],"predecessor-version":[{"id":68519,"href":"https:\/\/lasentinelle.dz\/index.php\/wp-json\/wp\/v2\/posts\/68517\/revisions\/68519"}],"wp:featuredmedia":[{"embeddable":true,"href":"https:\/\/lasentinelle.dz\/index.php\/wp-json\/wp\/v2\/media\/68518"}],"wp:attachment":[{"href":"https:\/\/lasentinelle.dz\/index.php\/wp-json\/wp\/v2\/media?parent=68517"}],"wp:term":[{"taxonomy":"category","embeddable":true,"href":"https:\/\/lasentinelle.dz\/index.php\/wp-json\/wp\/v2\/categories?post=68517"},{"taxonomy":"post_tag","embeddable":true,"href":"https:\/\/lasentinelle.dz\/index.php\/wp-json\/wp\/v2\/tags?post=68517"}],"curies":[{"name":"wp","href":"https:\/\/api.w.org\/{rel}","templated":true}]}}