{"id":68523,"date":"2025-06-04T22:18:53","date_gmt":"2025-06-04T21:18:53","guid":{"rendered":"https:\/\/lasentinelle.dz\/?p=68523"},"modified":"2025-06-04T22:18:54","modified_gmt":"2025-06-04T21:18:54","slug":"eph-de-jijel-acquisition-de-nouveaux-equipements-de-pointe","status":"publish","type":"post","link":"https:\/\/lasentinelle.dz\/index.php\/2025\/06\/04\/eph-de-jijel-acquisition-de-nouveaux-equipements-de-pointe\/","title":{"rendered":"EPH de Jijel : Acquisition de nouveaux \u00e9quipements de pointe"},"content":{"rendered":"\n<p>L&rsquo;\u00c9tablissement Public Hospitalier Mohamed Seddik Benyahia de Jijel a re\u00e7u de nouveaux \u00e9quipements m\u00e9dicaux modernes financ\u00e9s sur le budget 2025, selon une source m\u00e9dicale.<\/p>\n\n\n\n<p>Cette dotation comprend une colonne d&rsquo;endoscopie digestive, un spectrophotom\u00e8tre et une centrifugeuse, destin\u00e9s \u00e0 renforcer plusieurs segments d&rsquo;examens m\u00e9dicaux. L&rsquo;acquisition s&rsquo;inscrit dans les efforts continus de renforcement des services de sant\u00e9 publique et r\u00e9pond \u00e0 une strat\u00e9gie globale d&rsquo;am\u00e9lioration de la prise en charge des patients. Elle vise \u00e0 \u00e9quiper l&rsquo;\u00e9tablissement de moyens techniques adapt\u00e9s aux besoins m\u00e9dicaux actuels et aux standards modernes de la m\u00e9decine. La colonne d&rsquo;endoscopie digestive b\u00e9n\u00e9ficiera directement au service de gastro-ent\u00e9rologie. Cet \u00e9quipement permettra des diagnostics plus pr\u00e9cis et moins invasifs des pathologies digestives, am\u00e9liorant le confort des patients lors des examens. Le spectrophotom\u00e8tre et la centrifugeuse renforceront les capacit\u00e9s du laboratoire d&rsquo;analyses m\u00e9dicales. Ces dispositifs, destin\u00e9s aux analyses h\u00e9matologiques, garantiront une meilleure fiabilit\u00e9 des bilans biologiques et des r\u00e9sultats plus rapides.<\/p>\n\n\n\n<p>Cette acquisition constitue la premi\u00e8re phase d&rsquo;un approvisionnement plus vaste actuellement en cours. D&rsquo;autres \u00e9quipements m\u00e9dicaux sont attendus prochainement, conform\u00e9ment aux march\u00e9s publics r\u00e9cemment conclus. Ces \u00e9quipements de haute technologie permettront d&rsquo;am\u00e9liorer la qualit\u00e9 des soins, de r\u00e9duire les d\u00e9lais de prise en charge et d&rsquo;optimiser le fonctionnement global de l&rsquo;\u00e9tablissement hospitalier. Au-del\u00e0 de l&rsquo;am\u00e9lioration du diagnostic et du traitement, cette modernisation contribuera \u00e0 r\u00e9duire les in\u00e9galit\u00e9s de sant\u00e9 au niveau local. Les patients pourront b\u00e9n\u00e9ficier d&rsquo;examens plus performants sans se d\u00e9placer vers d&rsquo;autres \u00e9tablissements ou wilayas, ni recourir au secteur priv\u00e9.<\/p>\n\n\n\n<p>Sofia Chahine<\/p>\n","protected":false},"excerpt":{"rendered":"<p>L&rsquo;\u00c9tablissement Public Hospitalier Mohamed Seddik Benyahia de Jijel a re\u00e7u de nouveaux \u00e9quipements m\u00e9dicaux modernes financ\u00e9s sur le budget 2025,<\/p>\n","protected":false},"author":6,"featured_media":68524,"comment_status":"open","ping_status":"closed","sticky":false,"template":"","format":"standard","meta":{"colormag_page_container_layout":"default_layout","colormag_page_sidebar_layout":"default_layout","om_disable_all_campaigns":false,"_monsterinsights_skip_tracking":false,"_monsterinsights_sitenote_active":false,"_monsterinsights_sitenote_note":"","_monsterinsights_sitenote_category":0,"footnotes":"","_wpscppro_dont_share_socialmedia":false,"_wpscppro_custom_social_share_image":0,"_facebook_share_type":"default","_twitter_share_type":"default","_linkedin_share_type":"default","_pinterest_share_type":"default","_linkedin_share_type_page":"","_instagram_share_type":"default","_medium_share_type":"default","_threads_share_type":"","_google_business_share_type":"","_selected_social_profile":[],"_wpsp_enable_custom_social_template":false,"_wpsp_social_scheduling":{"enabled":false,"datetime":null,"platforms":[],"status":"template_only","dateOption":"today","timeOption":"now","customDays":"","customHours":"","customDate":"","customTime":"","schedulingType":"absolute"},"_wpsp_active_default_template":true},"categories":[31],"tags":[],"class_list":["post-68523","post","type-post","status-publish","format-standard","has-post-thumbnail","hentry","category-regions"],"aioseo_notices":[],"yoast_head":"<!-- This site is optimized with the Yoast SEO plugin v27.5 - https:\/\/yoast.com\/product\/yoast-seo-wordpress\/ -->\n<title>EPH de Jijel : Acquisition de nouveaux \u00e9quipements de pointe - La Sentinelle<\/title>\n<meta name=\"robots\" content=\"index, follow, max-snippet:-1, max-image-preview:large, max-video-preview:-1\" \/>\n<link rel=\"canonical\" href=\"https:\/\/lasentinelle.dz\/index.php\/2025\/06\/04\/eph-de-jijel-acquisition-de-nouveaux-equipements-de-pointe\/\" \/>\n<meta property=\"og:locale\" content=\"fr_FR\" \/>\n<meta property=\"og:type\" content=\"article\" \/>\n<meta property=\"og:title\" content=\"EPH de Jijel : Acquisition de nouveaux \u00e9quipements de pointe - La Sentinelle\" \/>\n<meta property=\"og:description\" content=\"L&rsquo;\u00c9tablissement Public Hospitalier Mohamed Seddik Benyahia de Jijel a re\u00e7u de nouveaux \u00e9quipements m\u00e9dicaux modernes financ\u00e9s sur le budget 2025,\" \/>\n<meta property=\"og:url\" content=\"https:\/\/lasentinelle.dz\/index.php\/2025\/06\/04\/eph-de-jijel-acquisition-de-nouveaux-equipements-de-pointe\/\" \/>\n<meta property=\"og:site_name\" content=\"La Sentinelle\" \/>\n<meta property=\"article:publisher\" content=\"https:\/\/www.facebook.com\/La-Sentinelle-104059864394773\" \/>\n<meta property=\"article:published_time\" content=\"2025-06-04T21:18:53+00:00\" \/>\n<meta property=\"article:modified_time\" content=\"2025-06-04T21:18:54+00:00\" \/>\n<meta property=\"og:image\" content=\"https:\/\/lasentinelle.dz\/wp-content\/uploads\/2025\/06\/EPH-jujel.jpg\" \/>\n\t<meta property=\"og:image:width\" content=\"966\" \/>\n\t<meta property=\"og:image:height\" content=\"545\" \/>\n\t<meta property=\"og:image:type\" content=\"image\/jpeg\" \/>\n<meta name=\"author\" content=\"admin\" \/>\n<meta name=\"twitter:card\" content=\"summary_large_image\" \/>\n<meta name=\"twitter:label1\" content=\"\u00c9crit par\" \/>\n\t<meta name=\"twitter:data1\" content=\"admin\" \/>\n\t<meta name=\"twitter:label2\" content=\"Dur\u00e9e de lecture estim\u00e9e\" \/>\n\t<meta name=\"twitter:data2\" content=\"2 minutes\" \/>\n<script type=\"application\/ld+json\" class=\"yoast-schema-graph\">{\"@context\":\"https:\\\/\\\/schema.org\",\"@graph\":[{\"@type\":\"Article\",\"@id\":\"https:\\\/\\\/lasentinelle.dz\\\/index.php\\\/2025\\\/06\\\/04\\\/eph-de-jijel-acquisition-de-nouveaux-equipements-de-pointe\\\/#article\",\"isPartOf\":{\"@id\":\"https:\\\/\\\/lasentinelle.dz\\\/index.php\\\/2025\\\/06\\\/04\\\/eph-de-jijel-acquisition-de-nouveaux-equipements-de-pointe\\\/\"},\"author\":{\"name\":\"admin\",\"@id\":\"https:\\\/\\\/lasentinelle.dz\\\/#\\\/schema\\\/person\\\/729ee0024f24e0b8c5ec17232f8e8b41\"},\"headline\":\"EPH de Jijel : Acquisition de nouveaux \u00e9quipements de pointe\",\"datePublished\":\"2025-06-04T21:18:53+00:00\",\"dateModified\":\"2025-06-04T21:18:54+00:00\",\"mainEntityOfPage\":{\"@id\":\"https:\\\/\\\/lasentinelle.dz\\\/index.php\\\/2025\\\/06\\\/04\\\/eph-de-jijel-acquisition-de-nouveaux-equipements-de-pointe\\\/\"},\"wordCount\":305,\"commentCount\":0,\"publisher\":{\"@id\":\"https:\\\/\\\/lasentinelle.dz\\\/#organization\"},\"image\":{\"@id\":\"https:\\\/\\\/lasentinelle.dz\\\/index.php\\\/2025\\\/06\\\/04\\\/eph-de-jijel-acquisition-de-nouveaux-equipements-de-pointe\\\/#primaryimage\"},\"thumbnailUrl\":\"https:\\\/\\\/lasentinelle.dz\\\/wp-content\\\/uploads\\\/2025\\\/06\\\/EPH-jujel.jpg\",\"articleSection\":[\"R\u00e9gions\"],\"inLanguage\":\"fr-FR\",\"potentialAction\":[{\"@type\":\"CommentAction\",\"name\":\"Comment\",\"target\":[\"https:\\\/\\\/lasentinelle.dz\\\/index.php\\\/2025\\\/06\\\/04\\\/eph-de-jijel-acquisition-de-nouveaux-equipements-de-pointe\\\/#respond\"]}]},{\"@type\":\"WebPage\",\"@id\":\"https:\\\/\\\/lasentinelle.dz\\\/index.php\\\/2025\\\/06\\\/04\\\/eph-de-jijel-acquisition-de-nouveaux-equipements-de-pointe\\\/\",\"url\":\"https:\\\/\\\/lasentinelle.dz\\\/index.php\\\/2025\\\/06\\\/04\\\/eph-de-jijel-acquisition-de-nouveaux-equipements-de-pointe\\\/\",\"name\":\"EPH de Jijel : Acquisition de nouveaux \u00e9quipements de pointe - La Sentinelle\",\"isPartOf\":{\"@id\":\"https:\\\/\\\/lasentinelle.dz\\\/#website\"},\"primaryImageOfPage\":{\"@id\":\"https:\\\/\\\/lasentinelle.dz\\\/index.php\\\/2025\\\/06\\\/04\\\/eph-de-jijel-acquisition-de-nouveaux-equipements-de-pointe\\\/#primaryimage\"},\"image\":{\"@id\":\"https:\\\/\\\/lasentinelle.dz\\\/index.php\\\/2025\\\/06\\\/04\\\/eph-de-jijel-acquisition-de-nouveaux-equipements-de-pointe\\\/#primaryimage\"},\"thumbnailUrl\":\"https:\\\/\\\/lasentinelle.dz\\\/wp-content\\\/uploads\\\/2025\\\/06\\\/EPH-jujel.jpg\",\"datePublished\":\"2025-06-04T21:18:53+00:00\",\"dateModified\":\"2025-06-04T21:18:54+00:00\",\"breadcrumb\":{\"@id\":\"https:\\\/\\\/lasentinelle.dz\\\/index.php\\\/2025\\\/06\\\/04\\\/eph-de-jijel-acquisition-de-nouveaux-equipements-de-pointe\\\/#breadcrumb\"},\"inLanguage\":\"fr-FR\",\"potentialAction\":[{\"@type\":\"ReadAction\",\"target\":[\"https:\\\/\\\/lasentinelle.dz\\\/index.php\\\/2025\\\/06\\\/04\\\/eph-de-jijel-acquisition-de-nouveaux-equipements-de-pointe\\\/\"]}]},{\"@type\":\"ImageObject\",\"inLanguage\":\"fr-FR\",\"@id\":\"https:\\\/\\\/lasentinelle.dz\\\/index.php\\\/2025\\\/06\\\/04\\\/eph-de-jijel-acquisition-de-nouveaux-equipements-de-pointe\\\/#primaryimage\",\"url\":\"https:\\\/\\\/lasentinelle.dz\\\/wp-content\\\/uploads\\\/2025\\\/06\\\/EPH-jujel.jpg\",\"contentUrl\":\"https:\\\/\\\/lasentinelle.dz\\\/wp-content\\\/uploads\\\/2025\\\/06\\\/EPH-jujel.jpg\",\"width\":966,\"height\":545},{\"@type\":\"BreadcrumbList\",\"@id\":\"https:\\\/\\\/lasentinelle.dz\\\/index.php\\\/2025\\\/06\\\/04\\\/eph-de-jijel-acquisition-de-nouveaux-equipements-de-pointe\\\/#breadcrumb\",\"itemListElement\":[{\"@type\":\"ListItem\",\"position\":1,\"name\":\"Accueil\",\"item\":\"https:\\\/\\\/lasentinelle.dz\\\/\"},{\"@type\":\"ListItem\",\"position\":2,\"name\":\"EPH de Jijel : Acquisition de nouveaux \u00e9quipements de pointe\"}]},{\"@type\":\"WebSite\",\"@id\":\"https:\\\/\\\/lasentinelle.dz\\\/#website\",\"url\":\"https:\\\/\\\/lasentinelle.dz\\\/\",\"name\":\"La Sentinelle\",\"description\":\"Quotidien national d&#039;information\",\"publisher\":{\"@id\":\"https:\\\/\\\/lasentinelle.dz\\\/#organization\"},\"potentialAction\":[{\"@type\":\"SearchAction\",\"target\":{\"@type\":\"EntryPoint\",\"urlTemplate\":\"https:\\\/\\\/lasentinelle.dz\\\/?s={search_term_string}\"},\"query-input\":{\"@type\":\"PropertyValueSpecification\",\"valueRequired\":true,\"valueName\":\"search_term_string\"}}],\"inLanguage\":\"fr-FR\"},{\"@type\":\"Organization\",\"@id\":\"https:\\\/\\\/lasentinelle.dz\\\/#organization\",\"name\":\"Quotidien La Sentinelle\",\"url\":\"https:\\\/\\\/lasentinelle.dz\\\/\",\"logo\":{\"@type\":\"ImageObject\",\"inLanguage\":\"fr-FR\",\"@id\":\"https:\\\/\\\/lasentinelle.dz\\\/#\\\/schema\\\/logo\\\/image\\\/\",\"url\":\"https:\\\/\\\/lasentinelle.dz\\\/wp-content\\\/uploads\\\/2021\\\/09\\\/logo-sentinelleSLOGAN-1.png\",\"contentUrl\":\"https:\\\/\\\/lasentinelle.dz\\\/wp-content\\\/uploads\\\/2021\\\/09\\\/logo-sentinelleSLOGAN-1.png\",\"width\":615,\"height\":142,\"caption\":\"Quotidien La Sentinelle\"},\"image\":{\"@id\":\"https:\\\/\\\/lasentinelle.dz\\\/#\\\/schema\\\/logo\\\/image\\\/\"},\"sameAs\":[\"https:\\\/\\\/www.facebook.com\\\/La-Sentinelle-104059864394773\"]},{\"@type\":\"Person\",\"@id\":\"https:\\\/\\\/lasentinelle.dz\\\/#\\\/schema\\\/person\\\/729ee0024f24e0b8c5ec17232f8e8b41\",\"name\":\"admin\",\"image\":{\"@type\":\"ImageObject\",\"inLanguage\":\"fr-FR\",\"@id\":\"https:\\\/\\\/secure.gravatar.com\\\/avatar\\\/4c81fed838786e9b53f540bf46533e750f5d292099ae3b66cfc6fb1982e29df7?s=96&d=mm&r=g\",\"url\":\"https:\\\/\\\/secure.gravatar.com\\\/avatar\\\/4c81fed838786e9b53f540bf46533e750f5d292099ae3b66cfc6fb1982e29df7?s=96&d=mm&r=g\",\"contentUrl\":\"https:\\\/\\\/secure.gravatar.com\\\/avatar\\\/4c81fed838786e9b53f540bf46533e750f5d292099ae3b66cfc6fb1982e29df7?s=96&d=mm&r=g\",\"caption\":\"admin\"},\"description\":\"admin\",\"url\":\"https:\\\/\\\/lasentinelle.dz\\\/author\\\/admin\\\/\"}]}<\/script>\n<!-- \/ Yoast SEO plugin. -->","yoast_head_json":{"title":"EPH de Jijel : Acquisition de nouveaux \u00e9quipements de pointe - La Sentinelle","robots":{"index":"index","follow":"follow","max-snippet":"max-snippet:-1","max-image-preview":"max-image-preview:large","max-video-preview":"max-video-preview:-1"},"canonical":"https:\/\/lasentinelle.dz\/index.php\/2025\/06\/04\/eph-de-jijel-acquisition-de-nouveaux-equipements-de-pointe\/","og_locale":"fr_FR","og_type":"article","og_title":"EPH de Jijel : Acquisition de nouveaux \u00e9quipements de pointe - La Sentinelle","og_description":"L&rsquo;\u00c9tablissement Public Hospitalier Mohamed Seddik Benyahia de Jijel a re\u00e7u de nouveaux \u00e9quipements m\u00e9dicaux modernes financ\u00e9s sur le budget 2025,","og_url":"https:\/\/lasentinelle.dz\/index.php\/2025\/06\/04\/eph-de-jijel-acquisition-de-nouveaux-equipements-de-pointe\/","og_site_name":"La Sentinelle","article_publisher":"https:\/\/www.facebook.com\/La-Sentinelle-104059864394773","article_published_time":"2025-06-04T21:18:53+00:00","article_modified_time":"2025-06-04T21:18:54+00:00","og_image":[{"width":966,"height":545,"url":"https:\/\/lasentinelle.dz\/wp-content\/uploads\/2025\/06\/EPH-jujel.jpg","type":"image\/jpeg"}],"author":"admin","twitter_card":"summary_large_image","twitter_misc":{"\u00c9crit par":"admin","Dur\u00e9e de lecture estim\u00e9e":"2 minutes"},"schema":{"@context":"https:\/\/schema.org","@graph":[{"@type":"Article","@id":"https:\/\/lasentinelle.dz\/index.php\/2025\/06\/04\/eph-de-jijel-acquisition-de-nouveaux-equipements-de-pointe\/#article","isPartOf":{"@id":"https:\/\/lasentinelle.dz\/index.php\/2025\/06\/04\/eph-de-jijel-acquisition-de-nouveaux-equipements-de-pointe\/"},"author":{"name":"admin","@id":"https:\/\/lasentinelle.dz\/#\/schema\/person\/729ee0024f24e0b8c5ec17232f8e8b41"},"headline":"EPH de Jijel : Acquisition de nouveaux \u00e9quipements de pointe","datePublished":"2025-06-04T21:18:53+00:00","dateModified":"2025-06-04T21:18:54+00:00","mainEntityOfPage":{"@id":"https:\/\/lasentinelle.dz\/index.php\/2025\/06\/04\/eph-de-jijel-acquisition-de-nouveaux-equipements-de-pointe\/"},"wordCount":305,"commentCount":0,"publisher":{"@id":"https:\/\/lasentinelle.dz\/#organization"},"image":{"@id":"https:\/\/lasentinelle.dz\/index.php\/2025\/06\/04\/eph-de-jijel-acquisition-de-nouveaux-equipements-de-pointe\/#primaryimage"},"thumbnailUrl":"https:\/\/lasentinelle.dz\/wp-content\/uploads\/2025\/06\/EPH-jujel.jpg","articleSection":["R\u00e9gions"],"inLanguage":"fr-FR","potentialAction":[{"@type":"CommentAction","name":"Comment","target":["https:\/\/lasentinelle.dz\/index.php\/2025\/06\/04\/eph-de-jijel-acquisition-de-nouveaux-equipements-de-pointe\/#respond"]}]},{"@type":"WebPage","@id":"https:\/\/lasentinelle.dz\/index.php\/2025\/06\/04\/eph-de-jijel-acquisition-de-nouveaux-equipements-de-pointe\/","url":"https:\/\/lasentinelle.dz\/index.php\/2025\/06\/04\/eph-de-jijel-acquisition-de-nouveaux-equipements-de-pointe\/","name":"EPH de Jijel : Acquisition de nouveaux \u00e9quipements de pointe - La Sentinelle","isPartOf":{"@id":"https:\/\/lasentinelle.dz\/#website"},"primaryImageOfPage":{"@id":"https:\/\/lasentinelle.dz\/index.php\/2025\/06\/04\/eph-de-jijel-acquisition-de-nouveaux-equipements-de-pointe\/#primaryimage"},"image":{"@id":"https:\/\/lasentinelle.dz\/index.php\/2025\/06\/04\/eph-de-jijel-acquisition-de-nouveaux-equipements-de-pointe\/#primaryimage"},"thumbnailUrl":"https:\/\/lasentinelle.dz\/wp-content\/uploads\/2025\/06\/EPH-jujel.jpg","datePublished":"2025-06-04T21:18:53+00:00","dateModified":"2025-06-04T21:18:54+00:00","breadcrumb":{"@id":"https:\/\/lasentinelle.dz\/index.php\/2025\/06\/04\/eph-de-jijel-acquisition-de-nouveaux-equipements-de-pointe\/#breadcrumb"},"inLanguage":"fr-FR","potentialAction":[{"@type":"ReadAction","target":["https:\/\/lasentinelle.dz\/index.php\/2025\/06\/04\/eph-de-jijel-acquisition-de-nouveaux-equipements-de-pointe\/"]}]},{"@type":"ImageObject","inLanguage":"fr-FR","@id":"https:\/\/lasentinelle.dz\/index.php\/2025\/06\/04\/eph-de-jijel-acquisition-de-nouveaux-equipements-de-pointe\/#primaryimage","url":"https:\/\/lasentinelle.dz\/wp-content\/uploads\/2025\/06\/EPH-jujel.jpg","contentUrl":"https:\/\/lasentinelle.dz\/wp-content\/uploads\/2025\/06\/EPH-jujel.jpg","width":966,"height":545},{"@type":"BreadcrumbList","@id":"https:\/\/lasentinelle.dz\/index.php\/2025\/06\/04\/eph-de-jijel-acquisition-de-nouveaux-equipements-de-pointe\/#breadcrumb","itemListElement":[{"@type":"ListItem","position":1,"name":"Accueil","item":"https:\/\/lasentinelle.dz\/"},{"@type":"ListItem","position":2,"name":"EPH de Jijel : Acquisition de nouveaux \u00e9quipements de pointe"}]},{"@type":"WebSite","@id":"https:\/\/lasentinelle.dz\/#website","url":"https:\/\/lasentinelle.dz\/","name":"La Sentinelle","description":"Quotidien national d&#039;information","publisher":{"@id":"https:\/\/lasentinelle.dz\/#organization"},"potentialAction":[{"@type":"SearchAction","target":{"@type":"EntryPoint","urlTemplate":"https:\/\/lasentinelle.dz\/?s={search_term_string}"},"query-input":{"@type":"PropertyValueSpecification","valueRequired":true,"valueName":"search_term_string"}}],"inLanguage":"fr-FR"},{"@type":"Organization","@id":"https:\/\/lasentinelle.dz\/#organization","name":"Quotidien La Sentinelle","url":"https:\/\/lasentinelle.dz\/","logo":{"@type":"ImageObject","inLanguage":"fr-FR","@id":"https:\/\/lasentinelle.dz\/#\/schema\/logo\/image\/","url":"https:\/\/lasentinelle.dz\/wp-content\/uploads\/2021\/09\/logo-sentinelleSLOGAN-1.png","contentUrl":"https:\/\/lasentinelle.dz\/wp-content\/uploads\/2021\/09\/logo-sentinelleSLOGAN-1.png","width":615,"height":142,"caption":"Quotidien La Sentinelle"},"image":{"@id":"https:\/\/lasentinelle.dz\/#\/schema\/logo\/image\/"},"sameAs":["https:\/\/www.facebook.com\/La-Sentinelle-104059864394773"]},{"@type":"Person","@id":"https:\/\/lasentinelle.dz\/#\/schema\/person\/729ee0024f24e0b8c5ec17232f8e8b41","name":"admin","image":{"@type":"ImageObject","inLanguage":"fr-FR","@id":"https:\/\/secure.gravatar.com\/avatar\/4c81fed838786e9b53f540bf46533e750f5d292099ae3b66cfc6fb1982e29df7?s=96&d=mm&r=g","url":"https:\/\/secure.gravatar.com\/avatar\/4c81fed838786e9b53f540bf46533e750f5d292099ae3b66cfc6fb1982e29df7?s=96&d=mm&r=g","contentUrl":"https:\/\/secure.gravatar.com\/avatar\/4c81fed838786e9b53f540bf46533e750f5d292099ae3b66cfc6fb1982e29df7?s=96&d=mm&r=g","caption":"admin"},"description":"admin","url":"https:\/\/lasentinelle.dz\/author\/admin\/"}]}},"_links":{"self":[{"href":"https:\/\/lasentinelle.dz\/index.php\/wp-json\/wp\/v2\/posts\/68523","targetHints":{"allow":["GET"]}}],"collection":[{"href":"https:\/\/lasentinelle.dz\/index.php\/wp-json\/wp\/v2\/posts"}],"about":[{"href":"https:\/\/lasentinelle.dz\/index.php\/wp-json\/wp\/v2\/types\/post"}],"author":[{"embeddable":true,"href":"https:\/\/lasentinelle.dz\/index.php\/wp-json\/wp\/v2\/users\/6"}],"replies":[{"embeddable":true,"href":"https:\/\/lasentinelle.dz\/index.php\/wp-json\/wp\/v2\/comments?post=68523"}],"version-history":[{"count":1,"href":"https:\/\/lasentinelle.dz\/index.php\/wp-json\/wp\/v2\/posts\/68523\/revisions"}],"predecessor-version":[{"id":68525,"href":"https:\/\/lasentinelle.dz\/index.php\/wp-json\/wp\/v2\/posts\/68523\/revisions\/68525"}],"wp:featuredmedia":[{"embeddable":true,"href":"https:\/\/lasentinelle.dz\/index.php\/wp-json\/wp\/v2\/media\/68524"}],"wp:attachment":[{"href":"https:\/\/lasentinelle.dz\/index.php\/wp-json\/wp\/v2\/media?parent=68523"}],"wp:term":[{"taxonomy":"category","embeddable":true,"href":"https:\/\/lasentinelle.dz\/index.php\/wp-json\/wp\/v2\/categories?post=68523"},{"taxonomy":"post_tag","embeddable":true,"href":"https:\/\/lasentinelle.dz\/index.php\/wp-json\/wp\/v2\/tags?post=68523"}],"curies":[{"name":"wp","href":"https:\/\/api.w.org\/{rel}","templated":true}]}}