{"id":68526,"date":"2025-06-04T22:19:35","date_gmt":"2025-06-04T21:19:35","guid":{"rendered":"https:\/\/lasentinelle.dz\/?p=68526"},"modified":"2025-06-04T22:19:35","modified_gmt":"2025-06-04T21:19:35","slug":"projet-du-nouveau-centre-hospitalo-universitaire-de-tizi-ouzou-une-enveloppe-financiere-supplementaire-mobilisee","status":"publish","type":"post","link":"https:\/\/lasentinelle.dz\/index.php\/2025\/06\/04\/projet-du-nouveau-centre-hospitalo-universitaire-de-tizi-ouzou-une-enveloppe-financiere-supplementaire-mobilisee\/","title":{"rendered":"Projet du nouveau Centre hospitalo-universitaire de Tizi-Ouzou: Une enveloppe financi\u00e8re suppl\u00e9mentaire mobilis\u00e9e"},"content":{"rendered":"\n<p>Le projet du nouveau Centre hospitalo-universitaire de Tizi-Ouzou b\u00e9n\u00e9ficie de l&rsquo;allocation d&rsquo;une enveloppe financi\u00e8re suppl\u00e9mentaire destin\u00e9e \u00e0 l&rsquo;indemnisation des propri\u00e9taires terriens concern\u00e9s par les expropriations pour utilit\u00e9 publique. Cette d\u00e9cision des pouvoirs publics vise \u00e0 d\u00e9bloquer les derniers obstacles administratifs qui entravaient l&rsquo;avancement de ce projet d&rsquo;envergure nationale. Selon le communiqu\u00e9 des services de la wilaya publi\u00e9 mardi, \u00ab\u00a0les propri\u00e9taires expropri\u00e9s seront indemnis\u00e9s d\u00e8s la finalisation des proc\u00e9dures administratives li\u00e9es \u00e0 l&rsquo;op\u00e9ration d&rsquo;expropriation pour utilit\u00e9 publique, dont, notamment, la d\u00e9signation d&rsquo;un expert foncier pour les besoins de l&rsquo;enqu\u00eate fonci\u00e8re qui doit d\u00e9terminer les surfaces \u00e0 exproprier\u00a0\u00bb, dans le cadre de ce projet implant\u00e9 dans la zone de Oued-Fali, situ\u00e9e \u00e0 l&rsquo;ouest de Tizi-Ouzou. Le futur CHU, con\u00e7u comme un v\u00e9ritable p\u00f4le d&rsquo;excellence m\u00e9dical, s&rsquo;\u00e9tendra sur une superficie impressionnante de 18,50 hectares et disposera d&rsquo;une capacit\u00e9 d&rsquo;accueil de 500 lits. Les autorit\u00e9s locales se montrent optimistes quant \u00e0 l&rsquo;avancement du chantier, pr\u00e9cisant que \u00ab\u00a0les travaux de r\u00e9alisation de ce projet, d&rsquo;une capacit\u00e9 de 500 lits et qui s&rsquo;\u00e9tend sur une superficie de 18,50 ha, sont en bonne voie\u00a0\u00bb.<\/p>\n\n\n\n<p>L&rsquo;histoire de ce projet remonte \u00e0 juillet 2024, lorsque le pr\u00e9sident de la R\u00e9publique, Abdelmadjid Tebboune, avait personnellement proc\u00e9d\u00e9 \u00e0 la pose de la premi\u00e8re pierre lors de sa visite officielle dans la wilaya de Tizi-Ouzou. Ce geste symbolique fort avait marqu\u00e9 l&rsquo;engagement politique au plus haut niveau de l&rsquo;\u00c9tat en faveur de cette r\u00e9alisation majeure pour la r\u00e9gion. L&rsquo;ambition de ce nouveau CHU d\u00e9passe largement le cadre r\u00e9gional, s&rsquo;inscrivant dans une strat\u00e9gie nationale de modernisation du syst\u00e8me de sant\u00e9. Les autorit\u00e9s expliquent que \u00ab\u00a0la r\u00e9alisation de cette nouvelle structure s&rsquo;inscrit dans le cadre de la politique des pouvoirs publics visant le renforcement et l&rsquo;am\u00e9lioration de la prise en charge m\u00e9dicale au niveau de la wilaya, et aussi, le d\u00e9sengorgement du CHU Nedir Mohamed qui accueille des patients de toutes les wilaya du pays\u00a0\u00bb. Cette derni\u00e8re pr\u00e9cision souligne l&rsquo;enjeu crucial que repr\u00e9sente ce projet pour d\u00e9congestionner l&rsquo;actuel CHU de Tizi-Ouzou, satur\u00e9 par l&rsquo;afflux de patients venus de tout le territoire national. Int\u00e9grant une facult\u00e9 de m\u00e9decine en son sein, la nouvelle structure permettra de former les futurs m\u00e9decins directement sur place, cr\u00e9ant une synergie vertueuse entre enseignement, recherche et soins. Cette approche int\u00e9gr\u00e9e devrait \u00ab\u00a0am\u00e9liorer l&rsquo;offre de sant\u00e9 publique ainsi que le d\u00e9veloppement de la recherche dans diff\u00e9rentes sp\u00e9cialit\u00e9s m\u00e9dicales\u00a0\u00bb, ouvrant ainsi de nouvelles perspectives pour l&rsquo;excellence m\u00e9dicale en Alg\u00e9rie. Sur le plan financier et technique, le projet b\u00e9n\u00e9ficie d&rsquo;un montage solide avec une premi\u00e8re enveloppe de 10 milliards de dinars alg\u00e9riens. La r\u00e9alisation a \u00e9t\u00e9 confi\u00e9e au groupe Cosider, entreprise publique de r\u00e9f\u00e9rence dans le secteur du BTP, \u00ab\u00a0sur d\u00e9cision du Conseil des ministres qui avait donn\u00e9 son aval pour la conclusion d&rsquo;un march\u00e9 de gr\u00e9-\u00e0-gr\u00e9 entre le groupe Cosider et le minist\u00e8re de l&rsquo;Habitat, repr\u00e9sent\u00e9 par la direction locale des \u00e9quipements publics\u00a0\u00bb.<\/p>\n\n\n\n<p>R.R.<\/p>\n","protected":false},"excerpt":{"rendered":"<p>Le projet du nouveau Centre hospitalo-universitaire de Tizi-Ouzou b\u00e9n\u00e9ficie de l&rsquo;allocation d&rsquo;une enveloppe financi\u00e8re suppl\u00e9mentaire destin\u00e9e \u00e0 l&rsquo;indemnisation des propri\u00e9taires<\/p>\n","protected":false},"author":6,"featured_media":68527,"comment_status":"open","ping_status":"closed","sticky":false,"template":"","format":"standard","meta":{"colormag_page_container_layout":"default_layout","colormag_page_sidebar_layout":"default_layout","om_disable_all_campaigns":false,"_monsterinsights_skip_tracking":false,"_monsterinsights_sitenote_active":false,"_monsterinsights_sitenote_note":"","_monsterinsights_sitenote_category":0,"footnotes":"","_wpscppro_dont_share_socialmedia":false,"_wpscppro_custom_social_share_image":0,"_facebook_share_type":"default","_twitter_share_type":"default","_linkedin_share_type":"default","_pinterest_share_type":"default","_linkedin_share_type_page":"","_instagram_share_type":"default","_medium_share_type":"default","_threads_share_type":"","_google_business_share_type":"","_selected_social_profile":[],"_wpsp_enable_custom_social_template":false,"_wpsp_social_scheduling":{"enabled":false,"datetime":null,"platforms":[],"status":"template_only","dateOption":"today","timeOption":"now","customDays":"","customHours":"","customDate":"","customTime":"","schedulingType":"absolute"},"_wpsp_active_default_template":true},"categories":[31],"tags":[],"class_list":["post-68526","post","type-post","status-publish","format-standard","has-post-thumbnail","hentry","category-regions"],"aioseo_notices":[],"yoast_head":"<!-- This site is optimized with the Yoast SEO plugin v27.5 - https:\/\/yoast.com\/product\/yoast-seo-wordpress\/ -->\n<title>Projet du nouveau Centre hospitalo-universitaire de Tizi-Ouzou: Une enveloppe financi\u00e8re suppl\u00e9mentaire mobilis\u00e9e - La Sentinelle<\/title>\n<meta name=\"robots\" content=\"index, follow, max-snippet:-1, max-image-preview:large, max-video-preview:-1\" \/>\n<link rel=\"canonical\" href=\"https:\/\/lasentinelle.dz\/index.php\/2025\/06\/04\/projet-du-nouveau-centre-hospitalo-universitaire-de-tizi-ouzou-une-enveloppe-financiere-supplementaire-mobilisee\/\" \/>\n<meta property=\"og:locale\" content=\"fr_FR\" \/>\n<meta property=\"og:type\" content=\"article\" \/>\n<meta property=\"og:title\" content=\"Projet du nouveau Centre hospitalo-universitaire de Tizi-Ouzou: Une enveloppe financi\u00e8re suppl\u00e9mentaire mobilis\u00e9e - La Sentinelle\" \/>\n<meta property=\"og:description\" content=\"Le projet du nouveau Centre hospitalo-universitaire de Tizi-Ouzou b\u00e9n\u00e9ficie de l&rsquo;allocation d&rsquo;une enveloppe financi\u00e8re suppl\u00e9mentaire destin\u00e9e \u00e0 l&rsquo;indemnisation des propri\u00e9taires\" \/>\n<meta property=\"og:url\" content=\"https:\/\/lasentinelle.dz\/index.php\/2025\/06\/04\/projet-du-nouveau-centre-hospitalo-universitaire-de-tizi-ouzou-une-enveloppe-financiere-supplementaire-mobilisee\/\" \/>\n<meta property=\"og:site_name\" content=\"La Sentinelle\" \/>\n<meta property=\"article:publisher\" content=\"https:\/\/www.facebook.com\/La-Sentinelle-104059864394773\" \/>\n<meta property=\"article:published_time\" content=\"2025-06-04T21:19:35+00:00\" \/>\n<meta property=\"og:image\" content=\"https:\/\/lasentinelle.dz\/wp-content\/uploads\/2025\/06\/CHU-tizi-Ouzou.jpg\" \/>\n\t<meta property=\"og:image:width\" content=\"620\" \/>\n\t<meta property=\"og:image:height\" content=\"413\" \/>\n\t<meta property=\"og:image:type\" content=\"image\/jpeg\" \/>\n<meta name=\"author\" content=\"admin\" \/>\n<meta name=\"twitter:card\" content=\"summary_large_image\" \/>\n<meta name=\"twitter:label1\" content=\"\u00c9crit par\" \/>\n\t<meta name=\"twitter:data1\" content=\"admin\" \/>\n\t<meta name=\"twitter:label2\" content=\"Dur\u00e9e de lecture estim\u00e9e\" \/>\n\t<meta name=\"twitter:data2\" content=\"3 minutes\" \/>\n<script type=\"application\/ld+json\" class=\"yoast-schema-graph\">{\"@context\":\"https:\\\/\\\/schema.org\",\"@graph\":[{\"@type\":\"Article\",\"@id\":\"https:\\\/\\\/lasentinelle.dz\\\/index.php\\\/2025\\\/06\\\/04\\\/projet-du-nouveau-centre-hospitalo-universitaire-de-tizi-ouzou-une-enveloppe-financiere-supplementaire-mobilisee\\\/#article\",\"isPartOf\":{\"@id\":\"https:\\\/\\\/lasentinelle.dz\\\/index.php\\\/2025\\\/06\\\/04\\\/projet-du-nouveau-centre-hospitalo-universitaire-de-tizi-ouzou-une-enveloppe-financiere-supplementaire-mobilisee\\\/\"},\"author\":{\"name\":\"admin\",\"@id\":\"https:\\\/\\\/lasentinelle.dz\\\/#\\\/schema\\\/person\\\/729ee0024f24e0b8c5ec17232f8e8b41\"},\"headline\":\"Projet du nouveau Centre hospitalo-universitaire de Tizi-Ouzou: Une enveloppe financi\u00e8re suppl\u00e9mentaire mobilis\u00e9e\",\"datePublished\":\"2025-06-04T21:19:35+00:00\",\"mainEntityOfPage\":{\"@id\":\"https:\\\/\\\/lasentinelle.dz\\\/index.php\\\/2025\\\/06\\\/04\\\/projet-du-nouveau-centre-hospitalo-universitaire-de-tizi-ouzou-une-enveloppe-financiere-supplementaire-mobilisee\\\/\"},\"wordCount\":580,\"commentCount\":0,\"publisher\":{\"@id\":\"https:\\\/\\\/lasentinelle.dz\\\/#organization\"},\"image\":{\"@id\":\"https:\\\/\\\/lasentinelle.dz\\\/index.php\\\/2025\\\/06\\\/04\\\/projet-du-nouveau-centre-hospitalo-universitaire-de-tizi-ouzou-une-enveloppe-financiere-supplementaire-mobilisee\\\/#primaryimage\"},\"thumbnailUrl\":\"https:\\\/\\\/lasentinelle.dz\\\/wp-content\\\/uploads\\\/2025\\\/06\\\/CHU-tizi-Ouzou.jpg\",\"articleSection\":[\"R\u00e9gions\"],\"inLanguage\":\"fr-FR\",\"potentialAction\":[{\"@type\":\"CommentAction\",\"name\":\"Comment\",\"target\":[\"https:\\\/\\\/lasentinelle.dz\\\/index.php\\\/2025\\\/06\\\/04\\\/projet-du-nouveau-centre-hospitalo-universitaire-de-tizi-ouzou-une-enveloppe-financiere-supplementaire-mobilisee\\\/#respond\"]}]},{\"@type\":\"WebPage\",\"@id\":\"https:\\\/\\\/lasentinelle.dz\\\/index.php\\\/2025\\\/06\\\/04\\\/projet-du-nouveau-centre-hospitalo-universitaire-de-tizi-ouzou-une-enveloppe-financiere-supplementaire-mobilisee\\\/\",\"url\":\"https:\\\/\\\/lasentinelle.dz\\\/index.php\\\/2025\\\/06\\\/04\\\/projet-du-nouveau-centre-hospitalo-universitaire-de-tizi-ouzou-une-enveloppe-financiere-supplementaire-mobilisee\\\/\",\"name\":\"Projet du nouveau Centre hospitalo-universitaire de Tizi-Ouzou: Une enveloppe financi\u00e8re suppl\u00e9mentaire mobilis\u00e9e - La Sentinelle\",\"isPartOf\":{\"@id\":\"https:\\\/\\\/lasentinelle.dz\\\/#website\"},\"primaryImageOfPage\":{\"@id\":\"https:\\\/\\\/lasentinelle.dz\\\/index.php\\\/2025\\\/06\\\/04\\\/projet-du-nouveau-centre-hospitalo-universitaire-de-tizi-ouzou-une-enveloppe-financiere-supplementaire-mobilisee\\\/#primaryimage\"},\"image\":{\"@id\":\"https:\\\/\\\/lasentinelle.dz\\\/index.php\\\/2025\\\/06\\\/04\\\/projet-du-nouveau-centre-hospitalo-universitaire-de-tizi-ouzou-une-enveloppe-financiere-supplementaire-mobilisee\\\/#primaryimage\"},\"thumbnailUrl\":\"https:\\\/\\\/lasentinelle.dz\\\/wp-content\\\/uploads\\\/2025\\\/06\\\/CHU-tizi-Ouzou.jpg\",\"datePublished\":\"2025-06-04T21:19:35+00:00\",\"breadcrumb\":{\"@id\":\"https:\\\/\\\/lasentinelle.dz\\\/index.php\\\/2025\\\/06\\\/04\\\/projet-du-nouveau-centre-hospitalo-universitaire-de-tizi-ouzou-une-enveloppe-financiere-supplementaire-mobilisee\\\/#breadcrumb\"},\"inLanguage\":\"fr-FR\",\"potentialAction\":[{\"@type\":\"ReadAction\",\"target\":[\"https:\\\/\\\/lasentinelle.dz\\\/index.php\\\/2025\\\/06\\\/04\\\/projet-du-nouveau-centre-hospitalo-universitaire-de-tizi-ouzou-une-enveloppe-financiere-supplementaire-mobilisee\\\/\"]}]},{\"@type\":\"ImageObject\",\"inLanguage\":\"fr-FR\",\"@id\":\"https:\\\/\\\/lasentinelle.dz\\\/index.php\\\/2025\\\/06\\\/04\\\/projet-du-nouveau-centre-hospitalo-universitaire-de-tizi-ouzou-une-enveloppe-financiere-supplementaire-mobilisee\\\/#primaryimage\",\"url\":\"https:\\\/\\\/lasentinelle.dz\\\/wp-content\\\/uploads\\\/2025\\\/06\\\/CHU-tizi-Ouzou.jpg\",\"contentUrl\":\"https:\\\/\\\/lasentinelle.dz\\\/wp-content\\\/uploads\\\/2025\\\/06\\\/CHU-tizi-Ouzou.jpg\",\"width\":620,\"height\":413},{\"@type\":\"BreadcrumbList\",\"@id\":\"https:\\\/\\\/lasentinelle.dz\\\/index.php\\\/2025\\\/06\\\/04\\\/projet-du-nouveau-centre-hospitalo-universitaire-de-tizi-ouzou-une-enveloppe-financiere-supplementaire-mobilisee\\\/#breadcrumb\",\"itemListElement\":[{\"@type\":\"ListItem\",\"position\":1,\"name\":\"Accueil\",\"item\":\"https:\\\/\\\/lasentinelle.dz\\\/\"},{\"@type\":\"ListItem\",\"position\":2,\"name\":\"Projet du nouveau Centre hospitalo-universitaire de Tizi-Ouzou: Une enveloppe financi\u00e8re suppl\u00e9mentaire mobilis\u00e9e\"}]},{\"@type\":\"WebSite\",\"@id\":\"https:\\\/\\\/lasentinelle.dz\\\/#website\",\"url\":\"https:\\\/\\\/lasentinelle.dz\\\/\",\"name\":\"La Sentinelle\",\"description\":\"Quotidien national d&#039;information\",\"publisher\":{\"@id\":\"https:\\\/\\\/lasentinelle.dz\\\/#organization\"},\"potentialAction\":[{\"@type\":\"SearchAction\",\"target\":{\"@type\":\"EntryPoint\",\"urlTemplate\":\"https:\\\/\\\/lasentinelle.dz\\\/?s={search_term_string}\"},\"query-input\":{\"@type\":\"PropertyValueSpecification\",\"valueRequired\":true,\"valueName\":\"search_term_string\"}}],\"inLanguage\":\"fr-FR\"},{\"@type\":\"Organization\",\"@id\":\"https:\\\/\\\/lasentinelle.dz\\\/#organization\",\"name\":\"Quotidien La Sentinelle\",\"url\":\"https:\\\/\\\/lasentinelle.dz\\\/\",\"logo\":{\"@type\":\"ImageObject\",\"inLanguage\":\"fr-FR\",\"@id\":\"https:\\\/\\\/lasentinelle.dz\\\/#\\\/schema\\\/logo\\\/image\\\/\",\"url\":\"https:\\\/\\\/lasentinelle.dz\\\/wp-content\\\/uploads\\\/2021\\\/09\\\/logo-sentinelleSLOGAN-1.png\",\"contentUrl\":\"https:\\\/\\\/lasentinelle.dz\\\/wp-content\\\/uploads\\\/2021\\\/09\\\/logo-sentinelleSLOGAN-1.png\",\"width\":615,\"height\":142,\"caption\":\"Quotidien La Sentinelle\"},\"image\":{\"@id\":\"https:\\\/\\\/lasentinelle.dz\\\/#\\\/schema\\\/logo\\\/image\\\/\"},\"sameAs\":[\"https:\\\/\\\/www.facebook.com\\\/La-Sentinelle-104059864394773\"]},{\"@type\":\"Person\",\"@id\":\"https:\\\/\\\/lasentinelle.dz\\\/#\\\/schema\\\/person\\\/729ee0024f24e0b8c5ec17232f8e8b41\",\"name\":\"admin\",\"image\":{\"@type\":\"ImageObject\",\"inLanguage\":\"fr-FR\",\"@id\":\"https:\\\/\\\/secure.gravatar.com\\\/avatar\\\/4c81fed838786e9b53f540bf46533e750f5d292099ae3b66cfc6fb1982e29df7?s=96&d=mm&r=g\",\"url\":\"https:\\\/\\\/secure.gravatar.com\\\/avatar\\\/4c81fed838786e9b53f540bf46533e750f5d292099ae3b66cfc6fb1982e29df7?s=96&d=mm&r=g\",\"contentUrl\":\"https:\\\/\\\/secure.gravatar.com\\\/avatar\\\/4c81fed838786e9b53f540bf46533e750f5d292099ae3b66cfc6fb1982e29df7?s=96&d=mm&r=g\",\"caption\":\"admin\"},\"description\":\"admin\",\"url\":\"https:\\\/\\\/lasentinelle.dz\\\/author\\\/admin\\\/\"}]}<\/script>\n<!-- \/ Yoast SEO plugin. -->","yoast_head_json":{"title":"Projet du nouveau Centre hospitalo-universitaire de Tizi-Ouzou: Une enveloppe financi\u00e8re suppl\u00e9mentaire mobilis\u00e9e - La Sentinelle","robots":{"index":"index","follow":"follow","max-snippet":"max-snippet:-1","max-image-preview":"max-image-preview:large","max-video-preview":"max-video-preview:-1"},"canonical":"https:\/\/lasentinelle.dz\/index.php\/2025\/06\/04\/projet-du-nouveau-centre-hospitalo-universitaire-de-tizi-ouzou-une-enveloppe-financiere-supplementaire-mobilisee\/","og_locale":"fr_FR","og_type":"article","og_title":"Projet du nouveau Centre hospitalo-universitaire de Tizi-Ouzou: Une enveloppe financi\u00e8re suppl\u00e9mentaire mobilis\u00e9e - La Sentinelle","og_description":"Le projet du nouveau Centre hospitalo-universitaire de Tizi-Ouzou b\u00e9n\u00e9ficie de l&rsquo;allocation d&rsquo;une enveloppe financi\u00e8re suppl\u00e9mentaire destin\u00e9e \u00e0 l&rsquo;indemnisation des propri\u00e9taires","og_url":"https:\/\/lasentinelle.dz\/index.php\/2025\/06\/04\/projet-du-nouveau-centre-hospitalo-universitaire-de-tizi-ouzou-une-enveloppe-financiere-supplementaire-mobilisee\/","og_site_name":"La Sentinelle","article_publisher":"https:\/\/www.facebook.com\/La-Sentinelle-104059864394773","article_published_time":"2025-06-04T21:19:35+00:00","og_image":[{"width":620,"height":413,"url":"https:\/\/lasentinelle.dz\/wp-content\/uploads\/2025\/06\/CHU-tizi-Ouzou.jpg","type":"image\/jpeg"}],"author":"admin","twitter_card":"summary_large_image","twitter_misc":{"\u00c9crit par":"admin","Dur\u00e9e de lecture estim\u00e9e":"3 minutes"},"schema":{"@context":"https:\/\/schema.org","@graph":[{"@type":"Article","@id":"https:\/\/lasentinelle.dz\/index.php\/2025\/06\/04\/projet-du-nouveau-centre-hospitalo-universitaire-de-tizi-ouzou-une-enveloppe-financiere-supplementaire-mobilisee\/#article","isPartOf":{"@id":"https:\/\/lasentinelle.dz\/index.php\/2025\/06\/04\/projet-du-nouveau-centre-hospitalo-universitaire-de-tizi-ouzou-une-enveloppe-financiere-supplementaire-mobilisee\/"},"author":{"name":"admin","@id":"https:\/\/lasentinelle.dz\/#\/schema\/person\/729ee0024f24e0b8c5ec17232f8e8b41"},"headline":"Projet du nouveau Centre hospitalo-universitaire de Tizi-Ouzou: Une enveloppe financi\u00e8re suppl\u00e9mentaire mobilis\u00e9e","datePublished":"2025-06-04T21:19:35+00:00","mainEntityOfPage":{"@id":"https:\/\/lasentinelle.dz\/index.php\/2025\/06\/04\/projet-du-nouveau-centre-hospitalo-universitaire-de-tizi-ouzou-une-enveloppe-financiere-supplementaire-mobilisee\/"},"wordCount":580,"commentCount":0,"publisher":{"@id":"https:\/\/lasentinelle.dz\/#organization"},"image":{"@id":"https:\/\/lasentinelle.dz\/index.php\/2025\/06\/04\/projet-du-nouveau-centre-hospitalo-universitaire-de-tizi-ouzou-une-enveloppe-financiere-supplementaire-mobilisee\/#primaryimage"},"thumbnailUrl":"https:\/\/lasentinelle.dz\/wp-content\/uploads\/2025\/06\/CHU-tizi-Ouzou.jpg","articleSection":["R\u00e9gions"],"inLanguage":"fr-FR","potentialAction":[{"@type":"CommentAction","name":"Comment","target":["https:\/\/lasentinelle.dz\/index.php\/2025\/06\/04\/projet-du-nouveau-centre-hospitalo-universitaire-de-tizi-ouzou-une-enveloppe-financiere-supplementaire-mobilisee\/#respond"]}]},{"@type":"WebPage","@id":"https:\/\/lasentinelle.dz\/index.php\/2025\/06\/04\/projet-du-nouveau-centre-hospitalo-universitaire-de-tizi-ouzou-une-enveloppe-financiere-supplementaire-mobilisee\/","url":"https:\/\/lasentinelle.dz\/index.php\/2025\/06\/04\/projet-du-nouveau-centre-hospitalo-universitaire-de-tizi-ouzou-une-enveloppe-financiere-supplementaire-mobilisee\/","name":"Projet du nouveau Centre hospitalo-universitaire de Tizi-Ouzou: Une enveloppe financi\u00e8re suppl\u00e9mentaire mobilis\u00e9e - La Sentinelle","isPartOf":{"@id":"https:\/\/lasentinelle.dz\/#website"},"primaryImageOfPage":{"@id":"https:\/\/lasentinelle.dz\/index.php\/2025\/06\/04\/projet-du-nouveau-centre-hospitalo-universitaire-de-tizi-ouzou-une-enveloppe-financiere-supplementaire-mobilisee\/#primaryimage"},"image":{"@id":"https:\/\/lasentinelle.dz\/index.php\/2025\/06\/04\/projet-du-nouveau-centre-hospitalo-universitaire-de-tizi-ouzou-une-enveloppe-financiere-supplementaire-mobilisee\/#primaryimage"},"thumbnailUrl":"https:\/\/lasentinelle.dz\/wp-content\/uploads\/2025\/06\/CHU-tizi-Ouzou.jpg","datePublished":"2025-06-04T21:19:35+00:00","breadcrumb":{"@id":"https:\/\/lasentinelle.dz\/index.php\/2025\/06\/04\/projet-du-nouveau-centre-hospitalo-universitaire-de-tizi-ouzou-une-enveloppe-financiere-supplementaire-mobilisee\/#breadcrumb"},"inLanguage":"fr-FR","potentialAction":[{"@type":"ReadAction","target":["https:\/\/lasentinelle.dz\/index.php\/2025\/06\/04\/projet-du-nouveau-centre-hospitalo-universitaire-de-tizi-ouzou-une-enveloppe-financiere-supplementaire-mobilisee\/"]}]},{"@type":"ImageObject","inLanguage":"fr-FR","@id":"https:\/\/lasentinelle.dz\/index.php\/2025\/06\/04\/projet-du-nouveau-centre-hospitalo-universitaire-de-tizi-ouzou-une-enveloppe-financiere-supplementaire-mobilisee\/#primaryimage","url":"https:\/\/lasentinelle.dz\/wp-content\/uploads\/2025\/06\/CHU-tizi-Ouzou.jpg","contentUrl":"https:\/\/lasentinelle.dz\/wp-content\/uploads\/2025\/06\/CHU-tizi-Ouzou.jpg","width":620,"height":413},{"@type":"BreadcrumbList","@id":"https:\/\/lasentinelle.dz\/index.php\/2025\/06\/04\/projet-du-nouveau-centre-hospitalo-universitaire-de-tizi-ouzou-une-enveloppe-financiere-supplementaire-mobilisee\/#breadcrumb","itemListElement":[{"@type":"ListItem","position":1,"name":"Accueil","item":"https:\/\/lasentinelle.dz\/"},{"@type":"ListItem","position":2,"name":"Projet du nouveau Centre hospitalo-universitaire de Tizi-Ouzou: Une enveloppe financi\u00e8re suppl\u00e9mentaire mobilis\u00e9e"}]},{"@type":"WebSite","@id":"https:\/\/lasentinelle.dz\/#website","url":"https:\/\/lasentinelle.dz\/","name":"La Sentinelle","description":"Quotidien national d&#039;information","publisher":{"@id":"https:\/\/lasentinelle.dz\/#organization"},"potentialAction":[{"@type":"SearchAction","target":{"@type":"EntryPoint","urlTemplate":"https:\/\/lasentinelle.dz\/?s={search_term_string}"},"query-input":{"@type":"PropertyValueSpecification","valueRequired":true,"valueName":"search_term_string"}}],"inLanguage":"fr-FR"},{"@type":"Organization","@id":"https:\/\/lasentinelle.dz\/#organization","name":"Quotidien La Sentinelle","url":"https:\/\/lasentinelle.dz\/","logo":{"@type":"ImageObject","inLanguage":"fr-FR","@id":"https:\/\/lasentinelle.dz\/#\/schema\/logo\/image\/","url":"https:\/\/lasentinelle.dz\/wp-content\/uploads\/2021\/09\/logo-sentinelleSLOGAN-1.png","contentUrl":"https:\/\/lasentinelle.dz\/wp-content\/uploads\/2021\/09\/logo-sentinelleSLOGAN-1.png","width":615,"height":142,"caption":"Quotidien La Sentinelle"},"image":{"@id":"https:\/\/lasentinelle.dz\/#\/schema\/logo\/image\/"},"sameAs":["https:\/\/www.facebook.com\/La-Sentinelle-104059864394773"]},{"@type":"Person","@id":"https:\/\/lasentinelle.dz\/#\/schema\/person\/729ee0024f24e0b8c5ec17232f8e8b41","name":"admin","image":{"@type":"ImageObject","inLanguage":"fr-FR","@id":"https:\/\/secure.gravatar.com\/avatar\/4c81fed838786e9b53f540bf46533e750f5d292099ae3b66cfc6fb1982e29df7?s=96&d=mm&r=g","url":"https:\/\/secure.gravatar.com\/avatar\/4c81fed838786e9b53f540bf46533e750f5d292099ae3b66cfc6fb1982e29df7?s=96&d=mm&r=g","contentUrl":"https:\/\/secure.gravatar.com\/avatar\/4c81fed838786e9b53f540bf46533e750f5d292099ae3b66cfc6fb1982e29df7?s=96&d=mm&r=g","caption":"admin"},"description":"admin","url":"https:\/\/lasentinelle.dz\/author\/admin\/"}]}},"_links":{"self":[{"href":"https:\/\/lasentinelle.dz\/index.php\/wp-json\/wp\/v2\/posts\/68526","targetHints":{"allow":["GET"]}}],"collection":[{"href":"https:\/\/lasentinelle.dz\/index.php\/wp-json\/wp\/v2\/posts"}],"about":[{"href":"https:\/\/lasentinelle.dz\/index.php\/wp-json\/wp\/v2\/types\/post"}],"author":[{"embeddable":true,"href":"https:\/\/lasentinelle.dz\/index.php\/wp-json\/wp\/v2\/users\/6"}],"replies":[{"embeddable":true,"href":"https:\/\/lasentinelle.dz\/index.php\/wp-json\/wp\/v2\/comments?post=68526"}],"version-history":[{"count":1,"href":"https:\/\/lasentinelle.dz\/index.php\/wp-json\/wp\/v2\/posts\/68526\/revisions"}],"predecessor-version":[{"id":68528,"href":"https:\/\/lasentinelle.dz\/index.php\/wp-json\/wp\/v2\/posts\/68526\/revisions\/68528"}],"wp:featuredmedia":[{"embeddable":true,"href":"https:\/\/lasentinelle.dz\/index.php\/wp-json\/wp\/v2\/media\/68527"}],"wp:attachment":[{"href":"https:\/\/lasentinelle.dz\/index.php\/wp-json\/wp\/v2\/media?parent=68526"}],"wp:term":[{"taxonomy":"category","embeddable":true,"href":"https:\/\/lasentinelle.dz\/index.php\/wp-json\/wp\/v2\/categories?post=68526"},{"taxonomy":"post_tag","embeddable":true,"href":"https:\/\/lasentinelle.dz\/index.php\/wp-json\/wp\/v2\/tags?post=68526"}],"curies":[{"name":"wp","href":"https:\/\/api.w.org\/{rel}","templated":true}]}}