{"id":68529,"date":"2025-06-04T22:20:36","date_gmt":"2025-06-04T21:20:36","guid":{"rendered":"https:\/\/lasentinelle.dz\/?p=68529"},"modified":"2025-06-04T22:20:37","modified_gmt":"2025-06-04T21:20:37","slug":"petrole-les-tensions-geopolitiques-font-grimper-les-prix","status":"publish","type":"post","link":"https:\/\/lasentinelle.dz\/index.php\/2025\/06\/04\/petrole-les-tensions-geopolitiques-font-grimper-les-prix\/","title":{"rendered":"P\u00e9trole: Les tensions g\u00e9opolitiques font grimper les prix"},"content":{"rendered":"\n<p>Les cours du p\u00e9trole ont encore grimp\u00e9 mardi, port\u00e9s par les inqui\u00e9tudes autour de la production canadienne de brut en raison des feux de for\u00eat dans le pays, ainsi que par l&rsquo;enlisement des n\u00e9gociations entre les Etats-Unis et l&rsquo;Iran. Le prix du baril de Brent de la mer du Nord, pour livraison en ao\u00fbt, a pris 1,55% \u00e0 65,63 dollars. Son \u00e9quivalent am\u00e9ricain, le baril de West Texas Intermediate, pour livraison en juillet, a avanc\u00e9 de 1,42% \u00e0 63,41 dollars. \u00ab\u00a0Beaucoup d&rsquo;indicateurs pointent vers un probl\u00e8me d&rsquo;offre\u00a0\u00bb, estime aupr\u00e8s de l&rsquo;AFP Robert Yawger, de Mizuho USA. Les feux de for\u00eat qui touchent le Canada en Alberta font grimper les prix \u00e0 court terme, car ils \u00ab\u00a0ont interrompu la production de p\u00e9trole brut de pr\u00e8s de 350.000 barils par jour\u00a0\u00bb, soulignent les analystes de DNB Carnegie. L&rsquo;un des facteurs de hausse des cours mardi r\u00e9side dans le fait que \u00ab\u00a0les n\u00e9gociations sur le nucl\u00e9aire Iranien ne se d\u00e9roulent pas vraiment bien\u00a0\u00bb. Donald Trump s&rsquo;est oppos\u00e9 lundi \u00e0 tout \u00ab\u00a0enrichissement d&rsquo;uranium\u00a0\u00bb dans le cadre d&rsquo;un \u00e9ventuel accord, apr\u00e8s que T\u00e9h\u00e9ran a exclu de se voir priv\u00e9 de ses \u00ab\u00a0activit\u00e9s pacifiques\u00a0\u00bb. Le chef de la diplomatie Iranienne, Abbas Araghchi, a affirm\u00e9 mardi que la proposition am\u00e9ricaine en vue d&rsquo;un accord sur le nucl\u00e9aire comportait \u00ab\u00a0de nombreuses ambigu\u00eft\u00e9s\u00a0\u00bb et a r\u00e9affirm\u00e9 que le droit de l&rsquo;Iran d&rsquo;enrichir l&rsquo;uranium constituait une \u00ab\u00a0ligne rouge\u00a0\u00bb.<\/p>\n\n\n\n<p>R.E.<\/p>\n","protected":false},"excerpt":{"rendered":"<p>Les cours du p\u00e9trole ont encore grimp\u00e9 mardi, port\u00e9s par les inqui\u00e9tudes autour de la production canadienne de brut en<\/p>\n","protected":false},"author":6,"featured_media":58807,"comment_status":"open","ping_status":"closed","sticky":false,"template":"","format":"standard","meta":{"colormag_page_container_layout":"default_layout","colormag_page_sidebar_layout":"default_layout","om_disable_all_campaigns":false,"_monsterinsights_skip_tracking":false,"_monsterinsights_sitenote_active":false,"_monsterinsights_sitenote_note":"","_monsterinsights_sitenote_category":0,"footnotes":"","_wpscppro_dont_share_socialmedia":false,"_wpscppro_custom_social_share_image":0,"_facebook_share_type":"default","_twitter_share_type":"default","_linkedin_share_type":"default","_pinterest_share_type":"default","_linkedin_share_type_page":"","_instagram_share_type":"default","_medium_share_type":"default","_threads_share_type":"","_google_business_share_type":"","_selected_social_profile":[],"_wpsp_enable_custom_social_template":false,"_wpsp_social_scheduling":{"enabled":false,"datetime":null,"platforms":[],"status":"template_only","dateOption":"today","timeOption":"now","customDays":"","customHours":"","customDate":"","customTime":"","schedulingType":"absolute"},"_wpsp_active_default_template":true},"categories":[29],"tags":[],"class_list":["post-68529","post","type-post","status-publish","format-standard","has-post-thumbnail","hentry","category-economie"],"aioseo_notices":[],"yoast_head":"<!-- This site is optimized with the Yoast SEO plugin v27.5 - https:\/\/yoast.com\/product\/yoast-seo-wordpress\/ -->\n<title>P\u00e9trole: Les tensions g\u00e9opolitiques font grimper les prix - La Sentinelle<\/title>\n<meta name=\"robots\" content=\"index, follow, max-snippet:-1, max-image-preview:large, max-video-preview:-1\" \/>\n<link rel=\"canonical\" href=\"https:\/\/lasentinelle.dz\/index.php\/2025\/06\/04\/petrole-les-tensions-geopolitiques-font-grimper-les-prix\/\" \/>\n<meta property=\"og:locale\" content=\"fr_FR\" \/>\n<meta property=\"og:type\" content=\"article\" \/>\n<meta property=\"og:title\" content=\"P\u00e9trole: Les tensions g\u00e9opolitiques font grimper les prix - La Sentinelle\" \/>\n<meta property=\"og:description\" content=\"Les cours du p\u00e9trole ont encore grimp\u00e9 mardi, port\u00e9s par les inqui\u00e9tudes autour de la production canadienne de brut en\" \/>\n<meta property=\"og:url\" content=\"https:\/\/lasentinelle.dz\/index.php\/2025\/06\/04\/petrole-les-tensions-geopolitiques-font-grimper-les-prix\/\" \/>\n<meta property=\"og:site_name\" content=\"La Sentinelle\" \/>\n<meta property=\"article:publisher\" content=\"https:\/\/www.facebook.com\/La-Sentinelle-104059864394773\" \/>\n<meta property=\"article:published_time\" content=\"2025-06-04T21:20:36+00:00\" \/>\n<meta property=\"article:modified_time\" content=\"2025-06-04T21:20:37+00:00\" \/>\n<meta property=\"og:image\" content=\"https:\/\/lasentinelle.dz\/wp-content\/uploads\/2024\/10\/petrole-1.jpg\" \/>\n\t<meta property=\"og:image:width\" content=\"738\" \/>\n\t<meta property=\"og:image:height\" content=\"526\" \/>\n\t<meta property=\"og:image:type\" content=\"image\/jpeg\" \/>\n<meta name=\"author\" content=\"admin\" \/>\n<meta name=\"twitter:card\" content=\"summary_large_image\" \/>\n<meta name=\"twitter:label1\" content=\"\u00c9crit par\" \/>\n\t<meta name=\"twitter:data1\" content=\"admin\" \/>\n\t<meta name=\"twitter:label2\" content=\"Dur\u00e9e de lecture estim\u00e9e\" \/>\n\t<meta name=\"twitter:data2\" content=\"2 minutes\" \/>\n<script type=\"application\/ld+json\" class=\"yoast-schema-graph\">{\"@context\":\"https:\\\/\\\/schema.org\",\"@graph\":[{\"@type\":\"Article\",\"@id\":\"https:\\\/\\\/lasentinelle.dz\\\/index.php\\\/2025\\\/06\\\/04\\\/petrole-les-tensions-geopolitiques-font-grimper-les-prix\\\/#article\",\"isPartOf\":{\"@id\":\"https:\\\/\\\/lasentinelle.dz\\\/index.php\\\/2025\\\/06\\\/04\\\/petrole-les-tensions-geopolitiques-font-grimper-les-prix\\\/\"},\"author\":{\"name\":\"admin\",\"@id\":\"https:\\\/\\\/lasentinelle.dz\\\/#\\\/schema\\\/person\\\/729ee0024f24e0b8c5ec17232f8e8b41\"},\"headline\":\"P\u00e9trole: Les tensions g\u00e9opolitiques font grimper les prix\",\"datePublished\":\"2025-06-04T21:20:36+00:00\",\"dateModified\":\"2025-06-04T21:20:37+00:00\",\"mainEntityOfPage\":{\"@id\":\"https:\\\/\\\/lasentinelle.dz\\\/index.php\\\/2025\\\/06\\\/04\\\/petrole-les-tensions-geopolitiques-font-grimper-les-prix\\\/\"},\"wordCount\":269,\"commentCount\":0,\"publisher\":{\"@id\":\"https:\\\/\\\/lasentinelle.dz\\\/#organization\"},\"image\":{\"@id\":\"https:\\\/\\\/lasentinelle.dz\\\/index.php\\\/2025\\\/06\\\/04\\\/petrole-les-tensions-geopolitiques-font-grimper-les-prix\\\/#primaryimage\"},\"thumbnailUrl\":\"https:\\\/\\\/lasentinelle.dz\\\/wp-content\\\/uploads\\\/2024\\\/10\\\/petrole-1.jpg\",\"articleSection\":[\"\u00c9conomie\"],\"inLanguage\":\"fr-FR\",\"potentialAction\":[{\"@type\":\"CommentAction\",\"name\":\"Comment\",\"target\":[\"https:\\\/\\\/lasentinelle.dz\\\/index.php\\\/2025\\\/06\\\/04\\\/petrole-les-tensions-geopolitiques-font-grimper-les-prix\\\/#respond\"]}]},{\"@type\":\"WebPage\",\"@id\":\"https:\\\/\\\/lasentinelle.dz\\\/index.php\\\/2025\\\/06\\\/04\\\/petrole-les-tensions-geopolitiques-font-grimper-les-prix\\\/\",\"url\":\"https:\\\/\\\/lasentinelle.dz\\\/index.php\\\/2025\\\/06\\\/04\\\/petrole-les-tensions-geopolitiques-font-grimper-les-prix\\\/\",\"name\":\"P\u00e9trole: Les tensions g\u00e9opolitiques font grimper les prix - La Sentinelle\",\"isPartOf\":{\"@id\":\"https:\\\/\\\/lasentinelle.dz\\\/#website\"},\"primaryImageOfPage\":{\"@id\":\"https:\\\/\\\/lasentinelle.dz\\\/index.php\\\/2025\\\/06\\\/04\\\/petrole-les-tensions-geopolitiques-font-grimper-les-prix\\\/#primaryimage\"},\"image\":{\"@id\":\"https:\\\/\\\/lasentinelle.dz\\\/index.php\\\/2025\\\/06\\\/04\\\/petrole-les-tensions-geopolitiques-font-grimper-les-prix\\\/#primaryimage\"},\"thumbnailUrl\":\"https:\\\/\\\/lasentinelle.dz\\\/wp-content\\\/uploads\\\/2024\\\/10\\\/petrole-1.jpg\",\"datePublished\":\"2025-06-04T21:20:36+00:00\",\"dateModified\":\"2025-06-04T21:20:37+00:00\",\"breadcrumb\":{\"@id\":\"https:\\\/\\\/lasentinelle.dz\\\/index.php\\\/2025\\\/06\\\/04\\\/petrole-les-tensions-geopolitiques-font-grimper-les-prix\\\/#breadcrumb\"},\"inLanguage\":\"fr-FR\",\"potentialAction\":[{\"@type\":\"ReadAction\",\"target\":[\"https:\\\/\\\/lasentinelle.dz\\\/index.php\\\/2025\\\/06\\\/04\\\/petrole-les-tensions-geopolitiques-font-grimper-les-prix\\\/\"]}]},{\"@type\":\"ImageObject\",\"inLanguage\":\"fr-FR\",\"@id\":\"https:\\\/\\\/lasentinelle.dz\\\/index.php\\\/2025\\\/06\\\/04\\\/petrole-les-tensions-geopolitiques-font-grimper-les-prix\\\/#primaryimage\",\"url\":\"https:\\\/\\\/lasentinelle.dz\\\/wp-content\\\/uploads\\\/2024\\\/10\\\/petrole-1.jpg\",\"contentUrl\":\"https:\\\/\\\/lasentinelle.dz\\\/wp-content\\\/uploads\\\/2024\\\/10\\\/petrole-1.jpg\",\"width\":738,\"height\":526},{\"@type\":\"BreadcrumbList\",\"@id\":\"https:\\\/\\\/lasentinelle.dz\\\/index.php\\\/2025\\\/06\\\/04\\\/petrole-les-tensions-geopolitiques-font-grimper-les-prix\\\/#breadcrumb\",\"itemListElement\":[{\"@type\":\"ListItem\",\"position\":1,\"name\":\"Accueil\",\"item\":\"https:\\\/\\\/lasentinelle.dz\\\/\"},{\"@type\":\"ListItem\",\"position\":2,\"name\":\"P\u00e9trole: Les tensions g\u00e9opolitiques font grimper les prix\"}]},{\"@type\":\"WebSite\",\"@id\":\"https:\\\/\\\/lasentinelle.dz\\\/#website\",\"url\":\"https:\\\/\\\/lasentinelle.dz\\\/\",\"name\":\"La Sentinelle\",\"description\":\"Quotidien national d&#039;information\",\"publisher\":{\"@id\":\"https:\\\/\\\/lasentinelle.dz\\\/#organization\"},\"potentialAction\":[{\"@type\":\"SearchAction\",\"target\":{\"@type\":\"EntryPoint\",\"urlTemplate\":\"https:\\\/\\\/lasentinelle.dz\\\/?s={search_term_string}\"},\"query-input\":{\"@type\":\"PropertyValueSpecification\",\"valueRequired\":true,\"valueName\":\"search_term_string\"}}],\"inLanguage\":\"fr-FR\"},{\"@type\":\"Organization\",\"@id\":\"https:\\\/\\\/lasentinelle.dz\\\/#organization\",\"name\":\"Quotidien La Sentinelle\",\"url\":\"https:\\\/\\\/lasentinelle.dz\\\/\",\"logo\":{\"@type\":\"ImageObject\",\"inLanguage\":\"fr-FR\",\"@id\":\"https:\\\/\\\/lasentinelle.dz\\\/#\\\/schema\\\/logo\\\/image\\\/\",\"url\":\"https:\\\/\\\/lasentinelle.dz\\\/wp-content\\\/uploads\\\/2021\\\/09\\\/logo-sentinelleSLOGAN-1.png\",\"contentUrl\":\"https:\\\/\\\/lasentinelle.dz\\\/wp-content\\\/uploads\\\/2021\\\/09\\\/logo-sentinelleSLOGAN-1.png\",\"width\":615,\"height\":142,\"caption\":\"Quotidien La Sentinelle\"},\"image\":{\"@id\":\"https:\\\/\\\/lasentinelle.dz\\\/#\\\/schema\\\/logo\\\/image\\\/\"},\"sameAs\":[\"https:\\\/\\\/www.facebook.com\\\/La-Sentinelle-104059864394773\"]},{\"@type\":\"Person\",\"@id\":\"https:\\\/\\\/lasentinelle.dz\\\/#\\\/schema\\\/person\\\/729ee0024f24e0b8c5ec17232f8e8b41\",\"name\":\"admin\",\"image\":{\"@type\":\"ImageObject\",\"inLanguage\":\"fr-FR\",\"@id\":\"https:\\\/\\\/secure.gravatar.com\\\/avatar\\\/4c81fed838786e9b53f540bf46533e750f5d292099ae3b66cfc6fb1982e29df7?s=96&d=mm&r=g\",\"url\":\"https:\\\/\\\/secure.gravatar.com\\\/avatar\\\/4c81fed838786e9b53f540bf46533e750f5d292099ae3b66cfc6fb1982e29df7?s=96&d=mm&r=g\",\"contentUrl\":\"https:\\\/\\\/secure.gravatar.com\\\/avatar\\\/4c81fed838786e9b53f540bf46533e750f5d292099ae3b66cfc6fb1982e29df7?s=96&d=mm&r=g\",\"caption\":\"admin\"},\"description\":\"admin\",\"url\":\"https:\\\/\\\/lasentinelle.dz\\\/author\\\/admin\\\/\"}]}<\/script>\n<!-- \/ Yoast SEO plugin. -->","yoast_head_json":{"title":"P\u00e9trole: Les tensions g\u00e9opolitiques font grimper les prix - La Sentinelle","robots":{"index":"index","follow":"follow","max-snippet":"max-snippet:-1","max-image-preview":"max-image-preview:large","max-video-preview":"max-video-preview:-1"},"canonical":"https:\/\/lasentinelle.dz\/index.php\/2025\/06\/04\/petrole-les-tensions-geopolitiques-font-grimper-les-prix\/","og_locale":"fr_FR","og_type":"article","og_title":"P\u00e9trole: Les tensions g\u00e9opolitiques font grimper les prix - La Sentinelle","og_description":"Les cours du p\u00e9trole ont encore grimp\u00e9 mardi, port\u00e9s par les inqui\u00e9tudes autour de la production canadienne de brut en","og_url":"https:\/\/lasentinelle.dz\/index.php\/2025\/06\/04\/petrole-les-tensions-geopolitiques-font-grimper-les-prix\/","og_site_name":"La Sentinelle","article_publisher":"https:\/\/www.facebook.com\/La-Sentinelle-104059864394773","article_published_time":"2025-06-04T21:20:36+00:00","article_modified_time":"2025-06-04T21:20:37+00:00","og_image":[{"width":738,"height":526,"url":"https:\/\/lasentinelle.dz\/wp-content\/uploads\/2024\/10\/petrole-1.jpg","type":"image\/jpeg"}],"author":"admin","twitter_card":"summary_large_image","twitter_misc":{"\u00c9crit par":"admin","Dur\u00e9e de lecture estim\u00e9e":"2 minutes"},"schema":{"@context":"https:\/\/schema.org","@graph":[{"@type":"Article","@id":"https:\/\/lasentinelle.dz\/index.php\/2025\/06\/04\/petrole-les-tensions-geopolitiques-font-grimper-les-prix\/#article","isPartOf":{"@id":"https:\/\/lasentinelle.dz\/index.php\/2025\/06\/04\/petrole-les-tensions-geopolitiques-font-grimper-les-prix\/"},"author":{"name":"admin","@id":"https:\/\/lasentinelle.dz\/#\/schema\/person\/729ee0024f24e0b8c5ec17232f8e8b41"},"headline":"P\u00e9trole: Les tensions g\u00e9opolitiques font grimper les prix","datePublished":"2025-06-04T21:20:36+00:00","dateModified":"2025-06-04T21:20:37+00:00","mainEntityOfPage":{"@id":"https:\/\/lasentinelle.dz\/index.php\/2025\/06\/04\/petrole-les-tensions-geopolitiques-font-grimper-les-prix\/"},"wordCount":269,"commentCount":0,"publisher":{"@id":"https:\/\/lasentinelle.dz\/#organization"},"image":{"@id":"https:\/\/lasentinelle.dz\/index.php\/2025\/06\/04\/petrole-les-tensions-geopolitiques-font-grimper-les-prix\/#primaryimage"},"thumbnailUrl":"https:\/\/lasentinelle.dz\/wp-content\/uploads\/2024\/10\/petrole-1.jpg","articleSection":["\u00c9conomie"],"inLanguage":"fr-FR","potentialAction":[{"@type":"CommentAction","name":"Comment","target":["https:\/\/lasentinelle.dz\/index.php\/2025\/06\/04\/petrole-les-tensions-geopolitiques-font-grimper-les-prix\/#respond"]}]},{"@type":"WebPage","@id":"https:\/\/lasentinelle.dz\/index.php\/2025\/06\/04\/petrole-les-tensions-geopolitiques-font-grimper-les-prix\/","url":"https:\/\/lasentinelle.dz\/index.php\/2025\/06\/04\/petrole-les-tensions-geopolitiques-font-grimper-les-prix\/","name":"P\u00e9trole: Les tensions g\u00e9opolitiques font grimper les prix - La Sentinelle","isPartOf":{"@id":"https:\/\/lasentinelle.dz\/#website"},"primaryImageOfPage":{"@id":"https:\/\/lasentinelle.dz\/index.php\/2025\/06\/04\/petrole-les-tensions-geopolitiques-font-grimper-les-prix\/#primaryimage"},"image":{"@id":"https:\/\/lasentinelle.dz\/index.php\/2025\/06\/04\/petrole-les-tensions-geopolitiques-font-grimper-les-prix\/#primaryimage"},"thumbnailUrl":"https:\/\/lasentinelle.dz\/wp-content\/uploads\/2024\/10\/petrole-1.jpg","datePublished":"2025-06-04T21:20:36+00:00","dateModified":"2025-06-04T21:20:37+00:00","breadcrumb":{"@id":"https:\/\/lasentinelle.dz\/index.php\/2025\/06\/04\/petrole-les-tensions-geopolitiques-font-grimper-les-prix\/#breadcrumb"},"inLanguage":"fr-FR","potentialAction":[{"@type":"ReadAction","target":["https:\/\/lasentinelle.dz\/index.php\/2025\/06\/04\/petrole-les-tensions-geopolitiques-font-grimper-les-prix\/"]}]},{"@type":"ImageObject","inLanguage":"fr-FR","@id":"https:\/\/lasentinelle.dz\/index.php\/2025\/06\/04\/petrole-les-tensions-geopolitiques-font-grimper-les-prix\/#primaryimage","url":"https:\/\/lasentinelle.dz\/wp-content\/uploads\/2024\/10\/petrole-1.jpg","contentUrl":"https:\/\/lasentinelle.dz\/wp-content\/uploads\/2024\/10\/petrole-1.jpg","width":738,"height":526},{"@type":"BreadcrumbList","@id":"https:\/\/lasentinelle.dz\/index.php\/2025\/06\/04\/petrole-les-tensions-geopolitiques-font-grimper-les-prix\/#breadcrumb","itemListElement":[{"@type":"ListItem","position":1,"name":"Accueil","item":"https:\/\/lasentinelle.dz\/"},{"@type":"ListItem","position":2,"name":"P\u00e9trole: Les tensions g\u00e9opolitiques font grimper les prix"}]},{"@type":"WebSite","@id":"https:\/\/lasentinelle.dz\/#website","url":"https:\/\/lasentinelle.dz\/","name":"La Sentinelle","description":"Quotidien national d&#039;information","publisher":{"@id":"https:\/\/lasentinelle.dz\/#organization"},"potentialAction":[{"@type":"SearchAction","target":{"@type":"EntryPoint","urlTemplate":"https:\/\/lasentinelle.dz\/?s={search_term_string}"},"query-input":{"@type":"PropertyValueSpecification","valueRequired":true,"valueName":"search_term_string"}}],"inLanguage":"fr-FR"},{"@type":"Organization","@id":"https:\/\/lasentinelle.dz\/#organization","name":"Quotidien La Sentinelle","url":"https:\/\/lasentinelle.dz\/","logo":{"@type":"ImageObject","inLanguage":"fr-FR","@id":"https:\/\/lasentinelle.dz\/#\/schema\/logo\/image\/","url":"https:\/\/lasentinelle.dz\/wp-content\/uploads\/2021\/09\/logo-sentinelleSLOGAN-1.png","contentUrl":"https:\/\/lasentinelle.dz\/wp-content\/uploads\/2021\/09\/logo-sentinelleSLOGAN-1.png","width":615,"height":142,"caption":"Quotidien La Sentinelle"},"image":{"@id":"https:\/\/lasentinelle.dz\/#\/schema\/logo\/image\/"},"sameAs":["https:\/\/www.facebook.com\/La-Sentinelle-104059864394773"]},{"@type":"Person","@id":"https:\/\/lasentinelle.dz\/#\/schema\/person\/729ee0024f24e0b8c5ec17232f8e8b41","name":"admin","image":{"@type":"ImageObject","inLanguage":"fr-FR","@id":"https:\/\/secure.gravatar.com\/avatar\/4c81fed838786e9b53f540bf46533e750f5d292099ae3b66cfc6fb1982e29df7?s=96&d=mm&r=g","url":"https:\/\/secure.gravatar.com\/avatar\/4c81fed838786e9b53f540bf46533e750f5d292099ae3b66cfc6fb1982e29df7?s=96&d=mm&r=g","contentUrl":"https:\/\/secure.gravatar.com\/avatar\/4c81fed838786e9b53f540bf46533e750f5d292099ae3b66cfc6fb1982e29df7?s=96&d=mm&r=g","caption":"admin"},"description":"admin","url":"https:\/\/lasentinelle.dz\/author\/admin\/"}]}},"_links":{"self":[{"href":"https:\/\/lasentinelle.dz\/index.php\/wp-json\/wp\/v2\/posts\/68529","targetHints":{"allow":["GET"]}}],"collection":[{"href":"https:\/\/lasentinelle.dz\/index.php\/wp-json\/wp\/v2\/posts"}],"about":[{"href":"https:\/\/lasentinelle.dz\/index.php\/wp-json\/wp\/v2\/types\/post"}],"author":[{"embeddable":true,"href":"https:\/\/lasentinelle.dz\/index.php\/wp-json\/wp\/v2\/users\/6"}],"replies":[{"embeddable":true,"href":"https:\/\/lasentinelle.dz\/index.php\/wp-json\/wp\/v2\/comments?post=68529"}],"version-history":[{"count":1,"href":"https:\/\/lasentinelle.dz\/index.php\/wp-json\/wp\/v2\/posts\/68529\/revisions"}],"predecessor-version":[{"id":68530,"href":"https:\/\/lasentinelle.dz\/index.php\/wp-json\/wp\/v2\/posts\/68529\/revisions\/68530"}],"wp:featuredmedia":[{"embeddable":true,"href":"https:\/\/lasentinelle.dz\/index.php\/wp-json\/wp\/v2\/media\/58807"}],"wp:attachment":[{"href":"https:\/\/lasentinelle.dz\/index.php\/wp-json\/wp\/v2\/media?parent=68529"}],"wp:term":[{"taxonomy":"category","embeddable":true,"href":"https:\/\/lasentinelle.dz\/index.php\/wp-json\/wp\/v2\/categories?post=68529"},{"taxonomy":"post_tag","embeddable":true,"href":"https:\/\/lasentinelle.dz\/index.php\/wp-json\/wp\/v2\/tags?post=68529"}],"curies":[{"name":"wp","href":"https:\/\/api.w.org\/{rel}","templated":true}]}}