{"id":68531,"date":"2025-06-04T22:21:51","date_gmt":"2025-06-04T21:21:51","guid":{"rendered":"https:\/\/lasentinelle.dz\/?p=68531"},"modified":"2025-06-04T22:21:52","modified_gmt":"2025-06-04T21:21:52","slug":"transition-energetique-les-opportunites-de-cooperation-avec-sarens-explorees","status":"publish","type":"post","link":"https:\/\/lasentinelle.dz\/index.php\/2025\/06\/04\/transition-energetique-les-opportunites-de-cooperation-avec-sarens-explorees\/","title":{"rendered":"Transition \u00e9nerg\u00e9tique : Les opportunit\u00e9s de coop\u00e9ration avec Sarens explor\u00e9es"},"content":{"rendered":"\n<p>L&rsquo;Alg\u00e9rie intensifie ses efforts pour attirer les investissements internationaux dans le cadre de sa strat\u00e9gie de transition \u00e9nerg\u00e9tique, comme en t\u00e9moigne la rencontre de haut niveau organis\u00e9e mardi \u00e0 Alger entre le ministre d&rsquo;\u00c9tat, ministre de l&rsquo;\u00c9nergie, des Mines et des \u00c9nergies renouvelables, Mohamed Arkab, et une d\u00e9l\u00e9gation du groupe international Sarens conduite par son directeur ex\u00e9cutif, Wim Sarens. Cette entrevue s&rsquo;inscrit dans la dynamique de modernisation du secteur \u00e9nerg\u00e9tique alg\u00e9rien et de diversification des partenariats technologiques pour accompagner les ambitions nationales en mati\u00e8re d&rsquo;\u00e9nergies renouvelables et d&rsquo;infrastructures \u00e9nerg\u00e9tiques de nouvelle g\u00e9n\u00e9ration. Les discussions ont port\u00e9 sur l&rsquo;examen des opportunit\u00e9s d&rsquo;investissement dans le secteur \u00e9nerg\u00e9tique alg\u00e9rien, ainsi que sur les moyens de renforcer la coop\u00e9ration et le partenariat entre le groupe Sarens et les entreprises nationales du secteur, notamment les groupes Sonatrach, Sonelgaz et Sonarem. Lors de cette rencontre, Mohamed Arkab a pr\u00e9sent\u00e9 un expos\u00e9 global sur les perspectives de d\u00e9veloppement du secteur, d\u00e9taillant les grands programmes en cours ainsi que les opportunit\u00e9s d&rsquo;investissement offertes, dans le cadre des r\u00e9formes profondes et du nouveau cadre juridique et r\u00e9glementaire mis en place par l&rsquo;\u00c9tat pour encourager l&rsquo;investissement et instaurer un climat d&rsquo;affaires attractif et concurrentiel. Cette pr\u00e9sentation a permis de mettre en lumi\u00e8re les transformations structurelles engag\u00e9es par l&rsquo;Alg\u00e9rie pour moderniser son secteur \u00e9nerg\u00e9tique et cr\u00e9er un environnement propice aux investissements \u00e9trangers de qualit\u00e9. Les axes de coop\u00e9ration explor\u00e9s r\u00e9v\u00e8lent l&rsquo;ampleur des ambitions alg\u00e9riennes en mati\u00e8re de d\u00e9veloppement \u00e9nerg\u00e9tique. Les discussions ont notamment port\u00e9 sur les principaux axes de coop\u00e9ration possibles, notamment dans la r\u00e9alisation de projets li\u00e9s au d\u00e9veloppement des infrastructures des hydrocarbures, \u00e0 la construction d&rsquo;installations \u00e9lectriques, \u00e0 la transformation des ressources mini\u00e8res, ainsi qu&rsquo;\u00e0 la cr\u00e9ation de projets dans les domaines des \u00e9nergies renouvelables et du dessalement de l&rsquo;eau de mer. Le ministre a particuli\u00e8rement mis en avant les incitations et garanties offertes par la nouvelle loi sur l&rsquo;investissement au profit des investisseurs nationaux et \u00e9trangers, soulignant l&rsquo;importance de partenariats de qualit\u00e9 bas\u00e9s sur le transfert de technologies, la cr\u00e9ation d&#8217;emplois et le renforcement du contenu local. La dimension transition \u00e9nerg\u00e9tique a occup\u00e9 une place centrale dans les \u00e9changes, avec un focus particulier sur les moyens permettant au groupe Sarens de contribuer aux efforts de transition \u00e9nerg\u00e9tique nationale, \u00e0 travers l&rsquo;adoption de technologies avanc\u00e9es, incluant le stockage d&rsquo;\u00e9nergie, l&rsquo;\u00e9nergie solaire, ainsi que le d\u00e9veloppement de projets \u00e9oliens, notamment dans les zones c\u00f4ti\u00e8res (\u00e9olien offshore) et les r\u00e9gions int\u00e9rieures (\u00e9olien terrestre), compte tenu des ressources naturelles prometteuses de l&rsquo;Alg\u00e9rie et de l&rsquo;expertise et des capacit\u00e9s consid\u00e9rables du groupe dans ce domaine. Cette orientation strat\u00e9gique positionne l&rsquo;Alg\u00e9rie comme un acteur \u00e9mergent dans le secteur des \u00e9nergies renouvelables en M\u00e9diterran\u00e9e et en Afrique. La r\u00e9action positive du groupe Sarens illustre l&rsquo;attractivit\u00e9 croissante du march\u00e9 alg\u00e9rien pour les investisseurs internationaux sp\u00e9cialis\u00e9s dans les technologies \u00e9nerg\u00e9tiques avanc\u00e9es. Wim Sarens a exprim\u00e9 le grand int\u00e9r\u00eat que porte le groupe au march\u00e9 alg\u00e9rien et sa pleine disposition \u00e0 renforcer sa pr\u00e9sence \u00e0 travers sa filiale Sarens Alg\u00e9rie, et \u00e0 mettre \u00e0 profit son large savoir-faire mondial dans la r\u00e9alisation de grands projets align\u00e9s avec les orientations strat\u00e9giques de l&rsquo;Alg\u00e9rie dans les domaines de l&rsquo;\u00e9nergie, des mines et des \u00e9nergies renouvelables. Il a notamment mis l&rsquo;accent sur les solutions de levage lourd, le transport, l&rsquo;ing\u00e9nierie, et les services de maintenance de haut niveau que le groupe ma\u00eetrise \u00e0 l&rsquo;\u00e9chelle internationale.<\/p>\n\n\n\n<p>Sabrina Aziouez<\/p>\n","protected":false},"excerpt":{"rendered":"<p>L&rsquo;Alg\u00e9rie intensifie ses efforts pour attirer les investissements internationaux dans le cadre de sa strat\u00e9gie de transition \u00e9nerg\u00e9tique, comme en<\/p>\n","protected":false},"author":6,"featured_media":68532,"comment_status":"open","ping_status":"closed","sticky":false,"template":"","format":"standard","meta":{"colormag_page_container_layout":"default_layout","colormag_page_sidebar_layout":"default_layout","om_disable_all_campaigns":false,"_monsterinsights_skip_tracking":false,"_monsterinsights_sitenote_active":false,"_monsterinsights_sitenote_note":"","_monsterinsights_sitenote_category":0,"footnotes":"","_wpscppro_dont_share_socialmedia":false,"_wpscppro_custom_social_share_image":0,"_facebook_share_type":"default","_twitter_share_type":"default","_linkedin_share_type":"default","_pinterest_share_type":"default","_linkedin_share_type_page":"","_instagram_share_type":"default","_medium_share_type":"default","_threads_share_type":"","_google_business_share_type":"","_selected_social_profile":[],"_wpsp_enable_custom_social_template":false,"_wpsp_social_scheduling":{"enabled":false,"datetime":null,"platforms":[],"status":"template_only","dateOption":"today","timeOption":"now","customDays":"","customHours":"","customDate":"","customTime":"","schedulingType":"absolute"},"_wpsp_active_default_template":true},"categories":[29],"tags":[],"class_list":["post-68531","post","type-post","status-publish","format-standard","has-post-thumbnail","hentry","category-economie"],"aioseo_notices":[],"yoast_head":"<!-- This site is optimized with the Yoast SEO plugin v27.5 - https:\/\/yoast.com\/product\/yoast-seo-wordpress\/ -->\n<title>Transition \u00e9nerg\u00e9tique : Les opportunit\u00e9s de coop\u00e9ration avec Sarens explor\u00e9es - La Sentinelle<\/title>\n<meta name=\"robots\" content=\"index, follow, max-snippet:-1, max-image-preview:large, max-video-preview:-1\" \/>\n<link rel=\"canonical\" href=\"https:\/\/lasentinelle.dz\/index.php\/2025\/06\/04\/transition-energetique-les-opportunites-de-cooperation-avec-sarens-explorees\/\" \/>\n<meta property=\"og:locale\" content=\"fr_FR\" \/>\n<meta property=\"og:type\" content=\"article\" \/>\n<meta property=\"og:title\" content=\"Transition \u00e9nerg\u00e9tique : Les opportunit\u00e9s de coop\u00e9ration avec Sarens explor\u00e9es - La Sentinelle\" \/>\n<meta property=\"og:description\" content=\"L&rsquo;Alg\u00e9rie intensifie ses efforts pour attirer les investissements internationaux dans le cadre de sa strat\u00e9gie de transition \u00e9nerg\u00e9tique, comme en\" \/>\n<meta property=\"og:url\" content=\"https:\/\/lasentinelle.dz\/index.php\/2025\/06\/04\/transition-energetique-les-opportunites-de-cooperation-avec-sarens-explorees\/\" \/>\n<meta property=\"og:site_name\" content=\"La Sentinelle\" \/>\n<meta property=\"article:publisher\" content=\"https:\/\/www.facebook.com\/La-Sentinelle-104059864394773\" \/>\n<meta property=\"article:published_time\" content=\"2025-06-04T21:21:51+00:00\" \/>\n<meta property=\"article:modified_time\" content=\"2025-06-04T21:21:52+00:00\" \/>\n<meta property=\"og:image\" content=\"https:\/\/lasentinelle.dz\/wp-content\/uploads\/2025\/06\/503882948_1034866945454735_8461338619515229841_n.jpg\" \/>\n\t<meta property=\"og:image:width\" content=\"2048\" \/>\n\t<meta property=\"og:image:height\" content=\"1280\" \/>\n\t<meta property=\"og:image:type\" content=\"image\/jpeg\" \/>\n<meta name=\"author\" content=\"admin\" \/>\n<meta name=\"twitter:card\" content=\"summary_large_image\" \/>\n<meta name=\"twitter:label1\" content=\"\u00c9crit par\" \/>\n\t<meta name=\"twitter:data1\" content=\"admin\" \/>\n\t<meta name=\"twitter:label2\" content=\"Dur\u00e9e de lecture estim\u00e9e\" \/>\n\t<meta name=\"twitter:data2\" content=\"4 minutes\" \/>\n<script type=\"application\/ld+json\" class=\"yoast-schema-graph\">{\"@context\":\"https:\\\/\\\/schema.org\",\"@graph\":[{\"@type\":\"Article\",\"@id\":\"https:\\\/\\\/lasentinelle.dz\\\/index.php\\\/2025\\\/06\\\/04\\\/transition-energetique-les-opportunites-de-cooperation-avec-sarens-explorees\\\/#article\",\"isPartOf\":{\"@id\":\"https:\\\/\\\/lasentinelle.dz\\\/index.php\\\/2025\\\/06\\\/04\\\/transition-energetique-les-opportunites-de-cooperation-avec-sarens-explorees\\\/\"},\"author\":{\"name\":\"admin\",\"@id\":\"https:\\\/\\\/lasentinelle.dz\\\/#\\\/schema\\\/person\\\/729ee0024f24e0b8c5ec17232f8e8b41\"},\"headline\":\"Transition \u00e9nerg\u00e9tique : Les opportunit\u00e9s de coop\u00e9ration avec Sarens explor\u00e9es\",\"datePublished\":\"2025-06-04T21:21:51+00:00\",\"dateModified\":\"2025-06-04T21:21:52+00:00\",\"mainEntityOfPage\":{\"@id\":\"https:\\\/\\\/lasentinelle.dz\\\/index.php\\\/2025\\\/06\\\/04\\\/transition-energetique-les-opportunites-de-cooperation-avec-sarens-explorees\\\/\"},\"wordCount\":670,\"commentCount\":0,\"publisher\":{\"@id\":\"https:\\\/\\\/lasentinelle.dz\\\/#organization\"},\"image\":{\"@id\":\"https:\\\/\\\/lasentinelle.dz\\\/index.php\\\/2025\\\/06\\\/04\\\/transition-energetique-les-opportunites-de-cooperation-avec-sarens-explorees\\\/#primaryimage\"},\"thumbnailUrl\":\"https:\\\/\\\/lasentinelle.dz\\\/wp-content\\\/uploads\\\/2025\\\/06\\\/503882948_1034866945454735_8461338619515229841_n.jpg\",\"articleSection\":[\"\u00c9conomie\"],\"inLanguage\":\"fr-FR\",\"potentialAction\":[{\"@type\":\"CommentAction\",\"name\":\"Comment\",\"target\":[\"https:\\\/\\\/lasentinelle.dz\\\/index.php\\\/2025\\\/06\\\/04\\\/transition-energetique-les-opportunites-de-cooperation-avec-sarens-explorees\\\/#respond\"]}]},{\"@type\":\"WebPage\",\"@id\":\"https:\\\/\\\/lasentinelle.dz\\\/index.php\\\/2025\\\/06\\\/04\\\/transition-energetique-les-opportunites-de-cooperation-avec-sarens-explorees\\\/\",\"url\":\"https:\\\/\\\/lasentinelle.dz\\\/index.php\\\/2025\\\/06\\\/04\\\/transition-energetique-les-opportunites-de-cooperation-avec-sarens-explorees\\\/\",\"name\":\"Transition \u00e9nerg\u00e9tique : Les opportunit\u00e9s de coop\u00e9ration avec Sarens explor\u00e9es - La Sentinelle\",\"isPartOf\":{\"@id\":\"https:\\\/\\\/lasentinelle.dz\\\/#website\"},\"primaryImageOfPage\":{\"@id\":\"https:\\\/\\\/lasentinelle.dz\\\/index.php\\\/2025\\\/06\\\/04\\\/transition-energetique-les-opportunites-de-cooperation-avec-sarens-explorees\\\/#primaryimage\"},\"image\":{\"@id\":\"https:\\\/\\\/lasentinelle.dz\\\/index.php\\\/2025\\\/06\\\/04\\\/transition-energetique-les-opportunites-de-cooperation-avec-sarens-explorees\\\/#primaryimage\"},\"thumbnailUrl\":\"https:\\\/\\\/lasentinelle.dz\\\/wp-content\\\/uploads\\\/2025\\\/06\\\/503882948_1034866945454735_8461338619515229841_n.jpg\",\"datePublished\":\"2025-06-04T21:21:51+00:00\",\"dateModified\":\"2025-06-04T21:21:52+00:00\",\"breadcrumb\":{\"@id\":\"https:\\\/\\\/lasentinelle.dz\\\/index.php\\\/2025\\\/06\\\/04\\\/transition-energetique-les-opportunites-de-cooperation-avec-sarens-explorees\\\/#breadcrumb\"},\"inLanguage\":\"fr-FR\",\"potentialAction\":[{\"@type\":\"ReadAction\",\"target\":[\"https:\\\/\\\/lasentinelle.dz\\\/index.php\\\/2025\\\/06\\\/04\\\/transition-energetique-les-opportunites-de-cooperation-avec-sarens-explorees\\\/\"]}]},{\"@type\":\"ImageObject\",\"inLanguage\":\"fr-FR\",\"@id\":\"https:\\\/\\\/lasentinelle.dz\\\/index.php\\\/2025\\\/06\\\/04\\\/transition-energetique-les-opportunites-de-cooperation-avec-sarens-explorees\\\/#primaryimage\",\"url\":\"https:\\\/\\\/lasentinelle.dz\\\/wp-content\\\/uploads\\\/2025\\\/06\\\/503882948_1034866945454735_8461338619515229841_n.jpg\",\"contentUrl\":\"https:\\\/\\\/lasentinelle.dz\\\/wp-content\\\/uploads\\\/2025\\\/06\\\/503882948_1034866945454735_8461338619515229841_n.jpg\",\"width\":2048,\"height\":1280},{\"@type\":\"BreadcrumbList\",\"@id\":\"https:\\\/\\\/lasentinelle.dz\\\/index.php\\\/2025\\\/06\\\/04\\\/transition-energetique-les-opportunites-de-cooperation-avec-sarens-explorees\\\/#breadcrumb\",\"itemListElement\":[{\"@type\":\"ListItem\",\"position\":1,\"name\":\"Accueil\",\"item\":\"https:\\\/\\\/lasentinelle.dz\\\/\"},{\"@type\":\"ListItem\",\"position\":2,\"name\":\"Transition \u00e9nerg\u00e9tique : Les opportunit\u00e9s de coop\u00e9ration avec Sarens explor\u00e9es\"}]},{\"@type\":\"WebSite\",\"@id\":\"https:\\\/\\\/lasentinelle.dz\\\/#website\",\"url\":\"https:\\\/\\\/lasentinelle.dz\\\/\",\"name\":\"La Sentinelle\",\"description\":\"Quotidien national d&#039;information\",\"publisher\":{\"@id\":\"https:\\\/\\\/lasentinelle.dz\\\/#organization\"},\"potentialAction\":[{\"@type\":\"SearchAction\",\"target\":{\"@type\":\"EntryPoint\",\"urlTemplate\":\"https:\\\/\\\/lasentinelle.dz\\\/?s={search_term_string}\"},\"query-input\":{\"@type\":\"PropertyValueSpecification\",\"valueRequired\":true,\"valueName\":\"search_term_string\"}}],\"inLanguage\":\"fr-FR\"},{\"@type\":\"Organization\",\"@id\":\"https:\\\/\\\/lasentinelle.dz\\\/#organization\",\"name\":\"Quotidien La Sentinelle\",\"url\":\"https:\\\/\\\/lasentinelle.dz\\\/\",\"logo\":{\"@type\":\"ImageObject\",\"inLanguage\":\"fr-FR\",\"@id\":\"https:\\\/\\\/lasentinelle.dz\\\/#\\\/schema\\\/logo\\\/image\\\/\",\"url\":\"https:\\\/\\\/lasentinelle.dz\\\/wp-content\\\/uploads\\\/2021\\\/09\\\/logo-sentinelleSLOGAN-1.png\",\"contentUrl\":\"https:\\\/\\\/lasentinelle.dz\\\/wp-content\\\/uploads\\\/2021\\\/09\\\/logo-sentinelleSLOGAN-1.png\",\"width\":615,\"height\":142,\"caption\":\"Quotidien La Sentinelle\"},\"image\":{\"@id\":\"https:\\\/\\\/lasentinelle.dz\\\/#\\\/schema\\\/logo\\\/image\\\/\"},\"sameAs\":[\"https:\\\/\\\/www.facebook.com\\\/La-Sentinelle-104059864394773\"]},{\"@type\":\"Person\",\"@id\":\"https:\\\/\\\/lasentinelle.dz\\\/#\\\/schema\\\/person\\\/729ee0024f24e0b8c5ec17232f8e8b41\",\"name\":\"admin\",\"image\":{\"@type\":\"ImageObject\",\"inLanguage\":\"fr-FR\",\"@id\":\"https:\\\/\\\/secure.gravatar.com\\\/avatar\\\/4c81fed838786e9b53f540bf46533e750f5d292099ae3b66cfc6fb1982e29df7?s=96&d=mm&r=g\",\"url\":\"https:\\\/\\\/secure.gravatar.com\\\/avatar\\\/4c81fed838786e9b53f540bf46533e750f5d292099ae3b66cfc6fb1982e29df7?s=96&d=mm&r=g\",\"contentUrl\":\"https:\\\/\\\/secure.gravatar.com\\\/avatar\\\/4c81fed838786e9b53f540bf46533e750f5d292099ae3b66cfc6fb1982e29df7?s=96&d=mm&r=g\",\"caption\":\"admin\"},\"description\":\"admin\",\"url\":\"https:\\\/\\\/lasentinelle.dz\\\/author\\\/admin\\\/\"}]}<\/script>\n<!-- \/ Yoast SEO plugin. -->","yoast_head_json":{"title":"Transition \u00e9nerg\u00e9tique : Les opportunit\u00e9s de coop\u00e9ration avec Sarens explor\u00e9es - La Sentinelle","robots":{"index":"index","follow":"follow","max-snippet":"max-snippet:-1","max-image-preview":"max-image-preview:large","max-video-preview":"max-video-preview:-1"},"canonical":"https:\/\/lasentinelle.dz\/index.php\/2025\/06\/04\/transition-energetique-les-opportunites-de-cooperation-avec-sarens-explorees\/","og_locale":"fr_FR","og_type":"article","og_title":"Transition \u00e9nerg\u00e9tique : Les opportunit\u00e9s de coop\u00e9ration avec Sarens explor\u00e9es - La Sentinelle","og_description":"L&rsquo;Alg\u00e9rie intensifie ses efforts pour attirer les investissements internationaux dans le cadre de sa strat\u00e9gie de transition \u00e9nerg\u00e9tique, comme en","og_url":"https:\/\/lasentinelle.dz\/index.php\/2025\/06\/04\/transition-energetique-les-opportunites-de-cooperation-avec-sarens-explorees\/","og_site_name":"La Sentinelle","article_publisher":"https:\/\/www.facebook.com\/La-Sentinelle-104059864394773","article_published_time":"2025-06-04T21:21:51+00:00","article_modified_time":"2025-06-04T21:21:52+00:00","og_image":[{"width":2048,"height":1280,"url":"https:\/\/lasentinelle.dz\/wp-content\/uploads\/2025\/06\/503882948_1034866945454735_8461338619515229841_n.jpg","type":"image\/jpeg"}],"author":"admin","twitter_card":"summary_large_image","twitter_misc":{"\u00c9crit par":"admin","Dur\u00e9e de lecture estim\u00e9e":"4 minutes"},"schema":{"@context":"https:\/\/schema.org","@graph":[{"@type":"Article","@id":"https:\/\/lasentinelle.dz\/index.php\/2025\/06\/04\/transition-energetique-les-opportunites-de-cooperation-avec-sarens-explorees\/#article","isPartOf":{"@id":"https:\/\/lasentinelle.dz\/index.php\/2025\/06\/04\/transition-energetique-les-opportunites-de-cooperation-avec-sarens-explorees\/"},"author":{"name":"admin","@id":"https:\/\/lasentinelle.dz\/#\/schema\/person\/729ee0024f24e0b8c5ec17232f8e8b41"},"headline":"Transition \u00e9nerg\u00e9tique : Les opportunit\u00e9s de coop\u00e9ration avec Sarens explor\u00e9es","datePublished":"2025-06-04T21:21:51+00:00","dateModified":"2025-06-04T21:21:52+00:00","mainEntityOfPage":{"@id":"https:\/\/lasentinelle.dz\/index.php\/2025\/06\/04\/transition-energetique-les-opportunites-de-cooperation-avec-sarens-explorees\/"},"wordCount":670,"commentCount":0,"publisher":{"@id":"https:\/\/lasentinelle.dz\/#organization"},"image":{"@id":"https:\/\/lasentinelle.dz\/index.php\/2025\/06\/04\/transition-energetique-les-opportunites-de-cooperation-avec-sarens-explorees\/#primaryimage"},"thumbnailUrl":"https:\/\/lasentinelle.dz\/wp-content\/uploads\/2025\/06\/503882948_1034866945454735_8461338619515229841_n.jpg","articleSection":["\u00c9conomie"],"inLanguage":"fr-FR","potentialAction":[{"@type":"CommentAction","name":"Comment","target":["https:\/\/lasentinelle.dz\/index.php\/2025\/06\/04\/transition-energetique-les-opportunites-de-cooperation-avec-sarens-explorees\/#respond"]}]},{"@type":"WebPage","@id":"https:\/\/lasentinelle.dz\/index.php\/2025\/06\/04\/transition-energetique-les-opportunites-de-cooperation-avec-sarens-explorees\/","url":"https:\/\/lasentinelle.dz\/index.php\/2025\/06\/04\/transition-energetique-les-opportunites-de-cooperation-avec-sarens-explorees\/","name":"Transition \u00e9nerg\u00e9tique : Les opportunit\u00e9s de coop\u00e9ration avec Sarens explor\u00e9es - La Sentinelle","isPartOf":{"@id":"https:\/\/lasentinelle.dz\/#website"},"primaryImageOfPage":{"@id":"https:\/\/lasentinelle.dz\/index.php\/2025\/06\/04\/transition-energetique-les-opportunites-de-cooperation-avec-sarens-explorees\/#primaryimage"},"image":{"@id":"https:\/\/lasentinelle.dz\/index.php\/2025\/06\/04\/transition-energetique-les-opportunites-de-cooperation-avec-sarens-explorees\/#primaryimage"},"thumbnailUrl":"https:\/\/lasentinelle.dz\/wp-content\/uploads\/2025\/06\/503882948_1034866945454735_8461338619515229841_n.jpg","datePublished":"2025-06-04T21:21:51+00:00","dateModified":"2025-06-04T21:21:52+00:00","breadcrumb":{"@id":"https:\/\/lasentinelle.dz\/index.php\/2025\/06\/04\/transition-energetique-les-opportunites-de-cooperation-avec-sarens-explorees\/#breadcrumb"},"inLanguage":"fr-FR","potentialAction":[{"@type":"ReadAction","target":["https:\/\/lasentinelle.dz\/index.php\/2025\/06\/04\/transition-energetique-les-opportunites-de-cooperation-avec-sarens-explorees\/"]}]},{"@type":"ImageObject","inLanguage":"fr-FR","@id":"https:\/\/lasentinelle.dz\/index.php\/2025\/06\/04\/transition-energetique-les-opportunites-de-cooperation-avec-sarens-explorees\/#primaryimage","url":"https:\/\/lasentinelle.dz\/wp-content\/uploads\/2025\/06\/503882948_1034866945454735_8461338619515229841_n.jpg","contentUrl":"https:\/\/lasentinelle.dz\/wp-content\/uploads\/2025\/06\/503882948_1034866945454735_8461338619515229841_n.jpg","width":2048,"height":1280},{"@type":"BreadcrumbList","@id":"https:\/\/lasentinelle.dz\/index.php\/2025\/06\/04\/transition-energetique-les-opportunites-de-cooperation-avec-sarens-explorees\/#breadcrumb","itemListElement":[{"@type":"ListItem","position":1,"name":"Accueil","item":"https:\/\/lasentinelle.dz\/"},{"@type":"ListItem","position":2,"name":"Transition \u00e9nerg\u00e9tique : Les opportunit\u00e9s de coop\u00e9ration avec Sarens explor\u00e9es"}]},{"@type":"WebSite","@id":"https:\/\/lasentinelle.dz\/#website","url":"https:\/\/lasentinelle.dz\/","name":"La Sentinelle","description":"Quotidien national d&#039;information","publisher":{"@id":"https:\/\/lasentinelle.dz\/#organization"},"potentialAction":[{"@type":"SearchAction","target":{"@type":"EntryPoint","urlTemplate":"https:\/\/lasentinelle.dz\/?s={search_term_string}"},"query-input":{"@type":"PropertyValueSpecification","valueRequired":true,"valueName":"search_term_string"}}],"inLanguage":"fr-FR"},{"@type":"Organization","@id":"https:\/\/lasentinelle.dz\/#organization","name":"Quotidien La Sentinelle","url":"https:\/\/lasentinelle.dz\/","logo":{"@type":"ImageObject","inLanguage":"fr-FR","@id":"https:\/\/lasentinelle.dz\/#\/schema\/logo\/image\/","url":"https:\/\/lasentinelle.dz\/wp-content\/uploads\/2021\/09\/logo-sentinelleSLOGAN-1.png","contentUrl":"https:\/\/lasentinelle.dz\/wp-content\/uploads\/2021\/09\/logo-sentinelleSLOGAN-1.png","width":615,"height":142,"caption":"Quotidien La Sentinelle"},"image":{"@id":"https:\/\/lasentinelle.dz\/#\/schema\/logo\/image\/"},"sameAs":["https:\/\/www.facebook.com\/La-Sentinelle-104059864394773"]},{"@type":"Person","@id":"https:\/\/lasentinelle.dz\/#\/schema\/person\/729ee0024f24e0b8c5ec17232f8e8b41","name":"admin","image":{"@type":"ImageObject","inLanguage":"fr-FR","@id":"https:\/\/secure.gravatar.com\/avatar\/4c81fed838786e9b53f540bf46533e750f5d292099ae3b66cfc6fb1982e29df7?s=96&d=mm&r=g","url":"https:\/\/secure.gravatar.com\/avatar\/4c81fed838786e9b53f540bf46533e750f5d292099ae3b66cfc6fb1982e29df7?s=96&d=mm&r=g","contentUrl":"https:\/\/secure.gravatar.com\/avatar\/4c81fed838786e9b53f540bf46533e750f5d292099ae3b66cfc6fb1982e29df7?s=96&d=mm&r=g","caption":"admin"},"description":"admin","url":"https:\/\/lasentinelle.dz\/author\/admin\/"}]}},"_links":{"self":[{"href":"https:\/\/lasentinelle.dz\/index.php\/wp-json\/wp\/v2\/posts\/68531","targetHints":{"allow":["GET"]}}],"collection":[{"href":"https:\/\/lasentinelle.dz\/index.php\/wp-json\/wp\/v2\/posts"}],"about":[{"href":"https:\/\/lasentinelle.dz\/index.php\/wp-json\/wp\/v2\/types\/post"}],"author":[{"embeddable":true,"href":"https:\/\/lasentinelle.dz\/index.php\/wp-json\/wp\/v2\/users\/6"}],"replies":[{"embeddable":true,"href":"https:\/\/lasentinelle.dz\/index.php\/wp-json\/wp\/v2\/comments?post=68531"}],"version-history":[{"count":1,"href":"https:\/\/lasentinelle.dz\/index.php\/wp-json\/wp\/v2\/posts\/68531\/revisions"}],"predecessor-version":[{"id":68533,"href":"https:\/\/lasentinelle.dz\/index.php\/wp-json\/wp\/v2\/posts\/68531\/revisions\/68533"}],"wp:featuredmedia":[{"embeddable":true,"href":"https:\/\/lasentinelle.dz\/index.php\/wp-json\/wp\/v2\/media\/68532"}],"wp:attachment":[{"href":"https:\/\/lasentinelle.dz\/index.php\/wp-json\/wp\/v2\/media?parent=68531"}],"wp:term":[{"taxonomy":"category","embeddable":true,"href":"https:\/\/lasentinelle.dz\/index.php\/wp-json\/wp\/v2\/categories?post=68531"},{"taxonomy":"post_tag","embeddable":true,"href":"https:\/\/lasentinelle.dz\/index.php\/wp-json\/wp\/v2\/tags?post=68531"}],"curies":[{"name":"wp","href":"https:\/\/api.w.org\/{rel}","templated":true}]}}