{"id":68534,"date":"2025-06-04T22:22:52","date_gmt":"2025-06-04T21:22:52","guid":{"rendered":"https:\/\/lasentinelle.dz\/?p=68534"},"modified":"2025-06-04T22:22:52","modified_gmt":"2025-06-04T21:22:52","slug":"reconstruction-des-reseaux-energetiques-une-equipe-de-la-sonelgaz-en-syrie","status":"publish","type":"post","link":"https:\/\/lasentinelle.dz\/index.php\/2025\/06\/04\/reconstruction-des-reseaux-energetiques-une-equipe-de-la-sonelgaz-en-syrie\/","title":{"rendered":"Reconstruction des r\u00e9seaux \u00e9nerg\u00e9tiques: Une \u00e9quipe de la Sonelgaz en Syrie"},"content":{"rendered":"\n<p>L&rsquo;Alg\u00e9rie a d\u00e9cid\u00e9 d&rsquo;envoyer une \u00e9quipe de cadres, d&rsquo;experts et de techniciens de Sonelgaz en Syrie, dans le but d&rsquo;\u00e9valuer sur le terrain la situation du secteur \u00e9lectrique syrien, de diagnostiquer les d\u00e9fis pos\u00e9s et de proposer un plan d&rsquo;action d\u00e9taill\u00e9 pour soutenir les capacit\u00e9s de production, transport et distribution d&rsquo;\u00e9lectricit\u00e9, ainsi que la maintenance des r\u00e9seaux et \u00e9quipements \u00e9lectriques vitaux<\/p>\n\n\n\n<p>L&rsquo;Alg\u00e9rie aune nouvelle fois r\u00e9affirm\u00e9 sa solidarit\u00e9 avec la Syrie en d\u00e9ployant une coop\u00e9ration technique dans le domaine \u00e9nerg\u00e9tique. Cette initiative, qui s&rsquo;inscrit dans la continuit\u00e9 de l&rsquo;engagement solidaire de l&rsquo;\u00c9tat envers le peuple syrien fr\u00e8re, t\u00e9moigne de la volont\u00e9 du pr\u00e9sident de la R\u00e9publique Abdelmadjid Tebboune de traduire concr\u00e8tement les liens historiques unissant les deux nations. Le ministre d&rsquo;\u00c9tat, ministre de l&rsquo;\u00c9nergie et des Mines et des \u00c9nergies renouvelables, Mohammed Arkab, a en effet eu, mercredi un entretien t\u00e9l\u00e9phonique avec son homologue syrien Mohammed Al-Bachir, dans le cadre du suivi des r\u00e9sultats de la visite effectu\u00e9e par le ministre des Affaires \u00e9trang\u00e8res \u00e0 Damas en f\u00e9vrier dernier en tant qu&rsquo;envoy\u00e9 sp\u00e9cial du pr\u00e9sident de la R\u00e9publique. Cette concertation au plus haut niveau r\u00e9v\u00e8le la dimension strat\u00e9gique accord\u00e9e par l&rsquo;Alg\u00e9rie \u00e0 l&rsquo;accompagnement de la reconstruction syrienne, particuli\u00e8rement dans les infrastructures \u00e9nerg\u00e9tiques vitales pour le redressement \u00e9conomique du pays. Les discussions ont port\u00e9 sur \u00ab\u00a0l&rsquo;examen des moyens de renforcer et d\u00e9velopper la coop\u00e9ration bilat\u00e9rale dans le secteur de l&rsquo;\u00e9nergie, notamment dans le domaine de la production, du transport et de la distribution d&rsquo;\u00e9lectricit\u00e9, ainsi que la maintenance des r\u00e9seaux et \u00e9quipements \u00e9lectriques\u00a0\u00bb, indique un communiqu\u00e9 du minist\u00e8re de l&rsquo;\u00c9nergie, soulignant \u00ab\u00a0le caract\u00e8re strat\u00e9gique de cette coop\u00e9ration dans le contexte de la solidarit\u00e9 fraternelle et historique qui lie les deux pays fr\u00e8res\u00a0\u00bb. Cette approche globale d\u00e9montre que l&rsquo;engagement alg\u00e9rien d\u00e9passe le simple geste humanitaire pour s&rsquo;inscrire dans une vision de partenariat durable et structurant. Concr\u00e9tisant imm\u00e9diatement cette volont\u00e9 politique, \u00ab\u00a0en ex\u00e9cution des directives du pr\u00e9sident de la R\u00e9publique Abdelmadjid Tebboune, il a \u00e9t\u00e9 d\u00e9cid\u00e9 d&rsquo;envoyer une \u00e9quipe de cadres, d&rsquo;experts et de techniciens de Sonelgaz en Syrie, dans le but d&rsquo;\u00e9valuer sur le terrain la situation du secteur \u00e9lectrique syrien, de diagnostiquer les d\u00e9fis pos\u00e9s et de proposer un plan d&rsquo;action d\u00e9taill\u00e9 pour soutenir les capacit\u00e9s de production, transport et distribution d&rsquo;\u00e9lectricit\u00e9, ainsi que la maintenance des r\u00e9seaux et \u00e9quipements \u00e9lectriques vitaux\u00a0\u00bb, ajoute la m\u00eame jour. Cette mission technique repr\u00e9sente un investissement humain et technologique consid\u00e9rable, mobilisant l&rsquo;expertise reconnue du groupe Sonelgaz au service de la reconstruction syrienne. L&rsquo;Alg\u00e9rie ne se contente pas d&rsquo;apporter une assistance ponctuelle mais propose un transfert de comp\u00e9tences p\u00e9renne. Le ministre d&rsquo;\u00c9tat \u00ab\u00a0a exprim\u00e9 la disponibilit\u00e9 de l&rsquo;Alg\u00e9rie \u00e0 accueillir une \u00e9quipe de techniciens syriens dans le cadre d&rsquo;un programme de formation et d&rsquo;entra\u00eenement sp\u00e9cialis\u00e9 organis\u00e9 par les instituts du groupe Sonelgaz dans les domaines de l&rsquo;\u00e9lectricit\u00e9 et du gaz, dans le cadre de l&rsquo;\u00e9change d&rsquo;exp\u00e9riences et du renforcement des capacit\u00e9s techniques locales\u00a0\u00bb. Cette dimension formatrice illustre la philosophie alg\u00e9rienne de coop\u00e9ration Sud-Sud bas\u00e9e sur le partage des savoirs et l&rsquo;autonomisation des partenaires. L&rsquo;ampleur de cette coop\u00e9ration s&rsquo;\u00e9tend bien au-del\u00e0 du secteur \u00e9lectrique. \u00ab\u00a0Les deux ministres ont exprim\u00e9, lors de cet entretien, leur volont\u00e9 commune de renforcer la coop\u00e9ration bilat\u00e9rale et de l&rsquo;\u00e9largir pour inclure diff\u00e9rents domaines d&rsquo;int\u00e9r\u00eat commun, notamment les hydrocarbures, les mines et les \u00e9nergies renouvelables, confirmant la n\u00e9cessit\u00e9 de traduire cette coop\u00e9ration en projets concrets \u00e0 dimension d\u00e9veloppementale et structurelle durable\u00a0\u00bb. Cette vision \u00e9largie positionne l&rsquo;Alg\u00e9rie comme un partenaire strat\u00e9gique dans la reconstruction globale de la Syrie, mobilisant l&rsquo;ensemble de son expertise \u00e9nerg\u00e9tique et mini\u00e8re. Les deux responsables ont \u00e9galement \u00ab\u00a0soulign\u00e9 l&rsquo;importance d&rsquo;intensifier et d&rsquo;\u00e9changer les visites entre experts et institutions concern\u00e9es, et d&rsquo;activer les m\u00e9canismes d&rsquo;\u00e9change d&rsquo;exp\u00e9riences et d&rsquo;expertises de mani\u00e8re \u00e0 renforcer les capacit\u00e9s techniques et \u00e0 pr\u00e9parer la concr\u00e9tisation de partenariats efficaces sur le terrain\u00a0\u00bb. Cette d\u00e9marche m\u00e9thodique garantit la p\u00e9rennit\u00e9 et l&rsquo;efficacit\u00e9 des actions entreprises, s&rsquo;\u00e9loignant des logiques d&rsquo;assistance temporaire pour privil\u00e9gier un accompagnement structurel. Cette initiative s&rsquo;inscrit parfaitement dans la diplomatie de solidarit\u00e9 pr\u00f4n\u00e9e par le pr\u00e9sident Tebboune, qui place l&rsquo;Alg\u00e9rie au c\u0153ur des dynamiques de reconstruction et de stabilisation r\u00e9gionales, confirmant son r\u00f4le de puissance responsable et solidaire dans l&rsquo;espace arabe et m\u00e9diterran\u00e9en.<\/p>\n\n\n\n<p>Samira Ghrib<\/p>\n","protected":false},"excerpt":{"rendered":"<p>L&rsquo;Alg\u00e9rie a d\u00e9cid\u00e9 d&rsquo;envoyer une \u00e9quipe de cadres, d&rsquo;experts et de techniciens de Sonelgaz en Syrie, dans le but d&rsquo;\u00e9valuer<\/p>\n","protected":false},"author":6,"featured_media":19632,"comment_status":"open","ping_status":"closed","sticky":false,"template":"","format":"standard","meta":{"colormag_page_container_layout":"default_layout","colormag_page_sidebar_layout":"default_layout","om_disable_all_campaigns":false,"_monsterinsights_skip_tracking":false,"_monsterinsights_sitenote_active":false,"_monsterinsights_sitenote_note":"","_monsterinsights_sitenote_category":0,"footnotes":"","_wpscppro_dont_share_socialmedia":false,"_wpscppro_custom_social_share_image":0,"_facebook_share_type":"default","_twitter_share_type":"default","_linkedin_share_type":"default","_pinterest_share_type":"default","_linkedin_share_type_page":"","_instagram_share_type":"default","_medium_share_type":"default","_threads_share_type":"","_google_business_share_type":"","_selected_social_profile":[],"_wpsp_enable_custom_social_template":false,"_wpsp_social_scheduling":{"enabled":false,"datetime":null,"platforms":[],"status":"template_only","dateOption":"today","timeOption":"now","customDays":"","customHours":"","customDate":"","customTime":"","schedulingType":"absolute"},"_wpsp_active_default_template":true},"categories":[52,29],"tags":[],"class_list":["post-68534","post","type-post","status-publish","format-standard","has-post-thumbnail","hentry","category-a-la-une","category-economie"],"aioseo_notices":[],"yoast_head":"<!-- This site is optimized with the Yoast SEO plugin v27.5 - https:\/\/yoast.com\/product\/yoast-seo-wordpress\/ -->\n<title>Reconstruction des r\u00e9seaux \u00e9nerg\u00e9tiques: Une \u00e9quipe de la Sonelgaz en Syrie - La Sentinelle<\/title>\n<meta name=\"robots\" content=\"index, follow, max-snippet:-1, max-image-preview:large, max-video-preview:-1\" \/>\n<link rel=\"canonical\" href=\"https:\/\/lasentinelle.dz\/index.php\/2025\/06\/04\/reconstruction-des-reseaux-energetiques-une-equipe-de-la-sonelgaz-en-syrie\/\" \/>\n<meta property=\"og:locale\" content=\"fr_FR\" \/>\n<meta property=\"og:type\" content=\"article\" \/>\n<meta property=\"og:title\" content=\"Reconstruction des r\u00e9seaux \u00e9nerg\u00e9tiques: Une \u00e9quipe de la Sonelgaz en Syrie - La Sentinelle\" \/>\n<meta property=\"og:description\" content=\"L&rsquo;Alg\u00e9rie a d\u00e9cid\u00e9 d&rsquo;envoyer une \u00e9quipe de cadres, d&rsquo;experts et de techniciens de Sonelgaz en Syrie, dans le but d&rsquo;\u00e9valuer\" \/>\n<meta property=\"og:url\" content=\"https:\/\/lasentinelle.dz\/index.php\/2025\/06\/04\/reconstruction-des-reseaux-energetiques-une-equipe-de-la-sonelgaz-en-syrie\/\" \/>\n<meta property=\"og:site_name\" content=\"La Sentinelle\" \/>\n<meta property=\"article:publisher\" content=\"https:\/\/www.facebook.com\/La-Sentinelle-104059864394773\" \/>\n<meta property=\"article:published_time\" content=\"2025-06-04T21:22:52+00:00\" \/>\n<meta property=\"og:image\" content=\"https:\/\/lasentinelle.dz\/wp-content\/uploads\/2022\/04\/sonelgaz.png\" \/>\n\t<meta property=\"og:image:width\" content=\"1600\" \/>\n\t<meta property=\"og:image:height\" content=\"900\" \/>\n\t<meta property=\"og:image:type\" content=\"image\/png\" \/>\n<meta name=\"author\" content=\"admin\" \/>\n<meta name=\"twitter:card\" content=\"summary_large_image\" \/>\n<meta name=\"twitter:label1\" content=\"\u00c9crit par\" \/>\n\t<meta name=\"twitter:data1\" content=\"admin\" \/>\n\t<meta name=\"twitter:label2\" content=\"Dur\u00e9e de lecture estim\u00e9e\" \/>\n\t<meta name=\"twitter:data2\" content=\"4 minutes\" \/>\n<script type=\"application\/ld+json\" class=\"yoast-schema-graph\">{\"@context\":\"https:\\\/\\\/schema.org\",\"@graph\":[{\"@type\":\"Article\",\"@id\":\"https:\\\/\\\/lasentinelle.dz\\\/index.php\\\/2025\\\/06\\\/04\\\/reconstruction-des-reseaux-energetiques-une-equipe-de-la-sonelgaz-en-syrie\\\/#article\",\"isPartOf\":{\"@id\":\"https:\\\/\\\/lasentinelle.dz\\\/index.php\\\/2025\\\/06\\\/04\\\/reconstruction-des-reseaux-energetiques-une-equipe-de-la-sonelgaz-en-syrie\\\/\"},\"author\":{\"name\":\"admin\",\"@id\":\"https:\\\/\\\/lasentinelle.dz\\\/#\\\/schema\\\/person\\\/729ee0024f24e0b8c5ec17232f8e8b41\"},\"headline\":\"Reconstruction des r\u00e9seaux \u00e9nerg\u00e9tiques: Une \u00e9quipe de la Sonelgaz en Syrie\",\"datePublished\":\"2025-06-04T21:22:52+00:00\",\"mainEntityOfPage\":{\"@id\":\"https:\\\/\\\/lasentinelle.dz\\\/index.php\\\/2025\\\/06\\\/04\\\/reconstruction-des-reseaux-energetiques-une-equipe-de-la-sonelgaz-en-syrie\\\/\"},\"wordCount\":854,\"commentCount\":0,\"publisher\":{\"@id\":\"https:\\\/\\\/lasentinelle.dz\\\/#organization\"},\"image\":{\"@id\":\"https:\\\/\\\/lasentinelle.dz\\\/index.php\\\/2025\\\/06\\\/04\\\/reconstruction-des-reseaux-energetiques-une-equipe-de-la-sonelgaz-en-syrie\\\/#primaryimage\"},\"thumbnailUrl\":\"https:\\\/\\\/lasentinelle.dz\\\/wp-content\\\/uploads\\\/2022\\\/04\\\/sonelgaz.png\",\"articleSection\":[\"\u00c0 la Une\",\"\u00c9conomie\"],\"inLanguage\":\"fr-FR\",\"potentialAction\":[{\"@type\":\"CommentAction\",\"name\":\"Comment\",\"target\":[\"https:\\\/\\\/lasentinelle.dz\\\/index.php\\\/2025\\\/06\\\/04\\\/reconstruction-des-reseaux-energetiques-une-equipe-de-la-sonelgaz-en-syrie\\\/#respond\"]}]},{\"@type\":\"WebPage\",\"@id\":\"https:\\\/\\\/lasentinelle.dz\\\/index.php\\\/2025\\\/06\\\/04\\\/reconstruction-des-reseaux-energetiques-une-equipe-de-la-sonelgaz-en-syrie\\\/\",\"url\":\"https:\\\/\\\/lasentinelle.dz\\\/index.php\\\/2025\\\/06\\\/04\\\/reconstruction-des-reseaux-energetiques-une-equipe-de-la-sonelgaz-en-syrie\\\/\",\"name\":\"Reconstruction des r\u00e9seaux \u00e9nerg\u00e9tiques: Une \u00e9quipe de la Sonelgaz en Syrie - La Sentinelle\",\"isPartOf\":{\"@id\":\"https:\\\/\\\/lasentinelle.dz\\\/#website\"},\"primaryImageOfPage\":{\"@id\":\"https:\\\/\\\/lasentinelle.dz\\\/index.php\\\/2025\\\/06\\\/04\\\/reconstruction-des-reseaux-energetiques-une-equipe-de-la-sonelgaz-en-syrie\\\/#primaryimage\"},\"image\":{\"@id\":\"https:\\\/\\\/lasentinelle.dz\\\/index.php\\\/2025\\\/06\\\/04\\\/reconstruction-des-reseaux-energetiques-une-equipe-de-la-sonelgaz-en-syrie\\\/#primaryimage\"},\"thumbnailUrl\":\"https:\\\/\\\/lasentinelle.dz\\\/wp-content\\\/uploads\\\/2022\\\/04\\\/sonelgaz.png\",\"datePublished\":\"2025-06-04T21:22:52+00:00\",\"breadcrumb\":{\"@id\":\"https:\\\/\\\/lasentinelle.dz\\\/index.php\\\/2025\\\/06\\\/04\\\/reconstruction-des-reseaux-energetiques-une-equipe-de-la-sonelgaz-en-syrie\\\/#breadcrumb\"},\"inLanguage\":\"fr-FR\",\"potentialAction\":[{\"@type\":\"ReadAction\",\"target\":[\"https:\\\/\\\/lasentinelle.dz\\\/index.php\\\/2025\\\/06\\\/04\\\/reconstruction-des-reseaux-energetiques-une-equipe-de-la-sonelgaz-en-syrie\\\/\"]}]},{\"@type\":\"ImageObject\",\"inLanguage\":\"fr-FR\",\"@id\":\"https:\\\/\\\/lasentinelle.dz\\\/index.php\\\/2025\\\/06\\\/04\\\/reconstruction-des-reseaux-energetiques-une-equipe-de-la-sonelgaz-en-syrie\\\/#primaryimage\",\"url\":\"https:\\\/\\\/lasentinelle.dz\\\/wp-content\\\/uploads\\\/2022\\\/04\\\/sonelgaz.png\",\"contentUrl\":\"https:\\\/\\\/lasentinelle.dz\\\/wp-content\\\/uploads\\\/2022\\\/04\\\/sonelgaz.png\",\"width\":1600,\"height\":900},{\"@type\":\"BreadcrumbList\",\"@id\":\"https:\\\/\\\/lasentinelle.dz\\\/index.php\\\/2025\\\/06\\\/04\\\/reconstruction-des-reseaux-energetiques-une-equipe-de-la-sonelgaz-en-syrie\\\/#breadcrumb\",\"itemListElement\":[{\"@type\":\"ListItem\",\"position\":1,\"name\":\"Accueil\",\"item\":\"https:\\\/\\\/lasentinelle.dz\\\/\"},{\"@type\":\"ListItem\",\"position\":2,\"name\":\"Reconstruction des r\u00e9seaux \u00e9nerg\u00e9tiques: Une \u00e9quipe de la Sonelgaz en Syrie\"}]},{\"@type\":\"WebSite\",\"@id\":\"https:\\\/\\\/lasentinelle.dz\\\/#website\",\"url\":\"https:\\\/\\\/lasentinelle.dz\\\/\",\"name\":\"La Sentinelle\",\"description\":\"Quotidien national d&#039;information\",\"publisher\":{\"@id\":\"https:\\\/\\\/lasentinelle.dz\\\/#organization\"},\"potentialAction\":[{\"@type\":\"SearchAction\",\"target\":{\"@type\":\"EntryPoint\",\"urlTemplate\":\"https:\\\/\\\/lasentinelle.dz\\\/?s={search_term_string}\"},\"query-input\":{\"@type\":\"PropertyValueSpecification\",\"valueRequired\":true,\"valueName\":\"search_term_string\"}}],\"inLanguage\":\"fr-FR\"},{\"@type\":\"Organization\",\"@id\":\"https:\\\/\\\/lasentinelle.dz\\\/#organization\",\"name\":\"Quotidien La Sentinelle\",\"url\":\"https:\\\/\\\/lasentinelle.dz\\\/\",\"logo\":{\"@type\":\"ImageObject\",\"inLanguage\":\"fr-FR\",\"@id\":\"https:\\\/\\\/lasentinelle.dz\\\/#\\\/schema\\\/logo\\\/image\\\/\",\"url\":\"https:\\\/\\\/lasentinelle.dz\\\/wp-content\\\/uploads\\\/2021\\\/09\\\/logo-sentinelleSLOGAN-1.png\",\"contentUrl\":\"https:\\\/\\\/lasentinelle.dz\\\/wp-content\\\/uploads\\\/2021\\\/09\\\/logo-sentinelleSLOGAN-1.png\",\"width\":615,\"height\":142,\"caption\":\"Quotidien La Sentinelle\"},\"image\":{\"@id\":\"https:\\\/\\\/lasentinelle.dz\\\/#\\\/schema\\\/logo\\\/image\\\/\"},\"sameAs\":[\"https:\\\/\\\/www.facebook.com\\\/La-Sentinelle-104059864394773\"]},{\"@type\":\"Person\",\"@id\":\"https:\\\/\\\/lasentinelle.dz\\\/#\\\/schema\\\/person\\\/729ee0024f24e0b8c5ec17232f8e8b41\",\"name\":\"admin\",\"image\":{\"@type\":\"ImageObject\",\"inLanguage\":\"fr-FR\",\"@id\":\"https:\\\/\\\/secure.gravatar.com\\\/avatar\\\/4c81fed838786e9b53f540bf46533e750f5d292099ae3b66cfc6fb1982e29df7?s=96&d=mm&r=g\",\"url\":\"https:\\\/\\\/secure.gravatar.com\\\/avatar\\\/4c81fed838786e9b53f540bf46533e750f5d292099ae3b66cfc6fb1982e29df7?s=96&d=mm&r=g\",\"contentUrl\":\"https:\\\/\\\/secure.gravatar.com\\\/avatar\\\/4c81fed838786e9b53f540bf46533e750f5d292099ae3b66cfc6fb1982e29df7?s=96&d=mm&r=g\",\"caption\":\"admin\"},\"description\":\"admin\",\"url\":\"https:\\\/\\\/lasentinelle.dz\\\/author\\\/admin\\\/\"}]}<\/script>\n<!-- \/ Yoast SEO plugin. -->","yoast_head_json":{"title":"Reconstruction des r\u00e9seaux \u00e9nerg\u00e9tiques: Une \u00e9quipe de la Sonelgaz en Syrie - La Sentinelle","robots":{"index":"index","follow":"follow","max-snippet":"max-snippet:-1","max-image-preview":"max-image-preview:large","max-video-preview":"max-video-preview:-1"},"canonical":"https:\/\/lasentinelle.dz\/index.php\/2025\/06\/04\/reconstruction-des-reseaux-energetiques-une-equipe-de-la-sonelgaz-en-syrie\/","og_locale":"fr_FR","og_type":"article","og_title":"Reconstruction des r\u00e9seaux \u00e9nerg\u00e9tiques: Une \u00e9quipe de la Sonelgaz en Syrie - La Sentinelle","og_description":"L&rsquo;Alg\u00e9rie a d\u00e9cid\u00e9 d&rsquo;envoyer une \u00e9quipe de cadres, d&rsquo;experts et de techniciens de Sonelgaz en Syrie, dans le but d&rsquo;\u00e9valuer","og_url":"https:\/\/lasentinelle.dz\/index.php\/2025\/06\/04\/reconstruction-des-reseaux-energetiques-une-equipe-de-la-sonelgaz-en-syrie\/","og_site_name":"La Sentinelle","article_publisher":"https:\/\/www.facebook.com\/La-Sentinelle-104059864394773","article_published_time":"2025-06-04T21:22:52+00:00","og_image":[{"width":1600,"height":900,"url":"https:\/\/lasentinelle.dz\/wp-content\/uploads\/2022\/04\/sonelgaz.png","type":"image\/png"}],"author":"admin","twitter_card":"summary_large_image","twitter_misc":{"\u00c9crit par":"admin","Dur\u00e9e de lecture estim\u00e9e":"4 minutes"},"schema":{"@context":"https:\/\/schema.org","@graph":[{"@type":"Article","@id":"https:\/\/lasentinelle.dz\/index.php\/2025\/06\/04\/reconstruction-des-reseaux-energetiques-une-equipe-de-la-sonelgaz-en-syrie\/#article","isPartOf":{"@id":"https:\/\/lasentinelle.dz\/index.php\/2025\/06\/04\/reconstruction-des-reseaux-energetiques-une-equipe-de-la-sonelgaz-en-syrie\/"},"author":{"name":"admin","@id":"https:\/\/lasentinelle.dz\/#\/schema\/person\/729ee0024f24e0b8c5ec17232f8e8b41"},"headline":"Reconstruction des r\u00e9seaux \u00e9nerg\u00e9tiques: Une \u00e9quipe de la Sonelgaz en Syrie","datePublished":"2025-06-04T21:22:52+00:00","mainEntityOfPage":{"@id":"https:\/\/lasentinelle.dz\/index.php\/2025\/06\/04\/reconstruction-des-reseaux-energetiques-une-equipe-de-la-sonelgaz-en-syrie\/"},"wordCount":854,"commentCount":0,"publisher":{"@id":"https:\/\/lasentinelle.dz\/#organization"},"image":{"@id":"https:\/\/lasentinelle.dz\/index.php\/2025\/06\/04\/reconstruction-des-reseaux-energetiques-une-equipe-de-la-sonelgaz-en-syrie\/#primaryimage"},"thumbnailUrl":"https:\/\/lasentinelle.dz\/wp-content\/uploads\/2022\/04\/sonelgaz.png","articleSection":["\u00c0 la Une","\u00c9conomie"],"inLanguage":"fr-FR","potentialAction":[{"@type":"CommentAction","name":"Comment","target":["https:\/\/lasentinelle.dz\/index.php\/2025\/06\/04\/reconstruction-des-reseaux-energetiques-une-equipe-de-la-sonelgaz-en-syrie\/#respond"]}]},{"@type":"WebPage","@id":"https:\/\/lasentinelle.dz\/index.php\/2025\/06\/04\/reconstruction-des-reseaux-energetiques-une-equipe-de-la-sonelgaz-en-syrie\/","url":"https:\/\/lasentinelle.dz\/index.php\/2025\/06\/04\/reconstruction-des-reseaux-energetiques-une-equipe-de-la-sonelgaz-en-syrie\/","name":"Reconstruction des r\u00e9seaux \u00e9nerg\u00e9tiques: Une \u00e9quipe de la Sonelgaz en Syrie - La Sentinelle","isPartOf":{"@id":"https:\/\/lasentinelle.dz\/#website"},"primaryImageOfPage":{"@id":"https:\/\/lasentinelle.dz\/index.php\/2025\/06\/04\/reconstruction-des-reseaux-energetiques-une-equipe-de-la-sonelgaz-en-syrie\/#primaryimage"},"image":{"@id":"https:\/\/lasentinelle.dz\/index.php\/2025\/06\/04\/reconstruction-des-reseaux-energetiques-une-equipe-de-la-sonelgaz-en-syrie\/#primaryimage"},"thumbnailUrl":"https:\/\/lasentinelle.dz\/wp-content\/uploads\/2022\/04\/sonelgaz.png","datePublished":"2025-06-04T21:22:52+00:00","breadcrumb":{"@id":"https:\/\/lasentinelle.dz\/index.php\/2025\/06\/04\/reconstruction-des-reseaux-energetiques-une-equipe-de-la-sonelgaz-en-syrie\/#breadcrumb"},"inLanguage":"fr-FR","potentialAction":[{"@type":"ReadAction","target":["https:\/\/lasentinelle.dz\/index.php\/2025\/06\/04\/reconstruction-des-reseaux-energetiques-une-equipe-de-la-sonelgaz-en-syrie\/"]}]},{"@type":"ImageObject","inLanguage":"fr-FR","@id":"https:\/\/lasentinelle.dz\/index.php\/2025\/06\/04\/reconstruction-des-reseaux-energetiques-une-equipe-de-la-sonelgaz-en-syrie\/#primaryimage","url":"https:\/\/lasentinelle.dz\/wp-content\/uploads\/2022\/04\/sonelgaz.png","contentUrl":"https:\/\/lasentinelle.dz\/wp-content\/uploads\/2022\/04\/sonelgaz.png","width":1600,"height":900},{"@type":"BreadcrumbList","@id":"https:\/\/lasentinelle.dz\/index.php\/2025\/06\/04\/reconstruction-des-reseaux-energetiques-une-equipe-de-la-sonelgaz-en-syrie\/#breadcrumb","itemListElement":[{"@type":"ListItem","position":1,"name":"Accueil","item":"https:\/\/lasentinelle.dz\/"},{"@type":"ListItem","position":2,"name":"Reconstruction des r\u00e9seaux \u00e9nerg\u00e9tiques: Une \u00e9quipe de la Sonelgaz en Syrie"}]},{"@type":"WebSite","@id":"https:\/\/lasentinelle.dz\/#website","url":"https:\/\/lasentinelle.dz\/","name":"La Sentinelle","description":"Quotidien national d&#039;information","publisher":{"@id":"https:\/\/lasentinelle.dz\/#organization"},"potentialAction":[{"@type":"SearchAction","target":{"@type":"EntryPoint","urlTemplate":"https:\/\/lasentinelle.dz\/?s={search_term_string}"},"query-input":{"@type":"PropertyValueSpecification","valueRequired":true,"valueName":"search_term_string"}}],"inLanguage":"fr-FR"},{"@type":"Organization","@id":"https:\/\/lasentinelle.dz\/#organization","name":"Quotidien La Sentinelle","url":"https:\/\/lasentinelle.dz\/","logo":{"@type":"ImageObject","inLanguage":"fr-FR","@id":"https:\/\/lasentinelle.dz\/#\/schema\/logo\/image\/","url":"https:\/\/lasentinelle.dz\/wp-content\/uploads\/2021\/09\/logo-sentinelleSLOGAN-1.png","contentUrl":"https:\/\/lasentinelle.dz\/wp-content\/uploads\/2021\/09\/logo-sentinelleSLOGAN-1.png","width":615,"height":142,"caption":"Quotidien La Sentinelle"},"image":{"@id":"https:\/\/lasentinelle.dz\/#\/schema\/logo\/image\/"},"sameAs":["https:\/\/www.facebook.com\/La-Sentinelle-104059864394773"]},{"@type":"Person","@id":"https:\/\/lasentinelle.dz\/#\/schema\/person\/729ee0024f24e0b8c5ec17232f8e8b41","name":"admin","image":{"@type":"ImageObject","inLanguage":"fr-FR","@id":"https:\/\/secure.gravatar.com\/avatar\/4c81fed838786e9b53f540bf46533e750f5d292099ae3b66cfc6fb1982e29df7?s=96&d=mm&r=g","url":"https:\/\/secure.gravatar.com\/avatar\/4c81fed838786e9b53f540bf46533e750f5d292099ae3b66cfc6fb1982e29df7?s=96&d=mm&r=g","contentUrl":"https:\/\/secure.gravatar.com\/avatar\/4c81fed838786e9b53f540bf46533e750f5d292099ae3b66cfc6fb1982e29df7?s=96&d=mm&r=g","caption":"admin"},"description":"admin","url":"https:\/\/lasentinelle.dz\/author\/admin\/"}]}},"_links":{"self":[{"href":"https:\/\/lasentinelle.dz\/index.php\/wp-json\/wp\/v2\/posts\/68534","targetHints":{"allow":["GET"]}}],"collection":[{"href":"https:\/\/lasentinelle.dz\/index.php\/wp-json\/wp\/v2\/posts"}],"about":[{"href":"https:\/\/lasentinelle.dz\/index.php\/wp-json\/wp\/v2\/types\/post"}],"author":[{"embeddable":true,"href":"https:\/\/lasentinelle.dz\/index.php\/wp-json\/wp\/v2\/users\/6"}],"replies":[{"embeddable":true,"href":"https:\/\/lasentinelle.dz\/index.php\/wp-json\/wp\/v2\/comments?post=68534"}],"version-history":[{"count":1,"href":"https:\/\/lasentinelle.dz\/index.php\/wp-json\/wp\/v2\/posts\/68534\/revisions"}],"predecessor-version":[{"id":68535,"href":"https:\/\/lasentinelle.dz\/index.php\/wp-json\/wp\/v2\/posts\/68534\/revisions\/68535"}],"wp:featuredmedia":[{"embeddable":true,"href":"https:\/\/lasentinelle.dz\/index.php\/wp-json\/wp\/v2\/media\/19632"}],"wp:attachment":[{"href":"https:\/\/lasentinelle.dz\/index.php\/wp-json\/wp\/v2\/media?parent=68534"}],"wp:term":[{"taxonomy":"category","embeddable":true,"href":"https:\/\/lasentinelle.dz\/index.php\/wp-json\/wp\/v2\/categories?post=68534"},{"taxonomy":"post_tag","embeddable":true,"href":"https:\/\/lasentinelle.dz\/index.php\/wp-json\/wp\/v2\/tags?post=68534"}],"curies":[{"name":"wp","href":"https:\/\/api.w.org\/{rel}","templated":true}]}}