{"id":68536,"date":"2025-06-04T22:23:41","date_gmt":"2025-06-04T21:23:41","guid":{"rendered":"https:\/\/lasentinelle.dz\/?p=68536"},"modified":"2025-06-04T22:23:42","modified_gmt":"2025-06-04T21:23:42","slug":"aid-el-adha-les-services-publics-mobilises-pour-une-fete-sereine","status":"publish","type":"post","link":"https:\/\/lasentinelle.dz\/index.php\/2025\/06\/04\/aid-el-adha-les-services-publics-mobilises-pour-une-fete-sereine\/","title":{"rendered":"A\u00efd El-Adha : Les services publics mobilis\u00e9s pour une f\u00eate sereine"},"content":{"rendered":"\n<p>\u00c0 l&rsquo;approche de l&rsquo;A\u00efd El-Adha, qui sera c\u00e9l\u00e9br\u00e9e ce week-end, les autorit\u00e9s publiques ont d\u00e9ploy\u00e9 un dispositif exceptionnel pour garantir la continuit\u00e9 des services essentiels durant cette p\u00e9riode de f\u00eate religieuse. L&rsquo;ensemble des secteurs strat\u00e9giques se mobilise pour assurer aux citoyens des conditions optimales pendant les trois jours de c\u00e9l\u00e9bration.<\/p>\n\n\n\n<p>Le minist\u00e8re du Commerce int\u00e9rieur et de la R\u00e9gulation du march\u00e9 national a orchestr\u00e9 une mobilisation sans pr\u00e9c\u00e9dent avec 55.602 commer\u00e7ants r\u00e9partis \u00e0 travers l&rsquo;ensemble des wilayas du pays. Cette initiative, coordonn\u00e9e par le ministre Tayeb Zitouni, vise \u00e0 garantir un approvisionnement r\u00e9gulier en produits de premi\u00e8re n\u00e9cessit\u00e9, particuli\u00e8rement les denr\u00e9es alimentaires de base. Le dispositif s&rsquo;appuie \u00e9galement sur 547 unit\u00e9s de production et 2.801 agents de contr\u00f4le pour assurer la continuit\u00e9 de la fourniture des produits essentiels tels que le pain, les fruits et l\u00e9gumes, le lait et l&rsquo;eau min\u00e9rale. Les march\u00e9s de gros r\u00e9gionaux de fruits et l\u00e9gumes de l&rsquo;entreprise MAGRO resteront ouverts durant les jours de f\u00eate pour maintenir la stabilit\u00e9 des prix. La plateforme num\u00e9rique \u00ab\u00a0MOURAFIK COM\u00a0\u00bb permettra aux citoyens de signaler toute anomalie dans le programme de permanence, offrant selon le ministre \u00ab\u00a0une solution num\u00e9rique efficace permettant d&rsquo;obtenir des informations pr\u00e9cises et instantan\u00e9es sur les emplacements des commer\u00e7ants de permanence\u00a0\u00bb.<\/p>\n\n\n\n<p><strong>L&rsquo;ADE et Sonelgaz rassurent<\/strong><\/p>\n\n\n\n<p>L&rsquo;Alg\u00e9rienne des eaux (ADE) a mis en place un plan sp\u00e9cial d&rsquo;approvisionnement en eau potable avant, durant et apr\u00e8s l&rsquo;A\u00efd. Selon Salah Eddine Charit, directeur central de la client\u00e8le et de la communication de l&rsquo;\u00e9tablissement, 8.620 r\u00e9servoirs ont \u00e9t\u00e9 progressivement remplis avec plus de 7,35 millions de m\u00e8tres cubes d&rsquo;eau, disponibles d\u00e8s le vendredi matin. L&rsquo;ADE a proc\u00e9d\u00e9 au nettoyage et \u00e0 la st\u00e9rilisation des r\u00e9servoirs, mobilis\u00e9 les puits, les stations de traitement et de pompage, et effectu\u00e9 par anticipation la maintenance de toutes les installations hydrauliques sur un r\u00e9seau s&rsquo;\u00e9tendant sur environ 95.000 kilom\u00e8tres. Des \u00e9quipes de permanence travailleront 24h\/24 par brigades, \u00e9paul\u00e9es par des camions-citernes et des brigades de maintenance mobiles pr\u00eates \u00e0 intervenir rapidement. Une campagne de sensibilisation incite les citoyens \u00e0 rationaliser leur consommation d&rsquo;eau et \u00e0 \u00e9viter le gaspillage. La Soci\u00e9t\u00e9 nationale de distribution de l&rsquo;\u00e9lectricit\u00e9 et du gaz (Sonelgaz) a annonc\u00e9 la mobilisation d&rsquo;\u00e9quipes de permanence au niveau de toutes ses filiales \u00e0 travers le territoire national pour r\u00e9pondre aux besoins des clients 24h\/24. Les citoyens peuvent contacter le Centre de contacts 3303 ou le num\u00e9ro de permanence 021-72-31-00 pour tout signalement. L&rsquo;Alg\u00e9rienne des autoroutes (ADA) d\u00e9ploie \u00e9galement ses \u00e9quipes de patrouille et unit\u00e9s d&rsquo;intervention 24h\/24 pour assurer la s\u00e9curit\u00e9 et le confort des usagers. Cette mobilisation g\u00e9n\u00e9rale des services publics t\u00e9moigne de la volont\u00e9 des autorit\u00e9s d&rsquo;offrir aux citoyens alg\u00e9riens une c\u00e9l\u00e9bration de l&rsquo;A\u00efd El-Adha dans les meilleures conditions, alliant tradition religieuse et modernit\u00e9 des services.<\/p>\n\n\n\n<p>Lyna Larbi<\/p>\n","protected":false},"excerpt":{"rendered":"<p>\u00c0 l&rsquo;approche de l&rsquo;A\u00efd El-Adha, qui sera c\u00e9l\u00e9br\u00e9e ce week-end, les autorit\u00e9s publiques ont d\u00e9ploy\u00e9 un dispositif exceptionnel pour garantir<\/p>\n","protected":false},"author":6,"featured_media":13410,"comment_status":"open","ping_status":"closed","sticky":false,"template":"","format":"standard","meta":{"colormag_page_container_layout":"default_layout","colormag_page_sidebar_layout":"default_layout","om_disable_all_campaigns":false,"_monsterinsights_skip_tracking":false,"_monsterinsights_sitenote_active":false,"_monsterinsights_sitenote_note":"","_monsterinsights_sitenote_category":0,"footnotes":"","_wpscppro_dont_share_socialmedia":false,"_wpscppro_custom_social_share_image":0,"_facebook_share_type":"default","_twitter_share_type":"default","_linkedin_share_type":"default","_pinterest_share_type":"default","_linkedin_share_type_page":"","_instagram_share_type":"default","_medium_share_type":"default","_threads_share_type":"","_google_business_share_type":"","_selected_social_profile":[],"_wpsp_enable_custom_social_template":false,"_wpsp_social_scheduling":{"enabled":false,"datetime":null,"platforms":[],"status":"template_only","dateOption":"today","timeOption":"now","customDays":"","customHours":"","customDate":"","customTime":"","schedulingType":"absolute"},"_wpsp_active_default_template":true},"categories":[27],"tags":[],"class_list":["post-68536","post","type-post","status-publish","format-standard","has-post-thumbnail","hentry","category-actualite"],"aioseo_notices":[],"yoast_head":"<!-- This site is optimized with the Yoast SEO plugin v27.5 - https:\/\/yoast.com\/product\/yoast-seo-wordpress\/ -->\n<title>A\u00efd El-Adha : Les services publics mobilis\u00e9s pour une f\u00eate sereine - La Sentinelle<\/title>\n<meta name=\"robots\" content=\"index, follow, max-snippet:-1, max-image-preview:large, max-video-preview:-1\" \/>\n<link rel=\"canonical\" href=\"https:\/\/lasentinelle.dz\/index.php\/2025\/06\/04\/aid-el-adha-les-services-publics-mobilises-pour-une-fete-sereine\/\" \/>\n<meta property=\"og:locale\" content=\"fr_FR\" \/>\n<meta property=\"og:type\" content=\"article\" \/>\n<meta property=\"og:title\" content=\"A\u00efd El-Adha : Les services publics mobilis\u00e9s pour une f\u00eate sereine - La Sentinelle\" \/>\n<meta property=\"og:description\" content=\"\u00c0 l&rsquo;approche de l&rsquo;A\u00efd El-Adha, qui sera c\u00e9l\u00e9br\u00e9e ce week-end, les autorit\u00e9s publiques ont d\u00e9ploy\u00e9 un dispositif exceptionnel pour garantir\" \/>\n<meta property=\"og:url\" content=\"https:\/\/lasentinelle.dz\/index.php\/2025\/06\/04\/aid-el-adha-les-services-publics-mobilises-pour-une-fete-sereine\/\" \/>\n<meta property=\"og:site_name\" content=\"La Sentinelle\" \/>\n<meta property=\"article:publisher\" content=\"https:\/\/www.facebook.com\/La-Sentinelle-104059864394773\" \/>\n<meta property=\"article:published_time\" content=\"2025-06-04T21:23:41+00:00\" \/>\n<meta property=\"article:modified_time\" content=\"2025-06-04T21:23:42+00:00\" \/>\n<meta property=\"og:image\" content=\"https:\/\/lasentinelle.dz\/wp-content\/uploads\/2021\/11\/ministere-du-commerce.png\" \/>\n\t<meta property=\"og:image:width\" content=\"1354\" \/>\n\t<meta property=\"og:image:height\" content=\"900\" \/>\n\t<meta property=\"og:image:type\" content=\"image\/png\" \/>\n<meta name=\"author\" content=\"admin\" \/>\n<meta name=\"twitter:card\" content=\"summary_large_image\" \/>\n<meta name=\"twitter:label1\" content=\"\u00c9crit par\" \/>\n\t<meta name=\"twitter:data1\" content=\"admin\" \/>\n\t<meta name=\"twitter:label2\" content=\"Dur\u00e9e de lecture estim\u00e9e\" \/>\n\t<meta name=\"twitter:data2\" content=\"3 minutes\" \/>\n<script type=\"application\/ld+json\" class=\"yoast-schema-graph\">{\"@context\":\"https:\\\/\\\/schema.org\",\"@graph\":[{\"@type\":\"Article\",\"@id\":\"https:\\\/\\\/lasentinelle.dz\\\/index.php\\\/2025\\\/06\\\/04\\\/aid-el-adha-les-services-publics-mobilises-pour-une-fete-sereine\\\/#article\",\"isPartOf\":{\"@id\":\"https:\\\/\\\/lasentinelle.dz\\\/index.php\\\/2025\\\/06\\\/04\\\/aid-el-adha-les-services-publics-mobilises-pour-une-fete-sereine\\\/\"},\"author\":{\"name\":\"admin\",\"@id\":\"https:\\\/\\\/lasentinelle.dz\\\/#\\\/schema\\\/person\\\/729ee0024f24e0b8c5ec17232f8e8b41\"},\"headline\":\"A\u00efd El-Adha : Les services publics mobilis\u00e9s pour une f\u00eate sereine\",\"datePublished\":\"2025-06-04T21:23:41+00:00\",\"dateModified\":\"2025-06-04T21:23:42+00:00\",\"mainEntityOfPage\":{\"@id\":\"https:\\\/\\\/lasentinelle.dz\\\/index.php\\\/2025\\\/06\\\/04\\\/aid-el-adha-les-services-publics-mobilises-pour-une-fete-sereine\\\/\"},\"wordCount\":544,\"commentCount\":0,\"publisher\":{\"@id\":\"https:\\\/\\\/lasentinelle.dz\\\/#organization\"},\"image\":{\"@id\":\"https:\\\/\\\/lasentinelle.dz\\\/index.php\\\/2025\\\/06\\\/04\\\/aid-el-adha-les-services-publics-mobilises-pour-une-fete-sereine\\\/#primaryimage\"},\"thumbnailUrl\":\"https:\\\/\\\/lasentinelle.dz\\\/wp-content\\\/uploads\\\/2021\\\/11\\\/ministere-du-commerce.png\",\"articleSection\":[\"Actualit\u00e9\"],\"inLanguage\":\"fr-FR\",\"potentialAction\":[{\"@type\":\"CommentAction\",\"name\":\"Comment\",\"target\":[\"https:\\\/\\\/lasentinelle.dz\\\/index.php\\\/2025\\\/06\\\/04\\\/aid-el-adha-les-services-publics-mobilises-pour-une-fete-sereine\\\/#respond\"]}]},{\"@type\":\"WebPage\",\"@id\":\"https:\\\/\\\/lasentinelle.dz\\\/index.php\\\/2025\\\/06\\\/04\\\/aid-el-adha-les-services-publics-mobilises-pour-une-fete-sereine\\\/\",\"url\":\"https:\\\/\\\/lasentinelle.dz\\\/index.php\\\/2025\\\/06\\\/04\\\/aid-el-adha-les-services-publics-mobilises-pour-une-fete-sereine\\\/\",\"name\":\"A\u00efd El-Adha : Les services publics mobilis\u00e9s pour une f\u00eate sereine - La Sentinelle\",\"isPartOf\":{\"@id\":\"https:\\\/\\\/lasentinelle.dz\\\/#website\"},\"primaryImageOfPage\":{\"@id\":\"https:\\\/\\\/lasentinelle.dz\\\/index.php\\\/2025\\\/06\\\/04\\\/aid-el-adha-les-services-publics-mobilises-pour-une-fete-sereine\\\/#primaryimage\"},\"image\":{\"@id\":\"https:\\\/\\\/lasentinelle.dz\\\/index.php\\\/2025\\\/06\\\/04\\\/aid-el-adha-les-services-publics-mobilises-pour-une-fete-sereine\\\/#primaryimage\"},\"thumbnailUrl\":\"https:\\\/\\\/lasentinelle.dz\\\/wp-content\\\/uploads\\\/2021\\\/11\\\/ministere-du-commerce.png\",\"datePublished\":\"2025-06-04T21:23:41+00:00\",\"dateModified\":\"2025-06-04T21:23:42+00:00\",\"breadcrumb\":{\"@id\":\"https:\\\/\\\/lasentinelle.dz\\\/index.php\\\/2025\\\/06\\\/04\\\/aid-el-adha-les-services-publics-mobilises-pour-une-fete-sereine\\\/#breadcrumb\"},\"inLanguage\":\"fr-FR\",\"potentialAction\":[{\"@type\":\"ReadAction\",\"target\":[\"https:\\\/\\\/lasentinelle.dz\\\/index.php\\\/2025\\\/06\\\/04\\\/aid-el-adha-les-services-publics-mobilises-pour-une-fete-sereine\\\/\"]}]},{\"@type\":\"ImageObject\",\"inLanguage\":\"fr-FR\",\"@id\":\"https:\\\/\\\/lasentinelle.dz\\\/index.php\\\/2025\\\/06\\\/04\\\/aid-el-adha-les-services-publics-mobilises-pour-une-fete-sereine\\\/#primaryimage\",\"url\":\"https:\\\/\\\/lasentinelle.dz\\\/wp-content\\\/uploads\\\/2021\\\/11\\\/ministere-du-commerce.png\",\"contentUrl\":\"https:\\\/\\\/lasentinelle.dz\\\/wp-content\\\/uploads\\\/2021\\\/11\\\/ministere-du-commerce.png\",\"width\":1354,\"height\":900},{\"@type\":\"BreadcrumbList\",\"@id\":\"https:\\\/\\\/lasentinelle.dz\\\/index.php\\\/2025\\\/06\\\/04\\\/aid-el-adha-les-services-publics-mobilises-pour-une-fete-sereine\\\/#breadcrumb\",\"itemListElement\":[{\"@type\":\"ListItem\",\"position\":1,\"name\":\"Accueil\",\"item\":\"https:\\\/\\\/lasentinelle.dz\\\/\"},{\"@type\":\"ListItem\",\"position\":2,\"name\":\"A\u00efd El-Adha : Les services publics mobilis\u00e9s pour une f\u00eate sereine\"}]},{\"@type\":\"WebSite\",\"@id\":\"https:\\\/\\\/lasentinelle.dz\\\/#website\",\"url\":\"https:\\\/\\\/lasentinelle.dz\\\/\",\"name\":\"La Sentinelle\",\"description\":\"Quotidien national d&#039;information\",\"publisher\":{\"@id\":\"https:\\\/\\\/lasentinelle.dz\\\/#organization\"},\"potentialAction\":[{\"@type\":\"SearchAction\",\"target\":{\"@type\":\"EntryPoint\",\"urlTemplate\":\"https:\\\/\\\/lasentinelle.dz\\\/?s={search_term_string}\"},\"query-input\":{\"@type\":\"PropertyValueSpecification\",\"valueRequired\":true,\"valueName\":\"search_term_string\"}}],\"inLanguage\":\"fr-FR\"},{\"@type\":\"Organization\",\"@id\":\"https:\\\/\\\/lasentinelle.dz\\\/#organization\",\"name\":\"Quotidien La Sentinelle\",\"url\":\"https:\\\/\\\/lasentinelle.dz\\\/\",\"logo\":{\"@type\":\"ImageObject\",\"inLanguage\":\"fr-FR\",\"@id\":\"https:\\\/\\\/lasentinelle.dz\\\/#\\\/schema\\\/logo\\\/image\\\/\",\"url\":\"https:\\\/\\\/lasentinelle.dz\\\/wp-content\\\/uploads\\\/2021\\\/09\\\/logo-sentinelleSLOGAN-1.png\",\"contentUrl\":\"https:\\\/\\\/lasentinelle.dz\\\/wp-content\\\/uploads\\\/2021\\\/09\\\/logo-sentinelleSLOGAN-1.png\",\"width\":615,\"height\":142,\"caption\":\"Quotidien La Sentinelle\"},\"image\":{\"@id\":\"https:\\\/\\\/lasentinelle.dz\\\/#\\\/schema\\\/logo\\\/image\\\/\"},\"sameAs\":[\"https:\\\/\\\/www.facebook.com\\\/La-Sentinelle-104059864394773\"]},{\"@type\":\"Person\",\"@id\":\"https:\\\/\\\/lasentinelle.dz\\\/#\\\/schema\\\/person\\\/729ee0024f24e0b8c5ec17232f8e8b41\",\"name\":\"admin\",\"image\":{\"@type\":\"ImageObject\",\"inLanguage\":\"fr-FR\",\"@id\":\"https:\\\/\\\/secure.gravatar.com\\\/avatar\\\/4c81fed838786e9b53f540bf46533e750f5d292099ae3b66cfc6fb1982e29df7?s=96&d=mm&r=g\",\"url\":\"https:\\\/\\\/secure.gravatar.com\\\/avatar\\\/4c81fed838786e9b53f540bf46533e750f5d292099ae3b66cfc6fb1982e29df7?s=96&d=mm&r=g\",\"contentUrl\":\"https:\\\/\\\/secure.gravatar.com\\\/avatar\\\/4c81fed838786e9b53f540bf46533e750f5d292099ae3b66cfc6fb1982e29df7?s=96&d=mm&r=g\",\"caption\":\"admin\"},\"description\":\"admin\",\"url\":\"https:\\\/\\\/lasentinelle.dz\\\/author\\\/admin\\\/\"}]}<\/script>\n<!-- \/ Yoast SEO plugin. -->","yoast_head_json":{"title":"A\u00efd El-Adha : Les services publics mobilis\u00e9s pour une f\u00eate sereine - La Sentinelle","robots":{"index":"index","follow":"follow","max-snippet":"max-snippet:-1","max-image-preview":"max-image-preview:large","max-video-preview":"max-video-preview:-1"},"canonical":"https:\/\/lasentinelle.dz\/index.php\/2025\/06\/04\/aid-el-adha-les-services-publics-mobilises-pour-une-fete-sereine\/","og_locale":"fr_FR","og_type":"article","og_title":"A\u00efd El-Adha : Les services publics mobilis\u00e9s pour une f\u00eate sereine - La Sentinelle","og_description":"\u00c0 l&rsquo;approche de l&rsquo;A\u00efd El-Adha, qui sera c\u00e9l\u00e9br\u00e9e ce week-end, les autorit\u00e9s publiques ont d\u00e9ploy\u00e9 un dispositif exceptionnel pour garantir","og_url":"https:\/\/lasentinelle.dz\/index.php\/2025\/06\/04\/aid-el-adha-les-services-publics-mobilises-pour-une-fete-sereine\/","og_site_name":"La Sentinelle","article_publisher":"https:\/\/www.facebook.com\/La-Sentinelle-104059864394773","article_published_time":"2025-06-04T21:23:41+00:00","article_modified_time":"2025-06-04T21:23:42+00:00","og_image":[{"width":1354,"height":900,"url":"https:\/\/lasentinelle.dz\/wp-content\/uploads\/2021\/11\/ministere-du-commerce.png","type":"image\/png"}],"author":"admin","twitter_card":"summary_large_image","twitter_misc":{"\u00c9crit par":"admin","Dur\u00e9e de lecture estim\u00e9e":"3 minutes"},"schema":{"@context":"https:\/\/schema.org","@graph":[{"@type":"Article","@id":"https:\/\/lasentinelle.dz\/index.php\/2025\/06\/04\/aid-el-adha-les-services-publics-mobilises-pour-une-fete-sereine\/#article","isPartOf":{"@id":"https:\/\/lasentinelle.dz\/index.php\/2025\/06\/04\/aid-el-adha-les-services-publics-mobilises-pour-une-fete-sereine\/"},"author":{"name":"admin","@id":"https:\/\/lasentinelle.dz\/#\/schema\/person\/729ee0024f24e0b8c5ec17232f8e8b41"},"headline":"A\u00efd El-Adha : Les services publics mobilis\u00e9s pour une f\u00eate sereine","datePublished":"2025-06-04T21:23:41+00:00","dateModified":"2025-06-04T21:23:42+00:00","mainEntityOfPage":{"@id":"https:\/\/lasentinelle.dz\/index.php\/2025\/06\/04\/aid-el-adha-les-services-publics-mobilises-pour-une-fete-sereine\/"},"wordCount":544,"commentCount":0,"publisher":{"@id":"https:\/\/lasentinelle.dz\/#organization"},"image":{"@id":"https:\/\/lasentinelle.dz\/index.php\/2025\/06\/04\/aid-el-adha-les-services-publics-mobilises-pour-une-fete-sereine\/#primaryimage"},"thumbnailUrl":"https:\/\/lasentinelle.dz\/wp-content\/uploads\/2021\/11\/ministere-du-commerce.png","articleSection":["Actualit\u00e9"],"inLanguage":"fr-FR","potentialAction":[{"@type":"CommentAction","name":"Comment","target":["https:\/\/lasentinelle.dz\/index.php\/2025\/06\/04\/aid-el-adha-les-services-publics-mobilises-pour-une-fete-sereine\/#respond"]}]},{"@type":"WebPage","@id":"https:\/\/lasentinelle.dz\/index.php\/2025\/06\/04\/aid-el-adha-les-services-publics-mobilises-pour-une-fete-sereine\/","url":"https:\/\/lasentinelle.dz\/index.php\/2025\/06\/04\/aid-el-adha-les-services-publics-mobilises-pour-une-fete-sereine\/","name":"A\u00efd El-Adha : Les services publics mobilis\u00e9s pour une f\u00eate sereine - La Sentinelle","isPartOf":{"@id":"https:\/\/lasentinelle.dz\/#website"},"primaryImageOfPage":{"@id":"https:\/\/lasentinelle.dz\/index.php\/2025\/06\/04\/aid-el-adha-les-services-publics-mobilises-pour-une-fete-sereine\/#primaryimage"},"image":{"@id":"https:\/\/lasentinelle.dz\/index.php\/2025\/06\/04\/aid-el-adha-les-services-publics-mobilises-pour-une-fete-sereine\/#primaryimage"},"thumbnailUrl":"https:\/\/lasentinelle.dz\/wp-content\/uploads\/2021\/11\/ministere-du-commerce.png","datePublished":"2025-06-04T21:23:41+00:00","dateModified":"2025-06-04T21:23:42+00:00","breadcrumb":{"@id":"https:\/\/lasentinelle.dz\/index.php\/2025\/06\/04\/aid-el-adha-les-services-publics-mobilises-pour-une-fete-sereine\/#breadcrumb"},"inLanguage":"fr-FR","potentialAction":[{"@type":"ReadAction","target":["https:\/\/lasentinelle.dz\/index.php\/2025\/06\/04\/aid-el-adha-les-services-publics-mobilises-pour-une-fete-sereine\/"]}]},{"@type":"ImageObject","inLanguage":"fr-FR","@id":"https:\/\/lasentinelle.dz\/index.php\/2025\/06\/04\/aid-el-adha-les-services-publics-mobilises-pour-une-fete-sereine\/#primaryimage","url":"https:\/\/lasentinelle.dz\/wp-content\/uploads\/2021\/11\/ministere-du-commerce.png","contentUrl":"https:\/\/lasentinelle.dz\/wp-content\/uploads\/2021\/11\/ministere-du-commerce.png","width":1354,"height":900},{"@type":"BreadcrumbList","@id":"https:\/\/lasentinelle.dz\/index.php\/2025\/06\/04\/aid-el-adha-les-services-publics-mobilises-pour-une-fete-sereine\/#breadcrumb","itemListElement":[{"@type":"ListItem","position":1,"name":"Accueil","item":"https:\/\/lasentinelle.dz\/"},{"@type":"ListItem","position":2,"name":"A\u00efd El-Adha : Les services publics mobilis\u00e9s pour une f\u00eate sereine"}]},{"@type":"WebSite","@id":"https:\/\/lasentinelle.dz\/#website","url":"https:\/\/lasentinelle.dz\/","name":"La Sentinelle","description":"Quotidien national d&#039;information","publisher":{"@id":"https:\/\/lasentinelle.dz\/#organization"},"potentialAction":[{"@type":"SearchAction","target":{"@type":"EntryPoint","urlTemplate":"https:\/\/lasentinelle.dz\/?s={search_term_string}"},"query-input":{"@type":"PropertyValueSpecification","valueRequired":true,"valueName":"search_term_string"}}],"inLanguage":"fr-FR"},{"@type":"Organization","@id":"https:\/\/lasentinelle.dz\/#organization","name":"Quotidien La Sentinelle","url":"https:\/\/lasentinelle.dz\/","logo":{"@type":"ImageObject","inLanguage":"fr-FR","@id":"https:\/\/lasentinelle.dz\/#\/schema\/logo\/image\/","url":"https:\/\/lasentinelle.dz\/wp-content\/uploads\/2021\/09\/logo-sentinelleSLOGAN-1.png","contentUrl":"https:\/\/lasentinelle.dz\/wp-content\/uploads\/2021\/09\/logo-sentinelleSLOGAN-1.png","width":615,"height":142,"caption":"Quotidien La Sentinelle"},"image":{"@id":"https:\/\/lasentinelle.dz\/#\/schema\/logo\/image\/"},"sameAs":["https:\/\/www.facebook.com\/La-Sentinelle-104059864394773"]},{"@type":"Person","@id":"https:\/\/lasentinelle.dz\/#\/schema\/person\/729ee0024f24e0b8c5ec17232f8e8b41","name":"admin","image":{"@type":"ImageObject","inLanguage":"fr-FR","@id":"https:\/\/secure.gravatar.com\/avatar\/4c81fed838786e9b53f540bf46533e750f5d292099ae3b66cfc6fb1982e29df7?s=96&d=mm&r=g","url":"https:\/\/secure.gravatar.com\/avatar\/4c81fed838786e9b53f540bf46533e750f5d292099ae3b66cfc6fb1982e29df7?s=96&d=mm&r=g","contentUrl":"https:\/\/secure.gravatar.com\/avatar\/4c81fed838786e9b53f540bf46533e750f5d292099ae3b66cfc6fb1982e29df7?s=96&d=mm&r=g","caption":"admin"},"description":"admin","url":"https:\/\/lasentinelle.dz\/author\/admin\/"}]}},"_links":{"self":[{"href":"https:\/\/lasentinelle.dz\/index.php\/wp-json\/wp\/v2\/posts\/68536","targetHints":{"allow":["GET"]}}],"collection":[{"href":"https:\/\/lasentinelle.dz\/index.php\/wp-json\/wp\/v2\/posts"}],"about":[{"href":"https:\/\/lasentinelle.dz\/index.php\/wp-json\/wp\/v2\/types\/post"}],"author":[{"embeddable":true,"href":"https:\/\/lasentinelle.dz\/index.php\/wp-json\/wp\/v2\/users\/6"}],"replies":[{"embeddable":true,"href":"https:\/\/lasentinelle.dz\/index.php\/wp-json\/wp\/v2\/comments?post=68536"}],"version-history":[{"count":1,"href":"https:\/\/lasentinelle.dz\/index.php\/wp-json\/wp\/v2\/posts\/68536\/revisions"}],"predecessor-version":[{"id":68537,"href":"https:\/\/lasentinelle.dz\/index.php\/wp-json\/wp\/v2\/posts\/68536\/revisions\/68537"}],"wp:featuredmedia":[{"embeddable":true,"href":"https:\/\/lasentinelle.dz\/index.php\/wp-json\/wp\/v2\/media\/13410"}],"wp:attachment":[{"href":"https:\/\/lasentinelle.dz\/index.php\/wp-json\/wp\/v2\/media?parent=68536"}],"wp:term":[{"taxonomy":"category","embeddable":true,"href":"https:\/\/lasentinelle.dz\/index.php\/wp-json\/wp\/v2\/categories?post=68536"},{"taxonomy":"post_tag","embeddable":true,"href":"https:\/\/lasentinelle.dz\/index.php\/wp-json\/wp\/v2\/tags?post=68536"}],"curies":[{"name":"wp","href":"https:\/\/api.w.org\/{rel}","templated":true}]}}