{"id":68538,"date":"2025-06-04T22:26:11","date_gmt":"2025-06-04T21:26:11","guid":{"rendered":"https:\/\/lasentinelle.dz\/?p=68538"},"modified":"2025-06-04T22:26:12","modified_gmt":"2025-06-04T21:26:12","slug":"environnement-la-strategie-nationale-dadaptation-aux-changements-climatiques-devoilee","status":"publish","type":"post","link":"https:\/\/lasentinelle.dz\/index.php\/2025\/06\/04\/environnement-la-strategie-nationale-dadaptation-aux-changements-climatiques-devoilee\/","title":{"rendered":"Environnement : La strat\u00e9gie nationale d&rsquo;adaptation aux changements climatiques d\u00e9voil\u00e9e"},"content":{"rendered":"\n<p>Face \u00e0 l&rsquo;urgence climatique mondiale et aux d\u00e9fis environnementaux croissants qui menacent la r\u00e9gion m\u00e9diterran\u00e9enne, l&rsquo;Alg\u00e9rie met en place une strat\u00e9gie adapt\u00e9e. Le minist\u00e8re de l&rsquo;Environnement et de la Qualit\u00e9 de la vie a officiellement pr\u00e9sent\u00e9 mardi au Centre international de conf\u00e9rences d&rsquo;Alger son plan national d&rsquo;adaptation aux changements climatiques, marquant ainsi l&rsquo;engagement du pays dans une d\u00e9marche proactive de r\u00e9silience climatique. Cette initiative strat\u00e9gique, \u00e9labor\u00e9e en partenariat avec le Programme des Nations unies pour le d\u00e9veloppement et financ\u00e9e \u00e0 hauteur de 2,6 millions de dollars par le Fonds vert pour le climat, s&rsquo;inscrit dans la continuit\u00e9 des engagements internationaux de l&rsquo;Alg\u00e9rie. Le plan vise \u00e0 concr\u00e9tiser les obligations du pays au titre de la Convention-cadre des Nations Unies sur les changements climatiques et de la Convention sur la diversit\u00e9 biologique.<\/p>\n\n\n\n<p>Lors de la c\u00e9r\u00e9monie de pr\u00e9sentation, en pr\u00e9sence de la ministre de l&rsquo;Environnement Nadjiba Djilali, du ministre de l&rsquo;Hydraulique Taha Derbal et de la repr\u00e9sentante r\u00e9sidente du PNUD Natasha Van Rijn, l&rsquo;ampleur de cette strat\u00e9gie nationale a \u00e9t\u00e9 soulign\u00e9e. \u00ab\u00a0Ce plan traduit une forte volont\u00e9 politique de prot\u00e9ger le pays et le citoyen des risques climatiques\u00a0\u00bb, a d\u00e9clar\u00e9 Mme Djilali, pr\u00e9cisant qu&rsquo;il constitue \u00ab\u00a0un outil d\u00e9cisionnel et de planification strat\u00e9gique pour l&rsquo;Alg\u00e9rie permettant la conception de plans d&rsquo;adaptation locale et sectorielle\u00a0\u00bb.<\/p>\n\n\n\n<p>L&rsquo;approche alg\u00e9rienne se veut globale et m\u00e9thodique. Le plan \u00e9tablit un syst\u00e8me de suivi et d&rsquo;\u00e9valuation \u00e0 tous les niveaux, particuli\u00e8rement \u00ab\u00a0en vue de mesurer l&rsquo;impact des projets traitant des questions li\u00e9es au changement climatique et \u00e0 l&rsquo;adaptation \u00e0 l&rsquo;\u00e9chelle nationale\u00a0\u00bb, selon la ministre. Cette dimension \u00e9valuative r\u00e9pond \u00e0 un besoin crucial de tra\u00e7abilit\u00e9 et d&rsquo;efficacit\u00e9 des politiques publiques environnementales.<\/p>\n\n\n\n<p>Le secteur hydraulique, particuli\u00e8rement vuln\u00e9rable aux variations climatiques, occupe une place centrale dans cette strat\u00e9gie. Le ministre Taha Derbal a soulign\u00e9 que \u00ab\u00a0les changements climatiques et leurs cons\u00e9quences n\u00e9gatives avaient r\u00e9v\u00e9l\u00e9 l&rsquo;inefficacit\u00e9 des anciens mod\u00e8les de pr\u00e9vision\u00a0\u00bb, justifiant le recours \u00e0 \u00ab\u00a0de nouveaux mod\u00e8les actualis\u00e9s et adapt\u00e9s aux nouvelles donn\u00e9es\u00a0\u00bb. La strat\u00e9gie hydraulique s&rsquo;appuie sur \u00ab\u00a0des options durables afin d&rsquo;assurer l&rsquo;acc\u00e8s \u00e0 l&rsquo;eau, dont le dessalement de l&rsquo;eau de mer et la r\u00e9utilisation des eaux us\u00e9es trait\u00e9es\u00a0\u00bb, tout en garantissant \u00ab\u00a0le principe d&rsquo;\u00e9quilibre r\u00e9gional de l&rsquo;acc\u00e8s \u00e0 l&rsquo;eau\u00a0\u00bb.<\/p>\n\n\n\n<p>Cette approche intersectorielle a \u00e9t\u00e9 salu\u00e9e par la communaut\u00e9 internationale. Natasha Van Rijn s&rsquo;est f\u00e9licit\u00e9e de \u00ab\u00a0la coordination gouvernementale notable dans l&rsquo;\u00e9laboration de ce plan\u00a0\u00bb, rappelant l&rsquo;engagement du PNUD \u00e0 soutenir mondialement les efforts de renforcement de la protection climatique.<\/p>\n\n\n\n<p>Le plan national poursuit quatre objectifs strat\u00e9giques majeurs : renforcer la gouvernance de la planification et la coordination institutionnelle, produire une base de donn\u00e9es pour concevoir des solutions d&rsquo;adaptation \u00e0 fort impact, inciter la participation du secteur priv\u00e9 \u00e0 l&rsquo;effort d&rsquo;adaptation, et mobiliser des ressources financi\u00e8res pour renforcer la r\u00e9silience nationale. L&rsquo;initiative s&rsquo;accompagne d&rsquo;un volet communication essentiel. Une session de formation destin\u00e9e aux journalistes, organis\u00e9e sous le th\u00e8me \u00ab\u00a0Communication et climat : le r\u00f4le des m\u00e9dias dans la sensibilisation aux enjeux climatiques\u00a0\u00bb, t\u00e9moigne de la volont\u00e9 d&rsquo;associer les m\u00e9dias \u00e0 cette transformation. Mme Djilali a qualifi\u00e9 les m\u00e9dias de \u00ab\u00a0pilier fondamental dans la lutte contre les effets des changements climatiques et dans la formation d&rsquo;une compr\u00e9hension collective capable d&rsquo;orienter la soci\u00e9t\u00e9 vers un changement positif et un comportement \u00e9co-responsable, \u00e0 travers l&rsquo;instauration d&rsquo;un journalisme climatique sp\u00e9cialis\u00e9\u00a0\u00bb.<\/p>\n\n\n\n<p>Chokri Hafed<\/p>\n","protected":false},"excerpt":{"rendered":"<p>Face \u00e0 l&rsquo;urgence climatique mondiale et aux d\u00e9fis environnementaux croissants qui menacent la r\u00e9gion m\u00e9diterran\u00e9enne, l&rsquo;Alg\u00e9rie met en place une<\/p>\n","protected":false},"author":6,"featured_media":68539,"comment_status":"open","ping_status":"closed","sticky":false,"template":"","format":"standard","meta":{"colormag_page_container_layout":"default_layout","colormag_page_sidebar_layout":"default_layout","om_disable_all_campaigns":false,"_monsterinsights_skip_tracking":false,"_monsterinsights_sitenote_active":false,"_monsterinsights_sitenote_note":"","_monsterinsights_sitenote_category":0,"footnotes":"","_wpscppro_dont_share_socialmedia":false,"_wpscppro_custom_social_share_image":0,"_facebook_share_type":"default","_twitter_share_type":"default","_linkedin_share_type":"default","_pinterest_share_type":"default","_linkedin_share_type_page":"","_instagram_share_type":"default","_medium_share_type":"default","_threads_share_type":"","_google_business_share_type":"","_selected_social_profile":[],"_wpsp_enable_custom_social_template":false,"_wpsp_social_scheduling":{"enabled":false,"datetime":null,"platforms":[],"status":"template_only","dateOption":"today","timeOption":"now","customDays":"","customHours":"","customDate":"","customTime":"","schedulingType":"absolute"},"_wpsp_active_default_template":true},"categories":[27],"tags":[],"class_list":["post-68538","post","type-post","status-publish","format-standard","has-post-thumbnail","hentry","category-actualite"],"aioseo_notices":[],"yoast_head":"<!-- This site is optimized with the Yoast SEO plugin v27.5 - https:\/\/yoast.com\/product\/yoast-seo-wordpress\/ -->\n<title>Environnement : La strat\u00e9gie nationale d&rsquo;adaptation aux changements climatiques d\u00e9voil\u00e9e - La Sentinelle<\/title>\n<meta name=\"robots\" content=\"index, follow, max-snippet:-1, max-image-preview:large, max-video-preview:-1\" \/>\n<link rel=\"canonical\" href=\"https:\/\/lasentinelle.dz\/index.php\/2025\/06\/04\/environnement-la-strategie-nationale-dadaptation-aux-changements-climatiques-devoilee\/\" \/>\n<meta property=\"og:locale\" content=\"fr_FR\" \/>\n<meta property=\"og:type\" content=\"article\" \/>\n<meta property=\"og:title\" content=\"Environnement : La strat\u00e9gie nationale d&rsquo;adaptation aux changements climatiques d\u00e9voil\u00e9e - La Sentinelle\" \/>\n<meta property=\"og:description\" content=\"Face \u00e0 l&rsquo;urgence climatique mondiale et aux d\u00e9fis environnementaux croissants qui menacent la r\u00e9gion m\u00e9diterran\u00e9enne, l&rsquo;Alg\u00e9rie met en place une\" \/>\n<meta property=\"og:url\" content=\"https:\/\/lasentinelle.dz\/index.php\/2025\/06\/04\/environnement-la-strategie-nationale-dadaptation-aux-changements-climatiques-devoilee\/\" \/>\n<meta property=\"og:site_name\" content=\"La Sentinelle\" \/>\n<meta property=\"article:publisher\" content=\"https:\/\/www.facebook.com\/La-Sentinelle-104059864394773\" \/>\n<meta property=\"article:published_time\" content=\"2025-06-04T21:26:11+00:00\" \/>\n<meta property=\"article:modified_time\" content=\"2025-06-04T21:26:12+00:00\" \/>\n<meta property=\"og:image\" content=\"https:\/\/lasentinelle.dz\/wp-content\/uploads\/2025\/06\/502619813_1011311914484824_3459454834863509431_n.jpg\" \/>\n\t<meta property=\"og:image:width\" content=\"2048\" \/>\n\t<meta property=\"og:image:height\" content=\"1363\" \/>\n\t<meta property=\"og:image:type\" content=\"image\/jpeg\" \/>\n<meta name=\"author\" content=\"admin\" \/>\n<meta name=\"twitter:card\" content=\"summary_large_image\" \/>\n<meta name=\"twitter:label1\" content=\"\u00c9crit par\" \/>\n\t<meta name=\"twitter:data1\" content=\"admin\" \/>\n\t<meta name=\"twitter:label2\" content=\"Dur\u00e9e de lecture estim\u00e9e\" \/>\n\t<meta name=\"twitter:data2\" content=\"3 minutes\" \/>\n<script type=\"application\/ld+json\" class=\"yoast-schema-graph\">{\"@context\":\"https:\\\/\\\/schema.org\",\"@graph\":[{\"@type\":\"Article\",\"@id\":\"https:\\\/\\\/lasentinelle.dz\\\/index.php\\\/2025\\\/06\\\/04\\\/environnement-la-strategie-nationale-dadaptation-aux-changements-climatiques-devoilee\\\/#article\",\"isPartOf\":{\"@id\":\"https:\\\/\\\/lasentinelle.dz\\\/index.php\\\/2025\\\/06\\\/04\\\/environnement-la-strategie-nationale-dadaptation-aux-changements-climatiques-devoilee\\\/\"},\"author\":{\"name\":\"admin\",\"@id\":\"https:\\\/\\\/lasentinelle.dz\\\/#\\\/schema\\\/person\\\/729ee0024f24e0b8c5ec17232f8e8b41\"},\"headline\":\"Environnement : La strat\u00e9gie nationale d&rsquo;adaptation aux changements climatiques d\u00e9voil\u00e9e\",\"datePublished\":\"2025-06-04T21:26:11+00:00\",\"dateModified\":\"2025-06-04T21:26:12+00:00\",\"mainEntityOfPage\":{\"@id\":\"https:\\\/\\\/lasentinelle.dz\\\/index.php\\\/2025\\\/06\\\/04\\\/environnement-la-strategie-nationale-dadaptation-aux-changements-climatiques-devoilee\\\/\"},\"wordCount\":654,\"commentCount\":0,\"publisher\":{\"@id\":\"https:\\\/\\\/lasentinelle.dz\\\/#organization\"},\"image\":{\"@id\":\"https:\\\/\\\/lasentinelle.dz\\\/index.php\\\/2025\\\/06\\\/04\\\/environnement-la-strategie-nationale-dadaptation-aux-changements-climatiques-devoilee\\\/#primaryimage\"},\"thumbnailUrl\":\"https:\\\/\\\/lasentinelle.dz\\\/wp-content\\\/uploads\\\/2025\\\/06\\\/502619813_1011311914484824_3459454834863509431_n.jpg\",\"articleSection\":[\"Actualit\u00e9\"],\"inLanguage\":\"fr-FR\",\"potentialAction\":[{\"@type\":\"CommentAction\",\"name\":\"Comment\",\"target\":[\"https:\\\/\\\/lasentinelle.dz\\\/index.php\\\/2025\\\/06\\\/04\\\/environnement-la-strategie-nationale-dadaptation-aux-changements-climatiques-devoilee\\\/#respond\"]}]},{\"@type\":\"WebPage\",\"@id\":\"https:\\\/\\\/lasentinelle.dz\\\/index.php\\\/2025\\\/06\\\/04\\\/environnement-la-strategie-nationale-dadaptation-aux-changements-climatiques-devoilee\\\/\",\"url\":\"https:\\\/\\\/lasentinelle.dz\\\/index.php\\\/2025\\\/06\\\/04\\\/environnement-la-strategie-nationale-dadaptation-aux-changements-climatiques-devoilee\\\/\",\"name\":\"Environnement : La strat\u00e9gie nationale d&rsquo;adaptation aux changements climatiques d\u00e9voil\u00e9e - La Sentinelle\",\"isPartOf\":{\"@id\":\"https:\\\/\\\/lasentinelle.dz\\\/#website\"},\"primaryImageOfPage\":{\"@id\":\"https:\\\/\\\/lasentinelle.dz\\\/index.php\\\/2025\\\/06\\\/04\\\/environnement-la-strategie-nationale-dadaptation-aux-changements-climatiques-devoilee\\\/#primaryimage\"},\"image\":{\"@id\":\"https:\\\/\\\/lasentinelle.dz\\\/index.php\\\/2025\\\/06\\\/04\\\/environnement-la-strategie-nationale-dadaptation-aux-changements-climatiques-devoilee\\\/#primaryimage\"},\"thumbnailUrl\":\"https:\\\/\\\/lasentinelle.dz\\\/wp-content\\\/uploads\\\/2025\\\/06\\\/502619813_1011311914484824_3459454834863509431_n.jpg\",\"datePublished\":\"2025-06-04T21:26:11+00:00\",\"dateModified\":\"2025-06-04T21:26:12+00:00\",\"breadcrumb\":{\"@id\":\"https:\\\/\\\/lasentinelle.dz\\\/index.php\\\/2025\\\/06\\\/04\\\/environnement-la-strategie-nationale-dadaptation-aux-changements-climatiques-devoilee\\\/#breadcrumb\"},\"inLanguage\":\"fr-FR\",\"potentialAction\":[{\"@type\":\"ReadAction\",\"target\":[\"https:\\\/\\\/lasentinelle.dz\\\/index.php\\\/2025\\\/06\\\/04\\\/environnement-la-strategie-nationale-dadaptation-aux-changements-climatiques-devoilee\\\/\"]}]},{\"@type\":\"ImageObject\",\"inLanguage\":\"fr-FR\",\"@id\":\"https:\\\/\\\/lasentinelle.dz\\\/index.php\\\/2025\\\/06\\\/04\\\/environnement-la-strategie-nationale-dadaptation-aux-changements-climatiques-devoilee\\\/#primaryimage\",\"url\":\"https:\\\/\\\/lasentinelle.dz\\\/wp-content\\\/uploads\\\/2025\\\/06\\\/502619813_1011311914484824_3459454834863509431_n.jpg\",\"contentUrl\":\"https:\\\/\\\/lasentinelle.dz\\\/wp-content\\\/uploads\\\/2025\\\/06\\\/502619813_1011311914484824_3459454834863509431_n.jpg\",\"width\":2048,\"height\":1363},{\"@type\":\"BreadcrumbList\",\"@id\":\"https:\\\/\\\/lasentinelle.dz\\\/index.php\\\/2025\\\/06\\\/04\\\/environnement-la-strategie-nationale-dadaptation-aux-changements-climatiques-devoilee\\\/#breadcrumb\",\"itemListElement\":[{\"@type\":\"ListItem\",\"position\":1,\"name\":\"Accueil\",\"item\":\"https:\\\/\\\/lasentinelle.dz\\\/\"},{\"@type\":\"ListItem\",\"position\":2,\"name\":\"Environnement : La strat\u00e9gie nationale d&rsquo;adaptation aux changements climatiques d\u00e9voil\u00e9e\"}]},{\"@type\":\"WebSite\",\"@id\":\"https:\\\/\\\/lasentinelle.dz\\\/#website\",\"url\":\"https:\\\/\\\/lasentinelle.dz\\\/\",\"name\":\"La Sentinelle\",\"description\":\"Quotidien national d&#039;information\",\"publisher\":{\"@id\":\"https:\\\/\\\/lasentinelle.dz\\\/#organization\"},\"potentialAction\":[{\"@type\":\"SearchAction\",\"target\":{\"@type\":\"EntryPoint\",\"urlTemplate\":\"https:\\\/\\\/lasentinelle.dz\\\/?s={search_term_string}\"},\"query-input\":{\"@type\":\"PropertyValueSpecification\",\"valueRequired\":true,\"valueName\":\"search_term_string\"}}],\"inLanguage\":\"fr-FR\"},{\"@type\":\"Organization\",\"@id\":\"https:\\\/\\\/lasentinelle.dz\\\/#organization\",\"name\":\"Quotidien La Sentinelle\",\"url\":\"https:\\\/\\\/lasentinelle.dz\\\/\",\"logo\":{\"@type\":\"ImageObject\",\"inLanguage\":\"fr-FR\",\"@id\":\"https:\\\/\\\/lasentinelle.dz\\\/#\\\/schema\\\/logo\\\/image\\\/\",\"url\":\"https:\\\/\\\/lasentinelle.dz\\\/wp-content\\\/uploads\\\/2021\\\/09\\\/logo-sentinelleSLOGAN-1.png\",\"contentUrl\":\"https:\\\/\\\/lasentinelle.dz\\\/wp-content\\\/uploads\\\/2021\\\/09\\\/logo-sentinelleSLOGAN-1.png\",\"width\":615,\"height\":142,\"caption\":\"Quotidien La Sentinelle\"},\"image\":{\"@id\":\"https:\\\/\\\/lasentinelle.dz\\\/#\\\/schema\\\/logo\\\/image\\\/\"},\"sameAs\":[\"https:\\\/\\\/www.facebook.com\\\/La-Sentinelle-104059864394773\"]},{\"@type\":\"Person\",\"@id\":\"https:\\\/\\\/lasentinelle.dz\\\/#\\\/schema\\\/person\\\/729ee0024f24e0b8c5ec17232f8e8b41\",\"name\":\"admin\",\"image\":{\"@type\":\"ImageObject\",\"inLanguage\":\"fr-FR\",\"@id\":\"https:\\\/\\\/secure.gravatar.com\\\/avatar\\\/4c81fed838786e9b53f540bf46533e750f5d292099ae3b66cfc6fb1982e29df7?s=96&d=mm&r=g\",\"url\":\"https:\\\/\\\/secure.gravatar.com\\\/avatar\\\/4c81fed838786e9b53f540bf46533e750f5d292099ae3b66cfc6fb1982e29df7?s=96&d=mm&r=g\",\"contentUrl\":\"https:\\\/\\\/secure.gravatar.com\\\/avatar\\\/4c81fed838786e9b53f540bf46533e750f5d292099ae3b66cfc6fb1982e29df7?s=96&d=mm&r=g\",\"caption\":\"admin\"},\"description\":\"admin\",\"url\":\"https:\\\/\\\/lasentinelle.dz\\\/author\\\/admin\\\/\"}]}<\/script>\n<!-- \/ Yoast SEO plugin. -->","yoast_head_json":{"title":"Environnement : La strat\u00e9gie nationale d&rsquo;adaptation aux changements climatiques d\u00e9voil\u00e9e - La Sentinelle","robots":{"index":"index","follow":"follow","max-snippet":"max-snippet:-1","max-image-preview":"max-image-preview:large","max-video-preview":"max-video-preview:-1"},"canonical":"https:\/\/lasentinelle.dz\/index.php\/2025\/06\/04\/environnement-la-strategie-nationale-dadaptation-aux-changements-climatiques-devoilee\/","og_locale":"fr_FR","og_type":"article","og_title":"Environnement : La strat\u00e9gie nationale d&rsquo;adaptation aux changements climatiques d\u00e9voil\u00e9e - La Sentinelle","og_description":"Face \u00e0 l&rsquo;urgence climatique mondiale et aux d\u00e9fis environnementaux croissants qui menacent la r\u00e9gion m\u00e9diterran\u00e9enne, l&rsquo;Alg\u00e9rie met en place une","og_url":"https:\/\/lasentinelle.dz\/index.php\/2025\/06\/04\/environnement-la-strategie-nationale-dadaptation-aux-changements-climatiques-devoilee\/","og_site_name":"La Sentinelle","article_publisher":"https:\/\/www.facebook.com\/La-Sentinelle-104059864394773","article_published_time":"2025-06-04T21:26:11+00:00","article_modified_time":"2025-06-04T21:26:12+00:00","og_image":[{"width":2048,"height":1363,"url":"https:\/\/lasentinelle.dz\/wp-content\/uploads\/2025\/06\/502619813_1011311914484824_3459454834863509431_n.jpg","type":"image\/jpeg"}],"author":"admin","twitter_card":"summary_large_image","twitter_misc":{"\u00c9crit par":"admin","Dur\u00e9e de lecture estim\u00e9e":"3 minutes"},"schema":{"@context":"https:\/\/schema.org","@graph":[{"@type":"Article","@id":"https:\/\/lasentinelle.dz\/index.php\/2025\/06\/04\/environnement-la-strategie-nationale-dadaptation-aux-changements-climatiques-devoilee\/#article","isPartOf":{"@id":"https:\/\/lasentinelle.dz\/index.php\/2025\/06\/04\/environnement-la-strategie-nationale-dadaptation-aux-changements-climatiques-devoilee\/"},"author":{"name":"admin","@id":"https:\/\/lasentinelle.dz\/#\/schema\/person\/729ee0024f24e0b8c5ec17232f8e8b41"},"headline":"Environnement : La strat\u00e9gie nationale d&rsquo;adaptation aux changements climatiques d\u00e9voil\u00e9e","datePublished":"2025-06-04T21:26:11+00:00","dateModified":"2025-06-04T21:26:12+00:00","mainEntityOfPage":{"@id":"https:\/\/lasentinelle.dz\/index.php\/2025\/06\/04\/environnement-la-strategie-nationale-dadaptation-aux-changements-climatiques-devoilee\/"},"wordCount":654,"commentCount":0,"publisher":{"@id":"https:\/\/lasentinelle.dz\/#organization"},"image":{"@id":"https:\/\/lasentinelle.dz\/index.php\/2025\/06\/04\/environnement-la-strategie-nationale-dadaptation-aux-changements-climatiques-devoilee\/#primaryimage"},"thumbnailUrl":"https:\/\/lasentinelle.dz\/wp-content\/uploads\/2025\/06\/502619813_1011311914484824_3459454834863509431_n.jpg","articleSection":["Actualit\u00e9"],"inLanguage":"fr-FR","potentialAction":[{"@type":"CommentAction","name":"Comment","target":["https:\/\/lasentinelle.dz\/index.php\/2025\/06\/04\/environnement-la-strategie-nationale-dadaptation-aux-changements-climatiques-devoilee\/#respond"]}]},{"@type":"WebPage","@id":"https:\/\/lasentinelle.dz\/index.php\/2025\/06\/04\/environnement-la-strategie-nationale-dadaptation-aux-changements-climatiques-devoilee\/","url":"https:\/\/lasentinelle.dz\/index.php\/2025\/06\/04\/environnement-la-strategie-nationale-dadaptation-aux-changements-climatiques-devoilee\/","name":"Environnement : La strat\u00e9gie nationale d&rsquo;adaptation aux changements climatiques d\u00e9voil\u00e9e - La Sentinelle","isPartOf":{"@id":"https:\/\/lasentinelle.dz\/#website"},"primaryImageOfPage":{"@id":"https:\/\/lasentinelle.dz\/index.php\/2025\/06\/04\/environnement-la-strategie-nationale-dadaptation-aux-changements-climatiques-devoilee\/#primaryimage"},"image":{"@id":"https:\/\/lasentinelle.dz\/index.php\/2025\/06\/04\/environnement-la-strategie-nationale-dadaptation-aux-changements-climatiques-devoilee\/#primaryimage"},"thumbnailUrl":"https:\/\/lasentinelle.dz\/wp-content\/uploads\/2025\/06\/502619813_1011311914484824_3459454834863509431_n.jpg","datePublished":"2025-06-04T21:26:11+00:00","dateModified":"2025-06-04T21:26:12+00:00","breadcrumb":{"@id":"https:\/\/lasentinelle.dz\/index.php\/2025\/06\/04\/environnement-la-strategie-nationale-dadaptation-aux-changements-climatiques-devoilee\/#breadcrumb"},"inLanguage":"fr-FR","potentialAction":[{"@type":"ReadAction","target":["https:\/\/lasentinelle.dz\/index.php\/2025\/06\/04\/environnement-la-strategie-nationale-dadaptation-aux-changements-climatiques-devoilee\/"]}]},{"@type":"ImageObject","inLanguage":"fr-FR","@id":"https:\/\/lasentinelle.dz\/index.php\/2025\/06\/04\/environnement-la-strategie-nationale-dadaptation-aux-changements-climatiques-devoilee\/#primaryimage","url":"https:\/\/lasentinelle.dz\/wp-content\/uploads\/2025\/06\/502619813_1011311914484824_3459454834863509431_n.jpg","contentUrl":"https:\/\/lasentinelle.dz\/wp-content\/uploads\/2025\/06\/502619813_1011311914484824_3459454834863509431_n.jpg","width":2048,"height":1363},{"@type":"BreadcrumbList","@id":"https:\/\/lasentinelle.dz\/index.php\/2025\/06\/04\/environnement-la-strategie-nationale-dadaptation-aux-changements-climatiques-devoilee\/#breadcrumb","itemListElement":[{"@type":"ListItem","position":1,"name":"Accueil","item":"https:\/\/lasentinelle.dz\/"},{"@type":"ListItem","position":2,"name":"Environnement : La strat\u00e9gie nationale d&rsquo;adaptation aux changements climatiques d\u00e9voil\u00e9e"}]},{"@type":"WebSite","@id":"https:\/\/lasentinelle.dz\/#website","url":"https:\/\/lasentinelle.dz\/","name":"La Sentinelle","description":"Quotidien national d&#039;information","publisher":{"@id":"https:\/\/lasentinelle.dz\/#organization"},"potentialAction":[{"@type":"SearchAction","target":{"@type":"EntryPoint","urlTemplate":"https:\/\/lasentinelle.dz\/?s={search_term_string}"},"query-input":{"@type":"PropertyValueSpecification","valueRequired":true,"valueName":"search_term_string"}}],"inLanguage":"fr-FR"},{"@type":"Organization","@id":"https:\/\/lasentinelle.dz\/#organization","name":"Quotidien La Sentinelle","url":"https:\/\/lasentinelle.dz\/","logo":{"@type":"ImageObject","inLanguage":"fr-FR","@id":"https:\/\/lasentinelle.dz\/#\/schema\/logo\/image\/","url":"https:\/\/lasentinelle.dz\/wp-content\/uploads\/2021\/09\/logo-sentinelleSLOGAN-1.png","contentUrl":"https:\/\/lasentinelle.dz\/wp-content\/uploads\/2021\/09\/logo-sentinelleSLOGAN-1.png","width":615,"height":142,"caption":"Quotidien La Sentinelle"},"image":{"@id":"https:\/\/lasentinelle.dz\/#\/schema\/logo\/image\/"},"sameAs":["https:\/\/www.facebook.com\/La-Sentinelle-104059864394773"]},{"@type":"Person","@id":"https:\/\/lasentinelle.dz\/#\/schema\/person\/729ee0024f24e0b8c5ec17232f8e8b41","name":"admin","image":{"@type":"ImageObject","inLanguage":"fr-FR","@id":"https:\/\/secure.gravatar.com\/avatar\/4c81fed838786e9b53f540bf46533e750f5d292099ae3b66cfc6fb1982e29df7?s=96&d=mm&r=g","url":"https:\/\/secure.gravatar.com\/avatar\/4c81fed838786e9b53f540bf46533e750f5d292099ae3b66cfc6fb1982e29df7?s=96&d=mm&r=g","contentUrl":"https:\/\/secure.gravatar.com\/avatar\/4c81fed838786e9b53f540bf46533e750f5d292099ae3b66cfc6fb1982e29df7?s=96&d=mm&r=g","caption":"admin"},"description":"admin","url":"https:\/\/lasentinelle.dz\/author\/admin\/"}]}},"_links":{"self":[{"href":"https:\/\/lasentinelle.dz\/index.php\/wp-json\/wp\/v2\/posts\/68538","targetHints":{"allow":["GET"]}}],"collection":[{"href":"https:\/\/lasentinelle.dz\/index.php\/wp-json\/wp\/v2\/posts"}],"about":[{"href":"https:\/\/lasentinelle.dz\/index.php\/wp-json\/wp\/v2\/types\/post"}],"author":[{"embeddable":true,"href":"https:\/\/lasentinelle.dz\/index.php\/wp-json\/wp\/v2\/users\/6"}],"replies":[{"embeddable":true,"href":"https:\/\/lasentinelle.dz\/index.php\/wp-json\/wp\/v2\/comments?post=68538"}],"version-history":[{"count":2,"href":"https:\/\/lasentinelle.dz\/index.php\/wp-json\/wp\/v2\/posts\/68538\/revisions"}],"predecessor-version":[{"id":68541,"href":"https:\/\/lasentinelle.dz\/index.php\/wp-json\/wp\/v2\/posts\/68538\/revisions\/68541"}],"wp:featuredmedia":[{"embeddable":true,"href":"https:\/\/lasentinelle.dz\/index.php\/wp-json\/wp\/v2\/media\/68539"}],"wp:attachment":[{"href":"https:\/\/lasentinelle.dz\/index.php\/wp-json\/wp\/v2\/media?parent=68538"}],"wp:term":[{"taxonomy":"category","embeddable":true,"href":"https:\/\/lasentinelle.dz\/index.php\/wp-json\/wp\/v2\/categories?post=68538"},{"taxonomy":"post_tag","embeddable":true,"href":"https:\/\/lasentinelle.dz\/index.php\/wp-json\/wp\/v2\/tags?post=68538"}],"curies":[{"name":"wp","href":"https:\/\/api.w.org\/{rel}","templated":true}]}}