{"id":68542,"date":"2025-06-04T22:26:54","date_gmt":"2025-06-04T21:26:54","guid":{"rendered":"https:\/\/lasentinelle.dz\/?p=68542"},"modified":"2025-06-04T22:26:55","modified_gmt":"2025-06-04T21:26:55","slug":"promotion-de-lentrepreneuriat-lalgerie-simpose-en-leader","status":"publish","type":"post","link":"https:\/\/lasentinelle.dz\/index.php\/2025\/06\/04\/promotion-de-lentrepreneuriat-lalgerie-simpose-en-leader\/","title":{"rendered":"Promotion de l&rsquo;entrepreneuriat: L&rsquo;Alg\u00e9rie s&rsquo;impose en leader"},"content":{"rendered":"\n<p>L&rsquo;Alg\u00e9rie a d\u00e9croch\u00e9 la premi\u00e8re place mondiale comme meilleur stimulateur de politiques pour l&rsquo;environnement entrepreneurial.<\/p>\n\n\n\n<p>L&rsquo;Alg\u00e9rie s&rsquo;impose en leader dans la promotion de l&rsquo;entrepreneuriat en d\u00e9crochant la premi\u00e8re place mondiale comme meilleur stimulateur de politiques pour l&rsquo;environnement entrepreneurial. Cette distinction prestigieuse, annonc\u00e9e lors du Sommet mondial de l&rsquo;entrepreneuriat qui se d\u00e9roule actuellement aux \u00c9tats-Unis d&rsquo;Am\u00e9rique, consacre les efforts consid\u00e9rables d\u00e9ploy\u00e9s par le pays pour d\u00e9velopper son \u00e9cosyst\u00e8me startup et s&rsquo;imposer comme une r\u00e9f\u00e9rence continentale en mati\u00e8re d&rsquo;innovation.<\/p>\n\n\n\n<p>Cette reconnaissance intervient dans un contexte o\u00f9 l&rsquo;Alg\u00e9rie multiplie les initiatives pour moderniser son \u00e9conomie et diversifier ses sources de croissance. La d\u00e9l\u00e9gation alg\u00e9rienne pr\u00e9sente au sommet, compos\u00e9e de fondateurs d&rsquo;entreprises et d&rsquo;institutions naissantes ainsi que de dirigeants d&rsquo;incubateurs, tous en phase d&rsquo;expansion vers les march\u00e9s mondiaux, t\u00e9moigne de la vitalit\u00e9 de l&rsquo;\u00e9cosyst\u00e8me entrepreneurial national. Leurs projets prometteurs ont d&rsquo;ailleurs suscit\u00e9 un int\u00e9r\u00eat consid\u00e9rable de la part d&rsquo;investisseurs \u00e9trangers, confirmant le potentiel d&rsquo;attractivit\u00e9 de l&rsquo;offre alg\u00e9rienne.<\/p>\n\n\n\n<p>Parall\u00e8lement \u00e0 cette distinction, le ministre de l&rsquo;\u00c9conomie de la connaissance, des Start-up et des Micro-entreprises, Noureddine Ouadah, a particip\u00e9 \u00e0 la Conf\u00e9rence minist\u00e9rielle du Congr\u00e8s mondial sur l&rsquo;entrepreneuriat (GEC 2025) dans l&rsquo;\u00c9tat de l&rsquo;Indiana. Repr\u00e9sentant l&rsquo;Alg\u00e9rie \u00e0 cet \u00e9v\u00e9nement international majeur qui rassemble d\u00e9cideurs, entrepreneurs et innovateurs du monde entier, le ministre a saisi cette tribune pour pr\u00e9senter les avanc\u00e9es remarquables de l&rsquo;\u00e9cosyst\u00e8me national des startups.<\/p>\n\n\n\n<p>Dans son intervention, M. Ouadah a soulign\u00e9 que \u00ab\u00a0la construction et le d\u00e9veloppement de cet \u00e9cosyst\u00e8me se font conform\u00e9ment \u00e0 la vision du pr\u00e9sident de la R\u00e9publique, M. Abdelmadjid Tebboune, qui place l&rsquo;innovation et l&rsquo;entrepreneuriat au c\u0153ur du d\u00e9veloppement \u00e9conomique durable\u00a0\u00bb. Cette approche strat\u00e9gique illustre la volont\u00e9 politique forte d&rsquo;accompagner la transformation structurelle de l&rsquo;\u00e9conomie alg\u00e9rienne vers les secteurs porteurs de l&rsquo;avenir.<\/p>\n\n\n\n<p>Le ministre a \u00e9galement mis en relief le r\u00f4le pionnier de l&rsquo;Alg\u00e9rie dans la dynamisation de l&rsquo;\u00e9cosyst\u00e8me africain des startups. \u00c0 travers le lancement de la Conf\u00e9rence africaine des startups depuis 2022, l&rsquo;Alg\u00e9rie s&rsquo;est positionn\u00e9e comme catalyseur de cette croissance continentale, cr\u00e9ant une plateforme strat\u00e9gique capable de renforcer la synergie des politiques africaines en mati\u00e8re de promotion du d\u00e9veloppement technologique et \u00e9conomique. Dans cette perspective continentale, M. Ouadah a insist\u00e9 sur l&rsquo;importance de mobiliser tous les talents, d\u00e9clarant que \u00ab\u00a0la contribution des entrepreneurs africains, y compris les membres de sa diaspora \u00e0 travers le monde, dans la promotion de l&rsquo;innovation et du d\u00e9veloppement technologique\u00a0\u00bb constitue un enjeu majeur. Il a soulign\u00e9 \u00ab\u00a0la n\u00e9cessit\u00e9 de faciliter l&rsquo;int\u00e9gration de ces comp\u00e9tences dans la dynamique de transformation \u00e9conomique africaine\u00a0\u00bb, r\u00e9v\u00e9lant une strat\u00e9gie inclusive qui valorise les ressources humaines continentales.<\/p>\n\n\n\n<p>Cette reconnaissance internationale s&rsquo;inscrit dans une d\u00e9marche plus large de repositionnement de l&rsquo;Alg\u00e9rie sur l&rsquo;\u00e9chiquier \u00e9conomique mondial. La Conf\u00e9rence minist\u00e9rielle, qui a r\u00e9uni 30 d\u00e9l\u00e9gations dont sept d\u00e9l\u00e9gations minist\u00e9rielles africaines, ainsi que des experts et repr\u00e9sentants des plus grandes instances internationales sp\u00e9cialis\u00e9es dans la promotion de l&rsquo;entrepreneuriat et de l&rsquo;innovation, constitue un cadre privil\u00e9gi\u00e9 pour \u00e9changer les bonnes pratiques et nouer des partenariats strat\u00e9giques.<\/p>\n\n\n\n<p>Le GEC 2025, qui se d\u00e9roule du 2 au 5 juin dans l&rsquo;Indiana, offre \u00e0 l&rsquo;Alg\u00e9rie une vitrine exceptionnelle pour valoriser ses acquis et consolider sa position de leader r\u00e9gional dans l&rsquo;accompagnement de l&rsquo;innovation entrepreneuriale, confirmant ainsi sa capacit\u00e9 \u00e0 concilier ambitions nationales et rayonnement continental.<\/p>\n\n\n\n<p>Samir Benisid<\/p>\n","protected":false},"excerpt":{"rendered":"<p>L&rsquo;Alg\u00e9rie a d\u00e9croch\u00e9 la premi\u00e8re place mondiale comme meilleur stimulateur de politiques pour l&rsquo;environnement entrepreneurial. L&rsquo;Alg\u00e9rie s&rsquo;impose en leader dans<\/p>\n","protected":false},"author":6,"featured_media":68543,"comment_status":"open","ping_status":"closed","sticky":false,"template":"","format":"standard","meta":{"colormag_page_container_layout":"default_layout","colormag_page_sidebar_layout":"default_layout","om_disable_all_campaigns":false,"_monsterinsights_skip_tracking":false,"_monsterinsights_sitenote_active":false,"_monsterinsights_sitenote_note":"","_monsterinsights_sitenote_category":0,"footnotes":"","_wpscppro_dont_share_socialmedia":false,"_wpscppro_custom_social_share_image":0,"_facebook_share_type":"default","_twitter_share_type":"default","_linkedin_share_type":"default","_pinterest_share_type":"default","_linkedin_share_type_page":"","_instagram_share_type":"default","_medium_share_type":"default","_threads_share_type":"","_google_business_share_type":"","_selected_social_profile":[],"_wpsp_enable_custom_social_template":false,"_wpsp_social_scheduling":{"enabled":false,"datetime":null,"platforms":[],"status":"template_only","dateOption":"today","timeOption":"now","customDays":"","customHours":"","customDate":"","customTime":"","schedulingType":"absolute"},"_wpsp_active_default_template":true},"categories":[52,27],"tags":[],"class_list":["post-68542","post","type-post","status-publish","format-standard","has-post-thumbnail","hentry","category-a-la-une","category-actualite"],"aioseo_notices":[],"yoast_head":"<!-- This site is optimized with the Yoast SEO plugin v27.5 - https:\/\/yoast.com\/product\/yoast-seo-wordpress\/ -->\n<title>Promotion de l&rsquo;entrepreneuriat: L&rsquo;Alg\u00e9rie s&rsquo;impose en leader - La Sentinelle<\/title>\n<meta name=\"robots\" content=\"index, follow, max-snippet:-1, max-image-preview:large, max-video-preview:-1\" \/>\n<link rel=\"canonical\" href=\"https:\/\/lasentinelle.dz\/index.php\/2025\/06\/04\/promotion-de-lentrepreneuriat-lalgerie-simpose-en-leader\/\" \/>\n<meta property=\"og:locale\" content=\"fr_FR\" \/>\n<meta property=\"og:type\" content=\"article\" \/>\n<meta property=\"og:title\" content=\"Promotion de l&rsquo;entrepreneuriat: L&rsquo;Alg\u00e9rie s&rsquo;impose en leader - La Sentinelle\" \/>\n<meta property=\"og:description\" content=\"L&rsquo;Alg\u00e9rie a d\u00e9croch\u00e9 la premi\u00e8re place mondiale comme meilleur stimulateur de politiques pour l&rsquo;environnement entrepreneurial. L&rsquo;Alg\u00e9rie s&rsquo;impose en leader dans\" \/>\n<meta property=\"og:url\" content=\"https:\/\/lasentinelle.dz\/index.php\/2025\/06\/04\/promotion-de-lentrepreneuriat-lalgerie-simpose-en-leader\/\" \/>\n<meta property=\"og:site_name\" content=\"La Sentinelle\" \/>\n<meta property=\"article:publisher\" content=\"https:\/\/www.facebook.com\/La-Sentinelle-104059864394773\" \/>\n<meta property=\"article:published_time\" content=\"2025-06-04T21:26:54+00:00\" \/>\n<meta property=\"article:modified_time\" content=\"2025-06-04T21:26:55+00:00\" \/>\n<meta property=\"og:image\" content=\"https:\/\/lasentinelle.dz\/wp-content\/uploads\/2025\/06\/entrepreneuriat.webp\" \/>\n\t<meta property=\"og:image:width\" content=\"1200\" \/>\n\t<meta property=\"og:image:height\" content=\"630\" \/>\n\t<meta property=\"og:image:type\" content=\"image\/webp\" \/>\n<meta name=\"author\" content=\"admin\" \/>\n<meta name=\"twitter:card\" content=\"summary_large_image\" \/>\n<meta name=\"twitter:label1\" content=\"\u00c9crit par\" \/>\n\t<meta name=\"twitter:data1\" content=\"admin\" \/>\n\t<meta name=\"twitter:label2\" content=\"Dur\u00e9e de lecture estim\u00e9e\" \/>\n\t<meta name=\"twitter:data2\" content=\"3 minutes\" \/>\n<script type=\"application\/ld+json\" class=\"yoast-schema-graph\">{\"@context\":\"https:\\\/\\\/schema.org\",\"@graph\":[{\"@type\":\"Article\",\"@id\":\"https:\\\/\\\/lasentinelle.dz\\\/index.php\\\/2025\\\/06\\\/04\\\/promotion-de-lentrepreneuriat-lalgerie-simpose-en-leader\\\/#article\",\"isPartOf\":{\"@id\":\"https:\\\/\\\/lasentinelle.dz\\\/index.php\\\/2025\\\/06\\\/04\\\/promotion-de-lentrepreneuriat-lalgerie-simpose-en-leader\\\/\"},\"author\":{\"name\":\"admin\",\"@id\":\"https:\\\/\\\/lasentinelle.dz\\\/#\\\/schema\\\/person\\\/729ee0024f24e0b8c5ec17232f8e8b41\"},\"headline\":\"Promotion de l&rsquo;entrepreneuriat: L&rsquo;Alg\u00e9rie s&rsquo;impose en leader\",\"datePublished\":\"2025-06-04T21:26:54+00:00\",\"dateModified\":\"2025-06-04T21:26:55+00:00\",\"mainEntityOfPage\":{\"@id\":\"https:\\\/\\\/lasentinelle.dz\\\/index.php\\\/2025\\\/06\\\/04\\\/promotion-de-lentrepreneuriat-lalgerie-simpose-en-leader\\\/\"},\"wordCount\":663,\"commentCount\":0,\"publisher\":{\"@id\":\"https:\\\/\\\/lasentinelle.dz\\\/#organization\"},\"image\":{\"@id\":\"https:\\\/\\\/lasentinelle.dz\\\/index.php\\\/2025\\\/06\\\/04\\\/promotion-de-lentrepreneuriat-lalgerie-simpose-en-leader\\\/#primaryimage\"},\"thumbnailUrl\":\"https:\\\/\\\/lasentinelle.dz\\\/wp-content\\\/uploads\\\/2025\\\/06\\\/entrepreneuriat.webp\",\"articleSection\":[\"\u00c0 la Une\",\"Actualit\u00e9\"],\"inLanguage\":\"fr-FR\",\"potentialAction\":[{\"@type\":\"CommentAction\",\"name\":\"Comment\",\"target\":[\"https:\\\/\\\/lasentinelle.dz\\\/index.php\\\/2025\\\/06\\\/04\\\/promotion-de-lentrepreneuriat-lalgerie-simpose-en-leader\\\/#respond\"]}]},{\"@type\":\"WebPage\",\"@id\":\"https:\\\/\\\/lasentinelle.dz\\\/index.php\\\/2025\\\/06\\\/04\\\/promotion-de-lentrepreneuriat-lalgerie-simpose-en-leader\\\/\",\"url\":\"https:\\\/\\\/lasentinelle.dz\\\/index.php\\\/2025\\\/06\\\/04\\\/promotion-de-lentrepreneuriat-lalgerie-simpose-en-leader\\\/\",\"name\":\"Promotion de l&rsquo;entrepreneuriat: L&rsquo;Alg\u00e9rie s&rsquo;impose en leader - La Sentinelle\",\"isPartOf\":{\"@id\":\"https:\\\/\\\/lasentinelle.dz\\\/#website\"},\"primaryImageOfPage\":{\"@id\":\"https:\\\/\\\/lasentinelle.dz\\\/index.php\\\/2025\\\/06\\\/04\\\/promotion-de-lentrepreneuriat-lalgerie-simpose-en-leader\\\/#primaryimage\"},\"image\":{\"@id\":\"https:\\\/\\\/lasentinelle.dz\\\/index.php\\\/2025\\\/06\\\/04\\\/promotion-de-lentrepreneuriat-lalgerie-simpose-en-leader\\\/#primaryimage\"},\"thumbnailUrl\":\"https:\\\/\\\/lasentinelle.dz\\\/wp-content\\\/uploads\\\/2025\\\/06\\\/entrepreneuriat.webp\",\"datePublished\":\"2025-06-04T21:26:54+00:00\",\"dateModified\":\"2025-06-04T21:26:55+00:00\",\"breadcrumb\":{\"@id\":\"https:\\\/\\\/lasentinelle.dz\\\/index.php\\\/2025\\\/06\\\/04\\\/promotion-de-lentrepreneuriat-lalgerie-simpose-en-leader\\\/#breadcrumb\"},\"inLanguage\":\"fr-FR\",\"potentialAction\":[{\"@type\":\"ReadAction\",\"target\":[\"https:\\\/\\\/lasentinelle.dz\\\/index.php\\\/2025\\\/06\\\/04\\\/promotion-de-lentrepreneuriat-lalgerie-simpose-en-leader\\\/\"]}]},{\"@type\":\"ImageObject\",\"inLanguage\":\"fr-FR\",\"@id\":\"https:\\\/\\\/lasentinelle.dz\\\/index.php\\\/2025\\\/06\\\/04\\\/promotion-de-lentrepreneuriat-lalgerie-simpose-en-leader\\\/#primaryimage\",\"url\":\"https:\\\/\\\/lasentinelle.dz\\\/wp-content\\\/uploads\\\/2025\\\/06\\\/entrepreneuriat.webp\",\"contentUrl\":\"https:\\\/\\\/lasentinelle.dz\\\/wp-content\\\/uploads\\\/2025\\\/06\\\/entrepreneuriat.webp\",\"width\":1200,\"height\":630},{\"@type\":\"BreadcrumbList\",\"@id\":\"https:\\\/\\\/lasentinelle.dz\\\/index.php\\\/2025\\\/06\\\/04\\\/promotion-de-lentrepreneuriat-lalgerie-simpose-en-leader\\\/#breadcrumb\",\"itemListElement\":[{\"@type\":\"ListItem\",\"position\":1,\"name\":\"Accueil\",\"item\":\"https:\\\/\\\/lasentinelle.dz\\\/\"},{\"@type\":\"ListItem\",\"position\":2,\"name\":\"Promotion de l&rsquo;entrepreneuriat: L&rsquo;Alg\u00e9rie s&rsquo;impose en leader\"}]},{\"@type\":\"WebSite\",\"@id\":\"https:\\\/\\\/lasentinelle.dz\\\/#website\",\"url\":\"https:\\\/\\\/lasentinelle.dz\\\/\",\"name\":\"La Sentinelle\",\"description\":\"Quotidien national d&#039;information\",\"publisher\":{\"@id\":\"https:\\\/\\\/lasentinelle.dz\\\/#organization\"},\"potentialAction\":[{\"@type\":\"SearchAction\",\"target\":{\"@type\":\"EntryPoint\",\"urlTemplate\":\"https:\\\/\\\/lasentinelle.dz\\\/?s={search_term_string}\"},\"query-input\":{\"@type\":\"PropertyValueSpecification\",\"valueRequired\":true,\"valueName\":\"search_term_string\"}}],\"inLanguage\":\"fr-FR\"},{\"@type\":\"Organization\",\"@id\":\"https:\\\/\\\/lasentinelle.dz\\\/#organization\",\"name\":\"Quotidien La Sentinelle\",\"url\":\"https:\\\/\\\/lasentinelle.dz\\\/\",\"logo\":{\"@type\":\"ImageObject\",\"inLanguage\":\"fr-FR\",\"@id\":\"https:\\\/\\\/lasentinelle.dz\\\/#\\\/schema\\\/logo\\\/image\\\/\",\"url\":\"https:\\\/\\\/lasentinelle.dz\\\/wp-content\\\/uploads\\\/2021\\\/09\\\/logo-sentinelleSLOGAN-1.png\",\"contentUrl\":\"https:\\\/\\\/lasentinelle.dz\\\/wp-content\\\/uploads\\\/2021\\\/09\\\/logo-sentinelleSLOGAN-1.png\",\"width\":615,\"height\":142,\"caption\":\"Quotidien La Sentinelle\"},\"image\":{\"@id\":\"https:\\\/\\\/lasentinelle.dz\\\/#\\\/schema\\\/logo\\\/image\\\/\"},\"sameAs\":[\"https:\\\/\\\/www.facebook.com\\\/La-Sentinelle-104059864394773\"]},{\"@type\":\"Person\",\"@id\":\"https:\\\/\\\/lasentinelle.dz\\\/#\\\/schema\\\/person\\\/729ee0024f24e0b8c5ec17232f8e8b41\",\"name\":\"admin\",\"image\":{\"@type\":\"ImageObject\",\"inLanguage\":\"fr-FR\",\"@id\":\"https:\\\/\\\/secure.gravatar.com\\\/avatar\\\/4c81fed838786e9b53f540bf46533e750f5d292099ae3b66cfc6fb1982e29df7?s=96&d=mm&r=g\",\"url\":\"https:\\\/\\\/secure.gravatar.com\\\/avatar\\\/4c81fed838786e9b53f540bf46533e750f5d292099ae3b66cfc6fb1982e29df7?s=96&d=mm&r=g\",\"contentUrl\":\"https:\\\/\\\/secure.gravatar.com\\\/avatar\\\/4c81fed838786e9b53f540bf46533e750f5d292099ae3b66cfc6fb1982e29df7?s=96&d=mm&r=g\",\"caption\":\"admin\"},\"description\":\"admin\",\"url\":\"https:\\\/\\\/lasentinelle.dz\\\/author\\\/admin\\\/\"}]}<\/script>\n<!-- \/ Yoast SEO plugin. -->","yoast_head_json":{"title":"Promotion de l&rsquo;entrepreneuriat: L&rsquo;Alg\u00e9rie s&rsquo;impose en leader - La Sentinelle","robots":{"index":"index","follow":"follow","max-snippet":"max-snippet:-1","max-image-preview":"max-image-preview:large","max-video-preview":"max-video-preview:-1"},"canonical":"https:\/\/lasentinelle.dz\/index.php\/2025\/06\/04\/promotion-de-lentrepreneuriat-lalgerie-simpose-en-leader\/","og_locale":"fr_FR","og_type":"article","og_title":"Promotion de l&rsquo;entrepreneuriat: L&rsquo;Alg\u00e9rie s&rsquo;impose en leader - La Sentinelle","og_description":"L&rsquo;Alg\u00e9rie a d\u00e9croch\u00e9 la premi\u00e8re place mondiale comme meilleur stimulateur de politiques pour l&rsquo;environnement entrepreneurial. L&rsquo;Alg\u00e9rie s&rsquo;impose en leader dans","og_url":"https:\/\/lasentinelle.dz\/index.php\/2025\/06\/04\/promotion-de-lentrepreneuriat-lalgerie-simpose-en-leader\/","og_site_name":"La Sentinelle","article_publisher":"https:\/\/www.facebook.com\/La-Sentinelle-104059864394773","article_published_time":"2025-06-04T21:26:54+00:00","article_modified_time":"2025-06-04T21:26:55+00:00","og_image":[{"width":1200,"height":630,"url":"https:\/\/lasentinelle.dz\/wp-content\/uploads\/2025\/06\/entrepreneuriat.webp","type":"image\/webp"}],"author":"admin","twitter_card":"summary_large_image","twitter_misc":{"\u00c9crit par":"admin","Dur\u00e9e de lecture estim\u00e9e":"3 minutes"},"schema":{"@context":"https:\/\/schema.org","@graph":[{"@type":"Article","@id":"https:\/\/lasentinelle.dz\/index.php\/2025\/06\/04\/promotion-de-lentrepreneuriat-lalgerie-simpose-en-leader\/#article","isPartOf":{"@id":"https:\/\/lasentinelle.dz\/index.php\/2025\/06\/04\/promotion-de-lentrepreneuriat-lalgerie-simpose-en-leader\/"},"author":{"name":"admin","@id":"https:\/\/lasentinelle.dz\/#\/schema\/person\/729ee0024f24e0b8c5ec17232f8e8b41"},"headline":"Promotion de l&rsquo;entrepreneuriat: L&rsquo;Alg\u00e9rie s&rsquo;impose en leader","datePublished":"2025-06-04T21:26:54+00:00","dateModified":"2025-06-04T21:26:55+00:00","mainEntityOfPage":{"@id":"https:\/\/lasentinelle.dz\/index.php\/2025\/06\/04\/promotion-de-lentrepreneuriat-lalgerie-simpose-en-leader\/"},"wordCount":663,"commentCount":0,"publisher":{"@id":"https:\/\/lasentinelle.dz\/#organization"},"image":{"@id":"https:\/\/lasentinelle.dz\/index.php\/2025\/06\/04\/promotion-de-lentrepreneuriat-lalgerie-simpose-en-leader\/#primaryimage"},"thumbnailUrl":"https:\/\/lasentinelle.dz\/wp-content\/uploads\/2025\/06\/entrepreneuriat.webp","articleSection":["\u00c0 la Une","Actualit\u00e9"],"inLanguage":"fr-FR","potentialAction":[{"@type":"CommentAction","name":"Comment","target":["https:\/\/lasentinelle.dz\/index.php\/2025\/06\/04\/promotion-de-lentrepreneuriat-lalgerie-simpose-en-leader\/#respond"]}]},{"@type":"WebPage","@id":"https:\/\/lasentinelle.dz\/index.php\/2025\/06\/04\/promotion-de-lentrepreneuriat-lalgerie-simpose-en-leader\/","url":"https:\/\/lasentinelle.dz\/index.php\/2025\/06\/04\/promotion-de-lentrepreneuriat-lalgerie-simpose-en-leader\/","name":"Promotion de l&rsquo;entrepreneuriat: L&rsquo;Alg\u00e9rie s&rsquo;impose en leader - La Sentinelle","isPartOf":{"@id":"https:\/\/lasentinelle.dz\/#website"},"primaryImageOfPage":{"@id":"https:\/\/lasentinelle.dz\/index.php\/2025\/06\/04\/promotion-de-lentrepreneuriat-lalgerie-simpose-en-leader\/#primaryimage"},"image":{"@id":"https:\/\/lasentinelle.dz\/index.php\/2025\/06\/04\/promotion-de-lentrepreneuriat-lalgerie-simpose-en-leader\/#primaryimage"},"thumbnailUrl":"https:\/\/lasentinelle.dz\/wp-content\/uploads\/2025\/06\/entrepreneuriat.webp","datePublished":"2025-06-04T21:26:54+00:00","dateModified":"2025-06-04T21:26:55+00:00","breadcrumb":{"@id":"https:\/\/lasentinelle.dz\/index.php\/2025\/06\/04\/promotion-de-lentrepreneuriat-lalgerie-simpose-en-leader\/#breadcrumb"},"inLanguage":"fr-FR","potentialAction":[{"@type":"ReadAction","target":["https:\/\/lasentinelle.dz\/index.php\/2025\/06\/04\/promotion-de-lentrepreneuriat-lalgerie-simpose-en-leader\/"]}]},{"@type":"ImageObject","inLanguage":"fr-FR","@id":"https:\/\/lasentinelle.dz\/index.php\/2025\/06\/04\/promotion-de-lentrepreneuriat-lalgerie-simpose-en-leader\/#primaryimage","url":"https:\/\/lasentinelle.dz\/wp-content\/uploads\/2025\/06\/entrepreneuriat.webp","contentUrl":"https:\/\/lasentinelle.dz\/wp-content\/uploads\/2025\/06\/entrepreneuriat.webp","width":1200,"height":630},{"@type":"BreadcrumbList","@id":"https:\/\/lasentinelle.dz\/index.php\/2025\/06\/04\/promotion-de-lentrepreneuriat-lalgerie-simpose-en-leader\/#breadcrumb","itemListElement":[{"@type":"ListItem","position":1,"name":"Accueil","item":"https:\/\/lasentinelle.dz\/"},{"@type":"ListItem","position":2,"name":"Promotion de l&rsquo;entrepreneuriat: L&rsquo;Alg\u00e9rie s&rsquo;impose en leader"}]},{"@type":"WebSite","@id":"https:\/\/lasentinelle.dz\/#website","url":"https:\/\/lasentinelle.dz\/","name":"La Sentinelle","description":"Quotidien national d&#039;information","publisher":{"@id":"https:\/\/lasentinelle.dz\/#organization"},"potentialAction":[{"@type":"SearchAction","target":{"@type":"EntryPoint","urlTemplate":"https:\/\/lasentinelle.dz\/?s={search_term_string}"},"query-input":{"@type":"PropertyValueSpecification","valueRequired":true,"valueName":"search_term_string"}}],"inLanguage":"fr-FR"},{"@type":"Organization","@id":"https:\/\/lasentinelle.dz\/#organization","name":"Quotidien La Sentinelle","url":"https:\/\/lasentinelle.dz\/","logo":{"@type":"ImageObject","inLanguage":"fr-FR","@id":"https:\/\/lasentinelle.dz\/#\/schema\/logo\/image\/","url":"https:\/\/lasentinelle.dz\/wp-content\/uploads\/2021\/09\/logo-sentinelleSLOGAN-1.png","contentUrl":"https:\/\/lasentinelle.dz\/wp-content\/uploads\/2021\/09\/logo-sentinelleSLOGAN-1.png","width":615,"height":142,"caption":"Quotidien La Sentinelle"},"image":{"@id":"https:\/\/lasentinelle.dz\/#\/schema\/logo\/image\/"},"sameAs":["https:\/\/www.facebook.com\/La-Sentinelle-104059864394773"]},{"@type":"Person","@id":"https:\/\/lasentinelle.dz\/#\/schema\/person\/729ee0024f24e0b8c5ec17232f8e8b41","name":"admin","image":{"@type":"ImageObject","inLanguage":"fr-FR","@id":"https:\/\/secure.gravatar.com\/avatar\/4c81fed838786e9b53f540bf46533e750f5d292099ae3b66cfc6fb1982e29df7?s=96&d=mm&r=g","url":"https:\/\/secure.gravatar.com\/avatar\/4c81fed838786e9b53f540bf46533e750f5d292099ae3b66cfc6fb1982e29df7?s=96&d=mm&r=g","contentUrl":"https:\/\/secure.gravatar.com\/avatar\/4c81fed838786e9b53f540bf46533e750f5d292099ae3b66cfc6fb1982e29df7?s=96&d=mm&r=g","caption":"admin"},"description":"admin","url":"https:\/\/lasentinelle.dz\/author\/admin\/"}]}},"_links":{"self":[{"href":"https:\/\/lasentinelle.dz\/index.php\/wp-json\/wp\/v2\/posts\/68542","targetHints":{"allow":["GET"]}}],"collection":[{"href":"https:\/\/lasentinelle.dz\/index.php\/wp-json\/wp\/v2\/posts"}],"about":[{"href":"https:\/\/lasentinelle.dz\/index.php\/wp-json\/wp\/v2\/types\/post"}],"author":[{"embeddable":true,"href":"https:\/\/lasentinelle.dz\/index.php\/wp-json\/wp\/v2\/users\/6"}],"replies":[{"embeddable":true,"href":"https:\/\/lasentinelle.dz\/index.php\/wp-json\/wp\/v2\/comments?post=68542"}],"version-history":[{"count":2,"href":"https:\/\/lasentinelle.dz\/index.php\/wp-json\/wp\/v2\/posts\/68542\/revisions"}],"predecessor-version":[{"id":68545,"href":"https:\/\/lasentinelle.dz\/index.php\/wp-json\/wp\/v2\/posts\/68542\/revisions\/68545"}],"wp:featuredmedia":[{"embeddable":true,"href":"https:\/\/lasentinelle.dz\/index.php\/wp-json\/wp\/v2\/media\/68543"}],"wp:attachment":[{"href":"https:\/\/lasentinelle.dz\/index.php\/wp-json\/wp\/v2\/media?parent=68542"}],"wp:term":[{"taxonomy":"category","embeddable":true,"href":"https:\/\/lasentinelle.dz\/index.php\/wp-json\/wp\/v2\/categories?post=68542"},{"taxonomy":"post_tag","embeddable":true,"href":"https:\/\/lasentinelle.dz\/index.php\/wp-json\/wp\/v2\/tags?post=68542"}],"curies":[{"name":"wp","href":"https:\/\/api.w.org\/{rel}","templated":true}]}}