{"id":68549,"date":"2025-06-04T22:29:23","date_gmt":"2025-06-04T21:29:23","guid":{"rendered":"https:\/\/lasentinelle.dz\/?p=68549"},"modified":"2025-06-04T22:29:24","modified_gmt":"2025-06-04T21:29:24","slug":"bilan-operationnel-de-lanp-deux-terroristes-neutralises","status":"publish","type":"post","link":"https:\/\/lasentinelle.dz\/index.php\/2025\/06\/04\/bilan-operationnel-de-lanp-deux-terroristes-neutralises\/","title":{"rendered":"Bilan op\u00e9rationnel de l&rsquo;ANP : Deux terroristes neutralis\u00e9s"},"content":{"rendered":"\n<p>Les \u00e9l\u00e9ments de l&rsquo;Arm\u00e9e nationale populaire, en coordination avec l&rsquo;ensemble des secteurs de s\u00e9curit\u00e9 et les douanes nationales, maintiennent leur mobilisation totale dans la lutte contre toutes les formes de criminalit\u00e9 transfrontali\u00e8re organis\u00e9e. Selon un bilan publi\u00e9 mercredi par le minist\u00e8re de la D\u00e9fense nationale (MDN), des op\u00e9rations majeures ont \u00e9t\u00e9 men\u00e9es du 28 mai au 3 juin dernier sur l&rsquo;ensemble du territoire national.<\/p>\n\n\n\n<p>Dans le volet antiterroriste, les d\u00e9tachements de l&rsquo;Arm\u00e9e nationale populaire (ANP) ont neutralis\u00e9 deux terroristes dans la wilaya de Khenchela, relevant de la 5e R\u00e9gion militaire. Cette op\u00e9ration a permis la r\u00e9cup\u00e9ration de deux pistolets-mitrailleurs de type Kalachnikov ainsi qu&rsquo;une importante quantit\u00e9 de munitions. Par ailleurs, deux autres terroristes, identifi\u00e9s sous les noms de Rekan Brahim, alias \u00ab\u00a0Bilal\u00a0\u00bb, et Lahad Ibrahim, alias \u00ab\u00a0Moussa\u00a0\u00bb, se sont rendus aux autorit\u00e9s militaires \u00e0 Bordj Badji Mokhtar, dans la 6e R\u00e9gion militaire. Ils \u00e9taient en possession de deux pistolets-mitrailleurs Kalachnikov, d&rsquo;un pistolet automatique, de munitions et d&rsquo;autres \u00e9quipements. Six \u00e9l\u00e9ments de soutien aux groupes terroristes ont \u00e9galement \u00e9t\u00e9 arr\u00eat\u00e9s lors d&rsquo;op\u00e9rations distinctes men\u00e9es \u00e0 travers le pays.<\/p>\n\n\n\n<p>Concernant la lutte contre le narcotrafic, les d\u00e9tachements combin\u00e9s de l&rsquo;ANP, en coordination avec les diff\u00e9rents services de s\u00e9curit\u00e9, ont intercept\u00e9 63 narcotrafiquants et d\u00e9jou\u00e9 des tentatives d&rsquo;introduction de 131 quintaux de cannabis en provenance des fronti\u00e8res marocaines. Les forces de s\u00e9curit\u00e9 ont \u00e9galement saisi pas moins de 2 059 240 comprim\u00e9s psychotropes lors d&rsquo;op\u00e9rations men\u00e9es dans plusieurs r\u00e9gions militaires.<\/p>\n\n\n\n<p>Dans le cadre de la lutte contre l&rsquo;orpaillage illicite, les d\u00e9tachements de l&rsquo;ANP ont proc\u00e9d\u00e9 \u00e0 l&rsquo;arrestation de 220 individus dans les wilayas de Tamanrasset, Bordj Badji Mokhtar, In Guezzam et Djanet. Cette vaste op\u00e9ration a permis la saisie de 50 v\u00e9hicules, 281 groupes \u00e9lectrog\u00e8nes, 183 marteaux-piqueurs, 5 d\u00e9tecteurs de m\u00e9taux, ainsi que des quantit\u00e9s importantes de minerai aurif\u00e8re m\u00e9lang\u00e9 \u00e0 des pierres, des explosifs, du mat\u00e9riel de d\u00e9tonation et divers \u00e9quipements servant \u00e0 l&rsquo;exploitation aurif\u00e8re ill\u00e9gale.<\/p>\n\n\n\n<p>Parall\u00e8lement, 13 autres individus ont \u00e9t\u00e9 interpell\u00e9s, tandis que 11 fusils de chasse, 11 335 litres de carburant, 18 quintaux de tabac et 39 tonnes de denr\u00e9es alimentaires destin\u00e9es \u00e0 la contrebande et \u00e0 la sp\u00e9culation ont \u00e9t\u00e9 saisis lors d&rsquo;op\u00e9rations men\u00e9es dans plusieurs r\u00e9gions du pays.<\/p>\n\n\n\n<p>Sur le front maritime, les garde-c\u00f4tes ont d\u00e9jou\u00e9 plusieurs tentatives d&rsquo;\u00e9migration clandestine le long des c\u00f4tes nationales et proc\u00e9d\u00e9 au sauvetage de 323 personnes qui se trouvaient \u00e0 bord d&#8217;embarcations de fabrication artisanale. Au total, 381 migrants clandestins de diff\u00e9rentes nationalit\u00e9s ont \u00e9t\u00e9 arr\u00eat\u00e9s \u00e0 travers le territoire national.<\/p>\n\n\n\n<p>Dans un communiqu\u00e9 s\u00e9par\u00e9 publi\u00e9 le m\u00eame jour, le MDN a annonc\u00e9 que les agents de la brigade r\u00e9gionale de lutte contre la contrebande, relevant de la direction r\u00e9gionale des Douanes de Tamanrasset, ont men\u00e9 deux op\u00e9rations distinctes en coordination avec des \u00e9l\u00e9ments de l&rsquo;ANP. La premi\u00e8re op\u00e9ration a abouti \u00e0 la saisie de 34 tonnes de farine de bl\u00e9 transport\u00e9es dans un camion semi-remorque utilis\u00e9 \u00e0 des fins de contrebande. La seconde op\u00e9ration s&rsquo;est sold\u00e9e par la saisie de 70 cartons de tabac \u00e0 narguil\u00e9, soit un total de 8 400 petites bo\u00eetes, ainsi qu&rsquo;un v\u00e9hicule tout-terrain utilis\u00e9 pour le transport de cette marchandise illicite.<\/p>\n\n\n\n<p>Ces r\u00e9sultats t\u00e9moignent de l&rsquo;efficacit\u00e9 des op\u00e9rations s\u00e9curitaires men\u00e9es par les forces arm\u00e9es nationales dans leur mission de pr\u00e9servation de la s\u00e9curit\u00e9 nationale et de lutte contre les diff\u00e9rentes formes de criminalit\u00e9 transfrontali\u00e8re.<\/p>\n\n\n\n<p>Sofia Chahine<\/p>\n","protected":false},"excerpt":{"rendered":"<p>Les \u00e9l\u00e9ments de l&rsquo;Arm\u00e9e nationale populaire, en coordination avec l&rsquo;ensemble des secteurs de s\u00e9curit\u00e9 et les douanes nationales, maintiennent leur<\/p>\n","protected":false},"author":6,"featured_media":31868,"comment_status":"open","ping_status":"closed","sticky":false,"template":"","format":"standard","meta":{"colormag_page_container_layout":"default_layout","colormag_page_sidebar_layout":"default_layout","om_disable_all_campaigns":false,"_monsterinsights_skip_tracking":false,"_monsterinsights_sitenote_active":false,"_monsterinsights_sitenote_note":"","_monsterinsights_sitenote_category":0,"footnotes":"","_wpscppro_dont_share_socialmedia":false,"_wpscppro_custom_social_share_image":0,"_facebook_share_type":"default","_twitter_share_type":"default","_linkedin_share_type":"default","_pinterest_share_type":"default","_linkedin_share_type_page":"","_instagram_share_type":"default","_medium_share_type":"default","_threads_share_type":"","_google_business_share_type":"","_selected_social_profile":[],"_wpsp_enable_custom_social_template":false,"_wpsp_social_scheduling":{"enabled":false,"datetime":null,"platforms":[],"status":"template_only","dateOption":"today","timeOption":"now","customDays":"","customHours":"","customDate":"","customTime":"","schedulingType":"absolute"},"_wpsp_active_default_template":true},"categories":[27],"tags":[],"class_list":["post-68549","post","type-post","status-publish","format-standard","has-post-thumbnail","hentry","category-actualite"],"aioseo_notices":[],"yoast_head":"<!-- This site is optimized with the Yoast SEO plugin v27.5 - https:\/\/yoast.com\/product\/yoast-seo-wordpress\/ -->\n<title>Bilan op\u00e9rationnel de l&rsquo;ANP : Deux terroristes neutralis\u00e9s - La Sentinelle<\/title>\n<meta name=\"robots\" content=\"index, follow, max-snippet:-1, max-image-preview:large, max-video-preview:-1\" \/>\n<link rel=\"canonical\" href=\"https:\/\/lasentinelle.dz\/index.php\/2025\/06\/04\/bilan-operationnel-de-lanp-deux-terroristes-neutralises\/\" \/>\n<meta property=\"og:locale\" content=\"fr_FR\" \/>\n<meta property=\"og:type\" content=\"article\" \/>\n<meta property=\"og:title\" content=\"Bilan op\u00e9rationnel de l&rsquo;ANP : Deux terroristes neutralis\u00e9s - La Sentinelle\" \/>\n<meta property=\"og:description\" content=\"Les \u00e9l\u00e9ments de l&rsquo;Arm\u00e9e nationale populaire, en coordination avec l&rsquo;ensemble des secteurs de s\u00e9curit\u00e9 et les douanes nationales, maintiennent leur\" \/>\n<meta property=\"og:url\" content=\"https:\/\/lasentinelle.dz\/index.php\/2025\/06\/04\/bilan-operationnel-de-lanp-deux-terroristes-neutralises\/\" \/>\n<meta property=\"og:site_name\" content=\"La Sentinelle\" \/>\n<meta property=\"article:publisher\" content=\"https:\/\/www.facebook.com\/La-Sentinelle-104059864394773\" \/>\n<meta property=\"article:published_time\" content=\"2025-06-04T21:29:23+00:00\" \/>\n<meta property=\"article:modified_time\" content=\"2025-06-04T21:29:24+00:00\" \/>\n<meta property=\"og:image\" content=\"https:\/\/lasentinelle.dz\/wp-content\/uploads\/2022\/11\/MDN.png\" \/>\n\t<meta property=\"og:image:width\" content=\"1350\" \/>\n\t<meta property=\"og:image:height\" content=\"900\" \/>\n\t<meta property=\"og:image:type\" content=\"image\/png\" \/>\n<meta name=\"author\" content=\"admin\" \/>\n<meta name=\"twitter:card\" content=\"summary_large_image\" \/>\n<meta name=\"twitter:label1\" content=\"\u00c9crit par\" \/>\n\t<meta name=\"twitter:data1\" content=\"admin\" \/>\n\t<meta name=\"twitter:label2\" content=\"Dur\u00e9e de lecture estim\u00e9e\" \/>\n\t<meta name=\"twitter:data2\" content=\"4 minutes\" \/>\n<script type=\"application\/ld+json\" class=\"yoast-schema-graph\">{\"@context\":\"https:\\\/\\\/schema.org\",\"@graph\":[{\"@type\":\"Article\",\"@id\":\"https:\\\/\\\/lasentinelle.dz\\\/index.php\\\/2025\\\/06\\\/04\\\/bilan-operationnel-de-lanp-deux-terroristes-neutralises\\\/#article\",\"isPartOf\":{\"@id\":\"https:\\\/\\\/lasentinelle.dz\\\/index.php\\\/2025\\\/06\\\/04\\\/bilan-operationnel-de-lanp-deux-terroristes-neutralises\\\/\"},\"author\":{\"name\":\"admin\",\"@id\":\"https:\\\/\\\/lasentinelle.dz\\\/#\\\/schema\\\/person\\\/729ee0024f24e0b8c5ec17232f8e8b41\"},\"headline\":\"Bilan op\u00e9rationnel de l&rsquo;ANP : Deux terroristes neutralis\u00e9s\",\"datePublished\":\"2025-06-04T21:29:23+00:00\",\"dateModified\":\"2025-06-04T21:29:24+00:00\",\"mainEntityOfPage\":{\"@id\":\"https:\\\/\\\/lasentinelle.dz\\\/index.php\\\/2025\\\/06\\\/04\\\/bilan-operationnel-de-lanp-deux-terroristes-neutralises\\\/\"},\"wordCount\":635,\"commentCount\":0,\"publisher\":{\"@id\":\"https:\\\/\\\/lasentinelle.dz\\\/#organization\"},\"image\":{\"@id\":\"https:\\\/\\\/lasentinelle.dz\\\/index.php\\\/2025\\\/06\\\/04\\\/bilan-operationnel-de-lanp-deux-terroristes-neutralises\\\/#primaryimage\"},\"thumbnailUrl\":\"https:\\\/\\\/lasentinelle.dz\\\/wp-content\\\/uploads\\\/2022\\\/11\\\/MDN.png\",\"articleSection\":[\"Actualit\u00e9\"],\"inLanguage\":\"fr-FR\",\"potentialAction\":[{\"@type\":\"CommentAction\",\"name\":\"Comment\",\"target\":[\"https:\\\/\\\/lasentinelle.dz\\\/index.php\\\/2025\\\/06\\\/04\\\/bilan-operationnel-de-lanp-deux-terroristes-neutralises\\\/#respond\"]}]},{\"@type\":\"WebPage\",\"@id\":\"https:\\\/\\\/lasentinelle.dz\\\/index.php\\\/2025\\\/06\\\/04\\\/bilan-operationnel-de-lanp-deux-terroristes-neutralises\\\/\",\"url\":\"https:\\\/\\\/lasentinelle.dz\\\/index.php\\\/2025\\\/06\\\/04\\\/bilan-operationnel-de-lanp-deux-terroristes-neutralises\\\/\",\"name\":\"Bilan op\u00e9rationnel de l&rsquo;ANP : Deux terroristes neutralis\u00e9s - La Sentinelle\",\"isPartOf\":{\"@id\":\"https:\\\/\\\/lasentinelle.dz\\\/#website\"},\"primaryImageOfPage\":{\"@id\":\"https:\\\/\\\/lasentinelle.dz\\\/index.php\\\/2025\\\/06\\\/04\\\/bilan-operationnel-de-lanp-deux-terroristes-neutralises\\\/#primaryimage\"},\"image\":{\"@id\":\"https:\\\/\\\/lasentinelle.dz\\\/index.php\\\/2025\\\/06\\\/04\\\/bilan-operationnel-de-lanp-deux-terroristes-neutralises\\\/#primaryimage\"},\"thumbnailUrl\":\"https:\\\/\\\/lasentinelle.dz\\\/wp-content\\\/uploads\\\/2022\\\/11\\\/MDN.png\",\"datePublished\":\"2025-06-04T21:29:23+00:00\",\"dateModified\":\"2025-06-04T21:29:24+00:00\",\"breadcrumb\":{\"@id\":\"https:\\\/\\\/lasentinelle.dz\\\/index.php\\\/2025\\\/06\\\/04\\\/bilan-operationnel-de-lanp-deux-terroristes-neutralises\\\/#breadcrumb\"},\"inLanguage\":\"fr-FR\",\"potentialAction\":[{\"@type\":\"ReadAction\",\"target\":[\"https:\\\/\\\/lasentinelle.dz\\\/index.php\\\/2025\\\/06\\\/04\\\/bilan-operationnel-de-lanp-deux-terroristes-neutralises\\\/\"]}]},{\"@type\":\"ImageObject\",\"inLanguage\":\"fr-FR\",\"@id\":\"https:\\\/\\\/lasentinelle.dz\\\/index.php\\\/2025\\\/06\\\/04\\\/bilan-operationnel-de-lanp-deux-terroristes-neutralises\\\/#primaryimage\",\"url\":\"https:\\\/\\\/lasentinelle.dz\\\/wp-content\\\/uploads\\\/2022\\\/11\\\/MDN.png\",\"contentUrl\":\"https:\\\/\\\/lasentinelle.dz\\\/wp-content\\\/uploads\\\/2022\\\/11\\\/MDN.png\",\"width\":1350,\"height\":900},{\"@type\":\"BreadcrumbList\",\"@id\":\"https:\\\/\\\/lasentinelle.dz\\\/index.php\\\/2025\\\/06\\\/04\\\/bilan-operationnel-de-lanp-deux-terroristes-neutralises\\\/#breadcrumb\",\"itemListElement\":[{\"@type\":\"ListItem\",\"position\":1,\"name\":\"Accueil\",\"item\":\"https:\\\/\\\/lasentinelle.dz\\\/\"},{\"@type\":\"ListItem\",\"position\":2,\"name\":\"Bilan op\u00e9rationnel de l&rsquo;ANP : Deux terroristes neutralis\u00e9s\"}]},{\"@type\":\"WebSite\",\"@id\":\"https:\\\/\\\/lasentinelle.dz\\\/#website\",\"url\":\"https:\\\/\\\/lasentinelle.dz\\\/\",\"name\":\"La Sentinelle\",\"description\":\"Quotidien national d&#039;information\",\"publisher\":{\"@id\":\"https:\\\/\\\/lasentinelle.dz\\\/#organization\"},\"potentialAction\":[{\"@type\":\"SearchAction\",\"target\":{\"@type\":\"EntryPoint\",\"urlTemplate\":\"https:\\\/\\\/lasentinelle.dz\\\/?s={search_term_string}\"},\"query-input\":{\"@type\":\"PropertyValueSpecification\",\"valueRequired\":true,\"valueName\":\"search_term_string\"}}],\"inLanguage\":\"fr-FR\"},{\"@type\":\"Organization\",\"@id\":\"https:\\\/\\\/lasentinelle.dz\\\/#organization\",\"name\":\"Quotidien La Sentinelle\",\"url\":\"https:\\\/\\\/lasentinelle.dz\\\/\",\"logo\":{\"@type\":\"ImageObject\",\"inLanguage\":\"fr-FR\",\"@id\":\"https:\\\/\\\/lasentinelle.dz\\\/#\\\/schema\\\/logo\\\/image\\\/\",\"url\":\"https:\\\/\\\/lasentinelle.dz\\\/wp-content\\\/uploads\\\/2021\\\/09\\\/logo-sentinelleSLOGAN-1.png\",\"contentUrl\":\"https:\\\/\\\/lasentinelle.dz\\\/wp-content\\\/uploads\\\/2021\\\/09\\\/logo-sentinelleSLOGAN-1.png\",\"width\":615,\"height\":142,\"caption\":\"Quotidien La Sentinelle\"},\"image\":{\"@id\":\"https:\\\/\\\/lasentinelle.dz\\\/#\\\/schema\\\/logo\\\/image\\\/\"},\"sameAs\":[\"https:\\\/\\\/www.facebook.com\\\/La-Sentinelle-104059864394773\"]},{\"@type\":\"Person\",\"@id\":\"https:\\\/\\\/lasentinelle.dz\\\/#\\\/schema\\\/person\\\/729ee0024f24e0b8c5ec17232f8e8b41\",\"name\":\"admin\",\"image\":{\"@type\":\"ImageObject\",\"inLanguage\":\"fr-FR\",\"@id\":\"https:\\\/\\\/secure.gravatar.com\\\/avatar\\\/4c81fed838786e9b53f540bf46533e750f5d292099ae3b66cfc6fb1982e29df7?s=96&d=mm&r=g\",\"url\":\"https:\\\/\\\/secure.gravatar.com\\\/avatar\\\/4c81fed838786e9b53f540bf46533e750f5d292099ae3b66cfc6fb1982e29df7?s=96&d=mm&r=g\",\"contentUrl\":\"https:\\\/\\\/secure.gravatar.com\\\/avatar\\\/4c81fed838786e9b53f540bf46533e750f5d292099ae3b66cfc6fb1982e29df7?s=96&d=mm&r=g\",\"caption\":\"admin\"},\"description\":\"admin\",\"url\":\"https:\\\/\\\/lasentinelle.dz\\\/author\\\/admin\\\/\"}]}<\/script>\n<!-- \/ Yoast SEO plugin. -->","yoast_head_json":{"title":"Bilan op\u00e9rationnel de l&rsquo;ANP : Deux terroristes neutralis\u00e9s - La Sentinelle","robots":{"index":"index","follow":"follow","max-snippet":"max-snippet:-1","max-image-preview":"max-image-preview:large","max-video-preview":"max-video-preview:-1"},"canonical":"https:\/\/lasentinelle.dz\/index.php\/2025\/06\/04\/bilan-operationnel-de-lanp-deux-terroristes-neutralises\/","og_locale":"fr_FR","og_type":"article","og_title":"Bilan op\u00e9rationnel de l&rsquo;ANP : Deux terroristes neutralis\u00e9s - La Sentinelle","og_description":"Les \u00e9l\u00e9ments de l&rsquo;Arm\u00e9e nationale populaire, en coordination avec l&rsquo;ensemble des secteurs de s\u00e9curit\u00e9 et les douanes nationales, maintiennent leur","og_url":"https:\/\/lasentinelle.dz\/index.php\/2025\/06\/04\/bilan-operationnel-de-lanp-deux-terroristes-neutralises\/","og_site_name":"La Sentinelle","article_publisher":"https:\/\/www.facebook.com\/La-Sentinelle-104059864394773","article_published_time":"2025-06-04T21:29:23+00:00","article_modified_time":"2025-06-04T21:29:24+00:00","og_image":[{"width":1350,"height":900,"url":"https:\/\/lasentinelle.dz\/wp-content\/uploads\/2022\/11\/MDN.png","type":"image\/png"}],"author":"admin","twitter_card":"summary_large_image","twitter_misc":{"\u00c9crit par":"admin","Dur\u00e9e de lecture estim\u00e9e":"4 minutes"},"schema":{"@context":"https:\/\/schema.org","@graph":[{"@type":"Article","@id":"https:\/\/lasentinelle.dz\/index.php\/2025\/06\/04\/bilan-operationnel-de-lanp-deux-terroristes-neutralises\/#article","isPartOf":{"@id":"https:\/\/lasentinelle.dz\/index.php\/2025\/06\/04\/bilan-operationnel-de-lanp-deux-terroristes-neutralises\/"},"author":{"name":"admin","@id":"https:\/\/lasentinelle.dz\/#\/schema\/person\/729ee0024f24e0b8c5ec17232f8e8b41"},"headline":"Bilan op\u00e9rationnel de l&rsquo;ANP : Deux terroristes neutralis\u00e9s","datePublished":"2025-06-04T21:29:23+00:00","dateModified":"2025-06-04T21:29:24+00:00","mainEntityOfPage":{"@id":"https:\/\/lasentinelle.dz\/index.php\/2025\/06\/04\/bilan-operationnel-de-lanp-deux-terroristes-neutralises\/"},"wordCount":635,"commentCount":0,"publisher":{"@id":"https:\/\/lasentinelle.dz\/#organization"},"image":{"@id":"https:\/\/lasentinelle.dz\/index.php\/2025\/06\/04\/bilan-operationnel-de-lanp-deux-terroristes-neutralises\/#primaryimage"},"thumbnailUrl":"https:\/\/lasentinelle.dz\/wp-content\/uploads\/2022\/11\/MDN.png","articleSection":["Actualit\u00e9"],"inLanguage":"fr-FR","potentialAction":[{"@type":"CommentAction","name":"Comment","target":["https:\/\/lasentinelle.dz\/index.php\/2025\/06\/04\/bilan-operationnel-de-lanp-deux-terroristes-neutralises\/#respond"]}]},{"@type":"WebPage","@id":"https:\/\/lasentinelle.dz\/index.php\/2025\/06\/04\/bilan-operationnel-de-lanp-deux-terroristes-neutralises\/","url":"https:\/\/lasentinelle.dz\/index.php\/2025\/06\/04\/bilan-operationnel-de-lanp-deux-terroristes-neutralises\/","name":"Bilan op\u00e9rationnel de l&rsquo;ANP : Deux terroristes neutralis\u00e9s - La Sentinelle","isPartOf":{"@id":"https:\/\/lasentinelle.dz\/#website"},"primaryImageOfPage":{"@id":"https:\/\/lasentinelle.dz\/index.php\/2025\/06\/04\/bilan-operationnel-de-lanp-deux-terroristes-neutralises\/#primaryimage"},"image":{"@id":"https:\/\/lasentinelle.dz\/index.php\/2025\/06\/04\/bilan-operationnel-de-lanp-deux-terroristes-neutralises\/#primaryimage"},"thumbnailUrl":"https:\/\/lasentinelle.dz\/wp-content\/uploads\/2022\/11\/MDN.png","datePublished":"2025-06-04T21:29:23+00:00","dateModified":"2025-06-04T21:29:24+00:00","breadcrumb":{"@id":"https:\/\/lasentinelle.dz\/index.php\/2025\/06\/04\/bilan-operationnel-de-lanp-deux-terroristes-neutralises\/#breadcrumb"},"inLanguage":"fr-FR","potentialAction":[{"@type":"ReadAction","target":["https:\/\/lasentinelle.dz\/index.php\/2025\/06\/04\/bilan-operationnel-de-lanp-deux-terroristes-neutralises\/"]}]},{"@type":"ImageObject","inLanguage":"fr-FR","@id":"https:\/\/lasentinelle.dz\/index.php\/2025\/06\/04\/bilan-operationnel-de-lanp-deux-terroristes-neutralises\/#primaryimage","url":"https:\/\/lasentinelle.dz\/wp-content\/uploads\/2022\/11\/MDN.png","contentUrl":"https:\/\/lasentinelle.dz\/wp-content\/uploads\/2022\/11\/MDN.png","width":1350,"height":900},{"@type":"BreadcrumbList","@id":"https:\/\/lasentinelle.dz\/index.php\/2025\/06\/04\/bilan-operationnel-de-lanp-deux-terroristes-neutralises\/#breadcrumb","itemListElement":[{"@type":"ListItem","position":1,"name":"Accueil","item":"https:\/\/lasentinelle.dz\/"},{"@type":"ListItem","position":2,"name":"Bilan op\u00e9rationnel de l&rsquo;ANP : Deux terroristes neutralis\u00e9s"}]},{"@type":"WebSite","@id":"https:\/\/lasentinelle.dz\/#website","url":"https:\/\/lasentinelle.dz\/","name":"La Sentinelle","description":"Quotidien national d&#039;information","publisher":{"@id":"https:\/\/lasentinelle.dz\/#organization"},"potentialAction":[{"@type":"SearchAction","target":{"@type":"EntryPoint","urlTemplate":"https:\/\/lasentinelle.dz\/?s={search_term_string}"},"query-input":{"@type":"PropertyValueSpecification","valueRequired":true,"valueName":"search_term_string"}}],"inLanguage":"fr-FR"},{"@type":"Organization","@id":"https:\/\/lasentinelle.dz\/#organization","name":"Quotidien La Sentinelle","url":"https:\/\/lasentinelle.dz\/","logo":{"@type":"ImageObject","inLanguage":"fr-FR","@id":"https:\/\/lasentinelle.dz\/#\/schema\/logo\/image\/","url":"https:\/\/lasentinelle.dz\/wp-content\/uploads\/2021\/09\/logo-sentinelleSLOGAN-1.png","contentUrl":"https:\/\/lasentinelle.dz\/wp-content\/uploads\/2021\/09\/logo-sentinelleSLOGAN-1.png","width":615,"height":142,"caption":"Quotidien La Sentinelle"},"image":{"@id":"https:\/\/lasentinelle.dz\/#\/schema\/logo\/image\/"},"sameAs":["https:\/\/www.facebook.com\/La-Sentinelle-104059864394773"]},{"@type":"Person","@id":"https:\/\/lasentinelle.dz\/#\/schema\/person\/729ee0024f24e0b8c5ec17232f8e8b41","name":"admin","image":{"@type":"ImageObject","inLanguage":"fr-FR","@id":"https:\/\/secure.gravatar.com\/avatar\/4c81fed838786e9b53f540bf46533e750f5d292099ae3b66cfc6fb1982e29df7?s=96&d=mm&r=g","url":"https:\/\/secure.gravatar.com\/avatar\/4c81fed838786e9b53f540bf46533e750f5d292099ae3b66cfc6fb1982e29df7?s=96&d=mm&r=g","contentUrl":"https:\/\/secure.gravatar.com\/avatar\/4c81fed838786e9b53f540bf46533e750f5d292099ae3b66cfc6fb1982e29df7?s=96&d=mm&r=g","caption":"admin"},"description":"admin","url":"https:\/\/lasentinelle.dz\/author\/admin\/"}]}},"_links":{"self":[{"href":"https:\/\/lasentinelle.dz\/index.php\/wp-json\/wp\/v2\/posts\/68549","targetHints":{"allow":["GET"]}}],"collection":[{"href":"https:\/\/lasentinelle.dz\/index.php\/wp-json\/wp\/v2\/posts"}],"about":[{"href":"https:\/\/lasentinelle.dz\/index.php\/wp-json\/wp\/v2\/types\/post"}],"author":[{"embeddable":true,"href":"https:\/\/lasentinelle.dz\/index.php\/wp-json\/wp\/v2\/users\/6"}],"replies":[{"embeddable":true,"href":"https:\/\/lasentinelle.dz\/index.php\/wp-json\/wp\/v2\/comments?post=68549"}],"version-history":[{"count":2,"href":"https:\/\/lasentinelle.dz\/index.php\/wp-json\/wp\/v2\/posts\/68549\/revisions"}],"predecessor-version":[{"id":68551,"href":"https:\/\/lasentinelle.dz\/index.php\/wp-json\/wp\/v2\/posts\/68549\/revisions\/68551"}],"wp:featuredmedia":[{"embeddable":true,"href":"https:\/\/lasentinelle.dz\/index.php\/wp-json\/wp\/v2\/media\/31868"}],"wp:attachment":[{"href":"https:\/\/lasentinelle.dz\/index.php\/wp-json\/wp\/v2\/media?parent=68549"}],"wp:term":[{"taxonomy":"category","embeddable":true,"href":"https:\/\/lasentinelle.dz\/index.php\/wp-json\/wp\/v2\/categories?post=68549"},{"taxonomy":"post_tag","embeddable":true,"href":"https:\/\/lasentinelle.dz\/index.php\/wp-json\/wp\/v2\/tags?post=68549"}],"curies":[{"name":"wp","href":"https:\/\/api.w.org\/{rel}","templated":true}]}}