{"id":68552,"date":"2025-06-04T22:30:08","date_gmt":"2025-06-04T21:30:08","guid":{"rendered":"https:\/\/lasentinelle.dz\/?p=68552"},"modified":"2025-06-04T22:30:09","modified_gmt":"2025-06-04T21:30:09","slug":"les-contrebandiers-de-lhistoirede-rachid-boudjedra-un-pamphlet-au-vitriol-contre-les-serviteurs-de-lideologie-coloniale","status":"publish","type":"post","link":"https:\/\/lasentinelle.dz\/index.php\/2025\/06\/04\/les-contrebandiers-de-lhistoirede-rachid-boudjedra-un-pamphlet-au-vitriol-contre-les-serviteurs-de-lideologie-coloniale\/","title":{"rendered":"Les \u00ab\u00a0contrebandiers de l&rsquo;histoire\u00a0\u00bbde Rachid Boudjedra : Un pamphlet au vitriol contre les serviteurs de l&rsquo;id\u00e9ologie coloniale"},"content":{"rendered":"\n<p>Les \u00e9ditions Dar El Hikma viennent d&rsquo;annoncer la parution prochaine des \u00ab\u00a0Contrebandiers de l&rsquo;histoire\u00a0\u00bb, un ouvrage bilingue o\u00f9 le ma\u00eetre des lettres alg\u00e9riennes r\u00e8gle ses comptes avec ceux qu&rsquo;il consid\u00e8re comme les nouveaux serviteurs de l&rsquo;id\u00e9ologie coloniale.<\/p>\n\n\n\n<p>L&rsquo;\u00e9crivain de renomm\u00e9e mondiale Rachid Boudjedra sort de son silence avec un pamphlet au vitriol qui promet de faire trembler le microcosme intellectuel entre les deux rives de la M\u00e9diterran\u00e9e. <strong>&nbsp;<\/strong>Dans ce livre, Boudjedra \u00ab\u00a0a choisi que son nouvel ouvrage soit dans le registre du pamphlet, dans lequel il r\u00e9pond aux propos de Boualem Sansal et Kamel Daoud\u00a0\u00bb. Cette fois, l&rsquo;auteur de \u00ab\u00a0La R\u00e9pudiation\u00a0\u00bb opte pour la confrontation directe avec ce qu&rsquo;il qualifie de \u00ab\u00a0litt\u00e9rature coloniale nouvelle qui s&#8217;empare de l&rsquo;histoire, m\u00e9prise les v\u00e9rit\u00e9s, d\u00e9daigne la culture et ignore m\u00eame la g\u00e9ographie\u00a0\u00bb.<\/p>\n\n\n\n<p>Le choix de publier simultan\u00e9ment en arabe et en fran\u00e7ais t\u00e9moigne de la volont\u00e9 de Boudjedra de toucher le plus large public possible dans cette bataille id\u00e9ologique qu&rsquo;il m\u00e8ne d\u00e9sormais au grand jour. L&rsquo;ouvrage, \u00e9dit\u00e9 par Dar El Hikma dont le propri\u00e9taire Ahmed Madi pr\u00e9side la corporation nationale des \u00e9diteurs de livres, constitue selon l&rsquo;annonce \u00ab\u00a0la premi\u00e8re r\u00e9action des \u00e9lites intellectuelles \u00e0 la campagne d\u00e9sinformatrice men\u00e9e par Boualem Sansal et Kamel Daoud, soutenus par les \u00e9lites coloniales fran\u00e7aises nostalgiques des crimes du colonialisme, qui trouvent appui et soutien aupr\u00e8s de l&rsquo;extr\u00eame droite fran\u00e7aise\u00a0\u00bb. Cette sortie fracassante de Boudjedra intervient dans un contexte de pol\u00e9miques r\u00e9currentes autour du positionnement de certains intellectuels alg\u00e9riens vis-\u00e0-vis de l&rsquo;histoire coloniale. L&rsquo;\u00e9crivain ne m\u00e2che pas ses mots pour d\u00e9noncer une instrumentalisation de la litt\u00e9rature au service d&rsquo;int\u00e9r\u00eats \u00e9trangers. Selon la pr\u00e9sentation de l&rsquo;ouvrage, il s&rsquo;agit d&rsquo;une \u00ab\u00a0argumentation litt\u00e9raire, intellectuelle et culturelle contre les racines de la litt\u00e9rature coloniale qui r\u00eave aujourd&rsquo;hui de retrouver les phases de m\u00e9pris des peuples, d&rsquo;oppression de leur volont\u00e9 et de confiscation de leur identit\u00e9\u00a0\u00bb.<\/p>\n\n\n\n<p>Le titre m\u00eame, \u00ab\u00a0Les Contrebandiers de l&rsquo;histoire\u00a0\u00bb, r\u00e9v\u00e8le la charge symbolique de cette entreprise litt\u00e9raire. Boudjedra y d\u00e9veloppe une critique acerbe de ce qu&rsquo;il nomme \u00ab\u00a0la nouvelle litt\u00e9rature coloniale\u00a0\u00bb en d\u00e9voilant \u00ab\u00a0les dessous, les arri\u00e8re-plans et les dimensions du nouveau concept colonial qui chevauche aujourd&rsquo;hui les slogans d\u00e9masqu\u00e9s de l&rsquo;Occident comme la libert\u00e9 d&rsquo;expression et de pens\u00e9e\u00a0\u00bb.<\/p>\n\n\n\n<p>Cette publication s&rsquo;annonce comme \u00ab\u00a0la r\u00e9ponse dure et r\u00e9v\u00e9latrice \u00e0 ce que tentent de r\u00e9aliser les \u00e9lites coloniales qui utilisent des personnages comme Boualem Sansal et Kamel Daoud\u00a0\u00bb. Boudjedra se dresse ainsi pour \u00ab\u00a0concr\u00e9tiser leurs pr\u00e9tentions r\u00e9clamant le dialogue et la discussion\u00a0\u00bb, tout en se proposant d&rsquo;exposer au grand jour les m\u00e9canismes de cette nouvelle forme de domination culturelle.<\/p>\n\n\n\n<p>L&rsquo;impact de ce pamphlet promet d&rsquo;\u00eatre consid\u00e9rable dans le paysage intellectuel alg\u00e9rien, d&rsquo;autant que Boudjedra jouit d&rsquo;une l\u00e9gitimit\u00e9 incontestable acquise au fil de d\u00e9cennies d&rsquo;engagement litt\u00e9raire. Son intervention dans ce d\u00e9bat, par la voix autoris\u00e9e d&rsquo;un \u00e9crivain reconnu internationalement, conf\u00e8re une nouvelle dimension \u00e0 une pol\u00e9mique qui d\u00e9passe d\u00e9sormais le cadre purement litt\u00e9raire pour toucher aux questions fondamentales d&rsquo;identit\u00e9, de m\u00e9moire et de souverainet\u00e9 culturelle. En choisissant l&rsquo;arme du pamphlet, Rachid Boudjedra entend manifestement porter le fer au c\u0153ur d&rsquo;un d\u00e9bat qu&rsquo;il estime vital.<\/p>\n\n\n\n<p>Salim Amokrane<\/p>\n","protected":false},"excerpt":{"rendered":"<p>Les \u00e9ditions Dar El Hikma viennent d&rsquo;annoncer la parution prochaine des \u00ab\u00a0Contrebandiers de l&rsquo;histoire\u00a0\u00bb, un ouvrage bilingue o\u00f9 le ma\u00eetre<\/p>\n","protected":false},"author":6,"featured_media":68553,"comment_status":"open","ping_status":"closed","sticky":false,"template":"","format":"standard","meta":{"colormag_page_container_layout":"default_layout","colormag_page_sidebar_layout":"default_layout","om_disable_all_campaigns":false,"_monsterinsights_skip_tracking":false,"_monsterinsights_sitenote_active":false,"_monsterinsights_sitenote_note":"","_monsterinsights_sitenote_category":0,"footnotes":"","_wpscppro_dont_share_socialmedia":false,"_wpscppro_custom_social_share_image":0,"_facebook_share_type":"default","_twitter_share_type":"default","_linkedin_share_type":"default","_pinterest_share_type":"default","_linkedin_share_type_page":"","_instagram_share_type":"default","_medium_share_type":"default","_threads_share_type":"","_google_business_share_type":"","_selected_social_profile":[],"_wpsp_enable_custom_social_template":false,"_wpsp_social_scheduling":{"enabled":false,"datetime":null,"platforms":[],"status":"template_only","dateOption":"today","timeOption":"now","customDays":"","customHours":"","customDate":"","customTime":"","schedulingType":"absolute"},"_wpsp_active_default_template":true},"categories":[52,27],"tags":[],"class_list":["post-68552","post","type-post","status-publish","format-standard","has-post-thumbnail","hentry","category-a-la-une","category-actualite"],"aioseo_notices":[],"yoast_head":"<!-- This site is optimized with the Yoast SEO plugin v27.5 - https:\/\/yoast.com\/product\/yoast-seo-wordpress\/ -->\n<title>Les \u00ab\u00a0contrebandiers de l&rsquo;histoire\u00a0\u00bbde Rachid Boudjedra : Un pamphlet au vitriol contre les serviteurs de l&rsquo;id\u00e9ologie coloniale - La Sentinelle<\/title>\n<meta name=\"robots\" content=\"index, follow, max-snippet:-1, max-image-preview:large, max-video-preview:-1\" \/>\n<link rel=\"canonical\" href=\"https:\/\/lasentinelle.dz\/index.php\/2025\/06\/04\/les-contrebandiers-de-lhistoirede-rachid-boudjedra-un-pamphlet-au-vitriol-contre-les-serviteurs-de-lideologie-coloniale\/\" \/>\n<meta property=\"og:locale\" content=\"fr_FR\" \/>\n<meta property=\"og:type\" content=\"article\" \/>\n<meta property=\"og:title\" content=\"Les \u00ab\u00a0contrebandiers de l&rsquo;histoire\u00a0\u00bbde Rachid Boudjedra : Un pamphlet au vitriol contre les serviteurs de l&rsquo;id\u00e9ologie coloniale - La Sentinelle\" \/>\n<meta property=\"og:description\" content=\"Les \u00e9ditions Dar El Hikma viennent d&rsquo;annoncer la parution prochaine des \u00ab\u00a0Contrebandiers de l&rsquo;histoire\u00a0\u00bb, un ouvrage bilingue o\u00f9 le ma\u00eetre\" \/>\n<meta property=\"og:url\" content=\"https:\/\/lasentinelle.dz\/index.php\/2025\/06\/04\/les-contrebandiers-de-lhistoirede-rachid-boudjedra-un-pamphlet-au-vitriol-contre-les-serviteurs-de-lideologie-coloniale\/\" \/>\n<meta property=\"og:site_name\" content=\"La Sentinelle\" \/>\n<meta property=\"article:publisher\" content=\"https:\/\/www.facebook.com\/La-Sentinelle-104059864394773\" \/>\n<meta property=\"article:published_time\" content=\"2025-06-04T21:30:08+00:00\" \/>\n<meta property=\"article:modified_time\" content=\"2025-06-04T21:30:09+00:00\" \/>\n<meta property=\"og:image\" content=\"https:\/\/lasentinelle.dz\/wp-content\/uploads\/2025\/06\/Boudjedra.jpg\" \/>\n\t<meta property=\"og:image:width\" content=\"800\" \/>\n\t<meta property=\"og:image:height\" content=\"506\" \/>\n\t<meta property=\"og:image:type\" content=\"image\/jpeg\" \/>\n<meta name=\"author\" content=\"admin\" \/>\n<meta name=\"twitter:card\" content=\"summary_large_image\" \/>\n<meta name=\"twitter:label1\" content=\"\u00c9crit par\" \/>\n\t<meta name=\"twitter:data1\" content=\"admin\" \/>\n\t<meta name=\"twitter:label2\" content=\"Dur\u00e9e de lecture estim\u00e9e\" \/>\n\t<meta name=\"twitter:data2\" content=\"3 minutes\" \/>\n<script type=\"application\/ld+json\" class=\"yoast-schema-graph\">{\"@context\":\"https:\\\/\\\/schema.org\",\"@graph\":[{\"@type\":\"Article\",\"@id\":\"https:\\\/\\\/lasentinelle.dz\\\/index.php\\\/2025\\\/06\\\/04\\\/les-contrebandiers-de-lhistoirede-rachid-boudjedra-un-pamphlet-au-vitriol-contre-les-serviteurs-de-lideologie-coloniale\\\/#article\",\"isPartOf\":{\"@id\":\"https:\\\/\\\/lasentinelle.dz\\\/index.php\\\/2025\\\/06\\\/04\\\/les-contrebandiers-de-lhistoirede-rachid-boudjedra-un-pamphlet-au-vitriol-contre-les-serviteurs-de-lideologie-coloniale\\\/\"},\"author\":{\"name\":\"admin\",\"@id\":\"https:\\\/\\\/lasentinelle.dz\\\/#\\\/schema\\\/person\\\/729ee0024f24e0b8c5ec17232f8e8b41\"},\"headline\":\"Les \u00ab\u00a0contrebandiers de l&rsquo;histoire\u00a0\u00bbde Rachid Boudjedra : Un pamphlet au vitriol contre les serviteurs de l&rsquo;id\u00e9ologie coloniale\",\"datePublished\":\"2025-06-04T21:30:08+00:00\",\"dateModified\":\"2025-06-04T21:30:09+00:00\",\"mainEntityOfPage\":{\"@id\":\"https:\\\/\\\/lasentinelle.dz\\\/index.php\\\/2025\\\/06\\\/04\\\/les-contrebandiers-de-lhistoirede-rachid-boudjedra-un-pamphlet-au-vitriol-contre-les-serviteurs-de-lideologie-coloniale\\\/\"},\"wordCount\":644,\"commentCount\":0,\"publisher\":{\"@id\":\"https:\\\/\\\/lasentinelle.dz\\\/#organization\"},\"image\":{\"@id\":\"https:\\\/\\\/lasentinelle.dz\\\/index.php\\\/2025\\\/06\\\/04\\\/les-contrebandiers-de-lhistoirede-rachid-boudjedra-un-pamphlet-au-vitriol-contre-les-serviteurs-de-lideologie-coloniale\\\/#primaryimage\"},\"thumbnailUrl\":\"https:\\\/\\\/lasentinelle.dz\\\/wp-content\\\/uploads\\\/2025\\\/06\\\/Boudjedra.jpg\",\"articleSection\":[\"\u00c0 la Une\",\"Actualit\u00e9\"],\"inLanguage\":\"fr-FR\",\"potentialAction\":[{\"@type\":\"CommentAction\",\"name\":\"Comment\",\"target\":[\"https:\\\/\\\/lasentinelle.dz\\\/index.php\\\/2025\\\/06\\\/04\\\/les-contrebandiers-de-lhistoirede-rachid-boudjedra-un-pamphlet-au-vitriol-contre-les-serviteurs-de-lideologie-coloniale\\\/#respond\"]}]},{\"@type\":\"WebPage\",\"@id\":\"https:\\\/\\\/lasentinelle.dz\\\/index.php\\\/2025\\\/06\\\/04\\\/les-contrebandiers-de-lhistoirede-rachid-boudjedra-un-pamphlet-au-vitriol-contre-les-serviteurs-de-lideologie-coloniale\\\/\",\"url\":\"https:\\\/\\\/lasentinelle.dz\\\/index.php\\\/2025\\\/06\\\/04\\\/les-contrebandiers-de-lhistoirede-rachid-boudjedra-un-pamphlet-au-vitriol-contre-les-serviteurs-de-lideologie-coloniale\\\/\",\"name\":\"Les \u00ab\u00a0contrebandiers de l&rsquo;histoire\u00a0\u00bbde Rachid Boudjedra : Un pamphlet au vitriol contre les serviteurs de l&rsquo;id\u00e9ologie coloniale - La Sentinelle\",\"isPartOf\":{\"@id\":\"https:\\\/\\\/lasentinelle.dz\\\/#website\"},\"primaryImageOfPage\":{\"@id\":\"https:\\\/\\\/lasentinelle.dz\\\/index.php\\\/2025\\\/06\\\/04\\\/les-contrebandiers-de-lhistoirede-rachid-boudjedra-un-pamphlet-au-vitriol-contre-les-serviteurs-de-lideologie-coloniale\\\/#primaryimage\"},\"image\":{\"@id\":\"https:\\\/\\\/lasentinelle.dz\\\/index.php\\\/2025\\\/06\\\/04\\\/les-contrebandiers-de-lhistoirede-rachid-boudjedra-un-pamphlet-au-vitriol-contre-les-serviteurs-de-lideologie-coloniale\\\/#primaryimage\"},\"thumbnailUrl\":\"https:\\\/\\\/lasentinelle.dz\\\/wp-content\\\/uploads\\\/2025\\\/06\\\/Boudjedra.jpg\",\"datePublished\":\"2025-06-04T21:30:08+00:00\",\"dateModified\":\"2025-06-04T21:30:09+00:00\",\"breadcrumb\":{\"@id\":\"https:\\\/\\\/lasentinelle.dz\\\/index.php\\\/2025\\\/06\\\/04\\\/les-contrebandiers-de-lhistoirede-rachid-boudjedra-un-pamphlet-au-vitriol-contre-les-serviteurs-de-lideologie-coloniale\\\/#breadcrumb\"},\"inLanguage\":\"fr-FR\",\"potentialAction\":[{\"@type\":\"ReadAction\",\"target\":[\"https:\\\/\\\/lasentinelle.dz\\\/index.php\\\/2025\\\/06\\\/04\\\/les-contrebandiers-de-lhistoirede-rachid-boudjedra-un-pamphlet-au-vitriol-contre-les-serviteurs-de-lideologie-coloniale\\\/\"]}]},{\"@type\":\"ImageObject\",\"inLanguage\":\"fr-FR\",\"@id\":\"https:\\\/\\\/lasentinelle.dz\\\/index.php\\\/2025\\\/06\\\/04\\\/les-contrebandiers-de-lhistoirede-rachid-boudjedra-un-pamphlet-au-vitriol-contre-les-serviteurs-de-lideologie-coloniale\\\/#primaryimage\",\"url\":\"https:\\\/\\\/lasentinelle.dz\\\/wp-content\\\/uploads\\\/2025\\\/06\\\/Boudjedra.jpg\",\"contentUrl\":\"https:\\\/\\\/lasentinelle.dz\\\/wp-content\\\/uploads\\\/2025\\\/06\\\/Boudjedra.jpg\",\"width\":800,\"height\":506},{\"@type\":\"BreadcrumbList\",\"@id\":\"https:\\\/\\\/lasentinelle.dz\\\/index.php\\\/2025\\\/06\\\/04\\\/les-contrebandiers-de-lhistoirede-rachid-boudjedra-un-pamphlet-au-vitriol-contre-les-serviteurs-de-lideologie-coloniale\\\/#breadcrumb\",\"itemListElement\":[{\"@type\":\"ListItem\",\"position\":1,\"name\":\"Accueil\",\"item\":\"https:\\\/\\\/lasentinelle.dz\\\/\"},{\"@type\":\"ListItem\",\"position\":2,\"name\":\"Les \u00ab\u00a0contrebandiers de l&rsquo;histoire\u00a0\u00bbde Rachid Boudjedra : Un pamphlet au vitriol contre les serviteurs de l&rsquo;id\u00e9ologie coloniale\"}]},{\"@type\":\"WebSite\",\"@id\":\"https:\\\/\\\/lasentinelle.dz\\\/#website\",\"url\":\"https:\\\/\\\/lasentinelle.dz\\\/\",\"name\":\"La Sentinelle\",\"description\":\"Quotidien national d&#039;information\",\"publisher\":{\"@id\":\"https:\\\/\\\/lasentinelle.dz\\\/#organization\"},\"potentialAction\":[{\"@type\":\"SearchAction\",\"target\":{\"@type\":\"EntryPoint\",\"urlTemplate\":\"https:\\\/\\\/lasentinelle.dz\\\/?s={search_term_string}\"},\"query-input\":{\"@type\":\"PropertyValueSpecification\",\"valueRequired\":true,\"valueName\":\"search_term_string\"}}],\"inLanguage\":\"fr-FR\"},{\"@type\":\"Organization\",\"@id\":\"https:\\\/\\\/lasentinelle.dz\\\/#organization\",\"name\":\"Quotidien La Sentinelle\",\"url\":\"https:\\\/\\\/lasentinelle.dz\\\/\",\"logo\":{\"@type\":\"ImageObject\",\"inLanguage\":\"fr-FR\",\"@id\":\"https:\\\/\\\/lasentinelle.dz\\\/#\\\/schema\\\/logo\\\/image\\\/\",\"url\":\"https:\\\/\\\/lasentinelle.dz\\\/wp-content\\\/uploads\\\/2021\\\/09\\\/logo-sentinelleSLOGAN-1.png\",\"contentUrl\":\"https:\\\/\\\/lasentinelle.dz\\\/wp-content\\\/uploads\\\/2021\\\/09\\\/logo-sentinelleSLOGAN-1.png\",\"width\":615,\"height\":142,\"caption\":\"Quotidien La Sentinelle\"},\"image\":{\"@id\":\"https:\\\/\\\/lasentinelle.dz\\\/#\\\/schema\\\/logo\\\/image\\\/\"},\"sameAs\":[\"https:\\\/\\\/www.facebook.com\\\/La-Sentinelle-104059864394773\"]},{\"@type\":\"Person\",\"@id\":\"https:\\\/\\\/lasentinelle.dz\\\/#\\\/schema\\\/person\\\/729ee0024f24e0b8c5ec17232f8e8b41\",\"name\":\"admin\",\"image\":{\"@type\":\"ImageObject\",\"inLanguage\":\"fr-FR\",\"@id\":\"https:\\\/\\\/secure.gravatar.com\\\/avatar\\\/4c81fed838786e9b53f540bf46533e750f5d292099ae3b66cfc6fb1982e29df7?s=96&d=mm&r=g\",\"url\":\"https:\\\/\\\/secure.gravatar.com\\\/avatar\\\/4c81fed838786e9b53f540bf46533e750f5d292099ae3b66cfc6fb1982e29df7?s=96&d=mm&r=g\",\"contentUrl\":\"https:\\\/\\\/secure.gravatar.com\\\/avatar\\\/4c81fed838786e9b53f540bf46533e750f5d292099ae3b66cfc6fb1982e29df7?s=96&d=mm&r=g\",\"caption\":\"admin\"},\"description\":\"admin\",\"url\":\"https:\\\/\\\/lasentinelle.dz\\\/author\\\/admin\\\/\"}]}<\/script>\n<!-- \/ Yoast SEO plugin. -->","yoast_head_json":{"title":"Les \u00ab\u00a0contrebandiers de l&rsquo;histoire\u00a0\u00bbde Rachid Boudjedra : Un pamphlet au vitriol contre les serviteurs de l&rsquo;id\u00e9ologie coloniale - La Sentinelle","robots":{"index":"index","follow":"follow","max-snippet":"max-snippet:-1","max-image-preview":"max-image-preview:large","max-video-preview":"max-video-preview:-1"},"canonical":"https:\/\/lasentinelle.dz\/index.php\/2025\/06\/04\/les-contrebandiers-de-lhistoirede-rachid-boudjedra-un-pamphlet-au-vitriol-contre-les-serviteurs-de-lideologie-coloniale\/","og_locale":"fr_FR","og_type":"article","og_title":"Les \u00ab\u00a0contrebandiers de l&rsquo;histoire\u00a0\u00bbde Rachid Boudjedra : Un pamphlet au vitriol contre les serviteurs de l&rsquo;id\u00e9ologie coloniale - La Sentinelle","og_description":"Les \u00e9ditions Dar El Hikma viennent d&rsquo;annoncer la parution prochaine des \u00ab\u00a0Contrebandiers de l&rsquo;histoire\u00a0\u00bb, un ouvrage bilingue o\u00f9 le ma\u00eetre","og_url":"https:\/\/lasentinelle.dz\/index.php\/2025\/06\/04\/les-contrebandiers-de-lhistoirede-rachid-boudjedra-un-pamphlet-au-vitriol-contre-les-serviteurs-de-lideologie-coloniale\/","og_site_name":"La Sentinelle","article_publisher":"https:\/\/www.facebook.com\/La-Sentinelle-104059864394773","article_published_time":"2025-06-04T21:30:08+00:00","article_modified_time":"2025-06-04T21:30:09+00:00","og_image":[{"width":800,"height":506,"url":"https:\/\/lasentinelle.dz\/wp-content\/uploads\/2025\/06\/Boudjedra.jpg","type":"image\/jpeg"}],"author":"admin","twitter_card":"summary_large_image","twitter_misc":{"\u00c9crit par":"admin","Dur\u00e9e de lecture estim\u00e9e":"3 minutes"},"schema":{"@context":"https:\/\/schema.org","@graph":[{"@type":"Article","@id":"https:\/\/lasentinelle.dz\/index.php\/2025\/06\/04\/les-contrebandiers-de-lhistoirede-rachid-boudjedra-un-pamphlet-au-vitriol-contre-les-serviteurs-de-lideologie-coloniale\/#article","isPartOf":{"@id":"https:\/\/lasentinelle.dz\/index.php\/2025\/06\/04\/les-contrebandiers-de-lhistoirede-rachid-boudjedra-un-pamphlet-au-vitriol-contre-les-serviteurs-de-lideologie-coloniale\/"},"author":{"name":"admin","@id":"https:\/\/lasentinelle.dz\/#\/schema\/person\/729ee0024f24e0b8c5ec17232f8e8b41"},"headline":"Les \u00ab\u00a0contrebandiers de l&rsquo;histoire\u00a0\u00bbde Rachid Boudjedra : Un pamphlet au vitriol contre les serviteurs de l&rsquo;id\u00e9ologie coloniale","datePublished":"2025-06-04T21:30:08+00:00","dateModified":"2025-06-04T21:30:09+00:00","mainEntityOfPage":{"@id":"https:\/\/lasentinelle.dz\/index.php\/2025\/06\/04\/les-contrebandiers-de-lhistoirede-rachid-boudjedra-un-pamphlet-au-vitriol-contre-les-serviteurs-de-lideologie-coloniale\/"},"wordCount":644,"commentCount":0,"publisher":{"@id":"https:\/\/lasentinelle.dz\/#organization"},"image":{"@id":"https:\/\/lasentinelle.dz\/index.php\/2025\/06\/04\/les-contrebandiers-de-lhistoirede-rachid-boudjedra-un-pamphlet-au-vitriol-contre-les-serviteurs-de-lideologie-coloniale\/#primaryimage"},"thumbnailUrl":"https:\/\/lasentinelle.dz\/wp-content\/uploads\/2025\/06\/Boudjedra.jpg","articleSection":["\u00c0 la Une","Actualit\u00e9"],"inLanguage":"fr-FR","potentialAction":[{"@type":"CommentAction","name":"Comment","target":["https:\/\/lasentinelle.dz\/index.php\/2025\/06\/04\/les-contrebandiers-de-lhistoirede-rachid-boudjedra-un-pamphlet-au-vitriol-contre-les-serviteurs-de-lideologie-coloniale\/#respond"]}]},{"@type":"WebPage","@id":"https:\/\/lasentinelle.dz\/index.php\/2025\/06\/04\/les-contrebandiers-de-lhistoirede-rachid-boudjedra-un-pamphlet-au-vitriol-contre-les-serviteurs-de-lideologie-coloniale\/","url":"https:\/\/lasentinelle.dz\/index.php\/2025\/06\/04\/les-contrebandiers-de-lhistoirede-rachid-boudjedra-un-pamphlet-au-vitriol-contre-les-serviteurs-de-lideologie-coloniale\/","name":"Les \u00ab\u00a0contrebandiers de l&rsquo;histoire\u00a0\u00bbde Rachid Boudjedra : Un pamphlet au vitriol contre les serviteurs de l&rsquo;id\u00e9ologie coloniale - La Sentinelle","isPartOf":{"@id":"https:\/\/lasentinelle.dz\/#website"},"primaryImageOfPage":{"@id":"https:\/\/lasentinelle.dz\/index.php\/2025\/06\/04\/les-contrebandiers-de-lhistoirede-rachid-boudjedra-un-pamphlet-au-vitriol-contre-les-serviteurs-de-lideologie-coloniale\/#primaryimage"},"image":{"@id":"https:\/\/lasentinelle.dz\/index.php\/2025\/06\/04\/les-contrebandiers-de-lhistoirede-rachid-boudjedra-un-pamphlet-au-vitriol-contre-les-serviteurs-de-lideologie-coloniale\/#primaryimage"},"thumbnailUrl":"https:\/\/lasentinelle.dz\/wp-content\/uploads\/2025\/06\/Boudjedra.jpg","datePublished":"2025-06-04T21:30:08+00:00","dateModified":"2025-06-04T21:30:09+00:00","breadcrumb":{"@id":"https:\/\/lasentinelle.dz\/index.php\/2025\/06\/04\/les-contrebandiers-de-lhistoirede-rachid-boudjedra-un-pamphlet-au-vitriol-contre-les-serviteurs-de-lideologie-coloniale\/#breadcrumb"},"inLanguage":"fr-FR","potentialAction":[{"@type":"ReadAction","target":["https:\/\/lasentinelle.dz\/index.php\/2025\/06\/04\/les-contrebandiers-de-lhistoirede-rachid-boudjedra-un-pamphlet-au-vitriol-contre-les-serviteurs-de-lideologie-coloniale\/"]}]},{"@type":"ImageObject","inLanguage":"fr-FR","@id":"https:\/\/lasentinelle.dz\/index.php\/2025\/06\/04\/les-contrebandiers-de-lhistoirede-rachid-boudjedra-un-pamphlet-au-vitriol-contre-les-serviteurs-de-lideologie-coloniale\/#primaryimage","url":"https:\/\/lasentinelle.dz\/wp-content\/uploads\/2025\/06\/Boudjedra.jpg","contentUrl":"https:\/\/lasentinelle.dz\/wp-content\/uploads\/2025\/06\/Boudjedra.jpg","width":800,"height":506},{"@type":"BreadcrumbList","@id":"https:\/\/lasentinelle.dz\/index.php\/2025\/06\/04\/les-contrebandiers-de-lhistoirede-rachid-boudjedra-un-pamphlet-au-vitriol-contre-les-serviteurs-de-lideologie-coloniale\/#breadcrumb","itemListElement":[{"@type":"ListItem","position":1,"name":"Accueil","item":"https:\/\/lasentinelle.dz\/"},{"@type":"ListItem","position":2,"name":"Les \u00ab\u00a0contrebandiers de l&rsquo;histoire\u00a0\u00bbde Rachid Boudjedra : Un pamphlet au vitriol contre les serviteurs de l&rsquo;id\u00e9ologie coloniale"}]},{"@type":"WebSite","@id":"https:\/\/lasentinelle.dz\/#website","url":"https:\/\/lasentinelle.dz\/","name":"La Sentinelle","description":"Quotidien national d&#039;information","publisher":{"@id":"https:\/\/lasentinelle.dz\/#organization"},"potentialAction":[{"@type":"SearchAction","target":{"@type":"EntryPoint","urlTemplate":"https:\/\/lasentinelle.dz\/?s={search_term_string}"},"query-input":{"@type":"PropertyValueSpecification","valueRequired":true,"valueName":"search_term_string"}}],"inLanguage":"fr-FR"},{"@type":"Organization","@id":"https:\/\/lasentinelle.dz\/#organization","name":"Quotidien La Sentinelle","url":"https:\/\/lasentinelle.dz\/","logo":{"@type":"ImageObject","inLanguage":"fr-FR","@id":"https:\/\/lasentinelle.dz\/#\/schema\/logo\/image\/","url":"https:\/\/lasentinelle.dz\/wp-content\/uploads\/2021\/09\/logo-sentinelleSLOGAN-1.png","contentUrl":"https:\/\/lasentinelle.dz\/wp-content\/uploads\/2021\/09\/logo-sentinelleSLOGAN-1.png","width":615,"height":142,"caption":"Quotidien La Sentinelle"},"image":{"@id":"https:\/\/lasentinelle.dz\/#\/schema\/logo\/image\/"},"sameAs":["https:\/\/www.facebook.com\/La-Sentinelle-104059864394773"]},{"@type":"Person","@id":"https:\/\/lasentinelle.dz\/#\/schema\/person\/729ee0024f24e0b8c5ec17232f8e8b41","name":"admin","image":{"@type":"ImageObject","inLanguage":"fr-FR","@id":"https:\/\/secure.gravatar.com\/avatar\/4c81fed838786e9b53f540bf46533e750f5d292099ae3b66cfc6fb1982e29df7?s=96&d=mm&r=g","url":"https:\/\/secure.gravatar.com\/avatar\/4c81fed838786e9b53f540bf46533e750f5d292099ae3b66cfc6fb1982e29df7?s=96&d=mm&r=g","contentUrl":"https:\/\/secure.gravatar.com\/avatar\/4c81fed838786e9b53f540bf46533e750f5d292099ae3b66cfc6fb1982e29df7?s=96&d=mm&r=g","caption":"admin"},"description":"admin","url":"https:\/\/lasentinelle.dz\/author\/admin\/"}]}},"_links":{"self":[{"href":"https:\/\/lasentinelle.dz\/index.php\/wp-json\/wp\/v2\/posts\/68552","targetHints":{"allow":["GET"]}}],"collection":[{"href":"https:\/\/lasentinelle.dz\/index.php\/wp-json\/wp\/v2\/posts"}],"about":[{"href":"https:\/\/lasentinelle.dz\/index.php\/wp-json\/wp\/v2\/types\/post"}],"author":[{"embeddable":true,"href":"https:\/\/lasentinelle.dz\/index.php\/wp-json\/wp\/v2\/users\/6"}],"replies":[{"embeddable":true,"href":"https:\/\/lasentinelle.dz\/index.php\/wp-json\/wp\/v2\/comments?post=68552"}],"version-history":[{"count":2,"href":"https:\/\/lasentinelle.dz\/index.php\/wp-json\/wp\/v2\/posts\/68552\/revisions"}],"predecessor-version":[{"id":68555,"href":"https:\/\/lasentinelle.dz\/index.php\/wp-json\/wp\/v2\/posts\/68552\/revisions\/68555"}],"wp:featuredmedia":[{"embeddable":true,"href":"https:\/\/lasentinelle.dz\/index.php\/wp-json\/wp\/v2\/media\/68553"}],"wp:attachment":[{"href":"https:\/\/lasentinelle.dz\/index.php\/wp-json\/wp\/v2\/media?parent=68552"}],"wp:term":[{"taxonomy":"category","embeddable":true,"href":"https:\/\/lasentinelle.dz\/index.php\/wp-json\/wp\/v2\/categories?post=68552"},{"taxonomy":"post_tag","embeddable":true,"href":"https:\/\/lasentinelle.dz\/index.php\/wp-json\/wp\/v2\/tags?post=68552"}],"curies":[{"name":"wp","href":"https:\/\/api.w.org\/{rel}","templated":true}]}}