{"id":68556,"date":"2025-06-04T22:31:17","date_gmt":"2025-06-04T21:31:17","guid":{"rendered":"https:\/\/lasentinelle.dz\/?p=68556"},"modified":"2025-06-04T22:31:17","modified_gmt":"2025-06-04T21:31:17","slug":"creation-dun-centre-de-recherche-et-de-production-de-vaccins-les-premiers-vaccins-seront-produits-dici-la-fin-de-lannee","status":"publish","type":"post","link":"https:\/\/lasentinelle.dz\/index.php\/2025\/06\/04\/creation-dun-centre-de-recherche-et-de-production-de-vaccins-les-premiers-vaccins-seront-produits-dici-la-fin-de-lannee\/","title":{"rendered":"Cr\u00e9ation d&rsquo;un centre de recherche et de production de vaccins: Les premiers vaccins seront produits d&rsquo;ici la fin de l&rsquo;ann\u00e9e"},"content":{"rendered":"\n<p>L&rsquo;Alg\u00e9rie lance une d\u00e9marche strat\u00e9gique dans le sens d&rsquo;une plus grande autonomie sanitaire avec le lancement d&rsquo;un ambitieux projet de recherche et de production de vaccins. La signature r\u00e9cente d&rsquo;une convention tripartite entre le groupe Saidal, Madar Holding et l&rsquo;Association de recherche scientifique en virologie (AGERP) marque le d\u00e9but d&rsquo;une nouvelle \u00e8re pour la s\u00e9curit\u00e9 sanitaire nationale. Houcem Korib, pr\u00e9sident de l&rsquo;AGERP, invit\u00e9 hier de la Cha\u00eene 3 de la Radio alg\u00e9rienne, ne cache pas ses ambitions pour ce projet qu&rsquo;il qualifie de \u00ab\u00a0strat\u00e9gique\u00a0\u00bb pour le pays. \u00ab\u00a0La ma\u00eetrise des vaccins constitue un v\u00e9ritable enjeu s\u00e9curitaire et rel\u00e8ve de la souverainet\u00e9 nationale\u00a0\u00bb, affirme-t-il avec conviction. Cette initiative r\u00e9pond \u00e0 un constat pr\u00e9occupant : depuis l&rsquo;ind\u00e9pendance, l&rsquo;Alg\u00e9rie ne dispose d&rsquo;aucun centre de recherche en virologie capable d&rsquo;analyser efficacement les vaccins import\u00e9s ou de d\u00e9velopper ses propres solutions th\u00e9rapeutiques. Le projet s&rsquo;articule autour de plusieurs axes strat\u00e9giques, avec en premi\u00e8re ligne la cr\u00e9ation d&rsquo;un centre d&rsquo;exp\u00e9rimentation animale \u00e0 Biskra, choix g\u00e9ographique m\u00fbrement r\u00e9fl\u00e9chi en collaboration avec le minist\u00e8re de l&rsquo;Enseignement sup\u00e9rieur. \u00ab\u00a0L&rsquo;objectif initial est de v\u00e9rifier l&rsquo;efficacit\u00e9 et la composition des vaccins import\u00e9s\u00a0\u00bb, explique Korib, \u00e9voquant l&rsquo;exemple malheureux du vaccin contre la fi\u00e8vre catarrhale ovine import\u00e9 d&rsquo;Inde qui s&rsquo;\u00e9tait r\u00e9v\u00e9l\u00e9 contamin\u00e9, affectant gravement le cheptel national. Cette exp\u00e9rience douloureuse illustre parfaitement les risques li\u00e9s \u00e0 la d\u00e9pendance vaccinale. \u00ab\u00a0Il y a un enjeu s\u00e9curitaire important, c&rsquo;est-\u00e0-dire que d&rsquo;abord dans cette premi\u00e8re \u00e9tape, le centre de recherche va contr\u00f4ler les vaccins qu&rsquo;on ach\u00e8te \u00e0 l&rsquo;\u00e9tranger\u00a0\u00bb, pr\u00e9cise le pr\u00e9sident de l&rsquo;AGERP. Au-del\u00e0 du contr\u00f4le, l&rsquo;objectif est de d\u00e9velopper une capacit\u00e9 d&rsquo;adaptation aux souches virales circulantes sur le territoire national, probl\u00e9matique cruciale face aux mutations constantes des pathog\u00e8nes. La dimension \u00e9conomique du projet n&rsquo;est pas n\u00e9gligeable. L&rsquo;Alg\u00e9rie d\u00e9pense actuellement pr\u00e8s de 300 millions de dollars annuellement pour l&rsquo;importation de vaccins, une facture que ce projet ambitieux entend r\u00e9duire significativement. \u00ab\u00a0On va commencer par les vaccins v\u00e9t\u00e9rinaires qui posent probl\u00e8me actuellement de sant\u00e9 publique en Alg\u00e9rie\u00a0\u00bb, annonce Korib, soulignant que la grippe aviaire d\u00e9cime chaque ann\u00e9e 50% du cheptel national avec des r\u00e9percussions directes sur la s\u00e9curit\u00e9 alimentaire. Le calendrier de r\u00e9alisation t\u00e9moigne de l&rsquo;urgence per\u00e7ue par les autorit\u00e9s. Gr\u00e2ce aux infrastructures existantes de Saidal, notamment le centre de recherche de Dar El Beida et l&rsquo;unit\u00e9 de production de Mostaganem, \u00ab\u00a0d&rsquo;ici fin d&rsquo;ann\u00e9e, on va pouvoir d\u00e9but de l&rsquo;ann\u00e9e 2026 fabriquer les premiers vaccins v\u00e9t\u00e9rinaires\u00a0\u00bb, promet Korib.<\/p>\n\n\n\n<p>L&rsquo;innovation constitue un autre pilier de cette strat\u00e9gie. L&rsquo;AGERP d\u00e9tient d\u00e9j\u00e0 sept brevets, dont certains \u00e0 port\u00e9e internationale. Korib \u00e9voque notamment une th\u00e9rapie r\u00e9volutionnaire capable de r\u00e9pondre \u00e0 toute pand\u00e9mie virale \u00ab\u00a0dans un d\u00e9lai entre 15 jours et un mois\u00a0\u00bb, positionnant potentiellement l&rsquo;Alg\u00e9rie comme leader mondial dans la riposte sanitaire d&rsquo;urgence.<\/p>\n\n\n\n<p>Lyna Larbi<\/p>\n","protected":false},"excerpt":{"rendered":"<p>L&rsquo;Alg\u00e9rie lance une d\u00e9marche strat\u00e9gique dans le sens d&rsquo;une plus grande autonomie sanitaire avec le lancement d&rsquo;un ambitieux projet de<\/p>\n","protected":false},"author":2,"featured_media":68398,"comment_status":"open","ping_status":"closed","sticky":false,"template":"","format":"standard","meta":{"colormag_page_container_layout":"default_layout","colormag_page_sidebar_layout":"default_layout","om_disable_all_campaigns":false,"_monsterinsights_skip_tracking":false,"_monsterinsights_sitenote_active":false,"_monsterinsights_sitenote_note":"","_monsterinsights_sitenote_category":0,"footnotes":"","_wpscppro_dont_share_socialmedia":false,"_wpscppro_custom_social_share_image":0,"_facebook_share_type":"default","_twitter_share_type":"default","_linkedin_share_type":"default","_pinterest_share_type":"default","_linkedin_share_type_page":"","_instagram_share_type":"default","_medium_share_type":"default","_threads_share_type":"","_google_business_share_type":"","_selected_social_profile":[],"_wpsp_enable_custom_social_template":false,"_wpsp_social_scheduling":{"enabled":false,"datetime":null,"platforms":[],"status":"template_only","dateOption":"today","timeOption":"now","customDays":"","customHours":"","customDate":"","customTime":"","schedulingType":"absolute"},"_wpsp_active_default_template":true},"categories":[27],"tags":[],"class_list":["post-68556","post","type-post","status-publish","format-standard","has-post-thumbnail","hentry","category-actualite"],"aioseo_notices":[],"yoast_head":"<!-- This site is optimized with the Yoast SEO plugin v27.5 - https:\/\/yoast.com\/product\/yoast-seo-wordpress\/ -->\n<title>Cr\u00e9ation d&rsquo;un centre de recherche et de production de vaccins: Les premiers vaccins seront produits d&rsquo;ici la fin de l&rsquo;ann\u00e9e - La Sentinelle<\/title>\n<meta name=\"robots\" content=\"index, follow, max-snippet:-1, max-image-preview:large, max-video-preview:-1\" \/>\n<link rel=\"canonical\" href=\"https:\/\/lasentinelle.dz\/index.php\/2025\/06\/04\/creation-dun-centre-de-recherche-et-de-production-de-vaccins-les-premiers-vaccins-seront-produits-dici-la-fin-de-lannee\/\" \/>\n<meta property=\"og:locale\" content=\"fr_FR\" \/>\n<meta property=\"og:type\" content=\"article\" \/>\n<meta property=\"og:title\" content=\"Cr\u00e9ation d&rsquo;un centre de recherche et de production de vaccins: Les premiers vaccins seront produits d&rsquo;ici la fin de l&rsquo;ann\u00e9e - La Sentinelle\" \/>\n<meta property=\"og:description\" content=\"L&rsquo;Alg\u00e9rie lance une d\u00e9marche strat\u00e9gique dans le sens d&rsquo;une plus grande autonomie sanitaire avec le lancement d&rsquo;un ambitieux projet de\" \/>\n<meta property=\"og:url\" content=\"https:\/\/lasentinelle.dz\/index.php\/2025\/06\/04\/creation-dun-centre-de-recherche-et-de-production-de-vaccins-les-premiers-vaccins-seront-produits-dici-la-fin-de-lannee\/\" \/>\n<meta property=\"og:site_name\" content=\"La Sentinelle\" \/>\n<meta property=\"article:publisher\" content=\"https:\/\/www.facebook.com\/La-Sentinelle-104059864394773\" \/>\n<meta property=\"article:published_time\" content=\"2025-06-04T21:31:17+00:00\" \/>\n<meta property=\"og:image\" content=\"https:\/\/lasentinelle.dz\/wp-content\/uploads\/2025\/06\/502678198_1148511190639601_157231522945291607_n.jpg\" \/>\n\t<meta property=\"og:image:width\" content=\"1600\" \/>\n\t<meta property=\"og:image:height\" content=\"1126\" \/>\n\t<meta property=\"og:image:type\" content=\"image\/jpeg\" \/>\n<meta name=\"author\" content=\"Azzedine Belferag\" \/>\n<meta name=\"twitter:card\" content=\"summary_large_image\" \/>\n<meta name=\"twitter:label1\" content=\"\u00c9crit par\" \/>\n\t<meta name=\"twitter:data1\" content=\"Azzedine Belferag\" \/>\n\t<meta name=\"twitter:label2\" content=\"Dur\u00e9e de lecture estim\u00e9e\" \/>\n\t<meta name=\"twitter:data2\" content=\"3 minutes\" \/>\n<script type=\"application\/ld+json\" class=\"yoast-schema-graph\">{\"@context\":\"https:\\\/\\\/schema.org\",\"@graph\":[{\"@type\":\"Article\",\"@id\":\"https:\\\/\\\/lasentinelle.dz\\\/index.php\\\/2025\\\/06\\\/04\\\/creation-dun-centre-de-recherche-et-de-production-de-vaccins-les-premiers-vaccins-seront-produits-dici-la-fin-de-lannee\\\/#article\",\"isPartOf\":{\"@id\":\"https:\\\/\\\/lasentinelle.dz\\\/index.php\\\/2025\\\/06\\\/04\\\/creation-dun-centre-de-recherche-et-de-production-de-vaccins-les-premiers-vaccins-seront-produits-dici-la-fin-de-lannee\\\/\"},\"author\":{\"name\":\"Azzedine Belferag\",\"@id\":\"https:\\\/\\\/lasentinelle.dz\\\/#\\\/schema\\\/person\\\/e22c868643946ece5f328ac9d185b29f\"},\"headline\":\"Cr\u00e9ation d&rsquo;un centre de recherche et de production de vaccins: Les premiers vaccins seront produits d&rsquo;ici la fin de l&rsquo;ann\u00e9e\",\"datePublished\":\"2025-06-04T21:31:17+00:00\",\"mainEntityOfPage\":{\"@id\":\"https:\\\/\\\/lasentinelle.dz\\\/index.php\\\/2025\\\/06\\\/04\\\/creation-dun-centre-de-recherche-et-de-production-de-vaccins-les-premiers-vaccins-seront-produits-dici-la-fin-de-lannee\\\/\"},\"wordCount\":583,\"commentCount\":0,\"publisher\":{\"@id\":\"https:\\\/\\\/lasentinelle.dz\\\/#organization\"},\"image\":{\"@id\":\"https:\\\/\\\/lasentinelle.dz\\\/index.php\\\/2025\\\/06\\\/04\\\/creation-dun-centre-de-recherche-et-de-production-de-vaccins-les-premiers-vaccins-seront-produits-dici-la-fin-de-lannee\\\/#primaryimage\"},\"thumbnailUrl\":\"https:\\\/\\\/lasentinelle.dz\\\/wp-content\\\/uploads\\\/2025\\\/06\\\/502678198_1148511190639601_157231522945291607_n.jpg\",\"articleSection\":[\"Actualit\u00e9\"],\"inLanguage\":\"fr-FR\",\"potentialAction\":[{\"@type\":\"CommentAction\",\"name\":\"Comment\",\"target\":[\"https:\\\/\\\/lasentinelle.dz\\\/index.php\\\/2025\\\/06\\\/04\\\/creation-dun-centre-de-recherche-et-de-production-de-vaccins-les-premiers-vaccins-seront-produits-dici-la-fin-de-lannee\\\/#respond\"]}]},{\"@type\":\"WebPage\",\"@id\":\"https:\\\/\\\/lasentinelle.dz\\\/index.php\\\/2025\\\/06\\\/04\\\/creation-dun-centre-de-recherche-et-de-production-de-vaccins-les-premiers-vaccins-seront-produits-dici-la-fin-de-lannee\\\/\",\"url\":\"https:\\\/\\\/lasentinelle.dz\\\/index.php\\\/2025\\\/06\\\/04\\\/creation-dun-centre-de-recherche-et-de-production-de-vaccins-les-premiers-vaccins-seront-produits-dici-la-fin-de-lannee\\\/\",\"name\":\"Cr\u00e9ation d&rsquo;un centre de recherche et de production de vaccins: Les premiers vaccins seront produits d&rsquo;ici la fin de l&rsquo;ann\u00e9e - La Sentinelle\",\"isPartOf\":{\"@id\":\"https:\\\/\\\/lasentinelle.dz\\\/#website\"},\"primaryImageOfPage\":{\"@id\":\"https:\\\/\\\/lasentinelle.dz\\\/index.php\\\/2025\\\/06\\\/04\\\/creation-dun-centre-de-recherche-et-de-production-de-vaccins-les-premiers-vaccins-seront-produits-dici-la-fin-de-lannee\\\/#primaryimage\"},\"image\":{\"@id\":\"https:\\\/\\\/lasentinelle.dz\\\/index.php\\\/2025\\\/06\\\/04\\\/creation-dun-centre-de-recherche-et-de-production-de-vaccins-les-premiers-vaccins-seront-produits-dici-la-fin-de-lannee\\\/#primaryimage\"},\"thumbnailUrl\":\"https:\\\/\\\/lasentinelle.dz\\\/wp-content\\\/uploads\\\/2025\\\/06\\\/502678198_1148511190639601_157231522945291607_n.jpg\",\"datePublished\":\"2025-06-04T21:31:17+00:00\",\"breadcrumb\":{\"@id\":\"https:\\\/\\\/lasentinelle.dz\\\/index.php\\\/2025\\\/06\\\/04\\\/creation-dun-centre-de-recherche-et-de-production-de-vaccins-les-premiers-vaccins-seront-produits-dici-la-fin-de-lannee\\\/#breadcrumb\"},\"inLanguage\":\"fr-FR\",\"potentialAction\":[{\"@type\":\"ReadAction\",\"target\":[\"https:\\\/\\\/lasentinelle.dz\\\/index.php\\\/2025\\\/06\\\/04\\\/creation-dun-centre-de-recherche-et-de-production-de-vaccins-les-premiers-vaccins-seront-produits-dici-la-fin-de-lannee\\\/\"]}]},{\"@type\":\"ImageObject\",\"inLanguage\":\"fr-FR\",\"@id\":\"https:\\\/\\\/lasentinelle.dz\\\/index.php\\\/2025\\\/06\\\/04\\\/creation-dun-centre-de-recherche-et-de-production-de-vaccins-les-premiers-vaccins-seront-produits-dici-la-fin-de-lannee\\\/#primaryimage\",\"url\":\"https:\\\/\\\/lasentinelle.dz\\\/wp-content\\\/uploads\\\/2025\\\/06\\\/502678198_1148511190639601_157231522945291607_n.jpg\",\"contentUrl\":\"https:\\\/\\\/lasentinelle.dz\\\/wp-content\\\/uploads\\\/2025\\\/06\\\/502678198_1148511190639601_157231522945291607_n.jpg\",\"width\":1600,\"height\":1126},{\"@type\":\"BreadcrumbList\",\"@id\":\"https:\\\/\\\/lasentinelle.dz\\\/index.php\\\/2025\\\/06\\\/04\\\/creation-dun-centre-de-recherche-et-de-production-de-vaccins-les-premiers-vaccins-seront-produits-dici-la-fin-de-lannee\\\/#breadcrumb\",\"itemListElement\":[{\"@type\":\"ListItem\",\"position\":1,\"name\":\"Accueil\",\"item\":\"https:\\\/\\\/lasentinelle.dz\\\/\"},{\"@type\":\"ListItem\",\"position\":2,\"name\":\"Cr\u00e9ation d&rsquo;un centre de recherche et de production de vaccins: Les premiers vaccins seront produits d&rsquo;ici la fin de l&rsquo;ann\u00e9e\"}]},{\"@type\":\"WebSite\",\"@id\":\"https:\\\/\\\/lasentinelle.dz\\\/#website\",\"url\":\"https:\\\/\\\/lasentinelle.dz\\\/\",\"name\":\"La Sentinelle\",\"description\":\"Quotidien national d&#039;information\",\"publisher\":{\"@id\":\"https:\\\/\\\/lasentinelle.dz\\\/#organization\"},\"potentialAction\":[{\"@type\":\"SearchAction\",\"target\":{\"@type\":\"EntryPoint\",\"urlTemplate\":\"https:\\\/\\\/lasentinelle.dz\\\/?s={search_term_string}\"},\"query-input\":{\"@type\":\"PropertyValueSpecification\",\"valueRequired\":true,\"valueName\":\"search_term_string\"}}],\"inLanguage\":\"fr-FR\"},{\"@type\":\"Organization\",\"@id\":\"https:\\\/\\\/lasentinelle.dz\\\/#organization\",\"name\":\"Quotidien La Sentinelle\",\"url\":\"https:\\\/\\\/lasentinelle.dz\\\/\",\"logo\":{\"@type\":\"ImageObject\",\"inLanguage\":\"fr-FR\",\"@id\":\"https:\\\/\\\/lasentinelle.dz\\\/#\\\/schema\\\/logo\\\/image\\\/\",\"url\":\"https:\\\/\\\/lasentinelle.dz\\\/wp-content\\\/uploads\\\/2021\\\/09\\\/logo-sentinelleSLOGAN-1.png\",\"contentUrl\":\"https:\\\/\\\/lasentinelle.dz\\\/wp-content\\\/uploads\\\/2021\\\/09\\\/logo-sentinelleSLOGAN-1.png\",\"width\":615,\"height\":142,\"caption\":\"Quotidien La Sentinelle\"},\"image\":{\"@id\":\"https:\\\/\\\/lasentinelle.dz\\\/#\\\/schema\\\/logo\\\/image\\\/\"},\"sameAs\":[\"https:\\\/\\\/www.facebook.com\\\/La-Sentinelle-104059864394773\"]},{\"@type\":\"Person\",\"@id\":\"https:\\\/\\\/lasentinelle.dz\\\/#\\\/schema\\\/person\\\/e22c868643946ece5f328ac9d185b29f\",\"name\":\"Azzedine Belferag\",\"image\":{\"@type\":\"ImageObject\",\"inLanguage\":\"fr-FR\",\"@id\":\"https:\\\/\\\/secure.gravatar.com\\\/avatar\\\/767ecc3bfcf23cd6d0dae1705f124feb13a88fded1daa56498e4fb3aa3fc36a1?s=96&d=mm&r=g\",\"url\":\"https:\\\/\\\/secure.gravatar.com\\\/avatar\\\/767ecc3bfcf23cd6d0dae1705f124feb13a88fded1daa56498e4fb3aa3fc36a1?s=96&d=mm&r=g\",\"contentUrl\":\"https:\\\/\\\/secure.gravatar.com\\\/avatar\\\/767ecc3bfcf23cd6d0dae1705f124feb13a88fded1daa56498e4fb3aa3fc36a1?s=96&d=mm&r=g\",\"caption\":\"Azzedine Belferag\"},\"sameAs\":[\"http:\\\/\\\/www.lasentinelle.dz\"],\"url\":\"https:\\\/\\\/lasentinelle.dz\\\/author\\\/belferag\\\/\"}]}<\/script>\n<!-- \/ Yoast SEO plugin. -->","yoast_head_json":{"title":"Cr\u00e9ation d&rsquo;un centre de recherche et de production de vaccins: Les premiers vaccins seront produits d&rsquo;ici la fin de l&rsquo;ann\u00e9e - La Sentinelle","robots":{"index":"index","follow":"follow","max-snippet":"max-snippet:-1","max-image-preview":"max-image-preview:large","max-video-preview":"max-video-preview:-1"},"canonical":"https:\/\/lasentinelle.dz\/index.php\/2025\/06\/04\/creation-dun-centre-de-recherche-et-de-production-de-vaccins-les-premiers-vaccins-seront-produits-dici-la-fin-de-lannee\/","og_locale":"fr_FR","og_type":"article","og_title":"Cr\u00e9ation d&rsquo;un centre de recherche et de production de vaccins: Les premiers vaccins seront produits d&rsquo;ici la fin de l&rsquo;ann\u00e9e - La Sentinelle","og_description":"L&rsquo;Alg\u00e9rie lance une d\u00e9marche strat\u00e9gique dans le sens d&rsquo;une plus grande autonomie sanitaire avec le lancement d&rsquo;un ambitieux projet de","og_url":"https:\/\/lasentinelle.dz\/index.php\/2025\/06\/04\/creation-dun-centre-de-recherche-et-de-production-de-vaccins-les-premiers-vaccins-seront-produits-dici-la-fin-de-lannee\/","og_site_name":"La Sentinelle","article_publisher":"https:\/\/www.facebook.com\/La-Sentinelle-104059864394773","article_published_time":"2025-06-04T21:31:17+00:00","og_image":[{"width":1600,"height":1126,"url":"https:\/\/lasentinelle.dz\/wp-content\/uploads\/2025\/06\/502678198_1148511190639601_157231522945291607_n.jpg","type":"image\/jpeg"}],"author":"Azzedine Belferag","twitter_card":"summary_large_image","twitter_misc":{"\u00c9crit par":"Azzedine Belferag","Dur\u00e9e de lecture estim\u00e9e":"3 minutes"},"schema":{"@context":"https:\/\/schema.org","@graph":[{"@type":"Article","@id":"https:\/\/lasentinelle.dz\/index.php\/2025\/06\/04\/creation-dun-centre-de-recherche-et-de-production-de-vaccins-les-premiers-vaccins-seront-produits-dici-la-fin-de-lannee\/#article","isPartOf":{"@id":"https:\/\/lasentinelle.dz\/index.php\/2025\/06\/04\/creation-dun-centre-de-recherche-et-de-production-de-vaccins-les-premiers-vaccins-seront-produits-dici-la-fin-de-lannee\/"},"author":{"name":"Azzedine Belferag","@id":"https:\/\/lasentinelle.dz\/#\/schema\/person\/e22c868643946ece5f328ac9d185b29f"},"headline":"Cr\u00e9ation d&rsquo;un centre de recherche et de production de vaccins: Les premiers vaccins seront produits d&rsquo;ici la fin de l&rsquo;ann\u00e9e","datePublished":"2025-06-04T21:31:17+00:00","mainEntityOfPage":{"@id":"https:\/\/lasentinelle.dz\/index.php\/2025\/06\/04\/creation-dun-centre-de-recherche-et-de-production-de-vaccins-les-premiers-vaccins-seront-produits-dici-la-fin-de-lannee\/"},"wordCount":583,"commentCount":0,"publisher":{"@id":"https:\/\/lasentinelle.dz\/#organization"},"image":{"@id":"https:\/\/lasentinelle.dz\/index.php\/2025\/06\/04\/creation-dun-centre-de-recherche-et-de-production-de-vaccins-les-premiers-vaccins-seront-produits-dici-la-fin-de-lannee\/#primaryimage"},"thumbnailUrl":"https:\/\/lasentinelle.dz\/wp-content\/uploads\/2025\/06\/502678198_1148511190639601_157231522945291607_n.jpg","articleSection":["Actualit\u00e9"],"inLanguage":"fr-FR","potentialAction":[{"@type":"CommentAction","name":"Comment","target":["https:\/\/lasentinelle.dz\/index.php\/2025\/06\/04\/creation-dun-centre-de-recherche-et-de-production-de-vaccins-les-premiers-vaccins-seront-produits-dici-la-fin-de-lannee\/#respond"]}]},{"@type":"WebPage","@id":"https:\/\/lasentinelle.dz\/index.php\/2025\/06\/04\/creation-dun-centre-de-recherche-et-de-production-de-vaccins-les-premiers-vaccins-seront-produits-dici-la-fin-de-lannee\/","url":"https:\/\/lasentinelle.dz\/index.php\/2025\/06\/04\/creation-dun-centre-de-recherche-et-de-production-de-vaccins-les-premiers-vaccins-seront-produits-dici-la-fin-de-lannee\/","name":"Cr\u00e9ation d&rsquo;un centre de recherche et de production de vaccins: Les premiers vaccins seront produits d&rsquo;ici la fin de l&rsquo;ann\u00e9e - La Sentinelle","isPartOf":{"@id":"https:\/\/lasentinelle.dz\/#website"},"primaryImageOfPage":{"@id":"https:\/\/lasentinelle.dz\/index.php\/2025\/06\/04\/creation-dun-centre-de-recherche-et-de-production-de-vaccins-les-premiers-vaccins-seront-produits-dici-la-fin-de-lannee\/#primaryimage"},"image":{"@id":"https:\/\/lasentinelle.dz\/index.php\/2025\/06\/04\/creation-dun-centre-de-recherche-et-de-production-de-vaccins-les-premiers-vaccins-seront-produits-dici-la-fin-de-lannee\/#primaryimage"},"thumbnailUrl":"https:\/\/lasentinelle.dz\/wp-content\/uploads\/2025\/06\/502678198_1148511190639601_157231522945291607_n.jpg","datePublished":"2025-06-04T21:31:17+00:00","breadcrumb":{"@id":"https:\/\/lasentinelle.dz\/index.php\/2025\/06\/04\/creation-dun-centre-de-recherche-et-de-production-de-vaccins-les-premiers-vaccins-seront-produits-dici-la-fin-de-lannee\/#breadcrumb"},"inLanguage":"fr-FR","potentialAction":[{"@type":"ReadAction","target":["https:\/\/lasentinelle.dz\/index.php\/2025\/06\/04\/creation-dun-centre-de-recherche-et-de-production-de-vaccins-les-premiers-vaccins-seront-produits-dici-la-fin-de-lannee\/"]}]},{"@type":"ImageObject","inLanguage":"fr-FR","@id":"https:\/\/lasentinelle.dz\/index.php\/2025\/06\/04\/creation-dun-centre-de-recherche-et-de-production-de-vaccins-les-premiers-vaccins-seront-produits-dici-la-fin-de-lannee\/#primaryimage","url":"https:\/\/lasentinelle.dz\/wp-content\/uploads\/2025\/06\/502678198_1148511190639601_157231522945291607_n.jpg","contentUrl":"https:\/\/lasentinelle.dz\/wp-content\/uploads\/2025\/06\/502678198_1148511190639601_157231522945291607_n.jpg","width":1600,"height":1126},{"@type":"BreadcrumbList","@id":"https:\/\/lasentinelle.dz\/index.php\/2025\/06\/04\/creation-dun-centre-de-recherche-et-de-production-de-vaccins-les-premiers-vaccins-seront-produits-dici-la-fin-de-lannee\/#breadcrumb","itemListElement":[{"@type":"ListItem","position":1,"name":"Accueil","item":"https:\/\/lasentinelle.dz\/"},{"@type":"ListItem","position":2,"name":"Cr\u00e9ation d&rsquo;un centre de recherche et de production de vaccins: Les premiers vaccins seront produits d&rsquo;ici la fin de l&rsquo;ann\u00e9e"}]},{"@type":"WebSite","@id":"https:\/\/lasentinelle.dz\/#website","url":"https:\/\/lasentinelle.dz\/","name":"La Sentinelle","description":"Quotidien national d&#039;information","publisher":{"@id":"https:\/\/lasentinelle.dz\/#organization"},"potentialAction":[{"@type":"SearchAction","target":{"@type":"EntryPoint","urlTemplate":"https:\/\/lasentinelle.dz\/?s={search_term_string}"},"query-input":{"@type":"PropertyValueSpecification","valueRequired":true,"valueName":"search_term_string"}}],"inLanguage":"fr-FR"},{"@type":"Organization","@id":"https:\/\/lasentinelle.dz\/#organization","name":"Quotidien La Sentinelle","url":"https:\/\/lasentinelle.dz\/","logo":{"@type":"ImageObject","inLanguage":"fr-FR","@id":"https:\/\/lasentinelle.dz\/#\/schema\/logo\/image\/","url":"https:\/\/lasentinelle.dz\/wp-content\/uploads\/2021\/09\/logo-sentinelleSLOGAN-1.png","contentUrl":"https:\/\/lasentinelle.dz\/wp-content\/uploads\/2021\/09\/logo-sentinelleSLOGAN-1.png","width":615,"height":142,"caption":"Quotidien La Sentinelle"},"image":{"@id":"https:\/\/lasentinelle.dz\/#\/schema\/logo\/image\/"},"sameAs":["https:\/\/www.facebook.com\/La-Sentinelle-104059864394773"]},{"@type":"Person","@id":"https:\/\/lasentinelle.dz\/#\/schema\/person\/e22c868643946ece5f328ac9d185b29f","name":"Azzedine Belferag","image":{"@type":"ImageObject","inLanguage":"fr-FR","@id":"https:\/\/secure.gravatar.com\/avatar\/767ecc3bfcf23cd6d0dae1705f124feb13a88fded1daa56498e4fb3aa3fc36a1?s=96&d=mm&r=g","url":"https:\/\/secure.gravatar.com\/avatar\/767ecc3bfcf23cd6d0dae1705f124feb13a88fded1daa56498e4fb3aa3fc36a1?s=96&d=mm&r=g","contentUrl":"https:\/\/secure.gravatar.com\/avatar\/767ecc3bfcf23cd6d0dae1705f124feb13a88fded1daa56498e4fb3aa3fc36a1?s=96&d=mm&r=g","caption":"Azzedine Belferag"},"sameAs":["http:\/\/www.lasentinelle.dz"],"url":"https:\/\/lasentinelle.dz\/author\/belferag\/"}]}},"_links":{"self":[{"href":"https:\/\/lasentinelle.dz\/index.php\/wp-json\/wp\/v2\/posts\/68556","targetHints":{"allow":["GET"]}}],"collection":[{"href":"https:\/\/lasentinelle.dz\/index.php\/wp-json\/wp\/v2\/posts"}],"about":[{"href":"https:\/\/lasentinelle.dz\/index.php\/wp-json\/wp\/v2\/types\/post"}],"author":[{"embeddable":true,"href":"https:\/\/lasentinelle.dz\/index.php\/wp-json\/wp\/v2\/users\/2"}],"replies":[{"embeddable":true,"href":"https:\/\/lasentinelle.dz\/index.php\/wp-json\/wp\/v2\/comments?post=68556"}],"version-history":[{"count":2,"href":"https:\/\/lasentinelle.dz\/index.php\/wp-json\/wp\/v2\/posts\/68556\/revisions"}],"predecessor-version":[{"id":68558,"href":"https:\/\/lasentinelle.dz\/index.php\/wp-json\/wp\/v2\/posts\/68556\/revisions\/68558"}],"wp:featuredmedia":[{"embeddable":true,"href":"https:\/\/lasentinelle.dz\/index.php\/wp-json\/wp\/v2\/media\/68398"}],"wp:attachment":[{"href":"https:\/\/lasentinelle.dz\/index.php\/wp-json\/wp\/v2\/media?parent=68556"}],"wp:term":[{"taxonomy":"category","embeddable":true,"href":"https:\/\/lasentinelle.dz\/index.php\/wp-json\/wp\/v2\/categories?post=68556"},{"taxonomy":"post_tag","embeddable":true,"href":"https:\/\/lasentinelle.dz\/index.php\/wp-json\/wp\/v2\/tags?post=68556"}],"curies":[{"name":"wp","href":"https:\/\/api.w.org\/{rel}","templated":true}]}}