{"id":68559,"date":"2025-06-04T22:32:17","date_gmt":"2025-06-04T21:32:17","guid":{"rendered":"https:\/\/lasentinelle.dz\/?p=68559"},"modified":"2025-06-04T22:32:18","modified_gmt":"2025-06-04T21:32:18","slug":"un-projet-de-decret-visant-a-simplifier-les-procedures-en-phase-de-finalisation-du-nouveau-pour-les-marches-publics","status":"publish","type":"post","link":"https:\/\/lasentinelle.dz\/index.php\/2025\/06\/04\/un-projet-de-decret-visant-a-simplifier-les-procedures-en-phase-de-finalisation-du-nouveau-pour-les-marches-publics\/","title":{"rendered":"Un projet de d\u00e9cret visant \u00e0 simplifier les proc\u00e9dures en phase de finalisation: Du nouveau pour les march\u00e9s publics"},"content":{"rendered":"\n<p>Fini les lourdeurs administratives et les proc\u00e9dures interminables qui paralysent les march\u00e9s publics. Le ministre des Finances Abdelkrim Bouzred a annonc\u00e9 mardi devant l&rsquo;Assembl\u00e9e populaire nationale l&rsquo;aboutissement prochain d&rsquo;une r\u00e9forme majeure qui promet de revoir en profondeur la gestion des commandes publiques. Un nouveau d\u00e9cret ex\u00e9cutif allant dans ce sens est actuellement en phase de finalisation, annonce-t-il. Lors d&rsquo;une s\u00e9ance pl\u00e9ni\u00e8re consacr\u00e9e au d\u00e9bat sur le projet de loi portant r\u00e8glement budg\u00e9taire pour l&rsquo;exercice 2022, pr\u00e9sid\u00e9e par le vice-pr\u00e9sident de l&rsquo;APN El Hadj Cheikh Berbera et en pr\u00e9sence de la ministre des Relations avec le Parlement Kaouter Krikou, M. Bouzred a pr\u00e9cis\u00e9 que \u00ab\u00a0le nouveau projet de d\u00e9cret ex\u00e9cutif relatif aux march\u00e9s publics \u00e9tait en cours de finalisation\u00a0\u00bb et que ce texte \u00ab\u00a0conf\u00e9rera davantage de dynamisme \u00e0 la gestion de ces march\u00e9s\u00a0\u00bb. Cette initiative s&rsquo;inscrit dans le cadre de l&rsquo;ex\u00e9cution de la loi num\u00e9ro 23-12 d\u00e9finissant les r\u00e8gles g\u00e9n\u00e9rales relatives aux march\u00e9s publics, promulgu\u00e9e en ao\u00fbt 2023. Le processus d&rsquo;\u00e9laboration de ce d\u00e9cret d&rsquo;application a connu plusieurs phases d&rsquo;ajustement, t\u00e9moignant de la volont\u00e9 des pouvoirs publics d&rsquo;aboutir \u00e0 un texte optimal. Le ministre a rappel\u00e9 que le projet avait \u00e9t\u00e9 soumis \u00e0 une seconde lecture lors de la r\u00e9union du gouvernement du 25 f\u00e9vrier dernier, avant qu&rsquo;il ne soit d\u00e9cid\u00e9 de le retirer pour reformulation selon une nouvelle approche plus adapt\u00e9e aux r\u00e9alit\u00e9s du terrain.<\/p>\n\n\n\n<p>Cette reformulation r\u00e9pond \u00e0 des objectifs pr\u00e9cis et ambitieux. M. Bouzred a expliqu\u00e9 que la nouvelle version vise \u00e0 \u00ab\u00a0simplifier, de mani\u00e8re substantielle, les dispositions du texte, en privil\u00e9giant la clart\u00e9 et l&rsquo;efficacit\u00e9 op\u00e9rationnelle, tout en veillant \u00e0 conf\u00e9rer davantage de dynamisme \u00e0 la gestion des march\u00e9s publics aux services contractants et \u00e0 renforcer leur responsabilit\u00e9\u00a0\u00bb. Cette approche traduit une volont\u00e9 de rationaliser les proc\u00e9dures tout en responsabilisant davantage les acteurs impliqu\u00e9s dans la passation des march\u00e9s publics.<\/p>\n\n\n\n<p>Face aux questionnements des d\u00e9put\u00e9s concernant les retards accus\u00e9s dans le lancement de certains projets, le ministre a propos\u00e9 des solutions concr\u00e8tes et innovantes. Il a appel\u00e9 \u00e0 \u00ab\u00a0r\u00e9fl\u00e9chir \u00e0 de nouvelles r\u00e8gles tenant compte des d\u00e9lais des proc\u00e9dures administratives et techniques relatives au projet avant son lancement\u00a0\u00bb, soulignant par ailleurs \u00ab\u00a0la n\u00e9cessit\u00e9 de cr\u00e9er une plateforme num\u00e9rique permettant de suivre de pr\u00e8s l&rsquo;\u00e9tat du projet ainsi que le taux d&rsquo;avancement de ses travaux, de mani\u00e8re \u00e0 fournir \u00e0 tous les intervenants des informations pr\u00e9cises et suffisantes\u00a0\u00bb.<\/p>\n\n\n\n<p><strong>Une banque d\u00e9di\u00e9e \u00e0 la finance islamique<\/strong><\/p>\n\n\n\n<p>Cette vision modernisatrice s&rsquo;\u00e9tend \u00e9galement au secteur financier, o\u00f9 le ministre a \u00e9voqu\u00e9 les perspectives prometteuses de la finance islamique. Compte tenu des \u00ab\u00a0r\u00e9sultats positifs obtenus sur la sc\u00e8ne bancaire nationale\u00a0\u00bb, M. Bouzred a indiqu\u00e9 qu'\u00a0\u00bbune r\u00e9flexion est actuellement en cours pour la cr\u00e9ation d&rsquo;une banque publique sp\u00e9cialis\u00e9e dans ce type de finance\u00a0\u00bb, ouvrant ainsi de nouveaux horizons pour le syst\u00e8me bancaire alg\u00e9rien.<\/p>\n\n\n\n<p>Les efforts de modernisation portent \u00e9galement leurs fruits dans le domaine douanier. Le ministre a soulign\u00e9 les performances remarquables du nouveau syst\u00e8me d&rsquo;information des douanes ALCES, dont \u00ab\u00a0les r\u00e9sultats sont visibles sur le terrain pour ce qui est de l&rsquo;acc\u00e9l\u00e9ration du d\u00e9douanement, de la lev\u00e9e des marchandises, de l&rsquo;acc\u00e8s automatis\u00e9 et instantan\u00e9 aux donn\u00e9es, et du recouvrement douanier qui a enregistr\u00e9 une hausse annuelle de plus de 10%\u00a0\u00bb.<\/p>\n\n\n\n<p>Amar Malki<\/p>\n","protected":false},"excerpt":{"rendered":"<p>Fini les lourdeurs administratives et les proc\u00e9dures interminables qui paralysent les march\u00e9s publics. Le ministre des Finances Abdelkrim Bouzred a<\/p>\n","protected":false},"author":6,"featured_media":40804,"comment_status":"open","ping_status":"closed","sticky":false,"template":"","format":"standard","meta":{"colormag_page_container_layout":"default_layout","colormag_page_sidebar_layout":"default_layout","om_disable_all_campaigns":false,"_monsterinsights_skip_tracking":false,"_monsterinsights_sitenote_active":false,"_monsterinsights_sitenote_note":"","_monsterinsights_sitenote_category":0,"footnotes":"","_wpscppro_dont_share_socialmedia":false,"_wpscppro_custom_social_share_image":0,"_facebook_share_type":"default","_twitter_share_type":"default","_linkedin_share_type":"default","_pinterest_share_type":"default","_linkedin_share_type_page":"","_instagram_share_type":"default","_medium_share_type":"default","_threads_share_type":"","_google_business_share_type":"","_selected_social_profile":[],"_wpsp_enable_custom_social_template":false,"_wpsp_social_scheduling":{"enabled":false,"datetime":null,"platforms":[],"status":"template_only","dateOption":"today","timeOption":"now","customDays":"","customHours":"","customDate":"","customTime":"","schedulingType":"absolute"},"_wpsp_active_default_template":true},"categories":[27],"tags":[],"class_list":["post-68559","post","type-post","status-publish","format-standard","has-post-thumbnail","hentry","category-actualite"],"aioseo_notices":[],"yoast_head":"<!-- This site is optimized with the Yoast SEO plugin v27.5 - https:\/\/yoast.com\/product\/yoast-seo-wordpress\/ -->\n<title>Un projet de d\u00e9cret visant \u00e0 simplifier les proc\u00e9dures en phase de finalisation: Du nouveau pour les march\u00e9s publics - La Sentinelle<\/title>\n<meta name=\"robots\" content=\"index, follow, max-snippet:-1, max-image-preview:large, max-video-preview:-1\" \/>\n<link rel=\"canonical\" href=\"https:\/\/lasentinelle.dz\/index.php\/2025\/06\/04\/un-projet-de-decret-visant-a-simplifier-les-procedures-en-phase-de-finalisation-du-nouveau-pour-les-marches-publics\/\" \/>\n<meta property=\"og:locale\" content=\"fr_FR\" \/>\n<meta property=\"og:type\" content=\"article\" \/>\n<meta property=\"og:title\" content=\"Un projet de d\u00e9cret visant \u00e0 simplifier les proc\u00e9dures en phase de finalisation: Du nouveau pour les march\u00e9s publics - La Sentinelle\" \/>\n<meta property=\"og:description\" content=\"Fini les lourdeurs administratives et les proc\u00e9dures interminables qui paralysent les march\u00e9s publics. Le ministre des Finances Abdelkrim Bouzred a\" \/>\n<meta property=\"og:url\" content=\"https:\/\/lasentinelle.dz\/index.php\/2025\/06\/04\/un-projet-de-decret-visant-a-simplifier-les-procedures-en-phase-de-finalisation-du-nouveau-pour-les-marches-publics\/\" \/>\n<meta property=\"og:site_name\" content=\"La Sentinelle\" \/>\n<meta property=\"article:publisher\" content=\"https:\/\/www.facebook.com\/La-Sentinelle-104059864394773\" \/>\n<meta property=\"article:published_time\" content=\"2025-06-04T21:32:17+00:00\" \/>\n<meta property=\"article:modified_time\" content=\"2025-06-04T21:32:18+00:00\" \/>\n<meta property=\"og:image\" content=\"https:\/\/lasentinelle.dz\/wp-content\/uploads\/2023\/05\/marches-publics.png\" \/>\n\t<meta property=\"og:image:width\" content=\"1457\" \/>\n\t<meta property=\"og:image:height\" content=\"900\" \/>\n\t<meta property=\"og:image:type\" content=\"image\/png\" \/>\n<meta name=\"author\" content=\"admin\" \/>\n<meta name=\"twitter:card\" content=\"summary_large_image\" \/>\n<meta name=\"twitter:label1\" content=\"\u00c9crit par\" \/>\n\t<meta name=\"twitter:data1\" content=\"admin\" \/>\n\t<meta name=\"twitter:label2\" content=\"Dur\u00e9e de lecture estim\u00e9e\" \/>\n\t<meta name=\"twitter:data2\" content=\"3 minutes\" \/>\n<script type=\"application\/ld+json\" class=\"yoast-schema-graph\">{\"@context\":\"https:\\\/\\\/schema.org\",\"@graph\":[{\"@type\":\"Article\",\"@id\":\"https:\\\/\\\/lasentinelle.dz\\\/index.php\\\/2025\\\/06\\\/04\\\/un-projet-de-decret-visant-a-simplifier-les-procedures-en-phase-de-finalisation-du-nouveau-pour-les-marches-publics\\\/#article\",\"isPartOf\":{\"@id\":\"https:\\\/\\\/lasentinelle.dz\\\/index.php\\\/2025\\\/06\\\/04\\\/un-projet-de-decret-visant-a-simplifier-les-procedures-en-phase-de-finalisation-du-nouveau-pour-les-marches-publics\\\/\"},\"author\":{\"name\":\"admin\",\"@id\":\"https:\\\/\\\/lasentinelle.dz\\\/#\\\/schema\\\/person\\\/729ee0024f24e0b8c5ec17232f8e8b41\"},\"headline\":\"Un projet de d\u00e9cret visant \u00e0 simplifier les proc\u00e9dures en phase de finalisation: Du nouveau pour les march\u00e9s publics\",\"datePublished\":\"2025-06-04T21:32:17+00:00\",\"dateModified\":\"2025-06-04T21:32:18+00:00\",\"mainEntityOfPage\":{\"@id\":\"https:\\\/\\\/lasentinelle.dz\\\/index.php\\\/2025\\\/06\\\/04\\\/un-projet-de-decret-visant-a-simplifier-les-procedures-en-phase-de-finalisation-du-nouveau-pour-les-marches-publics\\\/\"},\"wordCount\":639,\"commentCount\":0,\"publisher\":{\"@id\":\"https:\\\/\\\/lasentinelle.dz\\\/#organization\"},\"image\":{\"@id\":\"https:\\\/\\\/lasentinelle.dz\\\/index.php\\\/2025\\\/06\\\/04\\\/un-projet-de-decret-visant-a-simplifier-les-procedures-en-phase-de-finalisation-du-nouveau-pour-les-marches-publics\\\/#primaryimage\"},\"thumbnailUrl\":\"https:\\\/\\\/lasentinelle.dz\\\/wp-content\\\/uploads\\\/2023\\\/05\\\/marches-publics.png\",\"articleSection\":[\"Actualit\u00e9\"],\"inLanguage\":\"fr-FR\",\"potentialAction\":[{\"@type\":\"CommentAction\",\"name\":\"Comment\",\"target\":[\"https:\\\/\\\/lasentinelle.dz\\\/index.php\\\/2025\\\/06\\\/04\\\/un-projet-de-decret-visant-a-simplifier-les-procedures-en-phase-de-finalisation-du-nouveau-pour-les-marches-publics\\\/#respond\"]}]},{\"@type\":\"WebPage\",\"@id\":\"https:\\\/\\\/lasentinelle.dz\\\/index.php\\\/2025\\\/06\\\/04\\\/un-projet-de-decret-visant-a-simplifier-les-procedures-en-phase-de-finalisation-du-nouveau-pour-les-marches-publics\\\/\",\"url\":\"https:\\\/\\\/lasentinelle.dz\\\/index.php\\\/2025\\\/06\\\/04\\\/un-projet-de-decret-visant-a-simplifier-les-procedures-en-phase-de-finalisation-du-nouveau-pour-les-marches-publics\\\/\",\"name\":\"Un projet de d\u00e9cret visant \u00e0 simplifier les proc\u00e9dures en phase de finalisation: Du nouveau pour les march\u00e9s publics - La Sentinelle\",\"isPartOf\":{\"@id\":\"https:\\\/\\\/lasentinelle.dz\\\/#website\"},\"primaryImageOfPage\":{\"@id\":\"https:\\\/\\\/lasentinelle.dz\\\/index.php\\\/2025\\\/06\\\/04\\\/un-projet-de-decret-visant-a-simplifier-les-procedures-en-phase-de-finalisation-du-nouveau-pour-les-marches-publics\\\/#primaryimage\"},\"image\":{\"@id\":\"https:\\\/\\\/lasentinelle.dz\\\/index.php\\\/2025\\\/06\\\/04\\\/un-projet-de-decret-visant-a-simplifier-les-procedures-en-phase-de-finalisation-du-nouveau-pour-les-marches-publics\\\/#primaryimage\"},\"thumbnailUrl\":\"https:\\\/\\\/lasentinelle.dz\\\/wp-content\\\/uploads\\\/2023\\\/05\\\/marches-publics.png\",\"datePublished\":\"2025-06-04T21:32:17+00:00\",\"dateModified\":\"2025-06-04T21:32:18+00:00\",\"breadcrumb\":{\"@id\":\"https:\\\/\\\/lasentinelle.dz\\\/index.php\\\/2025\\\/06\\\/04\\\/un-projet-de-decret-visant-a-simplifier-les-procedures-en-phase-de-finalisation-du-nouveau-pour-les-marches-publics\\\/#breadcrumb\"},\"inLanguage\":\"fr-FR\",\"potentialAction\":[{\"@type\":\"ReadAction\",\"target\":[\"https:\\\/\\\/lasentinelle.dz\\\/index.php\\\/2025\\\/06\\\/04\\\/un-projet-de-decret-visant-a-simplifier-les-procedures-en-phase-de-finalisation-du-nouveau-pour-les-marches-publics\\\/\"]}]},{\"@type\":\"ImageObject\",\"inLanguage\":\"fr-FR\",\"@id\":\"https:\\\/\\\/lasentinelle.dz\\\/index.php\\\/2025\\\/06\\\/04\\\/un-projet-de-decret-visant-a-simplifier-les-procedures-en-phase-de-finalisation-du-nouveau-pour-les-marches-publics\\\/#primaryimage\",\"url\":\"https:\\\/\\\/lasentinelle.dz\\\/wp-content\\\/uploads\\\/2023\\\/05\\\/marches-publics.png\",\"contentUrl\":\"https:\\\/\\\/lasentinelle.dz\\\/wp-content\\\/uploads\\\/2023\\\/05\\\/marches-publics.png\",\"width\":1457,\"height\":900},{\"@type\":\"BreadcrumbList\",\"@id\":\"https:\\\/\\\/lasentinelle.dz\\\/index.php\\\/2025\\\/06\\\/04\\\/un-projet-de-decret-visant-a-simplifier-les-procedures-en-phase-de-finalisation-du-nouveau-pour-les-marches-publics\\\/#breadcrumb\",\"itemListElement\":[{\"@type\":\"ListItem\",\"position\":1,\"name\":\"Accueil\",\"item\":\"https:\\\/\\\/lasentinelle.dz\\\/\"},{\"@type\":\"ListItem\",\"position\":2,\"name\":\"Un projet de d\u00e9cret visant \u00e0 simplifier les proc\u00e9dures en phase de finalisation: Du nouveau pour les march\u00e9s publics\"}]},{\"@type\":\"WebSite\",\"@id\":\"https:\\\/\\\/lasentinelle.dz\\\/#website\",\"url\":\"https:\\\/\\\/lasentinelle.dz\\\/\",\"name\":\"La Sentinelle\",\"description\":\"Quotidien national d&#039;information\",\"publisher\":{\"@id\":\"https:\\\/\\\/lasentinelle.dz\\\/#organization\"},\"potentialAction\":[{\"@type\":\"SearchAction\",\"target\":{\"@type\":\"EntryPoint\",\"urlTemplate\":\"https:\\\/\\\/lasentinelle.dz\\\/?s={search_term_string}\"},\"query-input\":{\"@type\":\"PropertyValueSpecification\",\"valueRequired\":true,\"valueName\":\"search_term_string\"}}],\"inLanguage\":\"fr-FR\"},{\"@type\":\"Organization\",\"@id\":\"https:\\\/\\\/lasentinelle.dz\\\/#organization\",\"name\":\"Quotidien La Sentinelle\",\"url\":\"https:\\\/\\\/lasentinelle.dz\\\/\",\"logo\":{\"@type\":\"ImageObject\",\"inLanguage\":\"fr-FR\",\"@id\":\"https:\\\/\\\/lasentinelle.dz\\\/#\\\/schema\\\/logo\\\/image\\\/\",\"url\":\"https:\\\/\\\/lasentinelle.dz\\\/wp-content\\\/uploads\\\/2021\\\/09\\\/logo-sentinelleSLOGAN-1.png\",\"contentUrl\":\"https:\\\/\\\/lasentinelle.dz\\\/wp-content\\\/uploads\\\/2021\\\/09\\\/logo-sentinelleSLOGAN-1.png\",\"width\":615,\"height\":142,\"caption\":\"Quotidien La Sentinelle\"},\"image\":{\"@id\":\"https:\\\/\\\/lasentinelle.dz\\\/#\\\/schema\\\/logo\\\/image\\\/\"},\"sameAs\":[\"https:\\\/\\\/www.facebook.com\\\/La-Sentinelle-104059864394773\"]},{\"@type\":\"Person\",\"@id\":\"https:\\\/\\\/lasentinelle.dz\\\/#\\\/schema\\\/person\\\/729ee0024f24e0b8c5ec17232f8e8b41\",\"name\":\"admin\",\"image\":{\"@type\":\"ImageObject\",\"inLanguage\":\"fr-FR\",\"@id\":\"https:\\\/\\\/secure.gravatar.com\\\/avatar\\\/4c81fed838786e9b53f540bf46533e750f5d292099ae3b66cfc6fb1982e29df7?s=96&d=mm&r=g\",\"url\":\"https:\\\/\\\/secure.gravatar.com\\\/avatar\\\/4c81fed838786e9b53f540bf46533e750f5d292099ae3b66cfc6fb1982e29df7?s=96&d=mm&r=g\",\"contentUrl\":\"https:\\\/\\\/secure.gravatar.com\\\/avatar\\\/4c81fed838786e9b53f540bf46533e750f5d292099ae3b66cfc6fb1982e29df7?s=96&d=mm&r=g\",\"caption\":\"admin\"},\"description\":\"admin\",\"url\":\"https:\\\/\\\/lasentinelle.dz\\\/author\\\/admin\\\/\"}]}<\/script>\n<!-- \/ Yoast SEO plugin. -->","yoast_head_json":{"title":"Un projet de d\u00e9cret visant \u00e0 simplifier les proc\u00e9dures en phase de finalisation: Du nouveau pour les march\u00e9s publics - La Sentinelle","robots":{"index":"index","follow":"follow","max-snippet":"max-snippet:-1","max-image-preview":"max-image-preview:large","max-video-preview":"max-video-preview:-1"},"canonical":"https:\/\/lasentinelle.dz\/index.php\/2025\/06\/04\/un-projet-de-decret-visant-a-simplifier-les-procedures-en-phase-de-finalisation-du-nouveau-pour-les-marches-publics\/","og_locale":"fr_FR","og_type":"article","og_title":"Un projet de d\u00e9cret visant \u00e0 simplifier les proc\u00e9dures en phase de finalisation: Du nouveau pour les march\u00e9s publics - La Sentinelle","og_description":"Fini les lourdeurs administratives et les proc\u00e9dures interminables qui paralysent les march\u00e9s publics. Le ministre des Finances Abdelkrim Bouzred a","og_url":"https:\/\/lasentinelle.dz\/index.php\/2025\/06\/04\/un-projet-de-decret-visant-a-simplifier-les-procedures-en-phase-de-finalisation-du-nouveau-pour-les-marches-publics\/","og_site_name":"La Sentinelle","article_publisher":"https:\/\/www.facebook.com\/La-Sentinelle-104059864394773","article_published_time":"2025-06-04T21:32:17+00:00","article_modified_time":"2025-06-04T21:32:18+00:00","og_image":[{"width":1457,"height":900,"url":"https:\/\/lasentinelle.dz\/wp-content\/uploads\/2023\/05\/marches-publics.png","type":"image\/png"}],"author":"admin","twitter_card":"summary_large_image","twitter_misc":{"\u00c9crit par":"admin","Dur\u00e9e de lecture estim\u00e9e":"3 minutes"},"schema":{"@context":"https:\/\/schema.org","@graph":[{"@type":"Article","@id":"https:\/\/lasentinelle.dz\/index.php\/2025\/06\/04\/un-projet-de-decret-visant-a-simplifier-les-procedures-en-phase-de-finalisation-du-nouveau-pour-les-marches-publics\/#article","isPartOf":{"@id":"https:\/\/lasentinelle.dz\/index.php\/2025\/06\/04\/un-projet-de-decret-visant-a-simplifier-les-procedures-en-phase-de-finalisation-du-nouveau-pour-les-marches-publics\/"},"author":{"name":"admin","@id":"https:\/\/lasentinelle.dz\/#\/schema\/person\/729ee0024f24e0b8c5ec17232f8e8b41"},"headline":"Un projet de d\u00e9cret visant \u00e0 simplifier les proc\u00e9dures en phase de finalisation: Du nouveau pour les march\u00e9s publics","datePublished":"2025-06-04T21:32:17+00:00","dateModified":"2025-06-04T21:32:18+00:00","mainEntityOfPage":{"@id":"https:\/\/lasentinelle.dz\/index.php\/2025\/06\/04\/un-projet-de-decret-visant-a-simplifier-les-procedures-en-phase-de-finalisation-du-nouveau-pour-les-marches-publics\/"},"wordCount":639,"commentCount":0,"publisher":{"@id":"https:\/\/lasentinelle.dz\/#organization"},"image":{"@id":"https:\/\/lasentinelle.dz\/index.php\/2025\/06\/04\/un-projet-de-decret-visant-a-simplifier-les-procedures-en-phase-de-finalisation-du-nouveau-pour-les-marches-publics\/#primaryimage"},"thumbnailUrl":"https:\/\/lasentinelle.dz\/wp-content\/uploads\/2023\/05\/marches-publics.png","articleSection":["Actualit\u00e9"],"inLanguage":"fr-FR","potentialAction":[{"@type":"CommentAction","name":"Comment","target":["https:\/\/lasentinelle.dz\/index.php\/2025\/06\/04\/un-projet-de-decret-visant-a-simplifier-les-procedures-en-phase-de-finalisation-du-nouveau-pour-les-marches-publics\/#respond"]}]},{"@type":"WebPage","@id":"https:\/\/lasentinelle.dz\/index.php\/2025\/06\/04\/un-projet-de-decret-visant-a-simplifier-les-procedures-en-phase-de-finalisation-du-nouveau-pour-les-marches-publics\/","url":"https:\/\/lasentinelle.dz\/index.php\/2025\/06\/04\/un-projet-de-decret-visant-a-simplifier-les-procedures-en-phase-de-finalisation-du-nouveau-pour-les-marches-publics\/","name":"Un projet de d\u00e9cret visant \u00e0 simplifier les proc\u00e9dures en phase de finalisation: Du nouveau pour les march\u00e9s publics - La Sentinelle","isPartOf":{"@id":"https:\/\/lasentinelle.dz\/#website"},"primaryImageOfPage":{"@id":"https:\/\/lasentinelle.dz\/index.php\/2025\/06\/04\/un-projet-de-decret-visant-a-simplifier-les-procedures-en-phase-de-finalisation-du-nouveau-pour-les-marches-publics\/#primaryimage"},"image":{"@id":"https:\/\/lasentinelle.dz\/index.php\/2025\/06\/04\/un-projet-de-decret-visant-a-simplifier-les-procedures-en-phase-de-finalisation-du-nouveau-pour-les-marches-publics\/#primaryimage"},"thumbnailUrl":"https:\/\/lasentinelle.dz\/wp-content\/uploads\/2023\/05\/marches-publics.png","datePublished":"2025-06-04T21:32:17+00:00","dateModified":"2025-06-04T21:32:18+00:00","breadcrumb":{"@id":"https:\/\/lasentinelle.dz\/index.php\/2025\/06\/04\/un-projet-de-decret-visant-a-simplifier-les-procedures-en-phase-de-finalisation-du-nouveau-pour-les-marches-publics\/#breadcrumb"},"inLanguage":"fr-FR","potentialAction":[{"@type":"ReadAction","target":["https:\/\/lasentinelle.dz\/index.php\/2025\/06\/04\/un-projet-de-decret-visant-a-simplifier-les-procedures-en-phase-de-finalisation-du-nouveau-pour-les-marches-publics\/"]}]},{"@type":"ImageObject","inLanguage":"fr-FR","@id":"https:\/\/lasentinelle.dz\/index.php\/2025\/06\/04\/un-projet-de-decret-visant-a-simplifier-les-procedures-en-phase-de-finalisation-du-nouveau-pour-les-marches-publics\/#primaryimage","url":"https:\/\/lasentinelle.dz\/wp-content\/uploads\/2023\/05\/marches-publics.png","contentUrl":"https:\/\/lasentinelle.dz\/wp-content\/uploads\/2023\/05\/marches-publics.png","width":1457,"height":900},{"@type":"BreadcrumbList","@id":"https:\/\/lasentinelle.dz\/index.php\/2025\/06\/04\/un-projet-de-decret-visant-a-simplifier-les-procedures-en-phase-de-finalisation-du-nouveau-pour-les-marches-publics\/#breadcrumb","itemListElement":[{"@type":"ListItem","position":1,"name":"Accueil","item":"https:\/\/lasentinelle.dz\/"},{"@type":"ListItem","position":2,"name":"Un projet de d\u00e9cret visant \u00e0 simplifier les proc\u00e9dures en phase de finalisation: Du nouveau pour les march\u00e9s publics"}]},{"@type":"WebSite","@id":"https:\/\/lasentinelle.dz\/#website","url":"https:\/\/lasentinelle.dz\/","name":"La Sentinelle","description":"Quotidien national d&#039;information","publisher":{"@id":"https:\/\/lasentinelle.dz\/#organization"},"potentialAction":[{"@type":"SearchAction","target":{"@type":"EntryPoint","urlTemplate":"https:\/\/lasentinelle.dz\/?s={search_term_string}"},"query-input":{"@type":"PropertyValueSpecification","valueRequired":true,"valueName":"search_term_string"}}],"inLanguage":"fr-FR"},{"@type":"Organization","@id":"https:\/\/lasentinelle.dz\/#organization","name":"Quotidien La Sentinelle","url":"https:\/\/lasentinelle.dz\/","logo":{"@type":"ImageObject","inLanguage":"fr-FR","@id":"https:\/\/lasentinelle.dz\/#\/schema\/logo\/image\/","url":"https:\/\/lasentinelle.dz\/wp-content\/uploads\/2021\/09\/logo-sentinelleSLOGAN-1.png","contentUrl":"https:\/\/lasentinelle.dz\/wp-content\/uploads\/2021\/09\/logo-sentinelleSLOGAN-1.png","width":615,"height":142,"caption":"Quotidien La Sentinelle"},"image":{"@id":"https:\/\/lasentinelle.dz\/#\/schema\/logo\/image\/"},"sameAs":["https:\/\/www.facebook.com\/La-Sentinelle-104059864394773"]},{"@type":"Person","@id":"https:\/\/lasentinelle.dz\/#\/schema\/person\/729ee0024f24e0b8c5ec17232f8e8b41","name":"admin","image":{"@type":"ImageObject","inLanguage":"fr-FR","@id":"https:\/\/secure.gravatar.com\/avatar\/4c81fed838786e9b53f540bf46533e750f5d292099ae3b66cfc6fb1982e29df7?s=96&d=mm&r=g","url":"https:\/\/secure.gravatar.com\/avatar\/4c81fed838786e9b53f540bf46533e750f5d292099ae3b66cfc6fb1982e29df7?s=96&d=mm&r=g","contentUrl":"https:\/\/secure.gravatar.com\/avatar\/4c81fed838786e9b53f540bf46533e750f5d292099ae3b66cfc6fb1982e29df7?s=96&d=mm&r=g","caption":"admin"},"description":"admin","url":"https:\/\/lasentinelle.dz\/author\/admin\/"}]}},"_links":{"self":[{"href":"https:\/\/lasentinelle.dz\/index.php\/wp-json\/wp\/v2\/posts\/68559","targetHints":{"allow":["GET"]}}],"collection":[{"href":"https:\/\/lasentinelle.dz\/index.php\/wp-json\/wp\/v2\/posts"}],"about":[{"href":"https:\/\/lasentinelle.dz\/index.php\/wp-json\/wp\/v2\/types\/post"}],"author":[{"embeddable":true,"href":"https:\/\/lasentinelle.dz\/index.php\/wp-json\/wp\/v2\/users\/6"}],"replies":[{"embeddable":true,"href":"https:\/\/lasentinelle.dz\/index.php\/wp-json\/wp\/v2\/comments?post=68559"}],"version-history":[{"count":1,"href":"https:\/\/lasentinelle.dz\/index.php\/wp-json\/wp\/v2\/posts\/68559\/revisions"}],"predecessor-version":[{"id":68560,"href":"https:\/\/lasentinelle.dz\/index.php\/wp-json\/wp\/v2\/posts\/68559\/revisions\/68560"}],"wp:featuredmedia":[{"embeddable":true,"href":"https:\/\/lasentinelle.dz\/index.php\/wp-json\/wp\/v2\/media\/40804"}],"wp:attachment":[{"href":"https:\/\/lasentinelle.dz\/index.php\/wp-json\/wp\/v2\/media?parent=68559"}],"wp:term":[{"taxonomy":"category","embeddable":true,"href":"https:\/\/lasentinelle.dz\/index.php\/wp-json\/wp\/v2\/categories?post=68559"},{"taxonomy":"post_tag","embeddable":true,"href":"https:\/\/lasentinelle.dz\/index.php\/wp-json\/wp\/v2\/tags?post=68559"}],"curies":[{"name":"wp","href":"https:\/\/api.w.org\/{rel}","templated":true}]}}