{"id":68561,"date":"2025-06-04T22:33:03","date_gmt":"2025-06-04T21:33:03","guid":{"rendered":"https:\/\/lasentinelle.dz\/?p=68561"},"modified":"2025-06-04T22:33:04","modified_gmt":"2025-06-04T21:33:04","slug":"lextension-du-port-de-djen-djen-sur-la-table-du-gouvernement-vers-un-hub-mediterraneen-strategique","status":"publish","type":"post","link":"https:\/\/lasentinelle.dz\/index.php\/2025\/06\/04\/lextension-du-port-de-djen-djen-sur-la-table-du-gouvernement-vers-un-hub-mediterraneen-strategique\/","title":{"rendered":"L&rsquo;extension du port de Djen Djen sur la table du Gouvernement: Vers un hub m\u00e9diterran\u00e9en strat\u00e9gique"},"content":{"rendered":"\n<p>Le port de Djen Djen s&rsquo;impose comme un projet phare de la strat\u00e9gie alg\u00e9rienne de positionnement sur les routes commerciales m\u00e9diterran\u00e9ennes.<\/p>\n\n\n\n<p>Lors de la r\u00e9union du gouvernement pr\u00e9sid\u00e9e mercredi par le Premier ministre Nadir Larbaoui, l&rsquo;Ex\u00e9cutif a fait le point sur \u00ab\u00a0l&rsquo;\u00e9tat d&rsquo;avancement du projet d&rsquo;extension du port de Djen Djen, dans la Wilaya de Jijel, qui fera de ce port un important p\u00f4le d&rsquo;\u00e9change de marchandises dans le bassin m\u00e9diterran\u00e9en\u00a0\u00bb. Cette infrastructure strat\u00e9gique cristallise les ambitions nationales de diversification des capacit\u00e9s portuaires et de renforcement de la comp\u00e9titivit\u00e9 logistique.<\/p>\n\n\n\n<p>Les enjeux op\u00e9rationnels de cette infrastructure ont \u00e9t\u00e9 r\u00e9cemment mis en lumi\u00e8re lors de la visite d&rsquo;inspection men\u00e9e mardi par le ministre des Transports Sa\u00efd Sayoud, accompagn\u00e9 du directeur g\u00e9n\u00e9ral des Douanes alg\u00e9riennes, le g\u00e9n\u00e9ral-major Abdelhafid Bakhouche. Face aux dysfonctionnements constat\u00e9s, le ministre a ordonn\u00e9 la formation \u00ab\u00a0d&rsquo;un groupe de travail pour le suivi des op\u00e9rations commerciales et des travaux du terminal \u00e0 conteneurs du port de Djen Djen afin d&rsquo;identifier les probl\u00e8mes auxquels se heurte cette infrastructure portuaire\u00a0\u00bb. &nbsp;L&rsquo;optimisation du port de Djen Djen s&rsquo;inscrit dans une d\u00e9marche plus large d&rsquo;am\u00e9lioration de l&rsquo;efficacit\u00e9 portuaire nationale. Le gouvernement a d&rsquo;ailleurs entendu \u00ab\u00a0un rapport d&rsquo;\u00e9tape sur l&rsquo;\u00e9tat d&rsquo;avancement de la feuille de route pour la r\u00e9duction des d\u00e9lais d&rsquo;attente des navires en rade et de passage portuaire des marchandises \u00e0 l&rsquo;importation, mise en \u0153uvre dans le cadre de la strat\u00e9gie de d\u00e9veloppement et de promotion de la gestion des ports, et ce, en ex\u00e9cution des instructions du Pr\u00e9sident de la R\u00e9publique donn\u00e9es \u00e0 cet effet\u00a0\u00bb. Cette approche syst\u00e9mique vise \u00e0 fluidifier l&rsquo;ensemble de la cha\u00eene logistique portuaire.<\/p>\n\n\n\n<p><strong>Baie d&rsquo;Alger : une m\u00e9tropole m\u00e9diterran\u00e9enne en devenir<\/strong><\/p>\n\n\n\n<p>Parall\u00e8lement aux infrastructures portuaires, l&rsquo;am\u00e9nagement de la capitale constitue un autre pilier de la strat\u00e9gie de rayonnement m\u00e9diterran\u00e9en. Le gouvernement a examin\u00e9 \u00ab\u00a0l&rsquo;\u00e9tat d&rsquo;avancement de la r\u00e9alisation des projets inscrits dans le cadre de la vision strat\u00e9gique de Monsieur le Pr\u00e9sident de la R\u00e9publique pour le d\u00e9veloppement et l&rsquo;am\u00e9nagement de la baie d&rsquo;Alger\u00a0\u00bb, indique le communiqu\u00e9 des services du Premier ministre. Ce projet phare s&rsquo;inscrit dans le plan ambitieux de modernisation d&rsquo;Alger qui ambitionne de faire de la capitale une grande m\u00e9tropole m\u00e9diterran\u00e9enne, reposant sur une strat\u00e9gie chromatique originale d\u00e9clin\u00e9e en plusieurs plans compl\u00e9mentaires : le Plan blanc pour la r\u00e9habilitation du b\u00e2ti, le Plan vert pour l&rsquo;\u00e9quilibre \u00e9cologique, le Plan jaune pour la mobilit\u00e9 urbaine, et le Plan bleu destin\u00e9 \u00e0 valoriser la fa\u00e7ade maritime.<\/p>\n\n\n\n<p><strong>Modernisation financi\u00e8re et s\u00e9curit\u00e9 hydrique<\/strong><\/p>\n\n\n\n<p>La transformation \u00e9conomique s&rsquo;accompagne d&rsquo;une modernisation des moyens de paiement. Le gouvernement a fait le bilan de \u00ab\u00a0la mise en \u0153uvre de la feuille de route relative \u00e0 la modernisation des moyens de paiement, adopt\u00e9e en mai 2024, ainsi que les nouvelles mesures propos\u00e9es pour le d\u00e9veloppement et la g\u00e9n\u00e9ralisation du paiement \u00e9lectronique, en vue de renforcer l&rsquo;inclusion financi\u00e8re, et de simplifier et faciliter les transactions\u00a0\u00bb.<\/p>\n\n\n\n<p>Enfin, la s\u00e9curit\u00e9 hydrique demeure une priorit\u00e9 strat\u00e9gique. L&rsquo;ex\u00e9cutif a entendu \u00ab\u00a0une communication sur l&rsquo;\u00e9tat d&rsquo;avancement des travaux de raccordement des cinq grandes nouvelles stations de dessalement d&rsquo;eau de mer, visant \u00e0 am\u00e9liorer l&rsquo;approvisionnement en eau potable des habitants des Wilayas c\u00f4ti\u00e8res et limitrophes\u00a0\u00bb, dans le cadre du programme national de dessalement.<\/p>\n\n\n\n<p>Samir Benisid<\/p>\n","protected":false},"excerpt":{"rendered":"<p>Le port de Djen Djen s&rsquo;impose comme un projet phare de la strat\u00e9gie alg\u00e9rienne de positionnement sur les routes commerciales<\/p>\n","protected":false},"author":6,"featured_media":63276,"comment_status":"open","ping_status":"closed","sticky":false,"template":"","format":"standard","meta":{"colormag_page_container_layout":"default_layout","colormag_page_sidebar_layout":"default_layout","om_disable_all_campaigns":false,"_monsterinsights_skip_tracking":false,"_monsterinsights_sitenote_active":false,"_monsterinsights_sitenote_note":"","_monsterinsights_sitenote_category":0,"footnotes":"","_wpscppro_dont_share_socialmedia":false,"_wpscppro_custom_social_share_image":0,"_facebook_share_type":"default","_twitter_share_type":"default","_linkedin_share_type":"default","_pinterest_share_type":"default","_linkedin_share_type_page":"","_instagram_share_type":"default","_medium_share_type":"default","_threads_share_type":"","_google_business_share_type":"","_selected_social_profile":[],"_wpsp_enable_custom_social_template":false,"_wpsp_social_scheduling":{"enabled":false,"datetime":null,"platforms":[],"status":"template_only","dateOption":"today","timeOption":"now","customDays":"","customHours":"","customDate":"","customTime":"","schedulingType":"absolute"},"_wpsp_active_default_template":true},"categories":[52,27],"tags":[],"class_list":["post-68561","post","type-post","status-publish","format-standard","has-post-thumbnail","hentry","category-a-la-une","category-actualite"],"aioseo_notices":[],"yoast_head":"<!-- This site is optimized with the Yoast SEO plugin v27.5 - https:\/\/yoast.com\/product\/yoast-seo-wordpress\/ -->\n<title>L&rsquo;extension du port de Djen Djen sur la table du Gouvernement: Vers un hub m\u00e9diterran\u00e9en strat\u00e9gique - La Sentinelle<\/title>\n<meta name=\"robots\" content=\"index, follow, max-snippet:-1, max-image-preview:large, max-video-preview:-1\" \/>\n<link rel=\"canonical\" href=\"https:\/\/lasentinelle.dz\/index.php\/2025\/06\/04\/lextension-du-port-de-djen-djen-sur-la-table-du-gouvernement-vers-un-hub-mediterraneen-strategique\/\" \/>\n<meta property=\"og:locale\" content=\"fr_FR\" \/>\n<meta property=\"og:type\" content=\"article\" \/>\n<meta property=\"og:title\" content=\"L&rsquo;extension du port de Djen Djen sur la table du Gouvernement: Vers un hub m\u00e9diterran\u00e9en strat\u00e9gique - La Sentinelle\" \/>\n<meta property=\"og:description\" content=\"Le port de Djen Djen s&rsquo;impose comme un projet phare de la strat\u00e9gie alg\u00e9rienne de positionnement sur les routes commerciales\" \/>\n<meta property=\"og:url\" content=\"https:\/\/lasentinelle.dz\/index.php\/2025\/06\/04\/lextension-du-port-de-djen-djen-sur-la-table-du-gouvernement-vers-un-hub-mediterraneen-strategique\/\" \/>\n<meta property=\"og:site_name\" content=\"La Sentinelle\" \/>\n<meta property=\"article:publisher\" content=\"https:\/\/www.facebook.com\/La-Sentinelle-104059864394773\" \/>\n<meta property=\"article:published_time\" content=\"2025-06-04T21:33:03+00:00\" \/>\n<meta property=\"article:modified_time\" content=\"2025-06-04T21:33:04+00:00\" \/>\n<meta property=\"og:image\" content=\"https:\/\/lasentinelle.dz\/wp-content\/uploads\/2025\/02\/Port-de-Djendjen.jpg\" \/>\n\t<meta property=\"og:image:width\" content=\"1024\" \/>\n\t<meta property=\"og:image:height\" content=\"683\" \/>\n\t<meta property=\"og:image:type\" content=\"image\/jpeg\" \/>\n<meta name=\"author\" content=\"admin\" \/>\n<meta name=\"twitter:card\" content=\"summary_large_image\" \/>\n<meta name=\"twitter:label1\" content=\"\u00c9crit par\" \/>\n\t<meta name=\"twitter:data1\" content=\"admin\" \/>\n\t<meta name=\"twitter:label2\" content=\"Dur\u00e9e de lecture estim\u00e9e\" \/>\n\t<meta name=\"twitter:data2\" content=\"3 minutes\" \/>\n<script type=\"application\/ld+json\" class=\"yoast-schema-graph\">{\"@context\":\"https:\\\/\\\/schema.org\",\"@graph\":[{\"@type\":\"Article\",\"@id\":\"https:\\\/\\\/lasentinelle.dz\\\/index.php\\\/2025\\\/06\\\/04\\\/lextension-du-port-de-djen-djen-sur-la-table-du-gouvernement-vers-un-hub-mediterraneen-strategique\\\/#article\",\"isPartOf\":{\"@id\":\"https:\\\/\\\/lasentinelle.dz\\\/index.php\\\/2025\\\/06\\\/04\\\/lextension-du-port-de-djen-djen-sur-la-table-du-gouvernement-vers-un-hub-mediterraneen-strategique\\\/\"},\"author\":{\"name\":\"admin\",\"@id\":\"https:\\\/\\\/lasentinelle.dz\\\/#\\\/schema\\\/person\\\/729ee0024f24e0b8c5ec17232f8e8b41\"},\"headline\":\"L&rsquo;extension du port de Djen Djen sur la table du Gouvernement: Vers un hub m\u00e9diterran\u00e9en strat\u00e9gique\",\"datePublished\":\"2025-06-04T21:33:03+00:00\",\"dateModified\":\"2025-06-04T21:33:04+00:00\",\"mainEntityOfPage\":{\"@id\":\"https:\\\/\\\/lasentinelle.dz\\\/index.php\\\/2025\\\/06\\\/04\\\/lextension-du-port-de-djen-djen-sur-la-table-du-gouvernement-vers-un-hub-mediterraneen-strategique\\\/\"},\"wordCount\":651,\"commentCount\":0,\"publisher\":{\"@id\":\"https:\\\/\\\/lasentinelle.dz\\\/#organization\"},\"image\":{\"@id\":\"https:\\\/\\\/lasentinelle.dz\\\/index.php\\\/2025\\\/06\\\/04\\\/lextension-du-port-de-djen-djen-sur-la-table-du-gouvernement-vers-un-hub-mediterraneen-strategique\\\/#primaryimage\"},\"thumbnailUrl\":\"https:\\\/\\\/lasentinelle.dz\\\/wp-content\\\/uploads\\\/2025\\\/02\\\/Port-de-Djendjen.jpg\",\"articleSection\":[\"\u00c0 la Une\",\"Actualit\u00e9\"],\"inLanguage\":\"fr-FR\",\"potentialAction\":[{\"@type\":\"CommentAction\",\"name\":\"Comment\",\"target\":[\"https:\\\/\\\/lasentinelle.dz\\\/index.php\\\/2025\\\/06\\\/04\\\/lextension-du-port-de-djen-djen-sur-la-table-du-gouvernement-vers-un-hub-mediterraneen-strategique\\\/#respond\"]}]},{\"@type\":\"WebPage\",\"@id\":\"https:\\\/\\\/lasentinelle.dz\\\/index.php\\\/2025\\\/06\\\/04\\\/lextension-du-port-de-djen-djen-sur-la-table-du-gouvernement-vers-un-hub-mediterraneen-strategique\\\/\",\"url\":\"https:\\\/\\\/lasentinelle.dz\\\/index.php\\\/2025\\\/06\\\/04\\\/lextension-du-port-de-djen-djen-sur-la-table-du-gouvernement-vers-un-hub-mediterraneen-strategique\\\/\",\"name\":\"L&rsquo;extension du port de Djen Djen sur la table du Gouvernement: Vers un hub m\u00e9diterran\u00e9en strat\u00e9gique - La Sentinelle\",\"isPartOf\":{\"@id\":\"https:\\\/\\\/lasentinelle.dz\\\/#website\"},\"primaryImageOfPage\":{\"@id\":\"https:\\\/\\\/lasentinelle.dz\\\/index.php\\\/2025\\\/06\\\/04\\\/lextension-du-port-de-djen-djen-sur-la-table-du-gouvernement-vers-un-hub-mediterraneen-strategique\\\/#primaryimage\"},\"image\":{\"@id\":\"https:\\\/\\\/lasentinelle.dz\\\/index.php\\\/2025\\\/06\\\/04\\\/lextension-du-port-de-djen-djen-sur-la-table-du-gouvernement-vers-un-hub-mediterraneen-strategique\\\/#primaryimage\"},\"thumbnailUrl\":\"https:\\\/\\\/lasentinelle.dz\\\/wp-content\\\/uploads\\\/2025\\\/02\\\/Port-de-Djendjen.jpg\",\"datePublished\":\"2025-06-04T21:33:03+00:00\",\"dateModified\":\"2025-06-04T21:33:04+00:00\",\"breadcrumb\":{\"@id\":\"https:\\\/\\\/lasentinelle.dz\\\/index.php\\\/2025\\\/06\\\/04\\\/lextension-du-port-de-djen-djen-sur-la-table-du-gouvernement-vers-un-hub-mediterraneen-strategique\\\/#breadcrumb\"},\"inLanguage\":\"fr-FR\",\"potentialAction\":[{\"@type\":\"ReadAction\",\"target\":[\"https:\\\/\\\/lasentinelle.dz\\\/index.php\\\/2025\\\/06\\\/04\\\/lextension-du-port-de-djen-djen-sur-la-table-du-gouvernement-vers-un-hub-mediterraneen-strategique\\\/\"]}]},{\"@type\":\"ImageObject\",\"inLanguage\":\"fr-FR\",\"@id\":\"https:\\\/\\\/lasentinelle.dz\\\/index.php\\\/2025\\\/06\\\/04\\\/lextension-du-port-de-djen-djen-sur-la-table-du-gouvernement-vers-un-hub-mediterraneen-strategique\\\/#primaryimage\",\"url\":\"https:\\\/\\\/lasentinelle.dz\\\/wp-content\\\/uploads\\\/2025\\\/02\\\/Port-de-Djendjen.jpg\",\"contentUrl\":\"https:\\\/\\\/lasentinelle.dz\\\/wp-content\\\/uploads\\\/2025\\\/02\\\/Port-de-Djendjen.jpg\",\"width\":1024,\"height\":683},{\"@type\":\"BreadcrumbList\",\"@id\":\"https:\\\/\\\/lasentinelle.dz\\\/index.php\\\/2025\\\/06\\\/04\\\/lextension-du-port-de-djen-djen-sur-la-table-du-gouvernement-vers-un-hub-mediterraneen-strategique\\\/#breadcrumb\",\"itemListElement\":[{\"@type\":\"ListItem\",\"position\":1,\"name\":\"Accueil\",\"item\":\"https:\\\/\\\/lasentinelle.dz\\\/\"},{\"@type\":\"ListItem\",\"position\":2,\"name\":\"L&rsquo;extension du port de Djen Djen sur la table du Gouvernement: Vers un hub m\u00e9diterran\u00e9en strat\u00e9gique\"}]},{\"@type\":\"WebSite\",\"@id\":\"https:\\\/\\\/lasentinelle.dz\\\/#website\",\"url\":\"https:\\\/\\\/lasentinelle.dz\\\/\",\"name\":\"La Sentinelle\",\"description\":\"Quotidien national d&#039;information\",\"publisher\":{\"@id\":\"https:\\\/\\\/lasentinelle.dz\\\/#organization\"},\"potentialAction\":[{\"@type\":\"SearchAction\",\"target\":{\"@type\":\"EntryPoint\",\"urlTemplate\":\"https:\\\/\\\/lasentinelle.dz\\\/?s={search_term_string}\"},\"query-input\":{\"@type\":\"PropertyValueSpecification\",\"valueRequired\":true,\"valueName\":\"search_term_string\"}}],\"inLanguage\":\"fr-FR\"},{\"@type\":\"Organization\",\"@id\":\"https:\\\/\\\/lasentinelle.dz\\\/#organization\",\"name\":\"Quotidien La Sentinelle\",\"url\":\"https:\\\/\\\/lasentinelle.dz\\\/\",\"logo\":{\"@type\":\"ImageObject\",\"inLanguage\":\"fr-FR\",\"@id\":\"https:\\\/\\\/lasentinelle.dz\\\/#\\\/schema\\\/logo\\\/image\\\/\",\"url\":\"https:\\\/\\\/lasentinelle.dz\\\/wp-content\\\/uploads\\\/2021\\\/09\\\/logo-sentinelleSLOGAN-1.png\",\"contentUrl\":\"https:\\\/\\\/lasentinelle.dz\\\/wp-content\\\/uploads\\\/2021\\\/09\\\/logo-sentinelleSLOGAN-1.png\",\"width\":615,\"height\":142,\"caption\":\"Quotidien La Sentinelle\"},\"image\":{\"@id\":\"https:\\\/\\\/lasentinelle.dz\\\/#\\\/schema\\\/logo\\\/image\\\/\"},\"sameAs\":[\"https:\\\/\\\/www.facebook.com\\\/La-Sentinelle-104059864394773\"]},{\"@type\":\"Person\",\"@id\":\"https:\\\/\\\/lasentinelle.dz\\\/#\\\/schema\\\/person\\\/729ee0024f24e0b8c5ec17232f8e8b41\",\"name\":\"admin\",\"image\":{\"@type\":\"ImageObject\",\"inLanguage\":\"fr-FR\",\"@id\":\"https:\\\/\\\/secure.gravatar.com\\\/avatar\\\/4c81fed838786e9b53f540bf46533e750f5d292099ae3b66cfc6fb1982e29df7?s=96&d=mm&r=g\",\"url\":\"https:\\\/\\\/secure.gravatar.com\\\/avatar\\\/4c81fed838786e9b53f540bf46533e750f5d292099ae3b66cfc6fb1982e29df7?s=96&d=mm&r=g\",\"contentUrl\":\"https:\\\/\\\/secure.gravatar.com\\\/avatar\\\/4c81fed838786e9b53f540bf46533e750f5d292099ae3b66cfc6fb1982e29df7?s=96&d=mm&r=g\",\"caption\":\"admin\"},\"description\":\"admin\",\"url\":\"https:\\\/\\\/lasentinelle.dz\\\/author\\\/admin\\\/\"}]}<\/script>\n<!-- \/ Yoast SEO plugin. -->","yoast_head_json":{"title":"L&rsquo;extension du port de Djen Djen sur la table du Gouvernement: Vers un hub m\u00e9diterran\u00e9en strat\u00e9gique - La Sentinelle","robots":{"index":"index","follow":"follow","max-snippet":"max-snippet:-1","max-image-preview":"max-image-preview:large","max-video-preview":"max-video-preview:-1"},"canonical":"https:\/\/lasentinelle.dz\/index.php\/2025\/06\/04\/lextension-du-port-de-djen-djen-sur-la-table-du-gouvernement-vers-un-hub-mediterraneen-strategique\/","og_locale":"fr_FR","og_type":"article","og_title":"L&rsquo;extension du port de Djen Djen sur la table du Gouvernement: Vers un hub m\u00e9diterran\u00e9en strat\u00e9gique - La Sentinelle","og_description":"Le port de Djen Djen s&rsquo;impose comme un projet phare de la strat\u00e9gie alg\u00e9rienne de positionnement sur les routes commerciales","og_url":"https:\/\/lasentinelle.dz\/index.php\/2025\/06\/04\/lextension-du-port-de-djen-djen-sur-la-table-du-gouvernement-vers-un-hub-mediterraneen-strategique\/","og_site_name":"La Sentinelle","article_publisher":"https:\/\/www.facebook.com\/La-Sentinelle-104059864394773","article_published_time":"2025-06-04T21:33:03+00:00","article_modified_time":"2025-06-04T21:33:04+00:00","og_image":[{"width":1024,"height":683,"url":"https:\/\/lasentinelle.dz\/wp-content\/uploads\/2025\/02\/Port-de-Djendjen.jpg","type":"image\/jpeg"}],"author":"admin","twitter_card":"summary_large_image","twitter_misc":{"\u00c9crit par":"admin","Dur\u00e9e de lecture estim\u00e9e":"3 minutes"},"schema":{"@context":"https:\/\/schema.org","@graph":[{"@type":"Article","@id":"https:\/\/lasentinelle.dz\/index.php\/2025\/06\/04\/lextension-du-port-de-djen-djen-sur-la-table-du-gouvernement-vers-un-hub-mediterraneen-strategique\/#article","isPartOf":{"@id":"https:\/\/lasentinelle.dz\/index.php\/2025\/06\/04\/lextension-du-port-de-djen-djen-sur-la-table-du-gouvernement-vers-un-hub-mediterraneen-strategique\/"},"author":{"name":"admin","@id":"https:\/\/lasentinelle.dz\/#\/schema\/person\/729ee0024f24e0b8c5ec17232f8e8b41"},"headline":"L&rsquo;extension du port de Djen Djen sur la table du Gouvernement: Vers un hub m\u00e9diterran\u00e9en strat\u00e9gique","datePublished":"2025-06-04T21:33:03+00:00","dateModified":"2025-06-04T21:33:04+00:00","mainEntityOfPage":{"@id":"https:\/\/lasentinelle.dz\/index.php\/2025\/06\/04\/lextension-du-port-de-djen-djen-sur-la-table-du-gouvernement-vers-un-hub-mediterraneen-strategique\/"},"wordCount":651,"commentCount":0,"publisher":{"@id":"https:\/\/lasentinelle.dz\/#organization"},"image":{"@id":"https:\/\/lasentinelle.dz\/index.php\/2025\/06\/04\/lextension-du-port-de-djen-djen-sur-la-table-du-gouvernement-vers-un-hub-mediterraneen-strategique\/#primaryimage"},"thumbnailUrl":"https:\/\/lasentinelle.dz\/wp-content\/uploads\/2025\/02\/Port-de-Djendjen.jpg","articleSection":["\u00c0 la Une","Actualit\u00e9"],"inLanguage":"fr-FR","potentialAction":[{"@type":"CommentAction","name":"Comment","target":["https:\/\/lasentinelle.dz\/index.php\/2025\/06\/04\/lextension-du-port-de-djen-djen-sur-la-table-du-gouvernement-vers-un-hub-mediterraneen-strategique\/#respond"]}]},{"@type":"WebPage","@id":"https:\/\/lasentinelle.dz\/index.php\/2025\/06\/04\/lextension-du-port-de-djen-djen-sur-la-table-du-gouvernement-vers-un-hub-mediterraneen-strategique\/","url":"https:\/\/lasentinelle.dz\/index.php\/2025\/06\/04\/lextension-du-port-de-djen-djen-sur-la-table-du-gouvernement-vers-un-hub-mediterraneen-strategique\/","name":"L&rsquo;extension du port de Djen Djen sur la table du Gouvernement: Vers un hub m\u00e9diterran\u00e9en strat\u00e9gique - La Sentinelle","isPartOf":{"@id":"https:\/\/lasentinelle.dz\/#website"},"primaryImageOfPage":{"@id":"https:\/\/lasentinelle.dz\/index.php\/2025\/06\/04\/lextension-du-port-de-djen-djen-sur-la-table-du-gouvernement-vers-un-hub-mediterraneen-strategique\/#primaryimage"},"image":{"@id":"https:\/\/lasentinelle.dz\/index.php\/2025\/06\/04\/lextension-du-port-de-djen-djen-sur-la-table-du-gouvernement-vers-un-hub-mediterraneen-strategique\/#primaryimage"},"thumbnailUrl":"https:\/\/lasentinelle.dz\/wp-content\/uploads\/2025\/02\/Port-de-Djendjen.jpg","datePublished":"2025-06-04T21:33:03+00:00","dateModified":"2025-06-04T21:33:04+00:00","breadcrumb":{"@id":"https:\/\/lasentinelle.dz\/index.php\/2025\/06\/04\/lextension-du-port-de-djen-djen-sur-la-table-du-gouvernement-vers-un-hub-mediterraneen-strategique\/#breadcrumb"},"inLanguage":"fr-FR","potentialAction":[{"@type":"ReadAction","target":["https:\/\/lasentinelle.dz\/index.php\/2025\/06\/04\/lextension-du-port-de-djen-djen-sur-la-table-du-gouvernement-vers-un-hub-mediterraneen-strategique\/"]}]},{"@type":"ImageObject","inLanguage":"fr-FR","@id":"https:\/\/lasentinelle.dz\/index.php\/2025\/06\/04\/lextension-du-port-de-djen-djen-sur-la-table-du-gouvernement-vers-un-hub-mediterraneen-strategique\/#primaryimage","url":"https:\/\/lasentinelle.dz\/wp-content\/uploads\/2025\/02\/Port-de-Djendjen.jpg","contentUrl":"https:\/\/lasentinelle.dz\/wp-content\/uploads\/2025\/02\/Port-de-Djendjen.jpg","width":1024,"height":683},{"@type":"BreadcrumbList","@id":"https:\/\/lasentinelle.dz\/index.php\/2025\/06\/04\/lextension-du-port-de-djen-djen-sur-la-table-du-gouvernement-vers-un-hub-mediterraneen-strategique\/#breadcrumb","itemListElement":[{"@type":"ListItem","position":1,"name":"Accueil","item":"https:\/\/lasentinelle.dz\/"},{"@type":"ListItem","position":2,"name":"L&rsquo;extension du port de Djen Djen sur la table du Gouvernement: Vers un hub m\u00e9diterran\u00e9en strat\u00e9gique"}]},{"@type":"WebSite","@id":"https:\/\/lasentinelle.dz\/#website","url":"https:\/\/lasentinelle.dz\/","name":"La Sentinelle","description":"Quotidien national d&#039;information","publisher":{"@id":"https:\/\/lasentinelle.dz\/#organization"},"potentialAction":[{"@type":"SearchAction","target":{"@type":"EntryPoint","urlTemplate":"https:\/\/lasentinelle.dz\/?s={search_term_string}"},"query-input":{"@type":"PropertyValueSpecification","valueRequired":true,"valueName":"search_term_string"}}],"inLanguage":"fr-FR"},{"@type":"Organization","@id":"https:\/\/lasentinelle.dz\/#organization","name":"Quotidien La Sentinelle","url":"https:\/\/lasentinelle.dz\/","logo":{"@type":"ImageObject","inLanguage":"fr-FR","@id":"https:\/\/lasentinelle.dz\/#\/schema\/logo\/image\/","url":"https:\/\/lasentinelle.dz\/wp-content\/uploads\/2021\/09\/logo-sentinelleSLOGAN-1.png","contentUrl":"https:\/\/lasentinelle.dz\/wp-content\/uploads\/2021\/09\/logo-sentinelleSLOGAN-1.png","width":615,"height":142,"caption":"Quotidien La Sentinelle"},"image":{"@id":"https:\/\/lasentinelle.dz\/#\/schema\/logo\/image\/"},"sameAs":["https:\/\/www.facebook.com\/La-Sentinelle-104059864394773"]},{"@type":"Person","@id":"https:\/\/lasentinelle.dz\/#\/schema\/person\/729ee0024f24e0b8c5ec17232f8e8b41","name":"admin","image":{"@type":"ImageObject","inLanguage":"fr-FR","@id":"https:\/\/secure.gravatar.com\/avatar\/4c81fed838786e9b53f540bf46533e750f5d292099ae3b66cfc6fb1982e29df7?s=96&d=mm&r=g","url":"https:\/\/secure.gravatar.com\/avatar\/4c81fed838786e9b53f540bf46533e750f5d292099ae3b66cfc6fb1982e29df7?s=96&d=mm&r=g","contentUrl":"https:\/\/secure.gravatar.com\/avatar\/4c81fed838786e9b53f540bf46533e750f5d292099ae3b66cfc6fb1982e29df7?s=96&d=mm&r=g","caption":"admin"},"description":"admin","url":"https:\/\/lasentinelle.dz\/author\/admin\/"}]}},"_links":{"self":[{"href":"https:\/\/lasentinelle.dz\/index.php\/wp-json\/wp\/v2\/posts\/68561","targetHints":{"allow":["GET"]}}],"collection":[{"href":"https:\/\/lasentinelle.dz\/index.php\/wp-json\/wp\/v2\/posts"}],"about":[{"href":"https:\/\/lasentinelle.dz\/index.php\/wp-json\/wp\/v2\/types\/post"}],"author":[{"embeddable":true,"href":"https:\/\/lasentinelle.dz\/index.php\/wp-json\/wp\/v2\/users\/6"}],"replies":[{"embeddable":true,"href":"https:\/\/lasentinelle.dz\/index.php\/wp-json\/wp\/v2\/comments?post=68561"}],"version-history":[{"count":2,"href":"https:\/\/lasentinelle.dz\/index.php\/wp-json\/wp\/v2\/posts\/68561\/revisions"}],"predecessor-version":[{"id":68563,"href":"https:\/\/lasentinelle.dz\/index.php\/wp-json\/wp\/v2\/posts\/68561\/revisions\/68563"}],"wp:featuredmedia":[{"embeddable":true,"href":"https:\/\/lasentinelle.dz\/index.php\/wp-json\/wp\/v2\/media\/63276"}],"wp:attachment":[{"href":"https:\/\/lasentinelle.dz\/index.php\/wp-json\/wp\/v2\/media?parent=68561"}],"wp:term":[{"taxonomy":"category","embeddable":true,"href":"https:\/\/lasentinelle.dz\/index.php\/wp-json\/wp\/v2\/categories?post=68561"},{"taxonomy":"post_tag","embeddable":true,"href":"https:\/\/lasentinelle.dz\/index.php\/wp-json\/wp\/v2\/tags?post=68561"}],"curies":[{"name":"wp","href":"https:\/\/api.w.org\/{rel}","templated":true}]}}