{"id":68565,"date":"2025-06-08T20:33:17","date_gmt":"2025-06-08T19:33:17","guid":{"rendered":"https:\/\/lasentinelle.dz\/?p=68565"},"modified":"2025-06-08T20:33:18","modified_gmt":"2025-06-08T19:33:18","slug":"transport-maritime-gnv-ouvre-nouvelle-ligne-alger-sete","status":"publish","type":"post","link":"https:\/\/lasentinelle.dz\/index.php\/2025\/06\/08\/transport-maritime-gnv-ouvre-nouvelle-ligne-alger-sete\/","title":{"rendered":"Transport maritime: GNV ouvre nouvelle ligne Alger-S\u00e8te"},"content":{"rendered":"\n<p>La compagnie italienne Grandi Navi Veloci (GNV) a officiellement inaugur\u00e9 mercredi sa nouvelle ligne de transport maritime reliant Alger au port fran\u00e7ais de S\u00e8te, marquant une \u00e9tape importante dans le renforcement des connexions entre l&rsquo;Alg\u00e9rie et l&rsquo;Europe m\u00e9diterran\u00e9enne. Cette initiative s&rsquo;inscrit dans un contexte de forte demande de la part de la diaspora alg\u00e9rienne en France, particuli\u00e8rement nombreuse dans le sud du pays. Le ferry \u00ab\u00a0Excellent\u00a0\u00bb de GNV a effectu\u00e9 sa premi\u00e8re travers\u00e9e commerciale sur cette route, accostant au port d&rsquo;Alger vers 15h00 avec \u00e0 son bord 949 passagers, 653 v\u00e9hicules et six motos en provenance de S\u00e8te. Cette arriv\u00e9e co\u00efncidait avec la p\u00e9riode de l&rsquo;A\u00efd El-Adha, expliquant l&rsquo;affluence importante de voyageurs venus retrouver leurs familles en Alg\u00e9rie. Les passagers interrog\u00e9s ont exprim\u00e9 leur satisfaction concernant cette nouvelle option de transport. \u00ab\u00a0Cette ligne nous offre une plus grande flexibilit\u00e9 dans nos d\u00e9placements entre l&rsquo;Alg\u00e9rie et la France\u00a0\u00bb, ont-ils d\u00e9clar\u00e9, soulignant l&rsquo;importance de disposer d&rsquo;alternatives aux liaisons existantes. La c\u00e9r\u00e9monie officielle d&rsquo;inauguration s&rsquo;est tenue \u00e0 bord du ferry \u00e0 son arriv\u00e9e au port d&rsquo;Alger, en pr\u00e9sence de hautes personnalit\u00e9s des deux pays. Parmi les officiels pr\u00e9sents figuraient Hamid Lounaouci, conseiller du pr\u00e9sident de la R\u00e9publique charg\u00e9 des ONG et des droits de l&rsquo;Homme, Djamel Eddine Abdelghani Dridi, secr\u00e9taire g\u00e9n\u00e9ral du minist\u00e8re des Transports, Kamel Moula, pr\u00e9sident du Conseil du renouveau \u00e9conomique alg\u00e9rien, et Alberto Cutillo, ambassadeur d&rsquo;Italie en Alg\u00e9rie, accompagn\u00e9s de responsables du secteur maritime. Djamel Eddine Abdelghani Dridi s&rsquo;est f\u00e9licit\u00e9 de cette ouverture, r\u00e9alis\u00e9e \u00ab\u00a0en partenariat avec l&rsquo;op\u00e9rateur alg\u00e9rien AFLT Maritime, en vue de renforcer les services offerts \u00e0 notre communaut\u00e9 nationale, fortement pr\u00e9sente en Europe\u00a0\u00bb. L&rsquo;ambassadeur italien Alberto Cutillo a exprim\u00e9 sa \u00ab\u00a0tr\u00e8s grande satisfaction du partenariat entre GNV et son partenaire alg\u00e9rien\u00a0\u00bb, esp\u00e9rant \u00ab\u00a0voir ce partenariat s&rsquo;\u00e9largir \u00e0 d&rsquo;autres liaisons maritimes reliant des villes alg\u00e9riennes et italiennes\u00a0\u00bb. Cette collaboration bilat\u00e9rale t\u00e9moigne de la volont\u00e9 des deux pays de d\u00e9velopper leurs \u00e9changes commerciaux et humains. Selon Hamid Batata, PDG d&rsquo;AFLT Maritime, \u00ab\u00a0une travers\u00e9e hebdomadaire a \u00e9t\u00e9 programm\u00e9e entre Alger et le port fran\u00e7ais de S\u00e8te\u00a0\u00bb. Il a \u00e9galement annonc\u00e9 qu&rsquo;une deuxi\u00e8me ligne sera ouverte le 9 juin, reliant cette fois B\u00e9ja\u00efa \u00e0 S\u00e8te, diversifiant ainsi l&rsquo;offre pour les voyageurs alg\u00e9riens. Le dirigeant a pr\u00e9cis\u00e9 qu&rsquo;une \u00ab\u00a0r\u00e9flexion est en cours en vue d&rsquo;\u00e9largir le r\u00e9seau de transport de GNV en Alg\u00e9rie pour inclure le port de G\u00eanes\u00a0\u00bb, ouvrant la perspective de liaisons directes avec l&rsquo;Italie. Le PDG de GNV a confirm\u00e9 l&rsquo;engagement de sa compagnie, affirmant que l&rsquo;entreprise italienne \u00e9tait \u00ab\u00a0pr\u00eate \u00e0 mettre \u00e0 disposition son expertise en vue de renforcer le r\u00e9seau de transport maritime en Alg\u00e9rie, au service de la communaut\u00e9 alg\u00e9rienne \u00e9tablie \u00e0 l&rsquo;\u00e9tranger\u00a0\u00bb.<\/p>\n\n\n\n<p>Samir Benisid<\/p>\n","protected":false},"excerpt":{"rendered":"<p>La compagnie italienne Grandi Navi Veloci (GNV) a officiellement inaugur\u00e9 mercredi sa nouvelle ligne de transport maritime reliant Alger au<\/p>\n","protected":false},"author":6,"featured_media":68566,"comment_status":"open","ping_status":"closed","sticky":false,"template":"","format":"standard","meta":{"colormag_page_container_layout":"default_layout","colormag_page_sidebar_layout":"default_layout","om_disable_all_campaigns":false,"_monsterinsights_skip_tracking":false,"_monsterinsights_sitenote_active":false,"_monsterinsights_sitenote_note":"","_monsterinsights_sitenote_category":0,"footnotes":"","_wpscppro_dont_share_socialmedia":false,"_wpscppro_custom_social_share_image":0,"_facebook_share_type":"default","_twitter_share_type":"default","_linkedin_share_type":"default","_pinterest_share_type":"default","_linkedin_share_type_page":"","_instagram_share_type":"default","_medium_share_type":"default","_threads_share_type":"","_google_business_share_type":"","_selected_social_profile":[],"_wpsp_enable_custom_social_template":false,"_wpsp_social_scheduling":{"enabled":false,"datetime":null,"platforms":[],"status":"template_only","dateOption":"today","timeOption":"now","customDays":"","customHours":"","customDate":"","customTime":"","schedulingType":"absolute"},"_wpsp_active_default_template":true},"categories":[27],"tags":[],"class_list":["post-68565","post","type-post","status-publish","format-standard","has-post-thumbnail","hentry","category-actualite"],"aioseo_notices":[],"yoast_head":"<!-- This site is optimized with the Yoast SEO plugin v27.5 - https:\/\/yoast.com\/product\/yoast-seo-wordpress\/ -->\n<title>Transport maritime: GNV ouvre nouvelle ligne Alger-S\u00e8te - La Sentinelle<\/title>\n<meta name=\"robots\" content=\"index, follow, max-snippet:-1, max-image-preview:large, max-video-preview:-1\" \/>\n<link rel=\"canonical\" href=\"https:\/\/lasentinelle.dz\/index.php\/2025\/06\/08\/transport-maritime-gnv-ouvre-nouvelle-ligne-alger-sete\/\" \/>\n<meta property=\"og:locale\" content=\"fr_FR\" \/>\n<meta property=\"og:type\" content=\"article\" \/>\n<meta property=\"og:title\" content=\"Transport maritime: GNV ouvre nouvelle ligne Alger-S\u00e8te - La Sentinelle\" \/>\n<meta property=\"og:description\" content=\"La compagnie italienne Grandi Navi Veloci (GNV) a officiellement inaugur\u00e9 mercredi sa nouvelle ligne de transport maritime reliant Alger au\" \/>\n<meta property=\"og:url\" content=\"https:\/\/lasentinelle.dz\/index.php\/2025\/06\/08\/transport-maritime-gnv-ouvre-nouvelle-ligne-alger-sete\/\" \/>\n<meta property=\"og:site_name\" content=\"La Sentinelle\" \/>\n<meta property=\"article:publisher\" content=\"https:\/\/www.facebook.com\/La-Sentinelle-104059864394773\" \/>\n<meta property=\"article:published_time\" content=\"2025-06-08T19:33:17+00:00\" \/>\n<meta property=\"article:modified_time\" content=\"2025-06-08T19:33:18+00:00\" \/>\n<meta name=\"author\" content=\"admin\" \/>\n<meta name=\"twitter:card\" content=\"summary_large_image\" \/>\n<meta name=\"twitter:label1\" content=\"\u00c9crit par\" \/>\n\t<meta name=\"twitter:data1\" content=\"admin\" \/>\n\t<meta name=\"twitter:label2\" content=\"Dur\u00e9e de lecture estim\u00e9e\" \/>\n\t<meta name=\"twitter:data2\" content=\"3 minutes\" \/>\n<script type=\"application\/ld+json\" class=\"yoast-schema-graph\">{\"@context\":\"https:\\\/\\\/schema.org\",\"@graph\":[{\"@type\":\"Article\",\"@id\":\"https:\\\/\\\/lasentinelle.dz\\\/index.php\\\/2025\\\/06\\\/08\\\/transport-maritime-gnv-ouvre-nouvelle-ligne-alger-sete\\\/#article\",\"isPartOf\":{\"@id\":\"https:\\\/\\\/lasentinelle.dz\\\/index.php\\\/2025\\\/06\\\/08\\\/transport-maritime-gnv-ouvre-nouvelle-ligne-alger-sete\\\/\"},\"author\":{\"name\":\"admin\",\"@id\":\"https:\\\/\\\/lasentinelle.dz\\\/#\\\/schema\\\/person\\\/729ee0024f24e0b8c5ec17232f8e8b41\"},\"headline\":\"Transport maritime: GNV ouvre nouvelle ligne Alger-S\u00e8te\",\"datePublished\":\"2025-06-08T19:33:17+00:00\",\"dateModified\":\"2025-06-08T19:33:18+00:00\",\"mainEntityOfPage\":{\"@id\":\"https:\\\/\\\/lasentinelle.dz\\\/index.php\\\/2025\\\/06\\\/08\\\/transport-maritime-gnv-ouvre-nouvelle-ligne-alger-sete\\\/\"},\"wordCount\":530,\"commentCount\":0,\"publisher\":{\"@id\":\"https:\\\/\\\/lasentinelle.dz\\\/#organization\"},\"image\":{\"@id\":\"https:\\\/\\\/lasentinelle.dz\\\/index.php\\\/2025\\\/06\\\/08\\\/transport-maritime-gnv-ouvre-nouvelle-ligne-alger-sete\\\/#primaryimage\"},\"thumbnailUrl\":\"https:\\\/\\\/lasentinelle.dz\\\/wp-content\\\/uploads\\\/2025\\\/06\\\/rhapsody-gnv.avif\",\"articleSection\":[\"Actualit\u00e9\"],\"inLanguage\":\"fr-FR\",\"potentialAction\":[{\"@type\":\"CommentAction\",\"name\":\"Comment\",\"target\":[\"https:\\\/\\\/lasentinelle.dz\\\/index.php\\\/2025\\\/06\\\/08\\\/transport-maritime-gnv-ouvre-nouvelle-ligne-alger-sete\\\/#respond\"]}]},{\"@type\":\"WebPage\",\"@id\":\"https:\\\/\\\/lasentinelle.dz\\\/index.php\\\/2025\\\/06\\\/08\\\/transport-maritime-gnv-ouvre-nouvelle-ligne-alger-sete\\\/\",\"url\":\"https:\\\/\\\/lasentinelle.dz\\\/index.php\\\/2025\\\/06\\\/08\\\/transport-maritime-gnv-ouvre-nouvelle-ligne-alger-sete\\\/\",\"name\":\"Transport maritime: GNV ouvre nouvelle ligne Alger-S\u00e8te - La Sentinelle\",\"isPartOf\":{\"@id\":\"https:\\\/\\\/lasentinelle.dz\\\/#website\"},\"primaryImageOfPage\":{\"@id\":\"https:\\\/\\\/lasentinelle.dz\\\/index.php\\\/2025\\\/06\\\/08\\\/transport-maritime-gnv-ouvre-nouvelle-ligne-alger-sete\\\/#primaryimage\"},\"image\":{\"@id\":\"https:\\\/\\\/lasentinelle.dz\\\/index.php\\\/2025\\\/06\\\/08\\\/transport-maritime-gnv-ouvre-nouvelle-ligne-alger-sete\\\/#primaryimage\"},\"thumbnailUrl\":\"https:\\\/\\\/lasentinelle.dz\\\/wp-content\\\/uploads\\\/2025\\\/06\\\/rhapsody-gnv.avif\",\"datePublished\":\"2025-06-08T19:33:17+00:00\",\"dateModified\":\"2025-06-08T19:33:18+00:00\",\"breadcrumb\":{\"@id\":\"https:\\\/\\\/lasentinelle.dz\\\/index.php\\\/2025\\\/06\\\/08\\\/transport-maritime-gnv-ouvre-nouvelle-ligne-alger-sete\\\/#breadcrumb\"},\"inLanguage\":\"fr-FR\",\"potentialAction\":[{\"@type\":\"ReadAction\",\"target\":[\"https:\\\/\\\/lasentinelle.dz\\\/index.php\\\/2025\\\/06\\\/08\\\/transport-maritime-gnv-ouvre-nouvelle-ligne-alger-sete\\\/\"]}]},{\"@type\":\"ImageObject\",\"inLanguage\":\"fr-FR\",\"@id\":\"https:\\\/\\\/lasentinelle.dz\\\/index.php\\\/2025\\\/06\\\/08\\\/transport-maritime-gnv-ouvre-nouvelle-ligne-alger-sete\\\/#primaryimage\",\"url\":\"https:\\\/\\\/lasentinelle.dz\\\/wp-content\\\/uploads\\\/2025\\\/06\\\/rhapsody-gnv.avif\",\"contentUrl\":\"https:\\\/\\\/lasentinelle.dz\\\/wp-content\\\/uploads\\\/2025\\\/06\\\/rhapsody-gnv.avif\",\"width\":1500,\"height\":1001},{\"@type\":\"BreadcrumbList\",\"@id\":\"https:\\\/\\\/lasentinelle.dz\\\/index.php\\\/2025\\\/06\\\/08\\\/transport-maritime-gnv-ouvre-nouvelle-ligne-alger-sete\\\/#breadcrumb\",\"itemListElement\":[{\"@type\":\"ListItem\",\"position\":1,\"name\":\"Accueil\",\"item\":\"https:\\\/\\\/lasentinelle.dz\\\/\"},{\"@type\":\"ListItem\",\"position\":2,\"name\":\"Transport maritime: GNV ouvre nouvelle ligne Alger-S\u00e8te\"}]},{\"@type\":\"WebSite\",\"@id\":\"https:\\\/\\\/lasentinelle.dz\\\/#website\",\"url\":\"https:\\\/\\\/lasentinelle.dz\\\/\",\"name\":\"La Sentinelle\",\"description\":\"Quotidien national d&#039;information\",\"publisher\":{\"@id\":\"https:\\\/\\\/lasentinelle.dz\\\/#organization\"},\"potentialAction\":[{\"@type\":\"SearchAction\",\"target\":{\"@type\":\"EntryPoint\",\"urlTemplate\":\"https:\\\/\\\/lasentinelle.dz\\\/?s={search_term_string}\"},\"query-input\":{\"@type\":\"PropertyValueSpecification\",\"valueRequired\":true,\"valueName\":\"search_term_string\"}}],\"inLanguage\":\"fr-FR\"},{\"@type\":\"Organization\",\"@id\":\"https:\\\/\\\/lasentinelle.dz\\\/#organization\",\"name\":\"Quotidien La Sentinelle\",\"url\":\"https:\\\/\\\/lasentinelle.dz\\\/\",\"logo\":{\"@type\":\"ImageObject\",\"inLanguage\":\"fr-FR\",\"@id\":\"https:\\\/\\\/lasentinelle.dz\\\/#\\\/schema\\\/logo\\\/image\\\/\",\"url\":\"https:\\\/\\\/lasentinelle.dz\\\/wp-content\\\/uploads\\\/2021\\\/09\\\/logo-sentinelleSLOGAN-1.png\",\"contentUrl\":\"https:\\\/\\\/lasentinelle.dz\\\/wp-content\\\/uploads\\\/2021\\\/09\\\/logo-sentinelleSLOGAN-1.png\",\"width\":615,\"height\":142,\"caption\":\"Quotidien La Sentinelle\"},\"image\":{\"@id\":\"https:\\\/\\\/lasentinelle.dz\\\/#\\\/schema\\\/logo\\\/image\\\/\"},\"sameAs\":[\"https:\\\/\\\/www.facebook.com\\\/La-Sentinelle-104059864394773\"]},{\"@type\":\"Person\",\"@id\":\"https:\\\/\\\/lasentinelle.dz\\\/#\\\/schema\\\/person\\\/729ee0024f24e0b8c5ec17232f8e8b41\",\"name\":\"admin\",\"image\":{\"@type\":\"ImageObject\",\"inLanguage\":\"fr-FR\",\"@id\":\"https:\\\/\\\/secure.gravatar.com\\\/avatar\\\/4c81fed838786e9b53f540bf46533e750f5d292099ae3b66cfc6fb1982e29df7?s=96&d=mm&r=g\",\"url\":\"https:\\\/\\\/secure.gravatar.com\\\/avatar\\\/4c81fed838786e9b53f540bf46533e750f5d292099ae3b66cfc6fb1982e29df7?s=96&d=mm&r=g\",\"contentUrl\":\"https:\\\/\\\/secure.gravatar.com\\\/avatar\\\/4c81fed838786e9b53f540bf46533e750f5d292099ae3b66cfc6fb1982e29df7?s=96&d=mm&r=g\",\"caption\":\"admin\"},\"description\":\"admin\",\"url\":\"https:\\\/\\\/lasentinelle.dz\\\/author\\\/admin\\\/\"}]}<\/script>\n<!-- \/ Yoast SEO plugin. -->","yoast_head_json":{"title":"Transport maritime: GNV ouvre nouvelle ligne Alger-S\u00e8te - La Sentinelle","robots":{"index":"index","follow":"follow","max-snippet":"max-snippet:-1","max-image-preview":"max-image-preview:large","max-video-preview":"max-video-preview:-1"},"canonical":"https:\/\/lasentinelle.dz\/index.php\/2025\/06\/08\/transport-maritime-gnv-ouvre-nouvelle-ligne-alger-sete\/","og_locale":"fr_FR","og_type":"article","og_title":"Transport maritime: GNV ouvre nouvelle ligne Alger-S\u00e8te - La Sentinelle","og_description":"La compagnie italienne Grandi Navi Veloci (GNV) a officiellement inaugur\u00e9 mercredi sa nouvelle ligne de transport maritime reliant Alger au","og_url":"https:\/\/lasentinelle.dz\/index.php\/2025\/06\/08\/transport-maritime-gnv-ouvre-nouvelle-ligne-alger-sete\/","og_site_name":"La Sentinelle","article_publisher":"https:\/\/www.facebook.com\/La-Sentinelle-104059864394773","article_published_time":"2025-06-08T19:33:17+00:00","article_modified_time":"2025-06-08T19:33:18+00:00","author":"admin","twitter_card":"summary_large_image","twitter_misc":{"\u00c9crit par":"admin","Dur\u00e9e de lecture estim\u00e9e":"3 minutes"},"schema":{"@context":"https:\/\/schema.org","@graph":[{"@type":"Article","@id":"https:\/\/lasentinelle.dz\/index.php\/2025\/06\/08\/transport-maritime-gnv-ouvre-nouvelle-ligne-alger-sete\/#article","isPartOf":{"@id":"https:\/\/lasentinelle.dz\/index.php\/2025\/06\/08\/transport-maritime-gnv-ouvre-nouvelle-ligne-alger-sete\/"},"author":{"name":"admin","@id":"https:\/\/lasentinelle.dz\/#\/schema\/person\/729ee0024f24e0b8c5ec17232f8e8b41"},"headline":"Transport maritime: GNV ouvre nouvelle ligne Alger-S\u00e8te","datePublished":"2025-06-08T19:33:17+00:00","dateModified":"2025-06-08T19:33:18+00:00","mainEntityOfPage":{"@id":"https:\/\/lasentinelle.dz\/index.php\/2025\/06\/08\/transport-maritime-gnv-ouvre-nouvelle-ligne-alger-sete\/"},"wordCount":530,"commentCount":0,"publisher":{"@id":"https:\/\/lasentinelle.dz\/#organization"},"image":{"@id":"https:\/\/lasentinelle.dz\/index.php\/2025\/06\/08\/transport-maritime-gnv-ouvre-nouvelle-ligne-alger-sete\/#primaryimage"},"thumbnailUrl":"https:\/\/lasentinelle.dz\/wp-content\/uploads\/2025\/06\/rhapsody-gnv.avif","articleSection":["Actualit\u00e9"],"inLanguage":"fr-FR","potentialAction":[{"@type":"CommentAction","name":"Comment","target":["https:\/\/lasentinelle.dz\/index.php\/2025\/06\/08\/transport-maritime-gnv-ouvre-nouvelle-ligne-alger-sete\/#respond"]}]},{"@type":"WebPage","@id":"https:\/\/lasentinelle.dz\/index.php\/2025\/06\/08\/transport-maritime-gnv-ouvre-nouvelle-ligne-alger-sete\/","url":"https:\/\/lasentinelle.dz\/index.php\/2025\/06\/08\/transport-maritime-gnv-ouvre-nouvelle-ligne-alger-sete\/","name":"Transport maritime: GNV ouvre nouvelle ligne Alger-S\u00e8te - La Sentinelle","isPartOf":{"@id":"https:\/\/lasentinelle.dz\/#website"},"primaryImageOfPage":{"@id":"https:\/\/lasentinelle.dz\/index.php\/2025\/06\/08\/transport-maritime-gnv-ouvre-nouvelle-ligne-alger-sete\/#primaryimage"},"image":{"@id":"https:\/\/lasentinelle.dz\/index.php\/2025\/06\/08\/transport-maritime-gnv-ouvre-nouvelle-ligne-alger-sete\/#primaryimage"},"thumbnailUrl":"https:\/\/lasentinelle.dz\/wp-content\/uploads\/2025\/06\/rhapsody-gnv.avif","datePublished":"2025-06-08T19:33:17+00:00","dateModified":"2025-06-08T19:33:18+00:00","breadcrumb":{"@id":"https:\/\/lasentinelle.dz\/index.php\/2025\/06\/08\/transport-maritime-gnv-ouvre-nouvelle-ligne-alger-sete\/#breadcrumb"},"inLanguage":"fr-FR","potentialAction":[{"@type":"ReadAction","target":["https:\/\/lasentinelle.dz\/index.php\/2025\/06\/08\/transport-maritime-gnv-ouvre-nouvelle-ligne-alger-sete\/"]}]},{"@type":"ImageObject","inLanguage":"fr-FR","@id":"https:\/\/lasentinelle.dz\/index.php\/2025\/06\/08\/transport-maritime-gnv-ouvre-nouvelle-ligne-alger-sete\/#primaryimage","url":"https:\/\/lasentinelle.dz\/wp-content\/uploads\/2025\/06\/rhapsody-gnv.avif","contentUrl":"https:\/\/lasentinelle.dz\/wp-content\/uploads\/2025\/06\/rhapsody-gnv.avif","width":1500,"height":1001},{"@type":"BreadcrumbList","@id":"https:\/\/lasentinelle.dz\/index.php\/2025\/06\/08\/transport-maritime-gnv-ouvre-nouvelle-ligne-alger-sete\/#breadcrumb","itemListElement":[{"@type":"ListItem","position":1,"name":"Accueil","item":"https:\/\/lasentinelle.dz\/"},{"@type":"ListItem","position":2,"name":"Transport maritime: GNV ouvre nouvelle ligne Alger-S\u00e8te"}]},{"@type":"WebSite","@id":"https:\/\/lasentinelle.dz\/#website","url":"https:\/\/lasentinelle.dz\/","name":"La Sentinelle","description":"Quotidien national d&#039;information","publisher":{"@id":"https:\/\/lasentinelle.dz\/#organization"},"potentialAction":[{"@type":"SearchAction","target":{"@type":"EntryPoint","urlTemplate":"https:\/\/lasentinelle.dz\/?s={search_term_string}"},"query-input":{"@type":"PropertyValueSpecification","valueRequired":true,"valueName":"search_term_string"}}],"inLanguage":"fr-FR"},{"@type":"Organization","@id":"https:\/\/lasentinelle.dz\/#organization","name":"Quotidien La Sentinelle","url":"https:\/\/lasentinelle.dz\/","logo":{"@type":"ImageObject","inLanguage":"fr-FR","@id":"https:\/\/lasentinelle.dz\/#\/schema\/logo\/image\/","url":"https:\/\/lasentinelle.dz\/wp-content\/uploads\/2021\/09\/logo-sentinelleSLOGAN-1.png","contentUrl":"https:\/\/lasentinelle.dz\/wp-content\/uploads\/2021\/09\/logo-sentinelleSLOGAN-1.png","width":615,"height":142,"caption":"Quotidien La Sentinelle"},"image":{"@id":"https:\/\/lasentinelle.dz\/#\/schema\/logo\/image\/"},"sameAs":["https:\/\/www.facebook.com\/La-Sentinelle-104059864394773"]},{"@type":"Person","@id":"https:\/\/lasentinelle.dz\/#\/schema\/person\/729ee0024f24e0b8c5ec17232f8e8b41","name":"admin","image":{"@type":"ImageObject","inLanguage":"fr-FR","@id":"https:\/\/secure.gravatar.com\/avatar\/4c81fed838786e9b53f540bf46533e750f5d292099ae3b66cfc6fb1982e29df7?s=96&d=mm&r=g","url":"https:\/\/secure.gravatar.com\/avatar\/4c81fed838786e9b53f540bf46533e750f5d292099ae3b66cfc6fb1982e29df7?s=96&d=mm&r=g","contentUrl":"https:\/\/secure.gravatar.com\/avatar\/4c81fed838786e9b53f540bf46533e750f5d292099ae3b66cfc6fb1982e29df7?s=96&d=mm&r=g","caption":"admin"},"description":"admin","url":"https:\/\/lasentinelle.dz\/author\/admin\/"}]}},"_links":{"self":[{"href":"https:\/\/lasentinelle.dz\/index.php\/wp-json\/wp\/v2\/posts\/68565","targetHints":{"allow":["GET"]}}],"collection":[{"href":"https:\/\/lasentinelle.dz\/index.php\/wp-json\/wp\/v2\/posts"}],"about":[{"href":"https:\/\/lasentinelle.dz\/index.php\/wp-json\/wp\/v2\/types\/post"}],"author":[{"embeddable":true,"href":"https:\/\/lasentinelle.dz\/index.php\/wp-json\/wp\/v2\/users\/6"}],"replies":[{"embeddable":true,"href":"https:\/\/lasentinelle.dz\/index.php\/wp-json\/wp\/v2\/comments?post=68565"}],"version-history":[{"count":1,"href":"https:\/\/lasentinelle.dz\/index.php\/wp-json\/wp\/v2\/posts\/68565\/revisions"}],"predecessor-version":[{"id":68567,"href":"https:\/\/lasentinelle.dz\/index.php\/wp-json\/wp\/v2\/posts\/68565\/revisions\/68567"}],"wp:featuredmedia":[{"embeddable":true,"href":"https:\/\/lasentinelle.dz\/index.php\/wp-json\/wp\/v2\/media\/68566"}],"wp:attachment":[{"href":"https:\/\/lasentinelle.dz\/index.php\/wp-json\/wp\/v2\/media?parent=68565"}],"wp:term":[{"taxonomy":"category","embeddable":true,"href":"https:\/\/lasentinelle.dz\/index.php\/wp-json\/wp\/v2\/categories?post=68565"},{"taxonomy":"post_tag","embeddable":true,"href":"https:\/\/lasentinelle.dz\/index.php\/wp-json\/wp\/v2\/tags?post=68565"}],"curies":[{"name":"wp","href":"https:\/\/api.w.org\/{rel}","templated":true}]}}