{"id":68568,"date":"2025-06-08T20:34:24","date_gmt":"2025-06-08T19:34:24","guid":{"rendered":"https:\/\/lasentinelle.dz\/?p=68568"},"modified":"2025-06-08T20:34:25","modified_gmt":"2025-06-08T19:34:25","slug":"sahara-occidental-la-communaute-internationale-appelee-a-respecter-ses-obligations","status":"publish","type":"post","link":"https:\/\/lasentinelle.dz\/index.php\/2025\/06\/08\/sahara-occidental-la-communaute-internationale-appelee-a-respecter-ses-obligations\/","title":{"rendered":"Sahara occidental : La communaut\u00e9 internationale appel\u00e9e \u00e0 respecter ses obligations"},"content":{"rendered":"\n<p>Le repr\u00e9sentant du Front Polisario en Australie et en Nouvelle-Z\u00e9lande, Kamal Fadel, a appel\u00e9 la communaut\u00e9 internationale \u00e0 respecter ses obligations juridiques \u00e0 l&rsquo;\u00e9gard de la question du Sahara occidental, soulignant que la seule solution l\u00e9gitime consiste \u00e0 permettre au peuple sahraoui d&rsquo;exercer son droit \u00e0 l&rsquo;autod\u00e9termination en toute libert\u00e9 et int\u00e9grit\u00e9. Dans un article publi\u00e9 vendredi sur le site Independent Australia, le diplomate sahraoui a pr\u00e9cis\u00e9 que le droit \u00e0 l&rsquo;autod\u00e9termination constitue un principe fondamental du droit international, consacr\u00e9 par la Charte des Nations Unies et les deux Pactes internationaux relatifs aux droits de l&rsquo;homme. Kamal Fadel a rappel\u00e9 que l&rsquo;Assembl\u00e9e g\u00e9n\u00e9rale des Nations Unies a r\u00e9affirm\u00e9 explicitement ce principe dans sa r\u00e9solution 2105 de 1965 reconnaissant la l\u00e9gitimit\u00e9 des luttes des peuples colonis\u00e9s pour leur ind\u00e9pendance et appelant les \u00c9tats \u00e0 soutenir les mouvements de lib\u00e9ration nationale sur les plans mat\u00e9riel et moral. Le diplomate sahraoui a \u00e9galement soulign\u00e9 que le Sahara occidental figure toujours sur la liste des territoires non autonomes des Nations Unies, en tant que derni\u00e8re colonie en Afrique en attente de d\u00e9colonisation. L&rsquo;avis consultatif rendu par la Cour internationale de Justice en 1975 n&rsquo;\u00e9tablit aucun lien de souverainet\u00e9 territoriale entre le Maroc et le Sahara occidental, ce qui signifie que le Maroc n&rsquo;a aucune l\u00e9gitimit\u00e9 juridique sur ce territoire, a affirm\u00e9 le repr\u00e9sentant du Front Polisario. Kamal Fadel a en outre cit\u00e9 la r\u00e9solution de l&rsquo;Assembl\u00e9e g\u00e9n\u00e9rale des Nations Unies 34\/37 de 1979 qui d\u00e9plore vivement la persistance de l&rsquo;occupation du Sahara occidental par le Maroc.<\/p>\n\n\n\n<p>\u00c0 cet \u00e9gard, le diplomate sahraoui a affirm\u00e9 que l&rsquo;imposition du pr\u00e9tendu plan d&rsquo;autonomie unilat\u00e9ral constituait une violation flagrante du droit international. Le peuple sahraoui, \u00e0 travers le Front Polisario, son repr\u00e9sentant l\u00e9gitime et unique, rejette cat\u00e9goriquement toute proposition qui \u00e9carte l&rsquo;option de l&rsquo;ind\u00e9pendance, a-t-il soutenu, d\u00e9clarant que la question sahraouie n&rsquo;est pas une affaire int\u00e9rieure du Maroc, mais qu&rsquo;il s&rsquo;agit d&rsquo;une question de d\u00e9colonisation qui doit \u00eatre r\u00e9solue sur la base de l&rsquo;exercice, par le peuple du Sahara occidental, de son droit inali\u00e9nable \u00e0 l&rsquo;autod\u00e9termination.<\/p>\n\n\n\n<p>R.I.<\/p>\n","protected":false},"excerpt":{"rendered":"<p>Le repr\u00e9sentant du Front Polisario en Australie et en Nouvelle-Z\u00e9lande, Kamal Fadel, a appel\u00e9 la communaut\u00e9 internationale \u00e0 respecter ses<\/p>\n","protected":false},"author":6,"featured_media":57408,"comment_status":"open","ping_status":"closed","sticky":false,"template":"","format":"standard","meta":{"colormag_page_container_layout":"default_layout","colormag_page_sidebar_layout":"default_layout","om_disable_all_campaigns":false,"_monsterinsights_skip_tracking":false,"_monsterinsights_sitenote_active":false,"_monsterinsights_sitenote_note":"","_monsterinsights_sitenote_category":0,"footnotes":"","_wpscppro_dont_share_socialmedia":false,"_wpscppro_custom_social_share_image":0,"_facebook_share_type":"default","_twitter_share_type":"default","_linkedin_share_type":"default","_pinterest_share_type":"default","_linkedin_share_type_page":"","_instagram_share_type":"default","_medium_share_type":"default","_threads_share_type":"","_google_business_share_type":"","_selected_social_profile":[],"_wpsp_enable_custom_social_template":false,"_wpsp_social_scheduling":{"enabled":false,"datetime":null,"platforms":[],"status":"template_only","dateOption":"today","timeOption":"now","customDays":"","customHours":"","customDate":"","customTime":"","schedulingType":"absolute"},"_wpsp_active_default_template":true},"categories":[37],"tags":[],"class_list":["post-68568","post","type-post","status-publish","format-standard","has-post-thumbnail","hentry","category-monde"],"aioseo_notices":[],"yoast_head":"<!-- This site is optimized with the Yoast SEO plugin v27.5 - https:\/\/yoast.com\/product\/yoast-seo-wordpress\/ -->\n<title>Sahara occidental : La communaut\u00e9 internationale appel\u00e9e \u00e0 respecter ses obligations - La Sentinelle<\/title>\n<meta name=\"robots\" content=\"index, follow, max-snippet:-1, max-image-preview:large, max-video-preview:-1\" \/>\n<link rel=\"canonical\" href=\"https:\/\/lasentinelle.dz\/index.php\/2025\/06\/08\/sahara-occidental-la-communaute-internationale-appelee-a-respecter-ses-obligations\/\" \/>\n<meta property=\"og:locale\" content=\"fr_FR\" \/>\n<meta property=\"og:type\" content=\"article\" \/>\n<meta property=\"og:title\" content=\"Sahara occidental : La communaut\u00e9 internationale appel\u00e9e \u00e0 respecter ses obligations - La Sentinelle\" \/>\n<meta property=\"og:description\" content=\"Le repr\u00e9sentant du Front Polisario en Australie et en Nouvelle-Z\u00e9lande, Kamal Fadel, a appel\u00e9 la communaut\u00e9 internationale \u00e0 respecter ses\" \/>\n<meta property=\"og:url\" content=\"https:\/\/lasentinelle.dz\/index.php\/2025\/06\/08\/sahara-occidental-la-communaute-internationale-appelee-a-respecter-ses-obligations\/\" \/>\n<meta property=\"og:site_name\" content=\"La Sentinelle\" \/>\n<meta property=\"article:publisher\" content=\"https:\/\/www.facebook.com\/La-Sentinelle-104059864394773\" \/>\n<meta property=\"article:published_time\" content=\"2025-06-08T19:34:24+00:00\" \/>\n<meta property=\"article:modified_time\" content=\"2025-06-08T19:34:25+00:00\" \/>\n<meta property=\"og:image\" content=\"https:\/\/lasentinelle.dz\/wp-content\/uploads\/2024\/09\/sahara-occidental.jpg\" \/>\n\t<meta property=\"og:image:width\" content=\"580\" \/>\n\t<meta property=\"og:image:height\" content=\"350\" \/>\n\t<meta property=\"og:image:type\" content=\"image\/jpeg\" \/>\n<meta name=\"author\" content=\"admin\" \/>\n<meta name=\"twitter:card\" content=\"summary_large_image\" \/>\n<meta name=\"twitter:label1\" content=\"\u00c9crit par\" \/>\n\t<meta name=\"twitter:data1\" content=\"admin\" \/>\n\t<meta name=\"twitter:label2\" content=\"Dur\u00e9e de lecture estim\u00e9e\" \/>\n\t<meta name=\"twitter:data2\" content=\"2 minutes\" \/>\n<script type=\"application\/ld+json\" class=\"yoast-schema-graph\">{\"@context\":\"https:\\\/\\\/schema.org\",\"@graph\":[{\"@type\":\"Article\",\"@id\":\"https:\\\/\\\/lasentinelle.dz\\\/index.php\\\/2025\\\/06\\\/08\\\/sahara-occidental-la-communaute-internationale-appelee-a-respecter-ses-obligations\\\/#article\",\"isPartOf\":{\"@id\":\"https:\\\/\\\/lasentinelle.dz\\\/index.php\\\/2025\\\/06\\\/08\\\/sahara-occidental-la-communaute-internationale-appelee-a-respecter-ses-obligations\\\/\"},\"author\":{\"name\":\"admin\",\"@id\":\"https:\\\/\\\/lasentinelle.dz\\\/#\\\/schema\\\/person\\\/729ee0024f24e0b8c5ec17232f8e8b41\"},\"headline\":\"Sahara occidental : La communaut\u00e9 internationale appel\u00e9e \u00e0 respecter ses obligations\",\"datePublished\":\"2025-06-08T19:34:24+00:00\",\"dateModified\":\"2025-06-08T19:34:25+00:00\",\"mainEntityOfPage\":{\"@id\":\"https:\\\/\\\/lasentinelle.dz\\\/index.php\\\/2025\\\/06\\\/08\\\/sahara-occidental-la-communaute-internationale-appelee-a-respecter-ses-obligations\\\/\"},\"wordCount\":395,\"commentCount\":0,\"publisher\":{\"@id\":\"https:\\\/\\\/lasentinelle.dz\\\/#organization\"},\"image\":{\"@id\":\"https:\\\/\\\/lasentinelle.dz\\\/index.php\\\/2025\\\/06\\\/08\\\/sahara-occidental-la-communaute-internationale-appelee-a-respecter-ses-obligations\\\/#primaryimage\"},\"thumbnailUrl\":\"https:\\\/\\\/lasentinelle.dz\\\/wp-content\\\/uploads\\\/2024\\\/09\\\/sahara-occidental.jpg\",\"articleSection\":[\"Monde\"],\"inLanguage\":\"fr-FR\",\"potentialAction\":[{\"@type\":\"CommentAction\",\"name\":\"Comment\",\"target\":[\"https:\\\/\\\/lasentinelle.dz\\\/index.php\\\/2025\\\/06\\\/08\\\/sahara-occidental-la-communaute-internationale-appelee-a-respecter-ses-obligations\\\/#respond\"]}]},{\"@type\":\"WebPage\",\"@id\":\"https:\\\/\\\/lasentinelle.dz\\\/index.php\\\/2025\\\/06\\\/08\\\/sahara-occidental-la-communaute-internationale-appelee-a-respecter-ses-obligations\\\/\",\"url\":\"https:\\\/\\\/lasentinelle.dz\\\/index.php\\\/2025\\\/06\\\/08\\\/sahara-occidental-la-communaute-internationale-appelee-a-respecter-ses-obligations\\\/\",\"name\":\"Sahara occidental : La communaut\u00e9 internationale appel\u00e9e \u00e0 respecter ses obligations - La Sentinelle\",\"isPartOf\":{\"@id\":\"https:\\\/\\\/lasentinelle.dz\\\/#website\"},\"primaryImageOfPage\":{\"@id\":\"https:\\\/\\\/lasentinelle.dz\\\/index.php\\\/2025\\\/06\\\/08\\\/sahara-occidental-la-communaute-internationale-appelee-a-respecter-ses-obligations\\\/#primaryimage\"},\"image\":{\"@id\":\"https:\\\/\\\/lasentinelle.dz\\\/index.php\\\/2025\\\/06\\\/08\\\/sahara-occidental-la-communaute-internationale-appelee-a-respecter-ses-obligations\\\/#primaryimage\"},\"thumbnailUrl\":\"https:\\\/\\\/lasentinelle.dz\\\/wp-content\\\/uploads\\\/2024\\\/09\\\/sahara-occidental.jpg\",\"datePublished\":\"2025-06-08T19:34:24+00:00\",\"dateModified\":\"2025-06-08T19:34:25+00:00\",\"breadcrumb\":{\"@id\":\"https:\\\/\\\/lasentinelle.dz\\\/index.php\\\/2025\\\/06\\\/08\\\/sahara-occidental-la-communaute-internationale-appelee-a-respecter-ses-obligations\\\/#breadcrumb\"},\"inLanguage\":\"fr-FR\",\"potentialAction\":[{\"@type\":\"ReadAction\",\"target\":[\"https:\\\/\\\/lasentinelle.dz\\\/index.php\\\/2025\\\/06\\\/08\\\/sahara-occidental-la-communaute-internationale-appelee-a-respecter-ses-obligations\\\/\"]}]},{\"@type\":\"ImageObject\",\"inLanguage\":\"fr-FR\",\"@id\":\"https:\\\/\\\/lasentinelle.dz\\\/index.php\\\/2025\\\/06\\\/08\\\/sahara-occidental-la-communaute-internationale-appelee-a-respecter-ses-obligations\\\/#primaryimage\",\"url\":\"https:\\\/\\\/lasentinelle.dz\\\/wp-content\\\/uploads\\\/2024\\\/09\\\/sahara-occidental.jpg\",\"contentUrl\":\"https:\\\/\\\/lasentinelle.dz\\\/wp-content\\\/uploads\\\/2024\\\/09\\\/sahara-occidental.jpg\",\"width\":580,\"height\":350},{\"@type\":\"BreadcrumbList\",\"@id\":\"https:\\\/\\\/lasentinelle.dz\\\/index.php\\\/2025\\\/06\\\/08\\\/sahara-occidental-la-communaute-internationale-appelee-a-respecter-ses-obligations\\\/#breadcrumb\",\"itemListElement\":[{\"@type\":\"ListItem\",\"position\":1,\"name\":\"Accueil\",\"item\":\"https:\\\/\\\/lasentinelle.dz\\\/\"},{\"@type\":\"ListItem\",\"position\":2,\"name\":\"Sahara occidental : La communaut\u00e9 internationale appel\u00e9e \u00e0 respecter ses obligations\"}]},{\"@type\":\"WebSite\",\"@id\":\"https:\\\/\\\/lasentinelle.dz\\\/#website\",\"url\":\"https:\\\/\\\/lasentinelle.dz\\\/\",\"name\":\"La Sentinelle\",\"description\":\"Quotidien national d&#039;information\",\"publisher\":{\"@id\":\"https:\\\/\\\/lasentinelle.dz\\\/#organization\"},\"potentialAction\":[{\"@type\":\"SearchAction\",\"target\":{\"@type\":\"EntryPoint\",\"urlTemplate\":\"https:\\\/\\\/lasentinelle.dz\\\/?s={search_term_string}\"},\"query-input\":{\"@type\":\"PropertyValueSpecification\",\"valueRequired\":true,\"valueName\":\"search_term_string\"}}],\"inLanguage\":\"fr-FR\"},{\"@type\":\"Organization\",\"@id\":\"https:\\\/\\\/lasentinelle.dz\\\/#organization\",\"name\":\"Quotidien La Sentinelle\",\"url\":\"https:\\\/\\\/lasentinelle.dz\\\/\",\"logo\":{\"@type\":\"ImageObject\",\"inLanguage\":\"fr-FR\",\"@id\":\"https:\\\/\\\/lasentinelle.dz\\\/#\\\/schema\\\/logo\\\/image\\\/\",\"url\":\"https:\\\/\\\/lasentinelle.dz\\\/wp-content\\\/uploads\\\/2021\\\/09\\\/logo-sentinelleSLOGAN-1.png\",\"contentUrl\":\"https:\\\/\\\/lasentinelle.dz\\\/wp-content\\\/uploads\\\/2021\\\/09\\\/logo-sentinelleSLOGAN-1.png\",\"width\":615,\"height\":142,\"caption\":\"Quotidien La Sentinelle\"},\"image\":{\"@id\":\"https:\\\/\\\/lasentinelle.dz\\\/#\\\/schema\\\/logo\\\/image\\\/\"},\"sameAs\":[\"https:\\\/\\\/www.facebook.com\\\/La-Sentinelle-104059864394773\"]},{\"@type\":\"Person\",\"@id\":\"https:\\\/\\\/lasentinelle.dz\\\/#\\\/schema\\\/person\\\/729ee0024f24e0b8c5ec17232f8e8b41\",\"name\":\"admin\",\"image\":{\"@type\":\"ImageObject\",\"inLanguage\":\"fr-FR\",\"@id\":\"https:\\\/\\\/secure.gravatar.com\\\/avatar\\\/4c81fed838786e9b53f540bf46533e750f5d292099ae3b66cfc6fb1982e29df7?s=96&d=mm&r=g\",\"url\":\"https:\\\/\\\/secure.gravatar.com\\\/avatar\\\/4c81fed838786e9b53f540bf46533e750f5d292099ae3b66cfc6fb1982e29df7?s=96&d=mm&r=g\",\"contentUrl\":\"https:\\\/\\\/secure.gravatar.com\\\/avatar\\\/4c81fed838786e9b53f540bf46533e750f5d292099ae3b66cfc6fb1982e29df7?s=96&d=mm&r=g\",\"caption\":\"admin\"},\"description\":\"admin\",\"url\":\"https:\\\/\\\/lasentinelle.dz\\\/author\\\/admin\\\/\"}]}<\/script>\n<!-- \/ Yoast SEO plugin. -->","yoast_head_json":{"title":"Sahara occidental : La communaut\u00e9 internationale appel\u00e9e \u00e0 respecter ses obligations - La Sentinelle","robots":{"index":"index","follow":"follow","max-snippet":"max-snippet:-1","max-image-preview":"max-image-preview:large","max-video-preview":"max-video-preview:-1"},"canonical":"https:\/\/lasentinelle.dz\/index.php\/2025\/06\/08\/sahara-occidental-la-communaute-internationale-appelee-a-respecter-ses-obligations\/","og_locale":"fr_FR","og_type":"article","og_title":"Sahara occidental : La communaut\u00e9 internationale appel\u00e9e \u00e0 respecter ses obligations - La Sentinelle","og_description":"Le repr\u00e9sentant du Front Polisario en Australie et en Nouvelle-Z\u00e9lande, Kamal Fadel, a appel\u00e9 la communaut\u00e9 internationale \u00e0 respecter ses","og_url":"https:\/\/lasentinelle.dz\/index.php\/2025\/06\/08\/sahara-occidental-la-communaute-internationale-appelee-a-respecter-ses-obligations\/","og_site_name":"La Sentinelle","article_publisher":"https:\/\/www.facebook.com\/La-Sentinelle-104059864394773","article_published_time":"2025-06-08T19:34:24+00:00","article_modified_time":"2025-06-08T19:34:25+00:00","og_image":[{"width":580,"height":350,"url":"https:\/\/lasentinelle.dz\/wp-content\/uploads\/2024\/09\/sahara-occidental.jpg","type":"image\/jpeg"}],"author":"admin","twitter_card":"summary_large_image","twitter_misc":{"\u00c9crit par":"admin","Dur\u00e9e de lecture estim\u00e9e":"2 minutes"},"schema":{"@context":"https:\/\/schema.org","@graph":[{"@type":"Article","@id":"https:\/\/lasentinelle.dz\/index.php\/2025\/06\/08\/sahara-occidental-la-communaute-internationale-appelee-a-respecter-ses-obligations\/#article","isPartOf":{"@id":"https:\/\/lasentinelle.dz\/index.php\/2025\/06\/08\/sahara-occidental-la-communaute-internationale-appelee-a-respecter-ses-obligations\/"},"author":{"name":"admin","@id":"https:\/\/lasentinelle.dz\/#\/schema\/person\/729ee0024f24e0b8c5ec17232f8e8b41"},"headline":"Sahara occidental : La communaut\u00e9 internationale appel\u00e9e \u00e0 respecter ses obligations","datePublished":"2025-06-08T19:34:24+00:00","dateModified":"2025-06-08T19:34:25+00:00","mainEntityOfPage":{"@id":"https:\/\/lasentinelle.dz\/index.php\/2025\/06\/08\/sahara-occidental-la-communaute-internationale-appelee-a-respecter-ses-obligations\/"},"wordCount":395,"commentCount":0,"publisher":{"@id":"https:\/\/lasentinelle.dz\/#organization"},"image":{"@id":"https:\/\/lasentinelle.dz\/index.php\/2025\/06\/08\/sahara-occidental-la-communaute-internationale-appelee-a-respecter-ses-obligations\/#primaryimage"},"thumbnailUrl":"https:\/\/lasentinelle.dz\/wp-content\/uploads\/2024\/09\/sahara-occidental.jpg","articleSection":["Monde"],"inLanguage":"fr-FR","potentialAction":[{"@type":"CommentAction","name":"Comment","target":["https:\/\/lasentinelle.dz\/index.php\/2025\/06\/08\/sahara-occidental-la-communaute-internationale-appelee-a-respecter-ses-obligations\/#respond"]}]},{"@type":"WebPage","@id":"https:\/\/lasentinelle.dz\/index.php\/2025\/06\/08\/sahara-occidental-la-communaute-internationale-appelee-a-respecter-ses-obligations\/","url":"https:\/\/lasentinelle.dz\/index.php\/2025\/06\/08\/sahara-occidental-la-communaute-internationale-appelee-a-respecter-ses-obligations\/","name":"Sahara occidental : La communaut\u00e9 internationale appel\u00e9e \u00e0 respecter ses obligations - La Sentinelle","isPartOf":{"@id":"https:\/\/lasentinelle.dz\/#website"},"primaryImageOfPage":{"@id":"https:\/\/lasentinelle.dz\/index.php\/2025\/06\/08\/sahara-occidental-la-communaute-internationale-appelee-a-respecter-ses-obligations\/#primaryimage"},"image":{"@id":"https:\/\/lasentinelle.dz\/index.php\/2025\/06\/08\/sahara-occidental-la-communaute-internationale-appelee-a-respecter-ses-obligations\/#primaryimage"},"thumbnailUrl":"https:\/\/lasentinelle.dz\/wp-content\/uploads\/2024\/09\/sahara-occidental.jpg","datePublished":"2025-06-08T19:34:24+00:00","dateModified":"2025-06-08T19:34:25+00:00","breadcrumb":{"@id":"https:\/\/lasentinelle.dz\/index.php\/2025\/06\/08\/sahara-occidental-la-communaute-internationale-appelee-a-respecter-ses-obligations\/#breadcrumb"},"inLanguage":"fr-FR","potentialAction":[{"@type":"ReadAction","target":["https:\/\/lasentinelle.dz\/index.php\/2025\/06\/08\/sahara-occidental-la-communaute-internationale-appelee-a-respecter-ses-obligations\/"]}]},{"@type":"ImageObject","inLanguage":"fr-FR","@id":"https:\/\/lasentinelle.dz\/index.php\/2025\/06\/08\/sahara-occidental-la-communaute-internationale-appelee-a-respecter-ses-obligations\/#primaryimage","url":"https:\/\/lasentinelle.dz\/wp-content\/uploads\/2024\/09\/sahara-occidental.jpg","contentUrl":"https:\/\/lasentinelle.dz\/wp-content\/uploads\/2024\/09\/sahara-occidental.jpg","width":580,"height":350},{"@type":"BreadcrumbList","@id":"https:\/\/lasentinelle.dz\/index.php\/2025\/06\/08\/sahara-occidental-la-communaute-internationale-appelee-a-respecter-ses-obligations\/#breadcrumb","itemListElement":[{"@type":"ListItem","position":1,"name":"Accueil","item":"https:\/\/lasentinelle.dz\/"},{"@type":"ListItem","position":2,"name":"Sahara occidental : La communaut\u00e9 internationale appel\u00e9e \u00e0 respecter ses obligations"}]},{"@type":"WebSite","@id":"https:\/\/lasentinelle.dz\/#website","url":"https:\/\/lasentinelle.dz\/","name":"La Sentinelle","description":"Quotidien national d&#039;information","publisher":{"@id":"https:\/\/lasentinelle.dz\/#organization"},"potentialAction":[{"@type":"SearchAction","target":{"@type":"EntryPoint","urlTemplate":"https:\/\/lasentinelle.dz\/?s={search_term_string}"},"query-input":{"@type":"PropertyValueSpecification","valueRequired":true,"valueName":"search_term_string"}}],"inLanguage":"fr-FR"},{"@type":"Organization","@id":"https:\/\/lasentinelle.dz\/#organization","name":"Quotidien La Sentinelle","url":"https:\/\/lasentinelle.dz\/","logo":{"@type":"ImageObject","inLanguage":"fr-FR","@id":"https:\/\/lasentinelle.dz\/#\/schema\/logo\/image\/","url":"https:\/\/lasentinelle.dz\/wp-content\/uploads\/2021\/09\/logo-sentinelleSLOGAN-1.png","contentUrl":"https:\/\/lasentinelle.dz\/wp-content\/uploads\/2021\/09\/logo-sentinelleSLOGAN-1.png","width":615,"height":142,"caption":"Quotidien La Sentinelle"},"image":{"@id":"https:\/\/lasentinelle.dz\/#\/schema\/logo\/image\/"},"sameAs":["https:\/\/www.facebook.com\/La-Sentinelle-104059864394773"]},{"@type":"Person","@id":"https:\/\/lasentinelle.dz\/#\/schema\/person\/729ee0024f24e0b8c5ec17232f8e8b41","name":"admin","image":{"@type":"ImageObject","inLanguage":"fr-FR","@id":"https:\/\/secure.gravatar.com\/avatar\/4c81fed838786e9b53f540bf46533e750f5d292099ae3b66cfc6fb1982e29df7?s=96&d=mm&r=g","url":"https:\/\/secure.gravatar.com\/avatar\/4c81fed838786e9b53f540bf46533e750f5d292099ae3b66cfc6fb1982e29df7?s=96&d=mm&r=g","contentUrl":"https:\/\/secure.gravatar.com\/avatar\/4c81fed838786e9b53f540bf46533e750f5d292099ae3b66cfc6fb1982e29df7?s=96&d=mm&r=g","caption":"admin"},"description":"admin","url":"https:\/\/lasentinelle.dz\/author\/admin\/"}]}},"_links":{"self":[{"href":"https:\/\/lasentinelle.dz\/index.php\/wp-json\/wp\/v2\/posts\/68568","targetHints":{"allow":["GET"]}}],"collection":[{"href":"https:\/\/lasentinelle.dz\/index.php\/wp-json\/wp\/v2\/posts"}],"about":[{"href":"https:\/\/lasentinelle.dz\/index.php\/wp-json\/wp\/v2\/types\/post"}],"author":[{"embeddable":true,"href":"https:\/\/lasentinelle.dz\/index.php\/wp-json\/wp\/v2\/users\/6"}],"replies":[{"embeddable":true,"href":"https:\/\/lasentinelle.dz\/index.php\/wp-json\/wp\/v2\/comments?post=68568"}],"version-history":[{"count":1,"href":"https:\/\/lasentinelle.dz\/index.php\/wp-json\/wp\/v2\/posts\/68568\/revisions"}],"predecessor-version":[{"id":68569,"href":"https:\/\/lasentinelle.dz\/index.php\/wp-json\/wp\/v2\/posts\/68568\/revisions\/68569"}],"wp:featuredmedia":[{"embeddable":true,"href":"https:\/\/lasentinelle.dz\/index.php\/wp-json\/wp\/v2\/media\/57408"}],"wp:attachment":[{"href":"https:\/\/lasentinelle.dz\/index.php\/wp-json\/wp\/v2\/media?parent=68568"}],"wp:term":[{"taxonomy":"category","embeddable":true,"href":"https:\/\/lasentinelle.dz\/index.php\/wp-json\/wp\/v2\/categories?post=68568"},{"taxonomy":"post_tag","embeddable":true,"href":"https:\/\/lasentinelle.dz\/index.php\/wp-json\/wp\/v2\/tags?post=68568"}],"curies":[{"name":"wp","href":"https:\/\/api.w.org\/{rel}","templated":true}]}}