{"id":68577,"date":"2025-06-08T20:38:07","date_gmt":"2025-06-08T19:38:07","guid":{"rendered":"https:\/\/lasentinelle.dz\/?p=68577"},"modified":"2025-06-08T20:38:08","modified_gmt":"2025-06-08T19:38:08","slug":"disparition-del-djouher-amhis-ouksel-la-passeuse-de-memoire-litteraire-algerienne-sen-va","status":"publish","type":"post","link":"https:\/\/lasentinelle.dz\/index.php\/2025\/06\/08\/disparition-del-djouher-amhis-ouksel-la-passeuse-de-memoire-litteraire-algerienne-sen-va\/","title":{"rendered":"Disparition d&rsquo;El Djouher Amhis Ouksel: La passeuse de m\u00e9moire litt\u00e9raire alg\u00e9rienne s&rsquo;en va"},"content":{"rendered":"\n<p>L&rsquo;Alg\u00e9rie litt\u00e9raire vient de perdre l&rsquo;une de ses figures les plus embl\u00e9matiques avec la disparition d&rsquo;El Djouher Amhis Ouksel, d\u00e9c\u00e9d\u00e9e jeudi \u00e0 son domicile alg\u00e9rois \u00e0 l&rsquo;\u00e2ge v\u00e9n\u00e9rable de 97 ans.<\/p>\n\n\n\n<p>Cette femme d&rsquo;exception, n\u00e9e en 1928 au village d&rsquo;Ath Yenni dans la wilaya de Tizi Ouzou, laisse derri\u00e8re elle un h\u00e9ritage intellectuel consid\u00e9rable qui t\u00e9moigne d&rsquo;une vie enti\u00e8rement d\u00e9di\u00e9e \u00e0 la transmission du savoir et \u00e0 la valorisation de la litt\u00e9rature alg\u00e9rienne. Son inhumation vendredi apr\u00e8s-midi au cimeti\u00e8re de Sidi Yahia \u00e0 Alger, o\u00f9 sa d\u00e9pouille fut \u00ab\u00a0couverte de l&#8217;embl\u00e8me national\u00a0\u00bb, a rassembl\u00e9 une foule nombreuse venue rendre un dernier hommage \u00e0 celle qui incarnait la m\u00e9moire vivante des lettres alg\u00e9riennes.<\/p>\n\n\n\n<p>El Djouher Amhis Ouksel avait trac\u00e9 un \u00ab\u00a0parcours atypique, jalonn\u00e9 de succ\u00e8s et de r\u00e9ussites, tant sur le plan de l&rsquo;enseignement et la formation que celui de l&rsquo;enrichissement du patrimoine culturel et litt\u00e9raire alg\u00e9rien\u00a0\u00bb. Sa trajectoire professionnelle illustre parfaitement l&rsquo;\u00e9volution de l&rsquo;\u00e9cole alg\u00e9rienne post-ind\u00e9pendance. D\u00e9butant sa carri\u00e8re dans l&rsquo;enseignement avec une passion communicative, elle gravit progressivement les \u00e9chelons de l&rsquo;\u00e9ducation nationale jusqu&rsquo;\u00e0 sa promotion en 1968 au poste d&rsquo;inspectrice, fonction qu&rsquo;elle occupa avec distinction jusqu&rsquo;\u00e0 sa retraite en 1983. Cette d\u00e9cennie d&rsquo;inspection p\u00e9dagogique lui permit d&rsquo;observer et d&rsquo;accompagner les mutations profondes du syst\u00e8me \u00e9ducatif alg\u00e9rien, tout en d\u00e9veloppant une vision globale des enjeux de la transmission culturelle.<\/p>\n\n\n\n<p>Loin de se contenter d&rsquo;une retraite paisible, El Djouher Amhis Ouksel entama alors le chapitre le plus f\u00e9cond de son existence intellectuelle. Elle \u00ab\u00a0s&rsquo;\u00e9tait consacr\u00e9e pleinement \u00e0 l&rsquo;\u00e9criture et \u00e0 la promotion de la lecture, mettant \u00e0 la port\u00e9e de la jeunesse les grands textes de la litt\u00e9rature alg\u00e9rienne\u00a0\u00bb. Cette mission qu&rsquo;elle s&rsquo;assigna r\u00e9v\u00e9lait une conscience aigu\u00eb des d\u00e9fis auxquels \u00e9tait confront\u00e9e la transmission litt\u00e9raire dans une soci\u00e9t\u00e9 en mutation rapide. Comprenant que l&rsquo;acc\u00e8s direct aux \u0153uvres majeures pouvait intimider les jeunes lecteurs, elle d\u00e9veloppa une approche p\u00e9dagogique innovante qui allait marquer durablement le paysage litt\u00e9raire alg\u00e9rien.<\/p>\n\n\n\n<p>\u00ab\u00a0La doyenne des \u00e9crivains alg\u00e9riens francophones a publi\u00e9 une s\u00e9rie d&rsquo;ouvrages qu&rsquo;elle a intitul\u00e9, &lsquo;Lectures&rsquo; dans laquelle elle expose des r\u00e9sum\u00e9s substantiels de grandes \u0153uvres \u00e9crites par des plumes de renom, avec une rh\u00e9torique litt\u00e9raire destin\u00e9e \u00e0 inciter les jeunes lecteurs \u00e0 consulter l&rsquo;\u0153uvre originale et approfondir l&rsquo;\u00e9lan de leur envie de savoir plus\u00a0\u00bb. Cette collection \u00ab\u00a0Lectures\u00a0\u00bb constitue probablement l&rsquo;apport le plus significatif d&rsquo;El Djouher Amhis Ouksel \u00e0 la culture alg\u00e9rienne contemporaine. En proposant des synth\u00e8ses \u00e9clair\u00e9es plut\u00f4t que de simples r\u00e9sum\u00e9s, elle cr\u00e9ait un pont entre les chefs-d&rsquo;\u0153uvre de la litt\u00e9rature nationale et une g\u00e9n\u00e9ration souvent d\u00e9courag\u00e9e par l&rsquo;ampleur ou la complexit\u00e9 de certaines \u0153uvres fondatrices.<\/p>\n\n\n\n<p>\u00ab\u00a0Professeure, p\u00e9dagogue et \u00e9minente \u00e9ducatrice, El Djouher Amhis-Ouksel, a notamment propos\u00e9 \u00e0 la jeunesse dans ses &lsquo;Lectures&rsquo; les oeuvres de grands auteurs alg\u00e9riens comme Assia Djebar, Taos Amrouche, Mohamed Dib, Mouloud Feraoun, Malek Ourey, Abdelhamid Benhadouga, Rachid Mimouni, ou encore Tahar Djaout et Kateb Yacine\u00a0\u00bb. Ce panth\u00e9on litt\u00e9raire qu&rsquo;elle choisit de pr\u00e9senter r\u00e9v\u00e8le sa vision panoramique de la litt\u00e9rature alg\u00e9rienne d&rsquo;expression fran\u00e7aise, embrassant plusieurs g\u00e9n\u00e9rations d&rsquo;\u00e9crivains et diverses sensibilit\u00e9s esth\u00e9tiques. En incluant des figures aussi diverses que la pionni\u00e8re Taos Amrouche, le chroniqueur social Mouloud Feraoun, l&rsquo;exp\u00e9rimentateur Kateb Yacine ou la f\u00e9ministe Assia Djebar, elle offrait aux lecteurs une cartographie compl\u00e8te de l&rsquo;imaginaire litt\u00e9raire national. La reconnaissance de son travail exceptionnel ne s&rsquo;est pas fait attendre de son vivant. \u00ab\u00a0Plusieurs hommages avaient \u00e9t\u00e9 rendus \u00e0 la d\u00e9funte, \u00e0 l&rsquo;instar du documentaire sorti en 2016, &lsquo;El Djouher Amhis, une femme d&rsquo;exception&rsquo; ou le clip sorti deux ann\u00e9es plus tard &lsquo;El Djouher&rsquo; du po\u00e8te et artiste polyvalent Rachid Rezagui\u00a0\u00bb. Ces cr\u00e9ations artistiques t\u00e9moignent de l&rsquo;impact transg\u00e9n\u00e9rationnel de son \u0153uvre, inspirant cin\u00e9astes et po\u00e8tes contemporains. Plus r\u00e9cemment, \u00ab\u00a0\u00e0 la fin de l&rsquo;ann\u00e9e 2024, dans son village natal d&rsquo;Ath Yenni les \u00e9lus locaux, ainsi que plusieurs hommes et femmes de lettres, des po\u00e8tes, des romanciers, des artistes et des repr\u00e9sentants d&rsquo;associations culturelles, \u00e0 l&rsquo;instar des &lsquo;Amis de la Rampe Louni-Arezki&rsquo; de la Casbah d&rsquo;Alger, lui ont \u00e9galement rendu hommage\u00a0\u00bb. Cette c\u00e9l\u00e9bration dans son terroir d&rsquo;origine soulignait l&rsquo;attachement profond qu&rsquo;elle conservait \u00e0 ses racines kabyles tout en rayonnant sur l&rsquo;ensemble de la sc\u00e8ne culturelle nationale.<\/p>\n\n\n\n<p>Ses obs\u00e8ques ont pris une dimension symbolique forte, rassemblant notamment \u00ab\u00a0le secr\u00e9taire g\u00e9n\u00e9ral du Haut commissariat \u00e0 l&rsquo;Amazighit\u00e9, M. Si El Hachemi Assad et le pr\u00e9sident de l&rsquo;APC d&rsquo;Ath Yenni (village natal de la d\u00e9funte), M. Abdellah Djennane, qui sont venus assister \u00e0 l&rsquo;enterrement d&rsquo;une femme de lettres exceptionnelle\u00a0\u00bb. Cette pr\u00e9sence institutionnelle souligne la reconnaissance officielle de son apport \u00e0 la culture alg\u00e9rienne, tandis que la foule venue l&rsquo;accompagner t\u00e9moigne de l&rsquo;affection populaire qu&rsquo;elle suscitait.<\/p>\n\n\n\n<p>El Djouher Amhis Ouksel incarnait parfaitement cette g\u00e9n\u00e9ration de femmes alg\u00e9riennes qui, ayant v\u00e9cu l&rsquo;ind\u00e9pendance, consacr\u00e8rent leur existence \u00e0 la construction intellectuelle du pays. Son \u0153uvre de m\u00e9diatrice litt\u00e9raire demeurera comme un mod\u00e8le de transmission culturelle, d\u00e9montrant qu&rsquo;il est possible de rendre accessible la haute litt\u00e9rature sans la d\u00e9naturer. En choisissant de faire d\u00e9couvrir plut\u00f4t que d&rsquo;imposer, d&rsquo;\u00e9clairer plut\u00f4t que de simplifier, elle a ouvert des chemins de lecture qui continueront longtemps encore \u00e0 guider les jeunes g\u00e9n\u00e9rations vers les tr\u00e9sors de la litt\u00e9rature alg\u00e9rienne.<\/p>\n\n\n\n<p>Mohand Seghir<\/p>\n","protected":false},"excerpt":{"rendered":"<p>L&rsquo;Alg\u00e9rie litt\u00e9raire vient de perdre l&rsquo;une de ses figures les plus embl\u00e9matiques avec la disparition d&rsquo;El Djouher Amhis Ouksel, d\u00e9c\u00e9d\u00e9e<\/p>\n","protected":false},"author":6,"featured_media":68578,"comment_status":"open","ping_status":"closed","sticky":false,"template":"","format":"standard","meta":{"colormag_page_container_layout":"default_layout","colormag_page_sidebar_layout":"default_layout","om_disable_all_campaigns":false,"_monsterinsights_skip_tracking":false,"_monsterinsights_sitenote_active":false,"_monsterinsights_sitenote_note":"","_monsterinsights_sitenote_category":0,"footnotes":"","_wpscppro_dont_share_socialmedia":false,"_wpscppro_custom_social_share_image":0,"_facebook_share_type":"default","_twitter_share_type":"default","_linkedin_share_type":"default","_pinterest_share_type":"default","_linkedin_share_type_page":"","_instagram_share_type":"default","_medium_share_type":"default","_threads_share_type":"","_google_business_share_type":"","_selected_social_profile":[],"_wpsp_enable_custom_social_template":false,"_wpsp_social_scheduling":{"enabled":false,"datetime":null,"platforms":[],"status":"template_only","dateOption":"today","timeOption":"now","customDays":"","customHours":"","customDate":"","customTime":"","schedulingType":"absolute"},"_wpsp_active_default_template":true},"categories":[36],"tags":[],"class_list":["post-68577","post","type-post","status-publish","format-standard","has-post-thumbnail","hentry","category-culture"],"aioseo_notices":[],"yoast_head":"<!-- This site is optimized with the Yoast SEO plugin v27.5 - https:\/\/yoast.com\/product\/yoast-seo-wordpress\/ -->\n<title>Disparition d&rsquo;El Djouher Amhis Ouksel: La passeuse de m\u00e9moire litt\u00e9raire alg\u00e9rienne s&rsquo;en va - La Sentinelle<\/title>\n<meta name=\"robots\" content=\"index, follow, max-snippet:-1, max-image-preview:large, max-video-preview:-1\" \/>\n<link rel=\"canonical\" href=\"https:\/\/lasentinelle.dz\/index.php\/2025\/06\/08\/disparition-del-djouher-amhis-ouksel-la-passeuse-de-memoire-litteraire-algerienne-sen-va\/\" \/>\n<meta property=\"og:locale\" content=\"fr_FR\" \/>\n<meta property=\"og:type\" content=\"article\" \/>\n<meta property=\"og:title\" content=\"Disparition d&rsquo;El Djouher Amhis Ouksel: La passeuse de m\u00e9moire litt\u00e9raire alg\u00e9rienne s&rsquo;en va - La Sentinelle\" \/>\n<meta property=\"og:description\" content=\"L&rsquo;Alg\u00e9rie litt\u00e9raire vient de perdre l&rsquo;une de ses figures les plus embl\u00e9matiques avec la disparition d&rsquo;El Djouher Amhis Ouksel, d\u00e9c\u00e9d\u00e9e\" \/>\n<meta property=\"og:url\" content=\"https:\/\/lasentinelle.dz\/index.php\/2025\/06\/08\/disparition-del-djouher-amhis-ouksel-la-passeuse-de-memoire-litteraire-algerienne-sen-va\/\" \/>\n<meta property=\"og:site_name\" content=\"La Sentinelle\" \/>\n<meta property=\"article:publisher\" content=\"https:\/\/www.facebook.com\/La-Sentinelle-104059864394773\" \/>\n<meta property=\"article:published_time\" content=\"2025-06-08T19:38:07+00:00\" \/>\n<meta property=\"article:modified_time\" content=\"2025-06-08T19:38:08+00:00\" \/>\n<meta property=\"og:image\" content=\"https:\/\/lasentinelle.dz\/wp-content\/uploads\/2025\/06\/Djouher-Amhis-Ouksel-e1749411467124.jpg\" \/>\n\t<meta property=\"og:image:width\" content=\"800\" \/>\n\t<meta property=\"og:image:height\" content=\"690\" \/>\n\t<meta property=\"og:image:type\" content=\"image\/jpeg\" \/>\n<meta name=\"author\" content=\"admin\" \/>\n<meta name=\"twitter:card\" content=\"summary_large_image\" \/>\n<meta name=\"twitter:label1\" content=\"\u00c9crit par\" \/>\n\t<meta name=\"twitter:data1\" content=\"admin\" \/>\n\t<meta name=\"twitter:label2\" content=\"Dur\u00e9e de lecture estim\u00e9e\" \/>\n\t<meta name=\"twitter:data2\" content=\"5 minutes\" \/>\n<script type=\"application\/ld+json\" class=\"yoast-schema-graph\">{\"@context\":\"https:\\\/\\\/schema.org\",\"@graph\":[{\"@type\":\"Article\",\"@id\":\"https:\\\/\\\/lasentinelle.dz\\\/index.php\\\/2025\\\/06\\\/08\\\/disparition-del-djouher-amhis-ouksel-la-passeuse-de-memoire-litteraire-algerienne-sen-va\\\/#article\",\"isPartOf\":{\"@id\":\"https:\\\/\\\/lasentinelle.dz\\\/index.php\\\/2025\\\/06\\\/08\\\/disparition-del-djouher-amhis-ouksel-la-passeuse-de-memoire-litteraire-algerienne-sen-va\\\/\"},\"author\":{\"name\":\"admin\",\"@id\":\"https:\\\/\\\/lasentinelle.dz\\\/#\\\/schema\\\/person\\\/729ee0024f24e0b8c5ec17232f8e8b41\"},\"headline\":\"Disparition d&rsquo;El Djouher Amhis Ouksel: La passeuse de m\u00e9moire litt\u00e9raire alg\u00e9rienne s&rsquo;en va\",\"datePublished\":\"2025-06-08T19:38:07+00:00\",\"dateModified\":\"2025-06-08T19:38:08+00:00\",\"mainEntityOfPage\":{\"@id\":\"https:\\\/\\\/lasentinelle.dz\\\/index.php\\\/2025\\\/06\\\/08\\\/disparition-del-djouher-amhis-ouksel-la-passeuse-de-memoire-litteraire-algerienne-sen-va\\\/\"},\"wordCount\":1026,\"commentCount\":0,\"publisher\":{\"@id\":\"https:\\\/\\\/lasentinelle.dz\\\/#organization\"},\"image\":{\"@id\":\"https:\\\/\\\/lasentinelle.dz\\\/index.php\\\/2025\\\/06\\\/08\\\/disparition-del-djouher-amhis-ouksel-la-passeuse-de-memoire-litteraire-algerienne-sen-va\\\/#primaryimage\"},\"thumbnailUrl\":\"https:\\\/\\\/lasentinelle.dz\\\/wp-content\\\/uploads\\\/2025\\\/06\\\/Djouher-Amhis-Ouksel-e1749411467124.jpg\",\"articleSection\":[\"Culture\"],\"inLanguage\":\"fr-FR\",\"potentialAction\":[{\"@type\":\"CommentAction\",\"name\":\"Comment\",\"target\":[\"https:\\\/\\\/lasentinelle.dz\\\/index.php\\\/2025\\\/06\\\/08\\\/disparition-del-djouher-amhis-ouksel-la-passeuse-de-memoire-litteraire-algerienne-sen-va\\\/#respond\"]}]},{\"@type\":\"WebPage\",\"@id\":\"https:\\\/\\\/lasentinelle.dz\\\/index.php\\\/2025\\\/06\\\/08\\\/disparition-del-djouher-amhis-ouksel-la-passeuse-de-memoire-litteraire-algerienne-sen-va\\\/\",\"url\":\"https:\\\/\\\/lasentinelle.dz\\\/index.php\\\/2025\\\/06\\\/08\\\/disparition-del-djouher-amhis-ouksel-la-passeuse-de-memoire-litteraire-algerienne-sen-va\\\/\",\"name\":\"Disparition d&rsquo;El Djouher Amhis Ouksel: La passeuse de m\u00e9moire litt\u00e9raire alg\u00e9rienne s&rsquo;en va - La Sentinelle\",\"isPartOf\":{\"@id\":\"https:\\\/\\\/lasentinelle.dz\\\/#website\"},\"primaryImageOfPage\":{\"@id\":\"https:\\\/\\\/lasentinelle.dz\\\/index.php\\\/2025\\\/06\\\/08\\\/disparition-del-djouher-amhis-ouksel-la-passeuse-de-memoire-litteraire-algerienne-sen-va\\\/#primaryimage\"},\"image\":{\"@id\":\"https:\\\/\\\/lasentinelle.dz\\\/index.php\\\/2025\\\/06\\\/08\\\/disparition-del-djouher-amhis-ouksel-la-passeuse-de-memoire-litteraire-algerienne-sen-va\\\/#primaryimage\"},\"thumbnailUrl\":\"https:\\\/\\\/lasentinelle.dz\\\/wp-content\\\/uploads\\\/2025\\\/06\\\/Djouher-Amhis-Ouksel-e1749411467124.jpg\",\"datePublished\":\"2025-06-08T19:38:07+00:00\",\"dateModified\":\"2025-06-08T19:38:08+00:00\",\"breadcrumb\":{\"@id\":\"https:\\\/\\\/lasentinelle.dz\\\/index.php\\\/2025\\\/06\\\/08\\\/disparition-del-djouher-amhis-ouksel-la-passeuse-de-memoire-litteraire-algerienne-sen-va\\\/#breadcrumb\"},\"inLanguage\":\"fr-FR\",\"potentialAction\":[{\"@type\":\"ReadAction\",\"target\":[\"https:\\\/\\\/lasentinelle.dz\\\/index.php\\\/2025\\\/06\\\/08\\\/disparition-del-djouher-amhis-ouksel-la-passeuse-de-memoire-litteraire-algerienne-sen-va\\\/\"]}]},{\"@type\":\"ImageObject\",\"inLanguage\":\"fr-FR\",\"@id\":\"https:\\\/\\\/lasentinelle.dz\\\/index.php\\\/2025\\\/06\\\/08\\\/disparition-del-djouher-amhis-ouksel-la-passeuse-de-memoire-litteraire-algerienne-sen-va\\\/#primaryimage\",\"url\":\"https:\\\/\\\/lasentinelle.dz\\\/wp-content\\\/uploads\\\/2025\\\/06\\\/Djouher-Amhis-Ouksel-e1749411467124.jpg\",\"contentUrl\":\"https:\\\/\\\/lasentinelle.dz\\\/wp-content\\\/uploads\\\/2025\\\/06\\\/Djouher-Amhis-Ouksel-e1749411467124.jpg\",\"width\":800,\"height\":690},{\"@type\":\"BreadcrumbList\",\"@id\":\"https:\\\/\\\/lasentinelle.dz\\\/index.php\\\/2025\\\/06\\\/08\\\/disparition-del-djouher-amhis-ouksel-la-passeuse-de-memoire-litteraire-algerienne-sen-va\\\/#breadcrumb\",\"itemListElement\":[{\"@type\":\"ListItem\",\"position\":1,\"name\":\"Accueil\",\"item\":\"https:\\\/\\\/lasentinelle.dz\\\/\"},{\"@type\":\"ListItem\",\"position\":2,\"name\":\"Disparition d&rsquo;El Djouher Amhis Ouksel: La passeuse de m\u00e9moire litt\u00e9raire alg\u00e9rienne s&rsquo;en va\"}]},{\"@type\":\"WebSite\",\"@id\":\"https:\\\/\\\/lasentinelle.dz\\\/#website\",\"url\":\"https:\\\/\\\/lasentinelle.dz\\\/\",\"name\":\"La Sentinelle\",\"description\":\"Quotidien national d&#039;information\",\"publisher\":{\"@id\":\"https:\\\/\\\/lasentinelle.dz\\\/#organization\"},\"potentialAction\":[{\"@type\":\"SearchAction\",\"target\":{\"@type\":\"EntryPoint\",\"urlTemplate\":\"https:\\\/\\\/lasentinelle.dz\\\/?s={search_term_string}\"},\"query-input\":{\"@type\":\"PropertyValueSpecification\",\"valueRequired\":true,\"valueName\":\"search_term_string\"}}],\"inLanguage\":\"fr-FR\"},{\"@type\":\"Organization\",\"@id\":\"https:\\\/\\\/lasentinelle.dz\\\/#organization\",\"name\":\"Quotidien La Sentinelle\",\"url\":\"https:\\\/\\\/lasentinelle.dz\\\/\",\"logo\":{\"@type\":\"ImageObject\",\"inLanguage\":\"fr-FR\",\"@id\":\"https:\\\/\\\/lasentinelle.dz\\\/#\\\/schema\\\/logo\\\/image\\\/\",\"url\":\"https:\\\/\\\/lasentinelle.dz\\\/wp-content\\\/uploads\\\/2021\\\/09\\\/logo-sentinelleSLOGAN-1.png\",\"contentUrl\":\"https:\\\/\\\/lasentinelle.dz\\\/wp-content\\\/uploads\\\/2021\\\/09\\\/logo-sentinelleSLOGAN-1.png\",\"width\":615,\"height\":142,\"caption\":\"Quotidien La Sentinelle\"},\"image\":{\"@id\":\"https:\\\/\\\/lasentinelle.dz\\\/#\\\/schema\\\/logo\\\/image\\\/\"},\"sameAs\":[\"https:\\\/\\\/www.facebook.com\\\/La-Sentinelle-104059864394773\"]},{\"@type\":\"Person\",\"@id\":\"https:\\\/\\\/lasentinelle.dz\\\/#\\\/schema\\\/person\\\/729ee0024f24e0b8c5ec17232f8e8b41\",\"name\":\"admin\",\"image\":{\"@type\":\"ImageObject\",\"inLanguage\":\"fr-FR\",\"@id\":\"https:\\\/\\\/secure.gravatar.com\\\/avatar\\\/4c81fed838786e9b53f540bf46533e750f5d292099ae3b66cfc6fb1982e29df7?s=96&d=mm&r=g\",\"url\":\"https:\\\/\\\/secure.gravatar.com\\\/avatar\\\/4c81fed838786e9b53f540bf46533e750f5d292099ae3b66cfc6fb1982e29df7?s=96&d=mm&r=g\",\"contentUrl\":\"https:\\\/\\\/secure.gravatar.com\\\/avatar\\\/4c81fed838786e9b53f540bf46533e750f5d292099ae3b66cfc6fb1982e29df7?s=96&d=mm&r=g\",\"caption\":\"admin\"},\"description\":\"admin\",\"url\":\"https:\\\/\\\/lasentinelle.dz\\\/author\\\/admin\\\/\"}]}<\/script>\n<!-- \/ Yoast SEO plugin. -->","yoast_head_json":{"title":"Disparition d&rsquo;El Djouher Amhis Ouksel: La passeuse de m\u00e9moire litt\u00e9raire alg\u00e9rienne s&rsquo;en va - La Sentinelle","robots":{"index":"index","follow":"follow","max-snippet":"max-snippet:-1","max-image-preview":"max-image-preview:large","max-video-preview":"max-video-preview:-1"},"canonical":"https:\/\/lasentinelle.dz\/index.php\/2025\/06\/08\/disparition-del-djouher-amhis-ouksel-la-passeuse-de-memoire-litteraire-algerienne-sen-va\/","og_locale":"fr_FR","og_type":"article","og_title":"Disparition d&rsquo;El Djouher Amhis Ouksel: La passeuse de m\u00e9moire litt\u00e9raire alg\u00e9rienne s&rsquo;en va - La Sentinelle","og_description":"L&rsquo;Alg\u00e9rie litt\u00e9raire vient de perdre l&rsquo;une de ses figures les plus embl\u00e9matiques avec la disparition d&rsquo;El Djouher Amhis Ouksel, d\u00e9c\u00e9d\u00e9e","og_url":"https:\/\/lasentinelle.dz\/index.php\/2025\/06\/08\/disparition-del-djouher-amhis-ouksel-la-passeuse-de-memoire-litteraire-algerienne-sen-va\/","og_site_name":"La Sentinelle","article_publisher":"https:\/\/www.facebook.com\/La-Sentinelle-104059864394773","article_published_time":"2025-06-08T19:38:07+00:00","article_modified_time":"2025-06-08T19:38:08+00:00","og_image":[{"width":800,"height":690,"url":"https:\/\/lasentinelle.dz\/wp-content\/uploads\/2025\/06\/Djouher-Amhis-Ouksel-e1749411467124.jpg","type":"image\/jpeg"}],"author":"admin","twitter_card":"summary_large_image","twitter_misc":{"\u00c9crit par":"admin","Dur\u00e9e de lecture estim\u00e9e":"5 minutes"},"schema":{"@context":"https:\/\/schema.org","@graph":[{"@type":"Article","@id":"https:\/\/lasentinelle.dz\/index.php\/2025\/06\/08\/disparition-del-djouher-amhis-ouksel-la-passeuse-de-memoire-litteraire-algerienne-sen-va\/#article","isPartOf":{"@id":"https:\/\/lasentinelle.dz\/index.php\/2025\/06\/08\/disparition-del-djouher-amhis-ouksel-la-passeuse-de-memoire-litteraire-algerienne-sen-va\/"},"author":{"name":"admin","@id":"https:\/\/lasentinelle.dz\/#\/schema\/person\/729ee0024f24e0b8c5ec17232f8e8b41"},"headline":"Disparition d&rsquo;El Djouher Amhis Ouksel: La passeuse de m\u00e9moire litt\u00e9raire alg\u00e9rienne s&rsquo;en va","datePublished":"2025-06-08T19:38:07+00:00","dateModified":"2025-06-08T19:38:08+00:00","mainEntityOfPage":{"@id":"https:\/\/lasentinelle.dz\/index.php\/2025\/06\/08\/disparition-del-djouher-amhis-ouksel-la-passeuse-de-memoire-litteraire-algerienne-sen-va\/"},"wordCount":1026,"commentCount":0,"publisher":{"@id":"https:\/\/lasentinelle.dz\/#organization"},"image":{"@id":"https:\/\/lasentinelle.dz\/index.php\/2025\/06\/08\/disparition-del-djouher-amhis-ouksel-la-passeuse-de-memoire-litteraire-algerienne-sen-va\/#primaryimage"},"thumbnailUrl":"https:\/\/lasentinelle.dz\/wp-content\/uploads\/2025\/06\/Djouher-Amhis-Ouksel-e1749411467124.jpg","articleSection":["Culture"],"inLanguage":"fr-FR","potentialAction":[{"@type":"CommentAction","name":"Comment","target":["https:\/\/lasentinelle.dz\/index.php\/2025\/06\/08\/disparition-del-djouher-amhis-ouksel-la-passeuse-de-memoire-litteraire-algerienne-sen-va\/#respond"]}]},{"@type":"WebPage","@id":"https:\/\/lasentinelle.dz\/index.php\/2025\/06\/08\/disparition-del-djouher-amhis-ouksel-la-passeuse-de-memoire-litteraire-algerienne-sen-va\/","url":"https:\/\/lasentinelle.dz\/index.php\/2025\/06\/08\/disparition-del-djouher-amhis-ouksel-la-passeuse-de-memoire-litteraire-algerienne-sen-va\/","name":"Disparition d&rsquo;El Djouher Amhis Ouksel: La passeuse de m\u00e9moire litt\u00e9raire alg\u00e9rienne s&rsquo;en va - La Sentinelle","isPartOf":{"@id":"https:\/\/lasentinelle.dz\/#website"},"primaryImageOfPage":{"@id":"https:\/\/lasentinelle.dz\/index.php\/2025\/06\/08\/disparition-del-djouher-amhis-ouksel-la-passeuse-de-memoire-litteraire-algerienne-sen-va\/#primaryimage"},"image":{"@id":"https:\/\/lasentinelle.dz\/index.php\/2025\/06\/08\/disparition-del-djouher-amhis-ouksel-la-passeuse-de-memoire-litteraire-algerienne-sen-va\/#primaryimage"},"thumbnailUrl":"https:\/\/lasentinelle.dz\/wp-content\/uploads\/2025\/06\/Djouher-Amhis-Ouksel-e1749411467124.jpg","datePublished":"2025-06-08T19:38:07+00:00","dateModified":"2025-06-08T19:38:08+00:00","breadcrumb":{"@id":"https:\/\/lasentinelle.dz\/index.php\/2025\/06\/08\/disparition-del-djouher-amhis-ouksel-la-passeuse-de-memoire-litteraire-algerienne-sen-va\/#breadcrumb"},"inLanguage":"fr-FR","potentialAction":[{"@type":"ReadAction","target":["https:\/\/lasentinelle.dz\/index.php\/2025\/06\/08\/disparition-del-djouher-amhis-ouksel-la-passeuse-de-memoire-litteraire-algerienne-sen-va\/"]}]},{"@type":"ImageObject","inLanguage":"fr-FR","@id":"https:\/\/lasentinelle.dz\/index.php\/2025\/06\/08\/disparition-del-djouher-amhis-ouksel-la-passeuse-de-memoire-litteraire-algerienne-sen-va\/#primaryimage","url":"https:\/\/lasentinelle.dz\/wp-content\/uploads\/2025\/06\/Djouher-Amhis-Ouksel-e1749411467124.jpg","contentUrl":"https:\/\/lasentinelle.dz\/wp-content\/uploads\/2025\/06\/Djouher-Amhis-Ouksel-e1749411467124.jpg","width":800,"height":690},{"@type":"BreadcrumbList","@id":"https:\/\/lasentinelle.dz\/index.php\/2025\/06\/08\/disparition-del-djouher-amhis-ouksel-la-passeuse-de-memoire-litteraire-algerienne-sen-va\/#breadcrumb","itemListElement":[{"@type":"ListItem","position":1,"name":"Accueil","item":"https:\/\/lasentinelle.dz\/"},{"@type":"ListItem","position":2,"name":"Disparition d&rsquo;El Djouher Amhis Ouksel: La passeuse de m\u00e9moire litt\u00e9raire alg\u00e9rienne s&rsquo;en va"}]},{"@type":"WebSite","@id":"https:\/\/lasentinelle.dz\/#website","url":"https:\/\/lasentinelle.dz\/","name":"La Sentinelle","description":"Quotidien national d&#039;information","publisher":{"@id":"https:\/\/lasentinelle.dz\/#organization"},"potentialAction":[{"@type":"SearchAction","target":{"@type":"EntryPoint","urlTemplate":"https:\/\/lasentinelle.dz\/?s={search_term_string}"},"query-input":{"@type":"PropertyValueSpecification","valueRequired":true,"valueName":"search_term_string"}}],"inLanguage":"fr-FR"},{"@type":"Organization","@id":"https:\/\/lasentinelle.dz\/#organization","name":"Quotidien La Sentinelle","url":"https:\/\/lasentinelle.dz\/","logo":{"@type":"ImageObject","inLanguage":"fr-FR","@id":"https:\/\/lasentinelle.dz\/#\/schema\/logo\/image\/","url":"https:\/\/lasentinelle.dz\/wp-content\/uploads\/2021\/09\/logo-sentinelleSLOGAN-1.png","contentUrl":"https:\/\/lasentinelle.dz\/wp-content\/uploads\/2021\/09\/logo-sentinelleSLOGAN-1.png","width":615,"height":142,"caption":"Quotidien La Sentinelle"},"image":{"@id":"https:\/\/lasentinelle.dz\/#\/schema\/logo\/image\/"},"sameAs":["https:\/\/www.facebook.com\/La-Sentinelle-104059864394773"]},{"@type":"Person","@id":"https:\/\/lasentinelle.dz\/#\/schema\/person\/729ee0024f24e0b8c5ec17232f8e8b41","name":"admin","image":{"@type":"ImageObject","inLanguage":"fr-FR","@id":"https:\/\/secure.gravatar.com\/avatar\/4c81fed838786e9b53f540bf46533e750f5d292099ae3b66cfc6fb1982e29df7?s=96&d=mm&r=g","url":"https:\/\/secure.gravatar.com\/avatar\/4c81fed838786e9b53f540bf46533e750f5d292099ae3b66cfc6fb1982e29df7?s=96&d=mm&r=g","contentUrl":"https:\/\/secure.gravatar.com\/avatar\/4c81fed838786e9b53f540bf46533e750f5d292099ae3b66cfc6fb1982e29df7?s=96&d=mm&r=g","caption":"admin"},"description":"admin","url":"https:\/\/lasentinelle.dz\/author\/admin\/"}]}},"_links":{"self":[{"href":"https:\/\/lasentinelle.dz\/index.php\/wp-json\/wp\/v2\/posts\/68577","targetHints":{"allow":["GET"]}}],"collection":[{"href":"https:\/\/lasentinelle.dz\/index.php\/wp-json\/wp\/v2\/posts"}],"about":[{"href":"https:\/\/lasentinelle.dz\/index.php\/wp-json\/wp\/v2\/types\/post"}],"author":[{"embeddable":true,"href":"https:\/\/lasentinelle.dz\/index.php\/wp-json\/wp\/v2\/users\/6"}],"replies":[{"embeddable":true,"href":"https:\/\/lasentinelle.dz\/index.php\/wp-json\/wp\/v2\/comments?post=68577"}],"version-history":[{"count":2,"href":"https:\/\/lasentinelle.dz\/index.php\/wp-json\/wp\/v2\/posts\/68577\/revisions"}],"predecessor-version":[{"id":68580,"href":"https:\/\/lasentinelle.dz\/index.php\/wp-json\/wp\/v2\/posts\/68577\/revisions\/68580"}],"wp:featuredmedia":[{"embeddable":true,"href":"https:\/\/lasentinelle.dz\/index.php\/wp-json\/wp\/v2\/media\/68578"}],"wp:attachment":[{"href":"https:\/\/lasentinelle.dz\/index.php\/wp-json\/wp\/v2\/media?parent=68577"}],"wp:term":[{"taxonomy":"category","embeddable":true,"href":"https:\/\/lasentinelle.dz\/index.php\/wp-json\/wp\/v2\/categories?post=68577"},{"taxonomy":"post_tag","embeddable":true,"href":"https:\/\/lasentinelle.dz\/index.php\/wp-json\/wp\/v2\/tags?post=68577"}],"curies":[{"name":"wp","href":"https:\/\/api.w.org\/{rel}","templated":true}]}}