{"id":68581,"date":"2025-06-08T20:41:04","date_gmt":"2025-06-08T19:41:04","guid":{"rendered":"https:\/\/lasentinelle.dz\/?p=68581"},"modified":"2025-06-08T20:41:05","modified_gmt":"2025-06-08T19:41:05","slug":"chan-2025-preparation-les-a-peaufinent-leur-preparation-avant-le-test-rwandais","status":"publish","type":"post","link":"https:\/\/lasentinelle.dz\/index.php\/2025\/06\/08\/chan-2025-preparation-les-a-peaufinent-leur-preparation-avant-le-test-rwandais\/","title":{"rendered":"CHAN-2025 (Pr\u00e9paration): Les A&rsquo; peaufinent leur pr\u00e9paration avant le test rwandais"},"content":{"rendered":"\n<p>Dans l&rsquo;ombre de leurs homologues de l&rsquo;\u00e9quipe A qui s&rsquo;appr\u00eatent \u00e0 s&rsquo;envoler pour Stockholm, les joueurs de la s\u00e9lection nationale A&rsquo;, compos\u00e9e exclusivement d&rsquo;\u00e9l\u00e9ments \u00e9voluant dans le championnat local, continuent de fignoler leur pr\u00e9paration en vue de leur confrontation face au Rwanda. Ce lundi soir au stade Mustapha Tchaker de Blida, les prot\u00e9g\u00e9s de Madjid Bougherra auront l&rsquo;occasion de se mesurer aux m\u00eames Amavubi qui ont tenu t\u00eate \u00e0 l&rsquo;\u00e9quipe premi\u00e8re jeudi dernier \u00e0 Constantine, avant de s&rsquo;incliner sur le score de 2-0.<\/p>\n\n\n\n<p>Le mini-stage alg\u00e9rois bat son plein avec une intensit\u00e9 qui ne laisse rien au hasard. Samedi en fin d&rsquo;apr\u00e8s-midi, c&rsquo;est sur la pelouse mythique du stade du 5-Juillet-1962 que les vingt-trois joueurs retenus par l&rsquo;ancien d\u00e9fenseur international ont poursuivi leur mont\u00e9e en puissance. La s\u00e9ance, qui a d\u00e9but\u00e9 \u00e0 18h00, a \u00e9t\u00e9 exclusivement d\u00e9di\u00e9e aux aspects tactiques, r\u00e9v\u00e9lant la volont\u00e9 du staff technique de peaufiner les automatismes collectifs avant cette \u00e9ch\u00e9ance qui s&rsquo;annonce formatrice.<\/p>\n\n\n\n<p>Le d\u00e9fi qui attend les A&rsquo; d\u00e9passe le simple cadre d&rsquo;un match amical. Cette confrontation face au Rwanda s&rsquo;inscrit dans une pr\u00e9paration plus large en vue du Championnat d&rsquo;Afrique des nations, dont la phase finale se d\u00e9roulera en Ouganda, en Tanzanie et au Kenya du 2 au 30 ao\u00fbt prochain. Qualifi\u00e9s apr\u00e8s avoir \u00e9limin\u00e9 la Gambie en barrages avec panache, les Verts locaux savent qu&rsquo;ils devront hausser leur niveau pour esp\u00e9rer briller lors de cette comp\u00e9tition continentale r\u00e9serv\u00e9e aux joueurs \u00e9voluant dans leurs championnats domestiques respectifs.<\/p>\n\n\n\n<p>Le tirage au sort du CHAN a plac\u00e9 l&rsquo;Alg\u00e9rie dans un groupe C particuli\u00e8rement relev\u00e9, o\u00f9 elle croisera le fer avec l&rsquo;Ouganda, pays organisateur, le Niger, la Guin\u00e9e et l&rsquo;Afrique du Sud. Cette derni\u00e8re, comme l&rsquo;Alg\u00e9rie, a d\u00e9croch\u00e9 sa qualification lors des barrages, t\u00e9moignant du niveau \u00e9lev\u00e9 de cette \u00e9dition 2025. La pr\u00e9sence de l&rsquo;Ouganda \u00e0 domicile et de nations traditionnellement comp\u00e9titives comme la Guin\u00e9e promet des d\u00e9bats acharn\u00e9s d\u00e8s la phase de groupes.<\/p>\n\n\n\n<p>Au-del\u00e0 du CHAN, l&rsquo;horizon sportif des A&rsquo; s&rsquo;\u00e9tend jusqu&rsquo;\u00e0 la fin de l&rsquo;ann\u00e9e avec une autre participation de prestige. La Coupe arabe de la FIFA, programm\u00e9e du 1er au 18 d\u00e9cembre 2025 au Qatar, offrira une nouvelle vitrine aux talents locaux. Le tirage a plac\u00e9 les co\u00e9quipiers d&rsquo;Ayoub Ghezala, le d\u00e9fenseur du MC Alger qui incarne l&rsquo;exp\u00e9rience de ce groupe, dans le groupe D aux c\u00f4t\u00e9s de l&rsquo;Irak et des vainqueurs des barrages opposant Bahre\u00efn \u00e0 Djibouti d&rsquo;une part, et le Liban au Soudan d&rsquo;autre part.<\/p>\n\n\n\n<p>L&rsquo;objectif ne se limite pas \u00e0 pr\u00e9parer une simple participation, mais bien \u00e0 construire une \u00e9quipe capable de rivaliser avec les meilleures formations du continent et du monde arabe. L&rsquo;exp\u00e9rience acquise par la s\u00e9lection A lors de sa qualification pour le CHAN constitue un atout pr\u00e9cieux. La double confrontation face \u00e0 la Gambie, sold\u00e9e par un match nul \u00e0 l&rsquo;ext\u00e9rieur puis une victoire convaincante 3-0 \u00e0 domicile \u00e0 Annaba, a r\u00e9v\u00e9l\u00e9 la capacit\u00e9 de ce groupe \u00e0 g\u00e9rer la pression des moments d\u00e9cisifs.<\/p>\n\n\n\n<p>M.D.<\/p>\n","protected":false},"excerpt":{"rendered":"<p>Dans l&rsquo;ombre de leurs homologues de l&rsquo;\u00e9quipe A qui s&rsquo;appr\u00eatent \u00e0 s&rsquo;envoler pour Stockholm, les joueurs de la s\u00e9lection nationale<\/p>\n","protected":false},"author":6,"featured_media":68582,"comment_status":"open","ping_status":"closed","sticky":false,"template":"","format":"standard","meta":{"colormag_page_container_layout":"default_layout","colormag_page_sidebar_layout":"default_layout","om_disable_all_campaigns":false,"_monsterinsights_skip_tracking":false,"_monsterinsights_sitenote_active":false,"_monsterinsights_sitenote_note":"","_monsterinsights_sitenote_category":0,"footnotes":"","_wpscppro_dont_share_socialmedia":false,"_wpscppro_custom_social_share_image":0,"_facebook_share_type":"default","_twitter_share_type":"default","_linkedin_share_type":"default","_pinterest_share_type":"default","_linkedin_share_type_page":"","_instagram_share_type":"default","_medium_share_type":"default","_threads_share_type":"","_google_business_share_type":"","_selected_social_profile":[],"_wpsp_enable_custom_social_template":false,"_wpsp_social_scheduling":{"enabled":false,"datetime":null,"platforms":[],"status":"template_only","dateOption":"today","timeOption":"now","customDays":"","customHours":"","customDate":"","customTime":"","schedulingType":"absolute"},"_wpsp_active_default_template":true},"categories":[33],"tags":[],"class_list":["post-68581","post","type-post","status-publish","format-standard","has-post-thumbnail","hentry","category-sports"],"aioseo_notices":[],"yoast_head":"<!-- This site is optimized with the Yoast SEO plugin v27.5 - https:\/\/yoast.com\/product\/yoast-seo-wordpress\/ -->\n<title>CHAN-2025 (Pr\u00e9paration): Les A&rsquo; peaufinent leur pr\u00e9paration avant le test rwandais - La Sentinelle<\/title>\n<meta name=\"robots\" content=\"index, follow, max-snippet:-1, max-image-preview:large, max-video-preview:-1\" \/>\n<link rel=\"canonical\" href=\"https:\/\/lasentinelle.dz\/index.php\/2025\/06\/08\/chan-2025-preparation-les-a-peaufinent-leur-preparation-avant-le-test-rwandais\/\" \/>\n<meta property=\"og:locale\" content=\"fr_FR\" \/>\n<meta property=\"og:type\" content=\"article\" \/>\n<meta property=\"og:title\" content=\"CHAN-2025 (Pr\u00e9paration): Les A&rsquo; peaufinent leur pr\u00e9paration avant le test rwandais - La Sentinelle\" \/>\n<meta property=\"og:description\" content=\"Dans l&rsquo;ombre de leurs homologues de l&rsquo;\u00e9quipe A qui s&rsquo;appr\u00eatent \u00e0 s&rsquo;envoler pour Stockholm, les joueurs de la s\u00e9lection nationale\" \/>\n<meta property=\"og:url\" content=\"https:\/\/lasentinelle.dz\/index.php\/2025\/06\/08\/chan-2025-preparation-les-a-peaufinent-leur-preparation-avant-le-test-rwandais\/\" \/>\n<meta property=\"og:site_name\" content=\"La Sentinelle\" \/>\n<meta property=\"article:publisher\" content=\"https:\/\/www.facebook.com\/La-Sentinelle-104059864394773\" \/>\n<meta property=\"article:published_time\" content=\"2025-06-08T19:41:04+00:00\" \/>\n<meta property=\"article:modified_time\" content=\"2025-06-08T19:41:05+00:00\" \/>\n<meta property=\"og:image\" content=\"https:\/\/lasentinelle.dz\/wp-content\/uploads\/2025\/06\/505477624_1153131156844271_7357173131302543051_n.jpg\" \/>\n\t<meta property=\"og:image:width\" content=\"1440\" \/>\n\t<meta property=\"og:image:height\" content=\"1440\" \/>\n\t<meta property=\"og:image:type\" content=\"image\/jpeg\" \/>\n<meta name=\"author\" content=\"admin\" \/>\n<meta name=\"twitter:card\" content=\"summary_large_image\" \/>\n<meta name=\"twitter:label1\" content=\"\u00c9crit par\" \/>\n\t<meta name=\"twitter:data1\" content=\"admin\" \/>\n\t<meta name=\"twitter:label2\" content=\"Dur\u00e9e de lecture estim\u00e9e\" \/>\n\t<meta name=\"twitter:data2\" content=\"3 minutes\" \/>\n<script type=\"application\/ld+json\" class=\"yoast-schema-graph\">{\"@context\":\"https:\\\/\\\/schema.org\",\"@graph\":[{\"@type\":\"Article\",\"@id\":\"https:\\\/\\\/lasentinelle.dz\\\/index.php\\\/2025\\\/06\\\/08\\\/chan-2025-preparation-les-a-peaufinent-leur-preparation-avant-le-test-rwandais\\\/#article\",\"isPartOf\":{\"@id\":\"https:\\\/\\\/lasentinelle.dz\\\/index.php\\\/2025\\\/06\\\/08\\\/chan-2025-preparation-les-a-peaufinent-leur-preparation-avant-le-test-rwandais\\\/\"},\"author\":{\"name\":\"admin\",\"@id\":\"https:\\\/\\\/lasentinelle.dz\\\/#\\\/schema\\\/person\\\/729ee0024f24e0b8c5ec17232f8e8b41\"},\"headline\":\"CHAN-2025 (Pr\u00e9paration): Les A&rsquo; peaufinent leur pr\u00e9paration avant le test rwandais\",\"datePublished\":\"2025-06-08T19:41:04+00:00\",\"dateModified\":\"2025-06-08T19:41:05+00:00\",\"mainEntityOfPage\":{\"@id\":\"https:\\\/\\\/lasentinelle.dz\\\/index.php\\\/2025\\\/06\\\/08\\\/chan-2025-preparation-les-a-peaufinent-leur-preparation-avant-le-test-rwandais\\\/\"},\"wordCount\":580,\"commentCount\":0,\"publisher\":{\"@id\":\"https:\\\/\\\/lasentinelle.dz\\\/#organization\"},\"image\":{\"@id\":\"https:\\\/\\\/lasentinelle.dz\\\/index.php\\\/2025\\\/06\\\/08\\\/chan-2025-preparation-les-a-peaufinent-leur-preparation-avant-le-test-rwandais\\\/#primaryimage\"},\"thumbnailUrl\":\"https:\\\/\\\/lasentinelle.dz\\\/wp-content\\\/uploads\\\/2025\\\/06\\\/505477624_1153131156844271_7357173131302543051_n.jpg\",\"articleSection\":[\"Sports\"],\"inLanguage\":\"fr-FR\",\"potentialAction\":[{\"@type\":\"CommentAction\",\"name\":\"Comment\",\"target\":[\"https:\\\/\\\/lasentinelle.dz\\\/index.php\\\/2025\\\/06\\\/08\\\/chan-2025-preparation-les-a-peaufinent-leur-preparation-avant-le-test-rwandais\\\/#respond\"]}]},{\"@type\":\"WebPage\",\"@id\":\"https:\\\/\\\/lasentinelle.dz\\\/index.php\\\/2025\\\/06\\\/08\\\/chan-2025-preparation-les-a-peaufinent-leur-preparation-avant-le-test-rwandais\\\/\",\"url\":\"https:\\\/\\\/lasentinelle.dz\\\/index.php\\\/2025\\\/06\\\/08\\\/chan-2025-preparation-les-a-peaufinent-leur-preparation-avant-le-test-rwandais\\\/\",\"name\":\"CHAN-2025 (Pr\u00e9paration): Les A&rsquo; peaufinent leur pr\u00e9paration avant le test rwandais - La Sentinelle\",\"isPartOf\":{\"@id\":\"https:\\\/\\\/lasentinelle.dz\\\/#website\"},\"primaryImageOfPage\":{\"@id\":\"https:\\\/\\\/lasentinelle.dz\\\/index.php\\\/2025\\\/06\\\/08\\\/chan-2025-preparation-les-a-peaufinent-leur-preparation-avant-le-test-rwandais\\\/#primaryimage\"},\"image\":{\"@id\":\"https:\\\/\\\/lasentinelle.dz\\\/index.php\\\/2025\\\/06\\\/08\\\/chan-2025-preparation-les-a-peaufinent-leur-preparation-avant-le-test-rwandais\\\/#primaryimage\"},\"thumbnailUrl\":\"https:\\\/\\\/lasentinelle.dz\\\/wp-content\\\/uploads\\\/2025\\\/06\\\/505477624_1153131156844271_7357173131302543051_n.jpg\",\"datePublished\":\"2025-06-08T19:41:04+00:00\",\"dateModified\":\"2025-06-08T19:41:05+00:00\",\"breadcrumb\":{\"@id\":\"https:\\\/\\\/lasentinelle.dz\\\/index.php\\\/2025\\\/06\\\/08\\\/chan-2025-preparation-les-a-peaufinent-leur-preparation-avant-le-test-rwandais\\\/#breadcrumb\"},\"inLanguage\":\"fr-FR\",\"potentialAction\":[{\"@type\":\"ReadAction\",\"target\":[\"https:\\\/\\\/lasentinelle.dz\\\/index.php\\\/2025\\\/06\\\/08\\\/chan-2025-preparation-les-a-peaufinent-leur-preparation-avant-le-test-rwandais\\\/\"]}]},{\"@type\":\"ImageObject\",\"inLanguage\":\"fr-FR\",\"@id\":\"https:\\\/\\\/lasentinelle.dz\\\/index.php\\\/2025\\\/06\\\/08\\\/chan-2025-preparation-les-a-peaufinent-leur-preparation-avant-le-test-rwandais\\\/#primaryimage\",\"url\":\"https:\\\/\\\/lasentinelle.dz\\\/wp-content\\\/uploads\\\/2025\\\/06\\\/505477624_1153131156844271_7357173131302543051_n.jpg\",\"contentUrl\":\"https:\\\/\\\/lasentinelle.dz\\\/wp-content\\\/uploads\\\/2025\\\/06\\\/505477624_1153131156844271_7357173131302543051_n.jpg\",\"width\":1440,\"height\":1440},{\"@type\":\"BreadcrumbList\",\"@id\":\"https:\\\/\\\/lasentinelle.dz\\\/index.php\\\/2025\\\/06\\\/08\\\/chan-2025-preparation-les-a-peaufinent-leur-preparation-avant-le-test-rwandais\\\/#breadcrumb\",\"itemListElement\":[{\"@type\":\"ListItem\",\"position\":1,\"name\":\"Accueil\",\"item\":\"https:\\\/\\\/lasentinelle.dz\\\/\"},{\"@type\":\"ListItem\",\"position\":2,\"name\":\"CHAN-2025 (Pr\u00e9paration): Les A&rsquo; peaufinent leur pr\u00e9paration avant le test rwandais\"}]},{\"@type\":\"WebSite\",\"@id\":\"https:\\\/\\\/lasentinelle.dz\\\/#website\",\"url\":\"https:\\\/\\\/lasentinelle.dz\\\/\",\"name\":\"La Sentinelle\",\"description\":\"Quotidien national d&#039;information\",\"publisher\":{\"@id\":\"https:\\\/\\\/lasentinelle.dz\\\/#organization\"},\"potentialAction\":[{\"@type\":\"SearchAction\",\"target\":{\"@type\":\"EntryPoint\",\"urlTemplate\":\"https:\\\/\\\/lasentinelle.dz\\\/?s={search_term_string}\"},\"query-input\":{\"@type\":\"PropertyValueSpecification\",\"valueRequired\":true,\"valueName\":\"search_term_string\"}}],\"inLanguage\":\"fr-FR\"},{\"@type\":\"Organization\",\"@id\":\"https:\\\/\\\/lasentinelle.dz\\\/#organization\",\"name\":\"Quotidien La Sentinelle\",\"url\":\"https:\\\/\\\/lasentinelle.dz\\\/\",\"logo\":{\"@type\":\"ImageObject\",\"inLanguage\":\"fr-FR\",\"@id\":\"https:\\\/\\\/lasentinelle.dz\\\/#\\\/schema\\\/logo\\\/image\\\/\",\"url\":\"https:\\\/\\\/lasentinelle.dz\\\/wp-content\\\/uploads\\\/2021\\\/09\\\/logo-sentinelleSLOGAN-1.png\",\"contentUrl\":\"https:\\\/\\\/lasentinelle.dz\\\/wp-content\\\/uploads\\\/2021\\\/09\\\/logo-sentinelleSLOGAN-1.png\",\"width\":615,\"height\":142,\"caption\":\"Quotidien La Sentinelle\"},\"image\":{\"@id\":\"https:\\\/\\\/lasentinelle.dz\\\/#\\\/schema\\\/logo\\\/image\\\/\"},\"sameAs\":[\"https:\\\/\\\/www.facebook.com\\\/La-Sentinelle-104059864394773\"]},{\"@type\":\"Person\",\"@id\":\"https:\\\/\\\/lasentinelle.dz\\\/#\\\/schema\\\/person\\\/729ee0024f24e0b8c5ec17232f8e8b41\",\"name\":\"admin\",\"image\":{\"@type\":\"ImageObject\",\"inLanguage\":\"fr-FR\",\"@id\":\"https:\\\/\\\/secure.gravatar.com\\\/avatar\\\/4c81fed838786e9b53f540bf46533e750f5d292099ae3b66cfc6fb1982e29df7?s=96&d=mm&r=g\",\"url\":\"https:\\\/\\\/secure.gravatar.com\\\/avatar\\\/4c81fed838786e9b53f540bf46533e750f5d292099ae3b66cfc6fb1982e29df7?s=96&d=mm&r=g\",\"contentUrl\":\"https:\\\/\\\/secure.gravatar.com\\\/avatar\\\/4c81fed838786e9b53f540bf46533e750f5d292099ae3b66cfc6fb1982e29df7?s=96&d=mm&r=g\",\"caption\":\"admin\"},\"description\":\"admin\",\"url\":\"https:\\\/\\\/lasentinelle.dz\\\/author\\\/admin\\\/\"}]}<\/script>\n<!-- \/ Yoast SEO plugin. -->","yoast_head_json":{"title":"CHAN-2025 (Pr\u00e9paration): Les A&rsquo; peaufinent leur pr\u00e9paration avant le test rwandais - La Sentinelle","robots":{"index":"index","follow":"follow","max-snippet":"max-snippet:-1","max-image-preview":"max-image-preview:large","max-video-preview":"max-video-preview:-1"},"canonical":"https:\/\/lasentinelle.dz\/index.php\/2025\/06\/08\/chan-2025-preparation-les-a-peaufinent-leur-preparation-avant-le-test-rwandais\/","og_locale":"fr_FR","og_type":"article","og_title":"CHAN-2025 (Pr\u00e9paration): Les A&rsquo; peaufinent leur pr\u00e9paration avant le test rwandais - La Sentinelle","og_description":"Dans l&rsquo;ombre de leurs homologues de l&rsquo;\u00e9quipe A qui s&rsquo;appr\u00eatent \u00e0 s&rsquo;envoler pour Stockholm, les joueurs de la s\u00e9lection nationale","og_url":"https:\/\/lasentinelle.dz\/index.php\/2025\/06\/08\/chan-2025-preparation-les-a-peaufinent-leur-preparation-avant-le-test-rwandais\/","og_site_name":"La Sentinelle","article_publisher":"https:\/\/www.facebook.com\/La-Sentinelle-104059864394773","article_published_time":"2025-06-08T19:41:04+00:00","article_modified_time":"2025-06-08T19:41:05+00:00","og_image":[{"width":1440,"height":1440,"url":"https:\/\/lasentinelle.dz\/wp-content\/uploads\/2025\/06\/505477624_1153131156844271_7357173131302543051_n.jpg","type":"image\/jpeg"}],"author":"admin","twitter_card":"summary_large_image","twitter_misc":{"\u00c9crit par":"admin","Dur\u00e9e de lecture estim\u00e9e":"3 minutes"},"schema":{"@context":"https:\/\/schema.org","@graph":[{"@type":"Article","@id":"https:\/\/lasentinelle.dz\/index.php\/2025\/06\/08\/chan-2025-preparation-les-a-peaufinent-leur-preparation-avant-le-test-rwandais\/#article","isPartOf":{"@id":"https:\/\/lasentinelle.dz\/index.php\/2025\/06\/08\/chan-2025-preparation-les-a-peaufinent-leur-preparation-avant-le-test-rwandais\/"},"author":{"name":"admin","@id":"https:\/\/lasentinelle.dz\/#\/schema\/person\/729ee0024f24e0b8c5ec17232f8e8b41"},"headline":"CHAN-2025 (Pr\u00e9paration): Les A&rsquo; peaufinent leur pr\u00e9paration avant le test rwandais","datePublished":"2025-06-08T19:41:04+00:00","dateModified":"2025-06-08T19:41:05+00:00","mainEntityOfPage":{"@id":"https:\/\/lasentinelle.dz\/index.php\/2025\/06\/08\/chan-2025-preparation-les-a-peaufinent-leur-preparation-avant-le-test-rwandais\/"},"wordCount":580,"commentCount":0,"publisher":{"@id":"https:\/\/lasentinelle.dz\/#organization"},"image":{"@id":"https:\/\/lasentinelle.dz\/index.php\/2025\/06\/08\/chan-2025-preparation-les-a-peaufinent-leur-preparation-avant-le-test-rwandais\/#primaryimage"},"thumbnailUrl":"https:\/\/lasentinelle.dz\/wp-content\/uploads\/2025\/06\/505477624_1153131156844271_7357173131302543051_n.jpg","articleSection":["Sports"],"inLanguage":"fr-FR","potentialAction":[{"@type":"CommentAction","name":"Comment","target":["https:\/\/lasentinelle.dz\/index.php\/2025\/06\/08\/chan-2025-preparation-les-a-peaufinent-leur-preparation-avant-le-test-rwandais\/#respond"]}]},{"@type":"WebPage","@id":"https:\/\/lasentinelle.dz\/index.php\/2025\/06\/08\/chan-2025-preparation-les-a-peaufinent-leur-preparation-avant-le-test-rwandais\/","url":"https:\/\/lasentinelle.dz\/index.php\/2025\/06\/08\/chan-2025-preparation-les-a-peaufinent-leur-preparation-avant-le-test-rwandais\/","name":"CHAN-2025 (Pr\u00e9paration): Les A&rsquo; peaufinent leur pr\u00e9paration avant le test rwandais - La Sentinelle","isPartOf":{"@id":"https:\/\/lasentinelle.dz\/#website"},"primaryImageOfPage":{"@id":"https:\/\/lasentinelle.dz\/index.php\/2025\/06\/08\/chan-2025-preparation-les-a-peaufinent-leur-preparation-avant-le-test-rwandais\/#primaryimage"},"image":{"@id":"https:\/\/lasentinelle.dz\/index.php\/2025\/06\/08\/chan-2025-preparation-les-a-peaufinent-leur-preparation-avant-le-test-rwandais\/#primaryimage"},"thumbnailUrl":"https:\/\/lasentinelle.dz\/wp-content\/uploads\/2025\/06\/505477624_1153131156844271_7357173131302543051_n.jpg","datePublished":"2025-06-08T19:41:04+00:00","dateModified":"2025-06-08T19:41:05+00:00","breadcrumb":{"@id":"https:\/\/lasentinelle.dz\/index.php\/2025\/06\/08\/chan-2025-preparation-les-a-peaufinent-leur-preparation-avant-le-test-rwandais\/#breadcrumb"},"inLanguage":"fr-FR","potentialAction":[{"@type":"ReadAction","target":["https:\/\/lasentinelle.dz\/index.php\/2025\/06\/08\/chan-2025-preparation-les-a-peaufinent-leur-preparation-avant-le-test-rwandais\/"]}]},{"@type":"ImageObject","inLanguage":"fr-FR","@id":"https:\/\/lasentinelle.dz\/index.php\/2025\/06\/08\/chan-2025-preparation-les-a-peaufinent-leur-preparation-avant-le-test-rwandais\/#primaryimage","url":"https:\/\/lasentinelle.dz\/wp-content\/uploads\/2025\/06\/505477624_1153131156844271_7357173131302543051_n.jpg","contentUrl":"https:\/\/lasentinelle.dz\/wp-content\/uploads\/2025\/06\/505477624_1153131156844271_7357173131302543051_n.jpg","width":1440,"height":1440},{"@type":"BreadcrumbList","@id":"https:\/\/lasentinelle.dz\/index.php\/2025\/06\/08\/chan-2025-preparation-les-a-peaufinent-leur-preparation-avant-le-test-rwandais\/#breadcrumb","itemListElement":[{"@type":"ListItem","position":1,"name":"Accueil","item":"https:\/\/lasentinelle.dz\/"},{"@type":"ListItem","position":2,"name":"CHAN-2025 (Pr\u00e9paration): Les A&rsquo; peaufinent leur pr\u00e9paration avant le test rwandais"}]},{"@type":"WebSite","@id":"https:\/\/lasentinelle.dz\/#website","url":"https:\/\/lasentinelle.dz\/","name":"La Sentinelle","description":"Quotidien national d&#039;information","publisher":{"@id":"https:\/\/lasentinelle.dz\/#organization"},"potentialAction":[{"@type":"SearchAction","target":{"@type":"EntryPoint","urlTemplate":"https:\/\/lasentinelle.dz\/?s={search_term_string}"},"query-input":{"@type":"PropertyValueSpecification","valueRequired":true,"valueName":"search_term_string"}}],"inLanguage":"fr-FR"},{"@type":"Organization","@id":"https:\/\/lasentinelle.dz\/#organization","name":"Quotidien La Sentinelle","url":"https:\/\/lasentinelle.dz\/","logo":{"@type":"ImageObject","inLanguage":"fr-FR","@id":"https:\/\/lasentinelle.dz\/#\/schema\/logo\/image\/","url":"https:\/\/lasentinelle.dz\/wp-content\/uploads\/2021\/09\/logo-sentinelleSLOGAN-1.png","contentUrl":"https:\/\/lasentinelle.dz\/wp-content\/uploads\/2021\/09\/logo-sentinelleSLOGAN-1.png","width":615,"height":142,"caption":"Quotidien La Sentinelle"},"image":{"@id":"https:\/\/lasentinelle.dz\/#\/schema\/logo\/image\/"},"sameAs":["https:\/\/www.facebook.com\/La-Sentinelle-104059864394773"]},{"@type":"Person","@id":"https:\/\/lasentinelle.dz\/#\/schema\/person\/729ee0024f24e0b8c5ec17232f8e8b41","name":"admin","image":{"@type":"ImageObject","inLanguage":"fr-FR","@id":"https:\/\/secure.gravatar.com\/avatar\/4c81fed838786e9b53f540bf46533e750f5d292099ae3b66cfc6fb1982e29df7?s=96&d=mm&r=g","url":"https:\/\/secure.gravatar.com\/avatar\/4c81fed838786e9b53f540bf46533e750f5d292099ae3b66cfc6fb1982e29df7?s=96&d=mm&r=g","contentUrl":"https:\/\/secure.gravatar.com\/avatar\/4c81fed838786e9b53f540bf46533e750f5d292099ae3b66cfc6fb1982e29df7?s=96&d=mm&r=g","caption":"admin"},"description":"admin","url":"https:\/\/lasentinelle.dz\/author\/admin\/"}]}},"_links":{"self":[{"href":"https:\/\/lasentinelle.dz\/index.php\/wp-json\/wp\/v2\/posts\/68581","targetHints":{"allow":["GET"]}}],"collection":[{"href":"https:\/\/lasentinelle.dz\/index.php\/wp-json\/wp\/v2\/posts"}],"about":[{"href":"https:\/\/lasentinelle.dz\/index.php\/wp-json\/wp\/v2\/types\/post"}],"author":[{"embeddable":true,"href":"https:\/\/lasentinelle.dz\/index.php\/wp-json\/wp\/v2\/users\/6"}],"replies":[{"embeddable":true,"href":"https:\/\/lasentinelle.dz\/index.php\/wp-json\/wp\/v2\/comments?post=68581"}],"version-history":[{"count":2,"href":"https:\/\/lasentinelle.dz\/index.php\/wp-json\/wp\/v2\/posts\/68581\/revisions"}],"predecessor-version":[{"id":68584,"href":"https:\/\/lasentinelle.dz\/index.php\/wp-json\/wp\/v2\/posts\/68581\/revisions\/68584"}],"wp:featuredmedia":[{"embeddable":true,"href":"https:\/\/lasentinelle.dz\/index.php\/wp-json\/wp\/v2\/media\/68582"}],"wp:attachment":[{"href":"https:\/\/lasentinelle.dz\/index.php\/wp-json\/wp\/v2\/media?parent=68581"}],"wp:term":[{"taxonomy":"category","embeddable":true,"href":"https:\/\/lasentinelle.dz\/index.php\/wp-json\/wp\/v2\/categories?post=68581"},{"taxonomy":"post_tag","embeddable":true,"href":"https:\/\/lasentinelle.dz\/index.php\/wp-json\/wp\/v2\/tags?post=68581"}],"curies":[{"name":"wp","href":"https:\/\/api.w.org\/{rel}","templated":true}]}}