{"id":68585,"date":"2025-06-08T20:41:58","date_gmt":"2025-06-08T19:41:58","guid":{"rendered":"https:\/\/lasentinelle.dz\/?p=68585"},"modified":"2025-06-08T20:41:59","modified_gmt":"2025-06-08T19:41:59","slug":"apres-la-victoire-des-verts-face-au-rwanda-le-satisfecit-de-petkovic","status":"publish","type":"post","link":"https:\/\/lasentinelle.dz\/index.php\/2025\/06\/08\/apres-la-victoire-des-verts-face-au-rwanda-le-satisfecit-de-petkovic\/","title":{"rendered":"Apr\u00e8s la victoire des Verts face au Rwanda: Le satisfecit de Petkovic"},"content":{"rendered":"\n<p>Petkovic a mis l&rsquo;accent sur l&rsquo;un des objectifs principaux de cette rencontre amicale : donner du temps de jeu aux nouveaux \u00e9l\u00e9ments et notamment aux jeunes talents.<\/p>\n\n\n\n<p>Au terme d&rsquo;une rencontre ma\u00eetris\u00e9e mais laborieuse face au Rwanda (2-0) au stade Chahid Hamlaoui de Constantine, Vladimir Petkovic n&rsquo;a pas cach\u00e9 sa satisfaction tout en restant lucide sur la performance de ses prot\u00e9g\u00e9s. Le s\u00e9lectionneur national, qui qualifie cette confrontation de \u00ab\u00a0difficile\u00a0\u00bb, a tenu \u00e0 saluer la combativit\u00e9 de l&rsquo;adversaire qui a rendu la t\u00e2che compliqu\u00e9e \u00e0 une \u00e9quipe d&rsquo;Alg\u00e9rie passablement remani\u00e9e pour l&rsquo;occasion.<\/p>\n\n\n\n<p>\u00ab\u00a0Je f\u00e9licite l&rsquo;\u00e9quipe pour la poursuite de la s\u00e9rie de r\u00e9sultats positifs. Ce n&rsquo;\u00e9tait pas notre meilleure performance, mais il faut reconna\u00eetre le m\u00e9rite du Rwanda, qui \u00e9tait tr\u00e8s bien organis\u00e9 et solide, et dont les joueurs ont fait preuve d&rsquo;une grande combativit\u00e9 et d&rsquo;une motivation qui ont fait de ce match un test s\u00e9rieux\u00a0\u00bb, a d\u00e9clar\u00e9 le technicien bosnien lors de la conf\u00e9rence de presse d&rsquo;apr\u00e8s-match. Une analyse qui refl\u00e8te parfaitement le d\u00e9roulement d&rsquo;une partie o\u00f9 les Fennecs ont d\u00fb patienter pr\u00e8s de trente minutes avant de trouver la faille par l&rsquo;interm\u00e9diaire de Youcef Bela\u00efli, bien servi par Hicham Boudaoui apr\u00e8s un excellent travail de percussion sur le flanc droit.<\/p>\n\n\n\n<p>L&rsquo;ancien s\u00e9lectionneur de la Suisse a particuli\u00e8rement insist\u00e9 sur l&rsquo;aspect tactique de cette victoire, mettant en avant la capacit\u00e9 de son \u00e9quipe \u00e0 faire circuler rapidement le ballon entre les lignes. \u00ab\u00a0Mon \u00e9quipe voulait faire circuler le ballon rapidement entre les lignes et passer sans probl\u00e8me de la d\u00e9fense \u00e0 l&rsquo;attaque, ce qui lui a permis de cr\u00e9er des dangers fr\u00e9quents pour l&rsquo;adversaire. Les passes rapides ont \u00e9t\u00e9 la cl\u00e9 de notre avantage et nous ont permis de nous cr\u00e9er plusieurs occasions\u00a0\u00bb, a-t-il expliqu\u00e9, soulignant ainsi la philosophie de jeu qu&rsquo;il souhaite imprimer \u00e0 cette s\u00e9lection.<\/p>\n\n\n\n<p>Au-del\u00e0 du r\u00e9sultat, Petkovic a mis l&rsquo;accent sur l&rsquo;un des objectifs principaux de cette rencontre amicale : donner du temps de jeu aux nouveaux \u00e9l\u00e9ments et notamment aux jeunes talents. \u00ab\u00a0J&rsquo;ai voulu donner un maximum de temps de jeu \u00e0 mes joueurs, surtout aux jeunes nouveaux\u00a0\u00bb, a-t-il confi\u00e9, faisant r\u00e9f\u00e9rence aux nombreux changements op\u00e9r\u00e9s tout au long de la partie. Cette approche s&rsquo;est notamment mat\u00e9rialis\u00e9e par la titularisation de Brahim Maza, qui disputait son premier match avec les Verts, aux c\u00f4t\u00e9s du duo d&rsquo;exp\u00e9rience form\u00e9 par Nabil Bentaleb et Hicham Boudaoui au milieu de terrain.<\/p>\n\n\n\n<p>Le s\u00e9lectionneur n&rsquo;a d&rsquo;ailleurs pas tari d&rsquo;\u00e9loges sur la prestation du jeune milieu offensif : \u00ab\u00a0Il est entr\u00e9 dans le match avec confiance et a d\u00e9montr\u00e9 qu&rsquo;il avait les capacit\u00e9s techniques pour briller en \u00e9quipe nationale. Je pense qu&rsquo;il a une grande marge de progression et qu&rsquo;il b\u00e9n\u00e9ficiera grandement de son exp\u00e9rience internationale avec l&rsquo;\u00e9quipe nationale.\u00a0\u00bb Des mots encourageants qui t\u00e9moignent de la volont\u00e9 de Petkovic d&rsquo;int\u00e9grer progressivement de nouveaux visages dans son dispositif, en vue des \u00e9ch\u00e9ances importantes qui attendent l&rsquo;Alg\u00e9rie.<\/p>\n\n\n\n<p>Si la soir\u00e9e constantinoise a globalement \u00e9t\u00e9 positive, elle a \u00e9t\u00e9 ternie par la blessure de Mohamed-Amine Amoura en fin de match, apr\u00e8s un contact avec le gardien rwandais sur un service de Cha\u00efbi. \u00ab\u00a0Le seul aspect n\u00e9gatif du match a \u00e9t\u00e9 la blessure de Mohamed-Amine Amoura. Nous nous efforcerons d&rsquo;en savoir davantage \u00e0 l&rsquo;issue des examens compl\u00e9mentaires qu&rsquo;effectuera notre joueur\u00a0\u00bb, a regrett\u00e9 Petkovic, conscient que cette blessure pourrait compromettre la participation de l&rsquo;attaquant du VfL Wolfsburg au prochain match amical face \u00e0 la Su\u00e8de.<\/p>\n\n\n\n<p>En face, Adel Amrouche, l&rsquo;entra\u00eeneur du Rwanda, n&rsquo;a pas cach\u00e9 sa satisfaction malgr\u00e9 la d\u00e9faite de ses prot\u00e9g\u00e9s. L&rsquo;ancien international alg\u00e9rien, qui dirigeait une \u00e9quipe largement inexp\u00e9riment\u00e9e au niveau international, s&rsquo;est montr\u00e9 philosophe : \u00ab\u00a0Nous avons un groupe jeune et la plupart des joueurs jouaient un match international pour la premi\u00e8re fois, cinq d&rsquo;entre eux, en particulier, ont fait leurs d\u00e9buts aujourd&rsquo;hui.\u00a0\u00bb Cette jeunesse explique en partie les difficult\u00e9s rencontr\u00e9es par les Rwandais \u00e0 se montrer dangereux, particuli\u00e8rement en premi\u00e8re p\u00e9riode o\u00f9 ils ont pein\u00e9 \u00e0 inqui\u00e9ter Oussama Benbot dans les buts alg\u00e9riens.<\/p>\n\n\n\n<p>Amrouche a d&rsquo;ailleurs rendu hommage \u00e0 la qualit\u00e9 de l&rsquo;adversaire du jour : \u00ab\u00a0Nous reconnaissons que l&rsquo;Alg\u00e9rie dispose d&rsquo;un groupe de joueurs exceptionnels sur le plan individuel, soutenus par l&rsquo;exp\u00e9rience de l&rsquo;entra\u00eeneur et la maturit\u00e9 de sa r\u00e9flexion tactique.\u00a0\u00bb Le technicien rwandais a \u00e9galement soulign\u00e9 l&rsquo;aspect formateur de cette confrontation pour ses jeunes joueurs : \u00ab\u00a0Jouer contre l&rsquo;Alg\u00e9rie a \u00e9t\u00e9 un exercice tr\u00e8s utile. Sur le plan d\u00e9fensif, mon \u00e9quipe a d\u00e9lib\u00e9r\u00e9ment choisi de jouer avec une faible masse d\u00e9fensive, sachant qu&rsquo;\u00e0 l&rsquo;avenir nous serons confront\u00e9s \u00e0 des \u00e9quipes fortes et rapides.\u00a0\u00bb Cette approche tactique explique les espaces laiss\u00e9s aux Alg\u00e9riens, notamment sur les flancs o\u00f9 Youcef Atal c\u00f4t\u00e9 droit et Jaouen Hadjam c\u00f4t\u00e9 gauche ont pu s&rsquo;exprimer librement.<\/p>\n\n\n\n<p>Cette victoire, la troisi\u00e8me cons\u00e9cutive pour les Verts, s&rsquo;inscrit parfaitement dans la logique de pr\u00e9paration mise en place par Petkovic en vue des prochaines \u00e9ch\u00e9ances. Le rendez-vous de Stockholm face \u00e0 la Su\u00e8de mardi constituera un test d&rsquo;un niveau sup\u00e9rieur pour valider les automatismes travaill\u00e9s et confirmer cette dynamique positive.<\/p>\n\n\n\n<p>M. Dahleb<\/p>\n","protected":false},"excerpt":{"rendered":"<p>Petkovic a mis l&rsquo;accent sur l&rsquo;un des objectifs principaux de cette rencontre amicale : donner du temps de jeu aux<\/p>\n","protected":false},"author":6,"featured_media":68586,"comment_status":"open","ping_status":"closed","sticky":false,"template":"","format":"standard","meta":{"colormag_page_container_layout":"default_layout","colormag_page_sidebar_layout":"default_layout","om_disable_all_campaigns":false,"_monsterinsights_skip_tracking":false,"_monsterinsights_sitenote_active":false,"_monsterinsights_sitenote_note":"","_monsterinsights_sitenote_category":0,"footnotes":"","_wpscppro_dont_share_socialmedia":false,"_wpscppro_custom_social_share_image":0,"_facebook_share_type":"default","_twitter_share_type":"default","_linkedin_share_type":"default","_pinterest_share_type":"default","_linkedin_share_type_page":"","_instagram_share_type":"default","_medium_share_type":"default","_threads_share_type":"","_google_business_share_type":"","_selected_social_profile":[],"_wpsp_enable_custom_social_template":false,"_wpsp_social_scheduling":{"enabled":false,"datetime":null,"platforms":[],"status":"template_only","dateOption":"today","timeOption":"now","customDays":"","customHours":"","customDate":"","customTime":"","schedulingType":"absolute"},"_wpsp_active_default_template":true},"categories":[33],"tags":[],"class_list":["post-68585","post","type-post","status-publish","format-standard","has-post-thumbnail","hentry","category-sports"],"aioseo_notices":[],"yoast_head":"<!-- This site is optimized with the Yoast SEO plugin v27.5 - https:\/\/yoast.com\/product\/yoast-seo-wordpress\/ -->\n<title>Apr\u00e8s la victoire des Verts face au Rwanda: Le satisfecit de Petkovic - La Sentinelle<\/title>\n<meta name=\"robots\" content=\"index, follow, max-snippet:-1, max-image-preview:large, max-video-preview:-1\" \/>\n<link rel=\"canonical\" href=\"https:\/\/lasentinelle.dz\/index.php\/2025\/06\/08\/apres-la-victoire-des-verts-face-au-rwanda-le-satisfecit-de-petkovic\/\" \/>\n<meta property=\"og:locale\" content=\"fr_FR\" \/>\n<meta property=\"og:type\" content=\"article\" \/>\n<meta property=\"og:title\" content=\"Apr\u00e8s la victoire des Verts face au Rwanda: Le satisfecit de Petkovic - La Sentinelle\" \/>\n<meta property=\"og:description\" content=\"Petkovic a mis l&rsquo;accent sur l&rsquo;un des objectifs principaux de cette rencontre amicale : donner du temps de jeu aux\" \/>\n<meta property=\"og:url\" content=\"https:\/\/lasentinelle.dz\/index.php\/2025\/06\/08\/apres-la-victoire-des-verts-face-au-rwanda-le-satisfecit-de-petkovic\/\" \/>\n<meta property=\"og:site_name\" content=\"La Sentinelle\" \/>\n<meta property=\"article:publisher\" content=\"https:\/\/www.facebook.com\/La-Sentinelle-104059864394773\" \/>\n<meta property=\"article:published_time\" content=\"2025-06-08T19:41:58+00:00\" \/>\n<meta property=\"article:modified_time\" content=\"2025-06-08T19:41:59+00:00\" \/>\n<meta property=\"og:image\" content=\"https:\/\/lasentinelle.dz\/wp-content\/uploads\/2025\/06\/Petkovic.jpeg\" \/>\n\t<meta property=\"og:image:width\" content=\"828\" \/>\n\t<meta property=\"og:image:height\" content=\"828\" \/>\n\t<meta property=\"og:image:type\" content=\"image\/jpeg\" \/>\n<meta name=\"author\" content=\"admin\" \/>\n<meta name=\"twitter:card\" content=\"summary_large_image\" \/>\n<meta name=\"twitter:label1\" content=\"\u00c9crit par\" \/>\n\t<meta name=\"twitter:data1\" content=\"admin\" \/>\n\t<meta name=\"twitter:label2\" content=\"Dur\u00e9e de lecture estim\u00e9e\" \/>\n\t<meta name=\"twitter:data2\" content=\"5 minutes\" \/>\n<script type=\"application\/ld+json\" class=\"yoast-schema-graph\">{\"@context\":\"https:\\\/\\\/schema.org\",\"@graph\":[{\"@type\":\"Article\",\"@id\":\"https:\\\/\\\/lasentinelle.dz\\\/index.php\\\/2025\\\/06\\\/08\\\/apres-la-victoire-des-verts-face-au-rwanda-le-satisfecit-de-petkovic\\\/#article\",\"isPartOf\":{\"@id\":\"https:\\\/\\\/lasentinelle.dz\\\/index.php\\\/2025\\\/06\\\/08\\\/apres-la-victoire-des-verts-face-au-rwanda-le-satisfecit-de-petkovic\\\/\"},\"author\":{\"name\":\"admin\",\"@id\":\"https:\\\/\\\/lasentinelle.dz\\\/#\\\/schema\\\/person\\\/729ee0024f24e0b8c5ec17232f8e8b41\"},\"headline\":\"Apr\u00e8s la victoire des Verts face au Rwanda: Le satisfecit de Petkovic\",\"datePublished\":\"2025-06-08T19:41:58+00:00\",\"dateModified\":\"2025-06-08T19:41:59+00:00\",\"mainEntityOfPage\":{\"@id\":\"https:\\\/\\\/lasentinelle.dz\\\/index.php\\\/2025\\\/06\\\/08\\\/apres-la-victoire-des-verts-face-au-rwanda-le-satisfecit-de-petkovic\\\/\"},\"wordCount\":974,\"commentCount\":0,\"publisher\":{\"@id\":\"https:\\\/\\\/lasentinelle.dz\\\/#organization\"},\"image\":{\"@id\":\"https:\\\/\\\/lasentinelle.dz\\\/index.php\\\/2025\\\/06\\\/08\\\/apres-la-victoire-des-verts-face-au-rwanda-le-satisfecit-de-petkovic\\\/#primaryimage\"},\"thumbnailUrl\":\"https:\\\/\\\/lasentinelle.dz\\\/wp-content\\\/uploads\\\/2025\\\/06\\\/Petkovic.jpeg\",\"articleSection\":[\"Sports\"],\"inLanguage\":\"fr-FR\",\"potentialAction\":[{\"@type\":\"CommentAction\",\"name\":\"Comment\",\"target\":[\"https:\\\/\\\/lasentinelle.dz\\\/index.php\\\/2025\\\/06\\\/08\\\/apres-la-victoire-des-verts-face-au-rwanda-le-satisfecit-de-petkovic\\\/#respond\"]}]},{\"@type\":\"WebPage\",\"@id\":\"https:\\\/\\\/lasentinelle.dz\\\/index.php\\\/2025\\\/06\\\/08\\\/apres-la-victoire-des-verts-face-au-rwanda-le-satisfecit-de-petkovic\\\/\",\"url\":\"https:\\\/\\\/lasentinelle.dz\\\/index.php\\\/2025\\\/06\\\/08\\\/apres-la-victoire-des-verts-face-au-rwanda-le-satisfecit-de-petkovic\\\/\",\"name\":\"Apr\u00e8s la victoire des Verts face au Rwanda: Le satisfecit de Petkovic - La Sentinelle\",\"isPartOf\":{\"@id\":\"https:\\\/\\\/lasentinelle.dz\\\/#website\"},\"primaryImageOfPage\":{\"@id\":\"https:\\\/\\\/lasentinelle.dz\\\/index.php\\\/2025\\\/06\\\/08\\\/apres-la-victoire-des-verts-face-au-rwanda-le-satisfecit-de-petkovic\\\/#primaryimage\"},\"image\":{\"@id\":\"https:\\\/\\\/lasentinelle.dz\\\/index.php\\\/2025\\\/06\\\/08\\\/apres-la-victoire-des-verts-face-au-rwanda-le-satisfecit-de-petkovic\\\/#primaryimage\"},\"thumbnailUrl\":\"https:\\\/\\\/lasentinelle.dz\\\/wp-content\\\/uploads\\\/2025\\\/06\\\/Petkovic.jpeg\",\"datePublished\":\"2025-06-08T19:41:58+00:00\",\"dateModified\":\"2025-06-08T19:41:59+00:00\",\"breadcrumb\":{\"@id\":\"https:\\\/\\\/lasentinelle.dz\\\/index.php\\\/2025\\\/06\\\/08\\\/apres-la-victoire-des-verts-face-au-rwanda-le-satisfecit-de-petkovic\\\/#breadcrumb\"},\"inLanguage\":\"fr-FR\",\"potentialAction\":[{\"@type\":\"ReadAction\",\"target\":[\"https:\\\/\\\/lasentinelle.dz\\\/index.php\\\/2025\\\/06\\\/08\\\/apres-la-victoire-des-verts-face-au-rwanda-le-satisfecit-de-petkovic\\\/\"]}]},{\"@type\":\"ImageObject\",\"inLanguage\":\"fr-FR\",\"@id\":\"https:\\\/\\\/lasentinelle.dz\\\/index.php\\\/2025\\\/06\\\/08\\\/apres-la-victoire-des-verts-face-au-rwanda-le-satisfecit-de-petkovic\\\/#primaryimage\",\"url\":\"https:\\\/\\\/lasentinelle.dz\\\/wp-content\\\/uploads\\\/2025\\\/06\\\/Petkovic.jpeg\",\"contentUrl\":\"https:\\\/\\\/lasentinelle.dz\\\/wp-content\\\/uploads\\\/2025\\\/06\\\/Petkovic.jpeg\",\"width\":828,\"height\":828},{\"@type\":\"BreadcrumbList\",\"@id\":\"https:\\\/\\\/lasentinelle.dz\\\/index.php\\\/2025\\\/06\\\/08\\\/apres-la-victoire-des-verts-face-au-rwanda-le-satisfecit-de-petkovic\\\/#breadcrumb\",\"itemListElement\":[{\"@type\":\"ListItem\",\"position\":1,\"name\":\"Accueil\",\"item\":\"https:\\\/\\\/lasentinelle.dz\\\/\"},{\"@type\":\"ListItem\",\"position\":2,\"name\":\"Apr\u00e8s la victoire des Verts face au Rwanda: Le satisfecit de Petkovic\"}]},{\"@type\":\"WebSite\",\"@id\":\"https:\\\/\\\/lasentinelle.dz\\\/#website\",\"url\":\"https:\\\/\\\/lasentinelle.dz\\\/\",\"name\":\"La Sentinelle\",\"description\":\"Quotidien national d&#039;information\",\"publisher\":{\"@id\":\"https:\\\/\\\/lasentinelle.dz\\\/#organization\"},\"potentialAction\":[{\"@type\":\"SearchAction\",\"target\":{\"@type\":\"EntryPoint\",\"urlTemplate\":\"https:\\\/\\\/lasentinelle.dz\\\/?s={search_term_string}\"},\"query-input\":{\"@type\":\"PropertyValueSpecification\",\"valueRequired\":true,\"valueName\":\"search_term_string\"}}],\"inLanguage\":\"fr-FR\"},{\"@type\":\"Organization\",\"@id\":\"https:\\\/\\\/lasentinelle.dz\\\/#organization\",\"name\":\"Quotidien La Sentinelle\",\"url\":\"https:\\\/\\\/lasentinelle.dz\\\/\",\"logo\":{\"@type\":\"ImageObject\",\"inLanguage\":\"fr-FR\",\"@id\":\"https:\\\/\\\/lasentinelle.dz\\\/#\\\/schema\\\/logo\\\/image\\\/\",\"url\":\"https:\\\/\\\/lasentinelle.dz\\\/wp-content\\\/uploads\\\/2021\\\/09\\\/logo-sentinelleSLOGAN-1.png\",\"contentUrl\":\"https:\\\/\\\/lasentinelle.dz\\\/wp-content\\\/uploads\\\/2021\\\/09\\\/logo-sentinelleSLOGAN-1.png\",\"width\":615,\"height\":142,\"caption\":\"Quotidien La Sentinelle\"},\"image\":{\"@id\":\"https:\\\/\\\/lasentinelle.dz\\\/#\\\/schema\\\/logo\\\/image\\\/\"},\"sameAs\":[\"https:\\\/\\\/www.facebook.com\\\/La-Sentinelle-104059864394773\"]},{\"@type\":\"Person\",\"@id\":\"https:\\\/\\\/lasentinelle.dz\\\/#\\\/schema\\\/person\\\/729ee0024f24e0b8c5ec17232f8e8b41\",\"name\":\"admin\",\"image\":{\"@type\":\"ImageObject\",\"inLanguage\":\"fr-FR\",\"@id\":\"https:\\\/\\\/secure.gravatar.com\\\/avatar\\\/4c81fed838786e9b53f540bf46533e750f5d292099ae3b66cfc6fb1982e29df7?s=96&d=mm&r=g\",\"url\":\"https:\\\/\\\/secure.gravatar.com\\\/avatar\\\/4c81fed838786e9b53f540bf46533e750f5d292099ae3b66cfc6fb1982e29df7?s=96&d=mm&r=g\",\"contentUrl\":\"https:\\\/\\\/secure.gravatar.com\\\/avatar\\\/4c81fed838786e9b53f540bf46533e750f5d292099ae3b66cfc6fb1982e29df7?s=96&d=mm&r=g\",\"caption\":\"admin\"},\"description\":\"admin\",\"url\":\"https:\\\/\\\/lasentinelle.dz\\\/author\\\/admin\\\/\"}]}<\/script>\n<!-- \/ Yoast SEO plugin. -->","yoast_head_json":{"title":"Apr\u00e8s la victoire des Verts face au Rwanda: Le satisfecit de Petkovic - La Sentinelle","robots":{"index":"index","follow":"follow","max-snippet":"max-snippet:-1","max-image-preview":"max-image-preview:large","max-video-preview":"max-video-preview:-1"},"canonical":"https:\/\/lasentinelle.dz\/index.php\/2025\/06\/08\/apres-la-victoire-des-verts-face-au-rwanda-le-satisfecit-de-petkovic\/","og_locale":"fr_FR","og_type":"article","og_title":"Apr\u00e8s la victoire des Verts face au Rwanda: Le satisfecit de Petkovic - La Sentinelle","og_description":"Petkovic a mis l&rsquo;accent sur l&rsquo;un des objectifs principaux de cette rencontre amicale : donner du temps de jeu aux","og_url":"https:\/\/lasentinelle.dz\/index.php\/2025\/06\/08\/apres-la-victoire-des-verts-face-au-rwanda-le-satisfecit-de-petkovic\/","og_site_name":"La Sentinelle","article_publisher":"https:\/\/www.facebook.com\/La-Sentinelle-104059864394773","article_published_time":"2025-06-08T19:41:58+00:00","article_modified_time":"2025-06-08T19:41:59+00:00","og_image":[{"width":828,"height":828,"url":"https:\/\/lasentinelle.dz\/wp-content\/uploads\/2025\/06\/Petkovic.jpeg","type":"image\/jpeg"}],"author":"admin","twitter_card":"summary_large_image","twitter_misc":{"\u00c9crit par":"admin","Dur\u00e9e de lecture estim\u00e9e":"5 minutes"},"schema":{"@context":"https:\/\/schema.org","@graph":[{"@type":"Article","@id":"https:\/\/lasentinelle.dz\/index.php\/2025\/06\/08\/apres-la-victoire-des-verts-face-au-rwanda-le-satisfecit-de-petkovic\/#article","isPartOf":{"@id":"https:\/\/lasentinelle.dz\/index.php\/2025\/06\/08\/apres-la-victoire-des-verts-face-au-rwanda-le-satisfecit-de-petkovic\/"},"author":{"name":"admin","@id":"https:\/\/lasentinelle.dz\/#\/schema\/person\/729ee0024f24e0b8c5ec17232f8e8b41"},"headline":"Apr\u00e8s la victoire des Verts face au Rwanda: Le satisfecit de Petkovic","datePublished":"2025-06-08T19:41:58+00:00","dateModified":"2025-06-08T19:41:59+00:00","mainEntityOfPage":{"@id":"https:\/\/lasentinelle.dz\/index.php\/2025\/06\/08\/apres-la-victoire-des-verts-face-au-rwanda-le-satisfecit-de-petkovic\/"},"wordCount":974,"commentCount":0,"publisher":{"@id":"https:\/\/lasentinelle.dz\/#organization"},"image":{"@id":"https:\/\/lasentinelle.dz\/index.php\/2025\/06\/08\/apres-la-victoire-des-verts-face-au-rwanda-le-satisfecit-de-petkovic\/#primaryimage"},"thumbnailUrl":"https:\/\/lasentinelle.dz\/wp-content\/uploads\/2025\/06\/Petkovic.jpeg","articleSection":["Sports"],"inLanguage":"fr-FR","potentialAction":[{"@type":"CommentAction","name":"Comment","target":["https:\/\/lasentinelle.dz\/index.php\/2025\/06\/08\/apres-la-victoire-des-verts-face-au-rwanda-le-satisfecit-de-petkovic\/#respond"]}]},{"@type":"WebPage","@id":"https:\/\/lasentinelle.dz\/index.php\/2025\/06\/08\/apres-la-victoire-des-verts-face-au-rwanda-le-satisfecit-de-petkovic\/","url":"https:\/\/lasentinelle.dz\/index.php\/2025\/06\/08\/apres-la-victoire-des-verts-face-au-rwanda-le-satisfecit-de-petkovic\/","name":"Apr\u00e8s la victoire des Verts face au Rwanda: Le satisfecit de Petkovic - La Sentinelle","isPartOf":{"@id":"https:\/\/lasentinelle.dz\/#website"},"primaryImageOfPage":{"@id":"https:\/\/lasentinelle.dz\/index.php\/2025\/06\/08\/apres-la-victoire-des-verts-face-au-rwanda-le-satisfecit-de-petkovic\/#primaryimage"},"image":{"@id":"https:\/\/lasentinelle.dz\/index.php\/2025\/06\/08\/apres-la-victoire-des-verts-face-au-rwanda-le-satisfecit-de-petkovic\/#primaryimage"},"thumbnailUrl":"https:\/\/lasentinelle.dz\/wp-content\/uploads\/2025\/06\/Petkovic.jpeg","datePublished":"2025-06-08T19:41:58+00:00","dateModified":"2025-06-08T19:41:59+00:00","breadcrumb":{"@id":"https:\/\/lasentinelle.dz\/index.php\/2025\/06\/08\/apres-la-victoire-des-verts-face-au-rwanda-le-satisfecit-de-petkovic\/#breadcrumb"},"inLanguage":"fr-FR","potentialAction":[{"@type":"ReadAction","target":["https:\/\/lasentinelle.dz\/index.php\/2025\/06\/08\/apres-la-victoire-des-verts-face-au-rwanda-le-satisfecit-de-petkovic\/"]}]},{"@type":"ImageObject","inLanguage":"fr-FR","@id":"https:\/\/lasentinelle.dz\/index.php\/2025\/06\/08\/apres-la-victoire-des-verts-face-au-rwanda-le-satisfecit-de-petkovic\/#primaryimage","url":"https:\/\/lasentinelle.dz\/wp-content\/uploads\/2025\/06\/Petkovic.jpeg","contentUrl":"https:\/\/lasentinelle.dz\/wp-content\/uploads\/2025\/06\/Petkovic.jpeg","width":828,"height":828},{"@type":"BreadcrumbList","@id":"https:\/\/lasentinelle.dz\/index.php\/2025\/06\/08\/apres-la-victoire-des-verts-face-au-rwanda-le-satisfecit-de-petkovic\/#breadcrumb","itemListElement":[{"@type":"ListItem","position":1,"name":"Accueil","item":"https:\/\/lasentinelle.dz\/"},{"@type":"ListItem","position":2,"name":"Apr\u00e8s la victoire des Verts face au Rwanda: Le satisfecit de Petkovic"}]},{"@type":"WebSite","@id":"https:\/\/lasentinelle.dz\/#website","url":"https:\/\/lasentinelle.dz\/","name":"La Sentinelle","description":"Quotidien national d&#039;information","publisher":{"@id":"https:\/\/lasentinelle.dz\/#organization"},"potentialAction":[{"@type":"SearchAction","target":{"@type":"EntryPoint","urlTemplate":"https:\/\/lasentinelle.dz\/?s={search_term_string}"},"query-input":{"@type":"PropertyValueSpecification","valueRequired":true,"valueName":"search_term_string"}}],"inLanguage":"fr-FR"},{"@type":"Organization","@id":"https:\/\/lasentinelle.dz\/#organization","name":"Quotidien La Sentinelle","url":"https:\/\/lasentinelle.dz\/","logo":{"@type":"ImageObject","inLanguage":"fr-FR","@id":"https:\/\/lasentinelle.dz\/#\/schema\/logo\/image\/","url":"https:\/\/lasentinelle.dz\/wp-content\/uploads\/2021\/09\/logo-sentinelleSLOGAN-1.png","contentUrl":"https:\/\/lasentinelle.dz\/wp-content\/uploads\/2021\/09\/logo-sentinelleSLOGAN-1.png","width":615,"height":142,"caption":"Quotidien La Sentinelle"},"image":{"@id":"https:\/\/lasentinelle.dz\/#\/schema\/logo\/image\/"},"sameAs":["https:\/\/www.facebook.com\/La-Sentinelle-104059864394773"]},{"@type":"Person","@id":"https:\/\/lasentinelle.dz\/#\/schema\/person\/729ee0024f24e0b8c5ec17232f8e8b41","name":"admin","image":{"@type":"ImageObject","inLanguage":"fr-FR","@id":"https:\/\/secure.gravatar.com\/avatar\/4c81fed838786e9b53f540bf46533e750f5d292099ae3b66cfc6fb1982e29df7?s=96&d=mm&r=g","url":"https:\/\/secure.gravatar.com\/avatar\/4c81fed838786e9b53f540bf46533e750f5d292099ae3b66cfc6fb1982e29df7?s=96&d=mm&r=g","contentUrl":"https:\/\/secure.gravatar.com\/avatar\/4c81fed838786e9b53f540bf46533e750f5d292099ae3b66cfc6fb1982e29df7?s=96&d=mm&r=g","caption":"admin"},"description":"admin","url":"https:\/\/lasentinelle.dz\/author\/admin\/"}]}},"_links":{"self":[{"href":"https:\/\/lasentinelle.dz\/index.php\/wp-json\/wp\/v2\/posts\/68585","targetHints":{"allow":["GET"]}}],"collection":[{"href":"https:\/\/lasentinelle.dz\/index.php\/wp-json\/wp\/v2\/posts"}],"about":[{"href":"https:\/\/lasentinelle.dz\/index.php\/wp-json\/wp\/v2\/types\/post"}],"author":[{"embeddable":true,"href":"https:\/\/lasentinelle.dz\/index.php\/wp-json\/wp\/v2\/users\/6"}],"replies":[{"embeddable":true,"href":"https:\/\/lasentinelle.dz\/index.php\/wp-json\/wp\/v2\/comments?post=68585"}],"version-history":[{"count":1,"href":"https:\/\/lasentinelle.dz\/index.php\/wp-json\/wp\/v2\/posts\/68585\/revisions"}],"predecessor-version":[{"id":68587,"href":"https:\/\/lasentinelle.dz\/index.php\/wp-json\/wp\/v2\/posts\/68585\/revisions\/68587"}],"wp:featuredmedia":[{"embeddable":true,"href":"https:\/\/lasentinelle.dz\/index.php\/wp-json\/wp\/v2\/media\/68586"}],"wp:attachment":[{"href":"https:\/\/lasentinelle.dz\/index.php\/wp-json\/wp\/v2\/media?parent=68585"}],"wp:term":[{"taxonomy":"category","embeddable":true,"href":"https:\/\/lasentinelle.dz\/index.php\/wp-json\/wp\/v2\/categories?post=68585"},{"taxonomy":"post_tag","embeddable":true,"href":"https:\/\/lasentinelle.dz\/index.php\/wp-json\/wp\/v2\/tags?post=68585"}],"curies":[{"name":"wp","href":"https:\/\/api.w.org\/{rel}","templated":true}]}}