{"id":68588,"date":"2025-06-08T20:42:58","date_gmt":"2025-06-08T19:42:58","guid":{"rendered":"https:\/\/lasentinelle.dz\/?p=68588"},"modified":"2025-06-08T20:43:00","modified_gmt":"2025-06-08T19:43:00","slug":"amical-algerie-suede-mardi-a-18h00-les-verts-peaufinent-les-dernieres-retouches","status":"publish","type":"post","link":"https:\/\/lasentinelle.dz\/index.php\/2025\/06\/08\/amical-algerie-suede-mardi-a-18h00-les-verts-peaufinent-les-dernieres-retouches\/","title":{"rendered":"Amical Alg\u00e9rie-Su\u00e8de mardi \u00e0 18h00: Les Verts peaufinent les derni\u00e8res retouches"},"content":{"rendered":"\n<p>La S\u00e9lection nationale a peaufin\u00e9 ses derniers pr\u00e9paratifs au Centre technique national de Sidi Moussa, avant son envol vers Stockholm pour un test crucial. &nbsp;Mardi soir, \u00e0 18h00 heure alg\u00e9rienne, les Fennecs affronteront la Su\u00e8de dans un match amical qui s&rsquo;annonce comme un test de choix avant la reprise des qualifications mondiales en septembre.<\/p>\n\n\n\n<p>Apr\u00e8s leur victoire convaincante face au Rwanda (2-0) au stade Chahid Hamlaoui de Constantine jeudi dernier, les hommes de Vladimir Petkovic s&rsquo;appr\u00eatent \u00e0 relever un d\u00e9fi d&rsquo;un tout autre calibre contre une formation su\u00e9doise qui vient de dominer la Hongrie sur le m\u00eame score \u00e0 Budapest.<\/p>\n\n\n\n<p>Le s\u00e9lectionneur national a dirig\u00e9 samedi une s\u00e9ance d&rsquo;entra\u00eenement particuli\u00e8rement intense, ax\u00e9e sur les aspects technico-tactiques qui feront la diff\u00e9rence face aux Scandinaves. L&rsquo;implication de tous les joueurs pr\u00e9sents n&rsquo;a pas \u00e9chapp\u00e9 aux observateurs, signe que le groupe aborde cette \u00e9ch\u00e9ance avec le s\u00e9rieux qu&rsquo;elle m\u00e9rite. L&rsquo;enjeu d\u00e9passe le simple r\u00e9sultat d&rsquo;un match amical, puisque cette rencontre s&rsquo;inscrit dans une logique de mont\u00e9e en puissance avant la phase cruciale des \u00e9liminatoires de la Coupe du monde 2026.<\/p>\n\n\n\n<p>Cependant, Petkovic devra composer avec plusieurs absences de taille qui redessinent quelque peu la physionomie de son groupe. Mohamed-Amine Amoura, l&rsquo;attaquant du VfL Wolfsburg, ne sera pas du voyage apr\u00e8s que les examens m\u00e9dicaux ont confirm\u00e9 la blessure contract\u00e9e face au Rwanda. Le joueur, sorti pr\u00e9matur\u00e9ment lors du match de Constantine, a \u00e9t\u00e9 lib\u00e9r\u00e9 du stage samedi apr\u00e8s-midi, et son indisponibilit\u00e9 prive l&rsquo;Alg\u00e9rie d&rsquo;une option offensive int\u00e9ressante. Parall\u00e8lement, Youcef Bela\u00efli et Mohamed-Amine Touga\u00ef ont \u00e9galement quitt\u00e9 le rassemblement pour rejoindre leur club, l&rsquo;ES Tunis, qui se pr\u00e9pare pour le Mondial des clubs aux \u00c9tats-Unis.<\/p>\n\n\n\n<p>Ces d\u00e9fections offrent n\u00e9anmoins l&rsquo;opportunit\u00e9 \u00e0 d&rsquo;autres \u00e9l\u00e9ments de se mettre en \u00e9vidence et de pr\u00e9tendre \u00e0 une place dans les plans du technicien bosnien. La profondeur d&rsquo;effectif sera test\u00e9e face \u00e0 une \u00e9quipe su\u00e9doise qui arrive avec des certitudes apr\u00e8s son succ\u00e8s contre la Hongrie. Les \u00ab\u00a0Bleus et Jaunes\u00a0\u00bb de Jon Dahl Tomasson ont montr\u00e9 un visage s\u00e9duisant \u00e0 Budapest, notamment gr\u00e2ce aux r\u00e9alisations de Benjamin Nygren et Yasin Ayari, et comptent bien poursuivre sur cette lanc\u00e9e devant leur public de la Strawberry Arena.<\/p>\n\n\n\n<p>L&rsquo;Alg\u00e9rie aborde cette confrontation avec le statut de leader de son groupe qualificatif, forte de ses 15 points r\u00e9colt\u00e9s en six journ\u00e9es et de ses trois longueurs d&rsquo;avance sur le Mozambique. Cette position privil\u00e9gi\u00e9e ne doit pas masquer l&rsquo;importance de maintenir le rythme et la coh\u00e9sion d&rsquo;un groupe appel\u00e9 \u00e0 jouer gros d\u00e8s la reprise en septembre. Seul le premier de chaque poule d\u00e9croche son billet direct pour la phase finale am\u00e9ricaine, tandis que les quatre meilleurs deuxi\u00e8mes devront passer par les barrages continental puis intercontinental.<\/p>\n\n\n\n<p>Le d\u00e9placement en Su\u00e8de repr\u00e9sente donc bien plus qu&rsquo;une simple formalit\u00e9. Il s&rsquo;agit pour les Verts de tester leur capacit\u00e9 d&rsquo;adaptation face \u00e0 un adversaire europ\u00e9en de qualit\u00e9, dans un contexte diff\u00e9rent de celui rencontr\u00e9 face au Rwanda. La formation alg\u00e9rienne, qui avait montr\u00e9 un visage convaincant \u00e0 Constantine malgr\u00e9 quelques remaniements, cherchera \u00e0 confirmer sa mont\u00e9e en puissance et \u00e0 valider les automatismes travaill\u00e9s \u00e0 Sidi Moussa.<\/p>\n\n\n\n<p>L&rsquo;effectif s&rsquo;est envol\u00e9 ce dimanche apr\u00e8s-midi \u00e0 bord d&rsquo;un vol sp\u00e9cial, garantissant des conditions optimales de voyage pour aborder cette \u00e9ch\u00e9ance dans les meilleures dispositions. Rayan A\u00eft-Nouri, qui n&rsquo;avait pas particip\u00e9 au match contre le Rwanda en raison de ses n\u00e9gociations avec Manchester City, devrait cette fois \u00eatre disponible pour apporter sa contribution sur le flanc gauche, lui qui vient de passer avec succ\u00e8s sa visite m\u00e9dicale chez les Citizens.<\/p>\n\n\n\n<p>Ce rendez-vous su\u00e9dois constituera un barom\u00e8tre int\u00e9ressant pour mesurer le niveau de pr\u00e9paration d&rsquo;une s\u00e9lection alg\u00e9rienne qui nourrit de l\u00e9gitimes ambitions pour la Coupe du monde 2026. Entre les ajustements tactiques de derni\u00e8re minute et la gestion d&rsquo;un groupe quelque peu remani\u00e9, Vladimir Petkovic aura l&rsquo;occasion de peaufiner sa formule avant les \u00e9ch\u00e9ances d\u00e9cisives qui l&rsquo;attendent. \u00c0 Stockholm, les Fennecs devront montrer qu&rsquo;ils ont franchi un cap suppl\u00e9mentaire dans leur qu\u00eate de qualification directe pour le Mondial nord-am\u00e9ricain.<\/p>\n\n\n\n<p>Moncef Dahleb<\/p>\n","protected":false},"excerpt":{"rendered":"<p>La S\u00e9lection nationale a peaufin\u00e9 ses derniers pr\u00e9paratifs au Centre technique national de Sidi Moussa, avant son envol vers Stockholm<\/p>\n","protected":false},"author":6,"featured_media":68589,"comment_status":"open","ping_status":"closed","sticky":false,"template":"","format":"standard","meta":{"colormag_page_container_layout":"default_layout","colormag_page_sidebar_layout":"default_layout","om_disable_all_campaigns":false,"_monsterinsights_skip_tracking":false,"_monsterinsights_sitenote_active":false,"_monsterinsights_sitenote_note":"","_monsterinsights_sitenote_category":0,"footnotes":"","_wpscppro_dont_share_socialmedia":false,"_wpscppro_custom_social_share_image":0,"_facebook_share_type":"default","_twitter_share_type":"default","_linkedin_share_type":"default","_pinterest_share_type":"default","_linkedin_share_type_page":"","_instagram_share_type":"default","_medium_share_type":"default","_threads_share_type":"","_google_business_share_type":"","_selected_social_profile":[],"_wpsp_enable_custom_social_template":false,"_wpsp_social_scheduling":{"enabled":false,"datetime":null,"platforms":[],"status":"template_only","dateOption":"today","timeOption":"now","customDays":"","customHours":"","customDate":"","customTime":"","schedulingType":"absolute"},"_wpsp_active_default_template":true},"categories":[33],"tags":[],"class_list":["post-68588","post","type-post","status-publish","format-standard","has-post-thumbnail","hentry","category-sports"],"aioseo_notices":[],"yoast_head":"<!-- This site is optimized with the Yoast SEO plugin v27.5 - https:\/\/yoast.com\/product\/yoast-seo-wordpress\/ -->\n<title>Amical Alg\u00e9rie-Su\u00e8de mardi \u00e0 18h00: Les Verts peaufinent les derni\u00e8res retouches - La Sentinelle<\/title>\n<meta name=\"robots\" content=\"index, follow, max-snippet:-1, max-image-preview:large, max-video-preview:-1\" \/>\n<link rel=\"canonical\" href=\"https:\/\/lasentinelle.dz\/index.php\/2025\/06\/08\/amical-algerie-suede-mardi-a-18h00-les-verts-peaufinent-les-dernieres-retouches\/\" \/>\n<meta property=\"og:locale\" content=\"fr_FR\" \/>\n<meta property=\"og:type\" content=\"article\" \/>\n<meta property=\"og:title\" content=\"Amical Alg\u00e9rie-Su\u00e8de mardi \u00e0 18h00: Les Verts peaufinent les derni\u00e8res retouches - La Sentinelle\" \/>\n<meta property=\"og:description\" content=\"La S\u00e9lection nationale a peaufin\u00e9 ses derniers pr\u00e9paratifs au Centre technique national de Sidi Moussa, avant son envol vers Stockholm\" \/>\n<meta property=\"og:url\" content=\"https:\/\/lasentinelle.dz\/index.php\/2025\/06\/08\/amical-algerie-suede-mardi-a-18h00-les-verts-peaufinent-les-dernieres-retouches\/\" \/>\n<meta property=\"og:site_name\" content=\"La Sentinelle\" \/>\n<meta property=\"article:publisher\" content=\"https:\/\/www.facebook.com\/La-Sentinelle-104059864394773\" \/>\n<meta property=\"article:published_time\" content=\"2025-06-08T19:42:58+00:00\" \/>\n<meta property=\"article:modified_time\" content=\"2025-06-08T19:43:00+00:00\" \/>\n<meta property=\"og:image\" content=\"https:\/\/lasentinelle.dz\/wp-content\/uploads\/2025\/06\/Verts-1.jpg\" \/>\n\t<meta property=\"og:image:width\" content=\"1831\" \/>\n\t<meta property=\"og:image:height\" content=\"1220\" \/>\n\t<meta property=\"og:image:type\" content=\"image\/jpeg\" \/>\n<meta name=\"author\" content=\"admin\" \/>\n<meta name=\"twitter:card\" content=\"summary_large_image\" \/>\n<meta name=\"twitter:label1\" content=\"\u00c9crit par\" \/>\n\t<meta name=\"twitter:data1\" content=\"admin\" \/>\n\t<meta name=\"twitter:label2\" content=\"Dur\u00e9e de lecture estim\u00e9e\" \/>\n\t<meta name=\"twitter:data2\" content=\"4 minutes\" \/>\n<script type=\"application\/ld+json\" class=\"yoast-schema-graph\">{\"@context\":\"https:\\\/\\\/schema.org\",\"@graph\":[{\"@type\":\"Article\",\"@id\":\"https:\\\/\\\/lasentinelle.dz\\\/index.php\\\/2025\\\/06\\\/08\\\/amical-algerie-suede-mardi-a-18h00-les-verts-peaufinent-les-dernieres-retouches\\\/#article\",\"isPartOf\":{\"@id\":\"https:\\\/\\\/lasentinelle.dz\\\/index.php\\\/2025\\\/06\\\/08\\\/amical-algerie-suede-mardi-a-18h00-les-verts-peaufinent-les-dernieres-retouches\\\/\"},\"author\":{\"name\":\"admin\",\"@id\":\"https:\\\/\\\/lasentinelle.dz\\\/#\\\/schema\\\/person\\\/729ee0024f24e0b8c5ec17232f8e8b41\"},\"headline\":\"Amical Alg\u00e9rie-Su\u00e8de mardi \u00e0 18h00: Les Verts peaufinent les derni\u00e8res retouches\",\"datePublished\":\"2025-06-08T19:42:58+00:00\",\"dateModified\":\"2025-06-08T19:43:00+00:00\",\"mainEntityOfPage\":{\"@id\":\"https:\\\/\\\/lasentinelle.dz\\\/index.php\\\/2025\\\/06\\\/08\\\/amical-algerie-suede-mardi-a-18h00-les-verts-peaufinent-les-dernieres-retouches\\\/\"},\"wordCount\":774,\"commentCount\":0,\"publisher\":{\"@id\":\"https:\\\/\\\/lasentinelle.dz\\\/#organization\"},\"image\":{\"@id\":\"https:\\\/\\\/lasentinelle.dz\\\/index.php\\\/2025\\\/06\\\/08\\\/amical-algerie-suede-mardi-a-18h00-les-verts-peaufinent-les-dernieres-retouches\\\/#primaryimage\"},\"thumbnailUrl\":\"https:\\\/\\\/lasentinelle.dz\\\/wp-content\\\/uploads\\\/2025\\\/06\\\/Verts-1.jpg\",\"articleSection\":[\"Sports\"],\"inLanguage\":\"fr-FR\",\"potentialAction\":[{\"@type\":\"CommentAction\",\"name\":\"Comment\",\"target\":[\"https:\\\/\\\/lasentinelle.dz\\\/index.php\\\/2025\\\/06\\\/08\\\/amical-algerie-suede-mardi-a-18h00-les-verts-peaufinent-les-dernieres-retouches\\\/#respond\"]}]},{\"@type\":\"WebPage\",\"@id\":\"https:\\\/\\\/lasentinelle.dz\\\/index.php\\\/2025\\\/06\\\/08\\\/amical-algerie-suede-mardi-a-18h00-les-verts-peaufinent-les-dernieres-retouches\\\/\",\"url\":\"https:\\\/\\\/lasentinelle.dz\\\/index.php\\\/2025\\\/06\\\/08\\\/amical-algerie-suede-mardi-a-18h00-les-verts-peaufinent-les-dernieres-retouches\\\/\",\"name\":\"Amical Alg\u00e9rie-Su\u00e8de mardi \u00e0 18h00: Les Verts peaufinent les derni\u00e8res retouches - La Sentinelle\",\"isPartOf\":{\"@id\":\"https:\\\/\\\/lasentinelle.dz\\\/#website\"},\"primaryImageOfPage\":{\"@id\":\"https:\\\/\\\/lasentinelle.dz\\\/index.php\\\/2025\\\/06\\\/08\\\/amical-algerie-suede-mardi-a-18h00-les-verts-peaufinent-les-dernieres-retouches\\\/#primaryimage\"},\"image\":{\"@id\":\"https:\\\/\\\/lasentinelle.dz\\\/index.php\\\/2025\\\/06\\\/08\\\/amical-algerie-suede-mardi-a-18h00-les-verts-peaufinent-les-dernieres-retouches\\\/#primaryimage\"},\"thumbnailUrl\":\"https:\\\/\\\/lasentinelle.dz\\\/wp-content\\\/uploads\\\/2025\\\/06\\\/Verts-1.jpg\",\"datePublished\":\"2025-06-08T19:42:58+00:00\",\"dateModified\":\"2025-06-08T19:43:00+00:00\",\"breadcrumb\":{\"@id\":\"https:\\\/\\\/lasentinelle.dz\\\/index.php\\\/2025\\\/06\\\/08\\\/amical-algerie-suede-mardi-a-18h00-les-verts-peaufinent-les-dernieres-retouches\\\/#breadcrumb\"},\"inLanguage\":\"fr-FR\",\"potentialAction\":[{\"@type\":\"ReadAction\",\"target\":[\"https:\\\/\\\/lasentinelle.dz\\\/index.php\\\/2025\\\/06\\\/08\\\/amical-algerie-suede-mardi-a-18h00-les-verts-peaufinent-les-dernieres-retouches\\\/\"]}]},{\"@type\":\"ImageObject\",\"inLanguage\":\"fr-FR\",\"@id\":\"https:\\\/\\\/lasentinelle.dz\\\/index.php\\\/2025\\\/06\\\/08\\\/amical-algerie-suede-mardi-a-18h00-les-verts-peaufinent-les-dernieres-retouches\\\/#primaryimage\",\"url\":\"https:\\\/\\\/lasentinelle.dz\\\/wp-content\\\/uploads\\\/2025\\\/06\\\/Verts-1.jpg\",\"contentUrl\":\"https:\\\/\\\/lasentinelle.dz\\\/wp-content\\\/uploads\\\/2025\\\/06\\\/Verts-1.jpg\",\"width\":1831,\"height\":1220},{\"@type\":\"BreadcrumbList\",\"@id\":\"https:\\\/\\\/lasentinelle.dz\\\/index.php\\\/2025\\\/06\\\/08\\\/amical-algerie-suede-mardi-a-18h00-les-verts-peaufinent-les-dernieres-retouches\\\/#breadcrumb\",\"itemListElement\":[{\"@type\":\"ListItem\",\"position\":1,\"name\":\"Accueil\",\"item\":\"https:\\\/\\\/lasentinelle.dz\\\/\"},{\"@type\":\"ListItem\",\"position\":2,\"name\":\"Amical Alg\u00e9rie-Su\u00e8de mardi \u00e0 18h00: Les Verts peaufinent les derni\u00e8res retouches\"}]},{\"@type\":\"WebSite\",\"@id\":\"https:\\\/\\\/lasentinelle.dz\\\/#website\",\"url\":\"https:\\\/\\\/lasentinelle.dz\\\/\",\"name\":\"La Sentinelle\",\"description\":\"Quotidien national d&#039;information\",\"publisher\":{\"@id\":\"https:\\\/\\\/lasentinelle.dz\\\/#organization\"},\"potentialAction\":[{\"@type\":\"SearchAction\",\"target\":{\"@type\":\"EntryPoint\",\"urlTemplate\":\"https:\\\/\\\/lasentinelle.dz\\\/?s={search_term_string}\"},\"query-input\":{\"@type\":\"PropertyValueSpecification\",\"valueRequired\":true,\"valueName\":\"search_term_string\"}}],\"inLanguage\":\"fr-FR\"},{\"@type\":\"Organization\",\"@id\":\"https:\\\/\\\/lasentinelle.dz\\\/#organization\",\"name\":\"Quotidien La Sentinelle\",\"url\":\"https:\\\/\\\/lasentinelle.dz\\\/\",\"logo\":{\"@type\":\"ImageObject\",\"inLanguage\":\"fr-FR\",\"@id\":\"https:\\\/\\\/lasentinelle.dz\\\/#\\\/schema\\\/logo\\\/image\\\/\",\"url\":\"https:\\\/\\\/lasentinelle.dz\\\/wp-content\\\/uploads\\\/2021\\\/09\\\/logo-sentinelleSLOGAN-1.png\",\"contentUrl\":\"https:\\\/\\\/lasentinelle.dz\\\/wp-content\\\/uploads\\\/2021\\\/09\\\/logo-sentinelleSLOGAN-1.png\",\"width\":615,\"height\":142,\"caption\":\"Quotidien La Sentinelle\"},\"image\":{\"@id\":\"https:\\\/\\\/lasentinelle.dz\\\/#\\\/schema\\\/logo\\\/image\\\/\"},\"sameAs\":[\"https:\\\/\\\/www.facebook.com\\\/La-Sentinelle-104059864394773\"]},{\"@type\":\"Person\",\"@id\":\"https:\\\/\\\/lasentinelle.dz\\\/#\\\/schema\\\/person\\\/729ee0024f24e0b8c5ec17232f8e8b41\",\"name\":\"admin\",\"image\":{\"@type\":\"ImageObject\",\"inLanguage\":\"fr-FR\",\"@id\":\"https:\\\/\\\/secure.gravatar.com\\\/avatar\\\/4c81fed838786e9b53f540bf46533e750f5d292099ae3b66cfc6fb1982e29df7?s=96&d=mm&r=g\",\"url\":\"https:\\\/\\\/secure.gravatar.com\\\/avatar\\\/4c81fed838786e9b53f540bf46533e750f5d292099ae3b66cfc6fb1982e29df7?s=96&d=mm&r=g\",\"contentUrl\":\"https:\\\/\\\/secure.gravatar.com\\\/avatar\\\/4c81fed838786e9b53f540bf46533e750f5d292099ae3b66cfc6fb1982e29df7?s=96&d=mm&r=g\",\"caption\":\"admin\"},\"description\":\"admin\",\"url\":\"https:\\\/\\\/lasentinelle.dz\\\/author\\\/admin\\\/\"}]}<\/script>\n<!-- \/ Yoast SEO plugin. -->","yoast_head_json":{"title":"Amical Alg\u00e9rie-Su\u00e8de mardi \u00e0 18h00: Les Verts peaufinent les derni\u00e8res retouches - La Sentinelle","robots":{"index":"index","follow":"follow","max-snippet":"max-snippet:-1","max-image-preview":"max-image-preview:large","max-video-preview":"max-video-preview:-1"},"canonical":"https:\/\/lasentinelle.dz\/index.php\/2025\/06\/08\/amical-algerie-suede-mardi-a-18h00-les-verts-peaufinent-les-dernieres-retouches\/","og_locale":"fr_FR","og_type":"article","og_title":"Amical Alg\u00e9rie-Su\u00e8de mardi \u00e0 18h00: Les Verts peaufinent les derni\u00e8res retouches - La Sentinelle","og_description":"La S\u00e9lection nationale a peaufin\u00e9 ses derniers pr\u00e9paratifs au Centre technique national de Sidi Moussa, avant son envol vers Stockholm","og_url":"https:\/\/lasentinelle.dz\/index.php\/2025\/06\/08\/amical-algerie-suede-mardi-a-18h00-les-verts-peaufinent-les-dernieres-retouches\/","og_site_name":"La Sentinelle","article_publisher":"https:\/\/www.facebook.com\/La-Sentinelle-104059864394773","article_published_time":"2025-06-08T19:42:58+00:00","article_modified_time":"2025-06-08T19:43:00+00:00","og_image":[{"width":1831,"height":1220,"url":"https:\/\/lasentinelle.dz\/wp-content\/uploads\/2025\/06\/Verts-1.jpg","type":"image\/jpeg"}],"author":"admin","twitter_card":"summary_large_image","twitter_misc":{"\u00c9crit par":"admin","Dur\u00e9e de lecture estim\u00e9e":"4 minutes"},"schema":{"@context":"https:\/\/schema.org","@graph":[{"@type":"Article","@id":"https:\/\/lasentinelle.dz\/index.php\/2025\/06\/08\/amical-algerie-suede-mardi-a-18h00-les-verts-peaufinent-les-dernieres-retouches\/#article","isPartOf":{"@id":"https:\/\/lasentinelle.dz\/index.php\/2025\/06\/08\/amical-algerie-suede-mardi-a-18h00-les-verts-peaufinent-les-dernieres-retouches\/"},"author":{"name":"admin","@id":"https:\/\/lasentinelle.dz\/#\/schema\/person\/729ee0024f24e0b8c5ec17232f8e8b41"},"headline":"Amical Alg\u00e9rie-Su\u00e8de mardi \u00e0 18h00: Les Verts peaufinent les derni\u00e8res retouches","datePublished":"2025-06-08T19:42:58+00:00","dateModified":"2025-06-08T19:43:00+00:00","mainEntityOfPage":{"@id":"https:\/\/lasentinelle.dz\/index.php\/2025\/06\/08\/amical-algerie-suede-mardi-a-18h00-les-verts-peaufinent-les-dernieres-retouches\/"},"wordCount":774,"commentCount":0,"publisher":{"@id":"https:\/\/lasentinelle.dz\/#organization"},"image":{"@id":"https:\/\/lasentinelle.dz\/index.php\/2025\/06\/08\/amical-algerie-suede-mardi-a-18h00-les-verts-peaufinent-les-dernieres-retouches\/#primaryimage"},"thumbnailUrl":"https:\/\/lasentinelle.dz\/wp-content\/uploads\/2025\/06\/Verts-1.jpg","articleSection":["Sports"],"inLanguage":"fr-FR","potentialAction":[{"@type":"CommentAction","name":"Comment","target":["https:\/\/lasentinelle.dz\/index.php\/2025\/06\/08\/amical-algerie-suede-mardi-a-18h00-les-verts-peaufinent-les-dernieres-retouches\/#respond"]}]},{"@type":"WebPage","@id":"https:\/\/lasentinelle.dz\/index.php\/2025\/06\/08\/amical-algerie-suede-mardi-a-18h00-les-verts-peaufinent-les-dernieres-retouches\/","url":"https:\/\/lasentinelle.dz\/index.php\/2025\/06\/08\/amical-algerie-suede-mardi-a-18h00-les-verts-peaufinent-les-dernieres-retouches\/","name":"Amical Alg\u00e9rie-Su\u00e8de mardi \u00e0 18h00: Les Verts peaufinent les derni\u00e8res retouches - La Sentinelle","isPartOf":{"@id":"https:\/\/lasentinelle.dz\/#website"},"primaryImageOfPage":{"@id":"https:\/\/lasentinelle.dz\/index.php\/2025\/06\/08\/amical-algerie-suede-mardi-a-18h00-les-verts-peaufinent-les-dernieres-retouches\/#primaryimage"},"image":{"@id":"https:\/\/lasentinelle.dz\/index.php\/2025\/06\/08\/amical-algerie-suede-mardi-a-18h00-les-verts-peaufinent-les-dernieres-retouches\/#primaryimage"},"thumbnailUrl":"https:\/\/lasentinelle.dz\/wp-content\/uploads\/2025\/06\/Verts-1.jpg","datePublished":"2025-06-08T19:42:58+00:00","dateModified":"2025-06-08T19:43:00+00:00","breadcrumb":{"@id":"https:\/\/lasentinelle.dz\/index.php\/2025\/06\/08\/amical-algerie-suede-mardi-a-18h00-les-verts-peaufinent-les-dernieres-retouches\/#breadcrumb"},"inLanguage":"fr-FR","potentialAction":[{"@type":"ReadAction","target":["https:\/\/lasentinelle.dz\/index.php\/2025\/06\/08\/amical-algerie-suede-mardi-a-18h00-les-verts-peaufinent-les-dernieres-retouches\/"]}]},{"@type":"ImageObject","inLanguage":"fr-FR","@id":"https:\/\/lasentinelle.dz\/index.php\/2025\/06\/08\/amical-algerie-suede-mardi-a-18h00-les-verts-peaufinent-les-dernieres-retouches\/#primaryimage","url":"https:\/\/lasentinelle.dz\/wp-content\/uploads\/2025\/06\/Verts-1.jpg","contentUrl":"https:\/\/lasentinelle.dz\/wp-content\/uploads\/2025\/06\/Verts-1.jpg","width":1831,"height":1220},{"@type":"BreadcrumbList","@id":"https:\/\/lasentinelle.dz\/index.php\/2025\/06\/08\/amical-algerie-suede-mardi-a-18h00-les-verts-peaufinent-les-dernieres-retouches\/#breadcrumb","itemListElement":[{"@type":"ListItem","position":1,"name":"Accueil","item":"https:\/\/lasentinelle.dz\/"},{"@type":"ListItem","position":2,"name":"Amical Alg\u00e9rie-Su\u00e8de mardi \u00e0 18h00: Les Verts peaufinent les derni\u00e8res retouches"}]},{"@type":"WebSite","@id":"https:\/\/lasentinelle.dz\/#website","url":"https:\/\/lasentinelle.dz\/","name":"La Sentinelle","description":"Quotidien national d&#039;information","publisher":{"@id":"https:\/\/lasentinelle.dz\/#organization"},"potentialAction":[{"@type":"SearchAction","target":{"@type":"EntryPoint","urlTemplate":"https:\/\/lasentinelle.dz\/?s={search_term_string}"},"query-input":{"@type":"PropertyValueSpecification","valueRequired":true,"valueName":"search_term_string"}}],"inLanguage":"fr-FR"},{"@type":"Organization","@id":"https:\/\/lasentinelle.dz\/#organization","name":"Quotidien La Sentinelle","url":"https:\/\/lasentinelle.dz\/","logo":{"@type":"ImageObject","inLanguage":"fr-FR","@id":"https:\/\/lasentinelle.dz\/#\/schema\/logo\/image\/","url":"https:\/\/lasentinelle.dz\/wp-content\/uploads\/2021\/09\/logo-sentinelleSLOGAN-1.png","contentUrl":"https:\/\/lasentinelle.dz\/wp-content\/uploads\/2021\/09\/logo-sentinelleSLOGAN-1.png","width":615,"height":142,"caption":"Quotidien La Sentinelle"},"image":{"@id":"https:\/\/lasentinelle.dz\/#\/schema\/logo\/image\/"},"sameAs":["https:\/\/www.facebook.com\/La-Sentinelle-104059864394773"]},{"@type":"Person","@id":"https:\/\/lasentinelle.dz\/#\/schema\/person\/729ee0024f24e0b8c5ec17232f8e8b41","name":"admin","image":{"@type":"ImageObject","inLanguage":"fr-FR","@id":"https:\/\/secure.gravatar.com\/avatar\/4c81fed838786e9b53f540bf46533e750f5d292099ae3b66cfc6fb1982e29df7?s=96&d=mm&r=g","url":"https:\/\/secure.gravatar.com\/avatar\/4c81fed838786e9b53f540bf46533e750f5d292099ae3b66cfc6fb1982e29df7?s=96&d=mm&r=g","contentUrl":"https:\/\/secure.gravatar.com\/avatar\/4c81fed838786e9b53f540bf46533e750f5d292099ae3b66cfc6fb1982e29df7?s=96&d=mm&r=g","caption":"admin"},"description":"admin","url":"https:\/\/lasentinelle.dz\/author\/admin\/"}]}},"_links":{"self":[{"href":"https:\/\/lasentinelle.dz\/index.php\/wp-json\/wp\/v2\/posts\/68588","targetHints":{"allow":["GET"]}}],"collection":[{"href":"https:\/\/lasentinelle.dz\/index.php\/wp-json\/wp\/v2\/posts"}],"about":[{"href":"https:\/\/lasentinelle.dz\/index.php\/wp-json\/wp\/v2\/types\/post"}],"author":[{"embeddable":true,"href":"https:\/\/lasentinelle.dz\/index.php\/wp-json\/wp\/v2\/users\/6"}],"replies":[{"embeddable":true,"href":"https:\/\/lasentinelle.dz\/index.php\/wp-json\/wp\/v2\/comments?post=68588"}],"version-history":[{"count":1,"href":"https:\/\/lasentinelle.dz\/index.php\/wp-json\/wp\/v2\/posts\/68588\/revisions"}],"predecessor-version":[{"id":68590,"href":"https:\/\/lasentinelle.dz\/index.php\/wp-json\/wp\/v2\/posts\/68588\/revisions\/68590"}],"wp:featuredmedia":[{"embeddable":true,"href":"https:\/\/lasentinelle.dz\/index.php\/wp-json\/wp\/v2\/media\/68589"}],"wp:attachment":[{"href":"https:\/\/lasentinelle.dz\/index.php\/wp-json\/wp\/v2\/media?parent=68588"}],"wp:term":[{"taxonomy":"category","embeddable":true,"href":"https:\/\/lasentinelle.dz\/index.php\/wp-json\/wp\/v2\/categories?post=68588"},{"taxonomy":"post_tag","embeddable":true,"href":"https:\/\/lasentinelle.dz\/index.php\/wp-json\/wp\/v2\/tags?post=68588"}],"curies":[{"name":"wp","href":"https:\/\/api.w.org\/{rel}","templated":true}]}}