{"id":68591,"date":"2025-06-08T20:45:33","date_gmt":"2025-06-08T19:45:33","guid":{"rendered":"https:\/\/lasentinelle.dz\/?p=68591"},"modified":"2025-06-08T20:45:34","modified_gmt":"2025-06-08T19:45:34","slug":"transferts-ait-nouri-signe-avec-city-pour-5-saisons","status":"publish","type":"post","link":"https:\/\/lasentinelle.dz\/index.php\/2025\/06\/08\/transferts-ait-nouri-signe-avec-city-pour-5-saisons\/","title":{"rendered":"Transferts: A\u00eft-Nouri signe avec City pour 5 saisons"},"content":{"rendered":"\n<p>Le r\u00eave de Rayan A\u00eft-Nouri se r\u00e9alise. Le d\u00e9fenseur international alg\u00e9rien de Wolverhampton a officiellement sign\u00e9 hier Manchester City pour 5 saisons et ce, apr\u00e8s avoir pass\u00e9 jeudi la traditionnelle visite m\u00e9dicale.<\/p>\n\n\n\n<p>Le lat\u00e9ral gauche de 24 ans da paraph\u00e9 un contrat de cinq saisons qui le liera au club mancunien jusqu&rsquo;en juin 2030. L&rsquo;accord financier trouv\u00e9 entre Wolverhampton et Manchester City, estim\u00e9 \u00e0 40 millions d&rsquo;euros, t\u00e9moigne de la valeur marchande acquise par l&rsquo;international alg\u00e9rien au fil de ses performances remarqu\u00e9es en Premier League. Cette somme repr\u00e9sente un investissement cons\u00e9quent mais justifi\u00e9 pour un joueur qui a su s&rsquo;imposer comme l&rsquo;une des r\u00e9v\u00e9lations du championnat anglais sur son poste. Les dirigeants des Wolves, conscients du potentiel de leur p\u00e9pite, n&rsquo;ont c\u00e9d\u00e9 qu&rsquo;apr\u00e8s d&rsquo;\u00e2pres n\u00e9gociations qui ont finalement abouti jeudi dernier \u00e0 un accord de principe entre les deux formations. Le parcours d&rsquo;A\u00eft-Nouri en Angleterre force l&rsquo;admiration. Arriv\u00e9 \u00e0 Wolverhampton en octobre 2020 en provenance d&rsquo;Angers SCO, d&rsquo;abord sous la forme d&rsquo;un pr\u00eat avec option d&rsquo;achat, il avait rapidement s\u00e9duit par sa polyvalence et sa capacit\u00e9 d&rsquo;adaptation au football anglais. Son transfert d\u00e9finitif pour 11,5 millions d&rsquo;euros quelques mois plus tard appara\u00eet aujourd&rsquo;hui comme une excellente affaire pour les Wolves, qui voient leur investissement multipli\u00e9 par plus de trois en l&rsquo;espace de cinq saisons. Les statistiques de cette saison 2024-2025 illustrent parfaitement l&rsquo;\u00e9volution spectaculaire du joueur form\u00e9 en France. Avec 4 buts et 7 passes d\u00e9cisives en 41 matchs toutes comp\u00e9titions confondues, A\u00eft-Nouri a d\u00e9montr\u00e9 une r\u00e9gularit\u00e9 impressionnante et une capacit\u00e9 \u00e0 peser offensivement qui n&rsquo;avaient pas \u00e9chapp\u00e9 aux recruteurs de City. Au-del\u00e0 des chiffres bruts, c&rsquo;est sa polyvalence tactique et sa capacit\u00e9 \u00e0 s&rsquo;int\u00e9grer dans des sch\u00e9mas de jeu complexes qui ont s\u00e9duit Guardiola, toujours en qu\u00eate de joueurs capables d&rsquo;\u00e9voluer \u00e0 plusieurs postes. L&rsquo;aspect d\u00e9fensif de son jeu n&rsquo;est pas en reste, comme en t\u00e9moignent ses excellentes statistiques dans les duels et les dribbles r\u00e9ussis. Cette dimension combative, essentielle dans le championnat anglais, alli\u00e9e \u00e0 ses qualit\u00e9s techniques naturelles, font de lui un profil rare sur le march\u00e9 des transferts.<\/p>\n\n\n\n<p>A\u00eft-Nouri va devenir le cinqui\u00e8me joueur alg\u00e9rien de l&rsquo;histoire \u00e0 porter les couleurs de Manchester City, et surtout le deuxi\u00e8me depuis le d\u00e9part de Riyad Mahrez vers Al-Ahli SC en 2023. L&rsquo;ancien capitaine des Fennecs avait marqu\u00e9 l&rsquo;histoire du club en remportant de nombreux troph\u00e9es sous le maillot sky blue, laissant un h\u00e9ritage que son compatriote aura \u00e0 c\u0153ur de perp\u00e9tuer.<\/p>\n\n\n\n<p>L&rsquo;actualit\u00e9 du timing de ce transfert n&rsquo;est pas anodine. Alors qu&rsquo;A\u00eft-Nouri effectue actuellement son stage de pr\u00e9paration avec la s\u00e9lection nationale alg\u00e9rienne, dirig\u00e9e par Vladimir Petkovic, sa signature imminente avec City pourrait lui donner des ailes pour les prochaines \u00e9ch\u00e9ances internationales. Absent du match amical contre le Rwanda jeudi dernier \u00e0 Constantine, probablement pour pr\u00e9server sa condition physique en vue de cette visite m\u00e9dicale cruciale, il devrait retrouver ses co\u00e9quipiers en s\u00e9lection pour le test face \u00e0 la Su\u00e8de mardi prochain \u00e0 Stockholm.<\/p>\n\n\n\n<p>Cette perspective de rejoindre l&rsquo;un des clubs les plus prestigieux d&rsquo;Europe arrive \u00e0 point nomm\u00e9 pour un joueur en pleine ascension. Manchester City, qui s&rsquo;appr\u00eate \u00e0 participer \u00e0 la Coupe du monde des clubs aux \u00c9tats-Unis du 15 juin au 13 juillet, offrira \u00e0 A\u00eft-Nouri une vitrine internationale exceptionnelle d\u00e8s ses premiers pas sous ses nouvelles couleurs. L&rsquo;occasion r\u00eav\u00e9e de confirmer son statut de joueur de classe mondiale et de franchir un palier suppl\u00e9mentaire dans sa carri\u00e8re prometteuse.<\/p>\n\n\n\n<p><strong>Moncef D.<\/strong><\/p>\n","protected":false},"excerpt":{"rendered":"<p>Le r\u00eave de Rayan A\u00eft-Nouri se r\u00e9alise. Le d\u00e9fenseur international alg\u00e9rien de Wolverhampton a officiellement sign\u00e9 hier Manchester City pour<\/p>\n","protected":false},"author":6,"featured_media":68592,"comment_status":"open","ping_status":"closed","sticky":false,"template":"","format":"standard","meta":{"colormag_page_container_layout":"default_layout","colormag_page_sidebar_layout":"default_layout","om_disable_all_campaigns":false,"_monsterinsights_skip_tracking":false,"_monsterinsights_sitenote_active":false,"_monsterinsights_sitenote_note":"","_monsterinsights_sitenote_category":0,"footnotes":"","_wpscppro_dont_share_socialmedia":false,"_wpscppro_custom_social_share_image":0,"_facebook_share_type":"default","_twitter_share_type":"default","_linkedin_share_type":"default","_pinterest_share_type":"default","_linkedin_share_type_page":"","_instagram_share_type":"default","_medium_share_type":"default","_threads_share_type":"","_google_business_share_type":"","_selected_social_profile":[],"_wpsp_enable_custom_social_template":false,"_wpsp_social_scheduling":{"enabled":false,"datetime":null,"platforms":[],"status":"template_only","dateOption":"today","timeOption":"now","customDays":"","customHours":"","customDate":"","customTime":"","schedulingType":"absolute"},"_wpsp_active_default_template":true},"categories":[52,33],"tags":[],"class_list":["post-68591","post","type-post","status-publish","format-standard","has-post-thumbnail","hentry","category-a-la-une","category-sports"],"aioseo_notices":[],"yoast_head":"<!-- This site is optimized with the Yoast SEO plugin v27.5 - https:\/\/yoast.com\/product\/yoast-seo-wordpress\/ -->\n<title>Transferts: A\u00eft-Nouri signe avec City pour 5 saisons - La Sentinelle<\/title>\n<meta name=\"robots\" content=\"index, follow, max-snippet:-1, max-image-preview:large, max-video-preview:-1\" \/>\n<link rel=\"canonical\" href=\"https:\/\/lasentinelle.dz\/index.php\/2025\/06\/08\/transferts-ait-nouri-signe-avec-city-pour-5-saisons\/\" \/>\n<meta property=\"og:locale\" content=\"fr_FR\" \/>\n<meta property=\"og:type\" content=\"article\" \/>\n<meta property=\"og:title\" content=\"Transferts: A\u00eft-Nouri signe avec City pour 5 saisons - La Sentinelle\" \/>\n<meta property=\"og:description\" content=\"Le r\u00eave de Rayan A\u00eft-Nouri se r\u00e9alise. Le d\u00e9fenseur international alg\u00e9rien de Wolverhampton a officiellement sign\u00e9 hier Manchester City pour\" \/>\n<meta property=\"og:url\" content=\"https:\/\/lasentinelle.dz\/index.php\/2025\/06\/08\/transferts-ait-nouri-signe-avec-city-pour-5-saisons\/\" \/>\n<meta property=\"og:site_name\" content=\"La Sentinelle\" \/>\n<meta property=\"article:publisher\" content=\"https:\/\/www.facebook.com\/La-Sentinelle-104059864394773\" \/>\n<meta property=\"article:published_time\" content=\"2025-06-08T19:45:33+00:00\" \/>\n<meta property=\"article:modified_time\" content=\"2025-06-08T19:45:34+00:00\" \/>\n<meta property=\"og:image\" content=\"https:\/\/lasentinelle.dz\/wp-content\/uploads\/2025\/06\/Rayan-Ait-Nouri.jpg\" \/>\n\t<meta property=\"og:image:width\" content=\"1192\" \/>\n\t<meta property=\"og:image:height\" content=\"685\" \/>\n\t<meta property=\"og:image:type\" content=\"image\/jpeg\" \/>\n<meta name=\"author\" content=\"admin\" \/>\n<meta name=\"twitter:card\" content=\"summary_large_image\" \/>\n<meta name=\"twitter:label1\" content=\"\u00c9crit par\" \/>\n\t<meta name=\"twitter:data1\" content=\"admin\" \/>\n\t<meta name=\"twitter:label2\" content=\"Dur\u00e9e de lecture estim\u00e9e\" \/>\n\t<meta name=\"twitter:data2\" content=\"4 minutes\" \/>\n<script type=\"application\/ld+json\" class=\"yoast-schema-graph\">{\"@context\":\"https:\\\/\\\/schema.org\",\"@graph\":[{\"@type\":\"Article\",\"@id\":\"https:\\\/\\\/lasentinelle.dz\\\/index.php\\\/2025\\\/06\\\/08\\\/transferts-ait-nouri-signe-avec-city-pour-5-saisons\\\/#article\",\"isPartOf\":{\"@id\":\"https:\\\/\\\/lasentinelle.dz\\\/index.php\\\/2025\\\/06\\\/08\\\/transferts-ait-nouri-signe-avec-city-pour-5-saisons\\\/\"},\"author\":{\"name\":\"admin\",\"@id\":\"https:\\\/\\\/lasentinelle.dz\\\/#\\\/schema\\\/person\\\/729ee0024f24e0b8c5ec17232f8e8b41\"},\"headline\":\"Transferts: A\u00eft-Nouri signe avec City pour 5 saisons\",\"datePublished\":\"2025-06-08T19:45:33+00:00\",\"dateModified\":\"2025-06-08T19:45:34+00:00\",\"mainEntityOfPage\":{\"@id\":\"https:\\\/\\\/lasentinelle.dz\\\/index.php\\\/2025\\\/06\\\/08\\\/transferts-ait-nouri-signe-avec-city-pour-5-saisons\\\/\"},\"wordCount\":647,\"commentCount\":0,\"publisher\":{\"@id\":\"https:\\\/\\\/lasentinelle.dz\\\/#organization\"},\"image\":{\"@id\":\"https:\\\/\\\/lasentinelle.dz\\\/index.php\\\/2025\\\/06\\\/08\\\/transferts-ait-nouri-signe-avec-city-pour-5-saisons\\\/#primaryimage\"},\"thumbnailUrl\":\"https:\\\/\\\/lasentinelle.dz\\\/wp-content\\\/uploads\\\/2025\\\/06\\\/Rayan-Ait-Nouri.jpg\",\"articleSection\":[\"\u00c0 la Une\",\"Sports\"],\"inLanguage\":\"fr-FR\",\"potentialAction\":[{\"@type\":\"CommentAction\",\"name\":\"Comment\",\"target\":[\"https:\\\/\\\/lasentinelle.dz\\\/index.php\\\/2025\\\/06\\\/08\\\/transferts-ait-nouri-signe-avec-city-pour-5-saisons\\\/#respond\"]}]},{\"@type\":\"WebPage\",\"@id\":\"https:\\\/\\\/lasentinelle.dz\\\/index.php\\\/2025\\\/06\\\/08\\\/transferts-ait-nouri-signe-avec-city-pour-5-saisons\\\/\",\"url\":\"https:\\\/\\\/lasentinelle.dz\\\/index.php\\\/2025\\\/06\\\/08\\\/transferts-ait-nouri-signe-avec-city-pour-5-saisons\\\/\",\"name\":\"Transferts: A\u00eft-Nouri signe avec City pour 5 saisons - La Sentinelle\",\"isPartOf\":{\"@id\":\"https:\\\/\\\/lasentinelle.dz\\\/#website\"},\"primaryImageOfPage\":{\"@id\":\"https:\\\/\\\/lasentinelle.dz\\\/index.php\\\/2025\\\/06\\\/08\\\/transferts-ait-nouri-signe-avec-city-pour-5-saisons\\\/#primaryimage\"},\"image\":{\"@id\":\"https:\\\/\\\/lasentinelle.dz\\\/index.php\\\/2025\\\/06\\\/08\\\/transferts-ait-nouri-signe-avec-city-pour-5-saisons\\\/#primaryimage\"},\"thumbnailUrl\":\"https:\\\/\\\/lasentinelle.dz\\\/wp-content\\\/uploads\\\/2025\\\/06\\\/Rayan-Ait-Nouri.jpg\",\"datePublished\":\"2025-06-08T19:45:33+00:00\",\"dateModified\":\"2025-06-08T19:45:34+00:00\",\"breadcrumb\":{\"@id\":\"https:\\\/\\\/lasentinelle.dz\\\/index.php\\\/2025\\\/06\\\/08\\\/transferts-ait-nouri-signe-avec-city-pour-5-saisons\\\/#breadcrumb\"},\"inLanguage\":\"fr-FR\",\"potentialAction\":[{\"@type\":\"ReadAction\",\"target\":[\"https:\\\/\\\/lasentinelle.dz\\\/index.php\\\/2025\\\/06\\\/08\\\/transferts-ait-nouri-signe-avec-city-pour-5-saisons\\\/\"]}]},{\"@type\":\"ImageObject\",\"inLanguage\":\"fr-FR\",\"@id\":\"https:\\\/\\\/lasentinelle.dz\\\/index.php\\\/2025\\\/06\\\/08\\\/transferts-ait-nouri-signe-avec-city-pour-5-saisons\\\/#primaryimage\",\"url\":\"https:\\\/\\\/lasentinelle.dz\\\/wp-content\\\/uploads\\\/2025\\\/06\\\/Rayan-Ait-Nouri.jpg\",\"contentUrl\":\"https:\\\/\\\/lasentinelle.dz\\\/wp-content\\\/uploads\\\/2025\\\/06\\\/Rayan-Ait-Nouri.jpg\",\"width\":1192,\"height\":685},{\"@type\":\"BreadcrumbList\",\"@id\":\"https:\\\/\\\/lasentinelle.dz\\\/index.php\\\/2025\\\/06\\\/08\\\/transferts-ait-nouri-signe-avec-city-pour-5-saisons\\\/#breadcrumb\",\"itemListElement\":[{\"@type\":\"ListItem\",\"position\":1,\"name\":\"Accueil\",\"item\":\"https:\\\/\\\/lasentinelle.dz\\\/\"},{\"@type\":\"ListItem\",\"position\":2,\"name\":\"Transferts: A\u00eft-Nouri signe avec City pour 5 saisons\"}]},{\"@type\":\"WebSite\",\"@id\":\"https:\\\/\\\/lasentinelle.dz\\\/#website\",\"url\":\"https:\\\/\\\/lasentinelle.dz\\\/\",\"name\":\"La Sentinelle\",\"description\":\"Quotidien national d&#039;information\",\"publisher\":{\"@id\":\"https:\\\/\\\/lasentinelle.dz\\\/#organization\"},\"potentialAction\":[{\"@type\":\"SearchAction\",\"target\":{\"@type\":\"EntryPoint\",\"urlTemplate\":\"https:\\\/\\\/lasentinelle.dz\\\/?s={search_term_string}\"},\"query-input\":{\"@type\":\"PropertyValueSpecification\",\"valueRequired\":true,\"valueName\":\"search_term_string\"}}],\"inLanguage\":\"fr-FR\"},{\"@type\":\"Organization\",\"@id\":\"https:\\\/\\\/lasentinelle.dz\\\/#organization\",\"name\":\"Quotidien La Sentinelle\",\"url\":\"https:\\\/\\\/lasentinelle.dz\\\/\",\"logo\":{\"@type\":\"ImageObject\",\"inLanguage\":\"fr-FR\",\"@id\":\"https:\\\/\\\/lasentinelle.dz\\\/#\\\/schema\\\/logo\\\/image\\\/\",\"url\":\"https:\\\/\\\/lasentinelle.dz\\\/wp-content\\\/uploads\\\/2021\\\/09\\\/logo-sentinelleSLOGAN-1.png\",\"contentUrl\":\"https:\\\/\\\/lasentinelle.dz\\\/wp-content\\\/uploads\\\/2021\\\/09\\\/logo-sentinelleSLOGAN-1.png\",\"width\":615,\"height\":142,\"caption\":\"Quotidien La Sentinelle\"},\"image\":{\"@id\":\"https:\\\/\\\/lasentinelle.dz\\\/#\\\/schema\\\/logo\\\/image\\\/\"},\"sameAs\":[\"https:\\\/\\\/www.facebook.com\\\/La-Sentinelle-104059864394773\"]},{\"@type\":\"Person\",\"@id\":\"https:\\\/\\\/lasentinelle.dz\\\/#\\\/schema\\\/person\\\/729ee0024f24e0b8c5ec17232f8e8b41\",\"name\":\"admin\",\"image\":{\"@type\":\"ImageObject\",\"inLanguage\":\"fr-FR\",\"@id\":\"https:\\\/\\\/secure.gravatar.com\\\/avatar\\\/4c81fed838786e9b53f540bf46533e750f5d292099ae3b66cfc6fb1982e29df7?s=96&d=mm&r=g\",\"url\":\"https:\\\/\\\/secure.gravatar.com\\\/avatar\\\/4c81fed838786e9b53f540bf46533e750f5d292099ae3b66cfc6fb1982e29df7?s=96&d=mm&r=g\",\"contentUrl\":\"https:\\\/\\\/secure.gravatar.com\\\/avatar\\\/4c81fed838786e9b53f540bf46533e750f5d292099ae3b66cfc6fb1982e29df7?s=96&d=mm&r=g\",\"caption\":\"admin\"},\"description\":\"admin\",\"url\":\"https:\\\/\\\/lasentinelle.dz\\\/author\\\/admin\\\/\"}]}<\/script>\n<!-- \/ Yoast SEO plugin. -->","yoast_head_json":{"title":"Transferts: A\u00eft-Nouri signe avec City pour 5 saisons - La Sentinelle","robots":{"index":"index","follow":"follow","max-snippet":"max-snippet:-1","max-image-preview":"max-image-preview:large","max-video-preview":"max-video-preview:-1"},"canonical":"https:\/\/lasentinelle.dz\/index.php\/2025\/06\/08\/transferts-ait-nouri-signe-avec-city-pour-5-saisons\/","og_locale":"fr_FR","og_type":"article","og_title":"Transferts: A\u00eft-Nouri signe avec City pour 5 saisons - La Sentinelle","og_description":"Le r\u00eave de Rayan A\u00eft-Nouri se r\u00e9alise. Le d\u00e9fenseur international alg\u00e9rien de Wolverhampton a officiellement sign\u00e9 hier Manchester City pour","og_url":"https:\/\/lasentinelle.dz\/index.php\/2025\/06\/08\/transferts-ait-nouri-signe-avec-city-pour-5-saisons\/","og_site_name":"La Sentinelle","article_publisher":"https:\/\/www.facebook.com\/La-Sentinelle-104059864394773","article_published_time":"2025-06-08T19:45:33+00:00","article_modified_time":"2025-06-08T19:45:34+00:00","og_image":[{"width":1192,"height":685,"url":"https:\/\/lasentinelle.dz\/wp-content\/uploads\/2025\/06\/Rayan-Ait-Nouri.jpg","type":"image\/jpeg"}],"author":"admin","twitter_card":"summary_large_image","twitter_misc":{"\u00c9crit par":"admin","Dur\u00e9e de lecture estim\u00e9e":"4 minutes"},"schema":{"@context":"https:\/\/schema.org","@graph":[{"@type":"Article","@id":"https:\/\/lasentinelle.dz\/index.php\/2025\/06\/08\/transferts-ait-nouri-signe-avec-city-pour-5-saisons\/#article","isPartOf":{"@id":"https:\/\/lasentinelle.dz\/index.php\/2025\/06\/08\/transferts-ait-nouri-signe-avec-city-pour-5-saisons\/"},"author":{"name":"admin","@id":"https:\/\/lasentinelle.dz\/#\/schema\/person\/729ee0024f24e0b8c5ec17232f8e8b41"},"headline":"Transferts: A\u00eft-Nouri signe avec City pour 5 saisons","datePublished":"2025-06-08T19:45:33+00:00","dateModified":"2025-06-08T19:45:34+00:00","mainEntityOfPage":{"@id":"https:\/\/lasentinelle.dz\/index.php\/2025\/06\/08\/transferts-ait-nouri-signe-avec-city-pour-5-saisons\/"},"wordCount":647,"commentCount":0,"publisher":{"@id":"https:\/\/lasentinelle.dz\/#organization"},"image":{"@id":"https:\/\/lasentinelle.dz\/index.php\/2025\/06\/08\/transferts-ait-nouri-signe-avec-city-pour-5-saisons\/#primaryimage"},"thumbnailUrl":"https:\/\/lasentinelle.dz\/wp-content\/uploads\/2025\/06\/Rayan-Ait-Nouri.jpg","articleSection":["\u00c0 la Une","Sports"],"inLanguage":"fr-FR","potentialAction":[{"@type":"CommentAction","name":"Comment","target":["https:\/\/lasentinelle.dz\/index.php\/2025\/06\/08\/transferts-ait-nouri-signe-avec-city-pour-5-saisons\/#respond"]}]},{"@type":"WebPage","@id":"https:\/\/lasentinelle.dz\/index.php\/2025\/06\/08\/transferts-ait-nouri-signe-avec-city-pour-5-saisons\/","url":"https:\/\/lasentinelle.dz\/index.php\/2025\/06\/08\/transferts-ait-nouri-signe-avec-city-pour-5-saisons\/","name":"Transferts: A\u00eft-Nouri signe avec City pour 5 saisons - La Sentinelle","isPartOf":{"@id":"https:\/\/lasentinelle.dz\/#website"},"primaryImageOfPage":{"@id":"https:\/\/lasentinelle.dz\/index.php\/2025\/06\/08\/transferts-ait-nouri-signe-avec-city-pour-5-saisons\/#primaryimage"},"image":{"@id":"https:\/\/lasentinelle.dz\/index.php\/2025\/06\/08\/transferts-ait-nouri-signe-avec-city-pour-5-saisons\/#primaryimage"},"thumbnailUrl":"https:\/\/lasentinelle.dz\/wp-content\/uploads\/2025\/06\/Rayan-Ait-Nouri.jpg","datePublished":"2025-06-08T19:45:33+00:00","dateModified":"2025-06-08T19:45:34+00:00","breadcrumb":{"@id":"https:\/\/lasentinelle.dz\/index.php\/2025\/06\/08\/transferts-ait-nouri-signe-avec-city-pour-5-saisons\/#breadcrumb"},"inLanguage":"fr-FR","potentialAction":[{"@type":"ReadAction","target":["https:\/\/lasentinelle.dz\/index.php\/2025\/06\/08\/transferts-ait-nouri-signe-avec-city-pour-5-saisons\/"]}]},{"@type":"ImageObject","inLanguage":"fr-FR","@id":"https:\/\/lasentinelle.dz\/index.php\/2025\/06\/08\/transferts-ait-nouri-signe-avec-city-pour-5-saisons\/#primaryimage","url":"https:\/\/lasentinelle.dz\/wp-content\/uploads\/2025\/06\/Rayan-Ait-Nouri.jpg","contentUrl":"https:\/\/lasentinelle.dz\/wp-content\/uploads\/2025\/06\/Rayan-Ait-Nouri.jpg","width":1192,"height":685},{"@type":"BreadcrumbList","@id":"https:\/\/lasentinelle.dz\/index.php\/2025\/06\/08\/transferts-ait-nouri-signe-avec-city-pour-5-saisons\/#breadcrumb","itemListElement":[{"@type":"ListItem","position":1,"name":"Accueil","item":"https:\/\/lasentinelle.dz\/"},{"@type":"ListItem","position":2,"name":"Transferts: A\u00eft-Nouri signe avec City pour 5 saisons"}]},{"@type":"WebSite","@id":"https:\/\/lasentinelle.dz\/#website","url":"https:\/\/lasentinelle.dz\/","name":"La Sentinelle","description":"Quotidien national d&#039;information","publisher":{"@id":"https:\/\/lasentinelle.dz\/#organization"},"potentialAction":[{"@type":"SearchAction","target":{"@type":"EntryPoint","urlTemplate":"https:\/\/lasentinelle.dz\/?s={search_term_string}"},"query-input":{"@type":"PropertyValueSpecification","valueRequired":true,"valueName":"search_term_string"}}],"inLanguage":"fr-FR"},{"@type":"Organization","@id":"https:\/\/lasentinelle.dz\/#organization","name":"Quotidien La Sentinelle","url":"https:\/\/lasentinelle.dz\/","logo":{"@type":"ImageObject","inLanguage":"fr-FR","@id":"https:\/\/lasentinelle.dz\/#\/schema\/logo\/image\/","url":"https:\/\/lasentinelle.dz\/wp-content\/uploads\/2021\/09\/logo-sentinelleSLOGAN-1.png","contentUrl":"https:\/\/lasentinelle.dz\/wp-content\/uploads\/2021\/09\/logo-sentinelleSLOGAN-1.png","width":615,"height":142,"caption":"Quotidien La Sentinelle"},"image":{"@id":"https:\/\/lasentinelle.dz\/#\/schema\/logo\/image\/"},"sameAs":["https:\/\/www.facebook.com\/La-Sentinelle-104059864394773"]},{"@type":"Person","@id":"https:\/\/lasentinelle.dz\/#\/schema\/person\/729ee0024f24e0b8c5ec17232f8e8b41","name":"admin","image":{"@type":"ImageObject","inLanguage":"fr-FR","@id":"https:\/\/secure.gravatar.com\/avatar\/4c81fed838786e9b53f540bf46533e750f5d292099ae3b66cfc6fb1982e29df7?s=96&d=mm&r=g","url":"https:\/\/secure.gravatar.com\/avatar\/4c81fed838786e9b53f540bf46533e750f5d292099ae3b66cfc6fb1982e29df7?s=96&d=mm&r=g","contentUrl":"https:\/\/secure.gravatar.com\/avatar\/4c81fed838786e9b53f540bf46533e750f5d292099ae3b66cfc6fb1982e29df7?s=96&d=mm&r=g","caption":"admin"},"description":"admin","url":"https:\/\/lasentinelle.dz\/author\/admin\/"}]}},"_links":{"self":[{"href":"https:\/\/lasentinelle.dz\/index.php\/wp-json\/wp\/v2\/posts\/68591","targetHints":{"allow":["GET"]}}],"collection":[{"href":"https:\/\/lasentinelle.dz\/index.php\/wp-json\/wp\/v2\/posts"}],"about":[{"href":"https:\/\/lasentinelle.dz\/index.php\/wp-json\/wp\/v2\/types\/post"}],"author":[{"embeddable":true,"href":"https:\/\/lasentinelle.dz\/index.php\/wp-json\/wp\/v2\/users\/6"}],"replies":[{"embeddable":true,"href":"https:\/\/lasentinelle.dz\/index.php\/wp-json\/wp\/v2\/comments?post=68591"}],"version-history":[{"count":1,"href":"https:\/\/lasentinelle.dz\/index.php\/wp-json\/wp\/v2\/posts\/68591\/revisions"}],"predecessor-version":[{"id":68593,"href":"https:\/\/lasentinelle.dz\/index.php\/wp-json\/wp\/v2\/posts\/68591\/revisions\/68593"}],"wp:featuredmedia":[{"embeddable":true,"href":"https:\/\/lasentinelle.dz\/index.php\/wp-json\/wp\/v2\/media\/68592"}],"wp:attachment":[{"href":"https:\/\/lasentinelle.dz\/index.php\/wp-json\/wp\/v2\/media?parent=68591"}],"wp:term":[{"taxonomy":"category","embeddable":true,"href":"https:\/\/lasentinelle.dz\/index.php\/wp-json\/wp\/v2\/categories?post=68591"},{"taxonomy":"post_tag","embeddable":true,"href":"https:\/\/lasentinelle.dz\/index.php\/wp-json\/wp\/v2\/tags?post=68591"}],"curies":[{"name":"wp","href":"https:\/\/api.w.org\/{rel}","templated":true}]}}