{"id":68594,"date":"2025-06-08T20:46:35","date_gmt":"2025-06-08T19:46:35","guid":{"rendered":"https:\/\/lasentinelle.dz\/?p=68594"},"modified":"2025-06-08T20:46:36","modified_gmt":"2025-06-08T19:46:36","slug":"guelma-la-filiere-de-la-tomate-industrielle-en-plein-essor","status":"publish","type":"post","link":"https:\/\/lasentinelle.dz\/index.php\/2025\/06\/08\/guelma-la-filiere-de-la-tomate-industrielle-en-plein-essor\/","title":{"rendered":"Guelma : La fili\u00e8re de la tomate industrielle en plein essor"},"content":{"rendered":"\n<p>La wilaya de Guelma s&rsquo;appr\u00eate \u00e0 battre son record de production dans la fili\u00e8re de la tomate industrielle avec une r\u00e9colte pr\u00e9visionnelle d\u00e9passant les 3 millions de quintaux pour la saison 2024-2025, selon les services de la direction des services agricoles (DSA). Cette performance exceptionnelle s&rsquo;appuie sur plusieurs facteurs favorables, notamment l&rsquo;extension des superficies cultiv\u00e9es et l&rsquo;am\u00e9lioration de l&rsquo;itin\u00e9raire technique.<\/p>\n\n\n\n<p>La superficie consacr\u00e9e \u00e0 cette culture strat\u00e9gique a \u00e9t\u00e9 port\u00e9e \u00e0 3 395 hectares cette ann\u00e9e, contre 3 063 hectares la saison pr\u00e9c\u00e9dente, o\u00f9 le rendement moyen avait atteint 800 quintaux par hectare. Cette augmentation significative, associ\u00e9e au suivi rigoureux des techniques culturales et aux inspections de terrain dans les zones agricoles sp\u00e9cialis\u00e9es, laisse pr\u00e9sager d&rsquo;excellents r\u00e9sultats.<\/p>\n\n\n\n<p>Ces pr\u00e9visions optimistes ont \u00e9t\u00e9 pr\u00e9sent\u00e9es lors d&rsquo;une rencontre organis\u00e9e r\u00e9cemment par l&rsquo;Office national interprofessionnel des l\u00e9gumes et viandes au si\u00e8ge de la chambre d&rsquo;agriculture de Guelma. L&rsquo;\u00e9v\u00e9nement a r\u00e9uni des agriculteurs et professionnels de la fili\u00e8re repr\u00e9sentant plusieurs wilayas, notamment Annaba, El Tarf et Skikda.<\/p>\n\n\n\n<p>Le succ\u00e8s de cette campagne repose largement sur l&rsquo;am\u00e9lioration de l&rsquo;approvisionnement en eau d&rsquo;irrigation. Les autorit\u00e9s ont mobilis\u00e9 d&rsquo;importantes quantit\u00e9s d&rsquo;eau pomp\u00e9es depuis le barrage de Bouhamdane, situ\u00e9 dans la commune de Hammam Debagh. Cette irrigation, d\u00e9but\u00e9e au d\u00e9but du mois de juin et associ\u00e9e \u00e0 des conditions climatiques favorables, garantit une maturation optimale des fruits et, par cons\u00e9quent, une r\u00e9colte de qualit\u00e9.<\/p>\n\n\n\n<p>Cette am\u00e9lioration de l&rsquo;irrigation a encourag\u00e9 de nombreux agriculteurs \u00e0 reprendre la production de tomate industrielle apr\u00e8s avoir d\u00fb abandonner cette culture en raison du manque de ressources hydriques qui avait affect\u00e9 la fili\u00e8re ces derni\u00e8res ann\u00e9es. Pour cette saison, les pouvoirs publics ont allou\u00e9 pas moins de 2 millions de m\u00e8tres cubes d&rsquo;eau, r\u00e9partis en plusieurs quotas pour r\u00e9pondre aux besoins des producteurs.<\/p>\n\n\n\n<p>Le d\u00e9veloppement de cette fili\u00e8re s&rsquo;inscrit dans une dynamique nationale positive, le nombre de wilayas productrices de tomate industrielle ayant plus que doubl\u00e9, passant de 12 \u00e0 25. L&rsquo;adoption de syst\u00e8mes d&rsquo;irrigation \u00e9conomes en eau, notamment le proc\u00e9d\u00e9 du goutte-\u00e0-goutte, contribue \u00e0 ces r\u00e9sultats encourageants et s&rsquo;aligne sur la politique gouvernementale visant l&rsquo;autosuffisance, la cr\u00e9ation de richesses et d&#8217;emplois.<\/p>\n\n\n\n<p>La wilaya de Guelma dispose actuellement de cinq unit\u00e9s de transformation situ\u00e9es dans les communes de Bouati Mahmoud, El Fedjoudj, Belkheir, Boumahra Ahmed et A\u00efn Ben Be\u00efda. La direction de l&rsquo;agriculture a d&rsquo;ores et d\u00e9j\u00e0 entam\u00e9 les pr\u00e9paratifs pour la campagne de r\u00e9colte qui d\u00e9butera en juillet.<\/p>\n\n\n\n<p>Lors de la rencontre \u00e0 la chambre d&rsquo;agriculture, plusieurs communications techniques ont \u00e9t\u00e9 pr\u00e9sent\u00e9es, traitant notamment de l&rsquo;itin\u00e9raire cultural de la tomate industrielle et des conditions d&rsquo;am\u00e9lioration des rendements, t\u00e9moignant de la professionnalisation croissante de cette fili\u00e8re strat\u00e9gique.<\/p>\n\n\n\n<p><em>Sofia Chahine<\/em><\/p>\n","protected":false},"excerpt":{"rendered":"<p>La wilaya de Guelma s&rsquo;appr\u00eate \u00e0 battre son record de production dans la fili\u00e8re de la tomate industrielle avec une<\/p>\n","protected":false},"author":6,"featured_media":24842,"comment_status":"open","ping_status":"closed","sticky":false,"template":"","format":"standard","meta":{"colormag_page_container_layout":"default_layout","colormag_page_sidebar_layout":"default_layout","om_disable_all_campaigns":false,"_monsterinsights_skip_tracking":false,"_monsterinsights_sitenote_active":false,"_monsterinsights_sitenote_note":"","_monsterinsights_sitenote_category":0,"footnotes":"","_wpscppro_dont_share_socialmedia":false,"_wpscppro_custom_social_share_image":0,"_facebook_share_type":"default","_twitter_share_type":"default","_linkedin_share_type":"default","_pinterest_share_type":"default","_linkedin_share_type_page":"","_instagram_share_type":"default","_medium_share_type":"default","_threads_share_type":"","_google_business_share_type":"","_selected_social_profile":[],"_wpsp_enable_custom_social_template":false,"_wpsp_social_scheduling":{"enabled":false,"datetime":null,"platforms":[],"status":"template_only","dateOption":"today","timeOption":"now","customDays":"","customHours":"","customDate":"","customTime":"","schedulingType":"absolute"},"_wpsp_active_default_template":true},"categories":[31],"tags":[],"class_list":["post-68594","post","type-post","status-publish","format-standard","has-post-thumbnail","hentry","category-regions"],"aioseo_notices":[],"yoast_head":"<!-- This site is optimized with the Yoast SEO plugin v27.5 - https:\/\/yoast.com\/product\/yoast-seo-wordpress\/ -->\n<title>Guelma : La fili\u00e8re de la tomate industrielle en plein essor - La Sentinelle<\/title>\n<meta name=\"robots\" content=\"index, follow, max-snippet:-1, max-image-preview:large, max-video-preview:-1\" \/>\n<link rel=\"canonical\" href=\"https:\/\/lasentinelle.dz\/index.php\/2025\/06\/08\/guelma-la-filiere-de-la-tomate-industrielle-en-plein-essor\/\" \/>\n<meta property=\"og:locale\" content=\"fr_FR\" \/>\n<meta property=\"og:type\" content=\"article\" \/>\n<meta property=\"og:title\" content=\"Guelma : La fili\u00e8re de la tomate industrielle en plein essor - La Sentinelle\" \/>\n<meta property=\"og:description\" content=\"La wilaya de Guelma s&rsquo;appr\u00eate \u00e0 battre son record de production dans la fili\u00e8re de la tomate industrielle avec une\" \/>\n<meta property=\"og:url\" content=\"https:\/\/lasentinelle.dz\/index.php\/2025\/06\/08\/guelma-la-filiere-de-la-tomate-industrielle-en-plein-essor\/\" \/>\n<meta property=\"og:site_name\" content=\"La Sentinelle\" \/>\n<meta property=\"article:publisher\" content=\"https:\/\/www.facebook.com\/La-Sentinelle-104059864394773\" \/>\n<meta property=\"article:published_time\" content=\"2025-06-08T19:46:35+00:00\" \/>\n<meta property=\"article:modified_time\" content=\"2025-06-08T19:46:36+00:00\" \/>\n<meta property=\"og:image\" content=\"https:\/\/lasentinelle.dz\/wp-content\/uploads\/2022\/07\/Tomate-industrielle-1024x680.png\" \/>\n\t<meta property=\"og:image:width\" content=\"1024\" \/>\n\t<meta property=\"og:image:height\" content=\"680\" \/>\n\t<meta property=\"og:image:type\" content=\"image\/png\" \/>\n<meta name=\"author\" content=\"admin\" \/>\n<meta name=\"twitter:card\" content=\"summary_large_image\" \/>\n<meta name=\"twitter:label1\" content=\"\u00c9crit par\" \/>\n\t<meta name=\"twitter:data1\" content=\"admin\" \/>\n\t<meta name=\"twitter:label2\" content=\"Dur\u00e9e de lecture estim\u00e9e\" \/>\n\t<meta name=\"twitter:data2\" content=\"3 minutes\" \/>\n<script type=\"application\/ld+json\" class=\"yoast-schema-graph\">{\"@context\":\"https:\\\/\\\/schema.org\",\"@graph\":[{\"@type\":\"Article\",\"@id\":\"https:\\\/\\\/lasentinelle.dz\\\/index.php\\\/2025\\\/06\\\/08\\\/guelma-la-filiere-de-la-tomate-industrielle-en-plein-essor\\\/#article\",\"isPartOf\":{\"@id\":\"https:\\\/\\\/lasentinelle.dz\\\/index.php\\\/2025\\\/06\\\/08\\\/guelma-la-filiere-de-la-tomate-industrielle-en-plein-essor\\\/\"},\"author\":{\"name\":\"admin\",\"@id\":\"https:\\\/\\\/lasentinelle.dz\\\/#\\\/schema\\\/person\\\/729ee0024f24e0b8c5ec17232f8e8b41\"},\"headline\":\"Guelma : La fili\u00e8re de la tomate industrielle en plein essor\",\"datePublished\":\"2025-06-08T19:46:35+00:00\",\"dateModified\":\"2025-06-08T19:46:36+00:00\",\"mainEntityOfPage\":{\"@id\":\"https:\\\/\\\/lasentinelle.dz\\\/index.php\\\/2025\\\/06\\\/08\\\/guelma-la-filiere-de-la-tomate-industrielle-en-plein-essor\\\/\"},\"wordCount\":529,\"commentCount\":0,\"publisher\":{\"@id\":\"https:\\\/\\\/lasentinelle.dz\\\/#organization\"},\"image\":{\"@id\":\"https:\\\/\\\/lasentinelle.dz\\\/index.php\\\/2025\\\/06\\\/08\\\/guelma-la-filiere-de-la-tomate-industrielle-en-plein-essor\\\/#primaryimage\"},\"thumbnailUrl\":\"https:\\\/\\\/lasentinelle.dz\\\/wp-content\\\/uploads\\\/2022\\\/07\\\/Tomate-industrielle.png\",\"articleSection\":[\"R\u00e9gions\"],\"inLanguage\":\"fr-FR\",\"potentialAction\":[{\"@type\":\"CommentAction\",\"name\":\"Comment\",\"target\":[\"https:\\\/\\\/lasentinelle.dz\\\/index.php\\\/2025\\\/06\\\/08\\\/guelma-la-filiere-de-la-tomate-industrielle-en-plein-essor\\\/#respond\"]}]},{\"@type\":\"WebPage\",\"@id\":\"https:\\\/\\\/lasentinelle.dz\\\/index.php\\\/2025\\\/06\\\/08\\\/guelma-la-filiere-de-la-tomate-industrielle-en-plein-essor\\\/\",\"url\":\"https:\\\/\\\/lasentinelle.dz\\\/index.php\\\/2025\\\/06\\\/08\\\/guelma-la-filiere-de-la-tomate-industrielle-en-plein-essor\\\/\",\"name\":\"Guelma : La fili\u00e8re de la tomate industrielle en plein essor - La Sentinelle\",\"isPartOf\":{\"@id\":\"https:\\\/\\\/lasentinelle.dz\\\/#website\"},\"primaryImageOfPage\":{\"@id\":\"https:\\\/\\\/lasentinelle.dz\\\/index.php\\\/2025\\\/06\\\/08\\\/guelma-la-filiere-de-la-tomate-industrielle-en-plein-essor\\\/#primaryimage\"},\"image\":{\"@id\":\"https:\\\/\\\/lasentinelle.dz\\\/index.php\\\/2025\\\/06\\\/08\\\/guelma-la-filiere-de-la-tomate-industrielle-en-plein-essor\\\/#primaryimage\"},\"thumbnailUrl\":\"https:\\\/\\\/lasentinelle.dz\\\/wp-content\\\/uploads\\\/2022\\\/07\\\/Tomate-industrielle.png\",\"datePublished\":\"2025-06-08T19:46:35+00:00\",\"dateModified\":\"2025-06-08T19:46:36+00:00\",\"breadcrumb\":{\"@id\":\"https:\\\/\\\/lasentinelle.dz\\\/index.php\\\/2025\\\/06\\\/08\\\/guelma-la-filiere-de-la-tomate-industrielle-en-plein-essor\\\/#breadcrumb\"},\"inLanguage\":\"fr-FR\",\"potentialAction\":[{\"@type\":\"ReadAction\",\"target\":[\"https:\\\/\\\/lasentinelle.dz\\\/index.php\\\/2025\\\/06\\\/08\\\/guelma-la-filiere-de-la-tomate-industrielle-en-plein-essor\\\/\"]}]},{\"@type\":\"ImageObject\",\"inLanguage\":\"fr-FR\",\"@id\":\"https:\\\/\\\/lasentinelle.dz\\\/index.php\\\/2025\\\/06\\\/08\\\/guelma-la-filiere-de-la-tomate-industrielle-en-plein-essor\\\/#primaryimage\",\"url\":\"https:\\\/\\\/lasentinelle.dz\\\/wp-content\\\/uploads\\\/2022\\\/07\\\/Tomate-industrielle.png\",\"contentUrl\":\"https:\\\/\\\/lasentinelle.dz\\\/wp-content\\\/uploads\\\/2022\\\/07\\\/Tomate-industrielle.png\",\"width\":1356,\"height\":900},{\"@type\":\"BreadcrumbList\",\"@id\":\"https:\\\/\\\/lasentinelle.dz\\\/index.php\\\/2025\\\/06\\\/08\\\/guelma-la-filiere-de-la-tomate-industrielle-en-plein-essor\\\/#breadcrumb\",\"itemListElement\":[{\"@type\":\"ListItem\",\"position\":1,\"name\":\"Accueil\",\"item\":\"https:\\\/\\\/lasentinelle.dz\\\/\"},{\"@type\":\"ListItem\",\"position\":2,\"name\":\"Guelma : La fili\u00e8re de la tomate industrielle en plein essor\"}]},{\"@type\":\"WebSite\",\"@id\":\"https:\\\/\\\/lasentinelle.dz\\\/#website\",\"url\":\"https:\\\/\\\/lasentinelle.dz\\\/\",\"name\":\"La Sentinelle\",\"description\":\"Quotidien national d&#039;information\",\"publisher\":{\"@id\":\"https:\\\/\\\/lasentinelle.dz\\\/#organization\"},\"potentialAction\":[{\"@type\":\"SearchAction\",\"target\":{\"@type\":\"EntryPoint\",\"urlTemplate\":\"https:\\\/\\\/lasentinelle.dz\\\/?s={search_term_string}\"},\"query-input\":{\"@type\":\"PropertyValueSpecification\",\"valueRequired\":true,\"valueName\":\"search_term_string\"}}],\"inLanguage\":\"fr-FR\"},{\"@type\":\"Organization\",\"@id\":\"https:\\\/\\\/lasentinelle.dz\\\/#organization\",\"name\":\"Quotidien La Sentinelle\",\"url\":\"https:\\\/\\\/lasentinelle.dz\\\/\",\"logo\":{\"@type\":\"ImageObject\",\"inLanguage\":\"fr-FR\",\"@id\":\"https:\\\/\\\/lasentinelle.dz\\\/#\\\/schema\\\/logo\\\/image\\\/\",\"url\":\"https:\\\/\\\/lasentinelle.dz\\\/wp-content\\\/uploads\\\/2021\\\/09\\\/logo-sentinelleSLOGAN-1.png\",\"contentUrl\":\"https:\\\/\\\/lasentinelle.dz\\\/wp-content\\\/uploads\\\/2021\\\/09\\\/logo-sentinelleSLOGAN-1.png\",\"width\":615,\"height\":142,\"caption\":\"Quotidien La Sentinelle\"},\"image\":{\"@id\":\"https:\\\/\\\/lasentinelle.dz\\\/#\\\/schema\\\/logo\\\/image\\\/\"},\"sameAs\":[\"https:\\\/\\\/www.facebook.com\\\/La-Sentinelle-104059864394773\"]},{\"@type\":\"Person\",\"@id\":\"https:\\\/\\\/lasentinelle.dz\\\/#\\\/schema\\\/person\\\/729ee0024f24e0b8c5ec17232f8e8b41\",\"name\":\"admin\",\"image\":{\"@type\":\"ImageObject\",\"inLanguage\":\"fr-FR\",\"@id\":\"https:\\\/\\\/secure.gravatar.com\\\/avatar\\\/4c81fed838786e9b53f540bf46533e750f5d292099ae3b66cfc6fb1982e29df7?s=96&d=mm&r=g\",\"url\":\"https:\\\/\\\/secure.gravatar.com\\\/avatar\\\/4c81fed838786e9b53f540bf46533e750f5d292099ae3b66cfc6fb1982e29df7?s=96&d=mm&r=g\",\"contentUrl\":\"https:\\\/\\\/secure.gravatar.com\\\/avatar\\\/4c81fed838786e9b53f540bf46533e750f5d292099ae3b66cfc6fb1982e29df7?s=96&d=mm&r=g\",\"caption\":\"admin\"},\"description\":\"admin\",\"url\":\"https:\\\/\\\/lasentinelle.dz\\\/author\\\/admin\\\/\"}]}<\/script>\n<!-- \/ Yoast SEO plugin. -->","yoast_head_json":{"title":"Guelma : La fili\u00e8re de la tomate industrielle en plein essor - La Sentinelle","robots":{"index":"index","follow":"follow","max-snippet":"max-snippet:-1","max-image-preview":"max-image-preview:large","max-video-preview":"max-video-preview:-1"},"canonical":"https:\/\/lasentinelle.dz\/index.php\/2025\/06\/08\/guelma-la-filiere-de-la-tomate-industrielle-en-plein-essor\/","og_locale":"fr_FR","og_type":"article","og_title":"Guelma : La fili\u00e8re de la tomate industrielle en plein essor - La Sentinelle","og_description":"La wilaya de Guelma s&rsquo;appr\u00eate \u00e0 battre son record de production dans la fili\u00e8re de la tomate industrielle avec une","og_url":"https:\/\/lasentinelle.dz\/index.php\/2025\/06\/08\/guelma-la-filiere-de-la-tomate-industrielle-en-plein-essor\/","og_site_name":"La Sentinelle","article_publisher":"https:\/\/www.facebook.com\/La-Sentinelle-104059864394773","article_published_time":"2025-06-08T19:46:35+00:00","article_modified_time":"2025-06-08T19:46:36+00:00","og_image":[{"width":1024,"height":680,"url":"https:\/\/lasentinelle.dz\/wp-content\/uploads\/2022\/07\/Tomate-industrielle-1024x680.png","type":"image\/png"}],"author":"admin","twitter_card":"summary_large_image","twitter_misc":{"\u00c9crit par":"admin","Dur\u00e9e de lecture estim\u00e9e":"3 minutes"},"schema":{"@context":"https:\/\/schema.org","@graph":[{"@type":"Article","@id":"https:\/\/lasentinelle.dz\/index.php\/2025\/06\/08\/guelma-la-filiere-de-la-tomate-industrielle-en-plein-essor\/#article","isPartOf":{"@id":"https:\/\/lasentinelle.dz\/index.php\/2025\/06\/08\/guelma-la-filiere-de-la-tomate-industrielle-en-plein-essor\/"},"author":{"name":"admin","@id":"https:\/\/lasentinelle.dz\/#\/schema\/person\/729ee0024f24e0b8c5ec17232f8e8b41"},"headline":"Guelma : La fili\u00e8re de la tomate industrielle en plein essor","datePublished":"2025-06-08T19:46:35+00:00","dateModified":"2025-06-08T19:46:36+00:00","mainEntityOfPage":{"@id":"https:\/\/lasentinelle.dz\/index.php\/2025\/06\/08\/guelma-la-filiere-de-la-tomate-industrielle-en-plein-essor\/"},"wordCount":529,"commentCount":0,"publisher":{"@id":"https:\/\/lasentinelle.dz\/#organization"},"image":{"@id":"https:\/\/lasentinelle.dz\/index.php\/2025\/06\/08\/guelma-la-filiere-de-la-tomate-industrielle-en-plein-essor\/#primaryimage"},"thumbnailUrl":"https:\/\/lasentinelle.dz\/wp-content\/uploads\/2022\/07\/Tomate-industrielle.png","articleSection":["R\u00e9gions"],"inLanguage":"fr-FR","potentialAction":[{"@type":"CommentAction","name":"Comment","target":["https:\/\/lasentinelle.dz\/index.php\/2025\/06\/08\/guelma-la-filiere-de-la-tomate-industrielle-en-plein-essor\/#respond"]}]},{"@type":"WebPage","@id":"https:\/\/lasentinelle.dz\/index.php\/2025\/06\/08\/guelma-la-filiere-de-la-tomate-industrielle-en-plein-essor\/","url":"https:\/\/lasentinelle.dz\/index.php\/2025\/06\/08\/guelma-la-filiere-de-la-tomate-industrielle-en-plein-essor\/","name":"Guelma : La fili\u00e8re de la tomate industrielle en plein essor - La Sentinelle","isPartOf":{"@id":"https:\/\/lasentinelle.dz\/#website"},"primaryImageOfPage":{"@id":"https:\/\/lasentinelle.dz\/index.php\/2025\/06\/08\/guelma-la-filiere-de-la-tomate-industrielle-en-plein-essor\/#primaryimage"},"image":{"@id":"https:\/\/lasentinelle.dz\/index.php\/2025\/06\/08\/guelma-la-filiere-de-la-tomate-industrielle-en-plein-essor\/#primaryimage"},"thumbnailUrl":"https:\/\/lasentinelle.dz\/wp-content\/uploads\/2022\/07\/Tomate-industrielle.png","datePublished":"2025-06-08T19:46:35+00:00","dateModified":"2025-06-08T19:46:36+00:00","breadcrumb":{"@id":"https:\/\/lasentinelle.dz\/index.php\/2025\/06\/08\/guelma-la-filiere-de-la-tomate-industrielle-en-plein-essor\/#breadcrumb"},"inLanguage":"fr-FR","potentialAction":[{"@type":"ReadAction","target":["https:\/\/lasentinelle.dz\/index.php\/2025\/06\/08\/guelma-la-filiere-de-la-tomate-industrielle-en-plein-essor\/"]}]},{"@type":"ImageObject","inLanguage":"fr-FR","@id":"https:\/\/lasentinelle.dz\/index.php\/2025\/06\/08\/guelma-la-filiere-de-la-tomate-industrielle-en-plein-essor\/#primaryimage","url":"https:\/\/lasentinelle.dz\/wp-content\/uploads\/2022\/07\/Tomate-industrielle.png","contentUrl":"https:\/\/lasentinelle.dz\/wp-content\/uploads\/2022\/07\/Tomate-industrielle.png","width":1356,"height":900},{"@type":"BreadcrumbList","@id":"https:\/\/lasentinelle.dz\/index.php\/2025\/06\/08\/guelma-la-filiere-de-la-tomate-industrielle-en-plein-essor\/#breadcrumb","itemListElement":[{"@type":"ListItem","position":1,"name":"Accueil","item":"https:\/\/lasentinelle.dz\/"},{"@type":"ListItem","position":2,"name":"Guelma : La fili\u00e8re de la tomate industrielle en plein essor"}]},{"@type":"WebSite","@id":"https:\/\/lasentinelle.dz\/#website","url":"https:\/\/lasentinelle.dz\/","name":"La Sentinelle","description":"Quotidien national d&#039;information","publisher":{"@id":"https:\/\/lasentinelle.dz\/#organization"},"potentialAction":[{"@type":"SearchAction","target":{"@type":"EntryPoint","urlTemplate":"https:\/\/lasentinelle.dz\/?s={search_term_string}"},"query-input":{"@type":"PropertyValueSpecification","valueRequired":true,"valueName":"search_term_string"}}],"inLanguage":"fr-FR"},{"@type":"Organization","@id":"https:\/\/lasentinelle.dz\/#organization","name":"Quotidien La Sentinelle","url":"https:\/\/lasentinelle.dz\/","logo":{"@type":"ImageObject","inLanguage":"fr-FR","@id":"https:\/\/lasentinelle.dz\/#\/schema\/logo\/image\/","url":"https:\/\/lasentinelle.dz\/wp-content\/uploads\/2021\/09\/logo-sentinelleSLOGAN-1.png","contentUrl":"https:\/\/lasentinelle.dz\/wp-content\/uploads\/2021\/09\/logo-sentinelleSLOGAN-1.png","width":615,"height":142,"caption":"Quotidien La Sentinelle"},"image":{"@id":"https:\/\/lasentinelle.dz\/#\/schema\/logo\/image\/"},"sameAs":["https:\/\/www.facebook.com\/La-Sentinelle-104059864394773"]},{"@type":"Person","@id":"https:\/\/lasentinelle.dz\/#\/schema\/person\/729ee0024f24e0b8c5ec17232f8e8b41","name":"admin","image":{"@type":"ImageObject","inLanguage":"fr-FR","@id":"https:\/\/secure.gravatar.com\/avatar\/4c81fed838786e9b53f540bf46533e750f5d292099ae3b66cfc6fb1982e29df7?s=96&d=mm&r=g","url":"https:\/\/secure.gravatar.com\/avatar\/4c81fed838786e9b53f540bf46533e750f5d292099ae3b66cfc6fb1982e29df7?s=96&d=mm&r=g","contentUrl":"https:\/\/secure.gravatar.com\/avatar\/4c81fed838786e9b53f540bf46533e750f5d292099ae3b66cfc6fb1982e29df7?s=96&d=mm&r=g","caption":"admin"},"description":"admin","url":"https:\/\/lasentinelle.dz\/author\/admin\/"}]}},"_links":{"self":[{"href":"https:\/\/lasentinelle.dz\/index.php\/wp-json\/wp\/v2\/posts\/68594","targetHints":{"allow":["GET"]}}],"collection":[{"href":"https:\/\/lasentinelle.dz\/index.php\/wp-json\/wp\/v2\/posts"}],"about":[{"href":"https:\/\/lasentinelle.dz\/index.php\/wp-json\/wp\/v2\/types\/post"}],"author":[{"embeddable":true,"href":"https:\/\/lasentinelle.dz\/index.php\/wp-json\/wp\/v2\/users\/6"}],"replies":[{"embeddable":true,"href":"https:\/\/lasentinelle.dz\/index.php\/wp-json\/wp\/v2\/comments?post=68594"}],"version-history":[{"count":1,"href":"https:\/\/lasentinelle.dz\/index.php\/wp-json\/wp\/v2\/posts\/68594\/revisions"}],"predecessor-version":[{"id":68595,"href":"https:\/\/lasentinelle.dz\/index.php\/wp-json\/wp\/v2\/posts\/68594\/revisions\/68595"}],"wp:featuredmedia":[{"embeddable":true,"href":"https:\/\/lasentinelle.dz\/index.php\/wp-json\/wp\/v2\/media\/24842"}],"wp:attachment":[{"href":"https:\/\/lasentinelle.dz\/index.php\/wp-json\/wp\/v2\/media?parent=68594"}],"wp:term":[{"taxonomy":"category","embeddable":true,"href":"https:\/\/lasentinelle.dz\/index.php\/wp-json\/wp\/v2\/categories?post=68594"},{"taxonomy":"post_tag","embeddable":true,"href":"https:\/\/lasentinelle.dz\/index.php\/wp-json\/wp\/v2\/tags?post=68594"}],"curies":[{"name":"wp","href":"https:\/\/api.w.org\/{rel}","templated":true}]}}