{"id":68596,"date":"2025-06-08T20:47:20","date_gmt":"2025-06-08T19:47:20","guid":{"rendered":"https:\/\/lasentinelle.dz\/?p=68596"},"modified":"2025-06-08T20:47:21","modified_gmt":"2025-06-08T19:47:21","slug":"le-president-de-lapc-a-ete-place-en-detention-pour-un-pot-de-vin-de-200-millions-de-centimes","status":"publish","type":"post","link":"https:\/\/lasentinelle.dz\/index.php\/2025\/06\/08\/le-president-de-lapc-a-ete-place-en-detention-pour-un-pot-de-vin-de-200-millions-de-centimes\/","title":{"rendered":"Le pr\u00e9sident de l&rsquo;APC a \u00e9t\u00e9 plac\u00e9 en d\u00e9tention pour un pot-de-vin de 200 millions de centimes."},"content":{"rendered":"\n<p>Le pr\u00e9sident de l&rsquo;Assembl\u00e9e populaire communale d&rsquo;El Bouni a \u00e9t\u00e9 plac\u00e9 en d\u00e9tention pr\u00e9ventive jeudi par le juge d&rsquo;instruction du tribunal correctionnel d&rsquo;Annaba pour des faits de corruption. L&rsquo;\u00e9lu, membre du parti HMS, a \u00e9t\u00e9 interpell\u00e9 en flagrant d\u00e9lit dans son bureau \u00e0 17h30, en possession d&rsquo;un pot-de-vin de 200 millions de centimes vers\u00e9 par un citoyen en \u00e9change de l&rsquo;annulation d&rsquo;une d\u00e9cision de d\u00e9molition d&rsquo;une construction ill\u00e9gale situ\u00e9e \u00e0 A\u00efn Djebara. Selon nos sources judiciaires, l&rsquo;affaire a d\u00e9but\u00e9 lorsque le pr\u00e9sident de l&rsquo;APC a exig\u00e9 400 millions de centimes \u00e0 un propri\u00e9taire dont la b\u00e2tisse \u00e9tait menac\u00e9e de d\u00e9molition. Apr\u00e8s n\u00e9gociation, les deux parties se sont accord\u00e9es sur un montant de 200 millions pour annuler la d\u00e9cision administrative. Cependant, le citoyen concern\u00e9 s&rsquo;est rendu \u00e0 la Gendarmerie nationale pour d\u00e9poser plainte contre l&rsquo;\u00e9lu corrompu.<\/p>\n\n\n\n<p>Les gendarmes ont alors organis\u00e9 une op\u00e9ration qui leur a permis de surprendre le mis en cause au moment de la remise de l&rsquo;argent. Conduit au si\u00e8ge de la gendarmerie, l&rsquo;ancien pr\u00e9sident a \u00e9t\u00e9 soumis \u00e0 un interrogatoire approfondi. Le dossier judiciaire comprend les billets saisis et photocopi\u00e9s selon la proc\u00e9dure habituelle, ainsi qu&rsquo;un enregistrement audio compromettant l&rsquo;accus\u00e9. \u00c0 l&rsquo;issue de son audition devant le magistrat instructeur, un mandat de d\u00e9p\u00f4t a \u00e9t\u00e9 d\u00e9livr\u00e9 \u00e0 son encontre.<\/p>\n\n\n\n<p>Cette arrestation intervient seulement un mois et demi apr\u00e8s le pr\u00e9c\u00e9dent scandale qui avait \u00e9clabouss\u00e9 la m\u00eame collectivit\u00e9 en avril dernier. Le 17 avril, la brigade de recherches et d&rsquo;investigations avait interpell\u00e9 un \u00e9lu et un cadre administratif pour corruption, impliquant \u00e9galement un pot-de-vin de 200 millions de centimes en \u00e9change de l&rsquo;attribution d&rsquo;une parcelle de terrain destin\u00e9e \u00e0 la construction d&rsquo;un kiosque puis sa transformation en b\u00e2tisse n\u00e9cessitant une r\u00e9gularisation. En 2022, un autre \u00e9lu du Parti de la Justice et du D\u00e9veloppement, chef du secteur Boukhadra 3, avait \u00e9t\u00e9 arr\u00eat\u00e9 et \u00e9crou\u00e9 pour des faits similaires. Il avait \u00e9t\u00e9 surpris en possession d&rsquo;une avance de 2 millions de centimes sur les 20 millions qu&rsquo;il r\u00e9clamait \u00e0 un habitant pour \u00e9viter la d\u00e9molition de sa construction illicite.<\/p>\n\n\n\n<p>Avec cette nouvelle affaire, c&rsquo;est le quatri\u00e8me \u00e9lu de l&rsquo;APC d&rsquo;El Bouni poursuivi pour corruption, r\u00e9v\u00e9lant l&rsquo;ampleur du fl\u00e9au qui gangr\u00e8ne cette collectivit\u00e9 locale et ternit l&rsquo;image de la plus importante da\u00efra d&rsquo;Annaba. La succession de ces scandales t\u00e9moigne de l&rsquo;enracinement profond de la corruption dans l&rsquo;administration locale, particuli\u00e8rement au sein de cette assembl\u00e9e communale.<\/p>\n\n\n\n<p>Pour assurer la continuit\u00e9 du service public et ne pas p\u00e9naliser les administr\u00e9s, le wali d&rsquo;Annaba, Abdelkader Djellaoui, a ordonn\u00e9 mercredi le remplacement de l&rsquo;ancien pr\u00e9sident par son vice-pr\u00e9sident, Abdelaziz Berrabeh, \u00e9lu \u00e0 la majorit\u00e9 des voix par les membres de l&rsquo;assembl\u00e9e.<\/p>\n\n\n\n<p>Sofia Chahine<\/p>\n","protected":false},"excerpt":{"rendered":"<p>Le pr\u00e9sident de l&rsquo;Assembl\u00e9e populaire communale d&rsquo;El Bouni a \u00e9t\u00e9 plac\u00e9 en d\u00e9tention pr\u00e9ventive jeudi par le juge d&rsquo;instruction du<\/p>\n","protected":false},"author":6,"featured_media":68597,"comment_status":"open","ping_status":"closed","sticky":false,"template":"","format":"standard","meta":{"colormag_page_container_layout":"default_layout","colormag_page_sidebar_layout":"default_layout","om_disable_all_campaigns":false,"_monsterinsights_skip_tracking":false,"_monsterinsights_sitenote_active":false,"_monsterinsights_sitenote_note":"","_monsterinsights_sitenote_category":0,"footnotes":"","_wpscppro_dont_share_socialmedia":false,"_wpscppro_custom_social_share_image":0,"_facebook_share_type":"default","_twitter_share_type":"default","_linkedin_share_type":"default","_pinterest_share_type":"default","_linkedin_share_type_page":"","_instagram_share_type":"default","_medium_share_type":"default","_threads_share_type":"","_google_business_share_type":"","_selected_social_profile":[],"_wpsp_enable_custom_social_template":false,"_wpsp_social_scheduling":{"enabled":false,"datetime":null,"platforms":[],"status":"template_only","dateOption":"today","timeOption":"now","customDays":"","customHours":"","customDate":"","customTime":"","schedulingType":"absolute"},"_wpsp_active_default_template":true},"categories":[31],"tags":[],"class_list":["post-68596","post","type-post","status-publish","format-standard","has-post-thumbnail","hentry","category-regions"],"aioseo_notices":[],"yoast_head":"<!-- This site is optimized with the Yoast SEO plugin v27.5 - https:\/\/yoast.com\/product\/yoast-seo-wordpress\/ -->\n<title>Le pr\u00e9sident de l&rsquo;APC a \u00e9t\u00e9 plac\u00e9 en d\u00e9tention pour un pot-de-vin de 200 millions de centimes. - La Sentinelle<\/title>\n<meta name=\"robots\" content=\"index, follow, max-snippet:-1, max-image-preview:large, max-video-preview:-1\" \/>\n<link rel=\"canonical\" href=\"https:\/\/lasentinelle.dz\/index.php\/2025\/06\/08\/le-president-de-lapc-a-ete-place-en-detention-pour-un-pot-de-vin-de-200-millions-de-centimes\/\" \/>\n<meta property=\"og:locale\" content=\"fr_FR\" \/>\n<meta property=\"og:type\" content=\"article\" \/>\n<meta property=\"og:title\" content=\"Le pr\u00e9sident de l&rsquo;APC a \u00e9t\u00e9 plac\u00e9 en d\u00e9tention pour un pot-de-vin de 200 millions de centimes. - La Sentinelle\" \/>\n<meta property=\"og:description\" content=\"Le pr\u00e9sident de l&rsquo;Assembl\u00e9e populaire communale d&rsquo;El Bouni a \u00e9t\u00e9 plac\u00e9 en d\u00e9tention pr\u00e9ventive jeudi par le juge d&rsquo;instruction du\" \/>\n<meta property=\"og:url\" content=\"https:\/\/lasentinelle.dz\/index.php\/2025\/06\/08\/le-president-de-lapc-a-ete-place-en-detention-pour-un-pot-de-vin-de-200-millions-de-centimes\/\" \/>\n<meta property=\"og:site_name\" content=\"La Sentinelle\" \/>\n<meta property=\"article:publisher\" content=\"https:\/\/www.facebook.com\/La-Sentinelle-104059864394773\" \/>\n<meta property=\"article:published_time\" content=\"2025-06-08T19:47:20+00:00\" \/>\n<meta property=\"article:modified_time\" content=\"2025-06-08T19:47:21+00:00\" \/>\n<meta property=\"og:image\" content=\"https:\/\/lasentinelle.dz\/wp-content\/uploads\/2025\/06\/corruption.jpg\" \/>\n\t<meta property=\"og:image:width\" content=\"580\" \/>\n\t<meta property=\"og:image:height\" content=\"350\" \/>\n\t<meta property=\"og:image:type\" content=\"image\/jpeg\" \/>\n<meta name=\"author\" content=\"admin\" \/>\n<meta name=\"twitter:card\" content=\"summary_large_image\" \/>\n<meta name=\"twitter:label1\" content=\"\u00c9crit par\" \/>\n\t<meta name=\"twitter:data1\" content=\"admin\" \/>\n\t<meta name=\"twitter:label2\" content=\"Dur\u00e9e de lecture estim\u00e9e\" \/>\n\t<meta name=\"twitter:data2\" content=\"3 minutes\" \/>\n<script type=\"application\/ld+json\" class=\"yoast-schema-graph\">{\"@context\":\"https:\\\/\\\/schema.org\",\"@graph\":[{\"@type\":\"Article\",\"@id\":\"https:\\\/\\\/lasentinelle.dz\\\/index.php\\\/2025\\\/06\\\/08\\\/le-president-de-lapc-a-ete-place-en-detention-pour-un-pot-de-vin-de-200-millions-de-centimes\\\/#article\",\"isPartOf\":{\"@id\":\"https:\\\/\\\/lasentinelle.dz\\\/index.php\\\/2025\\\/06\\\/08\\\/le-president-de-lapc-a-ete-place-en-detention-pour-un-pot-de-vin-de-200-millions-de-centimes\\\/\"},\"author\":{\"name\":\"admin\",\"@id\":\"https:\\\/\\\/lasentinelle.dz\\\/#\\\/schema\\\/person\\\/729ee0024f24e0b8c5ec17232f8e8b41\"},\"headline\":\"Le pr\u00e9sident de l&rsquo;APC a \u00e9t\u00e9 plac\u00e9 en d\u00e9tention pour un pot-de-vin de 200 millions de centimes.\",\"datePublished\":\"2025-06-08T19:47:20+00:00\",\"dateModified\":\"2025-06-08T19:47:21+00:00\",\"mainEntityOfPage\":{\"@id\":\"https:\\\/\\\/lasentinelle.dz\\\/index.php\\\/2025\\\/06\\\/08\\\/le-president-de-lapc-a-ete-place-en-detention-pour-un-pot-de-vin-de-200-millions-de-centimes\\\/\"},\"wordCount\":530,\"commentCount\":0,\"publisher\":{\"@id\":\"https:\\\/\\\/lasentinelle.dz\\\/#organization\"},\"image\":{\"@id\":\"https:\\\/\\\/lasentinelle.dz\\\/index.php\\\/2025\\\/06\\\/08\\\/le-president-de-lapc-a-ete-place-en-detention-pour-un-pot-de-vin-de-200-millions-de-centimes\\\/#primaryimage\"},\"thumbnailUrl\":\"https:\\\/\\\/lasentinelle.dz\\\/wp-content\\\/uploads\\\/2025\\\/06\\\/corruption.jpg\",\"articleSection\":[\"R\u00e9gions\"],\"inLanguage\":\"fr-FR\",\"potentialAction\":[{\"@type\":\"CommentAction\",\"name\":\"Comment\",\"target\":[\"https:\\\/\\\/lasentinelle.dz\\\/index.php\\\/2025\\\/06\\\/08\\\/le-president-de-lapc-a-ete-place-en-detention-pour-un-pot-de-vin-de-200-millions-de-centimes\\\/#respond\"]}]},{\"@type\":\"WebPage\",\"@id\":\"https:\\\/\\\/lasentinelle.dz\\\/index.php\\\/2025\\\/06\\\/08\\\/le-president-de-lapc-a-ete-place-en-detention-pour-un-pot-de-vin-de-200-millions-de-centimes\\\/\",\"url\":\"https:\\\/\\\/lasentinelle.dz\\\/index.php\\\/2025\\\/06\\\/08\\\/le-president-de-lapc-a-ete-place-en-detention-pour-un-pot-de-vin-de-200-millions-de-centimes\\\/\",\"name\":\"Le pr\u00e9sident de l&rsquo;APC a \u00e9t\u00e9 plac\u00e9 en d\u00e9tention pour un pot-de-vin de 200 millions de centimes. - La Sentinelle\",\"isPartOf\":{\"@id\":\"https:\\\/\\\/lasentinelle.dz\\\/#website\"},\"primaryImageOfPage\":{\"@id\":\"https:\\\/\\\/lasentinelle.dz\\\/index.php\\\/2025\\\/06\\\/08\\\/le-president-de-lapc-a-ete-place-en-detention-pour-un-pot-de-vin-de-200-millions-de-centimes\\\/#primaryimage\"},\"image\":{\"@id\":\"https:\\\/\\\/lasentinelle.dz\\\/index.php\\\/2025\\\/06\\\/08\\\/le-president-de-lapc-a-ete-place-en-detention-pour-un-pot-de-vin-de-200-millions-de-centimes\\\/#primaryimage\"},\"thumbnailUrl\":\"https:\\\/\\\/lasentinelle.dz\\\/wp-content\\\/uploads\\\/2025\\\/06\\\/corruption.jpg\",\"datePublished\":\"2025-06-08T19:47:20+00:00\",\"dateModified\":\"2025-06-08T19:47:21+00:00\",\"breadcrumb\":{\"@id\":\"https:\\\/\\\/lasentinelle.dz\\\/index.php\\\/2025\\\/06\\\/08\\\/le-president-de-lapc-a-ete-place-en-detention-pour-un-pot-de-vin-de-200-millions-de-centimes\\\/#breadcrumb\"},\"inLanguage\":\"fr-FR\",\"potentialAction\":[{\"@type\":\"ReadAction\",\"target\":[\"https:\\\/\\\/lasentinelle.dz\\\/index.php\\\/2025\\\/06\\\/08\\\/le-president-de-lapc-a-ete-place-en-detention-pour-un-pot-de-vin-de-200-millions-de-centimes\\\/\"]}]},{\"@type\":\"ImageObject\",\"inLanguage\":\"fr-FR\",\"@id\":\"https:\\\/\\\/lasentinelle.dz\\\/index.php\\\/2025\\\/06\\\/08\\\/le-president-de-lapc-a-ete-place-en-detention-pour-un-pot-de-vin-de-200-millions-de-centimes\\\/#primaryimage\",\"url\":\"https:\\\/\\\/lasentinelle.dz\\\/wp-content\\\/uploads\\\/2025\\\/06\\\/corruption.jpg\",\"contentUrl\":\"https:\\\/\\\/lasentinelle.dz\\\/wp-content\\\/uploads\\\/2025\\\/06\\\/corruption.jpg\",\"width\":580,\"height\":350},{\"@type\":\"BreadcrumbList\",\"@id\":\"https:\\\/\\\/lasentinelle.dz\\\/index.php\\\/2025\\\/06\\\/08\\\/le-president-de-lapc-a-ete-place-en-detention-pour-un-pot-de-vin-de-200-millions-de-centimes\\\/#breadcrumb\",\"itemListElement\":[{\"@type\":\"ListItem\",\"position\":1,\"name\":\"Accueil\",\"item\":\"https:\\\/\\\/lasentinelle.dz\\\/\"},{\"@type\":\"ListItem\",\"position\":2,\"name\":\"Le pr\u00e9sident de l&rsquo;APC a \u00e9t\u00e9 plac\u00e9 en d\u00e9tention pour un pot-de-vin de 200 millions de centimes.\"}]},{\"@type\":\"WebSite\",\"@id\":\"https:\\\/\\\/lasentinelle.dz\\\/#website\",\"url\":\"https:\\\/\\\/lasentinelle.dz\\\/\",\"name\":\"La Sentinelle\",\"description\":\"Quotidien national d&#039;information\",\"publisher\":{\"@id\":\"https:\\\/\\\/lasentinelle.dz\\\/#organization\"},\"potentialAction\":[{\"@type\":\"SearchAction\",\"target\":{\"@type\":\"EntryPoint\",\"urlTemplate\":\"https:\\\/\\\/lasentinelle.dz\\\/?s={search_term_string}\"},\"query-input\":{\"@type\":\"PropertyValueSpecification\",\"valueRequired\":true,\"valueName\":\"search_term_string\"}}],\"inLanguage\":\"fr-FR\"},{\"@type\":\"Organization\",\"@id\":\"https:\\\/\\\/lasentinelle.dz\\\/#organization\",\"name\":\"Quotidien La Sentinelle\",\"url\":\"https:\\\/\\\/lasentinelle.dz\\\/\",\"logo\":{\"@type\":\"ImageObject\",\"inLanguage\":\"fr-FR\",\"@id\":\"https:\\\/\\\/lasentinelle.dz\\\/#\\\/schema\\\/logo\\\/image\\\/\",\"url\":\"https:\\\/\\\/lasentinelle.dz\\\/wp-content\\\/uploads\\\/2021\\\/09\\\/logo-sentinelleSLOGAN-1.png\",\"contentUrl\":\"https:\\\/\\\/lasentinelle.dz\\\/wp-content\\\/uploads\\\/2021\\\/09\\\/logo-sentinelleSLOGAN-1.png\",\"width\":615,\"height\":142,\"caption\":\"Quotidien La Sentinelle\"},\"image\":{\"@id\":\"https:\\\/\\\/lasentinelle.dz\\\/#\\\/schema\\\/logo\\\/image\\\/\"},\"sameAs\":[\"https:\\\/\\\/www.facebook.com\\\/La-Sentinelle-104059864394773\"]},{\"@type\":\"Person\",\"@id\":\"https:\\\/\\\/lasentinelle.dz\\\/#\\\/schema\\\/person\\\/729ee0024f24e0b8c5ec17232f8e8b41\",\"name\":\"admin\",\"image\":{\"@type\":\"ImageObject\",\"inLanguage\":\"fr-FR\",\"@id\":\"https:\\\/\\\/secure.gravatar.com\\\/avatar\\\/4c81fed838786e9b53f540bf46533e750f5d292099ae3b66cfc6fb1982e29df7?s=96&d=mm&r=g\",\"url\":\"https:\\\/\\\/secure.gravatar.com\\\/avatar\\\/4c81fed838786e9b53f540bf46533e750f5d292099ae3b66cfc6fb1982e29df7?s=96&d=mm&r=g\",\"contentUrl\":\"https:\\\/\\\/secure.gravatar.com\\\/avatar\\\/4c81fed838786e9b53f540bf46533e750f5d292099ae3b66cfc6fb1982e29df7?s=96&d=mm&r=g\",\"caption\":\"admin\"},\"description\":\"admin\",\"url\":\"https:\\\/\\\/lasentinelle.dz\\\/author\\\/admin\\\/\"}]}<\/script>\n<!-- \/ Yoast SEO plugin. -->","yoast_head_json":{"title":"Le pr\u00e9sident de l&rsquo;APC a \u00e9t\u00e9 plac\u00e9 en d\u00e9tention pour un pot-de-vin de 200 millions de centimes. - La Sentinelle","robots":{"index":"index","follow":"follow","max-snippet":"max-snippet:-1","max-image-preview":"max-image-preview:large","max-video-preview":"max-video-preview:-1"},"canonical":"https:\/\/lasentinelle.dz\/index.php\/2025\/06\/08\/le-president-de-lapc-a-ete-place-en-detention-pour-un-pot-de-vin-de-200-millions-de-centimes\/","og_locale":"fr_FR","og_type":"article","og_title":"Le pr\u00e9sident de l&rsquo;APC a \u00e9t\u00e9 plac\u00e9 en d\u00e9tention pour un pot-de-vin de 200 millions de centimes. - La Sentinelle","og_description":"Le pr\u00e9sident de l&rsquo;Assembl\u00e9e populaire communale d&rsquo;El Bouni a \u00e9t\u00e9 plac\u00e9 en d\u00e9tention pr\u00e9ventive jeudi par le juge d&rsquo;instruction du","og_url":"https:\/\/lasentinelle.dz\/index.php\/2025\/06\/08\/le-president-de-lapc-a-ete-place-en-detention-pour-un-pot-de-vin-de-200-millions-de-centimes\/","og_site_name":"La Sentinelle","article_publisher":"https:\/\/www.facebook.com\/La-Sentinelle-104059864394773","article_published_time":"2025-06-08T19:47:20+00:00","article_modified_time":"2025-06-08T19:47:21+00:00","og_image":[{"width":580,"height":350,"url":"https:\/\/lasentinelle.dz\/wp-content\/uploads\/2025\/06\/corruption.jpg","type":"image\/jpeg"}],"author":"admin","twitter_card":"summary_large_image","twitter_misc":{"\u00c9crit par":"admin","Dur\u00e9e de lecture estim\u00e9e":"3 minutes"},"schema":{"@context":"https:\/\/schema.org","@graph":[{"@type":"Article","@id":"https:\/\/lasentinelle.dz\/index.php\/2025\/06\/08\/le-president-de-lapc-a-ete-place-en-detention-pour-un-pot-de-vin-de-200-millions-de-centimes\/#article","isPartOf":{"@id":"https:\/\/lasentinelle.dz\/index.php\/2025\/06\/08\/le-president-de-lapc-a-ete-place-en-detention-pour-un-pot-de-vin-de-200-millions-de-centimes\/"},"author":{"name":"admin","@id":"https:\/\/lasentinelle.dz\/#\/schema\/person\/729ee0024f24e0b8c5ec17232f8e8b41"},"headline":"Le pr\u00e9sident de l&rsquo;APC a \u00e9t\u00e9 plac\u00e9 en d\u00e9tention pour un pot-de-vin de 200 millions de centimes.","datePublished":"2025-06-08T19:47:20+00:00","dateModified":"2025-06-08T19:47:21+00:00","mainEntityOfPage":{"@id":"https:\/\/lasentinelle.dz\/index.php\/2025\/06\/08\/le-president-de-lapc-a-ete-place-en-detention-pour-un-pot-de-vin-de-200-millions-de-centimes\/"},"wordCount":530,"commentCount":0,"publisher":{"@id":"https:\/\/lasentinelle.dz\/#organization"},"image":{"@id":"https:\/\/lasentinelle.dz\/index.php\/2025\/06\/08\/le-president-de-lapc-a-ete-place-en-detention-pour-un-pot-de-vin-de-200-millions-de-centimes\/#primaryimage"},"thumbnailUrl":"https:\/\/lasentinelle.dz\/wp-content\/uploads\/2025\/06\/corruption.jpg","articleSection":["R\u00e9gions"],"inLanguage":"fr-FR","potentialAction":[{"@type":"CommentAction","name":"Comment","target":["https:\/\/lasentinelle.dz\/index.php\/2025\/06\/08\/le-president-de-lapc-a-ete-place-en-detention-pour-un-pot-de-vin-de-200-millions-de-centimes\/#respond"]}]},{"@type":"WebPage","@id":"https:\/\/lasentinelle.dz\/index.php\/2025\/06\/08\/le-president-de-lapc-a-ete-place-en-detention-pour-un-pot-de-vin-de-200-millions-de-centimes\/","url":"https:\/\/lasentinelle.dz\/index.php\/2025\/06\/08\/le-president-de-lapc-a-ete-place-en-detention-pour-un-pot-de-vin-de-200-millions-de-centimes\/","name":"Le pr\u00e9sident de l&rsquo;APC a \u00e9t\u00e9 plac\u00e9 en d\u00e9tention pour un pot-de-vin de 200 millions de centimes. - La Sentinelle","isPartOf":{"@id":"https:\/\/lasentinelle.dz\/#website"},"primaryImageOfPage":{"@id":"https:\/\/lasentinelle.dz\/index.php\/2025\/06\/08\/le-president-de-lapc-a-ete-place-en-detention-pour-un-pot-de-vin-de-200-millions-de-centimes\/#primaryimage"},"image":{"@id":"https:\/\/lasentinelle.dz\/index.php\/2025\/06\/08\/le-president-de-lapc-a-ete-place-en-detention-pour-un-pot-de-vin-de-200-millions-de-centimes\/#primaryimage"},"thumbnailUrl":"https:\/\/lasentinelle.dz\/wp-content\/uploads\/2025\/06\/corruption.jpg","datePublished":"2025-06-08T19:47:20+00:00","dateModified":"2025-06-08T19:47:21+00:00","breadcrumb":{"@id":"https:\/\/lasentinelle.dz\/index.php\/2025\/06\/08\/le-president-de-lapc-a-ete-place-en-detention-pour-un-pot-de-vin-de-200-millions-de-centimes\/#breadcrumb"},"inLanguage":"fr-FR","potentialAction":[{"@type":"ReadAction","target":["https:\/\/lasentinelle.dz\/index.php\/2025\/06\/08\/le-president-de-lapc-a-ete-place-en-detention-pour-un-pot-de-vin-de-200-millions-de-centimes\/"]}]},{"@type":"ImageObject","inLanguage":"fr-FR","@id":"https:\/\/lasentinelle.dz\/index.php\/2025\/06\/08\/le-president-de-lapc-a-ete-place-en-detention-pour-un-pot-de-vin-de-200-millions-de-centimes\/#primaryimage","url":"https:\/\/lasentinelle.dz\/wp-content\/uploads\/2025\/06\/corruption.jpg","contentUrl":"https:\/\/lasentinelle.dz\/wp-content\/uploads\/2025\/06\/corruption.jpg","width":580,"height":350},{"@type":"BreadcrumbList","@id":"https:\/\/lasentinelle.dz\/index.php\/2025\/06\/08\/le-president-de-lapc-a-ete-place-en-detention-pour-un-pot-de-vin-de-200-millions-de-centimes\/#breadcrumb","itemListElement":[{"@type":"ListItem","position":1,"name":"Accueil","item":"https:\/\/lasentinelle.dz\/"},{"@type":"ListItem","position":2,"name":"Le pr\u00e9sident de l&rsquo;APC a \u00e9t\u00e9 plac\u00e9 en d\u00e9tention pour un pot-de-vin de 200 millions de centimes."}]},{"@type":"WebSite","@id":"https:\/\/lasentinelle.dz\/#website","url":"https:\/\/lasentinelle.dz\/","name":"La Sentinelle","description":"Quotidien national d&#039;information","publisher":{"@id":"https:\/\/lasentinelle.dz\/#organization"},"potentialAction":[{"@type":"SearchAction","target":{"@type":"EntryPoint","urlTemplate":"https:\/\/lasentinelle.dz\/?s={search_term_string}"},"query-input":{"@type":"PropertyValueSpecification","valueRequired":true,"valueName":"search_term_string"}}],"inLanguage":"fr-FR"},{"@type":"Organization","@id":"https:\/\/lasentinelle.dz\/#organization","name":"Quotidien La Sentinelle","url":"https:\/\/lasentinelle.dz\/","logo":{"@type":"ImageObject","inLanguage":"fr-FR","@id":"https:\/\/lasentinelle.dz\/#\/schema\/logo\/image\/","url":"https:\/\/lasentinelle.dz\/wp-content\/uploads\/2021\/09\/logo-sentinelleSLOGAN-1.png","contentUrl":"https:\/\/lasentinelle.dz\/wp-content\/uploads\/2021\/09\/logo-sentinelleSLOGAN-1.png","width":615,"height":142,"caption":"Quotidien La Sentinelle"},"image":{"@id":"https:\/\/lasentinelle.dz\/#\/schema\/logo\/image\/"},"sameAs":["https:\/\/www.facebook.com\/La-Sentinelle-104059864394773"]},{"@type":"Person","@id":"https:\/\/lasentinelle.dz\/#\/schema\/person\/729ee0024f24e0b8c5ec17232f8e8b41","name":"admin","image":{"@type":"ImageObject","inLanguage":"fr-FR","@id":"https:\/\/secure.gravatar.com\/avatar\/4c81fed838786e9b53f540bf46533e750f5d292099ae3b66cfc6fb1982e29df7?s=96&d=mm&r=g","url":"https:\/\/secure.gravatar.com\/avatar\/4c81fed838786e9b53f540bf46533e750f5d292099ae3b66cfc6fb1982e29df7?s=96&d=mm&r=g","contentUrl":"https:\/\/secure.gravatar.com\/avatar\/4c81fed838786e9b53f540bf46533e750f5d292099ae3b66cfc6fb1982e29df7?s=96&d=mm&r=g","caption":"admin"},"description":"admin","url":"https:\/\/lasentinelle.dz\/author\/admin\/"}]}},"_links":{"self":[{"href":"https:\/\/lasentinelle.dz\/index.php\/wp-json\/wp\/v2\/posts\/68596","targetHints":{"allow":["GET"]}}],"collection":[{"href":"https:\/\/lasentinelle.dz\/index.php\/wp-json\/wp\/v2\/posts"}],"about":[{"href":"https:\/\/lasentinelle.dz\/index.php\/wp-json\/wp\/v2\/types\/post"}],"author":[{"embeddable":true,"href":"https:\/\/lasentinelle.dz\/index.php\/wp-json\/wp\/v2\/users\/6"}],"replies":[{"embeddable":true,"href":"https:\/\/lasentinelle.dz\/index.php\/wp-json\/wp\/v2\/comments?post=68596"}],"version-history":[{"count":2,"href":"https:\/\/lasentinelle.dz\/index.php\/wp-json\/wp\/v2\/posts\/68596\/revisions"}],"predecessor-version":[{"id":68599,"href":"https:\/\/lasentinelle.dz\/index.php\/wp-json\/wp\/v2\/posts\/68596\/revisions\/68599"}],"wp:featuredmedia":[{"embeddable":true,"href":"https:\/\/lasentinelle.dz\/index.php\/wp-json\/wp\/v2\/media\/68597"}],"wp:attachment":[{"href":"https:\/\/lasentinelle.dz\/index.php\/wp-json\/wp\/v2\/media?parent=68596"}],"wp:term":[{"taxonomy":"category","embeddable":true,"href":"https:\/\/lasentinelle.dz\/index.php\/wp-json\/wp\/v2\/categories?post=68596"},{"taxonomy":"post_tag","embeddable":true,"href":"https:\/\/lasentinelle.dz\/index.php\/wp-json\/wp\/v2\/tags?post=68596"}],"curies":[{"name":"wp","href":"https:\/\/api.w.org\/{rel}","templated":true}]}}