{"id":68600,"date":"2025-06-08T20:49:01","date_gmt":"2025-06-08T19:49:01","guid":{"rendered":"https:\/\/lasentinelle.dz\/?p=68600"},"modified":"2025-06-08T20:49:02","modified_gmt":"2025-06-08T19:49:02","slug":"retrait-americain-de-laccord-de-paris-sur-le-climat-quelle-consequence-pour-le-marche-mondial-du-gaz","status":"publish","type":"post","link":"https:\/\/lasentinelle.dz\/index.php\/2025\/06\/08\/retrait-americain-de-laccord-de-paris-sur-le-climat-quelle-consequence-pour-le-marche-mondial-du-gaz\/","title":{"rendered":"Retrait am\u00e9ricain de l&rsquo;Accord de Paris sur le climat : Quelle cons\u00e9quence pour le march\u00e9 mondial du gaz ?"},"content":{"rendered":"\n<p>L&rsquo;adoption tardive des r\u00e8gles de l&rsquo;Article 6 de l&rsquo;Accord de Paris lors de la COP29 en novembre dernier devait marquer un tournant d\u00e9cisif pour le march\u00e9 mondial du carbone et, par extension, pour l&rsquo;industrie gazi\u00e8re internationale. Pourtant, selon une analyse d\u00e9taill\u00e9e publi\u00e9e par le Forum des pays exportateurs de gaz (GECF), cette avanc\u00e9e historique risque d&rsquo;\u00eatre compromise par les r\u00e9cents reculs politiques observ\u00e9s dans plusieurs \u00e9conomies d\u00e9velopp\u00e9es, notamment le retrait annonc\u00e9 des \u00c9tats-Unis de l&rsquo;Accord de Paris.<\/p>\n\n\n\n<p>Dans son rapport d&rsquo;expertise sign\u00e9 par Masoumeh Moradzadeh, le GECF dresse un constat alarmant sur l&rsquo;impact de ces bouleversements g\u00e9opolitiques sur l&rsquo;\u00e9cosyst\u00e8me \u00e9nerg\u00e9tique mondial. L&rsquo;organisation, qui repr\u00e9sente les int\u00e9r\u00eats des principaux exportateurs de gaz de la plan\u00e8te, ne m\u00e2che pas ses mots en d\u00e9non\u00e7ant l&rsquo;inconsistance des politiques climatiques occidentales et leurs cons\u00e9quences sur la transition \u00e9nerg\u00e9tique mondiale.<\/p>\n\n\n\n<p>Le m\u00e9canisme de cr\u00e9dit carbone de l&rsquo;Accord de Paris, baptis\u00e9 PACM (Paris Agreement Crediting Mechanism), \u00e9tait cens\u00e9 r\u00e9volutionner les \u00e9changes internationaux d&rsquo;\u00e9missions en permettant aux pays d&rsquo;utiliser des compensations carbone pour atteindre leurs objectifs climatiques nationaux. Apr\u00e8s pr\u00e8s d&rsquo;une d\u00e9cennie de n\u00e9gociations complexes, les r\u00e8gles ont finalement \u00e9t\u00e9 adopt\u00e9es, ouvrant la voie \u00e0 un march\u00e9 carbone mondial harmonis\u00e9 susceptible de g\u00e9n\u00e9rer jusqu&rsquo;\u00e0 1 000 milliards de dollars de flux financiers annuels d&rsquo;ici 2050.<\/p>\n\n\n\n<p>Pour le secteur gazier, ces \u00e9volutions repr\u00e9sentaient une opportunit\u00e9 strat\u00e9gique majeure.<\/p>\n\n\n\n<p><strong>Le march\u00e9 du carbone, une opportunit\u00e9<\/strong><\/p>\n\n\n\n<p>Le GECF estime qu&rsquo;un prix du carbone oscillant entre 25 et 75 dollars par tonne de CO2 pourrait consid\u00e9rablement acc\u00e9l\u00e9rer la transition du charbon vers le gaz naturel, particuli\u00e8rement dans la r\u00e9gion Asie-Pacifique o\u00f9 la demande \u00e9nerg\u00e9tique explose. L&rsquo;organisation calcule qu&rsquo;un prix optimal de 60 dollars par tonne maximiserait la consommation de gaz naturel, entra\u00eenant une augmentation cumulative de plus de 2 500 milliards de m\u00e8tres cubes d&rsquo;utilisation gazi\u00e8re et \u00e9vitant l&rsquo;\u00e9quivalent de 12 000 millions de tonnes de charbon entre 2026 et 2050 dans cette seule r\u00e9gion.<\/p>\n\n\n\n<p>Cependant, cette perspective prometteuse se heurte d\u00e9sormais \u00e0 une r\u00e9alit\u00e9 politique d\u00e9cevante. Le GECF pointe du doigt l&rsquo;attitude contradictoire des nations d\u00e9velopp\u00e9es qui, apr\u00e8s avoir pr\u00each\u00e9 la transition \u00e9nerg\u00e9tique pendant des ann\u00e9es, font aujourd&rsquo;hui marche arri\u00e8re sur leurs engagements climatiques. Le retrait am\u00e9ricain de l&rsquo;Accord de Paris constitue selon l&rsquo;organisation un signal particuli\u00e8rement n\u00e9gatif, d&rsquo;autant que les \u00c9tats-Unis repr\u00e9sentent l&rsquo;une des plus importantes \u00e9conomies mondiales et l&rsquo;un des plus gros \u00e9metteurs de gaz \u00e0 effet de serre.<\/p>\n\n\n\n<p>Cette volte-face am\u00e9ricaine sape la cr\u00e9dibilit\u00e9 du syst\u00e8me international de tarification carbone en fragmentant le march\u00e9 mondial et en limitant la demande de cr\u00e9dits carbone. Sans la participation active des \u00c9tats-Unis, les march\u00e9s carbone am\u00e9ricains ne peuvent \u00eatre formellement int\u00e9gr\u00e9s aux m\u00e9canismes internationaux de l&rsquo;Article 6, r\u00e9duisant consid\u00e9rablement l&rsquo;\u00e9chelle et la liquidit\u00e9 du PACM. Le GECF souligne que cette fragmentation affaiblit la convergence des prix mondiaux du carbone et ralentit les progr\u00e8s vers les objectifs climatiques.<\/p>\n\n\n\n<p>Protectionnisme d\u00e9guis\u00e9 !<\/p>\n\n\n\n<p>L&rsquo;organisation d\u00e9nonce \u00e9galement l&rsquo;hypocrisie de certains pays d\u00e9velopp\u00e9s qui, tout en se retirant des accords climatiques, continuent d&rsquo;imposer des m\u00e9canismes d&rsquo;ajustement carbone aux fronti\u00e8res comme celui de l&rsquo;Union europ\u00e9enne. Ces dispositifs, per\u00e7us par le GECF comme des formes de protectionnisme d\u00e9guis\u00e9, p\u00e9nalisent les pays en d\u00e9veloppement et les exportateurs de gaz qui n&rsquo;ont pas les moyens de mettre en place rapidement des syst\u00e8mes de tarification carbone domestiques aussi sophistiqu\u00e9s.<\/p>\n\n\n\n<p>Le rapport du GECF insiste sur le fait que le gaz naturel demeure indispensable \u00e0 la transition \u00e9nerg\u00e9tique mondiale, particuli\u00e8rement dans les pays en d\u00e9veloppement qui ne disposent ni des infrastructures ni des capacit\u00e9s d&rsquo;investissement n\u00e9cessaires pour basculer directement vers les \u00e9nergies renouvelables. L&rsquo;organisation argue que les \u00e9nergies renouvelables, malgr\u00e9 leurs progr\u00e8s technologiques, ne se d\u00e9ploient pas assez rapidement pour r\u00e9pondre au double d\u00e9fi de la demande \u00e9nerg\u00e9tique croissante et du remplacement du charbon.<\/p>\n\n\n\n<p>Face \u00e0 ces d\u00e9fis, le GECF appelle \u00e0 une approche plus pragmatique de la d\u00e9carbonation, privil\u00e9giant la substitution charbon-gaz comme solution imm\u00e9diate et rentable. L&rsquo;organisation souligne que cette transition reste plus accessible financi\u00e8rement que le passage direct du charbon aux renouvelables, tout en offrant des r\u00e9ductions d&rsquo;\u00e9missions substantielles. Le gaz naturel, en tant que combustible fossile le plus propre et source d&rsquo;\u00e9nergie dispatchable, conserve selon le GECF un r\u00f4le crucial pour maintenir la fiabilit\u00e9 et la stabilit\u00e9 des syst\u00e8mes \u00e9nerg\u00e9tiques pendant l&rsquo;expansion des \u00e9nergies intermittentes.<\/p>\n\n\n\n<p>L&rsquo;avenir du march\u00e9 mondial du gaz naturel d\u00e9pendra donc largement de la capacit\u00e9 des m\u00e9canismes internationaux comme le PACM \u00e0 survivre aux turbulences g\u00e9opolitiques actuelles et \u00e0 maintenir des signaux prix suffisamment \u00e9lev\u00e9s pour incentiver la transition \u00e9nerg\u00e9tique. Sans cette stabilit\u00e9 politique et r\u00e9glementaire, les investissements dans les technologies de captage et stockage de carbone, essentielles pour d\u00e9carboner davantage la fili\u00e8re gazi\u00e8re, risquent de stagner, compromettant les ambitions climatiques mondiales.<\/p>\n\n\n\n<p>Samira Ghrib<\/p>\n","protected":false},"excerpt":{"rendered":"<p>L&rsquo;adoption tardive des r\u00e8gles de l&rsquo;Article 6 de l&rsquo;Accord de Paris lors de la COP29 en novembre dernier devait marquer<\/p>\n","protected":false},"author":6,"featured_media":46184,"comment_status":"open","ping_status":"closed","sticky":false,"template":"","format":"standard","meta":{"colormag_page_container_layout":"default_layout","colormag_page_sidebar_layout":"default_layout","om_disable_all_campaigns":false,"_monsterinsights_skip_tracking":false,"_monsterinsights_sitenote_active":false,"_monsterinsights_sitenote_note":"","_monsterinsights_sitenote_category":0,"footnotes":"","_wpscppro_dont_share_socialmedia":false,"_wpscppro_custom_social_share_image":0,"_facebook_share_type":"default","_twitter_share_type":"default","_linkedin_share_type":"default","_pinterest_share_type":"default","_linkedin_share_type_page":"","_instagram_share_type":"default","_medium_share_type":"default","_threads_share_type":"","_google_business_share_type":"","_selected_social_profile":[],"_wpsp_enable_custom_social_template":false,"_wpsp_social_scheduling":{"enabled":false,"datetime":null,"platforms":[],"status":"template_only","dateOption":"today","timeOption":"now","customDays":"","customHours":"","customDate":"","customTime":"","schedulingType":"absolute"},"_wpsp_active_default_template":true},"categories":[29],"tags":[],"class_list":["post-68600","post","type-post","status-publish","format-standard","has-post-thumbnail","hentry","category-economie"],"aioseo_notices":[],"yoast_head":"<!-- This site is optimized with the Yoast SEO plugin v27.5 - https:\/\/yoast.com\/product\/yoast-seo-wordpress\/ -->\n<title>Retrait am\u00e9ricain de l&rsquo;Accord de Paris sur le climat : Quelle cons\u00e9quence pour le march\u00e9 mondial du gaz ? - La Sentinelle<\/title>\n<meta name=\"robots\" content=\"index, follow, max-snippet:-1, max-image-preview:large, max-video-preview:-1\" \/>\n<link rel=\"canonical\" href=\"https:\/\/lasentinelle.dz\/index.php\/2025\/06\/08\/retrait-americain-de-laccord-de-paris-sur-le-climat-quelle-consequence-pour-le-marche-mondial-du-gaz\/\" \/>\n<meta property=\"og:locale\" content=\"fr_FR\" \/>\n<meta property=\"og:type\" content=\"article\" \/>\n<meta property=\"og:title\" content=\"Retrait am\u00e9ricain de l&rsquo;Accord de Paris sur le climat : Quelle cons\u00e9quence pour le march\u00e9 mondial du gaz ? - La Sentinelle\" \/>\n<meta property=\"og:description\" content=\"L&rsquo;adoption tardive des r\u00e8gles de l&rsquo;Article 6 de l&rsquo;Accord de Paris lors de la COP29 en novembre dernier devait marquer\" \/>\n<meta property=\"og:url\" content=\"https:\/\/lasentinelle.dz\/index.php\/2025\/06\/08\/retrait-americain-de-laccord-de-paris-sur-le-climat-quelle-consequence-pour-le-marche-mondial-du-gaz\/\" \/>\n<meta property=\"og:site_name\" content=\"La Sentinelle\" \/>\n<meta property=\"article:publisher\" content=\"https:\/\/www.facebook.com\/La-Sentinelle-104059864394773\" \/>\n<meta property=\"article:published_time\" content=\"2025-06-08T19:49:01+00:00\" \/>\n<meta property=\"article:modified_time\" content=\"2025-06-08T19:49:02+00:00\" \/>\n<meta property=\"og:image\" content=\"https:\/\/lasentinelle.dz\/wp-content\/uploads\/2023\/10\/GECF.jpeg\" \/>\n\t<meta property=\"og:image:width\" content=\"340\" \/>\n\t<meta property=\"og:image:height\" content=\"200\" \/>\n\t<meta property=\"og:image:type\" content=\"image\/jpeg\" \/>\n<meta name=\"author\" content=\"admin\" \/>\n<meta name=\"twitter:card\" content=\"summary_large_image\" \/>\n<meta name=\"twitter:label1\" content=\"\u00c9crit par\" \/>\n\t<meta name=\"twitter:data1\" content=\"admin\" \/>\n\t<meta name=\"twitter:label2\" content=\"Dur\u00e9e de lecture estim\u00e9e\" \/>\n\t<meta name=\"twitter:data2\" content=\"5 minutes\" \/>\n<script type=\"application\/ld+json\" class=\"yoast-schema-graph\">{\"@context\":\"https:\\\/\\\/schema.org\",\"@graph\":[{\"@type\":\"Article\",\"@id\":\"https:\\\/\\\/lasentinelle.dz\\\/index.php\\\/2025\\\/06\\\/08\\\/retrait-americain-de-laccord-de-paris-sur-le-climat-quelle-consequence-pour-le-marche-mondial-du-gaz\\\/#article\",\"isPartOf\":{\"@id\":\"https:\\\/\\\/lasentinelle.dz\\\/index.php\\\/2025\\\/06\\\/08\\\/retrait-americain-de-laccord-de-paris-sur-le-climat-quelle-consequence-pour-le-marche-mondial-du-gaz\\\/\"},\"author\":{\"name\":\"admin\",\"@id\":\"https:\\\/\\\/lasentinelle.dz\\\/#\\\/schema\\\/person\\\/729ee0024f24e0b8c5ec17232f8e8b41\"},\"headline\":\"Retrait am\u00e9ricain de l&rsquo;Accord de Paris sur le climat : Quelle cons\u00e9quence pour le march\u00e9 mondial du gaz ?\",\"datePublished\":\"2025-06-08T19:49:01+00:00\",\"dateModified\":\"2025-06-08T19:49:02+00:00\",\"mainEntityOfPage\":{\"@id\":\"https:\\\/\\\/lasentinelle.dz\\\/index.php\\\/2025\\\/06\\\/08\\\/retrait-americain-de-laccord-de-paris-sur-le-climat-quelle-consequence-pour-le-marche-mondial-du-gaz\\\/\"},\"wordCount\":922,\"commentCount\":0,\"publisher\":{\"@id\":\"https:\\\/\\\/lasentinelle.dz\\\/#organization\"},\"image\":{\"@id\":\"https:\\\/\\\/lasentinelle.dz\\\/index.php\\\/2025\\\/06\\\/08\\\/retrait-americain-de-laccord-de-paris-sur-le-climat-quelle-consequence-pour-le-marche-mondial-du-gaz\\\/#primaryimage\"},\"thumbnailUrl\":\"https:\\\/\\\/lasentinelle.dz\\\/wp-content\\\/uploads\\\/2023\\\/10\\\/GECF.jpeg\",\"articleSection\":[\"\u00c9conomie\"],\"inLanguage\":\"fr-FR\",\"potentialAction\":[{\"@type\":\"CommentAction\",\"name\":\"Comment\",\"target\":[\"https:\\\/\\\/lasentinelle.dz\\\/index.php\\\/2025\\\/06\\\/08\\\/retrait-americain-de-laccord-de-paris-sur-le-climat-quelle-consequence-pour-le-marche-mondial-du-gaz\\\/#respond\"]}]},{\"@type\":\"WebPage\",\"@id\":\"https:\\\/\\\/lasentinelle.dz\\\/index.php\\\/2025\\\/06\\\/08\\\/retrait-americain-de-laccord-de-paris-sur-le-climat-quelle-consequence-pour-le-marche-mondial-du-gaz\\\/\",\"url\":\"https:\\\/\\\/lasentinelle.dz\\\/index.php\\\/2025\\\/06\\\/08\\\/retrait-americain-de-laccord-de-paris-sur-le-climat-quelle-consequence-pour-le-marche-mondial-du-gaz\\\/\",\"name\":\"Retrait am\u00e9ricain de l&rsquo;Accord de Paris sur le climat : Quelle cons\u00e9quence pour le march\u00e9 mondial du gaz ? - La Sentinelle\",\"isPartOf\":{\"@id\":\"https:\\\/\\\/lasentinelle.dz\\\/#website\"},\"primaryImageOfPage\":{\"@id\":\"https:\\\/\\\/lasentinelle.dz\\\/index.php\\\/2025\\\/06\\\/08\\\/retrait-americain-de-laccord-de-paris-sur-le-climat-quelle-consequence-pour-le-marche-mondial-du-gaz\\\/#primaryimage\"},\"image\":{\"@id\":\"https:\\\/\\\/lasentinelle.dz\\\/index.php\\\/2025\\\/06\\\/08\\\/retrait-americain-de-laccord-de-paris-sur-le-climat-quelle-consequence-pour-le-marche-mondial-du-gaz\\\/#primaryimage\"},\"thumbnailUrl\":\"https:\\\/\\\/lasentinelle.dz\\\/wp-content\\\/uploads\\\/2023\\\/10\\\/GECF.jpeg\",\"datePublished\":\"2025-06-08T19:49:01+00:00\",\"dateModified\":\"2025-06-08T19:49:02+00:00\",\"breadcrumb\":{\"@id\":\"https:\\\/\\\/lasentinelle.dz\\\/index.php\\\/2025\\\/06\\\/08\\\/retrait-americain-de-laccord-de-paris-sur-le-climat-quelle-consequence-pour-le-marche-mondial-du-gaz\\\/#breadcrumb\"},\"inLanguage\":\"fr-FR\",\"potentialAction\":[{\"@type\":\"ReadAction\",\"target\":[\"https:\\\/\\\/lasentinelle.dz\\\/index.php\\\/2025\\\/06\\\/08\\\/retrait-americain-de-laccord-de-paris-sur-le-climat-quelle-consequence-pour-le-marche-mondial-du-gaz\\\/\"]}]},{\"@type\":\"ImageObject\",\"inLanguage\":\"fr-FR\",\"@id\":\"https:\\\/\\\/lasentinelle.dz\\\/index.php\\\/2025\\\/06\\\/08\\\/retrait-americain-de-laccord-de-paris-sur-le-climat-quelle-consequence-pour-le-marche-mondial-du-gaz\\\/#primaryimage\",\"url\":\"https:\\\/\\\/lasentinelle.dz\\\/wp-content\\\/uploads\\\/2023\\\/10\\\/GECF.jpeg\",\"contentUrl\":\"https:\\\/\\\/lasentinelle.dz\\\/wp-content\\\/uploads\\\/2023\\\/10\\\/GECF.jpeg\",\"width\":340,\"height\":200},{\"@type\":\"BreadcrumbList\",\"@id\":\"https:\\\/\\\/lasentinelle.dz\\\/index.php\\\/2025\\\/06\\\/08\\\/retrait-americain-de-laccord-de-paris-sur-le-climat-quelle-consequence-pour-le-marche-mondial-du-gaz\\\/#breadcrumb\",\"itemListElement\":[{\"@type\":\"ListItem\",\"position\":1,\"name\":\"Accueil\",\"item\":\"https:\\\/\\\/lasentinelle.dz\\\/\"},{\"@type\":\"ListItem\",\"position\":2,\"name\":\"Retrait am\u00e9ricain de l&rsquo;Accord de Paris sur le climat : Quelle cons\u00e9quence pour le march\u00e9 mondial du gaz ?\"}]},{\"@type\":\"WebSite\",\"@id\":\"https:\\\/\\\/lasentinelle.dz\\\/#website\",\"url\":\"https:\\\/\\\/lasentinelle.dz\\\/\",\"name\":\"La Sentinelle\",\"description\":\"Quotidien national d&#039;information\",\"publisher\":{\"@id\":\"https:\\\/\\\/lasentinelle.dz\\\/#organization\"},\"potentialAction\":[{\"@type\":\"SearchAction\",\"target\":{\"@type\":\"EntryPoint\",\"urlTemplate\":\"https:\\\/\\\/lasentinelle.dz\\\/?s={search_term_string}\"},\"query-input\":{\"@type\":\"PropertyValueSpecification\",\"valueRequired\":true,\"valueName\":\"search_term_string\"}}],\"inLanguage\":\"fr-FR\"},{\"@type\":\"Organization\",\"@id\":\"https:\\\/\\\/lasentinelle.dz\\\/#organization\",\"name\":\"Quotidien La Sentinelle\",\"url\":\"https:\\\/\\\/lasentinelle.dz\\\/\",\"logo\":{\"@type\":\"ImageObject\",\"inLanguage\":\"fr-FR\",\"@id\":\"https:\\\/\\\/lasentinelle.dz\\\/#\\\/schema\\\/logo\\\/image\\\/\",\"url\":\"https:\\\/\\\/lasentinelle.dz\\\/wp-content\\\/uploads\\\/2021\\\/09\\\/logo-sentinelleSLOGAN-1.png\",\"contentUrl\":\"https:\\\/\\\/lasentinelle.dz\\\/wp-content\\\/uploads\\\/2021\\\/09\\\/logo-sentinelleSLOGAN-1.png\",\"width\":615,\"height\":142,\"caption\":\"Quotidien La Sentinelle\"},\"image\":{\"@id\":\"https:\\\/\\\/lasentinelle.dz\\\/#\\\/schema\\\/logo\\\/image\\\/\"},\"sameAs\":[\"https:\\\/\\\/www.facebook.com\\\/La-Sentinelle-104059864394773\"]},{\"@type\":\"Person\",\"@id\":\"https:\\\/\\\/lasentinelle.dz\\\/#\\\/schema\\\/person\\\/729ee0024f24e0b8c5ec17232f8e8b41\",\"name\":\"admin\",\"image\":{\"@type\":\"ImageObject\",\"inLanguage\":\"fr-FR\",\"@id\":\"https:\\\/\\\/secure.gravatar.com\\\/avatar\\\/4c81fed838786e9b53f540bf46533e750f5d292099ae3b66cfc6fb1982e29df7?s=96&d=mm&r=g\",\"url\":\"https:\\\/\\\/secure.gravatar.com\\\/avatar\\\/4c81fed838786e9b53f540bf46533e750f5d292099ae3b66cfc6fb1982e29df7?s=96&d=mm&r=g\",\"contentUrl\":\"https:\\\/\\\/secure.gravatar.com\\\/avatar\\\/4c81fed838786e9b53f540bf46533e750f5d292099ae3b66cfc6fb1982e29df7?s=96&d=mm&r=g\",\"caption\":\"admin\"},\"description\":\"admin\",\"url\":\"https:\\\/\\\/lasentinelle.dz\\\/author\\\/admin\\\/\"}]}<\/script>\n<!-- \/ Yoast SEO plugin. -->","yoast_head_json":{"title":"Retrait am\u00e9ricain de l&rsquo;Accord de Paris sur le climat : Quelle cons\u00e9quence pour le march\u00e9 mondial du gaz ? - La Sentinelle","robots":{"index":"index","follow":"follow","max-snippet":"max-snippet:-1","max-image-preview":"max-image-preview:large","max-video-preview":"max-video-preview:-1"},"canonical":"https:\/\/lasentinelle.dz\/index.php\/2025\/06\/08\/retrait-americain-de-laccord-de-paris-sur-le-climat-quelle-consequence-pour-le-marche-mondial-du-gaz\/","og_locale":"fr_FR","og_type":"article","og_title":"Retrait am\u00e9ricain de l&rsquo;Accord de Paris sur le climat : Quelle cons\u00e9quence pour le march\u00e9 mondial du gaz ? - La Sentinelle","og_description":"L&rsquo;adoption tardive des r\u00e8gles de l&rsquo;Article 6 de l&rsquo;Accord de Paris lors de la COP29 en novembre dernier devait marquer","og_url":"https:\/\/lasentinelle.dz\/index.php\/2025\/06\/08\/retrait-americain-de-laccord-de-paris-sur-le-climat-quelle-consequence-pour-le-marche-mondial-du-gaz\/","og_site_name":"La Sentinelle","article_publisher":"https:\/\/www.facebook.com\/La-Sentinelle-104059864394773","article_published_time":"2025-06-08T19:49:01+00:00","article_modified_time":"2025-06-08T19:49:02+00:00","og_image":[{"width":340,"height":200,"url":"https:\/\/lasentinelle.dz\/wp-content\/uploads\/2023\/10\/GECF.jpeg","type":"image\/jpeg"}],"author":"admin","twitter_card":"summary_large_image","twitter_misc":{"\u00c9crit par":"admin","Dur\u00e9e de lecture estim\u00e9e":"5 minutes"},"schema":{"@context":"https:\/\/schema.org","@graph":[{"@type":"Article","@id":"https:\/\/lasentinelle.dz\/index.php\/2025\/06\/08\/retrait-americain-de-laccord-de-paris-sur-le-climat-quelle-consequence-pour-le-marche-mondial-du-gaz\/#article","isPartOf":{"@id":"https:\/\/lasentinelle.dz\/index.php\/2025\/06\/08\/retrait-americain-de-laccord-de-paris-sur-le-climat-quelle-consequence-pour-le-marche-mondial-du-gaz\/"},"author":{"name":"admin","@id":"https:\/\/lasentinelle.dz\/#\/schema\/person\/729ee0024f24e0b8c5ec17232f8e8b41"},"headline":"Retrait am\u00e9ricain de l&rsquo;Accord de Paris sur le climat : Quelle cons\u00e9quence pour le march\u00e9 mondial du gaz ?","datePublished":"2025-06-08T19:49:01+00:00","dateModified":"2025-06-08T19:49:02+00:00","mainEntityOfPage":{"@id":"https:\/\/lasentinelle.dz\/index.php\/2025\/06\/08\/retrait-americain-de-laccord-de-paris-sur-le-climat-quelle-consequence-pour-le-marche-mondial-du-gaz\/"},"wordCount":922,"commentCount":0,"publisher":{"@id":"https:\/\/lasentinelle.dz\/#organization"},"image":{"@id":"https:\/\/lasentinelle.dz\/index.php\/2025\/06\/08\/retrait-americain-de-laccord-de-paris-sur-le-climat-quelle-consequence-pour-le-marche-mondial-du-gaz\/#primaryimage"},"thumbnailUrl":"https:\/\/lasentinelle.dz\/wp-content\/uploads\/2023\/10\/GECF.jpeg","articleSection":["\u00c9conomie"],"inLanguage":"fr-FR","potentialAction":[{"@type":"CommentAction","name":"Comment","target":["https:\/\/lasentinelle.dz\/index.php\/2025\/06\/08\/retrait-americain-de-laccord-de-paris-sur-le-climat-quelle-consequence-pour-le-marche-mondial-du-gaz\/#respond"]}]},{"@type":"WebPage","@id":"https:\/\/lasentinelle.dz\/index.php\/2025\/06\/08\/retrait-americain-de-laccord-de-paris-sur-le-climat-quelle-consequence-pour-le-marche-mondial-du-gaz\/","url":"https:\/\/lasentinelle.dz\/index.php\/2025\/06\/08\/retrait-americain-de-laccord-de-paris-sur-le-climat-quelle-consequence-pour-le-marche-mondial-du-gaz\/","name":"Retrait am\u00e9ricain de l&rsquo;Accord de Paris sur le climat : Quelle cons\u00e9quence pour le march\u00e9 mondial du gaz ? - La Sentinelle","isPartOf":{"@id":"https:\/\/lasentinelle.dz\/#website"},"primaryImageOfPage":{"@id":"https:\/\/lasentinelle.dz\/index.php\/2025\/06\/08\/retrait-americain-de-laccord-de-paris-sur-le-climat-quelle-consequence-pour-le-marche-mondial-du-gaz\/#primaryimage"},"image":{"@id":"https:\/\/lasentinelle.dz\/index.php\/2025\/06\/08\/retrait-americain-de-laccord-de-paris-sur-le-climat-quelle-consequence-pour-le-marche-mondial-du-gaz\/#primaryimage"},"thumbnailUrl":"https:\/\/lasentinelle.dz\/wp-content\/uploads\/2023\/10\/GECF.jpeg","datePublished":"2025-06-08T19:49:01+00:00","dateModified":"2025-06-08T19:49:02+00:00","breadcrumb":{"@id":"https:\/\/lasentinelle.dz\/index.php\/2025\/06\/08\/retrait-americain-de-laccord-de-paris-sur-le-climat-quelle-consequence-pour-le-marche-mondial-du-gaz\/#breadcrumb"},"inLanguage":"fr-FR","potentialAction":[{"@type":"ReadAction","target":["https:\/\/lasentinelle.dz\/index.php\/2025\/06\/08\/retrait-americain-de-laccord-de-paris-sur-le-climat-quelle-consequence-pour-le-marche-mondial-du-gaz\/"]}]},{"@type":"ImageObject","inLanguage":"fr-FR","@id":"https:\/\/lasentinelle.dz\/index.php\/2025\/06\/08\/retrait-americain-de-laccord-de-paris-sur-le-climat-quelle-consequence-pour-le-marche-mondial-du-gaz\/#primaryimage","url":"https:\/\/lasentinelle.dz\/wp-content\/uploads\/2023\/10\/GECF.jpeg","contentUrl":"https:\/\/lasentinelle.dz\/wp-content\/uploads\/2023\/10\/GECF.jpeg","width":340,"height":200},{"@type":"BreadcrumbList","@id":"https:\/\/lasentinelle.dz\/index.php\/2025\/06\/08\/retrait-americain-de-laccord-de-paris-sur-le-climat-quelle-consequence-pour-le-marche-mondial-du-gaz\/#breadcrumb","itemListElement":[{"@type":"ListItem","position":1,"name":"Accueil","item":"https:\/\/lasentinelle.dz\/"},{"@type":"ListItem","position":2,"name":"Retrait am\u00e9ricain de l&rsquo;Accord de Paris sur le climat : Quelle cons\u00e9quence pour le march\u00e9 mondial du gaz ?"}]},{"@type":"WebSite","@id":"https:\/\/lasentinelle.dz\/#website","url":"https:\/\/lasentinelle.dz\/","name":"La Sentinelle","description":"Quotidien national d&#039;information","publisher":{"@id":"https:\/\/lasentinelle.dz\/#organization"},"potentialAction":[{"@type":"SearchAction","target":{"@type":"EntryPoint","urlTemplate":"https:\/\/lasentinelle.dz\/?s={search_term_string}"},"query-input":{"@type":"PropertyValueSpecification","valueRequired":true,"valueName":"search_term_string"}}],"inLanguage":"fr-FR"},{"@type":"Organization","@id":"https:\/\/lasentinelle.dz\/#organization","name":"Quotidien La Sentinelle","url":"https:\/\/lasentinelle.dz\/","logo":{"@type":"ImageObject","inLanguage":"fr-FR","@id":"https:\/\/lasentinelle.dz\/#\/schema\/logo\/image\/","url":"https:\/\/lasentinelle.dz\/wp-content\/uploads\/2021\/09\/logo-sentinelleSLOGAN-1.png","contentUrl":"https:\/\/lasentinelle.dz\/wp-content\/uploads\/2021\/09\/logo-sentinelleSLOGAN-1.png","width":615,"height":142,"caption":"Quotidien La Sentinelle"},"image":{"@id":"https:\/\/lasentinelle.dz\/#\/schema\/logo\/image\/"},"sameAs":["https:\/\/www.facebook.com\/La-Sentinelle-104059864394773"]},{"@type":"Person","@id":"https:\/\/lasentinelle.dz\/#\/schema\/person\/729ee0024f24e0b8c5ec17232f8e8b41","name":"admin","image":{"@type":"ImageObject","inLanguage":"fr-FR","@id":"https:\/\/secure.gravatar.com\/avatar\/4c81fed838786e9b53f540bf46533e750f5d292099ae3b66cfc6fb1982e29df7?s=96&d=mm&r=g","url":"https:\/\/secure.gravatar.com\/avatar\/4c81fed838786e9b53f540bf46533e750f5d292099ae3b66cfc6fb1982e29df7?s=96&d=mm&r=g","contentUrl":"https:\/\/secure.gravatar.com\/avatar\/4c81fed838786e9b53f540bf46533e750f5d292099ae3b66cfc6fb1982e29df7?s=96&d=mm&r=g","caption":"admin"},"description":"admin","url":"https:\/\/lasentinelle.dz\/author\/admin\/"}]}},"_links":{"self":[{"href":"https:\/\/lasentinelle.dz\/index.php\/wp-json\/wp\/v2\/posts\/68600","targetHints":{"allow":["GET"]}}],"collection":[{"href":"https:\/\/lasentinelle.dz\/index.php\/wp-json\/wp\/v2\/posts"}],"about":[{"href":"https:\/\/lasentinelle.dz\/index.php\/wp-json\/wp\/v2\/types\/post"}],"author":[{"embeddable":true,"href":"https:\/\/lasentinelle.dz\/index.php\/wp-json\/wp\/v2\/users\/6"}],"replies":[{"embeddable":true,"href":"https:\/\/lasentinelle.dz\/index.php\/wp-json\/wp\/v2\/comments?post=68600"}],"version-history":[{"count":2,"href":"https:\/\/lasentinelle.dz\/index.php\/wp-json\/wp\/v2\/posts\/68600\/revisions"}],"predecessor-version":[{"id":68602,"href":"https:\/\/lasentinelle.dz\/index.php\/wp-json\/wp\/v2\/posts\/68600\/revisions\/68602"}],"wp:featuredmedia":[{"embeddable":true,"href":"https:\/\/lasentinelle.dz\/index.php\/wp-json\/wp\/v2\/media\/46184"}],"wp:attachment":[{"href":"https:\/\/lasentinelle.dz\/index.php\/wp-json\/wp\/v2\/media?parent=68600"}],"wp:term":[{"taxonomy":"category","embeddable":true,"href":"https:\/\/lasentinelle.dz\/index.php\/wp-json\/wp\/v2\/categories?post=68600"},{"taxonomy":"post_tag","embeddable":true,"href":"https:\/\/lasentinelle.dz\/index.php\/wp-json\/wp\/v2\/tags?post=68600"}],"curies":[{"name":"wp","href":"https:\/\/api.w.org\/{rel}","templated":true}]}}