{"id":68606,"date":"2025-06-08T20:51:14","date_gmt":"2025-06-08T19:51:14","guid":{"rendered":"https:\/\/lasentinelle.dz\/?p=68606"},"modified":"2025-06-08T21:00:02","modified_gmt":"2025-06-08T20:00:02","slug":"aid-el-adha-le-general-darmee-said-chanegriha-preside-la-ceremonie-de-presentation-des-voeux","status":"publish","type":"post","link":"https:\/\/lasentinelle.dz\/index.php\/2025\/06\/08\/aid-el-adha-le-general-darmee-said-chanegriha-preside-la-ceremonie-de-presentation-des-voeux\/","title":{"rendered":"A\u00efd El Adha : Le G\u00e9n\u00e9ral d\u2019Arm\u00e9e Sa\u00efd Chanegriha pr\u00e9side la c\u00e9r\u00e9monie de pr\u00e9sentation des v\u0153ux"},"content":{"rendered":"\n<p>Le G\u00e9n\u00e9ral d\u2019Arm\u00e9e Sa\u00efd Chanegriha, ministre D\u00e9l\u00e9gu\u00e9 aupr\u00e8s du ministre de la D\u00e9fense nationale, Chef d\u2019Etat-major de l&rsquo;Arm\u00e9e nationale populaire (ANP), a pr\u00e9sid\u00e9, dimanche, la c\u00e9r\u00e9monie de pr\u00e9sentation des v\u0153ux \u00e0 l\u2019occasion de la f\u00eate de l\u2019A\u00efd El Adha, indique un communiqu\u00e9 du minist\u00e8re de la D\u00e9fense nationale (MDN). A cette occasion, Monsieur le G\u00e9n\u00e9ral d\u2019Arm\u00e9e \u00aba tenu \u00e0 transmettre les v\u0153ux de Monsieur le Pr\u00e9sident de la R\u00e9publique, Chef Supr\u00eame des Forces Arm\u00e9es, ministre de la D\u00e9fense nationale aux pr\u00e9sents, avant de leur pr\u00e9senter \u00e0 son tour ses v\u0153ux et \u00e0 leurs proches ainsi qu\u2019\u00e0 l\u2019ensemble des personnels de l&rsquo;ANP\u00bb, ajoute le communiqu\u00e9. \u00abTout d\u2019abord, je tiens \u00e0 vous adresser les salutations et les v\u0153ux de Monsieur le Pr\u00e9sident de la R\u00e9publique, Chef Supr\u00eame des Forces Arm\u00e9es, ministre de la D\u00e9fense nationale, \u00e0 l\u2019occasion de l\u2019A\u00efd El Adha. Je saisis \u00e9galement cette occasion religieuse sacr\u00e9e, afin de vous pr\u00e9senter mes v\u0153ux les plus sinc\u00e8res, priant Allah le Tout Puissant de vous combler, ainsi que vos familles de sant\u00e9, de bonheur et de prosp\u00e9rit\u00e9\u00bb, a d\u00e9clar\u00e9 le G\u00e9n\u00e9ral d\u2019Arm\u00e9e. \u00abC\u2019est \u00e9galement une occasion que je saisis constamment afin de tenir cette c\u00e9r\u00e9monie symbolique pour ancrer, les traditions de l\u2019ANP et inciter nos cadres et nos personnels, \u00e0 redoubler d\u2019efforts et de pers\u00e9v\u00e9rance au service des int\u00e9r\u00eats supr\u00eames du pays\u00bb, a-t-il conclu.<\/p>\n\n\n\n<p>R.N.<\/p>\n","protected":false},"excerpt":{"rendered":"<p>Le G\u00e9n\u00e9ral d\u2019Arm\u00e9e Sa\u00efd Chanegriha, ministre D\u00e9l\u00e9gu\u00e9 aupr\u00e8s du ministre de la D\u00e9fense nationale, Chef d\u2019Etat-major de l&rsquo;Arm\u00e9e nationale populaire<\/p>\n","protected":false},"author":6,"featured_media":68607,"comment_status":"open","ping_status":"closed","sticky":false,"template":"","format":"standard","meta":{"colormag_page_container_layout":"default_layout","colormag_page_sidebar_layout":"default_layout","om_disable_all_campaigns":false,"_monsterinsights_skip_tracking":false,"_monsterinsights_sitenote_active":false,"_monsterinsights_sitenote_note":"","_monsterinsights_sitenote_category":0,"footnotes":"","_wpscppro_dont_share_socialmedia":false,"_wpscppro_custom_social_share_image":0,"_facebook_share_type":"default","_twitter_share_type":"default","_linkedin_share_type":"default","_pinterest_share_type":"default","_linkedin_share_type_page":"","_instagram_share_type":"default","_medium_share_type":"default","_threads_share_type":"","_google_business_share_type":"","_selected_social_profile":[],"_wpsp_enable_custom_social_template":false,"_wpsp_social_scheduling":{"enabled":false,"datetime":null,"platforms":[],"status":"template_only","dateOption":"today","timeOption":"now","customDays":"","customHours":"","customDate":"","customTime":"","schedulingType":"absolute"},"_wpsp_active_default_template":true},"categories":[27],"tags":[],"class_list":["post-68606","post","type-post","status-publish","format-standard","has-post-thumbnail","hentry","category-actualite"],"aioseo_notices":[],"yoast_head":"<!-- This site is optimized with the Yoast SEO plugin v27.5 - https:\/\/yoast.com\/product\/yoast-seo-wordpress\/ -->\n<title>A\u00efd El Adha : Le G\u00e9n\u00e9ral d\u2019Arm\u00e9e Sa\u00efd Chanegriha pr\u00e9side la c\u00e9r\u00e9monie de pr\u00e9sentation des v\u0153ux - La Sentinelle<\/title>\n<meta name=\"robots\" content=\"index, follow, max-snippet:-1, max-image-preview:large, max-video-preview:-1\" \/>\n<link rel=\"canonical\" href=\"https:\/\/lasentinelle.dz\/index.php\/2025\/06\/08\/aid-el-adha-le-general-darmee-said-chanegriha-preside-la-ceremonie-de-presentation-des-voeux\/\" \/>\n<meta property=\"og:locale\" content=\"fr_FR\" \/>\n<meta property=\"og:type\" content=\"article\" \/>\n<meta property=\"og:title\" content=\"A\u00efd El Adha : Le G\u00e9n\u00e9ral d\u2019Arm\u00e9e Sa\u00efd Chanegriha pr\u00e9side la c\u00e9r\u00e9monie de pr\u00e9sentation des v\u0153ux - La Sentinelle\" \/>\n<meta property=\"og:description\" content=\"Le G\u00e9n\u00e9ral d\u2019Arm\u00e9e Sa\u00efd Chanegriha, ministre D\u00e9l\u00e9gu\u00e9 aupr\u00e8s du ministre de la D\u00e9fense nationale, Chef d\u2019Etat-major de l&rsquo;Arm\u00e9e nationale populaire\" \/>\n<meta property=\"og:url\" content=\"https:\/\/lasentinelle.dz\/index.php\/2025\/06\/08\/aid-el-adha-le-general-darmee-said-chanegriha-preside-la-ceremonie-de-presentation-des-voeux\/\" \/>\n<meta property=\"og:site_name\" content=\"La Sentinelle\" \/>\n<meta property=\"article:publisher\" content=\"https:\/\/www.facebook.com\/La-Sentinelle-104059864394773\" \/>\n<meta property=\"article:published_time\" content=\"2025-06-08T19:51:14+00:00\" \/>\n<meta property=\"article:modified_time\" content=\"2025-06-08T20:00:02+00:00\" \/>\n<meta property=\"og:image\" content=\"https:\/\/lasentinelle.dz\/wp-content\/uploads\/2025\/06\/said-chanegriha-08-06-2025.webp\" \/>\n\t<meta property=\"og:image:width\" content=\"900\" \/>\n\t<meta property=\"og:image:height\" content=\"675\" \/>\n\t<meta property=\"og:image:type\" content=\"image\/webp\" \/>\n<meta name=\"author\" content=\"admin\" \/>\n<meta name=\"twitter:card\" content=\"summary_large_image\" \/>\n<meta name=\"twitter:label1\" content=\"\u00c9crit par\" \/>\n\t<meta name=\"twitter:data1\" content=\"admin\" \/>\n\t<meta name=\"twitter:label2\" content=\"Dur\u00e9e de lecture estim\u00e9e\" \/>\n\t<meta name=\"twitter:data2\" content=\"2 minutes\" \/>\n<script type=\"application\/ld+json\" class=\"yoast-schema-graph\">{\"@context\":\"https:\\\/\\\/schema.org\",\"@graph\":[{\"@type\":\"Article\",\"@id\":\"https:\\\/\\\/lasentinelle.dz\\\/index.php\\\/2025\\\/06\\\/08\\\/aid-el-adha-le-general-darmee-said-chanegriha-preside-la-ceremonie-de-presentation-des-voeux\\\/#article\",\"isPartOf\":{\"@id\":\"https:\\\/\\\/lasentinelle.dz\\\/index.php\\\/2025\\\/06\\\/08\\\/aid-el-adha-le-general-darmee-said-chanegriha-preside-la-ceremonie-de-presentation-des-voeux\\\/\"},\"author\":{\"name\":\"admin\",\"@id\":\"https:\\\/\\\/lasentinelle.dz\\\/#\\\/schema\\\/person\\\/729ee0024f24e0b8c5ec17232f8e8b41\"},\"headline\":\"A\u00efd El Adha : Le G\u00e9n\u00e9ral d\u2019Arm\u00e9e Sa\u00efd Chanegriha pr\u00e9side la c\u00e9r\u00e9monie de pr\u00e9sentation des v\u0153ux\",\"datePublished\":\"2025-06-08T19:51:14+00:00\",\"dateModified\":\"2025-06-08T20:00:02+00:00\",\"mainEntityOfPage\":{\"@id\":\"https:\\\/\\\/lasentinelle.dz\\\/index.php\\\/2025\\\/06\\\/08\\\/aid-el-adha-le-general-darmee-said-chanegriha-preside-la-ceremonie-de-presentation-des-voeux\\\/\"},\"wordCount\":310,\"commentCount\":0,\"publisher\":{\"@id\":\"https:\\\/\\\/lasentinelle.dz\\\/#organization\"},\"image\":{\"@id\":\"https:\\\/\\\/lasentinelle.dz\\\/index.php\\\/2025\\\/06\\\/08\\\/aid-el-adha-le-general-darmee-said-chanegriha-preside-la-ceremonie-de-presentation-des-voeux\\\/#primaryimage\"},\"thumbnailUrl\":\"https:\\\/\\\/lasentinelle.dz\\\/wp-content\\\/uploads\\\/2025\\\/06\\\/said-chanegriha-08-06-2025.webp\",\"articleSection\":[\"Actualit\u00e9\"],\"inLanguage\":\"fr-FR\",\"potentialAction\":[{\"@type\":\"CommentAction\",\"name\":\"Comment\",\"target\":[\"https:\\\/\\\/lasentinelle.dz\\\/index.php\\\/2025\\\/06\\\/08\\\/aid-el-adha-le-general-darmee-said-chanegriha-preside-la-ceremonie-de-presentation-des-voeux\\\/#respond\"]}]},{\"@type\":\"WebPage\",\"@id\":\"https:\\\/\\\/lasentinelle.dz\\\/index.php\\\/2025\\\/06\\\/08\\\/aid-el-adha-le-general-darmee-said-chanegriha-preside-la-ceremonie-de-presentation-des-voeux\\\/\",\"url\":\"https:\\\/\\\/lasentinelle.dz\\\/index.php\\\/2025\\\/06\\\/08\\\/aid-el-adha-le-general-darmee-said-chanegriha-preside-la-ceremonie-de-presentation-des-voeux\\\/\",\"name\":\"A\u00efd El Adha : Le G\u00e9n\u00e9ral d\u2019Arm\u00e9e Sa\u00efd Chanegriha pr\u00e9side la c\u00e9r\u00e9monie de pr\u00e9sentation des v\u0153ux - La Sentinelle\",\"isPartOf\":{\"@id\":\"https:\\\/\\\/lasentinelle.dz\\\/#website\"},\"primaryImageOfPage\":{\"@id\":\"https:\\\/\\\/lasentinelle.dz\\\/index.php\\\/2025\\\/06\\\/08\\\/aid-el-adha-le-general-darmee-said-chanegriha-preside-la-ceremonie-de-presentation-des-voeux\\\/#primaryimage\"},\"image\":{\"@id\":\"https:\\\/\\\/lasentinelle.dz\\\/index.php\\\/2025\\\/06\\\/08\\\/aid-el-adha-le-general-darmee-said-chanegriha-preside-la-ceremonie-de-presentation-des-voeux\\\/#primaryimage\"},\"thumbnailUrl\":\"https:\\\/\\\/lasentinelle.dz\\\/wp-content\\\/uploads\\\/2025\\\/06\\\/said-chanegriha-08-06-2025.webp\",\"datePublished\":\"2025-06-08T19:51:14+00:00\",\"dateModified\":\"2025-06-08T20:00:02+00:00\",\"breadcrumb\":{\"@id\":\"https:\\\/\\\/lasentinelle.dz\\\/index.php\\\/2025\\\/06\\\/08\\\/aid-el-adha-le-general-darmee-said-chanegriha-preside-la-ceremonie-de-presentation-des-voeux\\\/#breadcrumb\"},\"inLanguage\":\"fr-FR\",\"potentialAction\":[{\"@type\":\"ReadAction\",\"target\":[\"https:\\\/\\\/lasentinelle.dz\\\/index.php\\\/2025\\\/06\\\/08\\\/aid-el-adha-le-general-darmee-said-chanegriha-preside-la-ceremonie-de-presentation-des-voeux\\\/\"]}]},{\"@type\":\"ImageObject\",\"inLanguage\":\"fr-FR\",\"@id\":\"https:\\\/\\\/lasentinelle.dz\\\/index.php\\\/2025\\\/06\\\/08\\\/aid-el-adha-le-general-darmee-said-chanegriha-preside-la-ceremonie-de-presentation-des-voeux\\\/#primaryimage\",\"url\":\"https:\\\/\\\/lasentinelle.dz\\\/wp-content\\\/uploads\\\/2025\\\/06\\\/said-chanegriha-08-06-2025.webp\",\"contentUrl\":\"https:\\\/\\\/lasentinelle.dz\\\/wp-content\\\/uploads\\\/2025\\\/06\\\/said-chanegriha-08-06-2025.webp\",\"width\":900,\"height\":675},{\"@type\":\"BreadcrumbList\",\"@id\":\"https:\\\/\\\/lasentinelle.dz\\\/index.php\\\/2025\\\/06\\\/08\\\/aid-el-adha-le-general-darmee-said-chanegriha-preside-la-ceremonie-de-presentation-des-voeux\\\/#breadcrumb\",\"itemListElement\":[{\"@type\":\"ListItem\",\"position\":1,\"name\":\"Accueil\",\"item\":\"https:\\\/\\\/lasentinelle.dz\\\/\"},{\"@type\":\"ListItem\",\"position\":2,\"name\":\"A\u00efd El Adha : Le G\u00e9n\u00e9ral d\u2019Arm\u00e9e Sa\u00efd Chanegriha pr\u00e9side la c\u00e9r\u00e9monie de pr\u00e9sentation des v\u0153ux\"}]},{\"@type\":\"WebSite\",\"@id\":\"https:\\\/\\\/lasentinelle.dz\\\/#website\",\"url\":\"https:\\\/\\\/lasentinelle.dz\\\/\",\"name\":\"La Sentinelle\",\"description\":\"Quotidien national d&#039;information\",\"publisher\":{\"@id\":\"https:\\\/\\\/lasentinelle.dz\\\/#organization\"},\"potentialAction\":[{\"@type\":\"SearchAction\",\"target\":{\"@type\":\"EntryPoint\",\"urlTemplate\":\"https:\\\/\\\/lasentinelle.dz\\\/?s={search_term_string}\"},\"query-input\":{\"@type\":\"PropertyValueSpecification\",\"valueRequired\":true,\"valueName\":\"search_term_string\"}}],\"inLanguage\":\"fr-FR\"},{\"@type\":\"Organization\",\"@id\":\"https:\\\/\\\/lasentinelle.dz\\\/#organization\",\"name\":\"Quotidien La Sentinelle\",\"url\":\"https:\\\/\\\/lasentinelle.dz\\\/\",\"logo\":{\"@type\":\"ImageObject\",\"inLanguage\":\"fr-FR\",\"@id\":\"https:\\\/\\\/lasentinelle.dz\\\/#\\\/schema\\\/logo\\\/image\\\/\",\"url\":\"https:\\\/\\\/lasentinelle.dz\\\/wp-content\\\/uploads\\\/2021\\\/09\\\/logo-sentinelleSLOGAN-1.png\",\"contentUrl\":\"https:\\\/\\\/lasentinelle.dz\\\/wp-content\\\/uploads\\\/2021\\\/09\\\/logo-sentinelleSLOGAN-1.png\",\"width\":615,\"height\":142,\"caption\":\"Quotidien La Sentinelle\"},\"image\":{\"@id\":\"https:\\\/\\\/lasentinelle.dz\\\/#\\\/schema\\\/logo\\\/image\\\/\"},\"sameAs\":[\"https:\\\/\\\/www.facebook.com\\\/La-Sentinelle-104059864394773\"]},{\"@type\":\"Person\",\"@id\":\"https:\\\/\\\/lasentinelle.dz\\\/#\\\/schema\\\/person\\\/729ee0024f24e0b8c5ec17232f8e8b41\",\"name\":\"admin\",\"image\":{\"@type\":\"ImageObject\",\"inLanguage\":\"fr-FR\",\"@id\":\"https:\\\/\\\/secure.gravatar.com\\\/avatar\\\/4c81fed838786e9b53f540bf46533e750f5d292099ae3b66cfc6fb1982e29df7?s=96&d=mm&r=g\",\"url\":\"https:\\\/\\\/secure.gravatar.com\\\/avatar\\\/4c81fed838786e9b53f540bf46533e750f5d292099ae3b66cfc6fb1982e29df7?s=96&d=mm&r=g\",\"contentUrl\":\"https:\\\/\\\/secure.gravatar.com\\\/avatar\\\/4c81fed838786e9b53f540bf46533e750f5d292099ae3b66cfc6fb1982e29df7?s=96&d=mm&r=g\",\"caption\":\"admin\"},\"description\":\"admin\",\"url\":\"https:\\\/\\\/lasentinelle.dz\\\/author\\\/admin\\\/\"}]}<\/script>\n<!-- \/ Yoast SEO plugin. -->","yoast_head_json":{"title":"A\u00efd El Adha : Le G\u00e9n\u00e9ral d\u2019Arm\u00e9e Sa\u00efd Chanegriha pr\u00e9side la c\u00e9r\u00e9monie de pr\u00e9sentation des v\u0153ux - La Sentinelle","robots":{"index":"index","follow":"follow","max-snippet":"max-snippet:-1","max-image-preview":"max-image-preview:large","max-video-preview":"max-video-preview:-1"},"canonical":"https:\/\/lasentinelle.dz\/index.php\/2025\/06\/08\/aid-el-adha-le-general-darmee-said-chanegriha-preside-la-ceremonie-de-presentation-des-voeux\/","og_locale":"fr_FR","og_type":"article","og_title":"A\u00efd El Adha : Le G\u00e9n\u00e9ral d\u2019Arm\u00e9e Sa\u00efd Chanegriha pr\u00e9side la c\u00e9r\u00e9monie de pr\u00e9sentation des v\u0153ux - La Sentinelle","og_description":"Le G\u00e9n\u00e9ral d\u2019Arm\u00e9e Sa\u00efd Chanegriha, ministre D\u00e9l\u00e9gu\u00e9 aupr\u00e8s du ministre de la D\u00e9fense nationale, Chef d\u2019Etat-major de l&rsquo;Arm\u00e9e nationale populaire","og_url":"https:\/\/lasentinelle.dz\/index.php\/2025\/06\/08\/aid-el-adha-le-general-darmee-said-chanegriha-preside-la-ceremonie-de-presentation-des-voeux\/","og_site_name":"La Sentinelle","article_publisher":"https:\/\/www.facebook.com\/La-Sentinelle-104059864394773","article_published_time":"2025-06-08T19:51:14+00:00","article_modified_time":"2025-06-08T20:00:02+00:00","og_image":[{"width":900,"height":675,"url":"https:\/\/lasentinelle.dz\/wp-content\/uploads\/2025\/06\/said-chanegriha-08-06-2025.webp","type":"image\/webp"}],"author":"admin","twitter_card":"summary_large_image","twitter_misc":{"\u00c9crit par":"admin","Dur\u00e9e de lecture estim\u00e9e":"2 minutes"},"schema":{"@context":"https:\/\/schema.org","@graph":[{"@type":"Article","@id":"https:\/\/lasentinelle.dz\/index.php\/2025\/06\/08\/aid-el-adha-le-general-darmee-said-chanegriha-preside-la-ceremonie-de-presentation-des-voeux\/#article","isPartOf":{"@id":"https:\/\/lasentinelle.dz\/index.php\/2025\/06\/08\/aid-el-adha-le-general-darmee-said-chanegriha-preside-la-ceremonie-de-presentation-des-voeux\/"},"author":{"name":"admin","@id":"https:\/\/lasentinelle.dz\/#\/schema\/person\/729ee0024f24e0b8c5ec17232f8e8b41"},"headline":"A\u00efd El Adha : Le G\u00e9n\u00e9ral d\u2019Arm\u00e9e Sa\u00efd Chanegriha pr\u00e9side la c\u00e9r\u00e9monie de pr\u00e9sentation des v\u0153ux","datePublished":"2025-06-08T19:51:14+00:00","dateModified":"2025-06-08T20:00:02+00:00","mainEntityOfPage":{"@id":"https:\/\/lasentinelle.dz\/index.php\/2025\/06\/08\/aid-el-adha-le-general-darmee-said-chanegriha-preside-la-ceremonie-de-presentation-des-voeux\/"},"wordCount":310,"commentCount":0,"publisher":{"@id":"https:\/\/lasentinelle.dz\/#organization"},"image":{"@id":"https:\/\/lasentinelle.dz\/index.php\/2025\/06\/08\/aid-el-adha-le-general-darmee-said-chanegriha-preside-la-ceremonie-de-presentation-des-voeux\/#primaryimage"},"thumbnailUrl":"https:\/\/lasentinelle.dz\/wp-content\/uploads\/2025\/06\/said-chanegriha-08-06-2025.webp","articleSection":["Actualit\u00e9"],"inLanguage":"fr-FR","potentialAction":[{"@type":"CommentAction","name":"Comment","target":["https:\/\/lasentinelle.dz\/index.php\/2025\/06\/08\/aid-el-adha-le-general-darmee-said-chanegriha-preside-la-ceremonie-de-presentation-des-voeux\/#respond"]}]},{"@type":"WebPage","@id":"https:\/\/lasentinelle.dz\/index.php\/2025\/06\/08\/aid-el-adha-le-general-darmee-said-chanegriha-preside-la-ceremonie-de-presentation-des-voeux\/","url":"https:\/\/lasentinelle.dz\/index.php\/2025\/06\/08\/aid-el-adha-le-general-darmee-said-chanegriha-preside-la-ceremonie-de-presentation-des-voeux\/","name":"A\u00efd El Adha : Le G\u00e9n\u00e9ral d\u2019Arm\u00e9e Sa\u00efd Chanegriha pr\u00e9side la c\u00e9r\u00e9monie de pr\u00e9sentation des v\u0153ux - La Sentinelle","isPartOf":{"@id":"https:\/\/lasentinelle.dz\/#website"},"primaryImageOfPage":{"@id":"https:\/\/lasentinelle.dz\/index.php\/2025\/06\/08\/aid-el-adha-le-general-darmee-said-chanegriha-preside-la-ceremonie-de-presentation-des-voeux\/#primaryimage"},"image":{"@id":"https:\/\/lasentinelle.dz\/index.php\/2025\/06\/08\/aid-el-adha-le-general-darmee-said-chanegriha-preside-la-ceremonie-de-presentation-des-voeux\/#primaryimage"},"thumbnailUrl":"https:\/\/lasentinelle.dz\/wp-content\/uploads\/2025\/06\/said-chanegriha-08-06-2025.webp","datePublished":"2025-06-08T19:51:14+00:00","dateModified":"2025-06-08T20:00:02+00:00","breadcrumb":{"@id":"https:\/\/lasentinelle.dz\/index.php\/2025\/06\/08\/aid-el-adha-le-general-darmee-said-chanegriha-preside-la-ceremonie-de-presentation-des-voeux\/#breadcrumb"},"inLanguage":"fr-FR","potentialAction":[{"@type":"ReadAction","target":["https:\/\/lasentinelle.dz\/index.php\/2025\/06\/08\/aid-el-adha-le-general-darmee-said-chanegriha-preside-la-ceremonie-de-presentation-des-voeux\/"]}]},{"@type":"ImageObject","inLanguage":"fr-FR","@id":"https:\/\/lasentinelle.dz\/index.php\/2025\/06\/08\/aid-el-adha-le-general-darmee-said-chanegriha-preside-la-ceremonie-de-presentation-des-voeux\/#primaryimage","url":"https:\/\/lasentinelle.dz\/wp-content\/uploads\/2025\/06\/said-chanegriha-08-06-2025.webp","contentUrl":"https:\/\/lasentinelle.dz\/wp-content\/uploads\/2025\/06\/said-chanegriha-08-06-2025.webp","width":900,"height":675},{"@type":"BreadcrumbList","@id":"https:\/\/lasentinelle.dz\/index.php\/2025\/06\/08\/aid-el-adha-le-general-darmee-said-chanegriha-preside-la-ceremonie-de-presentation-des-voeux\/#breadcrumb","itemListElement":[{"@type":"ListItem","position":1,"name":"Accueil","item":"https:\/\/lasentinelle.dz\/"},{"@type":"ListItem","position":2,"name":"A\u00efd El Adha : Le G\u00e9n\u00e9ral d\u2019Arm\u00e9e Sa\u00efd Chanegriha pr\u00e9side la c\u00e9r\u00e9monie de pr\u00e9sentation des v\u0153ux"}]},{"@type":"WebSite","@id":"https:\/\/lasentinelle.dz\/#website","url":"https:\/\/lasentinelle.dz\/","name":"La Sentinelle","description":"Quotidien national d&#039;information","publisher":{"@id":"https:\/\/lasentinelle.dz\/#organization"},"potentialAction":[{"@type":"SearchAction","target":{"@type":"EntryPoint","urlTemplate":"https:\/\/lasentinelle.dz\/?s={search_term_string}"},"query-input":{"@type":"PropertyValueSpecification","valueRequired":true,"valueName":"search_term_string"}}],"inLanguage":"fr-FR"},{"@type":"Organization","@id":"https:\/\/lasentinelle.dz\/#organization","name":"Quotidien La Sentinelle","url":"https:\/\/lasentinelle.dz\/","logo":{"@type":"ImageObject","inLanguage":"fr-FR","@id":"https:\/\/lasentinelle.dz\/#\/schema\/logo\/image\/","url":"https:\/\/lasentinelle.dz\/wp-content\/uploads\/2021\/09\/logo-sentinelleSLOGAN-1.png","contentUrl":"https:\/\/lasentinelle.dz\/wp-content\/uploads\/2021\/09\/logo-sentinelleSLOGAN-1.png","width":615,"height":142,"caption":"Quotidien La Sentinelle"},"image":{"@id":"https:\/\/lasentinelle.dz\/#\/schema\/logo\/image\/"},"sameAs":["https:\/\/www.facebook.com\/La-Sentinelle-104059864394773"]},{"@type":"Person","@id":"https:\/\/lasentinelle.dz\/#\/schema\/person\/729ee0024f24e0b8c5ec17232f8e8b41","name":"admin","image":{"@type":"ImageObject","inLanguage":"fr-FR","@id":"https:\/\/secure.gravatar.com\/avatar\/4c81fed838786e9b53f540bf46533e750f5d292099ae3b66cfc6fb1982e29df7?s=96&d=mm&r=g","url":"https:\/\/secure.gravatar.com\/avatar\/4c81fed838786e9b53f540bf46533e750f5d292099ae3b66cfc6fb1982e29df7?s=96&d=mm&r=g","contentUrl":"https:\/\/secure.gravatar.com\/avatar\/4c81fed838786e9b53f540bf46533e750f5d292099ae3b66cfc6fb1982e29df7?s=96&d=mm&r=g","caption":"admin"},"description":"admin","url":"https:\/\/lasentinelle.dz\/author\/admin\/"}]}},"_links":{"self":[{"href":"https:\/\/lasentinelle.dz\/index.php\/wp-json\/wp\/v2\/posts\/68606","targetHints":{"allow":["GET"]}}],"collection":[{"href":"https:\/\/lasentinelle.dz\/index.php\/wp-json\/wp\/v2\/posts"}],"about":[{"href":"https:\/\/lasentinelle.dz\/index.php\/wp-json\/wp\/v2\/types\/post"}],"author":[{"embeddable":true,"href":"https:\/\/lasentinelle.dz\/index.php\/wp-json\/wp\/v2\/users\/6"}],"replies":[{"embeddable":true,"href":"https:\/\/lasentinelle.dz\/index.php\/wp-json\/wp\/v2\/comments?post=68606"}],"version-history":[{"count":1,"href":"https:\/\/lasentinelle.dz\/index.php\/wp-json\/wp\/v2\/posts\/68606\/revisions"}],"predecessor-version":[{"id":68608,"href":"https:\/\/lasentinelle.dz\/index.php\/wp-json\/wp\/v2\/posts\/68606\/revisions\/68608"}],"wp:featuredmedia":[{"embeddable":true,"href":"https:\/\/lasentinelle.dz\/index.php\/wp-json\/wp\/v2\/media\/68607"}],"wp:attachment":[{"href":"https:\/\/lasentinelle.dz\/index.php\/wp-json\/wp\/v2\/media?parent=68606"}],"wp:term":[{"taxonomy":"category","embeddable":true,"href":"https:\/\/lasentinelle.dz\/index.php\/wp-json\/wp\/v2\/categories?post=68606"},{"taxonomy":"post_tag","embeddable":true,"href":"https:\/\/lasentinelle.dz\/index.php\/wp-json\/wp\/v2\/tags?post=68606"}],"curies":[{"name":"wp","href":"https:\/\/api.w.org\/{rel}","templated":true}]}}