{"id":68613,"date":"2025-06-08T20:53:23","date_gmt":"2025-06-08T19:53:23","guid":{"rendered":"https:\/\/lasentinelle.dz\/?p=68613"},"modified":"2025-06-08T20:53:24","modified_gmt":"2025-06-08T19:53:24","slug":"la-permanence-de-laid-largement-respectee-par-les-commercants-vers-un-retour-a-la-normale-des-ce-lundi","status":"publish","type":"post","link":"https:\/\/lasentinelle.dz\/index.php\/2025\/06\/08\/la-permanence-de-laid-largement-respectee-par-les-commercants-vers-un-retour-a-la-normale-des-ce-lundi\/","title":{"rendered":"La permanence de l&rsquo;Aid largement respect\u00e9e par les commer\u00e7ants : Vers un retour \u00e0 la normale d\u00e8s ce lundi"},"content":{"rendered":"\n<p>L&rsquo;A\u00efd El-Adha a \u00e9t\u00e9 marqu\u00e9, cette ann\u00e9e par une discipline remarquable de la part des commer\u00e7ants. Selon un bilan officiel publi\u00e9 ce dimanche par le minist\u00e8re du Commerce et de la R\u00e9gulation du march\u00e9 national, la quasi-totalit\u00e9 des commer\u00e7ants du pays ont respect\u00e9 leurs obligations de permanence durant cette importante f\u00eate religieuse.<\/p>\n\n\n\n<p>Les chiffres parlent d&rsquo;eux-m\u00eames : sur les trois jours de c\u00e9l\u00e9bration, 55 589 commer\u00e7ants et op\u00e9rateurs \u00e9conomiques ont honor\u00e9 leur engagement de permanence \u00e0 travers tout le territoire national. Seuls 13 commer\u00e7ants ont fait d\u00e9faut \u00e0 leurs obligations, soit un taux de respect de plus de 99,9 %. Cette performance exceptionnelle t\u00e9moigne, selon les autorit\u00e9s, \u00ab d&rsquo;un haut degr\u00e9 de responsabilit\u00e9 et de contribution \u00e0 l&rsquo;approvisionnement des citoyens en produits de base et \u00e0 la fourniture des services n\u00e9cessaires \u00bb.<\/p>\n\n\n\n<p>Cette mobilisation massive s&rsquo;inscrit dans le cadre du programme de permanence mis en place par le gouvernement pour \u00e9viter toute rupture d&rsquo;approvisionnement durant les f\u00eates religieuses, p\u00e9riode traditionnellement sensible pour le commerce de d\u00e9tail.<\/p>\n\n\n\n<p>L&rsquo;application mobile \u00ab Mourafik Com \u00bb, d\u00e9velopp\u00e9e pour faciliter la recherche de commerces ouverts durant les p\u00e9riodes de f\u00eate, a connu un succ\u00e8s retentissant. Avec 35 000 recherches effectu\u00e9es en seulement trois jours, cette plateforme num\u00e9rique s&rsquo;est impos\u00e9e comme un outil indispensable pour les consommateurs alg\u00e9riens.<\/p>\n\n\n\n<p>Durant cette p\u00e9riode, l&rsquo;application n&rsquo;a enregistr\u00e9 que huit signalements concernant des manquements aux obligations de permanence. Ces cas ont \u00e9t\u00e9 imm\u00e9diatement pris en charge par les \u00e9quipes de contr\u00f4le qui ont maintenu leur surveillance sur le terrain tout au long de la p\u00e9riode festive. Cette r\u00e9ussite s&rsquo;inscrit dans une politique plus large de modernisation du secteur du commerce . Le recours aux outils num\u00e9riques, combin\u00e9 \u00e0 un syst\u00e8me de contr\u00f4le efficace, permet d\u00e9sormais aux autorit\u00e9s de garantir une meilleure r\u00e9gulation du march\u00e9 m\u00eame durant les p\u00e9riodes exceptionnelles.<\/p>\n\n\n\n<p>Saluant \u00ab l&rsquo;esprit de responsabilit\u00e9 dont ont fait preuve les commer\u00e7ants et op\u00e9rateurs \u00e9conomiques durant les f\u00eates \u00bb, le minist\u00e8re a appel\u00e9 l&rsquo;ensemble des professionnels \u00e0 reprendre leurs activit\u00e9s normales d\u00e8s ce lundi. Cette reprise progressive vise \u00e0 assurer la continuit\u00e9 de l&rsquo;activit\u00e9 commerciale sur l&rsquo;ensemble des march\u00e9s et infrastructures du pays.<\/p>\n\n\n\n<p>Chokri Hafed<\/p>\n","protected":false},"excerpt":{"rendered":"<p>L&rsquo;A\u00efd El-Adha a \u00e9t\u00e9 marqu\u00e9, cette ann\u00e9e par une discipline remarquable de la part des commer\u00e7ants. Selon un bilan officiel<\/p>\n","protected":false},"author":6,"featured_media":17020,"comment_status":"open","ping_status":"closed","sticky":false,"template":"","format":"standard","meta":{"colormag_page_container_layout":"default_layout","colormag_page_sidebar_layout":"default_layout","om_disable_all_campaigns":false,"_monsterinsights_skip_tracking":false,"_monsterinsights_sitenote_active":false,"_monsterinsights_sitenote_note":"","_monsterinsights_sitenote_category":0,"footnotes":"","_wpscppro_dont_share_socialmedia":false,"_wpscppro_custom_social_share_image":0,"_facebook_share_type":"default","_twitter_share_type":"default","_linkedin_share_type":"default","_pinterest_share_type":"default","_linkedin_share_type_page":"","_instagram_share_type":"default","_medium_share_type":"default","_threads_share_type":"","_google_business_share_type":"","_selected_social_profile":[],"_wpsp_enable_custom_social_template":false,"_wpsp_social_scheduling":{"enabled":false,"datetime":null,"platforms":[],"status":"template_only","dateOption":"today","timeOption":"now","customDays":"","customHours":"","customDate":"","customTime":"","schedulingType":"absolute"},"_wpsp_active_default_template":true},"categories":[27],"tags":[],"class_list":["post-68613","post","type-post","status-publish","format-standard","has-post-thumbnail","hentry","category-actualite"],"aioseo_notices":[],"yoast_head":"<!-- This site is optimized with the Yoast SEO plugin v27.5 - https:\/\/yoast.com\/product\/yoast-seo-wordpress\/ -->\n<title>La permanence de l&rsquo;Aid largement respect\u00e9e par les commer\u00e7ants : Vers un retour \u00e0 la normale d\u00e8s ce lundi - La Sentinelle<\/title>\n<meta name=\"robots\" content=\"index, follow, max-snippet:-1, max-image-preview:large, max-video-preview:-1\" \/>\n<link rel=\"canonical\" href=\"https:\/\/lasentinelle.dz\/index.php\/2025\/06\/08\/la-permanence-de-laid-largement-respectee-par-les-commercants-vers-un-retour-a-la-normale-des-ce-lundi\/\" \/>\n<meta property=\"og:locale\" content=\"fr_FR\" \/>\n<meta property=\"og:type\" content=\"article\" \/>\n<meta property=\"og:title\" content=\"La permanence de l&rsquo;Aid largement respect\u00e9e par les commer\u00e7ants : Vers un retour \u00e0 la normale d\u00e8s ce lundi - La Sentinelle\" \/>\n<meta property=\"og:description\" content=\"L&rsquo;A\u00efd El-Adha a \u00e9t\u00e9 marqu\u00e9, cette ann\u00e9e par une discipline remarquable de la part des commer\u00e7ants. Selon un bilan officiel\" \/>\n<meta property=\"og:url\" content=\"https:\/\/lasentinelle.dz\/index.php\/2025\/06\/08\/la-permanence-de-laid-largement-respectee-par-les-commercants-vers-un-retour-a-la-normale-des-ce-lundi\/\" \/>\n<meta property=\"og:site_name\" content=\"La Sentinelle\" \/>\n<meta property=\"article:publisher\" content=\"https:\/\/www.facebook.com\/La-Sentinelle-104059864394773\" \/>\n<meta property=\"article:published_time\" content=\"2025-06-08T19:53:23+00:00\" \/>\n<meta property=\"article:modified_time\" content=\"2025-06-08T19:53:24+00:00\" \/>\n<meta property=\"og:image\" content=\"https:\/\/lasentinelle.dz\/wp-content\/uploads\/2022\/02\/superette-.png\" \/>\n\t<meta property=\"og:image:width\" content=\"1355\" \/>\n\t<meta property=\"og:image:height\" content=\"900\" \/>\n\t<meta property=\"og:image:type\" content=\"image\/png\" \/>\n<meta name=\"author\" content=\"admin\" \/>\n<meta name=\"twitter:card\" content=\"summary_large_image\" \/>\n<meta name=\"twitter:label1\" content=\"\u00c9crit par\" \/>\n\t<meta name=\"twitter:data1\" content=\"admin\" \/>\n\t<meta name=\"twitter:label2\" content=\"Dur\u00e9e de lecture estim\u00e9e\" \/>\n\t<meta name=\"twitter:data2\" content=\"2 minutes\" \/>\n<script type=\"application\/ld+json\" class=\"yoast-schema-graph\">{\"@context\":\"https:\\\/\\\/schema.org\",\"@graph\":[{\"@type\":\"Article\",\"@id\":\"https:\\\/\\\/lasentinelle.dz\\\/index.php\\\/2025\\\/06\\\/08\\\/la-permanence-de-laid-largement-respectee-par-les-commercants-vers-un-retour-a-la-normale-des-ce-lundi\\\/#article\",\"isPartOf\":{\"@id\":\"https:\\\/\\\/lasentinelle.dz\\\/index.php\\\/2025\\\/06\\\/08\\\/la-permanence-de-laid-largement-respectee-par-les-commercants-vers-un-retour-a-la-normale-des-ce-lundi\\\/\"},\"author\":{\"name\":\"admin\",\"@id\":\"https:\\\/\\\/lasentinelle.dz\\\/#\\\/schema\\\/person\\\/729ee0024f24e0b8c5ec17232f8e8b41\"},\"headline\":\"La permanence de l&rsquo;Aid largement respect\u00e9e par les commer\u00e7ants : Vers un retour \u00e0 la normale d\u00e8s ce lundi\",\"datePublished\":\"2025-06-08T19:53:23+00:00\",\"dateModified\":\"2025-06-08T19:53:24+00:00\",\"mainEntityOfPage\":{\"@id\":\"https:\\\/\\\/lasentinelle.dz\\\/index.php\\\/2025\\\/06\\\/08\\\/la-permanence-de-laid-largement-respectee-par-les-commercants-vers-un-retour-a-la-normale-des-ce-lundi\\\/\"},\"wordCount\":417,\"commentCount\":0,\"publisher\":{\"@id\":\"https:\\\/\\\/lasentinelle.dz\\\/#organization\"},\"image\":{\"@id\":\"https:\\\/\\\/lasentinelle.dz\\\/index.php\\\/2025\\\/06\\\/08\\\/la-permanence-de-laid-largement-respectee-par-les-commercants-vers-un-retour-a-la-normale-des-ce-lundi\\\/#primaryimage\"},\"thumbnailUrl\":\"https:\\\/\\\/lasentinelle.dz\\\/wp-content\\\/uploads\\\/2022\\\/02\\\/superette-.png\",\"articleSection\":[\"Actualit\u00e9\"],\"inLanguage\":\"fr-FR\",\"potentialAction\":[{\"@type\":\"CommentAction\",\"name\":\"Comment\",\"target\":[\"https:\\\/\\\/lasentinelle.dz\\\/index.php\\\/2025\\\/06\\\/08\\\/la-permanence-de-laid-largement-respectee-par-les-commercants-vers-un-retour-a-la-normale-des-ce-lundi\\\/#respond\"]}]},{\"@type\":\"WebPage\",\"@id\":\"https:\\\/\\\/lasentinelle.dz\\\/index.php\\\/2025\\\/06\\\/08\\\/la-permanence-de-laid-largement-respectee-par-les-commercants-vers-un-retour-a-la-normale-des-ce-lundi\\\/\",\"url\":\"https:\\\/\\\/lasentinelle.dz\\\/index.php\\\/2025\\\/06\\\/08\\\/la-permanence-de-laid-largement-respectee-par-les-commercants-vers-un-retour-a-la-normale-des-ce-lundi\\\/\",\"name\":\"La permanence de l&rsquo;Aid largement respect\u00e9e par les commer\u00e7ants : Vers un retour \u00e0 la normale d\u00e8s ce lundi - La Sentinelle\",\"isPartOf\":{\"@id\":\"https:\\\/\\\/lasentinelle.dz\\\/#website\"},\"primaryImageOfPage\":{\"@id\":\"https:\\\/\\\/lasentinelle.dz\\\/index.php\\\/2025\\\/06\\\/08\\\/la-permanence-de-laid-largement-respectee-par-les-commercants-vers-un-retour-a-la-normale-des-ce-lundi\\\/#primaryimage\"},\"image\":{\"@id\":\"https:\\\/\\\/lasentinelle.dz\\\/index.php\\\/2025\\\/06\\\/08\\\/la-permanence-de-laid-largement-respectee-par-les-commercants-vers-un-retour-a-la-normale-des-ce-lundi\\\/#primaryimage\"},\"thumbnailUrl\":\"https:\\\/\\\/lasentinelle.dz\\\/wp-content\\\/uploads\\\/2022\\\/02\\\/superette-.png\",\"datePublished\":\"2025-06-08T19:53:23+00:00\",\"dateModified\":\"2025-06-08T19:53:24+00:00\",\"breadcrumb\":{\"@id\":\"https:\\\/\\\/lasentinelle.dz\\\/index.php\\\/2025\\\/06\\\/08\\\/la-permanence-de-laid-largement-respectee-par-les-commercants-vers-un-retour-a-la-normale-des-ce-lundi\\\/#breadcrumb\"},\"inLanguage\":\"fr-FR\",\"potentialAction\":[{\"@type\":\"ReadAction\",\"target\":[\"https:\\\/\\\/lasentinelle.dz\\\/index.php\\\/2025\\\/06\\\/08\\\/la-permanence-de-laid-largement-respectee-par-les-commercants-vers-un-retour-a-la-normale-des-ce-lundi\\\/\"]}]},{\"@type\":\"ImageObject\",\"inLanguage\":\"fr-FR\",\"@id\":\"https:\\\/\\\/lasentinelle.dz\\\/index.php\\\/2025\\\/06\\\/08\\\/la-permanence-de-laid-largement-respectee-par-les-commercants-vers-un-retour-a-la-normale-des-ce-lundi\\\/#primaryimage\",\"url\":\"https:\\\/\\\/lasentinelle.dz\\\/wp-content\\\/uploads\\\/2022\\\/02\\\/superette-.png\",\"contentUrl\":\"https:\\\/\\\/lasentinelle.dz\\\/wp-content\\\/uploads\\\/2022\\\/02\\\/superette-.png\",\"width\":1355,\"height\":900},{\"@type\":\"BreadcrumbList\",\"@id\":\"https:\\\/\\\/lasentinelle.dz\\\/index.php\\\/2025\\\/06\\\/08\\\/la-permanence-de-laid-largement-respectee-par-les-commercants-vers-un-retour-a-la-normale-des-ce-lundi\\\/#breadcrumb\",\"itemListElement\":[{\"@type\":\"ListItem\",\"position\":1,\"name\":\"Accueil\",\"item\":\"https:\\\/\\\/lasentinelle.dz\\\/\"},{\"@type\":\"ListItem\",\"position\":2,\"name\":\"La permanence de l&rsquo;Aid largement respect\u00e9e par les commer\u00e7ants : Vers un retour \u00e0 la normale d\u00e8s ce lundi\"}]},{\"@type\":\"WebSite\",\"@id\":\"https:\\\/\\\/lasentinelle.dz\\\/#website\",\"url\":\"https:\\\/\\\/lasentinelle.dz\\\/\",\"name\":\"La Sentinelle\",\"description\":\"Quotidien national d&#039;information\",\"publisher\":{\"@id\":\"https:\\\/\\\/lasentinelle.dz\\\/#organization\"},\"potentialAction\":[{\"@type\":\"SearchAction\",\"target\":{\"@type\":\"EntryPoint\",\"urlTemplate\":\"https:\\\/\\\/lasentinelle.dz\\\/?s={search_term_string}\"},\"query-input\":{\"@type\":\"PropertyValueSpecification\",\"valueRequired\":true,\"valueName\":\"search_term_string\"}}],\"inLanguage\":\"fr-FR\"},{\"@type\":\"Organization\",\"@id\":\"https:\\\/\\\/lasentinelle.dz\\\/#organization\",\"name\":\"Quotidien La Sentinelle\",\"url\":\"https:\\\/\\\/lasentinelle.dz\\\/\",\"logo\":{\"@type\":\"ImageObject\",\"inLanguage\":\"fr-FR\",\"@id\":\"https:\\\/\\\/lasentinelle.dz\\\/#\\\/schema\\\/logo\\\/image\\\/\",\"url\":\"https:\\\/\\\/lasentinelle.dz\\\/wp-content\\\/uploads\\\/2021\\\/09\\\/logo-sentinelleSLOGAN-1.png\",\"contentUrl\":\"https:\\\/\\\/lasentinelle.dz\\\/wp-content\\\/uploads\\\/2021\\\/09\\\/logo-sentinelleSLOGAN-1.png\",\"width\":615,\"height\":142,\"caption\":\"Quotidien La Sentinelle\"},\"image\":{\"@id\":\"https:\\\/\\\/lasentinelle.dz\\\/#\\\/schema\\\/logo\\\/image\\\/\"},\"sameAs\":[\"https:\\\/\\\/www.facebook.com\\\/La-Sentinelle-104059864394773\"]},{\"@type\":\"Person\",\"@id\":\"https:\\\/\\\/lasentinelle.dz\\\/#\\\/schema\\\/person\\\/729ee0024f24e0b8c5ec17232f8e8b41\",\"name\":\"admin\",\"image\":{\"@type\":\"ImageObject\",\"inLanguage\":\"fr-FR\",\"@id\":\"https:\\\/\\\/secure.gravatar.com\\\/avatar\\\/4c81fed838786e9b53f540bf46533e750f5d292099ae3b66cfc6fb1982e29df7?s=96&d=mm&r=g\",\"url\":\"https:\\\/\\\/secure.gravatar.com\\\/avatar\\\/4c81fed838786e9b53f540bf46533e750f5d292099ae3b66cfc6fb1982e29df7?s=96&d=mm&r=g\",\"contentUrl\":\"https:\\\/\\\/secure.gravatar.com\\\/avatar\\\/4c81fed838786e9b53f540bf46533e750f5d292099ae3b66cfc6fb1982e29df7?s=96&d=mm&r=g\",\"caption\":\"admin\"},\"description\":\"admin\",\"url\":\"https:\\\/\\\/lasentinelle.dz\\\/author\\\/admin\\\/\"}]}<\/script>\n<!-- \/ Yoast SEO plugin. -->","yoast_head_json":{"title":"La permanence de l&rsquo;Aid largement respect\u00e9e par les commer\u00e7ants : Vers un retour \u00e0 la normale d\u00e8s ce lundi - La Sentinelle","robots":{"index":"index","follow":"follow","max-snippet":"max-snippet:-1","max-image-preview":"max-image-preview:large","max-video-preview":"max-video-preview:-1"},"canonical":"https:\/\/lasentinelle.dz\/index.php\/2025\/06\/08\/la-permanence-de-laid-largement-respectee-par-les-commercants-vers-un-retour-a-la-normale-des-ce-lundi\/","og_locale":"fr_FR","og_type":"article","og_title":"La permanence de l&rsquo;Aid largement respect\u00e9e par les commer\u00e7ants : Vers un retour \u00e0 la normale d\u00e8s ce lundi - La Sentinelle","og_description":"L&rsquo;A\u00efd El-Adha a \u00e9t\u00e9 marqu\u00e9, cette ann\u00e9e par une discipline remarquable de la part des commer\u00e7ants. Selon un bilan officiel","og_url":"https:\/\/lasentinelle.dz\/index.php\/2025\/06\/08\/la-permanence-de-laid-largement-respectee-par-les-commercants-vers-un-retour-a-la-normale-des-ce-lundi\/","og_site_name":"La Sentinelle","article_publisher":"https:\/\/www.facebook.com\/La-Sentinelle-104059864394773","article_published_time":"2025-06-08T19:53:23+00:00","article_modified_time":"2025-06-08T19:53:24+00:00","og_image":[{"width":1355,"height":900,"url":"https:\/\/lasentinelle.dz\/wp-content\/uploads\/2022\/02\/superette-.png","type":"image\/png"}],"author":"admin","twitter_card":"summary_large_image","twitter_misc":{"\u00c9crit par":"admin","Dur\u00e9e de lecture estim\u00e9e":"2 minutes"},"schema":{"@context":"https:\/\/schema.org","@graph":[{"@type":"Article","@id":"https:\/\/lasentinelle.dz\/index.php\/2025\/06\/08\/la-permanence-de-laid-largement-respectee-par-les-commercants-vers-un-retour-a-la-normale-des-ce-lundi\/#article","isPartOf":{"@id":"https:\/\/lasentinelle.dz\/index.php\/2025\/06\/08\/la-permanence-de-laid-largement-respectee-par-les-commercants-vers-un-retour-a-la-normale-des-ce-lundi\/"},"author":{"name":"admin","@id":"https:\/\/lasentinelle.dz\/#\/schema\/person\/729ee0024f24e0b8c5ec17232f8e8b41"},"headline":"La permanence de l&rsquo;Aid largement respect\u00e9e par les commer\u00e7ants : Vers un retour \u00e0 la normale d\u00e8s ce lundi","datePublished":"2025-06-08T19:53:23+00:00","dateModified":"2025-06-08T19:53:24+00:00","mainEntityOfPage":{"@id":"https:\/\/lasentinelle.dz\/index.php\/2025\/06\/08\/la-permanence-de-laid-largement-respectee-par-les-commercants-vers-un-retour-a-la-normale-des-ce-lundi\/"},"wordCount":417,"commentCount":0,"publisher":{"@id":"https:\/\/lasentinelle.dz\/#organization"},"image":{"@id":"https:\/\/lasentinelle.dz\/index.php\/2025\/06\/08\/la-permanence-de-laid-largement-respectee-par-les-commercants-vers-un-retour-a-la-normale-des-ce-lundi\/#primaryimage"},"thumbnailUrl":"https:\/\/lasentinelle.dz\/wp-content\/uploads\/2022\/02\/superette-.png","articleSection":["Actualit\u00e9"],"inLanguage":"fr-FR","potentialAction":[{"@type":"CommentAction","name":"Comment","target":["https:\/\/lasentinelle.dz\/index.php\/2025\/06\/08\/la-permanence-de-laid-largement-respectee-par-les-commercants-vers-un-retour-a-la-normale-des-ce-lundi\/#respond"]}]},{"@type":"WebPage","@id":"https:\/\/lasentinelle.dz\/index.php\/2025\/06\/08\/la-permanence-de-laid-largement-respectee-par-les-commercants-vers-un-retour-a-la-normale-des-ce-lundi\/","url":"https:\/\/lasentinelle.dz\/index.php\/2025\/06\/08\/la-permanence-de-laid-largement-respectee-par-les-commercants-vers-un-retour-a-la-normale-des-ce-lundi\/","name":"La permanence de l&rsquo;Aid largement respect\u00e9e par les commer\u00e7ants : Vers un retour \u00e0 la normale d\u00e8s ce lundi - La Sentinelle","isPartOf":{"@id":"https:\/\/lasentinelle.dz\/#website"},"primaryImageOfPage":{"@id":"https:\/\/lasentinelle.dz\/index.php\/2025\/06\/08\/la-permanence-de-laid-largement-respectee-par-les-commercants-vers-un-retour-a-la-normale-des-ce-lundi\/#primaryimage"},"image":{"@id":"https:\/\/lasentinelle.dz\/index.php\/2025\/06\/08\/la-permanence-de-laid-largement-respectee-par-les-commercants-vers-un-retour-a-la-normale-des-ce-lundi\/#primaryimage"},"thumbnailUrl":"https:\/\/lasentinelle.dz\/wp-content\/uploads\/2022\/02\/superette-.png","datePublished":"2025-06-08T19:53:23+00:00","dateModified":"2025-06-08T19:53:24+00:00","breadcrumb":{"@id":"https:\/\/lasentinelle.dz\/index.php\/2025\/06\/08\/la-permanence-de-laid-largement-respectee-par-les-commercants-vers-un-retour-a-la-normale-des-ce-lundi\/#breadcrumb"},"inLanguage":"fr-FR","potentialAction":[{"@type":"ReadAction","target":["https:\/\/lasentinelle.dz\/index.php\/2025\/06\/08\/la-permanence-de-laid-largement-respectee-par-les-commercants-vers-un-retour-a-la-normale-des-ce-lundi\/"]}]},{"@type":"ImageObject","inLanguage":"fr-FR","@id":"https:\/\/lasentinelle.dz\/index.php\/2025\/06\/08\/la-permanence-de-laid-largement-respectee-par-les-commercants-vers-un-retour-a-la-normale-des-ce-lundi\/#primaryimage","url":"https:\/\/lasentinelle.dz\/wp-content\/uploads\/2022\/02\/superette-.png","contentUrl":"https:\/\/lasentinelle.dz\/wp-content\/uploads\/2022\/02\/superette-.png","width":1355,"height":900},{"@type":"BreadcrumbList","@id":"https:\/\/lasentinelle.dz\/index.php\/2025\/06\/08\/la-permanence-de-laid-largement-respectee-par-les-commercants-vers-un-retour-a-la-normale-des-ce-lundi\/#breadcrumb","itemListElement":[{"@type":"ListItem","position":1,"name":"Accueil","item":"https:\/\/lasentinelle.dz\/"},{"@type":"ListItem","position":2,"name":"La permanence de l&rsquo;Aid largement respect\u00e9e par les commer\u00e7ants : Vers un retour \u00e0 la normale d\u00e8s ce lundi"}]},{"@type":"WebSite","@id":"https:\/\/lasentinelle.dz\/#website","url":"https:\/\/lasentinelle.dz\/","name":"La Sentinelle","description":"Quotidien national d&#039;information","publisher":{"@id":"https:\/\/lasentinelle.dz\/#organization"},"potentialAction":[{"@type":"SearchAction","target":{"@type":"EntryPoint","urlTemplate":"https:\/\/lasentinelle.dz\/?s={search_term_string}"},"query-input":{"@type":"PropertyValueSpecification","valueRequired":true,"valueName":"search_term_string"}}],"inLanguage":"fr-FR"},{"@type":"Organization","@id":"https:\/\/lasentinelle.dz\/#organization","name":"Quotidien La Sentinelle","url":"https:\/\/lasentinelle.dz\/","logo":{"@type":"ImageObject","inLanguage":"fr-FR","@id":"https:\/\/lasentinelle.dz\/#\/schema\/logo\/image\/","url":"https:\/\/lasentinelle.dz\/wp-content\/uploads\/2021\/09\/logo-sentinelleSLOGAN-1.png","contentUrl":"https:\/\/lasentinelle.dz\/wp-content\/uploads\/2021\/09\/logo-sentinelleSLOGAN-1.png","width":615,"height":142,"caption":"Quotidien La Sentinelle"},"image":{"@id":"https:\/\/lasentinelle.dz\/#\/schema\/logo\/image\/"},"sameAs":["https:\/\/www.facebook.com\/La-Sentinelle-104059864394773"]},{"@type":"Person","@id":"https:\/\/lasentinelle.dz\/#\/schema\/person\/729ee0024f24e0b8c5ec17232f8e8b41","name":"admin","image":{"@type":"ImageObject","inLanguage":"fr-FR","@id":"https:\/\/secure.gravatar.com\/avatar\/4c81fed838786e9b53f540bf46533e750f5d292099ae3b66cfc6fb1982e29df7?s=96&d=mm&r=g","url":"https:\/\/secure.gravatar.com\/avatar\/4c81fed838786e9b53f540bf46533e750f5d292099ae3b66cfc6fb1982e29df7?s=96&d=mm&r=g","contentUrl":"https:\/\/secure.gravatar.com\/avatar\/4c81fed838786e9b53f540bf46533e750f5d292099ae3b66cfc6fb1982e29df7?s=96&d=mm&r=g","caption":"admin"},"description":"admin","url":"https:\/\/lasentinelle.dz\/author\/admin\/"}]}},"_links":{"self":[{"href":"https:\/\/lasentinelle.dz\/index.php\/wp-json\/wp\/v2\/posts\/68613","targetHints":{"allow":["GET"]}}],"collection":[{"href":"https:\/\/lasentinelle.dz\/index.php\/wp-json\/wp\/v2\/posts"}],"about":[{"href":"https:\/\/lasentinelle.dz\/index.php\/wp-json\/wp\/v2\/types\/post"}],"author":[{"embeddable":true,"href":"https:\/\/lasentinelle.dz\/index.php\/wp-json\/wp\/v2\/users\/6"}],"replies":[{"embeddable":true,"href":"https:\/\/lasentinelle.dz\/index.php\/wp-json\/wp\/v2\/comments?post=68613"}],"version-history":[{"count":2,"href":"https:\/\/lasentinelle.dz\/index.php\/wp-json\/wp\/v2\/posts\/68613\/revisions"}],"predecessor-version":[{"id":68615,"href":"https:\/\/lasentinelle.dz\/index.php\/wp-json\/wp\/v2\/posts\/68613\/revisions\/68615"}],"wp:featuredmedia":[{"embeddable":true,"href":"https:\/\/lasentinelle.dz\/index.php\/wp-json\/wp\/v2\/media\/17020"}],"wp:attachment":[{"href":"https:\/\/lasentinelle.dz\/index.php\/wp-json\/wp\/v2\/media?parent=68613"}],"wp:term":[{"taxonomy":"category","embeddable":true,"href":"https:\/\/lasentinelle.dz\/index.php\/wp-json\/wp\/v2\/categories?post=68613"},{"taxonomy":"post_tag","embeddable":true,"href":"https:\/\/lasentinelle.dz\/index.php\/wp-json\/wp\/v2\/tags?post=68613"}],"curies":[{"name":"wp","href":"https:\/\/api.w.org\/{rel}","templated":true}]}}