{"id":68616,"date":"2025-06-08T20:54:44","date_gmt":"2025-06-08T19:54:44","guid":{"rendered":"https:\/\/lasentinelle.dz\/?p=68616"},"modified":"2025-06-08T20:54:44","modified_gmt":"2025-06-08T19:54:44","slug":"tous-ses-biens-et-personnels-transferes-a-la-wilaya-dalger-loref-officiellement-dissous","status":"publish","type":"post","link":"https:\/\/lasentinelle.dz\/index.php\/2025\/06\/08\/tous-ses-biens-et-personnels-transferes-a-la-wilaya-dalger-loref-officiellement-dissous\/","title":{"rendered":"Tous ses biens et personnels transf\u00e9r\u00e9s \u00e0 la Wilaya d&rsquo;Alger: L&rsquo;OREF officiellement dissous"},"content":{"rendered":"\n<p>Cette d\u00e9cision majeure marque la fin d&rsquo;une institution qui g\u00e9rait depuis 1995 l&rsquo;un des espaces les plus embl\u00e9matiques de la Capitale.<\/p>\n\n\n\n<p>L&rsquo;Office Riadh El-Feth (OREF) n&rsquo;existe plus en tant qu&rsquo;entit\u00e9 administrative autonome. Le d\u00e9cret ex\u00e9cutif n\u00b025-148 du 2 juin 2025, publi\u00e9 dans le Journal Officiel n\u00b034, officialise la dissolution de cet \u00e9tablissement public cr\u00e9\u00e9 il y a trente ans et organise le transfert int\u00e9gral de son patrimoine, de ses obligations et de son personnel vers la Wilaya d&rsquo;Alger. Cette d\u00e9cision majeure, sign\u00e9e par le Premier ministre Mohamed Ennadir Larbaoui, marque la fin d&rsquo;une institution qui g\u00e9rait depuis 1995 l&rsquo;un des espaces les plus embl\u00e9matiques de la Capitale. Le d\u00e9cret ex\u00e9cutif met fin aux dispositions du d\u00e9cret n\u00b095-47 du 5 f\u00e9vrier 1995 qui avait r\u00e9am\u00e9nag\u00e9 les statuts de l&rsquo;Office Riadh El-Feth et organis\u00e9 son fonctionnement durant trois d\u00e9cennies. Cette dissolution s&rsquo;inscrit dans une logique de rationalisation administrative et de transfert des comp\u00e9tences vers les collectivit\u00e9s locales, conform\u00e9ment aux orientations gouvernementales de d\u00e9centralisation et d&rsquo;optimisation de la gestion publique.<\/p>\n\n\n\n<p>L&rsquo;op\u00e9ration de transfert rev\u00eat une ampleur consid\u00e9rable puisqu&rsquo;elle concerne \u00ab\u00a0l&rsquo;ensemble des biens, droits, obligations, personnels et moyens de toute nature\u00a0\u00bb de l&rsquo;OREF vers la Wilaya d&rsquo;Alger. Cette transmission patrimoniale globale n\u00e9cessite la mise en place d&rsquo;un dispositif administratif complexe pour garantir la continuit\u00e9 du service public et la pr\u00e9servation des actifs transf\u00e9r\u00e9s. Le d\u00e9cret pr\u00e9voit ainsi l&rsquo;\u00e9tablissement d&rsquo;un inventaire quantitatif, qualitatif et estimatif de tous les biens concern\u00e9s, dress\u00e9 selon les proc\u00e9dures l\u00e9gales en vigueur par une commission ad hoc sp\u00e9cialement constitu\u00e9e \u00e0 cet effet.<\/p>\n\n\n\n<p>Cette commission tripartite sera compos\u00e9e de membres d\u00e9sign\u00e9s conjointement par le ministre de l&rsquo;Int\u00e9rieur, des Collectivit\u00e9s locales et de l&rsquo;Am\u00e9nagement du territoire, le ministre des Finances et le ministre de la Culture et des Arts. L&rsquo;inventaire \u00e9tabli par cette commission devra ensuite recevoir l&rsquo;approbation formelle par arr\u00eat\u00e9 conjoint de ces trois minist\u00e8res, attestant ainsi de la r\u00e9gularit\u00e9 et de l&rsquo;exhaustivit\u00e9 de l&rsquo;op\u00e9ration de transfert. Parall\u00e8lement \u00e0 cet inventaire, un bilan de cl\u00f4ture contradictoire sera \u00e9tabli pour d\u00e9terminer la valeur pr\u00e9cise de tous les \u00e9l\u00e9ments patrimoniaux objets du transfert.<\/p>\n\n\n\n<p>Le sort du personnel constitue un aspect crucial de cette dissolution. Le d\u00e9cret garantit explicitement que \u00ab\u00a0les droits et obligations du personnel transf\u00e9r\u00e9 \u00e0 la Wilaya d&rsquo;Alger demeurent r\u00e9gis par les dispositions l\u00e9gales qui leur \u00e9taient applicables\u00a0\u00bb au moment de la publication du texte officiel. Cette protection statutaire s&rsquo;appliquera jusqu&rsquo;\u00e0 la finalisation compl\u00e8te de l&rsquo;op\u00e9ration de transfert, cr\u00e9ant ainsi une p\u00e9riode transitoire s\u00e9curisante pour les employ\u00e9s concern\u00e9s. L&rsquo;ensemble de cette proc\u00e9dure de transfert doit \u00eatre achev\u00e9e dans un d\u00e9lai maximal de six mois apr\u00e8s la constitution de la commission ad hoc, imposant un calendrier pr\u00e9cis aux diff\u00e9rents acteurs impliqu\u00e9s.<\/p>\n\n\n\n<p>Au-del\u00e0 des aspects administratifs et patrimoniaux, le d\u00e9cret souligne une responsabilit\u00e9 environnementale majeure qui incombera d\u00e9sormais \u00e0 la Wilaya d&rsquo;Alger. L&rsquo;ancienne tutelle de l&rsquo;OREF sur \u00ab\u00a0les espaces forestiers et les ressources biologiques\u00a0\u00bb de ce site exceptionnel de la capitale sera transf\u00e9r\u00e9e aux services wilayaux, qui devront assurer \u00ab\u00a0la pr\u00e9servation et la protection\u00a0\u00bb de ces espaces naturels conform\u00e9ment \u00e0 la l\u00e9gislation environnementale en vigueur. La dissolution de l&rsquo;OREF s&rsquo;inscrit dans une d\u00e9marche plus large de modernisation de la Capitale. En transf\u00e9rant les pr\u00e9rogatives de cet office vers la collectivit\u00e9 locale, les autorit\u00e9s entendent am\u00e9liorer l&rsquo;efficacit\u00e9 de la gestion des espaces publics tout en renfor\u00e7ant les capacit\u00e9s d&rsquo;intervention des wilayas.<\/p>\n\n\n\n<p>L&rsquo;application de ce d\u00e9cret n\u00e9cessitera une coordination \u00e9troite entre les diff\u00e9rents minist\u00e8res concern\u00e9s et la Wilaya d&rsquo;Alger pour garantir une transition fluide et pr\u00e9server la continuit\u00e9 des services rendus aux citoyens.<\/p>\n\n\n\n<p>Salim Amokrane<\/p>\n","protected":false},"excerpt":{"rendered":"<p>Cette d\u00e9cision majeure marque la fin d&rsquo;une institution qui g\u00e9rait depuis 1995 l&rsquo;un des espaces les plus embl\u00e9matiques de la<\/p>\n","protected":false},"author":6,"featured_media":68617,"comment_status":"open","ping_status":"closed","sticky":false,"template":"","format":"standard","meta":{"colormag_page_container_layout":"default_layout","colormag_page_sidebar_layout":"default_layout","om_disable_all_campaigns":false,"_monsterinsights_skip_tracking":false,"_monsterinsights_sitenote_active":false,"_monsterinsights_sitenote_note":"","_monsterinsights_sitenote_category":0,"footnotes":"","_wpscppro_dont_share_socialmedia":false,"_wpscppro_custom_social_share_image":0,"_facebook_share_type":"default","_twitter_share_type":"default","_linkedin_share_type":"default","_pinterest_share_type":"default","_linkedin_share_type_page":"","_instagram_share_type":"default","_medium_share_type":"default","_threads_share_type":"","_google_business_share_type":"","_selected_social_profile":[],"_wpsp_enable_custom_social_template":false,"_wpsp_social_scheduling":{"enabled":false,"datetime":null,"platforms":[],"status":"template_only","dateOption":"today","timeOption":"now","customDays":"","customHours":"","customDate":"","customTime":"","schedulingType":"absolute"},"_wpsp_active_default_template":true},"categories":[27],"tags":[],"class_list":["post-68616","post","type-post","status-publish","format-standard","has-post-thumbnail","hentry","category-actualite"],"aioseo_notices":[],"yoast_head":"<!-- This site is optimized with the Yoast SEO plugin v27.5 - https:\/\/yoast.com\/product\/yoast-seo-wordpress\/ -->\n<title>Tous ses biens et personnels transf\u00e9r\u00e9s \u00e0 la Wilaya d&rsquo;Alger: L&rsquo;OREF officiellement dissous - La Sentinelle<\/title>\n<meta name=\"robots\" content=\"index, follow, max-snippet:-1, max-image-preview:large, max-video-preview:-1\" \/>\n<link rel=\"canonical\" href=\"https:\/\/lasentinelle.dz\/index.php\/2025\/06\/08\/tous-ses-biens-et-personnels-transferes-a-la-wilaya-dalger-loref-officiellement-dissous\/\" \/>\n<meta property=\"og:locale\" content=\"fr_FR\" \/>\n<meta property=\"og:type\" content=\"article\" \/>\n<meta property=\"og:title\" content=\"Tous ses biens et personnels transf\u00e9r\u00e9s \u00e0 la Wilaya d&rsquo;Alger: L&rsquo;OREF officiellement dissous - La Sentinelle\" \/>\n<meta property=\"og:description\" content=\"Cette d\u00e9cision majeure marque la fin d&rsquo;une institution qui g\u00e9rait depuis 1995 l&rsquo;un des espaces les plus embl\u00e9matiques de la\" \/>\n<meta property=\"og:url\" content=\"https:\/\/lasentinelle.dz\/index.php\/2025\/06\/08\/tous-ses-biens-et-personnels-transferes-a-la-wilaya-dalger-loref-officiellement-dissous\/\" \/>\n<meta property=\"og:site_name\" content=\"La Sentinelle\" \/>\n<meta property=\"article:publisher\" content=\"https:\/\/www.facebook.com\/La-Sentinelle-104059864394773\" \/>\n<meta property=\"article:published_time\" content=\"2025-06-08T19:54:44+00:00\" \/>\n<meta property=\"og:image\" content=\"https:\/\/lasentinelle.dz\/wp-content\/uploads\/2025\/06\/ryadh-el-feth.jpg\" \/>\n\t<meta property=\"og:image:width\" content=\"745\" \/>\n\t<meta property=\"og:image:height\" content=\"470\" \/>\n\t<meta property=\"og:image:type\" content=\"image\/jpeg\" \/>\n<meta name=\"author\" content=\"admin\" \/>\n<meta name=\"twitter:card\" content=\"summary_large_image\" \/>\n<meta name=\"twitter:label1\" content=\"\u00c9crit par\" \/>\n\t<meta name=\"twitter:data1\" content=\"admin\" \/>\n\t<meta name=\"twitter:label2\" content=\"Dur\u00e9e de lecture estim\u00e9e\" \/>\n\t<meta name=\"twitter:data2\" content=\"4 minutes\" \/>\n<script type=\"application\/ld+json\" class=\"yoast-schema-graph\">{\"@context\":\"https:\\\/\\\/schema.org\",\"@graph\":[{\"@type\":\"Article\",\"@id\":\"https:\\\/\\\/lasentinelle.dz\\\/index.php\\\/2025\\\/06\\\/08\\\/tous-ses-biens-et-personnels-transferes-a-la-wilaya-dalger-loref-officiellement-dissous\\\/#article\",\"isPartOf\":{\"@id\":\"https:\\\/\\\/lasentinelle.dz\\\/index.php\\\/2025\\\/06\\\/08\\\/tous-ses-biens-et-personnels-transferes-a-la-wilaya-dalger-loref-officiellement-dissous\\\/\"},\"author\":{\"name\":\"admin\",\"@id\":\"https:\\\/\\\/lasentinelle.dz\\\/#\\\/schema\\\/person\\\/729ee0024f24e0b8c5ec17232f8e8b41\"},\"headline\":\"Tous ses biens et personnels transf\u00e9r\u00e9s \u00e0 la Wilaya d&rsquo;Alger: L&rsquo;OREF officiellement dissous\",\"datePublished\":\"2025-06-08T19:54:44+00:00\",\"mainEntityOfPage\":{\"@id\":\"https:\\\/\\\/lasentinelle.dz\\\/index.php\\\/2025\\\/06\\\/08\\\/tous-ses-biens-et-personnels-transferes-a-la-wilaya-dalger-loref-officiellement-dissous\\\/\"},\"wordCount\":715,\"commentCount\":0,\"publisher\":{\"@id\":\"https:\\\/\\\/lasentinelle.dz\\\/#organization\"},\"image\":{\"@id\":\"https:\\\/\\\/lasentinelle.dz\\\/index.php\\\/2025\\\/06\\\/08\\\/tous-ses-biens-et-personnels-transferes-a-la-wilaya-dalger-loref-officiellement-dissous\\\/#primaryimage\"},\"thumbnailUrl\":\"https:\\\/\\\/lasentinelle.dz\\\/wp-content\\\/uploads\\\/2025\\\/06\\\/ryadh-el-feth.jpg\",\"articleSection\":[\"Actualit\u00e9\"],\"inLanguage\":\"fr-FR\",\"potentialAction\":[{\"@type\":\"CommentAction\",\"name\":\"Comment\",\"target\":[\"https:\\\/\\\/lasentinelle.dz\\\/index.php\\\/2025\\\/06\\\/08\\\/tous-ses-biens-et-personnels-transferes-a-la-wilaya-dalger-loref-officiellement-dissous\\\/#respond\"]}]},{\"@type\":\"WebPage\",\"@id\":\"https:\\\/\\\/lasentinelle.dz\\\/index.php\\\/2025\\\/06\\\/08\\\/tous-ses-biens-et-personnels-transferes-a-la-wilaya-dalger-loref-officiellement-dissous\\\/\",\"url\":\"https:\\\/\\\/lasentinelle.dz\\\/index.php\\\/2025\\\/06\\\/08\\\/tous-ses-biens-et-personnels-transferes-a-la-wilaya-dalger-loref-officiellement-dissous\\\/\",\"name\":\"Tous ses biens et personnels transf\u00e9r\u00e9s \u00e0 la Wilaya d&rsquo;Alger: L&rsquo;OREF officiellement dissous - La Sentinelle\",\"isPartOf\":{\"@id\":\"https:\\\/\\\/lasentinelle.dz\\\/#website\"},\"primaryImageOfPage\":{\"@id\":\"https:\\\/\\\/lasentinelle.dz\\\/index.php\\\/2025\\\/06\\\/08\\\/tous-ses-biens-et-personnels-transferes-a-la-wilaya-dalger-loref-officiellement-dissous\\\/#primaryimage\"},\"image\":{\"@id\":\"https:\\\/\\\/lasentinelle.dz\\\/index.php\\\/2025\\\/06\\\/08\\\/tous-ses-biens-et-personnels-transferes-a-la-wilaya-dalger-loref-officiellement-dissous\\\/#primaryimage\"},\"thumbnailUrl\":\"https:\\\/\\\/lasentinelle.dz\\\/wp-content\\\/uploads\\\/2025\\\/06\\\/ryadh-el-feth.jpg\",\"datePublished\":\"2025-06-08T19:54:44+00:00\",\"breadcrumb\":{\"@id\":\"https:\\\/\\\/lasentinelle.dz\\\/index.php\\\/2025\\\/06\\\/08\\\/tous-ses-biens-et-personnels-transferes-a-la-wilaya-dalger-loref-officiellement-dissous\\\/#breadcrumb\"},\"inLanguage\":\"fr-FR\",\"potentialAction\":[{\"@type\":\"ReadAction\",\"target\":[\"https:\\\/\\\/lasentinelle.dz\\\/index.php\\\/2025\\\/06\\\/08\\\/tous-ses-biens-et-personnels-transferes-a-la-wilaya-dalger-loref-officiellement-dissous\\\/\"]}]},{\"@type\":\"ImageObject\",\"inLanguage\":\"fr-FR\",\"@id\":\"https:\\\/\\\/lasentinelle.dz\\\/index.php\\\/2025\\\/06\\\/08\\\/tous-ses-biens-et-personnels-transferes-a-la-wilaya-dalger-loref-officiellement-dissous\\\/#primaryimage\",\"url\":\"https:\\\/\\\/lasentinelle.dz\\\/wp-content\\\/uploads\\\/2025\\\/06\\\/ryadh-el-feth.jpg\",\"contentUrl\":\"https:\\\/\\\/lasentinelle.dz\\\/wp-content\\\/uploads\\\/2025\\\/06\\\/ryadh-el-feth.jpg\",\"width\":745,\"height\":470},{\"@type\":\"BreadcrumbList\",\"@id\":\"https:\\\/\\\/lasentinelle.dz\\\/index.php\\\/2025\\\/06\\\/08\\\/tous-ses-biens-et-personnels-transferes-a-la-wilaya-dalger-loref-officiellement-dissous\\\/#breadcrumb\",\"itemListElement\":[{\"@type\":\"ListItem\",\"position\":1,\"name\":\"Accueil\",\"item\":\"https:\\\/\\\/lasentinelle.dz\\\/\"},{\"@type\":\"ListItem\",\"position\":2,\"name\":\"Tous ses biens et personnels transf\u00e9r\u00e9s \u00e0 la Wilaya d&rsquo;Alger: L&rsquo;OREF officiellement dissous\"}]},{\"@type\":\"WebSite\",\"@id\":\"https:\\\/\\\/lasentinelle.dz\\\/#website\",\"url\":\"https:\\\/\\\/lasentinelle.dz\\\/\",\"name\":\"La Sentinelle\",\"description\":\"Quotidien national d&#039;information\",\"publisher\":{\"@id\":\"https:\\\/\\\/lasentinelle.dz\\\/#organization\"},\"potentialAction\":[{\"@type\":\"SearchAction\",\"target\":{\"@type\":\"EntryPoint\",\"urlTemplate\":\"https:\\\/\\\/lasentinelle.dz\\\/?s={search_term_string}\"},\"query-input\":{\"@type\":\"PropertyValueSpecification\",\"valueRequired\":true,\"valueName\":\"search_term_string\"}}],\"inLanguage\":\"fr-FR\"},{\"@type\":\"Organization\",\"@id\":\"https:\\\/\\\/lasentinelle.dz\\\/#organization\",\"name\":\"Quotidien La Sentinelle\",\"url\":\"https:\\\/\\\/lasentinelle.dz\\\/\",\"logo\":{\"@type\":\"ImageObject\",\"inLanguage\":\"fr-FR\",\"@id\":\"https:\\\/\\\/lasentinelle.dz\\\/#\\\/schema\\\/logo\\\/image\\\/\",\"url\":\"https:\\\/\\\/lasentinelle.dz\\\/wp-content\\\/uploads\\\/2021\\\/09\\\/logo-sentinelleSLOGAN-1.png\",\"contentUrl\":\"https:\\\/\\\/lasentinelle.dz\\\/wp-content\\\/uploads\\\/2021\\\/09\\\/logo-sentinelleSLOGAN-1.png\",\"width\":615,\"height\":142,\"caption\":\"Quotidien La Sentinelle\"},\"image\":{\"@id\":\"https:\\\/\\\/lasentinelle.dz\\\/#\\\/schema\\\/logo\\\/image\\\/\"},\"sameAs\":[\"https:\\\/\\\/www.facebook.com\\\/La-Sentinelle-104059864394773\"]},{\"@type\":\"Person\",\"@id\":\"https:\\\/\\\/lasentinelle.dz\\\/#\\\/schema\\\/person\\\/729ee0024f24e0b8c5ec17232f8e8b41\",\"name\":\"admin\",\"image\":{\"@type\":\"ImageObject\",\"inLanguage\":\"fr-FR\",\"@id\":\"https:\\\/\\\/secure.gravatar.com\\\/avatar\\\/4c81fed838786e9b53f540bf46533e750f5d292099ae3b66cfc6fb1982e29df7?s=96&d=mm&r=g\",\"url\":\"https:\\\/\\\/secure.gravatar.com\\\/avatar\\\/4c81fed838786e9b53f540bf46533e750f5d292099ae3b66cfc6fb1982e29df7?s=96&d=mm&r=g\",\"contentUrl\":\"https:\\\/\\\/secure.gravatar.com\\\/avatar\\\/4c81fed838786e9b53f540bf46533e750f5d292099ae3b66cfc6fb1982e29df7?s=96&d=mm&r=g\",\"caption\":\"admin\"},\"description\":\"admin\",\"url\":\"https:\\\/\\\/lasentinelle.dz\\\/author\\\/admin\\\/\"}]}<\/script>\n<!-- \/ Yoast SEO plugin. -->","yoast_head_json":{"title":"Tous ses biens et personnels transf\u00e9r\u00e9s \u00e0 la Wilaya d&rsquo;Alger: L&rsquo;OREF officiellement dissous - La Sentinelle","robots":{"index":"index","follow":"follow","max-snippet":"max-snippet:-1","max-image-preview":"max-image-preview:large","max-video-preview":"max-video-preview:-1"},"canonical":"https:\/\/lasentinelle.dz\/index.php\/2025\/06\/08\/tous-ses-biens-et-personnels-transferes-a-la-wilaya-dalger-loref-officiellement-dissous\/","og_locale":"fr_FR","og_type":"article","og_title":"Tous ses biens et personnels transf\u00e9r\u00e9s \u00e0 la Wilaya d&rsquo;Alger: L&rsquo;OREF officiellement dissous - La Sentinelle","og_description":"Cette d\u00e9cision majeure marque la fin d&rsquo;une institution qui g\u00e9rait depuis 1995 l&rsquo;un des espaces les plus embl\u00e9matiques de la","og_url":"https:\/\/lasentinelle.dz\/index.php\/2025\/06\/08\/tous-ses-biens-et-personnels-transferes-a-la-wilaya-dalger-loref-officiellement-dissous\/","og_site_name":"La Sentinelle","article_publisher":"https:\/\/www.facebook.com\/La-Sentinelle-104059864394773","article_published_time":"2025-06-08T19:54:44+00:00","og_image":[{"width":745,"height":470,"url":"https:\/\/lasentinelle.dz\/wp-content\/uploads\/2025\/06\/ryadh-el-feth.jpg","type":"image\/jpeg"}],"author":"admin","twitter_card":"summary_large_image","twitter_misc":{"\u00c9crit par":"admin","Dur\u00e9e de lecture estim\u00e9e":"4 minutes"},"schema":{"@context":"https:\/\/schema.org","@graph":[{"@type":"Article","@id":"https:\/\/lasentinelle.dz\/index.php\/2025\/06\/08\/tous-ses-biens-et-personnels-transferes-a-la-wilaya-dalger-loref-officiellement-dissous\/#article","isPartOf":{"@id":"https:\/\/lasentinelle.dz\/index.php\/2025\/06\/08\/tous-ses-biens-et-personnels-transferes-a-la-wilaya-dalger-loref-officiellement-dissous\/"},"author":{"name":"admin","@id":"https:\/\/lasentinelle.dz\/#\/schema\/person\/729ee0024f24e0b8c5ec17232f8e8b41"},"headline":"Tous ses biens et personnels transf\u00e9r\u00e9s \u00e0 la Wilaya d&rsquo;Alger: L&rsquo;OREF officiellement dissous","datePublished":"2025-06-08T19:54:44+00:00","mainEntityOfPage":{"@id":"https:\/\/lasentinelle.dz\/index.php\/2025\/06\/08\/tous-ses-biens-et-personnels-transferes-a-la-wilaya-dalger-loref-officiellement-dissous\/"},"wordCount":715,"commentCount":0,"publisher":{"@id":"https:\/\/lasentinelle.dz\/#organization"},"image":{"@id":"https:\/\/lasentinelle.dz\/index.php\/2025\/06\/08\/tous-ses-biens-et-personnels-transferes-a-la-wilaya-dalger-loref-officiellement-dissous\/#primaryimage"},"thumbnailUrl":"https:\/\/lasentinelle.dz\/wp-content\/uploads\/2025\/06\/ryadh-el-feth.jpg","articleSection":["Actualit\u00e9"],"inLanguage":"fr-FR","potentialAction":[{"@type":"CommentAction","name":"Comment","target":["https:\/\/lasentinelle.dz\/index.php\/2025\/06\/08\/tous-ses-biens-et-personnels-transferes-a-la-wilaya-dalger-loref-officiellement-dissous\/#respond"]}]},{"@type":"WebPage","@id":"https:\/\/lasentinelle.dz\/index.php\/2025\/06\/08\/tous-ses-biens-et-personnels-transferes-a-la-wilaya-dalger-loref-officiellement-dissous\/","url":"https:\/\/lasentinelle.dz\/index.php\/2025\/06\/08\/tous-ses-biens-et-personnels-transferes-a-la-wilaya-dalger-loref-officiellement-dissous\/","name":"Tous ses biens et personnels transf\u00e9r\u00e9s \u00e0 la Wilaya d&rsquo;Alger: L&rsquo;OREF officiellement dissous - La Sentinelle","isPartOf":{"@id":"https:\/\/lasentinelle.dz\/#website"},"primaryImageOfPage":{"@id":"https:\/\/lasentinelle.dz\/index.php\/2025\/06\/08\/tous-ses-biens-et-personnels-transferes-a-la-wilaya-dalger-loref-officiellement-dissous\/#primaryimage"},"image":{"@id":"https:\/\/lasentinelle.dz\/index.php\/2025\/06\/08\/tous-ses-biens-et-personnels-transferes-a-la-wilaya-dalger-loref-officiellement-dissous\/#primaryimage"},"thumbnailUrl":"https:\/\/lasentinelle.dz\/wp-content\/uploads\/2025\/06\/ryadh-el-feth.jpg","datePublished":"2025-06-08T19:54:44+00:00","breadcrumb":{"@id":"https:\/\/lasentinelle.dz\/index.php\/2025\/06\/08\/tous-ses-biens-et-personnels-transferes-a-la-wilaya-dalger-loref-officiellement-dissous\/#breadcrumb"},"inLanguage":"fr-FR","potentialAction":[{"@type":"ReadAction","target":["https:\/\/lasentinelle.dz\/index.php\/2025\/06\/08\/tous-ses-biens-et-personnels-transferes-a-la-wilaya-dalger-loref-officiellement-dissous\/"]}]},{"@type":"ImageObject","inLanguage":"fr-FR","@id":"https:\/\/lasentinelle.dz\/index.php\/2025\/06\/08\/tous-ses-biens-et-personnels-transferes-a-la-wilaya-dalger-loref-officiellement-dissous\/#primaryimage","url":"https:\/\/lasentinelle.dz\/wp-content\/uploads\/2025\/06\/ryadh-el-feth.jpg","contentUrl":"https:\/\/lasentinelle.dz\/wp-content\/uploads\/2025\/06\/ryadh-el-feth.jpg","width":745,"height":470},{"@type":"BreadcrumbList","@id":"https:\/\/lasentinelle.dz\/index.php\/2025\/06\/08\/tous-ses-biens-et-personnels-transferes-a-la-wilaya-dalger-loref-officiellement-dissous\/#breadcrumb","itemListElement":[{"@type":"ListItem","position":1,"name":"Accueil","item":"https:\/\/lasentinelle.dz\/"},{"@type":"ListItem","position":2,"name":"Tous ses biens et personnels transf\u00e9r\u00e9s \u00e0 la Wilaya d&rsquo;Alger: L&rsquo;OREF officiellement dissous"}]},{"@type":"WebSite","@id":"https:\/\/lasentinelle.dz\/#website","url":"https:\/\/lasentinelle.dz\/","name":"La Sentinelle","description":"Quotidien national d&#039;information","publisher":{"@id":"https:\/\/lasentinelle.dz\/#organization"},"potentialAction":[{"@type":"SearchAction","target":{"@type":"EntryPoint","urlTemplate":"https:\/\/lasentinelle.dz\/?s={search_term_string}"},"query-input":{"@type":"PropertyValueSpecification","valueRequired":true,"valueName":"search_term_string"}}],"inLanguage":"fr-FR"},{"@type":"Organization","@id":"https:\/\/lasentinelle.dz\/#organization","name":"Quotidien La Sentinelle","url":"https:\/\/lasentinelle.dz\/","logo":{"@type":"ImageObject","inLanguage":"fr-FR","@id":"https:\/\/lasentinelle.dz\/#\/schema\/logo\/image\/","url":"https:\/\/lasentinelle.dz\/wp-content\/uploads\/2021\/09\/logo-sentinelleSLOGAN-1.png","contentUrl":"https:\/\/lasentinelle.dz\/wp-content\/uploads\/2021\/09\/logo-sentinelleSLOGAN-1.png","width":615,"height":142,"caption":"Quotidien La Sentinelle"},"image":{"@id":"https:\/\/lasentinelle.dz\/#\/schema\/logo\/image\/"},"sameAs":["https:\/\/www.facebook.com\/La-Sentinelle-104059864394773"]},{"@type":"Person","@id":"https:\/\/lasentinelle.dz\/#\/schema\/person\/729ee0024f24e0b8c5ec17232f8e8b41","name":"admin","image":{"@type":"ImageObject","inLanguage":"fr-FR","@id":"https:\/\/secure.gravatar.com\/avatar\/4c81fed838786e9b53f540bf46533e750f5d292099ae3b66cfc6fb1982e29df7?s=96&d=mm&r=g","url":"https:\/\/secure.gravatar.com\/avatar\/4c81fed838786e9b53f540bf46533e750f5d292099ae3b66cfc6fb1982e29df7?s=96&d=mm&r=g","contentUrl":"https:\/\/secure.gravatar.com\/avatar\/4c81fed838786e9b53f540bf46533e750f5d292099ae3b66cfc6fb1982e29df7?s=96&d=mm&r=g","caption":"admin"},"description":"admin","url":"https:\/\/lasentinelle.dz\/author\/admin\/"}]}},"_links":{"self":[{"href":"https:\/\/lasentinelle.dz\/index.php\/wp-json\/wp\/v2\/posts\/68616","targetHints":{"allow":["GET"]}}],"collection":[{"href":"https:\/\/lasentinelle.dz\/index.php\/wp-json\/wp\/v2\/posts"}],"about":[{"href":"https:\/\/lasentinelle.dz\/index.php\/wp-json\/wp\/v2\/types\/post"}],"author":[{"embeddable":true,"href":"https:\/\/lasentinelle.dz\/index.php\/wp-json\/wp\/v2\/users\/6"}],"replies":[{"embeddable":true,"href":"https:\/\/lasentinelle.dz\/index.php\/wp-json\/wp\/v2\/comments?post=68616"}],"version-history":[{"count":2,"href":"https:\/\/lasentinelle.dz\/index.php\/wp-json\/wp\/v2\/posts\/68616\/revisions"}],"predecessor-version":[{"id":68619,"href":"https:\/\/lasentinelle.dz\/index.php\/wp-json\/wp\/v2\/posts\/68616\/revisions\/68619"}],"wp:featuredmedia":[{"embeddable":true,"href":"https:\/\/lasentinelle.dz\/index.php\/wp-json\/wp\/v2\/media\/68617"}],"wp:attachment":[{"href":"https:\/\/lasentinelle.dz\/index.php\/wp-json\/wp\/v2\/media?parent=68616"}],"wp:term":[{"taxonomy":"category","embeddable":true,"href":"https:\/\/lasentinelle.dz\/index.php\/wp-json\/wp\/v2\/categories?post=68616"},{"taxonomy":"post_tag","embeddable":true,"href":"https:\/\/lasentinelle.dz\/index.php\/wp-json\/wp\/v2\/tags?post=68616"}],"curies":[{"name":"wp","href":"https:\/\/api.w.org\/{rel}","templated":true}]}}