{"id":68620,"date":"2025-06-08T20:55:33","date_gmt":"2025-06-08T19:55:33","guid":{"rendered":"https:\/\/lasentinelle.dz\/?p=68620"},"modified":"2025-06-08T20:55:34","modified_gmt":"2025-06-08T19:55:34","slug":"approvisionnement-en-eau-potable-le-ministere-de-lhydraulique-se-prepare-aux-defis-de-lete","status":"publish","type":"post","link":"https:\/\/lasentinelle.dz\/index.php\/2025\/06\/08\/approvisionnement-en-eau-potable-le-ministere-de-lhydraulique-se-prepare-aux-defis-de-lete\/","title":{"rendered":"Approvisionnement en eau potable \u00a0: Le minist\u00e8re de l&rsquo;Hydraulique se pr\u00e9pare aux d\u00e9fis de l&rsquo;\u00e9t\u00e9"},"content":{"rendered":"\n<p>L&rsquo;approvisionnement en eau potable durant la saison estivale constitue un enjeu majeur, particuli\u00e8rement dans un contexte o\u00f9 les besoins en eau augmentent consid\u00e9rablement avec les fortes chaleurs et l&rsquo;accroissement de la demande. Face \u00e0 ces d\u00e9fis r\u00e9currents, le minist\u00e8re de l&rsquo;Hydraulique multiplie les initiatives pour garantir la continuit\u00e9 du service public et r\u00e9pondre aux attentes des citoyens sur l&rsquo;ensemble du territoire national. Le ministre de l&rsquo;Hydraulique, Taha Derbal, mobilis\u00e9 l&rsquo;ensemble des acteurs du secteur lors d&rsquo;une r\u00e9union de travail strat\u00e9gique organis\u00e9e au si\u00e8ge de la Direction g\u00e9n\u00e9rale de l&rsquo;Alg\u00e9rienne des Eaux (ADE). Cette rencontre, qui s&rsquo;est d\u00e9roul\u00e9e dimanche \u00e0 Alger, a r\u00e9uni les cadres du minist\u00e8re ainsi que les directeurs des 54 unit\u00e9s relevant de l&rsquo;ADE, de la Soci\u00e9t\u00e9 de l&rsquo;Eau et de l&rsquo;Assainissement d&rsquo;Oran (SEOR) et de la Soci\u00e9t\u00e9 de l&rsquo;eau et de l&rsquo;assainissement de Constantine (SEACO). L&rsquo;objectif principal \u00e9tait double : \u00e9valuer la distribution de l&rsquo;eau potable durant les jours de l&rsquo;A\u00efd El-Adha et finaliser les pr\u00e9paratifs pour la saison estivale qui approche.<\/p>\n\n\n\n<p>Durant cette s\u00e9ance de travail, le ministre a appel\u00e9 les cadres du secteur \u00e0 \u00ab\u00a0intensifier les efforts pour garantir un service public de qualit\u00e9 en mati\u00e8re d&rsquo;approvisionnement en eau potable durant la saison estivale \u00e0 travers l&rsquo;ensemble des wilayas\u00a0\u00bb. Les interventions par visioconf\u00e9rence des directeurs d&rsquo;unit\u00e9s ont permis de dresser un \u00e9tat des lieux pr\u00e9cis de la situation actuelle. Ces responsables ont pr\u00e9sent\u00e9 des rapports d&rsquo;\u00e9valuation d\u00e9taill\u00e9s sur l&rsquo;approvisionnement en eau ainsi qu&rsquo;un premier bilan du travail accompli dans leurs zones respectives.<\/p>\n\n\n\n<p>Le ministre Derbal a particuli\u00e8rement insist\u00e9 sur \u00ab\u00a0la n\u00e9cessit\u00e9 de poursuivre les efforts en vue de garantir un service public de qualit\u00e9, r\u00e9pondant aux aspirations des citoyens ainsi qu&rsquo;\u00e0 leurs besoins quotidiens\u00a0\u00bb. Cette orientation s&rsquo;inscrit dans une d\u00e9marche plus large de modernisation du secteur hydraulique et d&rsquo;am\u00e9lioration continue des prestations offertes aux usagers.<\/p>\n\n\n\n<p>L&rsquo;approche adopt\u00e9e par le minist\u00e8re ne se limite pas aux seuls aspects techniques. Le ministre a tenu \u00e0 saluer \u00ab\u00a0les efforts de l&rsquo;ensemble des cadres, travailleurs et \u00e9quipes d&rsquo;astreinte, qui ont contribu\u00e9 efficacement \u00e0 assurer la continuit\u00e9 de l&rsquo;approvisionnement de la population en eau\u00a0\u00bb.<\/p>\n\n\n\n<p>Parall\u00e8lement aux questions d&rsquo;approvisionnement en eau potable, le secteur hydraulique accorde \u00e9galement une attention particuli\u00e8re \u00e0 l&rsquo;assainissement. Le ministre de l&rsquo;Hydraulique a ainsi salu\u00e9 \u00ab\u00a0les efforts de terrain intensifs d\u00e9ploy\u00e9s au niveau des r\u00e9seaux d&rsquo;assainissement\u00a0\u00bb, notamment lors d&rsquo;une r\u00e9union organis\u00e9e au si\u00e8ge de la Direction g\u00e9n\u00e9rale de l&rsquo;Office National d&rsquo;Assainissement (ONA). Il a particuli\u00e8rement appr\u00e9ci\u00e9 \u00ab\u00a0les interventions d&rsquo;urgence r\u00e9alis\u00e9es pour d\u00e9boucher les blocages au niveau du r\u00e9seau d&rsquo;assainissement dans diff\u00e9rentes wilayas du pays durant les jours de l&rsquo;A\u00efd El-Adha\u00a0\u00bb.<\/p>\n\n\n\n<p>Cette r\u00e9union, qui s&rsquo;est tenue en pr\u00e9sence des cadres du minist\u00e8re et des repr\u00e9sentants de l&rsquo;ONA, ainsi que de 54 directeurs d&rsquo;unit\u00e9s repr\u00e9sentant les diff\u00e9rentes wilayas via visioconf\u00e9rence, s&rsquo;inscrivait dans le cadre d&rsquo;une \u00ab\u00a0\u00e9valuation globale du travail accompli durant les jours de f\u00eate\u00a0\u00bb. Le ministre a \u00e9cout\u00e9 des pr\u00e9sentations d\u00e9taill\u00e9es des directeurs d&rsquo;unit\u00e9s, incluant des rapports d&rsquo;\u00e9valuation sur le fonctionnement des services, particuli\u00e8rement les interventions d&rsquo;urgence visant \u00e0 traiter les blocages du r\u00e9seau d&rsquo;assainissement pour maintenir un environnement propre et sain pour les citoyens.<\/p>\n\n\n\n<p>Dans ce contexte, le ministre a exprim\u00e9 \u00ab\u00a0sa grande appr\u00e9ciation des efforts d\u00e9ploy\u00e9s, louant la qualit\u00e9 du travail de terrain accompli\u00a0\u00bb, tout en soulignant \u00ab\u00a0la n\u00e9cessit\u00e9 de maintenir le m\u00eame niveau de s\u00e9rieux et de disponibilit\u00e9, surtout avec l&rsquo;approche de la saison estivale qui conna\u00eet une pression croissante sur les r\u00e9seaux\u00a0\u00bb.<\/p>\n\n\n\n<p>Les pr\u00e9paratifs pour l&rsquo;\u00e9t\u00e9 2025 s&rsquo;articulent autour d&rsquo;une strat\u00e9gie globale visant \u00e0 anticiper les difficult\u00e9s et \u00e0 renforcer les capacit\u00e9s d&rsquo;intervention. Le ministre a appel\u00e9 \u00e0 \u00ab\u00a0poursuivre les efforts sur le terrain en vue de garantir un approvisionnement r\u00e9gulier en eau potable durant la saison estivale et de renforcer la performance du service public \u00e0 travers tout le territoire national\u00a0\u00bb. En conclusion de ces rencontres, le ministre Derbal a appel\u00e9 \u00e0 \u00ab\u00a0poursuivre le travail assidu et la coordination continue pour assurer la continuit\u00e9 du service public et am\u00e9liorer sa qualit\u00e9, en r\u00e9ponse aux aspirations des citoyens et en contribution \u00e0 la pr\u00e9servation de la sant\u00e9 publique\u00a0\u00bb. Cette vision globale illustre l&rsquo;engagement du secteur hydraulique \u00e0 placer le citoyen au c\u0153ur de ses pr\u00e9occupations et \u00e0 garantir un service public de qualit\u00e9, m\u00eame durant les p\u00e9riodes les plus exigeantes de l&rsquo;ann\u00e9e.<\/p>\n\n\n\n<p>Chokri Hafed<\/p>\n","protected":false},"excerpt":{"rendered":"<p>L&rsquo;approvisionnement en eau potable durant la saison estivale constitue un enjeu majeur, particuli\u00e8rement dans un contexte o\u00f9 les besoins en<\/p>\n","protected":false},"author":6,"featured_media":68163,"comment_status":"open","ping_status":"closed","sticky":false,"template":"","format":"standard","meta":{"colormag_page_container_layout":"default_layout","colormag_page_sidebar_layout":"default_layout","om_disable_all_campaigns":false,"_monsterinsights_skip_tracking":false,"_monsterinsights_sitenote_active":false,"_monsterinsights_sitenote_note":"","_monsterinsights_sitenote_category":0,"footnotes":"","_wpscppro_dont_share_socialmedia":false,"_wpscppro_custom_social_share_image":0,"_facebook_share_type":"default","_twitter_share_type":"default","_linkedin_share_type":"default","_pinterest_share_type":"default","_linkedin_share_type_page":"","_instagram_share_type":"default","_medium_share_type":"default","_threads_share_type":"","_google_business_share_type":"","_selected_social_profile":[],"_wpsp_enable_custom_social_template":false,"_wpsp_social_scheduling":{"enabled":false,"datetime":null,"platforms":[],"status":"template_only","dateOption":"today","timeOption":"now","customDays":"","customHours":"","customDate":"","customTime":"","schedulingType":"absolute"},"_wpsp_active_default_template":true},"categories":[27],"tags":[],"class_list":["post-68620","post","type-post","status-publish","format-standard","has-post-thumbnail","hentry","category-actualite"],"aioseo_notices":[],"yoast_head":"<!-- This site is optimized with the Yoast SEO plugin v27.5 - https:\/\/yoast.com\/product\/yoast-seo-wordpress\/ -->\n<title>Approvisionnement en eau potable \u00a0: Le minist\u00e8re de l&rsquo;Hydraulique se pr\u00e9pare aux d\u00e9fis de l&rsquo;\u00e9t\u00e9 - La Sentinelle<\/title>\n<meta name=\"robots\" content=\"index, follow, max-snippet:-1, max-image-preview:large, max-video-preview:-1\" \/>\n<link rel=\"canonical\" href=\"https:\/\/lasentinelle.dz\/index.php\/2025\/06\/08\/approvisionnement-en-eau-potable-le-ministere-de-lhydraulique-se-prepare-aux-defis-de-lete\/\" \/>\n<meta property=\"og:locale\" content=\"fr_FR\" \/>\n<meta property=\"og:type\" content=\"article\" \/>\n<meta property=\"og:title\" content=\"Approvisionnement en eau potable \u00a0: Le minist\u00e8re de l&rsquo;Hydraulique se pr\u00e9pare aux d\u00e9fis de l&rsquo;\u00e9t\u00e9 - La Sentinelle\" \/>\n<meta property=\"og:description\" content=\"L&rsquo;approvisionnement en eau potable durant la saison estivale constitue un enjeu majeur, particuli\u00e8rement dans un contexte o\u00f9 les besoins en\" \/>\n<meta property=\"og:url\" content=\"https:\/\/lasentinelle.dz\/index.php\/2025\/06\/08\/approvisionnement-en-eau-potable-le-ministere-de-lhydraulique-se-prepare-aux-defis-de-lete\/\" \/>\n<meta property=\"og:site_name\" content=\"La Sentinelle\" \/>\n<meta property=\"article:publisher\" content=\"https:\/\/www.facebook.com\/La-Sentinelle-104059864394773\" \/>\n<meta property=\"article:published_time\" content=\"2025-06-08T19:55:33+00:00\" \/>\n<meta property=\"article:modified_time\" content=\"2025-06-08T19:55:34+00:00\" \/>\n<meta property=\"og:image\" content=\"https:\/\/lasentinelle.dz\/wp-content\/uploads\/2025\/05\/eau.jpg\" \/>\n\t<meta property=\"og:image:width\" content=\"1000\" \/>\n\t<meta property=\"og:image:height\" content=\"667\" \/>\n\t<meta property=\"og:image:type\" content=\"image\/jpeg\" \/>\n<meta name=\"author\" content=\"admin\" \/>\n<meta name=\"twitter:card\" content=\"summary_large_image\" \/>\n<meta name=\"twitter:label1\" content=\"\u00c9crit par\" \/>\n\t<meta name=\"twitter:data1\" content=\"admin\" \/>\n\t<meta name=\"twitter:label2\" content=\"Dur\u00e9e de lecture estim\u00e9e\" \/>\n\t<meta name=\"twitter:data2\" content=\"4 minutes\" \/>\n<script type=\"application\/ld+json\" class=\"yoast-schema-graph\">{\"@context\":\"https:\\\/\\\/schema.org\",\"@graph\":[{\"@type\":\"Article\",\"@id\":\"https:\\\/\\\/lasentinelle.dz\\\/index.php\\\/2025\\\/06\\\/08\\\/approvisionnement-en-eau-potable-le-ministere-de-lhydraulique-se-prepare-aux-defis-de-lete\\\/#article\",\"isPartOf\":{\"@id\":\"https:\\\/\\\/lasentinelle.dz\\\/index.php\\\/2025\\\/06\\\/08\\\/approvisionnement-en-eau-potable-le-ministere-de-lhydraulique-se-prepare-aux-defis-de-lete\\\/\"},\"author\":{\"name\":\"admin\",\"@id\":\"https:\\\/\\\/lasentinelle.dz\\\/#\\\/schema\\\/person\\\/729ee0024f24e0b8c5ec17232f8e8b41\"},\"headline\":\"Approvisionnement en eau potable \u00a0: Le minist\u00e8re de l&rsquo;Hydraulique se pr\u00e9pare aux d\u00e9fis de l&rsquo;\u00e9t\u00e9\",\"datePublished\":\"2025-06-08T19:55:33+00:00\",\"dateModified\":\"2025-06-08T19:55:34+00:00\",\"mainEntityOfPage\":{\"@id\":\"https:\\\/\\\/lasentinelle.dz\\\/index.php\\\/2025\\\/06\\\/08\\\/approvisionnement-en-eau-potable-le-ministere-de-lhydraulique-se-prepare-aux-defis-de-lete\\\/\"},\"wordCount\":848,\"commentCount\":0,\"publisher\":{\"@id\":\"https:\\\/\\\/lasentinelle.dz\\\/#organization\"},\"image\":{\"@id\":\"https:\\\/\\\/lasentinelle.dz\\\/index.php\\\/2025\\\/06\\\/08\\\/approvisionnement-en-eau-potable-le-ministere-de-lhydraulique-se-prepare-aux-defis-de-lete\\\/#primaryimage\"},\"thumbnailUrl\":\"https:\\\/\\\/lasentinelle.dz\\\/wp-content\\\/uploads\\\/2025\\\/05\\\/eau.jpg\",\"articleSection\":[\"Actualit\u00e9\"],\"inLanguage\":\"fr-FR\",\"potentialAction\":[{\"@type\":\"CommentAction\",\"name\":\"Comment\",\"target\":[\"https:\\\/\\\/lasentinelle.dz\\\/index.php\\\/2025\\\/06\\\/08\\\/approvisionnement-en-eau-potable-le-ministere-de-lhydraulique-se-prepare-aux-defis-de-lete\\\/#respond\"]}]},{\"@type\":\"WebPage\",\"@id\":\"https:\\\/\\\/lasentinelle.dz\\\/index.php\\\/2025\\\/06\\\/08\\\/approvisionnement-en-eau-potable-le-ministere-de-lhydraulique-se-prepare-aux-defis-de-lete\\\/\",\"url\":\"https:\\\/\\\/lasentinelle.dz\\\/index.php\\\/2025\\\/06\\\/08\\\/approvisionnement-en-eau-potable-le-ministere-de-lhydraulique-se-prepare-aux-defis-de-lete\\\/\",\"name\":\"Approvisionnement en eau potable \u00a0: Le minist\u00e8re de l&rsquo;Hydraulique se pr\u00e9pare aux d\u00e9fis de l&rsquo;\u00e9t\u00e9 - La Sentinelle\",\"isPartOf\":{\"@id\":\"https:\\\/\\\/lasentinelle.dz\\\/#website\"},\"primaryImageOfPage\":{\"@id\":\"https:\\\/\\\/lasentinelle.dz\\\/index.php\\\/2025\\\/06\\\/08\\\/approvisionnement-en-eau-potable-le-ministere-de-lhydraulique-se-prepare-aux-defis-de-lete\\\/#primaryimage\"},\"image\":{\"@id\":\"https:\\\/\\\/lasentinelle.dz\\\/index.php\\\/2025\\\/06\\\/08\\\/approvisionnement-en-eau-potable-le-ministere-de-lhydraulique-se-prepare-aux-defis-de-lete\\\/#primaryimage\"},\"thumbnailUrl\":\"https:\\\/\\\/lasentinelle.dz\\\/wp-content\\\/uploads\\\/2025\\\/05\\\/eau.jpg\",\"datePublished\":\"2025-06-08T19:55:33+00:00\",\"dateModified\":\"2025-06-08T19:55:34+00:00\",\"breadcrumb\":{\"@id\":\"https:\\\/\\\/lasentinelle.dz\\\/index.php\\\/2025\\\/06\\\/08\\\/approvisionnement-en-eau-potable-le-ministere-de-lhydraulique-se-prepare-aux-defis-de-lete\\\/#breadcrumb\"},\"inLanguage\":\"fr-FR\",\"potentialAction\":[{\"@type\":\"ReadAction\",\"target\":[\"https:\\\/\\\/lasentinelle.dz\\\/index.php\\\/2025\\\/06\\\/08\\\/approvisionnement-en-eau-potable-le-ministere-de-lhydraulique-se-prepare-aux-defis-de-lete\\\/\"]}]},{\"@type\":\"ImageObject\",\"inLanguage\":\"fr-FR\",\"@id\":\"https:\\\/\\\/lasentinelle.dz\\\/index.php\\\/2025\\\/06\\\/08\\\/approvisionnement-en-eau-potable-le-ministere-de-lhydraulique-se-prepare-aux-defis-de-lete\\\/#primaryimage\",\"url\":\"https:\\\/\\\/lasentinelle.dz\\\/wp-content\\\/uploads\\\/2025\\\/05\\\/eau.jpg\",\"contentUrl\":\"https:\\\/\\\/lasentinelle.dz\\\/wp-content\\\/uploads\\\/2025\\\/05\\\/eau.jpg\",\"width\":1000,\"height\":667},{\"@type\":\"BreadcrumbList\",\"@id\":\"https:\\\/\\\/lasentinelle.dz\\\/index.php\\\/2025\\\/06\\\/08\\\/approvisionnement-en-eau-potable-le-ministere-de-lhydraulique-se-prepare-aux-defis-de-lete\\\/#breadcrumb\",\"itemListElement\":[{\"@type\":\"ListItem\",\"position\":1,\"name\":\"Accueil\",\"item\":\"https:\\\/\\\/lasentinelle.dz\\\/\"},{\"@type\":\"ListItem\",\"position\":2,\"name\":\"Approvisionnement en eau potable \u00a0: Le minist\u00e8re de l&rsquo;Hydraulique se pr\u00e9pare aux d\u00e9fis de l&rsquo;\u00e9t\u00e9\"}]},{\"@type\":\"WebSite\",\"@id\":\"https:\\\/\\\/lasentinelle.dz\\\/#website\",\"url\":\"https:\\\/\\\/lasentinelle.dz\\\/\",\"name\":\"La Sentinelle\",\"description\":\"Quotidien national d&#039;information\",\"publisher\":{\"@id\":\"https:\\\/\\\/lasentinelle.dz\\\/#organization\"},\"potentialAction\":[{\"@type\":\"SearchAction\",\"target\":{\"@type\":\"EntryPoint\",\"urlTemplate\":\"https:\\\/\\\/lasentinelle.dz\\\/?s={search_term_string}\"},\"query-input\":{\"@type\":\"PropertyValueSpecification\",\"valueRequired\":true,\"valueName\":\"search_term_string\"}}],\"inLanguage\":\"fr-FR\"},{\"@type\":\"Organization\",\"@id\":\"https:\\\/\\\/lasentinelle.dz\\\/#organization\",\"name\":\"Quotidien La Sentinelle\",\"url\":\"https:\\\/\\\/lasentinelle.dz\\\/\",\"logo\":{\"@type\":\"ImageObject\",\"inLanguage\":\"fr-FR\",\"@id\":\"https:\\\/\\\/lasentinelle.dz\\\/#\\\/schema\\\/logo\\\/image\\\/\",\"url\":\"https:\\\/\\\/lasentinelle.dz\\\/wp-content\\\/uploads\\\/2021\\\/09\\\/logo-sentinelleSLOGAN-1.png\",\"contentUrl\":\"https:\\\/\\\/lasentinelle.dz\\\/wp-content\\\/uploads\\\/2021\\\/09\\\/logo-sentinelleSLOGAN-1.png\",\"width\":615,\"height\":142,\"caption\":\"Quotidien La Sentinelle\"},\"image\":{\"@id\":\"https:\\\/\\\/lasentinelle.dz\\\/#\\\/schema\\\/logo\\\/image\\\/\"},\"sameAs\":[\"https:\\\/\\\/www.facebook.com\\\/La-Sentinelle-104059864394773\"]},{\"@type\":\"Person\",\"@id\":\"https:\\\/\\\/lasentinelle.dz\\\/#\\\/schema\\\/person\\\/729ee0024f24e0b8c5ec17232f8e8b41\",\"name\":\"admin\",\"image\":{\"@type\":\"ImageObject\",\"inLanguage\":\"fr-FR\",\"@id\":\"https:\\\/\\\/secure.gravatar.com\\\/avatar\\\/4c81fed838786e9b53f540bf46533e750f5d292099ae3b66cfc6fb1982e29df7?s=96&d=mm&r=g\",\"url\":\"https:\\\/\\\/secure.gravatar.com\\\/avatar\\\/4c81fed838786e9b53f540bf46533e750f5d292099ae3b66cfc6fb1982e29df7?s=96&d=mm&r=g\",\"contentUrl\":\"https:\\\/\\\/secure.gravatar.com\\\/avatar\\\/4c81fed838786e9b53f540bf46533e750f5d292099ae3b66cfc6fb1982e29df7?s=96&d=mm&r=g\",\"caption\":\"admin\"},\"description\":\"admin\",\"url\":\"https:\\\/\\\/lasentinelle.dz\\\/author\\\/admin\\\/\"}]}<\/script>\n<!-- \/ Yoast SEO plugin. -->","yoast_head_json":{"title":"Approvisionnement en eau potable \u00a0: Le minist\u00e8re de l&rsquo;Hydraulique se pr\u00e9pare aux d\u00e9fis de l&rsquo;\u00e9t\u00e9 - La Sentinelle","robots":{"index":"index","follow":"follow","max-snippet":"max-snippet:-1","max-image-preview":"max-image-preview:large","max-video-preview":"max-video-preview:-1"},"canonical":"https:\/\/lasentinelle.dz\/index.php\/2025\/06\/08\/approvisionnement-en-eau-potable-le-ministere-de-lhydraulique-se-prepare-aux-defis-de-lete\/","og_locale":"fr_FR","og_type":"article","og_title":"Approvisionnement en eau potable \u00a0: Le minist\u00e8re de l&rsquo;Hydraulique se pr\u00e9pare aux d\u00e9fis de l&rsquo;\u00e9t\u00e9 - La Sentinelle","og_description":"L&rsquo;approvisionnement en eau potable durant la saison estivale constitue un enjeu majeur, particuli\u00e8rement dans un contexte o\u00f9 les besoins en","og_url":"https:\/\/lasentinelle.dz\/index.php\/2025\/06\/08\/approvisionnement-en-eau-potable-le-ministere-de-lhydraulique-se-prepare-aux-defis-de-lete\/","og_site_name":"La Sentinelle","article_publisher":"https:\/\/www.facebook.com\/La-Sentinelle-104059864394773","article_published_time":"2025-06-08T19:55:33+00:00","article_modified_time":"2025-06-08T19:55:34+00:00","og_image":[{"width":1000,"height":667,"url":"https:\/\/lasentinelle.dz\/wp-content\/uploads\/2025\/05\/eau.jpg","type":"image\/jpeg"}],"author":"admin","twitter_card":"summary_large_image","twitter_misc":{"\u00c9crit par":"admin","Dur\u00e9e de lecture estim\u00e9e":"4 minutes"},"schema":{"@context":"https:\/\/schema.org","@graph":[{"@type":"Article","@id":"https:\/\/lasentinelle.dz\/index.php\/2025\/06\/08\/approvisionnement-en-eau-potable-le-ministere-de-lhydraulique-se-prepare-aux-defis-de-lete\/#article","isPartOf":{"@id":"https:\/\/lasentinelle.dz\/index.php\/2025\/06\/08\/approvisionnement-en-eau-potable-le-ministere-de-lhydraulique-se-prepare-aux-defis-de-lete\/"},"author":{"name":"admin","@id":"https:\/\/lasentinelle.dz\/#\/schema\/person\/729ee0024f24e0b8c5ec17232f8e8b41"},"headline":"Approvisionnement en eau potable \u00a0: Le minist\u00e8re de l&rsquo;Hydraulique se pr\u00e9pare aux d\u00e9fis de l&rsquo;\u00e9t\u00e9","datePublished":"2025-06-08T19:55:33+00:00","dateModified":"2025-06-08T19:55:34+00:00","mainEntityOfPage":{"@id":"https:\/\/lasentinelle.dz\/index.php\/2025\/06\/08\/approvisionnement-en-eau-potable-le-ministere-de-lhydraulique-se-prepare-aux-defis-de-lete\/"},"wordCount":848,"commentCount":0,"publisher":{"@id":"https:\/\/lasentinelle.dz\/#organization"},"image":{"@id":"https:\/\/lasentinelle.dz\/index.php\/2025\/06\/08\/approvisionnement-en-eau-potable-le-ministere-de-lhydraulique-se-prepare-aux-defis-de-lete\/#primaryimage"},"thumbnailUrl":"https:\/\/lasentinelle.dz\/wp-content\/uploads\/2025\/05\/eau.jpg","articleSection":["Actualit\u00e9"],"inLanguage":"fr-FR","potentialAction":[{"@type":"CommentAction","name":"Comment","target":["https:\/\/lasentinelle.dz\/index.php\/2025\/06\/08\/approvisionnement-en-eau-potable-le-ministere-de-lhydraulique-se-prepare-aux-defis-de-lete\/#respond"]}]},{"@type":"WebPage","@id":"https:\/\/lasentinelle.dz\/index.php\/2025\/06\/08\/approvisionnement-en-eau-potable-le-ministere-de-lhydraulique-se-prepare-aux-defis-de-lete\/","url":"https:\/\/lasentinelle.dz\/index.php\/2025\/06\/08\/approvisionnement-en-eau-potable-le-ministere-de-lhydraulique-se-prepare-aux-defis-de-lete\/","name":"Approvisionnement en eau potable \u00a0: Le minist\u00e8re de l&rsquo;Hydraulique se pr\u00e9pare aux d\u00e9fis de l&rsquo;\u00e9t\u00e9 - La Sentinelle","isPartOf":{"@id":"https:\/\/lasentinelle.dz\/#website"},"primaryImageOfPage":{"@id":"https:\/\/lasentinelle.dz\/index.php\/2025\/06\/08\/approvisionnement-en-eau-potable-le-ministere-de-lhydraulique-se-prepare-aux-defis-de-lete\/#primaryimage"},"image":{"@id":"https:\/\/lasentinelle.dz\/index.php\/2025\/06\/08\/approvisionnement-en-eau-potable-le-ministere-de-lhydraulique-se-prepare-aux-defis-de-lete\/#primaryimage"},"thumbnailUrl":"https:\/\/lasentinelle.dz\/wp-content\/uploads\/2025\/05\/eau.jpg","datePublished":"2025-06-08T19:55:33+00:00","dateModified":"2025-06-08T19:55:34+00:00","breadcrumb":{"@id":"https:\/\/lasentinelle.dz\/index.php\/2025\/06\/08\/approvisionnement-en-eau-potable-le-ministere-de-lhydraulique-se-prepare-aux-defis-de-lete\/#breadcrumb"},"inLanguage":"fr-FR","potentialAction":[{"@type":"ReadAction","target":["https:\/\/lasentinelle.dz\/index.php\/2025\/06\/08\/approvisionnement-en-eau-potable-le-ministere-de-lhydraulique-se-prepare-aux-defis-de-lete\/"]}]},{"@type":"ImageObject","inLanguage":"fr-FR","@id":"https:\/\/lasentinelle.dz\/index.php\/2025\/06\/08\/approvisionnement-en-eau-potable-le-ministere-de-lhydraulique-se-prepare-aux-defis-de-lete\/#primaryimage","url":"https:\/\/lasentinelle.dz\/wp-content\/uploads\/2025\/05\/eau.jpg","contentUrl":"https:\/\/lasentinelle.dz\/wp-content\/uploads\/2025\/05\/eau.jpg","width":1000,"height":667},{"@type":"BreadcrumbList","@id":"https:\/\/lasentinelle.dz\/index.php\/2025\/06\/08\/approvisionnement-en-eau-potable-le-ministere-de-lhydraulique-se-prepare-aux-defis-de-lete\/#breadcrumb","itemListElement":[{"@type":"ListItem","position":1,"name":"Accueil","item":"https:\/\/lasentinelle.dz\/"},{"@type":"ListItem","position":2,"name":"Approvisionnement en eau potable \u00a0: Le minist\u00e8re de l&rsquo;Hydraulique se pr\u00e9pare aux d\u00e9fis de l&rsquo;\u00e9t\u00e9"}]},{"@type":"WebSite","@id":"https:\/\/lasentinelle.dz\/#website","url":"https:\/\/lasentinelle.dz\/","name":"La Sentinelle","description":"Quotidien national d&#039;information","publisher":{"@id":"https:\/\/lasentinelle.dz\/#organization"},"potentialAction":[{"@type":"SearchAction","target":{"@type":"EntryPoint","urlTemplate":"https:\/\/lasentinelle.dz\/?s={search_term_string}"},"query-input":{"@type":"PropertyValueSpecification","valueRequired":true,"valueName":"search_term_string"}}],"inLanguage":"fr-FR"},{"@type":"Organization","@id":"https:\/\/lasentinelle.dz\/#organization","name":"Quotidien La Sentinelle","url":"https:\/\/lasentinelle.dz\/","logo":{"@type":"ImageObject","inLanguage":"fr-FR","@id":"https:\/\/lasentinelle.dz\/#\/schema\/logo\/image\/","url":"https:\/\/lasentinelle.dz\/wp-content\/uploads\/2021\/09\/logo-sentinelleSLOGAN-1.png","contentUrl":"https:\/\/lasentinelle.dz\/wp-content\/uploads\/2021\/09\/logo-sentinelleSLOGAN-1.png","width":615,"height":142,"caption":"Quotidien La Sentinelle"},"image":{"@id":"https:\/\/lasentinelle.dz\/#\/schema\/logo\/image\/"},"sameAs":["https:\/\/www.facebook.com\/La-Sentinelle-104059864394773"]},{"@type":"Person","@id":"https:\/\/lasentinelle.dz\/#\/schema\/person\/729ee0024f24e0b8c5ec17232f8e8b41","name":"admin","image":{"@type":"ImageObject","inLanguage":"fr-FR","@id":"https:\/\/secure.gravatar.com\/avatar\/4c81fed838786e9b53f540bf46533e750f5d292099ae3b66cfc6fb1982e29df7?s=96&d=mm&r=g","url":"https:\/\/secure.gravatar.com\/avatar\/4c81fed838786e9b53f540bf46533e750f5d292099ae3b66cfc6fb1982e29df7?s=96&d=mm&r=g","contentUrl":"https:\/\/secure.gravatar.com\/avatar\/4c81fed838786e9b53f540bf46533e750f5d292099ae3b66cfc6fb1982e29df7?s=96&d=mm&r=g","caption":"admin"},"description":"admin","url":"https:\/\/lasentinelle.dz\/author\/admin\/"}]}},"_links":{"self":[{"href":"https:\/\/lasentinelle.dz\/index.php\/wp-json\/wp\/v2\/posts\/68620","targetHints":{"allow":["GET"]}}],"collection":[{"href":"https:\/\/lasentinelle.dz\/index.php\/wp-json\/wp\/v2\/posts"}],"about":[{"href":"https:\/\/lasentinelle.dz\/index.php\/wp-json\/wp\/v2\/types\/post"}],"author":[{"embeddable":true,"href":"https:\/\/lasentinelle.dz\/index.php\/wp-json\/wp\/v2\/users\/6"}],"replies":[{"embeddable":true,"href":"https:\/\/lasentinelle.dz\/index.php\/wp-json\/wp\/v2\/comments?post=68620"}],"version-history":[{"count":2,"href":"https:\/\/lasentinelle.dz\/index.php\/wp-json\/wp\/v2\/posts\/68620\/revisions"}],"predecessor-version":[{"id":68622,"href":"https:\/\/lasentinelle.dz\/index.php\/wp-json\/wp\/v2\/posts\/68620\/revisions\/68622"}],"wp:featuredmedia":[{"embeddable":true,"href":"https:\/\/lasentinelle.dz\/index.php\/wp-json\/wp\/v2\/media\/68163"}],"wp:attachment":[{"href":"https:\/\/lasentinelle.dz\/index.php\/wp-json\/wp\/v2\/media?parent=68620"}],"wp:term":[{"taxonomy":"category","embeddable":true,"href":"https:\/\/lasentinelle.dz\/index.php\/wp-json\/wp\/v2\/categories?post=68620"},{"taxonomy":"post_tag","embeddable":true,"href":"https:\/\/lasentinelle.dz\/index.php\/wp-json\/wp\/v2\/tags?post=68620"}],"curies":[{"name":"wp","href":"https:\/\/api.w.org\/{rel}","templated":true}]}}